{"id":203941,"date":"2023-03-15T10:30:00","date_gmt":"2023-03-15T10:30:00","guid":{"rendered":"https:\/\/www.webdo.tn\/fr\/blog\/a-500-jours-des-jo-de-paris-la-tunisie-participe-au-relais-autour-du-monde\/203941\/"},"modified":"2025-05-20T22:08:04","modified_gmt":"2025-05-20T22:08:04","slug":"a-500-jours-des-jo-de-paris-la-tunisie-participe-au-relais-autour-du-monde","status":"publish","type":"post","link":"https:\/\/www.webdo.tn\/fr\/actualite\/sport\/a-500-jours-des-jo-de-paris-la-tunisie-participe-au-relais-autour-du-monde\/203941\/","title":{"rendered":"A 500 jours des JO de Paris, la Tunisie participe au \u00ab\u00a0Relais autour du monde\u00a0\u00bb"},"content":{"rendered":"<p>Mardi 14 mars 2023, pour marquer les 500 jours du d\u00e9but des Jeux Olympiques de Paris 2024, l\u2019Ambassade de France en Tunisie &#8211; labellis\u00e9e \u00ab\u00a0Terre de Jeux 2024\u00a0\u00bb &#8211; a mobilis\u00e9 les jeunes des lyc\u00e9es \u00e0 programme fran\u00e7ais et les jeunes espoirs sportifs tunisiens pour participer au \u00ab\u00a0Relais autour du monde\u00a0\u00bb.<\/p>\n<p>\t\t\t\t\t\t\t\t\tCe relais sportif de 24 heures traverse 116 pays et territoires sur les cinq continents, l\u2019ensemble des fuseaux horaires de la plan\u00e8te. Il s\u2019agit d\u2019un \u00e9v\u00e9nement sans pr\u00e9c\u00e9dent qui d\u00e9montre la capacit\u00e9 unique du sport \u00e0 rassembler gr\u00e2ce \u00e0 l\u2019\u00e9nergie des Jeux olympiques et paralympiques.<\/p>\n<p>Un relais de natation avec Oussama Mellouli<\/p>\n<p>A 9h du matin, apr\u00e8s avoir re\u00e7u le t\u00e9moin du relais depuis la Lettonie, l\u2019Ambassade de France en Tunisie a organis\u00e9, en partenariat avec le groupe scolaire Ren\u00e9 Descartes de Tunis, un\u00a0 triathlon multi-g\u00e9n\u00e9rationnel : course cycliste avec les maternelles, course \u00e0 pied avec les \u00e9l\u00e8ves du primaire, puis un relais de natation avec l\u2019\u00e9quipe tunisienne espoirs et le triple champion olympique Oussama Mellouli.<\/p>\n<p>En parall\u00e8le, au Lyc\u00e9e sportif Pierre de Coubertin d\u2019El Menzah, en partenariat avec le comit\u00e9 national olympique tunisien (CNOT), les espoirs olympiques tunisiens r\u00e9alisaient une performance sportive combinant sports de combat, escrime et gymnastique pour marquer leur totale mobilisation, \u00e0 500 jours des Jeux Olympiques de Paris.<\/p>\n<p>La Tunisie a pass\u00e9 le relais au Portugal<\/p>\n<p>Enfin, pendant toute la journ\u00e9e, \u00e0 travers toute la Tunisie (Bizerte, Djerba, Sfax, Sousse, Nabeul, Kairouan, Tunis\u2026), pr\u00e8s de 18 000 \u00e9l\u00e8ves, enseignants et cadres des 21 \u00e9tablissements scolaires homologu\u00e9s par l\u2019Agence pour l\u2019enseignement fran\u00e7ais \u00e0 l\u2019\u00e9tranger (AEFE) ont particip\u00e9 \u00e0 des \u00e9v\u00e9nements sportifs autour du sport et des valeurs de l\u2019olympisme.<\/p>\n<p>La ministre-conseill\u00e8re de l\u2019Ambassade de France en Tunisie, Madame Fat\u00e8ne Benhabyl\u00e8s-Foeth, s\u2019est f\u00e9licit\u00e9e de ce succ\u00e8s : \u00ab Je me r\u00e9jouis de la tr\u00e8s large mobilisation du r\u00e9seau scolaire \u00e0 programme fran\u00e7ais et du lien que nous avons pu consolider entre la France et la Tunisie autour du sport et de ses valeurs, \u00e0 500 jours de Paris 2024 \u00bb.<\/p>\n<p>Pour le champion olympique Oussama Mellouli, cet \u00e9v\u00e9nement a montr\u00e9 que le sport \u00e9tait porteur de plusieurs valeurs, en particulier l\u2019amiti\u00e9 et le partage : \u00ab Je pense que Paris 2024 sera une superbe f\u00eate \u00bb.<\/p>\n","protected":false},"excerpt":{"rendered":"<p>Pour marquer les 500 jours du d\u00e9but des Jeux Olympiques de Paris 2024, l\u2019Ambassade de France en Tunisie a mobilis\u00e9 les jeunes des lyc\u00e9es \u00e0 programme fran\u00e7ais et&#8230;<\/p>\n","protected":false},"author":3162,"featured_media":277905,"comment_status":"open","ping_status":"closed","sticky":false,"template":"","format":"standard","meta":{"footnotes":""},"categories":[2593],"tags":[9387,6106,5270,9388],"class_list":["post-203941","post","type-post","status-publish","format-standard","has-post-thumbnail","hentry","category-sport","tag-ambassade-de-france-en-tunisie","tag-jo","tag-paris","tag-relais-autour-du-monde"],"yoast_head":"<!-- This site is optimized with the Yoast SEO Premium plugin v27.5 (Yoast SEO v27.5) - https:\/\/yoast.com\/product\/yoast-seo-premium-wordpress\/ -->\n<title>A 500 jours des JO de Paris, la Tunisie participe au Relais autour du monde<\/title>\n<meta name=\"description\" content=\"Pour marquer les 500 jours du d\u00e9but des Jeux Olympiques de Paris 2024, l\u2019Ambassade de France en Tunisie a mobilis\u00e9 les jeunes des lyc\u00e9es \u00e0 programme fran\u00e7ais et...\" \/>\n<link rel=\"canonical\" href=\"https:\/\/www.webdo.tn\/fr\/actualite\/sport\/a-500-jours-des-jo-de-paris-la-tunisie-participe-au-relais-autour-du-monde\/203941\/\" \/>\n<meta property=\"og:locale\" content=\"fr_FR\" \/>\n<meta property=\"og:type\" content=\"article\" \/>\n<meta property=\"og:title\" content=\"A 500 jours des JO de Paris, la Tunisie participe au &quot;Relais autour du monde&quot;\" \/>\n<meta property=\"og:description\" content=\"Pour marquer les 500 jours du d\u00e9but des Jeux Olympiques de Paris 2024, l\u2019Ambassade de France en Tunisie a mobilis\u00e9 les jeunes des lyc\u00e9es \u00e0 programme fran\u00e7ais et...\" \/>\n<meta property=\"og:url\" content=\"https:\/\/www.webdo.tn\/fr\/actualite\/sport\/a-500-jours-des-jo-de-paris-la-tunisie-participe-au-relais-autour-du-monde\/203941\/\" \/>\n<meta property=\"og:site_name\" content=\"webdo\" \/>\n<meta property=\"article:publisher\" content=\"https:\/\/www.facebook.com\/webdotn\" \/>\n<meta property=\"article:published_time\" content=\"2023-03-15T10:30:00+00:00\" \/>\n<meta property=\"article:modified_time\" content=\"2025-05-20T22:08:04+00:00\" \/>\n<meta property=\"og:image\" content=\"https:\/\/www.webdo.tn\/fr\/wp-content\/uploads\/2023\/03\/ba7aab41d75b0812845ab73489d163cd.jpg\" \/>\n\t<meta property=\"og:image:width\" content=\"697\" \/>\n\t<meta property=\"og:image:height\" content=\"372\" \/>\n\t<meta property=\"og:image:type\" content=\"image\/jpeg\" \/>\n<meta name=\"author\" content=\"MC\" \/>\n<meta name=\"twitter:card\" content=\"summary_large_image\" \/>\n<meta name=\"twitter:creator\" content=\"@webdo_tn\" \/>\n<meta name=\"twitter:site\" content=\"@webdo_tn\" \/>\n<meta name=\"twitter:label1\" content=\"\u00c9crit par\" \/>\n\t<meta name=\"twitter:data1\" content=\"MC\" \/>\n\t<meta name=\"twitter:label2\" content=\"Dur\u00e9e de lecture estim\u00e9e\" \/>\n\t<meta name=\"twitter:data2\" content=\"2 minutes\" \/>\n<script type=\"application\/ld+json\" class=\"yoast-schema-graph\">{\"@context\":\"https:\\\/\\\/schema.org\",\"@graph\":[{\"@type\":\"NewsArticle\",\"@id\":\"https:\\\/\\\/www.webdo.tn\\\/fr\\\/actualite\\\/sport\\\/a-500-jours-des-jo-de-paris-la-tunisie-participe-au-relais-autour-du-monde\\\/203941\\\/#article\",\"isPartOf\":{\"@id\":\"https:\\\/\\\/www.webdo.tn\\\/fr\\\/actualite\\\/sport\\\/a-500-jours-des-jo-de-paris-la-tunisie-participe-au-relais-autour-du-monde\\\/203941\\\/\"},\"author\":{\"name\":\"MC\",\"@id\":\"https:\\\/\\\/www.webdo.tn\\\/fr\\\/#\\\/schema\\\/person\\\/2c4929cbf5a809e3bd38617c6ce150f6\"},\"headline\":\"A 500 jours des JO de Paris, la Tunisie participe au \u00ab\u00a0Relais autour du monde\u00a0\u00bb\",\"datePublished\":\"2023-03-15T10:30:00+00:00\",\"dateModified\":\"2025-05-20T22:08:04+00:00\",\"mainEntityOfPage\":{\"@id\":\"https:\\\/\\\/www.webdo.tn\\\/fr\\\/actualite\\\/sport\\\/a-500-jours-des-jo-de-paris-la-tunisie-participe-au-relais-autour-du-monde\\\/203941\\\/\"},\"wordCount\":405,\"commentCount\":0,\"publisher\":{\"@id\":\"https:\\\/\\\/www.webdo.tn\\\/fr\\\/#organization\"},\"image\":{\"@id\":\"https:\\\/\\\/www.webdo.tn\\\/fr\\\/actualite\\\/sport\\\/a-500-jours-des-jo-de-paris-la-tunisie-participe-au-relais-autour-du-monde\\\/203941\\\/#primaryimage\"},\"thumbnailUrl\":\"https:\\\/\\\/www.webdo.tn\\\/fr\\\/wp-content\\\/uploads\\\/2023\\\/03\\\/ba7aab41d75b0812845ab73489d163cd.jpg\",\"keywords\":[\"ambassade de france en tunisie\",\"JO\",\"Paris\",\"Relais autour du monde\"],\"articleSection\":[\"Sport\"],\"inLanguage\":\"fr-FR\"},{\"@type\":\"WebPage\",\"@id\":\"https:\\\/\\\/www.webdo.tn\\\/fr\\\/actualite\\\/sport\\\/a-500-jours-des-jo-de-paris-la-tunisie-participe-au-relais-autour-du-monde\\\/203941\\\/\",\"url\":\"https:\\\/\\\/www.webdo.tn\\\/fr\\\/actualite\\\/sport\\\/a-500-jours-des-jo-de-paris-la-tunisie-participe-au-relais-autour-du-monde\\\/203941\\\/\",\"name\":\"A 500 jours des JO de Paris, la Tunisie participe au Relais autour du monde\",\"isPartOf\":{\"@id\":\"https:\\\/\\\/www.webdo.tn\\\/fr\\\/#website\"},\"primaryImageOfPage\":{\"@id\":\"https:\\\/\\\/www.webdo.tn\\\/fr\\\/actualite\\\/sport\\\/a-500-jours-des-jo-de-paris-la-tunisie-participe-au-relais-autour-du-monde\\\/203941\\\/#primaryimage\"},\"image\":{\"@id\":\"https:\\\/\\\/www.webdo.tn\\\/fr\\\/actualite\\\/sport\\\/a-500-jours-des-jo-de-paris-la-tunisie-participe-au-relais-autour-du-monde\\\/203941\\\/#primaryimage\"},\"thumbnailUrl\":\"https:\\\/\\\/www.webdo.tn\\\/fr\\\/wp-content\\\/uploads\\\/2023\\\/03\\\/ba7aab41d75b0812845ab73489d163cd.jpg\",\"datePublished\":\"2023-03-15T10:30:00+00:00\",\"dateModified\":\"2025-05-20T22:08:04+00:00\",\"description\":\"Pour marquer les 500 jours du d\u00e9but des Jeux Olympiques de Paris 2024, l\u2019Ambassade de France en Tunisie a mobilis\u00e9 les jeunes des lyc\u00e9es \u00e0 programme fran\u00e7ais et...\",\"breadcrumb\":{\"@id\":\"https:\\\/\\\/www.webdo.tn\\\/fr\\\/actualite\\\/sport\\\/a-500-jours-des-jo-de-paris-la-tunisie-participe-au-relais-autour-du-monde\\\/203941\\\/#breadcrumb\"},\"inLanguage\":\"fr-FR\",\"potentialAction\":[{\"@type\":\"ReadAction\",\"target\":[\"https:\\\/\\\/www.webdo.tn\\\/fr\\\/actualite\\\/sport\\\/a-500-jours-des-jo-de-paris-la-tunisie-participe-au-relais-autour-du-monde\\\/203941\\\/\"]}]},{\"@type\":\"ImageObject\",\"inLanguage\":\"fr-FR\",\"@id\":\"https:\\\/\\\/www.webdo.tn\\\/fr\\\/actualite\\\/sport\\\/a-500-jours-des-jo-de-paris-la-tunisie-participe-au-relais-autour-du-monde\\\/203941\\\/#primaryimage\",\"url\":\"https:\\\/\\\/www.webdo.tn\\\/fr\\\/wp-content\\\/uploads\\\/2023\\\/03\\\/ba7aab41d75b0812845ab73489d163cd.jpg\",\"contentUrl\":\"https:\\\/\\\/www.webdo.tn\\\/fr\\\/wp-content\\\/uploads\\\/2023\\\/03\\\/ba7aab41d75b0812845ab73489d163cd.jpg\",\"width\":697,\"height\":372,\"caption\":\"A 500 jours des JO de Paris, la Tunisie participe au \\\"Relais autour du monde\\\"\"},{\"@type\":\"BreadcrumbList\",\"@id\":\"https:\\\/\\\/www.webdo.tn\\\/fr\\\/actualite\\\/sport\\\/a-500-jours-des-jo-de-paris-la-tunisie-participe-au-relais-autour-du-monde\\\/203941\\\/#breadcrumb\",\"itemListElement\":[{\"@type\":\"ListItem\",\"position\":1,\"name\":\"Accueil\",\"item\":\"https:\\\/\\\/www.webdo.tn\\\/fr\\\/\"},{\"@type\":\"ListItem\",\"position\":2,\"name\":\"A 500 jours des JO de Paris, la Tunisie participe au \u00ab\u00a0Relais autour du monde\u00a0\u00bb\"}]},{\"@type\":\"WebSite\",\"@id\":\"https:\\\/\\\/www.webdo.tn\\\/fr\\\/#website\",\"url\":\"https:\\\/\\\/www.webdo.tn\\\/fr\\\/\",\"name\":\"webdo\",\"description\":\"Tunisie - News en Tunisie et \u00e0 l&#039;international sur Webdo.tn\",\"publisher\":{\"@id\":\"https:\\\/\\\/www.webdo.tn\\\/fr\\\/#organization\"},\"potentialAction\":[{\"@type\":\"SearchAction\",\"target\":{\"@type\":\"EntryPoint\",\"urlTemplate\":\"https:\\\/\\\/www.webdo.tn\\\/fr\\\/?s={search_term_string}\"},\"query-input\":{\"@type\":\"PropertyValueSpecification\",\"valueRequired\":true,\"valueName\":\"search_term_string\"}}],\"inLanguage\":\"fr-FR\"},{\"@type\":\"Organization\",\"@id\":\"https:\\\/\\\/www.webdo.tn\\\/fr\\\/#organization\",\"name\":\"Webdo\",\"alternateName\":\"Webdo.tn\",\"url\":\"https:\\\/\\\/www.webdo.tn\\\/fr\\\/\",\"logo\":{\"@type\":\"ImageObject\",\"inLanguage\":\"fr-FR\",\"@id\":\"https:\\\/\\\/www.webdo.tn\\\/fr\\\/#\\\/schema\\\/logo\\\/image\\\/\",\"url\":\"https:\\\/\\\/www.webdo.tn\\\/fr\\\/wp-content\\\/uploads\\\/2025\\\/06\\\/Webdo-Tunisie_168377.jpg\",\"contentUrl\":\"https:\\\/\\\/www.webdo.tn\\\/fr\\\/wp-content\\\/uploads\\\/2025\\\/06\\\/Webdo-Tunisie_168377.jpg\",\"width\":301,\"height\":301,\"caption\":\"Webdo\"},\"image\":{\"@id\":\"https:\\\/\\\/www.webdo.tn\\\/fr\\\/#\\\/schema\\\/logo\\\/image\\\/\"},\"sameAs\":[\"https:\\\/\\\/www.facebook.com\\\/webdotn\",\"https:\\\/\\\/x.com\\\/webdo_tn\"],\"description\":\"Webdo est un m\u00e9dia num\u00e9rique tunisien fond\u00e9 en 2010, sp\u00e9cialis\u00e9 dans l\u2019actualit\u00e9 nationale et internationale, l\u2019\u00e9conomie, la soci\u00e9t\u00e9 et les analyses politiques. Le site s\u2019adresse \u00e0 un large public francophone et couvre l\u2019information tunisienne en temps r\u00e9el.\",\"email\":\"redac@webdo.tn\",\"legalName\":\"YNJ SARL\",\"foundingDate\":\"2010-09-06\",\"numberOfEmployees\":{\"@type\":\"QuantitativeValue\",\"minValue\":\"11\",\"maxValue\":\"50\"}},{\"@type\":\"Person\",\"@id\":\"https:\\\/\\\/www.webdo.tn\\\/fr\\\/#\\\/schema\\\/person\\\/2c4929cbf5a809e3bd38617c6ce150f6\",\"name\":\"MC\",\"image\":{\"@type\":\"ImageObject\",\"inLanguage\":\"fr-FR\",\"@id\":\"https:\\\/\\\/secure.gravatar.com\\\/avatar\\\/a545bbb6f84efdd5553dbbc2895e3ca8f1d12c5215e00a041c9670b54aa9b18a?s=96&d=mm&r=g\",\"url\":\"https:\\\/\\\/secure.gravatar.com\\\/avatar\\\/a545bbb6f84efdd5553dbbc2895e3ca8f1d12c5215e00a041c9670b54aa9b18a?s=96&d=mm&r=g\",\"contentUrl\":\"https:\\\/\\\/secure.gravatar.com\\\/avatar\\\/a545bbb6f84efdd5553dbbc2895e3ca8f1d12c5215e00a041c9670b54aa9b18a?s=96&d=mm&r=g\",\"caption\":\"MC\"},\"url\":\"https:\\\/\\\/www.webdo.tn\\\/fr\\\/actualite\\\/author\\\/mc\\\/\"}]}<\/script>\n<!-- \/ Yoast SEO Premium plugin. -->","yoast_head_json":{"title":"A 500 jours des JO de Paris, la Tunisie participe au Relais autour du monde","description":"Pour marquer les 500 jours du d\u00e9but des Jeux Olympiques de Paris 2024, l\u2019Ambassade de France en Tunisie a mobilis\u00e9 les jeunes des lyc\u00e9es \u00e0 programme fran\u00e7ais et...","canonical":"https:\/\/www.webdo.tn\/fr\/actualite\/sport\/a-500-jours-des-jo-de-paris-la-tunisie-participe-au-relais-autour-du-monde\/203941\/","og_locale":"fr_FR","og_type":"article","og_title":"A 500 jours des JO de Paris, la Tunisie participe au \"Relais autour du monde\"","og_description":"Pour marquer les 500 jours du d\u00e9but des Jeux Olympiques de Paris 2024, l\u2019Ambassade de France en Tunisie a mobilis\u00e9 les jeunes des lyc\u00e9es \u00e0 programme fran\u00e7ais et...","og_url":"https:\/\/www.webdo.tn\/fr\/actualite\/sport\/a-500-jours-des-jo-de-paris-la-tunisie-participe-au-relais-autour-du-monde\/203941\/","og_site_name":"webdo","article_publisher":"https:\/\/www.facebook.com\/webdotn","article_published_time":"2023-03-15T10:30:00+00:00","article_modified_time":"2025-05-20T22:08:04+00:00","og_image":[{"width":697,"height":372,"url":"https:\/\/www.webdo.tn\/fr\/wp-content\/uploads\/2023\/03\/ba7aab41d75b0812845ab73489d163cd.jpg","type":"image\/jpeg"}],"author":"MC","twitter_card":"summary_large_image","twitter_creator":"@webdo_tn","twitter_site":"@webdo_tn","twitter_misc":{"\u00c9crit par":"MC","Dur\u00e9e de lecture estim\u00e9e":"2 minutes"},"schema":{"@context":"https:\/\/schema.org","@graph":[{"@type":"NewsArticle","@id":"https:\/\/www.webdo.tn\/fr\/actualite\/sport\/a-500-jours-des-jo-de-paris-la-tunisie-participe-au-relais-autour-du-monde\/203941\/#article","isPartOf":{"@id":"https:\/\/www.webdo.tn\/fr\/actualite\/sport\/a-500-jours-des-jo-de-paris-la-tunisie-participe-au-relais-autour-du-monde\/203941\/"},"author":{"name":"MC","@id":"https:\/\/www.webdo.tn\/fr\/#\/schema\/person\/2c4929cbf5a809e3bd38617c6ce150f6"},"headline":"A 500 jours des JO de Paris, la Tunisie participe au \u00ab\u00a0Relais autour du monde\u00a0\u00bb","datePublished":"2023-03-15T10:30:00+00:00","dateModified":"2025-05-20T22:08:04+00:00","mainEntityOfPage":{"@id":"https:\/\/www.webdo.tn\/fr\/actualite\/sport\/a-500-jours-des-jo-de-paris-la-tunisie-participe-au-relais-autour-du-monde\/203941\/"},"wordCount":405,"commentCount":0,"publisher":{"@id":"https:\/\/www.webdo.tn\/fr\/#organization"},"image":{"@id":"https:\/\/www.webdo.tn\/fr\/actualite\/sport\/a-500-jours-des-jo-de-paris-la-tunisie-participe-au-relais-autour-du-monde\/203941\/#primaryimage"},"thumbnailUrl":"https:\/\/www.webdo.tn\/fr\/wp-content\/uploads\/2023\/03\/ba7aab41d75b0812845ab73489d163cd.jpg","keywords":["ambassade de france en tunisie","JO","Paris","Relais autour du monde"],"articleSection":["Sport"],"inLanguage":"fr-FR"},{"@type":"WebPage","@id":"https:\/\/www.webdo.tn\/fr\/actualite\/sport\/a-500-jours-des-jo-de-paris-la-tunisie-participe-au-relais-autour-du-monde\/203941\/","url":"https:\/\/www.webdo.tn\/fr\/actualite\/sport\/a-500-jours-des-jo-de-paris-la-tunisie-participe-au-relais-autour-du-monde\/203941\/","name":"A 500 jours des JO de Paris, la Tunisie participe au Relais autour du monde","isPartOf":{"@id":"https:\/\/www.webdo.tn\/fr\/#website"},"primaryImageOfPage":{"@id":"https:\/\/www.webdo.tn\/fr\/actualite\/sport\/a-500-jours-des-jo-de-paris-la-tunisie-participe-au-relais-autour-du-monde\/203941\/#primaryimage"},"image":{"@id":"https:\/\/www.webdo.tn\/fr\/actualite\/sport\/a-500-jours-des-jo-de-paris-la-tunisie-participe-au-relais-autour-du-monde\/203941\/#primaryimage"},"thumbnailUrl":"https:\/\/www.webdo.tn\/fr\/wp-content\/uploads\/2023\/03\/ba7aab41d75b0812845ab73489d163cd.jpg","datePublished":"2023-03-15T10:30:00+00:00","dateModified":"2025-05-20T22:08:04+00:00","description":"Pour marquer les 500 jours du d\u00e9but des Jeux Olympiques de Paris 2024, l\u2019Ambassade de France en Tunisie a mobilis\u00e9 les jeunes des lyc\u00e9es \u00e0 programme fran\u00e7ais et...","breadcrumb":{"@id":"https:\/\/www.webdo.tn\/fr\/actualite\/sport\/a-500-jours-des-jo-de-paris-la-tunisie-participe-au-relais-autour-du-monde\/203941\/#breadcrumb"},"inLanguage":"fr-FR","potentialAction":[{"@type":"ReadAction","target":["https:\/\/www.webdo.tn\/fr\/actualite\/sport\/a-500-jours-des-jo-de-paris-la-tunisie-participe-au-relais-autour-du-monde\/203941\/"]}]},{"@type":"ImageObject","inLanguage":"fr-FR","@id":"https:\/\/www.webdo.tn\/fr\/actualite\/sport\/a-500-jours-des-jo-de-paris-la-tunisie-participe-au-relais-autour-du-monde\/203941\/#primaryimage","url":"https:\/\/www.webdo.tn\/fr\/wp-content\/uploads\/2023\/03\/ba7aab41d75b0812845ab73489d163cd.jpg","contentUrl":"https:\/\/www.webdo.tn\/fr\/wp-content\/uploads\/2023\/03\/ba7aab41d75b0812845ab73489d163cd.jpg","width":697,"height":372,"caption":"A 500 jours des JO de Paris, la Tunisie participe au \"Relais autour du monde\""},{"@type":"BreadcrumbList","@id":"https:\/\/www.webdo.tn\/fr\/actualite\/sport\/a-500-jours-des-jo-de-paris-la-tunisie-participe-au-relais-autour-du-monde\/203941\/#breadcrumb","itemListElement":[{"@type":"ListItem","position":1,"name":"Accueil","item":"https:\/\/www.webdo.tn\/fr\/"},{"@type":"ListItem","position":2,"name":"A 500 jours des JO de Paris, la Tunisie participe au \u00ab\u00a0Relais autour du monde\u00a0\u00bb"}]},{"@type":"WebSite","@id":"https:\/\/www.webdo.tn\/fr\/#website","url":"https:\/\/www.webdo.tn\/fr\/","name":"webdo","description":"Tunisie - News en Tunisie et \u00e0 l&#039;international sur Webdo.tn","publisher":{"@id":"https:\/\/www.webdo.tn\/fr\/#organization"},"potentialAction":[{"@type":"SearchAction","target":{"@type":"EntryPoint","urlTemplate":"https:\/\/www.webdo.tn\/fr\/?s={search_term_string}"},"query-input":{"@type":"PropertyValueSpecification","valueRequired":true,"valueName":"search_term_string"}}],"inLanguage":"fr-FR"},{"@type":"Organization","@id":"https:\/\/www.webdo.tn\/fr\/#organization","name":"Webdo","alternateName":"Webdo.tn","url":"https:\/\/www.webdo.tn\/fr\/","logo":{"@type":"ImageObject","inLanguage":"fr-FR","@id":"https:\/\/www.webdo.tn\/fr\/#\/schema\/logo\/image\/","url":"https:\/\/www.webdo.tn\/fr\/wp-content\/uploads\/2025\/06\/Webdo-Tunisie_168377.jpg","contentUrl":"https:\/\/www.webdo.tn\/fr\/wp-content\/uploads\/2025\/06\/Webdo-Tunisie_168377.jpg","width":301,"height":301,"caption":"Webdo"},"image":{"@id":"https:\/\/www.webdo.tn\/fr\/#\/schema\/logo\/image\/"},"sameAs":["https:\/\/www.facebook.com\/webdotn","https:\/\/x.com\/webdo_tn"],"description":"Webdo est un m\u00e9dia num\u00e9rique tunisien fond\u00e9 en 2010, sp\u00e9cialis\u00e9 dans l\u2019actualit\u00e9 nationale et internationale, l\u2019\u00e9conomie, la soci\u00e9t\u00e9 et les analyses politiques. Le site s\u2019adresse \u00e0 un large public francophone et couvre l\u2019information tunisienne en temps r\u00e9el.","email":"redac@webdo.tn","legalName":"YNJ SARL","foundingDate":"2010-09-06","numberOfEmployees":{"@type":"QuantitativeValue","minValue":"11","maxValue":"50"}},{"@type":"Person","@id":"https:\/\/www.webdo.tn\/fr\/#\/schema\/person\/2c4929cbf5a809e3bd38617c6ce150f6","name":"MC","image":{"@type":"ImageObject","inLanguage":"fr-FR","@id":"https:\/\/secure.gravatar.com\/avatar\/a545bbb6f84efdd5553dbbc2895e3ca8f1d12c5215e00a041c9670b54aa9b18a?s=96&d=mm&r=g","url":"https:\/\/secure.gravatar.com\/avatar\/a545bbb6f84efdd5553dbbc2895e3ca8f1d12c5215e00a041c9670b54aa9b18a?s=96&d=mm&r=g","contentUrl":"https:\/\/secure.gravatar.com\/avatar\/a545bbb6f84efdd5553dbbc2895e3ca8f1d12c5215e00a041c9670b54aa9b18a?s=96&d=mm&r=g","caption":"MC"},"url":"https:\/\/www.webdo.tn\/fr\/actualite\/author\/mc\/"}]}},"_links":{"self":[{"href":"https:\/\/www.webdo.tn\/fr\/wp-json\/wp\/v2\/posts\/203941","targetHints":{"allow":["GET"]}}],"collection":[{"href":"https:\/\/www.webdo.tn\/fr\/wp-json\/wp\/v2\/posts"}],"about":[{"href":"https:\/\/www.webdo.tn\/fr\/wp-json\/wp\/v2\/types\/post"}],"author":[{"embeddable":true,"href":"https:\/\/www.webdo.tn\/fr\/wp-json\/wp\/v2\/users\/3162"}],"replies":[{"embeddable":true,"href":"https:\/\/www.webdo.tn\/fr\/wp-json\/wp\/v2\/comments?post=203941"}],"version-history":[{"count":0,"href":"https:\/\/www.webdo.tn\/fr\/wp-json\/wp\/v2\/posts\/203941\/revisions"}],"wp:featuredmedia":[{"embeddable":true,"href":"https:\/\/www.webdo.tn\/fr\/wp-json\/wp\/v2\/media\/277905"}],"wp:attachment":[{"href":"https:\/\/www.webdo.tn\/fr\/wp-json\/wp\/v2\/media?parent=203941"}],"wp:term":[{"taxonomy":"category","embeddable":true,"href":"https:\/\/www.webdo.tn\/fr\/wp-json\/wp\/v2\/categories?post=203941"},{"taxonomy":"post_tag","embeddable":true,"href":"https:\/\/www.webdo.tn\/fr\/wp-json\/wp\/v2\/tags?post=203941"}],"curies":[{"name":"wp","href":"https:\/\/api.w.org\/{rel}","templated":true}]}}