{"id":203936,"date":"2023-03-15T09:05:00","date_gmt":"2023-03-15T09:05:00","guid":{"rendered":"https:\/\/www.webdo.tn\/fr\/blog\/affaire-d-ain-skhouna-cinq-accuses-condamnes-a-la-peine-capitale\/203936\/"},"modified":"2025-05-20T22:01:39","modified_gmt":"2025-05-20T22:01:39","slug":"affaire-d-ain-skhouna-cinq-accuses-condamnes-a-la-peine-capitale","status":"publish","type":"post","link":"https:\/\/www.webdo.tn\/fr\/actualite\/national\/affaire-d-ain-skhouna-cinq-accuses-condamnes-a-la-peine-capitale\/203936\/","title":{"rendered":"Affaire d\u2019Ain Skhouna : Cinq accus\u00e9s condamn\u00e9s \u00e0 la peine capitale"},"content":{"rendered":"<p>Cinq pr\u00e9venus ont \u00e9t\u00e9 condamn\u00e9s \u00e0 la peine capitale, un sixi\u00e8me \u00e0 la prison \u00e0 perp\u00e9tuit\u00e9 et plusieurs autres \u00e0 des peines allant de un \u00e0 huit ans d\u2019incarc\u00e9ration dans l\u2019affaire des affrontements d\u2019Ain Skhouna en d\u00e9cembre 2020, qui avaient caus\u00e9 la mort de trois personnes.<\/p>\n<p>\t\t\t\t\t\t\t\t\tRetour sur les faits<\/p>\n<p>Le 12 d\u00e9cembre 2020, des heurts entre deux \u00ab\u00a0tribus\u00a0\u00bb dans le sud du pays avaient cout\u00e9 la vie \u00e0 trois personnes et caus\u00e9 plus de 60 bless\u00e9s. Des renforts s\u00e9curitaires et militaires avaient \u00e9t\u00e9 d\u00e9p\u00each\u00e9s sur place pour \u00e9viter toute escalade.<\/p>\n<p>Les affrontements dus \u00e0 un \u00ab\u00a0diff\u00e9rend foncier\u00a0\u00bb ont \u00e9clat\u00e9 dans la r\u00e9gion d\u2019Ain Skhouna entre des habitants de Douz (gouvernorat de K\u00e9bili) et B\u00e9ni Khedech (gouvernorat de M\u00e9denine).<\/p>\n<p>14 mandats de d\u00e9p\u00f4t<\/p>\n<p>Le pr\u00e9sident de la R\u00e9publique, Kais Saied, s&rsquo;\u00e9tait m\u00eame d\u00e9plac\u00e9, au lendemain des affrontements, le 14 d\u00e9cembre 2020 dans la r\u00e9gion d\u2019Ain Skhouna, situ\u00e9e entre les gouvernorats de M\u00e9denine et de K\u00e9bili.<\/p>\n<p>En f\u00e9vrier 2021, le juge d&rsquo;instruction du tribunal de premi\u00e8re instance de M\u00e9denine avait \u00e9mis 14 mandats de d\u00e9p\u00f4t contre sept personnes, \u00e0 raison de deux mandats par personne, dans le cadre de l&rsquo;enqu\u00eate sur les meurtres de Hedi Kardaoui, Salah Yahiaoui et Naoufel Saadaoui durant ces affrontements.<\/p>\n<p>Des mandats de d\u00e9p\u00f4t \u00e9mis pour meurtre avec pr\u00e9m\u00e9ditation et d\u00e9tention d&rsquo;arme \u00e0 feu sans permis portant \u00e0 douze le nombre d\u2019accus\u00e9s.<\/p>\n<p>Peine capitale<\/p>\n<p>Aujourd\u2019hui, mercredi 15 mars 2023, le porte-parole du Tribunal de premi\u00e8re instance de Gab\u00e8s, Mounir Arroum, a d\u00e9clar\u00e9, que les verdicts ont \u00e9t\u00e9 prononc\u00e9s dans cette affaire de violence et d\u2019\u00e9change de tirs.<\/p>\n<p>La justice a condamn\u00e9 \u00e0 la peine capitale cinq accus\u00e9s alors qu&rsquo;un sixi\u00e8me a \u00e9galement \u00e9t\u00e9 condamn\u00e9 \u00e0 mort par contumace. Un septi\u00e8me accus\u00e9 a \u00e9cop\u00e9 de la prison \u00e0 perp\u00e9tuit\u00e9. Les autres accus\u00e9s ont \u00e9t\u00e9 condamn\u00e9s \u00e0 des peines allant d\u2019un \u00e0 huit ans de prison. Un non-lieu a \u00e9t\u00e9 \u00e9galement prononc\u00e9.<\/p>\n","protected":false},"excerpt":{"rendered":"<p>Cinq pr\u00e9venus ont \u00e9t\u00e9 condamn\u00e9s \u00e0 la peine capitale, un sixi\u00e8me \u00e0 la prison \u00e0 perp\u00e9tuit\u00e9 et plusieurs autres \u00e0 des peines allant de un \u00e0 huit ans d\u2019incarc\u00e9ratio&#8230;<\/p>\n","protected":false},"author":3162,"featured_media":251741,"comment_status":"open","ping_status":"closed","sticky":false,"template":"","format":"standard","meta":{"footnotes":""},"categories":[44],"tags":[3496,7474,2619,4618],"class_list":["post-203936","post","type-post","status-publish","format-standard","has-post-thumbnail","hentry","category-national","tag-affrontements","tag-ain-skhouna","tag-justice","tag-peine-capitale"],"yoast_head":"<!-- This site is optimized with the Yoast SEO Premium plugin v27.5 (Yoast SEO v27.5) - https:\/\/yoast.com\/product\/yoast-seo-premium-wordpress\/ -->\n<title>Affaire d\u2019Ain Skhouna : Cinq accus\u00e9s condamn\u00e9s \u00e0 la peine capitale<\/title>\n<meta name=\"description\" content=\"Cinq pr\u00e9venus ont \u00e9t\u00e9 condamn\u00e9s \u00e0 la peine capitale, un sixi\u00e8me \u00e0 la prison \u00e0 perp\u00e9tuit\u00e9 et plusieurs autres \u00e0 des peines allant de un \u00e0 huit ans d\u2019incarc\u00e9ratio...\" \/>\n<link rel=\"canonical\" href=\"https:\/\/www.webdo.tn\/fr\/actualite\/national\/affaire-d-ain-skhouna-cinq-accuses-condamnes-a-la-peine-capitale\/203936\/\" \/>\n<meta property=\"og:locale\" content=\"fr_FR\" \/>\n<meta property=\"og:type\" content=\"article\" \/>\n<meta property=\"og:title\" content=\"Affaire d\u2019Ain Skhouna : Cinq accus\u00e9s condamn\u00e9s \u00e0 la peine capitale\" \/>\n<meta property=\"og:description\" content=\"Cinq pr\u00e9venus ont \u00e9t\u00e9 condamn\u00e9s \u00e0 la peine capitale, un sixi\u00e8me \u00e0 la prison \u00e0 perp\u00e9tuit\u00e9 et plusieurs autres \u00e0 des peines allant de un \u00e0 huit ans d\u2019incarc\u00e9ratio...\" \/>\n<meta property=\"og:url\" content=\"https:\/\/www.webdo.tn\/fr\/actualite\/national\/affaire-d-ain-skhouna-cinq-accuses-condamnes-a-la-peine-capitale\/203936\/\" \/>\n<meta property=\"og:site_name\" content=\"webdo\" \/>\n<meta property=\"article:publisher\" content=\"https:\/\/www.facebook.com\/webdotn\" \/>\n<meta property=\"article:published_time\" content=\"2023-03-15T09:05:00+00:00\" \/>\n<meta property=\"article:modified_time\" content=\"2025-05-20T22:01:39+00:00\" \/>\n<meta property=\"og:image\" content=\"https:\/\/www.webdo.tn\/fr\/wp-content\/uploads\/2023\/03\/9a1ff39b8ad7d4a37705b1cf9e155330.jpg\" \/>\n\t<meta property=\"og:image:width\" content=\"750\" \/>\n\t<meta property=\"og:image:height\" content=\"400\" \/>\n\t<meta property=\"og:image:type\" content=\"image\/jpeg\" \/>\n<meta name=\"author\" content=\"MC\" \/>\n<meta name=\"twitter:card\" content=\"summary_large_image\" \/>\n<meta name=\"twitter:creator\" content=\"@webdo_tn\" \/>\n<meta name=\"twitter:site\" content=\"@webdo_tn\" \/>\n<meta name=\"twitter:label1\" content=\"\u00c9crit par\" \/>\n\t<meta name=\"twitter:data1\" content=\"MC\" \/>\n\t<meta name=\"twitter:label2\" content=\"Dur\u00e9e de lecture estim\u00e9e\" \/>\n\t<meta name=\"twitter:data2\" content=\"2 minutes\" \/>\n<script type=\"application\/ld+json\" class=\"yoast-schema-graph\">{\"@context\":\"https:\\\/\\\/schema.org\",\"@graph\":[{\"@type\":\"NewsArticle\",\"@id\":\"https:\\\/\\\/www.webdo.tn\\\/fr\\\/actualite\\\/national\\\/affaire-d-ain-skhouna-cinq-accuses-condamnes-a-la-peine-capitale\\\/203936\\\/#article\",\"isPartOf\":{\"@id\":\"https:\\\/\\\/www.webdo.tn\\\/fr\\\/actualite\\\/national\\\/affaire-d-ain-skhouna-cinq-accuses-condamnes-a-la-peine-capitale\\\/203936\\\/\"},\"author\":{\"name\":\"MC\",\"@id\":\"https:\\\/\\\/www.webdo.tn\\\/fr\\\/#\\\/schema\\\/person\\\/2c4929cbf5a809e3bd38617c6ce150f6\"},\"headline\":\"Affaire d\u2019Ain Skhouna : Cinq accus\u00e9s condamn\u00e9s \u00e0 la peine capitale\",\"datePublished\":\"2023-03-15T09:05:00+00:00\",\"dateModified\":\"2025-05-20T22:01:39+00:00\",\"mainEntityOfPage\":{\"@id\":\"https:\\\/\\\/www.webdo.tn\\\/fr\\\/actualite\\\/national\\\/affaire-d-ain-skhouna-cinq-accuses-condamnes-a-la-peine-capitale\\\/203936\\\/\"},\"wordCount\":363,\"commentCount\":0,\"publisher\":{\"@id\":\"https:\\\/\\\/www.webdo.tn\\\/fr\\\/#organization\"},\"image\":{\"@id\":\"https:\\\/\\\/www.webdo.tn\\\/fr\\\/actualite\\\/national\\\/affaire-d-ain-skhouna-cinq-accuses-condamnes-a-la-peine-capitale\\\/203936\\\/#primaryimage\"},\"thumbnailUrl\":\"https:\\\/\\\/www.webdo.tn\\\/fr\\\/wp-content\\\/uploads\\\/2023\\\/03\\\/9a1ff39b8ad7d4a37705b1cf9e155330.jpg\",\"keywords\":[\"Affrontements\",\"ain skhouna\",\"justice\",\"peine capitale\"],\"articleSection\":[\"National\"],\"inLanguage\":\"fr-FR\"},{\"@type\":\"WebPage\",\"@id\":\"https:\\\/\\\/www.webdo.tn\\\/fr\\\/actualite\\\/national\\\/affaire-d-ain-skhouna-cinq-accuses-condamnes-a-la-peine-capitale\\\/203936\\\/\",\"url\":\"https:\\\/\\\/www.webdo.tn\\\/fr\\\/actualite\\\/national\\\/affaire-d-ain-skhouna-cinq-accuses-condamnes-a-la-peine-capitale\\\/203936\\\/\",\"name\":\"Affaire d\u2019Ain Skhouna : Cinq accus\u00e9s condamn\u00e9s \u00e0 la peine capitale\",\"isPartOf\":{\"@id\":\"https:\\\/\\\/www.webdo.tn\\\/fr\\\/#website\"},\"primaryImageOfPage\":{\"@id\":\"https:\\\/\\\/www.webdo.tn\\\/fr\\\/actualite\\\/national\\\/affaire-d-ain-skhouna-cinq-accuses-condamnes-a-la-peine-capitale\\\/203936\\\/#primaryimage\"},\"image\":{\"@id\":\"https:\\\/\\\/www.webdo.tn\\\/fr\\\/actualite\\\/national\\\/affaire-d-ain-skhouna-cinq-accuses-condamnes-a-la-peine-capitale\\\/203936\\\/#primaryimage\"},\"thumbnailUrl\":\"https:\\\/\\\/www.webdo.tn\\\/fr\\\/wp-content\\\/uploads\\\/2023\\\/03\\\/9a1ff39b8ad7d4a37705b1cf9e155330.jpg\",\"datePublished\":\"2023-03-15T09:05:00+00:00\",\"dateModified\":\"2025-05-20T22:01:39+00:00\",\"description\":\"Cinq pr\u00e9venus ont \u00e9t\u00e9 condamn\u00e9s \u00e0 la peine capitale, un sixi\u00e8me \u00e0 la prison \u00e0 perp\u00e9tuit\u00e9 et plusieurs autres \u00e0 des peines allant de un \u00e0 huit ans d\u2019incarc\u00e9ratio...\",\"breadcrumb\":{\"@id\":\"https:\\\/\\\/www.webdo.tn\\\/fr\\\/actualite\\\/national\\\/affaire-d-ain-skhouna-cinq-accuses-condamnes-a-la-peine-capitale\\\/203936\\\/#breadcrumb\"},\"inLanguage\":\"fr-FR\",\"potentialAction\":[{\"@type\":\"ReadAction\",\"target\":[\"https:\\\/\\\/www.webdo.tn\\\/fr\\\/actualite\\\/national\\\/affaire-d-ain-skhouna-cinq-accuses-condamnes-a-la-peine-capitale\\\/203936\\\/\"]}]},{\"@type\":\"ImageObject\",\"inLanguage\":\"fr-FR\",\"@id\":\"https:\\\/\\\/www.webdo.tn\\\/fr\\\/actualite\\\/national\\\/affaire-d-ain-skhouna-cinq-accuses-condamnes-a-la-peine-capitale\\\/203936\\\/#primaryimage\",\"url\":\"https:\\\/\\\/www.webdo.tn\\\/fr\\\/wp-content\\\/uploads\\\/2023\\\/03\\\/9a1ff39b8ad7d4a37705b1cf9e155330.jpg\",\"contentUrl\":\"https:\\\/\\\/www.webdo.tn\\\/fr\\\/wp-content\\\/uploads\\\/2023\\\/03\\\/9a1ff39b8ad7d4a37705b1cf9e155330.jpg\",\"width\":750,\"height\":400,\"caption\":\"Affaire d\u2019Ain Skhouna : Cinq accus\u00e9s condamn\u00e9s \u00e0 la peine capitale\"},{\"@type\":\"BreadcrumbList\",\"@id\":\"https:\\\/\\\/www.webdo.tn\\\/fr\\\/actualite\\\/national\\\/affaire-d-ain-skhouna-cinq-accuses-condamnes-a-la-peine-capitale\\\/203936\\\/#breadcrumb\",\"itemListElement\":[{\"@type\":\"ListItem\",\"position\":1,\"name\":\"Accueil\",\"item\":\"https:\\\/\\\/www.webdo.tn\\\/fr\\\/\"},{\"@type\":\"ListItem\",\"position\":2,\"name\":\"Affaire d\u2019Ain Skhouna : Cinq accus\u00e9s condamn\u00e9s \u00e0 la peine capitale\"}]},{\"@type\":\"WebSite\",\"@id\":\"https:\\\/\\\/www.webdo.tn\\\/fr\\\/#website\",\"url\":\"https:\\\/\\\/www.webdo.tn\\\/fr\\\/\",\"name\":\"webdo\",\"description\":\"Tunisie - News en Tunisie et \u00e0 l&#039;international sur Webdo.tn\",\"publisher\":{\"@id\":\"https:\\\/\\\/www.webdo.tn\\\/fr\\\/#organization\"},\"potentialAction\":[{\"@type\":\"SearchAction\",\"target\":{\"@type\":\"EntryPoint\",\"urlTemplate\":\"https:\\\/\\\/www.webdo.tn\\\/fr\\\/?s={search_term_string}\"},\"query-input\":{\"@type\":\"PropertyValueSpecification\",\"valueRequired\":true,\"valueName\":\"search_term_string\"}}],\"inLanguage\":\"fr-FR\"},{\"@type\":\"Organization\",\"@id\":\"https:\\\/\\\/www.webdo.tn\\\/fr\\\/#organization\",\"name\":\"Webdo\",\"alternateName\":\"Webdo.tn\",\"url\":\"https:\\\/\\\/www.webdo.tn\\\/fr\\\/\",\"logo\":{\"@type\":\"ImageObject\",\"inLanguage\":\"fr-FR\",\"@id\":\"https:\\\/\\\/www.webdo.tn\\\/fr\\\/#\\\/schema\\\/logo\\\/image\\\/\",\"url\":\"https:\\\/\\\/www.webdo.tn\\\/fr\\\/wp-content\\\/uploads\\\/2025\\\/06\\\/Webdo-Tunisie_168377.jpg\",\"contentUrl\":\"https:\\\/\\\/www.webdo.tn\\\/fr\\\/wp-content\\\/uploads\\\/2025\\\/06\\\/Webdo-Tunisie_168377.jpg\",\"width\":301,\"height\":301,\"caption\":\"Webdo\"},\"image\":{\"@id\":\"https:\\\/\\\/www.webdo.tn\\\/fr\\\/#\\\/schema\\\/logo\\\/image\\\/\"},\"sameAs\":[\"https:\\\/\\\/www.facebook.com\\\/webdotn\",\"https:\\\/\\\/x.com\\\/webdo_tn\"],\"description\":\"Webdo est un m\u00e9dia num\u00e9rique tunisien fond\u00e9 en 2010, sp\u00e9cialis\u00e9 dans l\u2019actualit\u00e9 nationale et internationale, l\u2019\u00e9conomie, la soci\u00e9t\u00e9 et les analyses politiques. Le site s\u2019adresse \u00e0 un large public francophone et couvre l\u2019information tunisienne en temps r\u00e9el.\",\"email\":\"redac@webdo.tn\",\"legalName\":\"YNJ SARL\",\"foundingDate\":\"2010-09-06\",\"numberOfEmployees\":{\"@type\":\"QuantitativeValue\",\"minValue\":\"11\",\"maxValue\":\"50\"}},{\"@type\":\"Person\",\"@id\":\"https:\\\/\\\/www.webdo.tn\\\/fr\\\/#\\\/schema\\\/person\\\/2c4929cbf5a809e3bd38617c6ce150f6\",\"name\":\"MC\",\"image\":{\"@type\":\"ImageObject\",\"inLanguage\":\"fr-FR\",\"@id\":\"https:\\\/\\\/secure.gravatar.com\\\/avatar\\\/a545bbb6f84efdd5553dbbc2895e3ca8f1d12c5215e00a041c9670b54aa9b18a?s=96&d=mm&r=g\",\"url\":\"https:\\\/\\\/secure.gravatar.com\\\/avatar\\\/a545bbb6f84efdd5553dbbc2895e3ca8f1d12c5215e00a041c9670b54aa9b18a?s=96&d=mm&r=g\",\"contentUrl\":\"https:\\\/\\\/secure.gravatar.com\\\/avatar\\\/a545bbb6f84efdd5553dbbc2895e3ca8f1d12c5215e00a041c9670b54aa9b18a?s=96&d=mm&r=g\",\"caption\":\"MC\"},\"url\":\"https:\\\/\\\/www.webdo.tn\\\/fr\\\/actualite\\\/author\\\/mc\\\/\"}]}<\/script>\n<!-- \/ Yoast SEO Premium plugin. -->","yoast_head_json":{"title":"Affaire d\u2019Ain Skhouna : Cinq accus\u00e9s condamn\u00e9s \u00e0 la peine capitale","description":"Cinq pr\u00e9venus ont \u00e9t\u00e9 condamn\u00e9s \u00e0 la peine capitale, un sixi\u00e8me \u00e0 la prison \u00e0 perp\u00e9tuit\u00e9 et plusieurs autres \u00e0 des peines allant de un \u00e0 huit ans d\u2019incarc\u00e9ratio...","canonical":"https:\/\/www.webdo.tn\/fr\/actualite\/national\/affaire-d-ain-skhouna-cinq-accuses-condamnes-a-la-peine-capitale\/203936\/","og_locale":"fr_FR","og_type":"article","og_title":"Affaire d\u2019Ain Skhouna : Cinq accus\u00e9s condamn\u00e9s \u00e0 la peine capitale","og_description":"Cinq pr\u00e9venus ont \u00e9t\u00e9 condamn\u00e9s \u00e0 la peine capitale, un sixi\u00e8me \u00e0 la prison \u00e0 perp\u00e9tuit\u00e9 et plusieurs autres \u00e0 des peines allant de un \u00e0 huit ans d\u2019incarc\u00e9ratio...","og_url":"https:\/\/www.webdo.tn\/fr\/actualite\/national\/affaire-d-ain-skhouna-cinq-accuses-condamnes-a-la-peine-capitale\/203936\/","og_site_name":"webdo","article_publisher":"https:\/\/www.facebook.com\/webdotn","article_published_time":"2023-03-15T09:05:00+00:00","article_modified_time":"2025-05-20T22:01:39+00:00","og_image":[{"width":750,"height":400,"url":"https:\/\/www.webdo.tn\/fr\/wp-content\/uploads\/2023\/03\/9a1ff39b8ad7d4a37705b1cf9e155330.jpg","type":"image\/jpeg"}],"author":"MC","twitter_card":"summary_large_image","twitter_creator":"@webdo_tn","twitter_site":"@webdo_tn","twitter_misc":{"\u00c9crit par":"MC","Dur\u00e9e de lecture estim\u00e9e":"2 minutes"},"schema":{"@context":"https:\/\/schema.org","@graph":[{"@type":"NewsArticle","@id":"https:\/\/www.webdo.tn\/fr\/actualite\/national\/affaire-d-ain-skhouna-cinq-accuses-condamnes-a-la-peine-capitale\/203936\/#article","isPartOf":{"@id":"https:\/\/www.webdo.tn\/fr\/actualite\/national\/affaire-d-ain-skhouna-cinq-accuses-condamnes-a-la-peine-capitale\/203936\/"},"author":{"name":"MC","@id":"https:\/\/www.webdo.tn\/fr\/#\/schema\/person\/2c4929cbf5a809e3bd38617c6ce150f6"},"headline":"Affaire d\u2019Ain Skhouna : Cinq accus\u00e9s condamn\u00e9s \u00e0 la peine capitale","datePublished":"2023-03-15T09:05:00+00:00","dateModified":"2025-05-20T22:01:39+00:00","mainEntityOfPage":{"@id":"https:\/\/www.webdo.tn\/fr\/actualite\/national\/affaire-d-ain-skhouna-cinq-accuses-condamnes-a-la-peine-capitale\/203936\/"},"wordCount":363,"commentCount":0,"publisher":{"@id":"https:\/\/www.webdo.tn\/fr\/#organization"},"image":{"@id":"https:\/\/www.webdo.tn\/fr\/actualite\/national\/affaire-d-ain-skhouna-cinq-accuses-condamnes-a-la-peine-capitale\/203936\/#primaryimage"},"thumbnailUrl":"https:\/\/www.webdo.tn\/fr\/wp-content\/uploads\/2023\/03\/9a1ff39b8ad7d4a37705b1cf9e155330.jpg","keywords":["Affrontements","ain skhouna","justice","peine capitale"],"articleSection":["National"],"inLanguage":"fr-FR"},{"@type":"WebPage","@id":"https:\/\/www.webdo.tn\/fr\/actualite\/national\/affaire-d-ain-skhouna-cinq-accuses-condamnes-a-la-peine-capitale\/203936\/","url":"https:\/\/www.webdo.tn\/fr\/actualite\/national\/affaire-d-ain-skhouna-cinq-accuses-condamnes-a-la-peine-capitale\/203936\/","name":"Affaire d\u2019Ain Skhouna : Cinq accus\u00e9s condamn\u00e9s \u00e0 la peine capitale","isPartOf":{"@id":"https:\/\/www.webdo.tn\/fr\/#website"},"primaryImageOfPage":{"@id":"https:\/\/www.webdo.tn\/fr\/actualite\/national\/affaire-d-ain-skhouna-cinq-accuses-condamnes-a-la-peine-capitale\/203936\/#primaryimage"},"image":{"@id":"https:\/\/www.webdo.tn\/fr\/actualite\/national\/affaire-d-ain-skhouna-cinq-accuses-condamnes-a-la-peine-capitale\/203936\/#primaryimage"},"thumbnailUrl":"https:\/\/www.webdo.tn\/fr\/wp-content\/uploads\/2023\/03\/9a1ff39b8ad7d4a37705b1cf9e155330.jpg","datePublished":"2023-03-15T09:05:00+00:00","dateModified":"2025-05-20T22:01:39+00:00","description":"Cinq pr\u00e9venus ont \u00e9t\u00e9 condamn\u00e9s \u00e0 la peine capitale, un sixi\u00e8me \u00e0 la prison \u00e0 perp\u00e9tuit\u00e9 et plusieurs autres \u00e0 des peines allant de un \u00e0 huit ans d\u2019incarc\u00e9ratio...","breadcrumb":{"@id":"https:\/\/www.webdo.tn\/fr\/actualite\/national\/affaire-d-ain-skhouna-cinq-accuses-condamnes-a-la-peine-capitale\/203936\/#breadcrumb"},"inLanguage":"fr-FR","potentialAction":[{"@type":"ReadAction","target":["https:\/\/www.webdo.tn\/fr\/actualite\/national\/affaire-d-ain-skhouna-cinq-accuses-condamnes-a-la-peine-capitale\/203936\/"]}]},{"@type":"ImageObject","inLanguage":"fr-FR","@id":"https:\/\/www.webdo.tn\/fr\/actualite\/national\/affaire-d-ain-skhouna-cinq-accuses-condamnes-a-la-peine-capitale\/203936\/#primaryimage","url":"https:\/\/www.webdo.tn\/fr\/wp-content\/uploads\/2023\/03\/9a1ff39b8ad7d4a37705b1cf9e155330.jpg","contentUrl":"https:\/\/www.webdo.tn\/fr\/wp-content\/uploads\/2023\/03\/9a1ff39b8ad7d4a37705b1cf9e155330.jpg","width":750,"height":400,"caption":"Affaire d\u2019Ain Skhouna : Cinq accus\u00e9s condamn\u00e9s \u00e0 la peine capitale"},{"@type":"BreadcrumbList","@id":"https:\/\/www.webdo.tn\/fr\/actualite\/national\/affaire-d-ain-skhouna-cinq-accuses-condamnes-a-la-peine-capitale\/203936\/#breadcrumb","itemListElement":[{"@type":"ListItem","position":1,"name":"Accueil","item":"https:\/\/www.webdo.tn\/fr\/"},{"@type":"ListItem","position":2,"name":"Affaire d\u2019Ain Skhouna : Cinq accus\u00e9s condamn\u00e9s \u00e0 la peine capitale"}]},{"@type":"WebSite","@id":"https:\/\/www.webdo.tn\/fr\/#website","url":"https:\/\/www.webdo.tn\/fr\/","name":"webdo","description":"Tunisie - News en Tunisie et \u00e0 l&#039;international sur Webdo.tn","publisher":{"@id":"https:\/\/www.webdo.tn\/fr\/#organization"},"potentialAction":[{"@type":"SearchAction","target":{"@type":"EntryPoint","urlTemplate":"https:\/\/www.webdo.tn\/fr\/?s={search_term_string}"},"query-input":{"@type":"PropertyValueSpecification","valueRequired":true,"valueName":"search_term_string"}}],"inLanguage":"fr-FR"},{"@type":"Organization","@id":"https:\/\/www.webdo.tn\/fr\/#organization","name":"Webdo","alternateName":"Webdo.tn","url":"https:\/\/www.webdo.tn\/fr\/","logo":{"@type":"ImageObject","inLanguage":"fr-FR","@id":"https:\/\/www.webdo.tn\/fr\/#\/schema\/logo\/image\/","url":"https:\/\/www.webdo.tn\/fr\/wp-content\/uploads\/2025\/06\/Webdo-Tunisie_168377.jpg","contentUrl":"https:\/\/www.webdo.tn\/fr\/wp-content\/uploads\/2025\/06\/Webdo-Tunisie_168377.jpg","width":301,"height":301,"caption":"Webdo"},"image":{"@id":"https:\/\/www.webdo.tn\/fr\/#\/schema\/logo\/image\/"},"sameAs":["https:\/\/www.facebook.com\/webdotn","https:\/\/x.com\/webdo_tn"],"description":"Webdo est un m\u00e9dia num\u00e9rique tunisien fond\u00e9 en 2010, sp\u00e9cialis\u00e9 dans l\u2019actualit\u00e9 nationale et internationale, l\u2019\u00e9conomie, la soci\u00e9t\u00e9 et les analyses politiques. Le site s\u2019adresse \u00e0 un large public francophone et couvre l\u2019information tunisienne en temps r\u00e9el.","email":"redac@webdo.tn","legalName":"YNJ SARL","foundingDate":"2010-09-06","numberOfEmployees":{"@type":"QuantitativeValue","minValue":"11","maxValue":"50"}},{"@type":"Person","@id":"https:\/\/www.webdo.tn\/fr\/#\/schema\/person\/2c4929cbf5a809e3bd38617c6ce150f6","name":"MC","image":{"@type":"ImageObject","inLanguage":"fr-FR","@id":"https:\/\/secure.gravatar.com\/avatar\/a545bbb6f84efdd5553dbbc2895e3ca8f1d12c5215e00a041c9670b54aa9b18a?s=96&d=mm&r=g","url":"https:\/\/secure.gravatar.com\/avatar\/a545bbb6f84efdd5553dbbc2895e3ca8f1d12c5215e00a041c9670b54aa9b18a?s=96&d=mm&r=g","contentUrl":"https:\/\/secure.gravatar.com\/avatar\/a545bbb6f84efdd5553dbbc2895e3ca8f1d12c5215e00a041c9670b54aa9b18a?s=96&d=mm&r=g","caption":"MC"},"url":"https:\/\/www.webdo.tn\/fr\/actualite\/author\/mc\/"}]}},"_links":{"self":[{"href":"https:\/\/www.webdo.tn\/fr\/wp-json\/wp\/v2\/posts\/203936","targetHints":{"allow":["GET"]}}],"collection":[{"href":"https:\/\/www.webdo.tn\/fr\/wp-json\/wp\/v2\/posts"}],"about":[{"href":"https:\/\/www.webdo.tn\/fr\/wp-json\/wp\/v2\/types\/post"}],"author":[{"embeddable":true,"href":"https:\/\/www.webdo.tn\/fr\/wp-json\/wp\/v2\/users\/3162"}],"replies":[{"embeddable":true,"href":"https:\/\/www.webdo.tn\/fr\/wp-json\/wp\/v2\/comments?post=203936"}],"version-history":[{"count":0,"href":"https:\/\/www.webdo.tn\/fr\/wp-json\/wp\/v2\/posts\/203936\/revisions"}],"wp:featuredmedia":[{"embeddable":true,"href":"https:\/\/www.webdo.tn\/fr\/wp-json\/wp\/v2\/media\/251741"}],"wp:attachment":[{"href":"https:\/\/www.webdo.tn\/fr\/wp-json\/wp\/v2\/media?parent=203936"}],"wp:term":[{"taxonomy":"category","embeddable":true,"href":"https:\/\/www.webdo.tn\/fr\/wp-json\/wp\/v2\/categories?post=203936"},{"taxonomy":"post_tag","embeddable":true,"href":"https:\/\/www.webdo.tn\/fr\/wp-json\/wp\/v2\/tags?post=203936"}],"curies":[{"name":"wp","href":"https:\/\/api.w.org\/{rel}","templated":true}]}}