{"id":203929,"date":"2023-03-14T21:09:00","date_gmt":"2023-03-14T21:09:00","guid":{"rendered":"https:\/\/www.webdo.tn\/fr\/blog\/la-grece-frappee-par-un-seisme-de-magnitude-5-2-sur-l-echelle-de-richter\/203929\/"},"modified":"2025-05-20T22:01:39","modified_gmt":"2025-05-20T22:01:39","slug":"la-grece-frappee-par-un-seisme-de-magnitude-5-2-sur-l-echelle-de-richter","status":"publish","type":"post","link":"https:\/\/www.webdo.tn\/fr\/actualite\/international\/la-grece-frappee-par-un-seisme-de-magnitude-5-2-sur-l-echelle-de-richter\/203929\/","title":{"rendered":"La Gr\u00e8ce frapp\u00e9e par un s\u00e9isme de magnitude 5,2 sur l\u2019\u00e9chelle de Richter"},"content":{"rendered":"<p>Un tremblement de terre sous-marin d&rsquo;une magnitude de 5,2 sur l\u2019\u00e9chelle de Richter a \u00e9t\u00e9 enregistr\u00e9, dans la soir\u00e9e de mardi 14 mars 2023, au large de l&rsquo;\u00eele grecque de Cyth\u00e8re en mer Eg\u00e9e (sud).<\/p>\n<p>\t\t\t\t\t\t\t\t\tLa secousse a eu lieu \u00e0 16H36 \u00e0 une profondeur de 14 kilom\u00e8tres en mer Eg\u00e9e, \u00e0 299 kilom\u00e8tres au sud d&rsquo;Ath\u00e8nes et \u00e0 98 kilom\u00e8tres de Cyth\u00e8re, indique l&rsquo;Observatoire national d&rsquo;Ath\u00e8nes.<\/p>\n<p>Aucune victime et aucun d\u00e9g\u00e2t n\u2019ont \u00e9t\u00e9 signal\u00e9s sachant que la Gr\u00e8ce, situ\u00e9e sur plusieurs lignes de faille g\u00e9ologiques, est r\u00e9guli\u00e8rement frapp\u00e9e par des s\u00e9ismes.<\/p>\n","protected":false},"excerpt":{"rendered":"<p>Un tremblement de terre sous-marin d&rsquo;une magnitude de 5,2 sur l\u2019\u00e9chelle de Richter a \u00e9t\u00e9 enregistr\u00e9, dans la soir\u00e9e de mardi 14 mars 2023, en Gr\u00e8ce.<\/p>\n","protected":false},"author":3162,"featured_media":251740,"comment_status":"open","ping_status":"closed","sticky":false,"template":"","format":"standard","meta":{"footnotes":""},"categories":[2598],"tags":[8689,7271],"class_list":["post-203929","post","type-post","status-publish","format-standard","has-post-thumbnail","hentry","category-international","tag-grece","tag-seisme"],"yoast_head":"<!-- This site is optimized with the Yoast SEO Premium plugin v27.4 (Yoast SEO v27.5) - https:\/\/yoast.com\/product\/yoast-seo-premium-wordpress\/ -->\n<title>La Gr\u00e8ce frapp\u00e9e par un s\u00e9isme de magnitude 5,2 sur l\u2019\u00e9chelle de Richter<\/title>\n<meta name=\"description\" content=\"Un tremblement de terre sous-marin d&#039;une magnitude de 5,2 sur l\u2019\u00e9chelle de Richter a \u00e9t\u00e9 enregistr\u00e9, dans la soir\u00e9e de mardi 14 mars 2023, en Gr\u00e8ce.\" \/>\n<link rel=\"canonical\" href=\"https:\/\/www.webdo.tn\/fr\/actualite\/international\/la-grece-frappee-par-un-seisme-de-magnitude-5-2-sur-l-echelle-de-richter\/203929\/\" \/>\n<meta property=\"og:locale\" content=\"fr_FR\" \/>\n<meta property=\"og:type\" content=\"article\" \/>\n<meta property=\"og:title\" content=\"La Gr\u00e8ce frapp\u00e9e par un s\u00e9isme de magnitude 5,2 sur l\u2019\u00e9chelle de Richter\" \/>\n<meta property=\"og:description\" content=\"Un tremblement de terre sous-marin d&#039;une magnitude de 5,2 sur l\u2019\u00e9chelle de Richter a \u00e9t\u00e9 enregistr\u00e9, dans la soir\u00e9e de mardi 14 mars 2023, en Gr\u00e8ce.\" \/>\n<meta property=\"og:url\" content=\"https:\/\/www.webdo.tn\/fr\/actualite\/international\/la-grece-frappee-par-un-seisme-de-magnitude-5-2-sur-l-echelle-de-richter\/203929\/\" \/>\n<meta property=\"og:site_name\" content=\"webdo\" \/>\n<meta property=\"article:publisher\" content=\"https:\/\/www.facebook.com\/webdotn\" \/>\n<meta property=\"article:published_time\" content=\"2023-03-14T21:09:00+00:00\" \/>\n<meta property=\"article:modified_time\" content=\"2025-05-20T22:01:39+00:00\" \/>\n<meta property=\"og:image\" content=\"https:\/\/www.webdo.tn\/fr\/wp-content\/uploads\/2023\/03\/803fc6aa7bb1b2535f31aec0b47c7b4c.jpg\" \/>\n\t<meta property=\"og:image:width\" content=\"750\" \/>\n\t<meta property=\"og:image:height\" content=\"400\" \/>\n\t<meta property=\"og:image:type\" content=\"image\/jpeg\" \/>\n<meta name=\"author\" content=\"MC\" \/>\n<meta name=\"twitter:card\" content=\"summary_large_image\" \/>\n<meta name=\"twitter:creator\" content=\"@webdo_tn\" \/>\n<meta name=\"twitter:site\" content=\"@webdo_tn\" \/>\n<meta name=\"twitter:label1\" content=\"\u00c9crit par\" \/>\n\t<meta name=\"twitter:data1\" content=\"MC\" \/>\n\t<meta name=\"twitter:label2\" content=\"Dur\u00e9e de lecture estim\u00e9e\" \/>\n\t<meta name=\"twitter:data2\" content=\"1 minute\" \/>\n<script type=\"application\/ld+json\" class=\"yoast-schema-graph\">{\"@context\":\"https:\\\/\\\/schema.org\",\"@graph\":[{\"@type\":\"NewsArticle\",\"@id\":\"https:\\\/\\\/www.webdo.tn\\\/fr\\\/actualite\\\/international\\\/la-grece-frappee-par-un-seisme-de-magnitude-5-2-sur-l-echelle-de-richter\\\/203929\\\/#article\",\"isPartOf\":{\"@id\":\"https:\\\/\\\/www.webdo.tn\\\/fr\\\/actualite\\\/international\\\/la-grece-frappee-par-un-seisme-de-magnitude-5-2-sur-l-echelle-de-richter\\\/203929\\\/\"},\"author\":{\"name\":\"MC\",\"@id\":\"https:\\\/\\\/www.webdo.tn\\\/fr\\\/#\\\/schema\\\/person\\\/2c4929cbf5a809e3bd38617c6ce150f6\"},\"headline\":\"La Gr\u00e8ce frapp\u00e9e par un s\u00e9isme de magnitude 5,2 sur l\u2019\u00e9chelle de Richter\",\"datePublished\":\"2023-03-14T21:09:00+00:00\",\"dateModified\":\"2025-05-20T22:01:39+00:00\",\"mainEntityOfPage\":{\"@id\":\"https:\\\/\\\/www.webdo.tn\\\/fr\\\/actualite\\\/international\\\/la-grece-frappee-par-un-seisme-de-magnitude-5-2-sur-l-echelle-de-richter\\\/203929\\\/\"},\"wordCount\":125,\"commentCount\":0,\"publisher\":{\"@id\":\"https:\\\/\\\/www.webdo.tn\\\/fr\\\/#organization\"},\"image\":{\"@id\":\"https:\\\/\\\/www.webdo.tn\\\/fr\\\/actualite\\\/international\\\/la-grece-frappee-par-un-seisme-de-magnitude-5-2-sur-l-echelle-de-richter\\\/203929\\\/#primaryimage\"},\"thumbnailUrl\":\"https:\\\/\\\/www.webdo.tn\\\/fr\\\/wp-content\\\/uploads\\\/2023\\\/03\\\/803fc6aa7bb1b2535f31aec0b47c7b4c.jpg\",\"keywords\":[\"gr\u00e8ce\",\"s\u00e9isme\"],\"articleSection\":[\"International\"],\"inLanguage\":\"fr-FR\"},{\"@type\":\"WebPage\",\"@id\":\"https:\\\/\\\/www.webdo.tn\\\/fr\\\/actualite\\\/international\\\/la-grece-frappee-par-un-seisme-de-magnitude-5-2-sur-l-echelle-de-richter\\\/203929\\\/\",\"url\":\"https:\\\/\\\/www.webdo.tn\\\/fr\\\/actualite\\\/international\\\/la-grece-frappee-par-un-seisme-de-magnitude-5-2-sur-l-echelle-de-richter\\\/203929\\\/\",\"name\":\"La Gr\u00e8ce frapp\u00e9e par un s\u00e9isme de magnitude 5,2 sur l\u2019\u00e9chelle de Richter\",\"isPartOf\":{\"@id\":\"https:\\\/\\\/www.webdo.tn\\\/fr\\\/#website\"},\"primaryImageOfPage\":{\"@id\":\"https:\\\/\\\/www.webdo.tn\\\/fr\\\/actualite\\\/international\\\/la-grece-frappee-par-un-seisme-de-magnitude-5-2-sur-l-echelle-de-richter\\\/203929\\\/#primaryimage\"},\"image\":{\"@id\":\"https:\\\/\\\/www.webdo.tn\\\/fr\\\/actualite\\\/international\\\/la-grece-frappee-par-un-seisme-de-magnitude-5-2-sur-l-echelle-de-richter\\\/203929\\\/#primaryimage\"},\"thumbnailUrl\":\"https:\\\/\\\/www.webdo.tn\\\/fr\\\/wp-content\\\/uploads\\\/2023\\\/03\\\/803fc6aa7bb1b2535f31aec0b47c7b4c.jpg\",\"datePublished\":\"2023-03-14T21:09:00+00:00\",\"dateModified\":\"2025-05-20T22:01:39+00:00\",\"description\":\"Un tremblement de terre sous-marin d'une magnitude de 5,2 sur l\u2019\u00e9chelle de Richter a \u00e9t\u00e9 enregistr\u00e9, dans la soir\u00e9e de mardi 14 mars 2023, en Gr\u00e8ce.\",\"breadcrumb\":{\"@id\":\"https:\\\/\\\/www.webdo.tn\\\/fr\\\/actualite\\\/international\\\/la-grece-frappee-par-un-seisme-de-magnitude-5-2-sur-l-echelle-de-richter\\\/203929\\\/#breadcrumb\"},\"inLanguage\":\"fr-FR\",\"potentialAction\":[{\"@type\":\"ReadAction\",\"target\":[\"https:\\\/\\\/www.webdo.tn\\\/fr\\\/actualite\\\/international\\\/la-grece-frappee-par-un-seisme-de-magnitude-5-2-sur-l-echelle-de-richter\\\/203929\\\/\"]}]},{\"@type\":\"ImageObject\",\"inLanguage\":\"fr-FR\",\"@id\":\"https:\\\/\\\/www.webdo.tn\\\/fr\\\/actualite\\\/international\\\/la-grece-frappee-par-un-seisme-de-magnitude-5-2-sur-l-echelle-de-richter\\\/203929\\\/#primaryimage\",\"url\":\"https:\\\/\\\/www.webdo.tn\\\/fr\\\/wp-content\\\/uploads\\\/2023\\\/03\\\/803fc6aa7bb1b2535f31aec0b47c7b4c.jpg\",\"contentUrl\":\"https:\\\/\\\/www.webdo.tn\\\/fr\\\/wp-content\\\/uploads\\\/2023\\\/03\\\/803fc6aa7bb1b2535f31aec0b47c7b4c.jpg\",\"width\":750,\"height\":400,\"caption\":\"La Gr\u00e8ce frapp\u00e9e par un s\u00e9isme de magnitude 5,2 sur l\u2019\u00e9chelle de Richter\"},{\"@type\":\"BreadcrumbList\",\"@id\":\"https:\\\/\\\/www.webdo.tn\\\/fr\\\/actualite\\\/international\\\/la-grece-frappee-par-un-seisme-de-magnitude-5-2-sur-l-echelle-de-richter\\\/203929\\\/#breadcrumb\",\"itemListElement\":[{\"@type\":\"ListItem\",\"position\":1,\"name\":\"Accueil\",\"item\":\"https:\\\/\\\/www.webdo.tn\\\/fr\\\/\"},{\"@type\":\"ListItem\",\"position\":2,\"name\":\"La Gr\u00e8ce frapp\u00e9e par un s\u00e9isme de magnitude 5,2 sur l\u2019\u00e9chelle de Richter\"}]},{\"@type\":\"WebSite\",\"@id\":\"https:\\\/\\\/www.webdo.tn\\\/fr\\\/#website\",\"url\":\"https:\\\/\\\/www.webdo.tn\\\/fr\\\/\",\"name\":\"webdo\",\"description\":\"Tunisie - News en Tunisie et \u00e0 l&#039;international sur Webdo.tn\",\"publisher\":{\"@id\":\"https:\\\/\\\/www.webdo.tn\\\/fr\\\/#organization\"},\"potentialAction\":[{\"@type\":\"SearchAction\",\"target\":{\"@type\":\"EntryPoint\",\"urlTemplate\":\"https:\\\/\\\/www.webdo.tn\\\/fr\\\/?s={search_term_string}\"},\"query-input\":{\"@type\":\"PropertyValueSpecification\",\"valueRequired\":true,\"valueName\":\"search_term_string\"}}],\"inLanguage\":\"fr-FR\"},{\"@type\":\"Organization\",\"@id\":\"https:\\\/\\\/www.webdo.tn\\\/fr\\\/#organization\",\"name\":\"Webdo\",\"alternateName\":\"Webdo.tn\",\"url\":\"https:\\\/\\\/www.webdo.tn\\\/fr\\\/\",\"logo\":{\"@type\":\"ImageObject\",\"inLanguage\":\"fr-FR\",\"@id\":\"https:\\\/\\\/www.webdo.tn\\\/fr\\\/#\\\/schema\\\/logo\\\/image\\\/\",\"url\":\"https:\\\/\\\/www.webdo.tn\\\/fr\\\/wp-content\\\/uploads\\\/2025\\\/06\\\/Webdo-Tunisie_168377.jpg\",\"contentUrl\":\"https:\\\/\\\/www.webdo.tn\\\/fr\\\/wp-content\\\/uploads\\\/2025\\\/06\\\/Webdo-Tunisie_168377.jpg\",\"width\":301,\"height\":301,\"caption\":\"Webdo\"},\"image\":{\"@id\":\"https:\\\/\\\/www.webdo.tn\\\/fr\\\/#\\\/schema\\\/logo\\\/image\\\/\"},\"sameAs\":[\"https:\\\/\\\/www.facebook.com\\\/webdotn\",\"https:\\\/\\\/x.com\\\/webdo_tn\"],\"description\":\"Webdo est un m\u00e9dia num\u00e9rique tunisien fond\u00e9 en 2010, sp\u00e9cialis\u00e9 dans l\u2019actualit\u00e9 nationale et internationale, l\u2019\u00e9conomie, la soci\u00e9t\u00e9 et les analyses politiques. Le site s\u2019adresse \u00e0 un large public francophone et couvre l\u2019information tunisienne en temps r\u00e9el.\",\"email\":\"redac@webdo.tn\",\"legalName\":\"YNJ SARL\",\"foundingDate\":\"2010-09-06\",\"numberOfEmployees\":{\"@type\":\"QuantitativeValue\",\"minValue\":\"11\",\"maxValue\":\"50\"}},{\"@type\":\"Person\",\"@id\":\"https:\\\/\\\/www.webdo.tn\\\/fr\\\/#\\\/schema\\\/person\\\/2c4929cbf5a809e3bd38617c6ce150f6\",\"name\":\"MC\",\"image\":{\"@type\":\"ImageObject\",\"inLanguage\":\"fr-FR\",\"@id\":\"https:\\\/\\\/secure.gravatar.com\\\/avatar\\\/a545bbb6f84efdd5553dbbc2895e3ca8f1d12c5215e00a041c9670b54aa9b18a?s=96&d=mm&r=g\",\"url\":\"https:\\\/\\\/secure.gravatar.com\\\/avatar\\\/a545bbb6f84efdd5553dbbc2895e3ca8f1d12c5215e00a041c9670b54aa9b18a?s=96&d=mm&r=g\",\"contentUrl\":\"https:\\\/\\\/secure.gravatar.com\\\/avatar\\\/a545bbb6f84efdd5553dbbc2895e3ca8f1d12c5215e00a041c9670b54aa9b18a?s=96&d=mm&r=g\",\"caption\":\"MC\"},\"url\":\"https:\\\/\\\/www.webdo.tn\\\/fr\\\/actualite\\\/author\\\/mc\\\/\"}]}<\/script>\n<!-- \/ Yoast SEO Premium plugin. -->","yoast_head_json":{"title":"La Gr\u00e8ce frapp\u00e9e par un s\u00e9isme de magnitude 5,2 sur l\u2019\u00e9chelle de Richter","description":"Un tremblement de terre sous-marin d'une magnitude de 5,2 sur l\u2019\u00e9chelle de Richter a \u00e9t\u00e9 enregistr\u00e9, dans la soir\u00e9e de mardi 14 mars 2023, en Gr\u00e8ce.","canonical":"https:\/\/www.webdo.tn\/fr\/actualite\/international\/la-grece-frappee-par-un-seisme-de-magnitude-5-2-sur-l-echelle-de-richter\/203929\/","og_locale":"fr_FR","og_type":"article","og_title":"La Gr\u00e8ce frapp\u00e9e par un s\u00e9isme de magnitude 5,2 sur l\u2019\u00e9chelle de Richter","og_description":"Un tremblement de terre sous-marin d'une magnitude de 5,2 sur l\u2019\u00e9chelle de Richter a \u00e9t\u00e9 enregistr\u00e9, dans la soir\u00e9e de mardi 14 mars 2023, en Gr\u00e8ce.","og_url":"https:\/\/www.webdo.tn\/fr\/actualite\/international\/la-grece-frappee-par-un-seisme-de-magnitude-5-2-sur-l-echelle-de-richter\/203929\/","og_site_name":"webdo","article_publisher":"https:\/\/www.facebook.com\/webdotn","article_published_time":"2023-03-14T21:09:00+00:00","article_modified_time":"2025-05-20T22:01:39+00:00","og_image":[{"width":750,"height":400,"url":"https:\/\/www.webdo.tn\/fr\/wp-content\/uploads\/2023\/03\/803fc6aa7bb1b2535f31aec0b47c7b4c.jpg","type":"image\/jpeg"}],"author":"MC","twitter_card":"summary_large_image","twitter_creator":"@webdo_tn","twitter_site":"@webdo_tn","twitter_misc":{"\u00c9crit par":"MC","Dur\u00e9e de lecture estim\u00e9e":"1 minute"},"schema":{"@context":"https:\/\/schema.org","@graph":[{"@type":"NewsArticle","@id":"https:\/\/www.webdo.tn\/fr\/actualite\/international\/la-grece-frappee-par-un-seisme-de-magnitude-5-2-sur-l-echelle-de-richter\/203929\/#article","isPartOf":{"@id":"https:\/\/www.webdo.tn\/fr\/actualite\/international\/la-grece-frappee-par-un-seisme-de-magnitude-5-2-sur-l-echelle-de-richter\/203929\/"},"author":{"name":"MC","@id":"https:\/\/www.webdo.tn\/fr\/#\/schema\/person\/2c4929cbf5a809e3bd38617c6ce150f6"},"headline":"La Gr\u00e8ce frapp\u00e9e par un s\u00e9isme de magnitude 5,2 sur l\u2019\u00e9chelle de Richter","datePublished":"2023-03-14T21:09:00+00:00","dateModified":"2025-05-20T22:01:39+00:00","mainEntityOfPage":{"@id":"https:\/\/www.webdo.tn\/fr\/actualite\/international\/la-grece-frappee-par-un-seisme-de-magnitude-5-2-sur-l-echelle-de-richter\/203929\/"},"wordCount":125,"commentCount":0,"publisher":{"@id":"https:\/\/www.webdo.tn\/fr\/#organization"},"image":{"@id":"https:\/\/www.webdo.tn\/fr\/actualite\/international\/la-grece-frappee-par-un-seisme-de-magnitude-5-2-sur-l-echelle-de-richter\/203929\/#primaryimage"},"thumbnailUrl":"https:\/\/www.webdo.tn\/fr\/wp-content\/uploads\/2023\/03\/803fc6aa7bb1b2535f31aec0b47c7b4c.jpg","keywords":["gr\u00e8ce","s\u00e9isme"],"articleSection":["International"],"inLanguage":"fr-FR"},{"@type":"WebPage","@id":"https:\/\/www.webdo.tn\/fr\/actualite\/international\/la-grece-frappee-par-un-seisme-de-magnitude-5-2-sur-l-echelle-de-richter\/203929\/","url":"https:\/\/www.webdo.tn\/fr\/actualite\/international\/la-grece-frappee-par-un-seisme-de-magnitude-5-2-sur-l-echelle-de-richter\/203929\/","name":"La Gr\u00e8ce frapp\u00e9e par un s\u00e9isme de magnitude 5,2 sur l\u2019\u00e9chelle de Richter","isPartOf":{"@id":"https:\/\/www.webdo.tn\/fr\/#website"},"primaryImageOfPage":{"@id":"https:\/\/www.webdo.tn\/fr\/actualite\/international\/la-grece-frappee-par-un-seisme-de-magnitude-5-2-sur-l-echelle-de-richter\/203929\/#primaryimage"},"image":{"@id":"https:\/\/www.webdo.tn\/fr\/actualite\/international\/la-grece-frappee-par-un-seisme-de-magnitude-5-2-sur-l-echelle-de-richter\/203929\/#primaryimage"},"thumbnailUrl":"https:\/\/www.webdo.tn\/fr\/wp-content\/uploads\/2023\/03\/803fc6aa7bb1b2535f31aec0b47c7b4c.jpg","datePublished":"2023-03-14T21:09:00+00:00","dateModified":"2025-05-20T22:01:39+00:00","description":"Un tremblement de terre sous-marin d'une magnitude de 5,2 sur l\u2019\u00e9chelle de Richter a \u00e9t\u00e9 enregistr\u00e9, dans la soir\u00e9e de mardi 14 mars 2023, en Gr\u00e8ce.","breadcrumb":{"@id":"https:\/\/www.webdo.tn\/fr\/actualite\/international\/la-grece-frappee-par-un-seisme-de-magnitude-5-2-sur-l-echelle-de-richter\/203929\/#breadcrumb"},"inLanguage":"fr-FR","potentialAction":[{"@type":"ReadAction","target":["https:\/\/www.webdo.tn\/fr\/actualite\/international\/la-grece-frappee-par-un-seisme-de-magnitude-5-2-sur-l-echelle-de-richter\/203929\/"]}]},{"@type":"ImageObject","inLanguage":"fr-FR","@id":"https:\/\/www.webdo.tn\/fr\/actualite\/international\/la-grece-frappee-par-un-seisme-de-magnitude-5-2-sur-l-echelle-de-richter\/203929\/#primaryimage","url":"https:\/\/www.webdo.tn\/fr\/wp-content\/uploads\/2023\/03\/803fc6aa7bb1b2535f31aec0b47c7b4c.jpg","contentUrl":"https:\/\/www.webdo.tn\/fr\/wp-content\/uploads\/2023\/03\/803fc6aa7bb1b2535f31aec0b47c7b4c.jpg","width":750,"height":400,"caption":"La Gr\u00e8ce frapp\u00e9e par un s\u00e9isme de magnitude 5,2 sur l\u2019\u00e9chelle de Richter"},{"@type":"BreadcrumbList","@id":"https:\/\/www.webdo.tn\/fr\/actualite\/international\/la-grece-frappee-par-un-seisme-de-magnitude-5-2-sur-l-echelle-de-richter\/203929\/#breadcrumb","itemListElement":[{"@type":"ListItem","position":1,"name":"Accueil","item":"https:\/\/www.webdo.tn\/fr\/"},{"@type":"ListItem","position":2,"name":"La Gr\u00e8ce frapp\u00e9e par un s\u00e9isme de magnitude 5,2 sur l\u2019\u00e9chelle de Richter"}]},{"@type":"WebSite","@id":"https:\/\/www.webdo.tn\/fr\/#website","url":"https:\/\/www.webdo.tn\/fr\/","name":"webdo","description":"Tunisie - News en Tunisie et \u00e0 l&#039;international sur Webdo.tn","publisher":{"@id":"https:\/\/www.webdo.tn\/fr\/#organization"},"potentialAction":[{"@type":"SearchAction","target":{"@type":"EntryPoint","urlTemplate":"https:\/\/www.webdo.tn\/fr\/?s={search_term_string}"},"query-input":{"@type":"PropertyValueSpecification","valueRequired":true,"valueName":"search_term_string"}}],"inLanguage":"fr-FR"},{"@type":"Organization","@id":"https:\/\/www.webdo.tn\/fr\/#organization","name":"Webdo","alternateName":"Webdo.tn","url":"https:\/\/www.webdo.tn\/fr\/","logo":{"@type":"ImageObject","inLanguage":"fr-FR","@id":"https:\/\/www.webdo.tn\/fr\/#\/schema\/logo\/image\/","url":"https:\/\/www.webdo.tn\/fr\/wp-content\/uploads\/2025\/06\/Webdo-Tunisie_168377.jpg","contentUrl":"https:\/\/www.webdo.tn\/fr\/wp-content\/uploads\/2025\/06\/Webdo-Tunisie_168377.jpg","width":301,"height":301,"caption":"Webdo"},"image":{"@id":"https:\/\/www.webdo.tn\/fr\/#\/schema\/logo\/image\/"},"sameAs":["https:\/\/www.facebook.com\/webdotn","https:\/\/x.com\/webdo_tn"],"description":"Webdo est un m\u00e9dia num\u00e9rique tunisien fond\u00e9 en 2010, sp\u00e9cialis\u00e9 dans l\u2019actualit\u00e9 nationale et internationale, l\u2019\u00e9conomie, la soci\u00e9t\u00e9 et les analyses politiques. Le site s\u2019adresse \u00e0 un large public francophone et couvre l\u2019information tunisienne en temps r\u00e9el.","email":"redac@webdo.tn","legalName":"YNJ SARL","foundingDate":"2010-09-06","numberOfEmployees":{"@type":"QuantitativeValue","minValue":"11","maxValue":"50"}},{"@type":"Person","@id":"https:\/\/www.webdo.tn\/fr\/#\/schema\/person\/2c4929cbf5a809e3bd38617c6ce150f6","name":"MC","image":{"@type":"ImageObject","inLanguage":"fr-FR","@id":"https:\/\/secure.gravatar.com\/avatar\/a545bbb6f84efdd5553dbbc2895e3ca8f1d12c5215e00a041c9670b54aa9b18a?s=96&d=mm&r=g","url":"https:\/\/secure.gravatar.com\/avatar\/a545bbb6f84efdd5553dbbc2895e3ca8f1d12c5215e00a041c9670b54aa9b18a?s=96&d=mm&r=g","contentUrl":"https:\/\/secure.gravatar.com\/avatar\/a545bbb6f84efdd5553dbbc2895e3ca8f1d12c5215e00a041c9670b54aa9b18a?s=96&d=mm&r=g","caption":"MC"},"url":"https:\/\/www.webdo.tn\/fr\/actualite\/author\/mc\/"}]}},"_links":{"self":[{"href":"https:\/\/www.webdo.tn\/fr\/wp-json\/wp\/v2\/posts\/203929","targetHints":{"allow":["GET"]}}],"collection":[{"href":"https:\/\/www.webdo.tn\/fr\/wp-json\/wp\/v2\/posts"}],"about":[{"href":"https:\/\/www.webdo.tn\/fr\/wp-json\/wp\/v2\/types\/post"}],"author":[{"embeddable":true,"href":"https:\/\/www.webdo.tn\/fr\/wp-json\/wp\/v2\/users\/3162"}],"replies":[{"embeddable":true,"href":"https:\/\/www.webdo.tn\/fr\/wp-json\/wp\/v2\/comments?post=203929"}],"version-history":[{"count":0,"href":"https:\/\/www.webdo.tn\/fr\/wp-json\/wp\/v2\/posts\/203929\/revisions"}],"wp:featuredmedia":[{"embeddable":true,"href":"https:\/\/www.webdo.tn\/fr\/wp-json\/wp\/v2\/media\/251740"}],"wp:attachment":[{"href":"https:\/\/www.webdo.tn\/fr\/wp-json\/wp\/v2\/media?parent=203929"}],"wp:term":[{"taxonomy":"category","embeddable":true,"href":"https:\/\/www.webdo.tn\/fr\/wp-json\/wp\/v2\/categories?post=203929"},{"taxonomy":"post_tag","embeddable":true,"href":"https:\/\/www.webdo.tn\/fr\/wp-json\/wp\/v2\/tags?post=203929"}],"curies":[{"name":"wp","href":"https:\/\/api.w.org\/{rel}","templated":true}]}}