{"id":203927,"date":"2023-03-14T20:50:00","date_gmt":"2023-03-14T20:50:00","guid":{"rendered":"https:\/\/www.webdo.tn\/fr\/blog\/l-ambassadeur-us-releve-le-professionnalisme-des-forces-de-securite-tunisiennes\/203927\/"},"modified":"2025-05-20T22:01:38","modified_gmt":"2025-05-20T22:01:38","slug":"l-ambassadeur-us-releve-le-professionnalisme-des-forces-de-securite-tunisiennes","status":"publish","type":"post","link":"https:\/\/www.webdo.tn\/fr\/actualite\/national\/l-ambassadeur-us-releve-le-professionnalisme-des-forces-de-securite-tunisiennes\/203927\/","title":{"rendered":"L\u2019Ambassadeur US rel\u00e8ve \u00ab\u00a0le professionnalisme des forces de s\u00e9curit\u00e9 tunisiennes\u00a0\u00bb"},"content":{"rendered":"<p>Le ministre de l&rsquo;Int\u00e9rieur, Taoufik Charfeddine a re\u00e7u, ce mardi 14 mars 2023, au si\u00e8ge de son d\u00e9partement, l&rsquo;Ambassadeur des Etats-Unis, Joey Hood.<\/p>\n<p>\t\t\t\t\t\t\t\t\tAu cours de cette rencontre, Taoufik Charfeddine et Joey Hood ont notamment abord\u00e9 la coop\u00e9ration bilat\u00e9rale, les axes d&rsquo;int\u00e9r\u00eat commun et la collaboration entre les deux pays, notamment en mati\u00e8re de s\u00e9curit\u00e9.<\/p>\n<p>L\u2019Ambassadeur US a \u00e9galement relev\u00e9 le professionnalisme des unit\u00e9s de s\u00e9curit\u00e9 tunisiennes dans leur travail d\u2019imposer le respect de la loi, tout en respectant les droits de l\u2019homme et les libert\u00e9s, notamment lors des rassemblements, indique un communiqu\u00e9 du minist\u00e8re de l\u2019Int\u00e9rieur.<\/p>\n<p>Les deux parties ont soulign\u00e9 la n\u00e9cessit\u00e9 de suivre la mise en \u0153uvre des projets conjoints et ont convenu de soutenir davantage et de diversifier les domaines de coop\u00e9ration dans les domaines de comp\u00e9tence du d\u00e9partement de l&rsquo;Int\u00e9rieur.<\/p>\n","protected":false},"excerpt":{"rendered":"<p>Le ministre de l&rsquo;Int\u00e9rieur, Taoufik Charfeddine a re\u00e7u, ce mardi 14 mars 2023, au si\u00e8ge de son d\u00e9partement, l&rsquo;Ambassadeur des Etats-Unis, Joey Hood.<\/p>\n","protected":false},"author":3162,"featured_media":251738,"comment_status":"open","ping_status":"closed","sticky":false,"template":"","format":"standard","meta":{"footnotes":""},"categories":[44],"tags":[3035,4636,2608],"class_list":["post-203927","post","type-post","status-publish","format-standard","has-post-thumbnail","hentry","category-national","tag-etats-unis","tag-interieur","tag-tunisie"],"yoast_head":"<!-- This site is optimized with the Yoast SEO Premium plugin v27.5 (Yoast SEO v27.5) - https:\/\/yoast.com\/product\/yoast-seo-premium-wordpress\/ -->\n<title>L\u2019Ambassadeur US rel\u00e8ve le professionnalisme des forces de s\u00e9curit\u00e9 tunisiennes<\/title>\n<meta name=\"description\" content=\"Le ministre de l&#039;Int\u00e9rieur, Taoufik Charfeddine a re\u00e7u, ce mardi 14 mars 2023, au si\u00e8ge de son d\u00e9partement, l&#039;Ambassadeur des Etats-Unis, Joey Hood.\" \/>\n<link rel=\"canonical\" href=\"https:\/\/www.webdo.tn\/fr\/actualite\/national\/l-ambassadeur-us-releve-le-professionnalisme-des-forces-de-securite-tunisiennes\/203927\/\" \/>\n<meta property=\"og:locale\" content=\"fr_FR\" \/>\n<meta property=\"og:type\" content=\"article\" \/>\n<meta property=\"og:title\" content=\"L\u2019Ambassadeur US rel\u00e8ve &quot;le professionnalisme des forces de s\u00e9curit\u00e9 tunisiennes&quot;\" \/>\n<meta property=\"og:description\" content=\"Le ministre de l&#039;Int\u00e9rieur, Taoufik Charfeddine a re\u00e7u, ce mardi 14 mars 2023, au si\u00e8ge de son d\u00e9partement, l&#039;Ambassadeur des Etats-Unis, Joey Hood.\" \/>\n<meta property=\"og:url\" content=\"https:\/\/www.webdo.tn\/fr\/actualite\/national\/l-ambassadeur-us-releve-le-professionnalisme-des-forces-de-securite-tunisiennes\/203927\/\" \/>\n<meta property=\"og:site_name\" content=\"webdo\" \/>\n<meta property=\"article:publisher\" content=\"https:\/\/www.facebook.com\/webdotn\" \/>\n<meta property=\"article:published_time\" content=\"2023-03-14T20:50:00+00:00\" \/>\n<meta property=\"article:modified_time\" content=\"2025-05-20T22:01:38+00:00\" \/>\n<meta property=\"og:image\" content=\"https:\/\/www.webdo.tn\/fr\/wp-content\/uploads\/2023\/03\/c94360e19c744717e15602caab65f67f.jpg\" \/>\n\t<meta property=\"og:image:width\" content=\"750\" \/>\n\t<meta property=\"og:image:height\" content=\"400\" \/>\n\t<meta property=\"og:image:type\" content=\"image\/jpeg\" \/>\n<meta name=\"author\" content=\"MC\" \/>\n<meta name=\"twitter:card\" content=\"summary_large_image\" \/>\n<meta name=\"twitter:creator\" content=\"@webdo_tn\" \/>\n<meta name=\"twitter:site\" content=\"@webdo_tn\" \/>\n<meta name=\"twitter:label1\" content=\"\u00c9crit par\" \/>\n\t<meta name=\"twitter:data1\" content=\"MC\" \/>\n\t<meta name=\"twitter:label2\" content=\"Dur\u00e9e de lecture estim\u00e9e\" \/>\n\t<meta name=\"twitter:data2\" content=\"1 minute\" \/>\n<script type=\"application\/ld+json\" class=\"yoast-schema-graph\">{\"@context\":\"https:\\\/\\\/schema.org\",\"@graph\":[{\"@type\":\"NewsArticle\",\"@id\":\"https:\\\/\\\/www.webdo.tn\\\/fr\\\/actualite\\\/national\\\/l-ambassadeur-us-releve-le-professionnalisme-des-forces-de-securite-tunisiennes\\\/203927\\\/#article\",\"isPartOf\":{\"@id\":\"https:\\\/\\\/www.webdo.tn\\\/fr\\\/actualite\\\/national\\\/l-ambassadeur-us-releve-le-professionnalisme-des-forces-de-securite-tunisiennes\\\/203927\\\/\"},\"author\":{\"name\":\"MC\",\"@id\":\"https:\\\/\\\/www.webdo.tn\\\/fr\\\/#\\\/schema\\\/person\\\/2c4929cbf5a809e3bd38617c6ce150f6\"},\"headline\":\"L\u2019Ambassadeur US rel\u00e8ve \u00ab\u00a0le professionnalisme des forces de s\u00e9curit\u00e9 tunisiennes\u00a0\u00bb\",\"datePublished\":\"2023-03-14T20:50:00+00:00\",\"dateModified\":\"2025-05-20T22:01:38+00:00\",\"mainEntityOfPage\":{\"@id\":\"https:\\\/\\\/www.webdo.tn\\\/fr\\\/actualite\\\/national\\\/l-ambassadeur-us-releve-le-professionnalisme-des-forces-de-securite-tunisiennes\\\/203927\\\/\"},\"wordCount\":174,\"commentCount\":0,\"publisher\":{\"@id\":\"https:\\\/\\\/www.webdo.tn\\\/fr\\\/#organization\"},\"image\":{\"@id\":\"https:\\\/\\\/www.webdo.tn\\\/fr\\\/actualite\\\/national\\\/l-ambassadeur-us-releve-le-professionnalisme-des-forces-de-securite-tunisiennes\\\/203927\\\/#primaryimage\"},\"thumbnailUrl\":\"https:\\\/\\\/www.webdo.tn\\\/fr\\\/wp-content\\\/uploads\\\/2023\\\/03\\\/c94360e19c744717e15602caab65f67f.jpg\",\"keywords\":[\"Etats-Unis\",\"int\u00e9rieur\",\"Tunisie\"],\"articleSection\":[\"National\"],\"inLanguage\":\"fr-FR\"},{\"@type\":\"WebPage\",\"@id\":\"https:\\\/\\\/www.webdo.tn\\\/fr\\\/actualite\\\/national\\\/l-ambassadeur-us-releve-le-professionnalisme-des-forces-de-securite-tunisiennes\\\/203927\\\/\",\"url\":\"https:\\\/\\\/www.webdo.tn\\\/fr\\\/actualite\\\/national\\\/l-ambassadeur-us-releve-le-professionnalisme-des-forces-de-securite-tunisiennes\\\/203927\\\/\",\"name\":\"L\u2019Ambassadeur US rel\u00e8ve le professionnalisme des forces de s\u00e9curit\u00e9 tunisiennes\",\"isPartOf\":{\"@id\":\"https:\\\/\\\/www.webdo.tn\\\/fr\\\/#website\"},\"primaryImageOfPage\":{\"@id\":\"https:\\\/\\\/www.webdo.tn\\\/fr\\\/actualite\\\/national\\\/l-ambassadeur-us-releve-le-professionnalisme-des-forces-de-securite-tunisiennes\\\/203927\\\/#primaryimage\"},\"image\":{\"@id\":\"https:\\\/\\\/www.webdo.tn\\\/fr\\\/actualite\\\/national\\\/l-ambassadeur-us-releve-le-professionnalisme-des-forces-de-securite-tunisiennes\\\/203927\\\/#primaryimage\"},\"thumbnailUrl\":\"https:\\\/\\\/www.webdo.tn\\\/fr\\\/wp-content\\\/uploads\\\/2023\\\/03\\\/c94360e19c744717e15602caab65f67f.jpg\",\"datePublished\":\"2023-03-14T20:50:00+00:00\",\"dateModified\":\"2025-05-20T22:01:38+00:00\",\"description\":\"Le ministre de l'Int\u00e9rieur, Taoufik Charfeddine a re\u00e7u, ce mardi 14 mars 2023, au si\u00e8ge de son d\u00e9partement, l'Ambassadeur des Etats-Unis, Joey Hood.\",\"breadcrumb\":{\"@id\":\"https:\\\/\\\/www.webdo.tn\\\/fr\\\/actualite\\\/national\\\/l-ambassadeur-us-releve-le-professionnalisme-des-forces-de-securite-tunisiennes\\\/203927\\\/#breadcrumb\"},\"inLanguage\":\"fr-FR\",\"potentialAction\":[{\"@type\":\"ReadAction\",\"target\":[\"https:\\\/\\\/www.webdo.tn\\\/fr\\\/actualite\\\/national\\\/l-ambassadeur-us-releve-le-professionnalisme-des-forces-de-securite-tunisiennes\\\/203927\\\/\"]}]},{\"@type\":\"ImageObject\",\"inLanguage\":\"fr-FR\",\"@id\":\"https:\\\/\\\/www.webdo.tn\\\/fr\\\/actualite\\\/national\\\/l-ambassadeur-us-releve-le-professionnalisme-des-forces-de-securite-tunisiennes\\\/203927\\\/#primaryimage\",\"url\":\"https:\\\/\\\/www.webdo.tn\\\/fr\\\/wp-content\\\/uploads\\\/2023\\\/03\\\/c94360e19c744717e15602caab65f67f.jpg\",\"contentUrl\":\"https:\\\/\\\/www.webdo.tn\\\/fr\\\/wp-content\\\/uploads\\\/2023\\\/03\\\/c94360e19c744717e15602caab65f67f.jpg\",\"width\":750,\"height\":400,\"caption\":\"L\u2019Ambassadeur US rel\u00e8ve \\\"le professionnalisme des forces de s\u00e9curit\u00e9 tunisiennes\\\"\"},{\"@type\":\"BreadcrumbList\",\"@id\":\"https:\\\/\\\/www.webdo.tn\\\/fr\\\/actualite\\\/national\\\/l-ambassadeur-us-releve-le-professionnalisme-des-forces-de-securite-tunisiennes\\\/203927\\\/#breadcrumb\",\"itemListElement\":[{\"@type\":\"ListItem\",\"position\":1,\"name\":\"Accueil\",\"item\":\"https:\\\/\\\/www.webdo.tn\\\/fr\\\/\"},{\"@type\":\"ListItem\",\"position\":2,\"name\":\"L\u2019Ambassadeur US rel\u00e8ve &#8220;le professionnalisme des forces de s\u00e9curit\u00e9 tunisiennes&#8221;\"}]},{\"@type\":\"WebSite\",\"@id\":\"https:\\\/\\\/www.webdo.tn\\\/fr\\\/#website\",\"url\":\"https:\\\/\\\/www.webdo.tn\\\/fr\\\/\",\"name\":\"webdo\",\"description\":\"Tunisie - News en Tunisie et \u00e0 l&#039;international sur Webdo.tn\",\"publisher\":{\"@id\":\"https:\\\/\\\/www.webdo.tn\\\/fr\\\/#organization\"},\"potentialAction\":[{\"@type\":\"SearchAction\",\"target\":{\"@type\":\"EntryPoint\",\"urlTemplate\":\"https:\\\/\\\/www.webdo.tn\\\/fr\\\/?s={search_term_string}\"},\"query-input\":{\"@type\":\"PropertyValueSpecification\",\"valueRequired\":true,\"valueName\":\"search_term_string\"}}],\"inLanguage\":\"fr-FR\"},{\"@type\":\"Organization\",\"@id\":\"https:\\\/\\\/www.webdo.tn\\\/fr\\\/#organization\",\"name\":\"Webdo\",\"alternateName\":\"Webdo.tn\",\"url\":\"https:\\\/\\\/www.webdo.tn\\\/fr\\\/\",\"logo\":{\"@type\":\"ImageObject\",\"inLanguage\":\"fr-FR\",\"@id\":\"https:\\\/\\\/www.webdo.tn\\\/fr\\\/#\\\/schema\\\/logo\\\/image\\\/\",\"url\":\"https:\\\/\\\/www.webdo.tn\\\/fr\\\/wp-content\\\/uploads\\\/2025\\\/06\\\/Webdo-Tunisie_168377.jpg\",\"contentUrl\":\"https:\\\/\\\/www.webdo.tn\\\/fr\\\/wp-content\\\/uploads\\\/2025\\\/06\\\/Webdo-Tunisie_168377.jpg\",\"width\":301,\"height\":301,\"caption\":\"Webdo\"},\"image\":{\"@id\":\"https:\\\/\\\/www.webdo.tn\\\/fr\\\/#\\\/schema\\\/logo\\\/image\\\/\"},\"sameAs\":[\"https:\\\/\\\/www.facebook.com\\\/webdotn\",\"https:\\\/\\\/x.com\\\/webdo_tn\"],\"description\":\"Webdo est un m\u00e9dia num\u00e9rique tunisien fond\u00e9 en 2010, sp\u00e9cialis\u00e9 dans l\u2019actualit\u00e9 nationale et internationale, l\u2019\u00e9conomie, la soci\u00e9t\u00e9 et les analyses politiques. Le site s\u2019adresse \u00e0 un large public francophone et couvre l\u2019information tunisienne en temps r\u00e9el.\",\"email\":\"redac@webdo.tn\",\"legalName\":\"YNJ SARL\",\"foundingDate\":\"2010-09-06\",\"numberOfEmployees\":{\"@type\":\"QuantitativeValue\",\"minValue\":\"11\",\"maxValue\":\"50\"}},{\"@type\":\"Person\",\"@id\":\"https:\\\/\\\/www.webdo.tn\\\/fr\\\/#\\\/schema\\\/person\\\/2c4929cbf5a809e3bd38617c6ce150f6\",\"name\":\"MC\",\"image\":{\"@type\":\"ImageObject\",\"inLanguage\":\"fr-FR\",\"@id\":\"https:\\\/\\\/secure.gravatar.com\\\/avatar\\\/a545bbb6f84efdd5553dbbc2895e3ca8f1d12c5215e00a041c9670b54aa9b18a?s=96&d=mm&r=g\",\"url\":\"https:\\\/\\\/secure.gravatar.com\\\/avatar\\\/a545bbb6f84efdd5553dbbc2895e3ca8f1d12c5215e00a041c9670b54aa9b18a?s=96&d=mm&r=g\",\"contentUrl\":\"https:\\\/\\\/secure.gravatar.com\\\/avatar\\\/a545bbb6f84efdd5553dbbc2895e3ca8f1d12c5215e00a041c9670b54aa9b18a?s=96&d=mm&r=g\",\"caption\":\"MC\"},\"url\":\"https:\\\/\\\/www.webdo.tn\\\/fr\\\/actualite\\\/author\\\/mc\\\/\"}]}<\/script>\n<!-- \/ Yoast SEO Premium plugin. -->","yoast_head_json":{"title":"L\u2019Ambassadeur US rel\u00e8ve le professionnalisme des forces de s\u00e9curit\u00e9 tunisiennes","description":"Le ministre de l'Int\u00e9rieur, Taoufik Charfeddine a re\u00e7u, ce mardi 14 mars 2023, au si\u00e8ge de son d\u00e9partement, l'Ambassadeur des Etats-Unis, Joey Hood.","canonical":"https:\/\/www.webdo.tn\/fr\/actualite\/national\/l-ambassadeur-us-releve-le-professionnalisme-des-forces-de-securite-tunisiennes\/203927\/","og_locale":"fr_FR","og_type":"article","og_title":"L\u2019Ambassadeur US rel\u00e8ve \"le professionnalisme des forces de s\u00e9curit\u00e9 tunisiennes\"","og_description":"Le ministre de l'Int\u00e9rieur, Taoufik Charfeddine a re\u00e7u, ce mardi 14 mars 2023, au si\u00e8ge de son d\u00e9partement, l'Ambassadeur des Etats-Unis, Joey Hood.","og_url":"https:\/\/www.webdo.tn\/fr\/actualite\/national\/l-ambassadeur-us-releve-le-professionnalisme-des-forces-de-securite-tunisiennes\/203927\/","og_site_name":"webdo","article_publisher":"https:\/\/www.facebook.com\/webdotn","article_published_time":"2023-03-14T20:50:00+00:00","article_modified_time":"2025-05-20T22:01:38+00:00","og_image":[{"width":750,"height":400,"url":"https:\/\/www.webdo.tn\/fr\/wp-content\/uploads\/2023\/03\/c94360e19c744717e15602caab65f67f.jpg","type":"image\/jpeg"}],"author":"MC","twitter_card":"summary_large_image","twitter_creator":"@webdo_tn","twitter_site":"@webdo_tn","twitter_misc":{"\u00c9crit par":"MC","Dur\u00e9e de lecture estim\u00e9e":"1 minute"},"schema":{"@context":"https:\/\/schema.org","@graph":[{"@type":"NewsArticle","@id":"https:\/\/www.webdo.tn\/fr\/actualite\/national\/l-ambassadeur-us-releve-le-professionnalisme-des-forces-de-securite-tunisiennes\/203927\/#article","isPartOf":{"@id":"https:\/\/www.webdo.tn\/fr\/actualite\/national\/l-ambassadeur-us-releve-le-professionnalisme-des-forces-de-securite-tunisiennes\/203927\/"},"author":{"name":"MC","@id":"https:\/\/www.webdo.tn\/fr\/#\/schema\/person\/2c4929cbf5a809e3bd38617c6ce150f6"},"headline":"L\u2019Ambassadeur US rel\u00e8ve \u00ab\u00a0le professionnalisme des forces de s\u00e9curit\u00e9 tunisiennes\u00a0\u00bb","datePublished":"2023-03-14T20:50:00+00:00","dateModified":"2025-05-20T22:01:38+00:00","mainEntityOfPage":{"@id":"https:\/\/www.webdo.tn\/fr\/actualite\/national\/l-ambassadeur-us-releve-le-professionnalisme-des-forces-de-securite-tunisiennes\/203927\/"},"wordCount":174,"commentCount":0,"publisher":{"@id":"https:\/\/www.webdo.tn\/fr\/#organization"},"image":{"@id":"https:\/\/www.webdo.tn\/fr\/actualite\/national\/l-ambassadeur-us-releve-le-professionnalisme-des-forces-de-securite-tunisiennes\/203927\/#primaryimage"},"thumbnailUrl":"https:\/\/www.webdo.tn\/fr\/wp-content\/uploads\/2023\/03\/c94360e19c744717e15602caab65f67f.jpg","keywords":["Etats-Unis","int\u00e9rieur","Tunisie"],"articleSection":["National"],"inLanguage":"fr-FR"},{"@type":"WebPage","@id":"https:\/\/www.webdo.tn\/fr\/actualite\/national\/l-ambassadeur-us-releve-le-professionnalisme-des-forces-de-securite-tunisiennes\/203927\/","url":"https:\/\/www.webdo.tn\/fr\/actualite\/national\/l-ambassadeur-us-releve-le-professionnalisme-des-forces-de-securite-tunisiennes\/203927\/","name":"L\u2019Ambassadeur US rel\u00e8ve le professionnalisme des forces de s\u00e9curit\u00e9 tunisiennes","isPartOf":{"@id":"https:\/\/www.webdo.tn\/fr\/#website"},"primaryImageOfPage":{"@id":"https:\/\/www.webdo.tn\/fr\/actualite\/national\/l-ambassadeur-us-releve-le-professionnalisme-des-forces-de-securite-tunisiennes\/203927\/#primaryimage"},"image":{"@id":"https:\/\/www.webdo.tn\/fr\/actualite\/national\/l-ambassadeur-us-releve-le-professionnalisme-des-forces-de-securite-tunisiennes\/203927\/#primaryimage"},"thumbnailUrl":"https:\/\/www.webdo.tn\/fr\/wp-content\/uploads\/2023\/03\/c94360e19c744717e15602caab65f67f.jpg","datePublished":"2023-03-14T20:50:00+00:00","dateModified":"2025-05-20T22:01:38+00:00","description":"Le ministre de l'Int\u00e9rieur, Taoufik Charfeddine a re\u00e7u, ce mardi 14 mars 2023, au si\u00e8ge de son d\u00e9partement, l'Ambassadeur des Etats-Unis, Joey Hood.","breadcrumb":{"@id":"https:\/\/www.webdo.tn\/fr\/actualite\/national\/l-ambassadeur-us-releve-le-professionnalisme-des-forces-de-securite-tunisiennes\/203927\/#breadcrumb"},"inLanguage":"fr-FR","potentialAction":[{"@type":"ReadAction","target":["https:\/\/www.webdo.tn\/fr\/actualite\/national\/l-ambassadeur-us-releve-le-professionnalisme-des-forces-de-securite-tunisiennes\/203927\/"]}]},{"@type":"ImageObject","inLanguage":"fr-FR","@id":"https:\/\/www.webdo.tn\/fr\/actualite\/national\/l-ambassadeur-us-releve-le-professionnalisme-des-forces-de-securite-tunisiennes\/203927\/#primaryimage","url":"https:\/\/www.webdo.tn\/fr\/wp-content\/uploads\/2023\/03\/c94360e19c744717e15602caab65f67f.jpg","contentUrl":"https:\/\/www.webdo.tn\/fr\/wp-content\/uploads\/2023\/03\/c94360e19c744717e15602caab65f67f.jpg","width":750,"height":400,"caption":"L\u2019Ambassadeur US rel\u00e8ve \"le professionnalisme des forces de s\u00e9curit\u00e9 tunisiennes\""},{"@type":"BreadcrumbList","@id":"https:\/\/www.webdo.tn\/fr\/actualite\/national\/l-ambassadeur-us-releve-le-professionnalisme-des-forces-de-securite-tunisiennes\/203927\/#breadcrumb","itemListElement":[{"@type":"ListItem","position":1,"name":"Accueil","item":"https:\/\/www.webdo.tn\/fr\/"},{"@type":"ListItem","position":2,"name":"L\u2019Ambassadeur US rel\u00e8ve &#8220;le professionnalisme des forces de s\u00e9curit\u00e9 tunisiennes&#8221;"}]},{"@type":"WebSite","@id":"https:\/\/www.webdo.tn\/fr\/#website","url":"https:\/\/www.webdo.tn\/fr\/","name":"webdo","description":"Tunisie - News en Tunisie et \u00e0 l&#039;international sur Webdo.tn","publisher":{"@id":"https:\/\/www.webdo.tn\/fr\/#organization"},"potentialAction":[{"@type":"SearchAction","target":{"@type":"EntryPoint","urlTemplate":"https:\/\/www.webdo.tn\/fr\/?s={search_term_string}"},"query-input":{"@type":"PropertyValueSpecification","valueRequired":true,"valueName":"search_term_string"}}],"inLanguage":"fr-FR"},{"@type":"Organization","@id":"https:\/\/www.webdo.tn\/fr\/#organization","name":"Webdo","alternateName":"Webdo.tn","url":"https:\/\/www.webdo.tn\/fr\/","logo":{"@type":"ImageObject","inLanguage":"fr-FR","@id":"https:\/\/www.webdo.tn\/fr\/#\/schema\/logo\/image\/","url":"https:\/\/www.webdo.tn\/fr\/wp-content\/uploads\/2025\/06\/Webdo-Tunisie_168377.jpg","contentUrl":"https:\/\/www.webdo.tn\/fr\/wp-content\/uploads\/2025\/06\/Webdo-Tunisie_168377.jpg","width":301,"height":301,"caption":"Webdo"},"image":{"@id":"https:\/\/www.webdo.tn\/fr\/#\/schema\/logo\/image\/"},"sameAs":["https:\/\/www.facebook.com\/webdotn","https:\/\/x.com\/webdo_tn"],"description":"Webdo est un m\u00e9dia num\u00e9rique tunisien fond\u00e9 en 2010, sp\u00e9cialis\u00e9 dans l\u2019actualit\u00e9 nationale et internationale, l\u2019\u00e9conomie, la soci\u00e9t\u00e9 et les analyses politiques. Le site s\u2019adresse \u00e0 un large public francophone et couvre l\u2019information tunisienne en temps r\u00e9el.","email":"redac@webdo.tn","legalName":"YNJ SARL","foundingDate":"2010-09-06","numberOfEmployees":{"@type":"QuantitativeValue","minValue":"11","maxValue":"50"}},{"@type":"Person","@id":"https:\/\/www.webdo.tn\/fr\/#\/schema\/person\/2c4929cbf5a809e3bd38617c6ce150f6","name":"MC","image":{"@type":"ImageObject","inLanguage":"fr-FR","@id":"https:\/\/secure.gravatar.com\/avatar\/a545bbb6f84efdd5553dbbc2895e3ca8f1d12c5215e00a041c9670b54aa9b18a?s=96&d=mm&r=g","url":"https:\/\/secure.gravatar.com\/avatar\/a545bbb6f84efdd5553dbbc2895e3ca8f1d12c5215e00a041c9670b54aa9b18a?s=96&d=mm&r=g","contentUrl":"https:\/\/secure.gravatar.com\/avatar\/a545bbb6f84efdd5553dbbc2895e3ca8f1d12c5215e00a041c9670b54aa9b18a?s=96&d=mm&r=g","caption":"MC"},"url":"https:\/\/www.webdo.tn\/fr\/actualite\/author\/mc\/"}]}},"_links":{"self":[{"href":"https:\/\/www.webdo.tn\/fr\/wp-json\/wp\/v2\/posts\/203927","targetHints":{"allow":["GET"]}}],"collection":[{"href":"https:\/\/www.webdo.tn\/fr\/wp-json\/wp\/v2\/posts"}],"about":[{"href":"https:\/\/www.webdo.tn\/fr\/wp-json\/wp\/v2\/types\/post"}],"author":[{"embeddable":true,"href":"https:\/\/www.webdo.tn\/fr\/wp-json\/wp\/v2\/users\/3162"}],"replies":[{"embeddable":true,"href":"https:\/\/www.webdo.tn\/fr\/wp-json\/wp\/v2\/comments?post=203927"}],"version-history":[{"count":0,"href":"https:\/\/www.webdo.tn\/fr\/wp-json\/wp\/v2\/posts\/203927\/revisions"}],"wp:featuredmedia":[{"embeddable":true,"href":"https:\/\/www.webdo.tn\/fr\/wp-json\/wp\/v2\/media\/251738"}],"wp:attachment":[{"href":"https:\/\/www.webdo.tn\/fr\/wp-json\/wp\/v2\/media?parent=203927"}],"wp:term":[{"taxonomy":"category","embeddable":true,"href":"https:\/\/www.webdo.tn\/fr\/wp-json\/wp\/v2\/categories?post=203927"},{"taxonomy":"post_tag","embeddable":true,"href":"https:\/\/www.webdo.tn\/fr\/wp-json\/wp\/v2\/tags?post=203927"}],"curies":[{"name":"wp","href":"https:\/\/api.w.org\/{rel}","templated":true}]}}