{"id":203910,"date":"2023-03-14T15:24:00","date_gmt":"2023-03-14T15:24:00","guid":{"rendered":"https:\/\/www.webdo.tn\/fr\/blog\/al-joumhouri-craint-pour-la-securite-de-issam-chebbi\/203910\/"},"modified":"2025-05-20T22:44:53","modified_gmt":"2025-05-20T22:44:53","slug":"al-joumhouri-craint-pour-la-securite-de-issam-chebbi","status":"publish","type":"post","link":"https:\/\/www.webdo.tn\/fr\/actualite\/national\/al-joumhouri-craint-pour-la-securite-de-issam-chebbi\/203910\/","title":{"rendered":"Al Joumhouri craint pour la s\u00e9curit\u00e9 de Issam Chebbi"},"content":{"rendered":"<p>Dans un communiqu\u00e9 rendu public ce mardi 14 mars 2023, le bureau politique du Parti Al Joumhouri, a tenu pour responsable le \u00ab chef de l\u2019ex\u00e9cutif\u00bb de la d\u00e9t\u00e9rioration de l\u2019\u00e9tat de sant\u00e9 de son  secr\u00e9taire g\u00e9n\u00e9ral, Issam Chebbi.<\/p>\n<p>Le parti explique qu\u2019une d\u00e9cision est intervenue pour transf\u00e9rer Issam Chebbi dans une autre cellule de d\u00e9tenus de droit commun.\u00a0<\/p>\n<p>\u00ab Le parti craint pour sa s\u00e9curit\u00e9 et d\u00e9nonce ce qu\u2019il consid\u00e8re comme une politique de vengeance des opposants politiques \u00bb, a-t-on expliqu\u00e9.\u00a0<br \/>\n\u00a0<\/p>\n<p>Un mandat de d\u00e9p\u00f4t contre le secr\u00e9taire g\u00e9n\u00e9ral d\u2019Al-Joumhouri, Issam Chebbi. Rappelons que ce dernier, a \u00e9t\u00e9 arr\u00eat\u00e9\u00a0sur instructions du minist\u00e8re public du P\u00f4le judiciaire de lutte contre le terrorisme.<\/p>\n<p>Il convient \u00e9galement de noter que le m\u00eame juge d&rsquo;instruction a \u00e9mis des mandats de d\u00e9p\u00f4t en prison contre l&rsquo;activiste politique Khayem Turki, l&rsquo;homme d&rsquo;affaires Kamal Letaief, et Abdelhamid Jelassi, apr\u00e8s qu&rsquo;ils aient \u00e9t\u00e9 interrog\u00e9s pendant des heures, dans ce qui est devenu connu sous le nom de dossier de complot contre le s\u00e9curit\u00e9 int\u00e9rieure de l&rsquo;\u00c9tat.<\/p>\n<p>Tandis que les s\u00e9ances d&rsquo;interrogatoire des autres pr\u00e9venus d\u00e9f\u00e9r\u00e9s au p\u00f4le se poursuivent, dans l&rsquo;attente de ce que le juge d&rsquo;instruction d\u00e9cidera \u00e0 leur \u00e9gard.<\/p>\n","protected":false},"excerpt":{"rendered":"<p>Dans un communiqu\u00e9 rendu public ce mardi 14 mars 2023, le bureau politique du Parti Al Joumhouri, a tenu pour responsable le \u00ab chef de l\u2019ex\u00e9cutif\u00bb de la d\u00e9t\u00e9rio&#8230;<\/p>\n","protected":false},"author":3175,"featured_media":251732,"comment_status":"open","ping_status":"closed","sticky":false,"template":"","format":"standard","meta":{"footnotes":""},"categories":[44],"tags":[8682,8053,2608],"class_list":["post-203910","post","type-post","status-publish","format-standard","has-post-thumbnail","hentry","category-national","tag-al-jomhoury","tag-issam-chebbi","tag-tunisie"],"yoast_head":"<!-- This site is optimized with the Yoast SEO Premium plugin v27.5 (Yoast SEO v27.5) - https:\/\/yoast.com\/product\/yoast-seo-premium-wordpress\/ -->\n<title>Al Joumhouri craint pour la s\u00e9curit\u00e9 de Issam Chebbi<\/title>\n<meta name=\"description\" content=\"Dans un communiqu\u00e9 rendu public ce mardi 14 mars 2023, le bureau politique du Parti Al Joumhouri, a tenu pour responsable le \u00ab chef de l\u2019ex\u00e9cutif\u00bb de la d\u00e9t\u00e9rio...\" \/>\n<link rel=\"canonical\" href=\"https:\/\/www.webdo.tn\/fr\/actualite\/national\/al-joumhouri-craint-pour-la-securite-de-issam-chebbi\/203910\/\" \/>\n<meta property=\"og:locale\" content=\"fr_FR\" \/>\n<meta property=\"og:type\" content=\"article\" \/>\n<meta property=\"og:title\" content=\"Al Joumhouri craint pour la s\u00e9curit\u00e9 de Issam Chebbi\" \/>\n<meta property=\"og:description\" content=\"Dans un communiqu\u00e9 rendu public ce mardi 14 mars 2023, le bureau politique du Parti Al Joumhouri, a tenu pour responsable le \u00ab chef de l\u2019ex\u00e9cutif\u00bb de la d\u00e9t\u00e9rio...\" \/>\n<meta property=\"og:url\" content=\"https:\/\/www.webdo.tn\/fr\/actualite\/national\/al-joumhouri-craint-pour-la-securite-de-issam-chebbi\/203910\/\" \/>\n<meta property=\"og:site_name\" content=\"webdo\" \/>\n<meta property=\"article:publisher\" content=\"https:\/\/www.facebook.com\/webdotn\" \/>\n<meta property=\"article:published_time\" content=\"2023-03-14T15:24:00+00:00\" \/>\n<meta property=\"article:modified_time\" content=\"2025-05-20T22:44:53+00:00\" \/>\n<meta property=\"og:image\" content=\"https:\/\/www.webdo.tn\/fr\/wp-content\/uploads\/2023\/03\/ed7dc450bd9d92c701a0b981bb3aff60.png\" \/>\n\t<meta property=\"og:image:width\" content=\"750\" \/>\n\t<meta property=\"og:image:height\" content=\"400\" \/>\n\t<meta property=\"og:image:type\" content=\"image\/png\" \/>\n<meta name=\"author\" content=\"CL\" \/>\n<meta name=\"twitter:card\" content=\"summary_large_image\" \/>\n<meta name=\"twitter:creator\" content=\"@webdo_tn\" \/>\n<meta name=\"twitter:site\" content=\"@webdo_tn\" \/>\n<meta name=\"twitter:label1\" content=\"\u00c9crit par\" \/>\n\t<meta name=\"twitter:data1\" content=\"CL\" \/>\n\t<meta name=\"twitter:label2\" content=\"Dur\u00e9e de lecture estim\u00e9e\" \/>\n\t<meta name=\"twitter:data2\" content=\"1 minute\" \/>\n<script type=\"application\/ld+json\" class=\"yoast-schema-graph\">{\"@context\":\"https:\\\/\\\/schema.org\",\"@graph\":[{\"@type\":\"NewsArticle\",\"@id\":\"https:\\\/\\\/www.webdo.tn\\\/fr\\\/actualite\\\/national\\\/al-joumhouri-craint-pour-la-securite-de-issam-chebbi\\\/203910\\\/#article\",\"isPartOf\":{\"@id\":\"https:\\\/\\\/www.webdo.tn\\\/fr\\\/actualite\\\/national\\\/al-joumhouri-craint-pour-la-securite-de-issam-chebbi\\\/203910\\\/\"},\"author\":{\"name\":\"CL\",\"@id\":\"https:\\\/\\\/www.webdo.tn\\\/fr\\\/#\\\/schema\\\/person\\\/f35b42a42c5e2511bbd282959d6385cc\"},\"headline\":\"Al Joumhouri craint pour la s\u00e9curit\u00e9 de Issam Chebbi\",\"datePublished\":\"2023-03-14T15:24:00+00:00\",\"dateModified\":\"2025-05-20T22:44:53+00:00\",\"mainEntityOfPage\":{\"@id\":\"https:\\\/\\\/www.webdo.tn\\\/fr\\\/actualite\\\/national\\\/al-joumhouri-craint-pour-la-securite-de-issam-chebbi\\\/203910\\\/\"},\"wordCount\":247,\"commentCount\":0,\"publisher\":{\"@id\":\"https:\\\/\\\/www.webdo.tn\\\/fr\\\/#organization\"},\"image\":{\"@id\":\"https:\\\/\\\/www.webdo.tn\\\/fr\\\/actualite\\\/national\\\/al-joumhouri-craint-pour-la-securite-de-issam-chebbi\\\/203910\\\/#primaryimage\"},\"thumbnailUrl\":\"https:\\\/\\\/www.webdo.tn\\\/fr\\\/wp-content\\\/uploads\\\/2023\\\/03\\\/ed7dc450bd9d92c701a0b981bb3aff60.png\",\"keywords\":[\"Al-Jomhoury\",\"issam chebbi\",\"Tunisie\"],\"articleSection\":[\"National\"],\"inLanguage\":\"fr-FR\"},{\"@type\":\"WebPage\",\"@id\":\"https:\\\/\\\/www.webdo.tn\\\/fr\\\/actualite\\\/national\\\/al-joumhouri-craint-pour-la-securite-de-issam-chebbi\\\/203910\\\/\",\"url\":\"https:\\\/\\\/www.webdo.tn\\\/fr\\\/actualite\\\/national\\\/al-joumhouri-craint-pour-la-securite-de-issam-chebbi\\\/203910\\\/\",\"name\":\"Al Joumhouri craint pour la s\u00e9curit\u00e9 de Issam Chebbi\",\"isPartOf\":{\"@id\":\"https:\\\/\\\/www.webdo.tn\\\/fr\\\/#website\"},\"primaryImageOfPage\":{\"@id\":\"https:\\\/\\\/www.webdo.tn\\\/fr\\\/actualite\\\/national\\\/al-joumhouri-craint-pour-la-securite-de-issam-chebbi\\\/203910\\\/#primaryimage\"},\"image\":{\"@id\":\"https:\\\/\\\/www.webdo.tn\\\/fr\\\/actualite\\\/national\\\/al-joumhouri-craint-pour-la-securite-de-issam-chebbi\\\/203910\\\/#primaryimage\"},\"thumbnailUrl\":\"https:\\\/\\\/www.webdo.tn\\\/fr\\\/wp-content\\\/uploads\\\/2023\\\/03\\\/ed7dc450bd9d92c701a0b981bb3aff60.png\",\"datePublished\":\"2023-03-14T15:24:00+00:00\",\"dateModified\":\"2025-05-20T22:44:53+00:00\",\"description\":\"Dans un communiqu\u00e9 rendu public ce mardi 14 mars 2023, le bureau politique du Parti Al Joumhouri, a tenu pour responsable le \u00ab chef de l\u2019ex\u00e9cutif\u00bb de la d\u00e9t\u00e9rio...\",\"breadcrumb\":{\"@id\":\"https:\\\/\\\/www.webdo.tn\\\/fr\\\/actualite\\\/national\\\/al-joumhouri-craint-pour-la-securite-de-issam-chebbi\\\/203910\\\/#breadcrumb\"},\"inLanguage\":\"fr-FR\",\"potentialAction\":[{\"@type\":\"ReadAction\",\"target\":[\"https:\\\/\\\/www.webdo.tn\\\/fr\\\/actualite\\\/national\\\/al-joumhouri-craint-pour-la-securite-de-issam-chebbi\\\/203910\\\/\"]}]},{\"@type\":\"ImageObject\",\"inLanguage\":\"fr-FR\",\"@id\":\"https:\\\/\\\/www.webdo.tn\\\/fr\\\/actualite\\\/national\\\/al-joumhouri-craint-pour-la-securite-de-issam-chebbi\\\/203910\\\/#primaryimage\",\"url\":\"https:\\\/\\\/www.webdo.tn\\\/fr\\\/wp-content\\\/uploads\\\/2023\\\/03\\\/ed7dc450bd9d92c701a0b981bb3aff60.png\",\"contentUrl\":\"https:\\\/\\\/www.webdo.tn\\\/fr\\\/wp-content\\\/uploads\\\/2023\\\/03\\\/ed7dc450bd9d92c701a0b981bb3aff60.png\",\"width\":750,\"height\":400,\"caption\":\"Issam Chebbi\"},{\"@type\":\"BreadcrumbList\",\"@id\":\"https:\\\/\\\/www.webdo.tn\\\/fr\\\/actualite\\\/national\\\/al-joumhouri-craint-pour-la-securite-de-issam-chebbi\\\/203910\\\/#breadcrumb\",\"itemListElement\":[{\"@type\":\"ListItem\",\"position\":1,\"name\":\"Accueil\",\"item\":\"https:\\\/\\\/www.webdo.tn\\\/fr\\\/\"},{\"@type\":\"ListItem\",\"position\":2,\"name\":\"Al Joumhouri craint pour la s\u00e9curit\u00e9 de Issam Chebbi\"}]},{\"@type\":\"WebSite\",\"@id\":\"https:\\\/\\\/www.webdo.tn\\\/fr\\\/#website\",\"url\":\"https:\\\/\\\/www.webdo.tn\\\/fr\\\/\",\"name\":\"webdo\",\"description\":\"Tunisie - News en Tunisie et \u00e0 l&#039;international sur Webdo.tn\",\"publisher\":{\"@id\":\"https:\\\/\\\/www.webdo.tn\\\/fr\\\/#organization\"},\"potentialAction\":[{\"@type\":\"SearchAction\",\"target\":{\"@type\":\"EntryPoint\",\"urlTemplate\":\"https:\\\/\\\/www.webdo.tn\\\/fr\\\/?s={search_term_string}\"},\"query-input\":{\"@type\":\"PropertyValueSpecification\",\"valueRequired\":true,\"valueName\":\"search_term_string\"}}],\"inLanguage\":\"fr-FR\"},{\"@type\":\"Organization\",\"@id\":\"https:\\\/\\\/www.webdo.tn\\\/fr\\\/#organization\",\"name\":\"Webdo\",\"alternateName\":\"Webdo.tn\",\"url\":\"https:\\\/\\\/www.webdo.tn\\\/fr\\\/\",\"logo\":{\"@type\":\"ImageObject\",\"inLanguage\":\"fr-FR\",\"@id\":\"https:\\\/\\\/www.webdo.tn\\\/fr\\\/#\\\/schema\\\/logo\\\/image\\\/\",\"url\":\"https:\\\/\\\/www.webdo.tn\\\/fr\\\/wp-content\\\/uploads\\\/2025\\\/06\\\/Webdo-Tunisie_168377.jpg\",\"contentUrl\":\"https:\\\/\\\/www.webdo.tn\\\/fr\\\/wp-content\\\/uploads\\\/2025\\\/06\\\/Webdo-Tunisie_168377.jpg\",\"width\":301,\"height\":301,\"caption\":\"Webdo\"},\"image\":{\"@id\":\"https:\\\/\\\/www.webdo.tn\\\/fr\\\/#\\\/schema\\\/logo\\\/image\\\/\"},\"sameAs\":[\"https:\\\/\\\/www.facebook.com\\\/webdotn\",\"https:\\\/\\\/x.com\\\/webdo_tn\"],\"description\":\"Webdo est un m\u00e9dia num\u00e9rique tunisien fond\u00e9 en 2010, sp\u00e9cialis\u00e9 dans l\u2019actualit\u00e9 nationale et internationale, l\u2019\u00e9conomie, la soci\u00e9t\u00e9 et les analyses politiques. Le site s\u2019adresse \u00e0 un large public francophone et couvre l\u2019information tunisienne en temps r\u00e9el.\",\"email\":\"redac@webdo.tn\",\"legalName\":\"YNJ SARL\",\"foundingDate\":\"2010-09-06\",\"numberOfEmployees\":{\"@type\":\"QuantitativeValue\",\"minValue\":\"11\",\"maxValue\":\"50\"}},{\"@type\":\"Person\",\"@id\":\"https:\\\/\\\/www.webdo.tn\\\/fr\\\/#\\\/schema\\\/person\\\/f35b42a42c5e2511bbd282959d6385cc\",\"name\":\"CL\",\"image\":{\"@type\":\"ImageObject\",\"inLanguage\":\"fr-FR\",\"@id\":\"https:\\\/\\\/secure.gravatar.com\\\/avatar\\\/1447a49909b67aa657c488aec6512e1dd6143a480c1ecfee9b5b5cd74eb3b59e?s=96&d=mm&r=g\",\"url\":\"https:\\\/\\\/secure.gravatar.com\\\/avatar\\\/1447a49909b67aa657c488aec6512e1dd6143a480c1ecfee9b5b5cd74eb3b59e?s=96&d=mm&r=g\",\"contentUrl\":\"https:\\\/\\\/secure.gravatar.com\\\/avatar\\\/1447a49909b67aa657c488aec6512e1dd6143a480c1ecfee9b5b5cd74eb3b59e?s=96&d=mm&r=g\",\"caption\":\"CL\"},\"url\":\"https:\\\/\\\/www.webdo.tn\\\/fr\\\/actualite\\\/author\\\/cl\\\/\"}]}<\/script>\n<!-- \/ Yoast SEO Premium plugin. -->","yoast_head_json":{"title":"Al Joumhouri craint pour la s\u00e9curit\u00e9 de Issam Chebbi","description":"Dans un communiqu\u00e9 rendu public ce mardi 14 mars 2023, le bureau politique du Parti Al Joumhouri, a tenu pour responsable le \u00ab chef de l\u2019ex\u00e9cutif\u00bb de la d\u00e9t\u00e9rio...","canonical":"https:\/\/www.webdo.tn\/fr\/actualite\/national\/al-joumhouri-craint-pour-la-securite-de-issam-chebbi\/203910\/","og_locale":"fr_FR","og_type":"article","og_title":"Al Joumhouri craint pour la s\u00e9curit\u00e9 de Issam Chebbi","og_description":"Dans un communiqu\u00e9 rendu public ce mardi 14 mars 2023, le bureau politique du Parti Al Joumhouri, a tenu pour responsable le \u00ab chef de l\u2019ex\u00e9cutif\u00bb de la d\u00e9t\u00e9rio...","og_url":"https:\/\/www.webdo.tn\/fr\/actualite\/national\/al-joumhouri-craint-pour-la-securite-de-issam-chebbi\/203910\/","og_site_name":"webdo","article_publisher":"https:\/\/www.facebook.com\/webdotn","article_published_time":"2023-03-14T15:24:00+00:00","article_modified_time":"2025-05-20T22:44:53+00:00","og_image":[{"width":750,"height":400,"url":"https:\/\/www.webdo.tn\/fr\/wp-content\/uploads\/2023\/03\/ed7dc450bd9d92c701a0b981bb3aff60.png","type":"image\/png"}],"author":"CL","twitter_card":"summary_large_image","twitter_creator":"@webdo_tn","twitter_site":"@webdo_tn","twitter_misc":{"\u00c9crit par":"CL","Dur\u00e9e de lecture estim\u00e9e":"1 minute"},"schema":{"@context":"https:\/\/schema.org","@graph":[{"@type":"NewsArticle","@id":"https:\/\/www.webdo.tn\/fr\/actualite\/national\/al-joumhouri-craint-pour-la-securite-de-issam-chebbi\/203910\/#article","isPartOf":{"@id":"https:\/\/www.webdo.tn\/fr\/actualite\/national\/al-joumhouri-craint-pour-la-securite-de-issam-chebbi\/203910\/"},"author":{"name":"CL","@id":"https:\/\/www.webdo.tn\/fr\/#\/schema\/person\/f35b42a42c5e2511bbd282959d6385cc"},"headline":"Al Joumhouri craint pour la s\u00e9curit\u00e9 de Issam Chebbi","datePublished":"2023-03-14T15:24:00+00:00","dateModified":"2025-05-20T22:44:53+00:00","mainEntityOfPage":{"@id":"https:\/\/www.webdo.tn\/fr\/actualite\/national\/al-joumhouri-craint-pour-la-securite-de-issam-chebbi\/203910\/"},"wordCount":247,"commentCount":0,"publisher":{"@id":"https:\/\/www.webdo.tn\/fr\/#organization"},"image":{"@id":"https:\/\/www.webdo.tn\/fr\/actualite\/national\/al-joumhouri-craint-pour-la-securite-de-issam-chebbi\/203910\/#primaryimage"},"thumbnailUrl":"https:\/\/www.webdo.tn\/fr\/wp-content\/uploads\/2023\/03\/ed7dc450bd9d92c701a0b981bb3aff60.png","keywords":["Al-Jomhoury","issam chebbi","Tunisie"],"articleSection":["National"],"inLanguage":"fr-FR"},{"@type":"WebPage","@id":"https:\/\/www.webdo.tn\/fr\/actualite\/national\/al-joumhouri-craint-pour-la-securite-de-issam-chebbi\/203910\/","url":"https:\/\/www.webdo.tn\/fr\/actualite\/national\/al-joumhouri-craint-pour-la-securite-de-issam-chebbi\/203910\/","name":"Al Joumhouri craint pour la s\u00e9curit\u00e9 de Issam Chebbi","isPartOf":{"@id":"https:\/\/www.webdo.tn\/fr\/#website"},"primaryImageOfPage":{"@id":"https:\/\/www.webdo.tn\/fr\/actualite\/national\/al-joumhouri-craint-pour-la-securite-de-issam-chebbi\/203910\/#primaryimage"},"image":{"@id":"https:\/\/www.webdo.tn\/fr\/actualite\/national\/al-joumhouri-craint-pour-la-securite-de-issam-chebbi\/203910\/#primaryimage"},"thumbnailUrl":"https:\/\/www.webdo.tn\/fr\/wp-content\/uploads\/2023\/03\/ed7dc450bd9d92c701a0b981bb3aff60.png","datePublished":"2023-03-14T15:24:00+00:00","dateModified":"2025-05-20T22:44:53+00:00","description":"Dans un communiqu\u00e9 rendu public ce mardi 14 mars 2023, le bureau politique du Parti Al Joumhouri, a tenu pour responsable le \u00ab chef de l\u2019ex\u00e9cutif\u00bb de la d\u00e9t\u00e9rio...","breadcrumb":{"@id":"https:\/\/www.webdo.tn\/fr\/actualite\/national\/al-joumhouri-craint-pour-la-securite-de-issam-chebbi\/203910\/#breadcrumb"},"inLanguage":"fr-FR","potentialAction":[{"@type":"ReadAction","target":["https:\/\/www.webdo.tn\/fr\/actualite\/national\/al-joumhouri-craint-pour-la-securite-de-issam-chebbi\/203910\/"]}]},{"@type":"ImageObject","inLanguage":"fr-FR","@id":"https:\/\/www.webdo.tn\/fr\/actualite\/national\/al-joumhouri-craint-pour-la-securite-de-issam-chebbi\/203910\/#primaryimage","url":"https:\/\/www.webdo.tn\/fr\/wp-content\/uploads\/2023\/03\/ed7dc450bd9d92c701a0b981bb3aff60.png","contentUrl":"https:\/\/www.webdo.tn\/fr\/wp-content\/uploads\/2023\/03\/ed7dc450bd9d92c701a0b981bb3aff60.png","width":750,"height":400,"caption":"Issam Chebbi"},{"@type":"BreadcrumbList","@id":"https:\/\/www.webdo.tn\/fr\/actualite\/national\/al-joumhouri-craint-pour-la-securite-de-issam-chebbi\/203910\/#breadcrumb","itemListElement":[{"@type":"ListItem","position":1,"name":"Accueil","item":"https:\/\/www.webdo.tn\/fr\/"},{"@type":"ListItem","position":2,"name":"Al Joumhouri craint pour la s\u00e9curit\u00e9 de Issam Chebbi"}]},{"@type":"WebSite","@id":"https:\/\/www.webdo.tn\/fr\/#website","url":"https:\/\/www.webdo.tn\/fr\/","name":"webdo","description":"Tunisie - News en Tunisie et \u00e0 l&#039;international sur Webdo.tn","publisher":{"@id":"https:\/\/www.webdo.tn\/fr\/#organization"},"potentialAction":[{"@type":"SearchAction","target":{"@type":"EntryPoint","urlTemplate":"https:\/\/www.webdo.tn\/fr\/?s={search_term_string}"},"query-input":{"@type":"PropertyValueSpecification","valueRequired":true,"valueName":"search_term_string"}}],"inLanguage":"fr-FR"},{"@type":"Organization","@id":"https:\/\/www.webdo.tn\/fr\/#organization","name":"Webdo","alternateName":"Webdo.tn","url":"https:\/\/www.webdo.tn\/fr\/","logo":{"@type":"ImageObject","inLanguage":"fr-FR","@id":"https:\/\/www.webdo.tn\/fr\/#\/schema\/logo\/image\/","url":"https:\/\/www.webdo.tn\/fr\/wp-content\/uploads\/2025\/06\/Webdo-Tunisie_168377.jpg","contentUrl":"https:\/\/www.webdo.tn\/fr\/wp-content\/uploads\/2025\/06\/Webdo-Tunisie_168377.jpg","width":301,"height":301,"caption":"Webdo"},"image":{"@id":"https:\/\/www.webdo.tn\/fr\/#\/schema\/logo\/image\/"},"sameAs":["https:\/\/www.facebook.com\/webdotn","https:\/\/x.com\/webdo_tn"],"description":"Webdo est un m\u00e9dia num\u00e9rique tunisien fond\u00e9 en 2010, sp\u00e9cialis\u00e9 dans l\u2019actualit\u00e9 nationale et internationale, l\u2019\u00e9conomie, la soci\u00e9t\u00e9 et les analyses politiques. Le site s\u2019adresse \u00e0 un large public francophone et couvre l\u2019information tunisienne en temps r\u00e9el.","email":"redac@webdo.tn","legalName":"YNJ SARL","foundingDate":"2010-09-06","numberOfEmployees":{"@type":"QuantitativeValue","minValue":"11","maxValue":"50"}},{"@type":"Person","@id":"https:\/\/www.webdo.tn\/fr\/#\/schema\/person\/f35b42a42c5e2511bbd282959d6385cc","name":"CL","image":{"@type":"ImageObject","inLanguage":"fr-FR","@id":"https:\/\/secure.gravatar.com\/avatar\/1447a49909b67aa657c488aec6512e1dd6143a480c1ecfee9b5b5cd74eb3b59e?s=96&d=mm&r=g","url":"https:\/\/secure.gravatar.com\/avatar\/1447a49909b67aa657c488aec6512e1dd6143a480c1ecfee9b5b5cd74eb3b59e?s=96&d=mm&r=g","contentUrl":"https:\/\/secure.gravatar.com\/avatar\/1447a49909b67aa657c488aec6512e1dd6143a480c1ecfee9b5b5cd74eb3b59e?s=96&d=mm&r=g","caption":"CL"},"url":"https:\/\/www.webdo.tn\/fr\/actualite\/author\/cl\/"}]}},"_links":{"self":[{"href":"https:\/\/www.webdo.tn\/fr\/wp-json\/wp\/v2\/posts\/203910","targetHints":{"allow":["GET"]}}],"collection":[{"href":"https:\/\/www.webdo.tn\/fr\/wp-json\/wp\/v2\/posts"}],"about":[{"href":"https:\/\/www.webdo.tn\/fr\/wp-json\/wp\/v2\/types\/post"}],"author":[{"embeddable":true,"href":"https:\/\/www.webdo.tn\/fr\/wp-json\/wp\/v2\/users\/3175"}],"replies":[{"embeddable":true,"href":"https:\/\/www.webdo.tn\/fr\/wp-json\/wp\/v2\/comments?post=203910"}],"version-history":[{"count":0,"href":"https:\/\/www.webdo.tn\/fr\/wp-json\/wp\/v2\/posts\/203910\/revisions"}],"wp:featuredmedia":[{"embeddable":true,"href":"https:\/\/www.webdo.tn\/fr\/wp-json\/wp\/v2\/media\/251732"}],"wp:attachment":[{"href":"https:\/\/www.webdo.tn\/fr\/wp-json\/wp\/v2\/media?parent=203910"}],"wp:term":[{"taxonomy":"category","embeddable":true,"href":"https:\/\/www.webdo.tn\/fr\/wp-json\/wp\/v2\/categories?post=203910"},{"taxonomy":"post_tag","embeddable":true,"href":"https:\/\/www.webdo.tn\/fr\/wp-json\/wp\/v2\/tags?post=203910"}],"curies":[{"name":"wp","href":"https:\/\/api.w.org\/{rel}","templated":true}]}}