{"id":203909,"date":"2023-03-14T14:03:00","date_gmt":"2023-03-14T14:03:00","guid":{"rendered":"https:\/\/www.webdo.tn\/fr\/blog\/le-dinar-tunisien-s-apprecie-face-au-yen-japonais\/203909\/"},"modified":"2025-05-20T22:58:38","modified_gmt":"2025-05-20T22:58:38","slug":"le-dinar-tunisien-s-apprecie-face-au-yen-japonais","status":"publish","type":"post","link":"https:\/\/www.webdo.tn\/fr\/actualite\/national\/le-dinar-tunisien-s-apprecie-face-au-yen-japonais\/203909\/","title":{"rendered":"Le dinar tunisien s\u2019appr\u00e9cie face au yen japonais !"},"content":{"rendered":"<p>Le dinar tunisien s\u2019est appr\u00e9ci\u00e9 par rapport au yen japonais en 2023, alors qu\u2019il a perdu en valeur par rapport au dollar am\u00e9ricain et \u00e0 l\u2019euro.<\/p>\n<p>\t\t\t\t\t\t\t\t\tLe taux de change du dinar tunisien face aux principales devises \u00e9trang\u00e8res s\u2019est fortement d\u00e9pr\u00e9ci\u00e9 par rapport au dollar et \u00e0 l\u2019euro, par contre il s\u2019est appr\u00e9ci\u00e9 face au yen japonais.<\/p>\n<p>A la date du 9 mars 2022, 1 dollar valait 2,956 dinars alors qu&rsquo;il en vaut 3,140 dinars, actuellement, d\u2019apr\u00e8s des donn\u00e9es publi\u00e9es, lundi, par la BCT.<br \/>\nDe m\u00eame, 1 euro, qui valait une ann\u00e9e auparavant 3,259 dinars, s\u2019\u00e9change actuellement contre 3,322 dinars.<\/p>\n<p>Par contre, le taux de change du dinar s\u2019est am\u00e9lior\u00e9 vis-\u00e0-vis du yen japonais : 1000 yens japonais s\u2019\u00e9changent aujourd\u2019hui contre 22,843 dinars (alors qu\u2019ils valaient \u00e0 la m\u00eame date de l\u2019ann\u00e9e derni\u00e8re, 25,318 dinars).<br \/>\nQu\u2019est-ce qui a fait que le dinar s\u2019appr\u00e9cie par rapport au yen japonais ? \u00a0Est-ce l\u2019\u0153uvre de facteurs endog\u00e8nes propres au march\u00e9 des changes ? Y a-t-il un exc\u00e9dent de liquidit\u00e9 en yen japonais sur le march\u00e9 des changes, ce qui aurait soutenu l\u2019appr\u00e9ciation du dinar ? Il se peut que ces facteurs aient boost\u00e9 le dinar, mais ceci n\u2019explique pas tout.<\/p>\n<p>Il faut pr\u00e9ciser que le yen japonais s\u2019est fortement d\u00e9pr\u00e9ci\u00e9 en 2022 par rapport au dollar am\u00e9ricain. En octobre dernier, la monnaie japonaise \u00e9tait proche de son plus bas niveau depuis 32 ans face au dollar, soit 147,80 yens pour un dollar, lest\u00e9 par la politique mon\u00e9taire ultra-accommodante du gouvernement.<\/p>\n<p>Ce qui expliquerait, donc, l\u2019appr\u00e9ciation du dinar par rapport au yen, c\u2019est plus la d\u00e9cote de ce dernier par rapport au dollar que tout autre facteur endog\u00e8ne.<br \/>\nC\u00f4t\u00e9 r\u00e9serves en devises, la BCT a soulign\u00e9 que ces derni\u00e8res ont baiss\u00e9 \u00a0\u00e0 95 jours d\u2019importation (22,1 milliards de dinars), \u00e0 la date du 13 mars courant, contre 128 jours d\u2019importation (soit 23,3 milliards de dinars), durant la m\u00eame p\u00e9riode de 2022.<\/p>\n<p>S\u2019agissant du taux du march\u00e9 mon\u00e9taire (TM), ce dernier continue sa tendance haussi\u00e8re, pour se situer, lundi, \u00e0 8,08%, contre 6,26%, \u00e0 la date du 13 mars 2022.<\/p>\n","protected":false},"excerpt":{"rendered":"<p>Le dinar tunisien s\u2019est appr\u00e9ci\u00e9 par rapport au yen japonais en 2023, alors qu\u2019il a perdu en valeur par rapport au dollar am\u00e9ricain et \u00e0 l\u2019euro.<\/p>\n","protected":false},"author":3188,"featured_media":251733,"comment_status":"open","ping_status":"closed","sticky":false,"template":"","format":"standard","meta":{"footnotes":""},"categories":[44],"tags":[3280,2608,8683],"class_list":["post-203909","post","type-post","status-publish","format-standard","has-post-thumbnail","hentry","category-national","tag-dinar","tag-tunisie","tag-yen"],"yoast_head":"<!-- This site is optimized with the Yoast SEO Premium plugin v27.5 (Yoast SEO v27.5) - https:\/\/yoast.com\/product\/yoast-seo-premium-wordpress\/ -->\n<title>Le dinar tunisien s\u2019appr\u00e9cie face au yen japonais !<\/title>\n<meta name=\"description\" content=\"Le dinar tunisien s\u2019est appr\u00e9ci\u00e9 par rapport au yen japonais en 2023, alors qu\u2019il a perdu en valeur par rapport au dollar am\u00e9ricain et \u00e0 l\u2019euro.\" \/>\n<link rel=\"canonical\" href=\"https:\/\/www.webdo.tn\/fr\/actualite\/national\/le-dinar-tunisien-s-apprecie-face-au-yen-japonais\/203909\/\" \/>\n<meta property=\"og:locale\" content=\"fr_FR\" \/>\n<meta property=\"og:type\" content=\"article\" \/>\n<meta property=\"og:title\" content=\"Le dinar tunisien s\u2019appr\u00e9cie face au yen japonais !\" \/>\n<meta property=\"og:description\" content=\"Le dinar tunisien s\u2019est appr\u00e9ci\u00e9 par rapport au yen japonais en 2023, alors qu\u2019il a perdu en valeur par rapport au dollar am\u00e9ricain et \u00e0 l\u2019euro.\" \/>\n<meta property=\"og:url\" content=\"https:\/\/www.webdo.tn\/fr\/actualite\/national\/le-dinar-tunisien-s-apprecie-face-au-yen-japonais\/203909\/\" \/>\n<meta property=\"og:site_name\" content=\"webdo\" \/>\n<meta property=\"article:publisher\" content=\"https:\/\/www.facebook.com\/webdotn\" \/>\n<meta property=\"article:published_time\" content=\"2023-03-14T14:03:00+00:00\" \/>\n<meta property=\"article:modified_time\" content=\"2025-05-20T22:58:38+00:00\" \/>\n<meta property=\"og:image\" content=\"https:\/\/www.webdo.tn\/fr\/wp-content\/uploads\/2023\/03\/71e6d94b64e5aaeda731e915dee780d3.jpg\" \/>\n\t<meta property=\"og:image:width\" content=\"750\" \/>\n\t<meta property=\"og:image:height\" content=\"400\" \/>\n\t<meta property=\"og:image:type\" content=\"image\/jpeg\" \/>\n<meta name=\"author\" content=\"Ramzi\" \/>\n<meta name=\"twitter:card\" content=\"summary_large_image\" \/>\n<meta name=\"twitter:creator\" content=\"@webdo_tn\" \/>\n<meta name=\"twitter:site\" content=\"@webdo_tn\" \/>\n<meta name=\"twitter:label1\" content=\"\u00c9crit par\" \/>\n\t<meta name=\"twitter:data1\" content=\"Ramzi\" \/>\n\t<meta name=\"twitter:label2\" content=\"Dur\u00e9e de lecture estim\u00e9e\" \/>\n\t<meta name=\"twitter:data2\" content=\"2 minutes\" \/>\n<script type=\"application\/ld+json\" class=\"yoast-schema-graph\">{\"@context\":\"https:\\\/\\\/schema.org\",\"@graph\":[{\"@type\":\"NewsArticle\",\"@id\":\"https:\\\/\\\/www.webdo.tn\\\/fr\\\/actualite\\\/national\\\/le-dinar-tunisien-s-apprecie-face-au-yen-japonais\\\/203909\\\/#article\",\"isPartOf\":{\"@id\":\"https:\\\/\\\/www.webdo.tn\\\/fr\\\/actualite\\\/national\\\/le-dinar-tunisien-s-apprecie-face-au-yen-japonais\\\/203909\\\/\"},\"author\":{\"name\":\"Ramzi\",\"@id\":\"https:\\\/\\\/www.webdo.tn\\\/fr\\\/#\\\/schema\\\/person\\\/590cb5f81adcfde6385530fdbdf468e2\"},\"headline\":\"Le dinar tunisien s\u2019appr\u00e9cie face au yen japonais !\",\"datePublished\":\"2023-03-14T14:03:00+00:00\",\"dateModified\":\"2025-05-20T22:58:38+00:00\",\"mainEntityOfPage\":{\"@id\":\"https:\\\/\\\/www.webdo.tn\\\/fr\\\/actualite\\\/national\\\/le-dinar-tunisien-s-apprecie-face-au-yen-japonais\\\/203909\\\/\"},\"wordCount\":379,\"commentCount\":0,\"publisher\":{\"@id\":\"https:\\\/\\\/www.webdo.tn\\\/fr\\\/#organization\"},\"image\":{\"@id\":\"https:\\\/\\\/www.webdo.tn\\\/fr\\\/actualite\\\/national\\\/le-dinar-tunisien-s-apprecie-face-au-yen-japonais\\\/203909\\\/#primaryimage\"},\"thumbnailUrl\":\"https:\\\/\\\/www.webdo.tn\\\/fr\\\/wp-content\\\/uploads\\\/2023\\\/03\\\/71e6d94b64e5aaeda731e915dee780d3.jpg\",\"keywords\":[\"Dinar\",\"Tunisie\",\"Yen\"],\"articleSection\":[\"National\"],\"inLanguage\":\"fr-FR\"},{\"@type\":\"WebPage\",\"@id\":\"https:\\\/\\\/www.webdo.tn\\\/fr\\\/actualite\\\/national\\\/le-dinar-tunisien-s-apprecie-face-au-yen-japonais\\\/203909\\\/\",\"url\":\"https:\\\/\\\/www.webdo.tn\\\/fr\\\/actualite\\\/national\\\/le-dinar-tunisien-s-apprecie-face-au-yen-japonais\\\/203909\\\/\",\"name\":\"Le dinar tunisien s\u2019appr\u00e9cie face au yen japonais !\",\"isPartOf\":{\"@id\":\"https:\\\/\\\/www.webdo.tn\\\/fr\\\/#website\"},\"primaryImageOfPage\":{\"@id\":\"https:\\\/\\\/www.webdo.tn\\\/fr\\\/actualite\\\/national\\\/le-dinar-tunisien-s-apprecie-face-au-yen-japonais\\\/203909\\\/#primaryimage\"},\"image\":{\"@id\":\"https:\\\/\\\/www.webdo.tn\\\/fr\\\/actualite\\\/national\\\/le-dinar-tunisien-s-apprecie-face-au-yen-japonais\\\/203909\\\/#primaryimage\"},\"thumbnailUrl\":\"https:\\\/\\\/www.webdo.tn\\\/fr\\\/wp-content\\\/uploads\\\/2023\\\/03\\\/71e6d94b64e5aaeda731e915dee780d3.jpg\",\"datePublished\":\"2023-03-14T14:03:00+00:00\",\"dateModified\":\"2025-05-20T22:58:38+00:00\",\"description\":\"Le dinar tunisien s\u2019est appr\u00e9ci\u00e9 par rapport au yen japonais en 2023, alors qu\u2019il a perdu en valeur par rapport au dollar am\u00e9ricain et \u00e0 l\u2019euro.\",\"breadcrumb\":{\"@id\":\"https:\\\/\\\/www.webdo.tn\\\/fr\\\/actualite\\\/national\\\/le-dinar-tunisien-s-apprecie-face-au-yen-japonais\\\/203909\\\/#breadcrumb\"},\"inLanguage\":\"fr-FR\",\"potentialAction\":[{\"@type\":\"ReadAction\",\"target\":[\"https:\\\/\\\/www.webdo.tn\\\/fr\\\/actualite\\\/national\\\/le-dinar-tunisien-s-apprecie-face-au-yen-japonais\\\/203909\\\/\"]}]},{\"@type\":\"ImageObject\",\"inLanguage\":\"fr-FR\",\"@id\":\"https:\\\/\\\/www.webdo.tn\\\/fr\\\/actualite\\\/national\\\/le-dinar-tunisien-s-apprecie-face-au-yen-japonais\\\/203909\\\/#primaryimage\",\"url\":\"https:\\\/\\\/www.webdo.tn\\\/fr\\\/wp-content\\\/uploads\\\/2023\\\/03\\\/71e6d94b64e5aaeda731e915dee780d3.jpg\",\"contentUrl\":\"https:\\\/\\\/www.webdo.tn\\\/fr\\\/wp-content\\\/uploads\\\/2023\\\/03\\\/71e6d94b64e5aaeda731e915dee780d3.jpg\",\"width\":750,\"height\":400,\"caption\":\"Yen Japonais\"},{\"@type\":\"BreadcrumbList\",\"@id\":\"https:\\\/\\\/www.webdo.tn\\\/fr\\\/actualite\\\/national\\\/le-dinar-tunisien-s-apprecie-face-au-yen-japonais\\\/203909\\\/#breadcrumb\",\"itemListElement\":[{\"@type\":\"ListItem\",\"position\":1,\"name\":\"Accueil\",\"item\":\"https:\\\/\\\/www.webdo.tn\\\/fr\\\/\"},{\"@type\":\"ListItem\",\"position\":2,\"name\":\"Le dinar tunisien s\u2019appr\u00e9cie face au yen japonais !\"}]},{\"@type\":\"WebSite\",\"@id\":\"https:\\\/\\\/www.webdo.tn\\\/fr\\\/#website\",\"url\":\"https:\\\/\\\/www.webdo.tn\\\/fr\\\/\",\"name\":\"webdo\",\"description\":\"Tunisie - News en Tunisie et \u00e0 l&#039;international sur Webdo.tn\",\"publisher\":{\"@id\":\"https:\\\/\\\/www.webdo.tn\\\/fr\\\/#organization\"},\"potentialAction\":[{\"@type\":\"SearchAction\",\"target\":{\"@type\":\"EntryPoint\",\"urlTemplate\":\"https:\\\/\\\/www.webdo.tn\\\/fr\\\/?s={search_term_string}\"},\"query-input\":{\"@type\":\"PropertyValueSpecification\",\"valueRequired\":true,\"valueName\":\"search_term_string\"}}],\"inLanguage\":\"fr-FR\"},{\"@type\":\"Organization\",\"@id\":\"https:\\\/\\\/www.webdo.tn\\\/fr\\\/#organization\",\"name\":\"Webdo\",\"alternateName\":\"Webdo.tn\",\"url\":\"https:\\\/\\\/www.webdo.tn\\\/fr\\\/\",\"logo\":{\"@type\":\"ImageObject\",\"inLanguage\":\"fr-FR\",\"@id\":\"https:\\\/\\\/www.webdo.tn\\\/fr\\\/#\\\/schema\\\/logo\\\/image\\\/\",\"url\":\"https:\\\/\\\/www.webdo.tn\\\/fr\\\/wp-content\\\/uploads\\\/2025\\\/06\\\/Webdo-Tunisie_168377.jpg\",\"contentUrl\":\"https:\\\/\\\/www.webdo.tn\\\/fr\\\/wp-content\\\/uploads\\\/2025\\\/06\\\/Webdo-Tunisie_168377.jpg\",\"width\":301,\"height\":301,\"caption\":\"Webdo\"},\"image\":{\"@id\":\"https:\\\/\\\/www.webdo.tn\\\/fr\\\/#\\\/schema\\\/logo\\\/image\\\/\"},\"sameAs\":[\"https:\\\/\\\/www.facebook.com\\\/webdotn\",\"https:\\\/\\\/x.com\\\/webdo_tn\"],\"description\":\"Webdo est un m\u00e9dia num\u00e9rique tunisien fond\u00e9 en 2010, sp\u00e9cialis\u00e9 dans l\u2019actualit\u00e9 nationale et internationale, l\u2019\u00e9conomie, la soci\u00e9t\u00e9 et les analyses politiques. Le site s\u2019adresse \u00e0 un large public francophone et couvre l\u2019information tunisienne en temps r\u00e9el.\",\"email\":\"redac@webdo.tn\",\"legalName\":\"YNJ SARL\",\"foundingDate\":\"2010-09-06\",\"numberOfEmployees\":{\"@type\":\"QuantitativeValue\",\"minValue\":\"11\",\"maxValue\":\"50\"}},{\"@type\":\"Person\",\"@id\":\"https:\\\/\\\/www.webdo.tn\\\/fr\\\/#\\\/schema\\\/person\\\/590cb5f81adcfde6385530fdbdf468e2\",\"name\":\"Ramzi\",\"image\":{\"@type\":\"ImageObject\",\"inLanguage\":\"fr-FR\",\"@id\":\"https:\\\/\\\/secure.gravatar.com\\\/avatar\\\/48df7d18915e10cf866ba8e27604c81ff9243fd52704a1d210c3e387e1cb8d87?s=96&d=mm&r=g\",\"url\":\"https:\\\/\\\/secure.gravatar.com\\\/avatar\\\/48df7d18915e10cf866ba8e27604c81ff9243fd52704a1d210c3e387e1cb8d87?s=96&d=mm&r=g\",\"contentUrl\":\"https:\\\/\\\/secure.gravatar.com\\\/avatar\\\/48df7d18915e10cf866ba8e27604c81ff9243fd52704a1d210c3e387e1cb8d87?s=96&d=mm&r=g\",\"caption\":\"Ramzi\"},\"url\":\"https:\\\/\\\/www.webdo.tn\\\/fr\\\/actualite\\\/author\\\/ramzi\\\/\"}]}<\/script>\n<!-- \/ Yoast SEO Premium plugin. -->","yoast_head_json":{"title":"Le dinar tunisien s\u2019appr\u00e9cie face au yen japonais !","description":"Le dinar tunisien s\u2019est appr\u00e9ci\u00e9 par rapport au yen japonais en 2023, alors qu\u2019il a perdu en valeur par rapport au dollar am\u00e9ricain et \u00e0 l\u2019euro.","canonical":"https:\/\/www.webdo.tn\/fr\/actualite\/national\/le-dinar-tunisien-s-apprecie-face-au-yen-japonais\/203909\/","og_locale":"fr_FR","og_type":"article","og_title":"Le dinar tunisien s\u2019appr\u00e9cie face au yen japonais !","og_description":"Le dinar tunisien s\u2019est appr\u00e9ci\u00e9 par rapport au yen japonais en 2023, alors qu\u2019il a perdu en valeur par rapport au dollar am\u00e9ricain et \u00e0 l\u2019euro.","og_url":"https:\/\/www.webdo.tn\/fr\/actualite\/national\/le-dinar-tunisien-s-apprecie-face-au-yen-japonais\/203909\/","og_site_name":"webdo","article_publisher":"https:\/\/www.facebook.com\/webdotn","article_published_time":"2023-03-14T14:03:00+00:00","article_modified_time":"2025-05-20T22:58:38+00:00","og_image":[{"width":750,"height":400,"url":"https:\/\/www.webdo.tn\/fr\/wp-content\/uploads\/2023\/03\/71e6d94b64e5aaeda731e915dee780d3.jpg","type":"image\/jpeg"}],"author":"Ramzi","twitter_card":"summary_large_image","twitter_creator":"@webdo_tn","twitter_site":"@webdo_tn","twitter_misc":{"\u00c9crit par":"Ramzi","Dur\u00e9e de lecture estim\u00e9e":"2 minutes"},"schema":{"@context":"https:\/\/schema.org","@graph":[{"@type":"NewsArticle","@id":"https:\/\/www.webdo.tn\/fr\/actualite\/national\/le-dinar-tunisien-s-apprecie-face-au-yen-japonais\/203909\/#article","isPartOf":{"@id":"https:\/\/www.webdo.tn\/fr\/actualite\/national\/le-dinar-tunisien-s-apprecie-face-au-yen-japonais\/203909\/"},"author":{"name":"Ramzi","@id":"https:\/\/www.webdo.tn\/fr\/#\/schema\/person\/590cb5f81adcfde6385530fdbdf468e2"},"headline":"Le dinar tunisien s\u2019appr\u00e9cie face au yen japonais !","datePublished":"2023-03-14T14:03:00+00:00","dateModified":"2025-05-20T22:58:38+00:00","mainEntityOfPage":{"@id":"https:\/\/www.webdo.tn\/fr\/actualite\/national\/le-dinar-tunisien-s-apprecie-face-au-yen-japonais\/203909\/"},"wordCount":379,"commentCount":0,"publisher":{"@id":"https:\/\/www.webdo.tn\/fr\/#organization"},"image":{"@id":"https:\/\/www.webdo.tn\/fr\/actualite\/national\/le-dinar-tunisien-s-apprecie-face-au-yen-japonais\/203909\/#primaryimage"},"thumbnailUrl":"https:\/\/www.webdo.tn\/fr\/wp-content\/uploads\/2023\/03\/71e6d94b64e5aaeda731e915dee780d3.jpg","keywords":["Dinar","Tunisie","Yen"],"articleSection":["National"],"inLanguage":"fr-FR"},{"@type":"WebPage","@id":"https:\/\/www.webdo.tn\/fr\/actualite\/national\/le-dinar-tunisien-s-apprecie-face-au-yen-japonais\/203909\/","url":"https:\/\/www.webdo.tn\/fr\/actualite\/national\/le-dinar-tunisien-s-apprecie-face-au-yen-japonais\/203909\/","name":"Le dinar tunisien s\u2019appr\u00e9cie face au yen japonais !","isPartOf":{"@id":"https:\/\/www.webdo.tn\/fr\/#website"},"primaryImageOfPage":{"@id":"https:\/\/www.webdo.tn\/fr\/actualite\/national\/le-dinar-tunisien-s-apprecie-face-au-yen-japonais\/203909\/#primaryimage"},"image":{"@id":"https:\/\/www.webdo.tn\/fr\/actualite\/national\/le-dinar-tunisien-s-apprecie-face-au-yen-japonais\/203909\/#primaryimage"},"thumbnailUrl":"https:\/\/www.webdo.tn\/fr\/wp-content\/uploads\/2023\/03\/71e6d94b64e5aaeda731e915dee780d3.jpg","datePublished":"2023-03-14T14:03:00+00:00","dateModified":"2025-05-20T22:58:38+00:00","description":"Le dinar tunisien s\u2019est appr\u00e9ci\u00e9 par rapport au yen japonais en 2023, alors qu\u2019il a perdu en valeur par rapport au dollar am\u00e9ricain et \u00e0 l\u2019euro.","breadcrumb":{"@id":"https:\/\/www.webdo.tn\/fr\/actualite\/national\/le-dinar-tunisien-s-apprecie-face-au-yen-japonais\/203909\/#breadcrumb"},"inLanguage":"fr-FR","potentialAction":[{"@type":"ReadAction","target":["https:\/\/www.webdo.tn\/fr\/actualite\/national\/le-dinar-tunisien-s-apprecie-face-au-yen-japonais\/203909\/"]}]},{"@type":"ImageObject","inLanguage":"fr-FR","@id":"https:\/\/www.webdo.tn\/fr\/actualite\/national\/le-dinar-tunisien-s-apprecie-face-au-yen-japonais\/203909\/#primaryimage","url":"https:\/\/www.webdo.tn\/fr\/wp-content\/uploads\/2023\/03\/71e6d94b64e5aaeda731e915dee780d3.jpg","contentUrl":"https:\/\/www.webdo.tn\/fr\/wp-content\/uploads\/2023\/03\/71e6d94b64e5aaeda731e915dee780d3.jpg","width":750,"height":400,"caption":"Yen Japonais"},{"@type":"BreadcrumbList","@id":"https:\/\/www.webdo.tn\/fr\/actualite\/national\/le-dinar-tunisien-s-apprecie-face-au-yen-japonais\/203909\/#breadcrumb","itemListElement":[{"@type":"ListItem","position":1,"name":"Accueil","item":"https:\/\/www.webdo.tn\/fr\/"},{"@type":"ListItem","position":2,"name":"Le dinar tunisien s\u2019appr\u00e9cie face au yen japonais !"}]},{"@type":"WebSite","@id":"https:\/\/www.webdo.tn\/fr\/#website","url":"https:\/\/www.webdo.tn\/fr\/","name":"webdo","description":"Tunisie - News en Tunisie et \u00e0 l&#039;international sur Webdo.tn","publisher":{"@id":"https:\/\/www.webdo.tn\/fr\/#organization"},"potentialAction":[{"@type":"SearchAction","target":{"@type":"EntryPoint","urlTemplate":"https:\/\/www.webdo.tn\/fr\/?s={search_term_string}"},"query-input":{"@type":"PropertyValueSpecification","valueRequired":true,"valueName":"search_term_string"}}],"inLanguage":"fr-FR"},{"@type":"Organization","@id":"https:\/\/www.webdo.tn\/fr\/#organization","name":"Webdo","alternateName":"Webdo.tn","url":"https:\/\/www.webdo.tn\/fr\/","logo":{"@type":"ImageObject","inLanguage":"fr-FR","@id":"https:\/\/www.webdo.tn\/fr\/#\/schema\/logo\/image\/","url":"https:\/\/www.webdo.tn\/fr\/wp-content\/uploads\/2025\/06\/Webdo-Tunisie_168377.jpg","contentUrl":"https:\/\/www.webdo.tn\/fr\/wp-content\/uploads\/2025\/06\/Webdo-Tunisie_168377.jpg","width":301,"height":301,"caption":"Webdo"},"image":{"@id":"https:\/\/www.webdo.tn\/fr\/#\/schema\/logo\/image\/"},"sameAs":["https:\/\/www.facebook.com\/webdotn","https:\/\/x.com\/webdo_tn"],"description":"Webdo est un m\u00e9dia num\u00e9rique tunisien fond\u00e9 en 2010, sp\u00e9cialis\u00e9 dans l\u2019actualit\u00e9 nationale et internationale, l\u2019\u00e9conomie, la soci\u00e9t\u00e9 et les analyses politiques. Le site s\u2019adresse \u00e0 un large public francophone et couvre l\u2019information tunisienne en temps r\u00e9el.","email":"redac@webdo.tn","legalName":"YNJ SARL","foundingDate":"2010-09-06","numberOfEmployees":{"@type":"QuantitativeValue","minValue":"11","maxValue":"50"}},{"@type":"Person","@id":"https:\/\/www.webdo.tn\/fr\/#\/schema\/person\/590cb5f81adcfde6385530fdbdf468e2","name":"Ramzi","image":{"@type":"ImageObject","inLanguage":"fr-FR","@id":"https:\/\/secure.gravatar.com\/avatar\/48df7d18915e10cf866ba8e27604c81ff9243fd52704a1d210c3e387e1cb8d87?s=96&d=mm&r=g","url":"https:\/\/secure.gravatar.com\/avatar\/48df7d18915e10cf866ba8e27604c81ff9243fd52704a1d210c3e387e1cb8d87?s=96&d=mm&r=g","contentUrl":"https:\/\/secure.gravatar.com\/avatar\/48df7d18915e10cf866ba8e27604c81ff9243fd52704a1d210c3e387e1cb8d87?s=96&d=mm&r=g","caption":"Ramzi"},"url":"https:\/\/www.webdo.tn\/fr\/actualite\/author\/ramzi\/"}]}},"_links":{"self":[{"href":"https:\/\/www.webdo.tn\/fr\/wp-json\/wp\/v2\/posts\/203909","targetHints":{"allow":["GET"]}}],"collection":[{"href":"https:\/\/www.webdo.tn\/fr\/wp-json\/wp\/v2\/posts"}],"about":[{"href":"https:\/\/www.webdo.tn\/fr\/wp-json\/wp\/v2\/types\/post"}],"author":[{"embeddable":true,"href":"https:\/\/www.webdo.tn\/fr\/wp-json\/wp\/v2\/users\/3188"}],"replies":[{"embeddable":true,"href":"https:\/\/www.webdo.tn\/fr\/wp-json\/wp\/v2\/comments?post=203909"}],"version-history":[{"count":0,"href":"https:\/\/www.webdo.tn\/fr\/wp-json\/wp\/v2\/posts\/203909\/revisions"}],"wp:featuredmedia":[{"embeddable":true,"href":"https:\/\/www.webdo.tn\/fr\/wp-json\/wp\/v2\/media\/251733"}],"wp:attachment":[{"href":"https:\/\/www.webdo.tn\/fr\/wp-json\/wp\/v2\/media?parent=203909"}],"wp:term":[{"taxonomy":"category","embeddable":true,"href":"https:\/\/www.webdo.tn\/fr\/wp-json\/wp\/v2\/categories?post=203909"},{"taxonomy":"post_tag","embeddable":true,"href":"https:\/\/www.webdo.tn\/fr\/wp-json\/wp\/v2\/tags?post=203909"}],"curies":[{"name":"wp","href":"https:\/\/api.w.org\/{rel}","templated":true}]}}