{"id":203903,"date":"2023-03-14T12:21:00","date_gmt":"2023-03-14T12:21:00","guid":{"rendered":"https:\/\/www.webdo.tn\/fr\/blog\/snjt-une-liste-des-deputes-ayant-appele-a-l-interdiction-faite-aux-journalistes-d-acceder-a-l-arp\/203903\/"},"modified":"2025-05-20T22:08:03","modified_gmt":"2025-05-20T22:08:03","slug":"snjt-une-liste-des-deputes-ayant-appele-a-l-interdiction-faite-aux-journalistes-d-acceder-a-l-arp","status":"publish","type":"post","link":"https:\/\/www.webdo.tn\/fr\/actualite\/national\/snjt-une-liste-des-deputes-ayant-appele-a-l-interdiction-faite-aux-journalistes-d-acceder-a-l-arp\/203903\/","title":{"rendered":"SNJT : Une liste des d\u00e9put\u00e9s ayant appel\u00e9 \u00e0 l\u2019interdiction faite aux journalistes d\u2019acc\u00e9der \u00e0 l\u2019ARP"},"content":{"rendered":"<p>Le Syndicat national des journalistes tunisiens a tenu, ce mardi 14 mars 2023, une conf\u00e9rence de presse pour revenir sur les incidents d\u2019hier lors de la pl\u00e9ni\u00e8re inaugurale de l\u2019ARP et l\u2019interdiction faite aux journalistes de couvrir l\u2019\u00e9v\u00e8nement.<\/p>\n<p>\t\t\t\t\t\t\t\t\tAmira Mohamed, vice-pr\u00e9sidente SNJT a de nouveau d\u00e9nonc\u00e9 la d\u00e9cision d\u2019interdire aux journalistes l\u2019acc\u00e8s au parlement. \u00ab\u00a0Ce qui s\u2019est pass\u00e9 a port\u00e9 atteinte \u00e0 l\u2019image de la Tunisie et le pouvoir tente de semer la discorde entre les journalistes\u00a0\u00bb, a-t-elle dit.<\/p>\n<p>Et de souligner que la situation des m\u00e9dias en Tunisie est dangereuse et que la libert\u00e9 de la presse est en r\u00e9gression en raison des \u00ab\u00a0pratiques exerc\u00e9es par le pouvoir\u00a0\u00bb, a-t-elle ajout\u00e9.<\/p>\n<p>Amira Mohamed a annonc\u00e9 que \u00ab\u00a0le SNJT avait d\u00e9cid\u00e9 d\u2019arr\u00eater une liste de tous les d\u00e9put\u00e9s ayant appel\u00e9 \u00e0 interdire l\u2019acc\u00e8s aux journalistes \u00e0 l\u2019ARP\u00a0 lors de la premi\u00e8re pl\u00e9ni\u00e8re d\u2019hier\u00a0\u00bb sachant que seuls ceux de la T\u00e9l\u00e9vision et de la Radio nationales et ceux de l\u2019agence TAP ont \u00e9t\u00e9 autoris\u00e9s \u00e0 couvrir cette pl\u00e9ni\u00e8re.<\/p>\n<p>Et d\u2019ajouter que le nouveau pr\u00e9sident du Parlement, Brahim Bouderbala a exprim\u00e9 au SNJT son rejet de cette pratique d\u2019interdire l\u2019acc\u00e8s \u00e0 l\u2019ARP aux journalistes.<\/p>\n<p>Elle a \u00e9galement annonc\u00e9 que les journalistes qui acc\u00e9deront au Parlement \u00e0 l\u2019occasion de l\u2019approbation du r\u00e8glement int\u00e9rieur ont \u00e9t\u00e9 appel\u00e9s \u00e0 porter le brassard rouge en signe de protestation contre ce qui s\u2019est pass\u00e9 hier.<\/p>\n","protected":false},"excerpt":{"rendered":"<p>Le SNJT a tenu, ce mardi 14 mars 2023, une conf\u00e9rence de presse pour revenir sur l\u2019interdiction faite aux journalistes d&rsquo;acc\u00e9der \u00e0 l&rsquo;ARP.<\/p>\n","protected":false},"author":3162,"featured_media":277895,"comment_status":"open","ping_status":"closed","sticky":false,"template":"","format":"standard","meta":{"footnotes":""},"categories":[44],"tags":[2813,4338,2758,2759],"class_list":["post-203903","post","type-post","status-publish","format-standard","has-post-thumbnail","hentry","category-national","tag-arp","tag-interdiction","tag-journalistes","tag-snjt"],"yoast_head":"<!-- This site is optimized with the Yoast SEO Premium plugin v27.4 (Yoast SEO v27.5) - https:\/\/yoast.com\/product\/yoast-seo-premium-wordpress\/ -->\n<title>SNJT : Une liste des d\u00e9put\u00e9s ayant appel\u00e9 \u00e0 l\u2019interdiction faite aux journalistes d\u2019acc\u00e9der \u00e0 l\u2019ARP<\/title>\n<meta name=\"description\" content=\"Le SNJT a tenu, ce mardi 14 mars 2023, une conf\u00e9rence de presse pour revenir sur l\u2019interdiction faite aux journalistes d&#039;acc\u00e9der \u00e0 l&#039;ARP.\" \/>\n<link rel=\"canonical\" href=\"https:\/\/www.webdo.tn\/fr\/actualite\/national\/snjt-une-liste-des-deputes-ayant-appele-a-l-interdiction-faite-aux-journalistes-d-acceder-a-l-arp\/203903\/\" \/>\n<meta property=\"og:locale\" content=\"fr_FR\" \/>\n<meta property=\"og:type\" content=\"article\" \/>\n<meta property=\"og:title\" content=\"SNJT : Une liste des d\u00e9put\u00e9s ayant appel\u00e9 \u00e0 l\u2019interdiction faite aux journalistes d\u2019acc\u00e9der \u00e0 l\u2019ARP\" \/>\n<meta property=\"og:description\" content=\"Le SNJT a tenu, ce mardi 14 mars 2023, une conf\u00e9rence de presse pour revenir sur l\u2019interdiction faite aux journalistes d&#039;acc\u00e9der \u00e0 l&#039;ARP.\" \/>\n<meta property=\"og:url\" content=\"https:\/\/www.webdo.tn\/fr\/actualite\/national\/snjt-une-liste-des-deputes-ayant-appele-a-l-interdiction-faite-aux-journalistes-d-acceder-a-l-arp\/203903\/\" \/>\n<meta property=\"og:site_name\" content=\"webdo\" \/>\n<meta property=\"article:publisher\" content=\"https:\/\/www.facebook.com\/webdotn\" \/>\n<meta property=\"article:published_time\" content=\"2023-03-14T12:21:00+00:00\" \/>\n<meta property=\"article:modified_time\" content=\"2025-05-20T22:08:03+00:00\" \/>\n<meta property=\"og:image\" content=\"https:\/\/www.webdo.tn\/fr\/wp-content\/uploads\/2023\/03\/42d247e649a6da25f26f8b2b2e7adaa1.jpg\" \/>\n\t<meta property=\"og:image:width\" content=\"750\" \/>\n\t<meta property=\"og:image:height\" content=\"400\" \/>\n\t<meta property=\"og:image:type\" content=\"image\/jpeg\" \/>\n<meta name=\"author\" content=\"MC\" \/>\n<meta name=\"twitter:card\" content=\"summary_large_image\" \/>\n<meta name=\"twitter:creator\" content=\"@webdo_tn\" \/>\n<meta name=\"twitter:site\" content=\"@webdo_tn\" \/>\n<meta name=\"twitter:label1\" content=\"\u00c9crit par\" \/>\n\t<meta name=\"twitter:data1\" content=\"MC\" \/>\n\t<meta name=\"twitter:label2\" content=\"Dur\u00e9e de lecture estim\u00e9e\" \/>\n\t<meta name=\"twitter:data2\" content=\"1 minute\" \/>\n<script type=\"application\/ld+json\" class=\"yoast-schema-graph\">{\"@context\":\"https:\\\/\\\/schema.org\",\"@graph\":[{\"@type\":\"NewsArticle\",\"@id\":\"https:\\\/\\\/www.webdo.tn\\\/fr\\\/actualite\\\/national\\\/snjt-une-liste-des-deputes-ayant-appele-a-l-interdiction-faite-aux-journalistes-d-acceder-a-l-arp\\\/203903\\\/#article\",\"isPartOf\":{\"@id\":\"https:\\\/\\\/www.webdo.tn\\\/fr\\\/actualite\\\/national\\\/snjt-une-liste-des-deputes-ayant-appele-a-l-interdiction-faite-aux-journalistes-d-acceder-a-l-arp\\\/203903\\\/\"},\"author\":{\"name\":\"MC\",\"@id\":\"https:\\\/\\\/www.webdo.tn\\\/fr\\\/#\\\/schema\\\/person\\\/2c4929cbf5a809e3bd38617c6ce150f6\"},\"headline\":\"SNJT : Une liste des d\u00e9put\u00e9s ayant appel\u00e9 \u00e0 l\u2019interdiction faite aux journalistes d\u2019acc\u00e9der \u00e0 l\u2019ARP\",\"datePublished\":\"2023-03-14T12:21:00+00:00\",\"dateModified\":\"2025-05-20T22:08:03+00:00\",\"mainEntityOfPage\":{\"@id\":\"https:\\\/\\\/www.webdo.tn\\\/fr\\\/actualite\\\/national\\\/snjt-une-liste-des-deputes-ayant-appele-a-l-interdiction-faite-aux-journalistes-d-acceder-a-l-arp\\\/203903\\\/\"},\"wordCount\":287,\"commentCount\":0,\"publisher\":{\"@id\":\"https:\\\/\\\/www.webdo.tn\\\/fr\\\/#organization\"},\"image\":{\"@id\":\"https:\\\/\\\/www.webdo.tn\\\/fr\\\/actualite\\\/national\\\/snjt-une-liste-des-deputes-ayant-appele-a-l-interdiction-faite-aux-journalistes-d-acceder-a-l-arp\\\/203903\\\/#primaryimage\"},\"thumbnailUrl\":\"https:\\\/\\\/www.webdo.tn\\\/fr\\\/wp-content\\\/uploads\\\/2023\\\/03\\\/42d247e649a6da25f26f8b2b2e7adaa1.jpg\",\"keywords\":[\"ARP\",\"interdiction\",\"Journalistes\",\"snjt\"],\"articleSection\":[\"National\"],\"inLanguage\":\"fr-FR\"},{\"@type\":\"WebPage\",\"@id\":\"https:\\\/\\\/www.webdo.tn\\\/fr\\\/actualite\\\/national\\\/snjt-une-liste-des-deputes-ayant-appele-a-l-interdiction-faite-aux-journalistes-d-acceder-a-l-arp\\\/203903\\\/\",\"url\":\"https:\\\/\\\/www.webdo.tn\\\/fr\\\/actualite\\\/national\\\/snjt-une-liste-des-deputes-ayant-appele-a-l-interdiction-faite-aux-journalistes-d-acceder-a-l-arp\\\/203903\\\/\",\"name\":\"SNJT : Une liste des d\u00e9put\u00e9s ayant appel\u00e9 \u00e0 l\u2019interdiction faite aux journalistes d\u2019acc\u00e9der \u00e0 l\u2019ARP\",\"isPartOf\":{\"@id\":\"https:\\\/\\\/www.webdo.tn\\\/fr\\\/#website\"},\"primaryImageOfPage\":{\"@id\":\"https:\\\/\\\/www.webdo.tn\\\/fr\\\/actualite\\\/national\\\/snjt-une-liste-des-deputes-ayant-appele-a-l-interdiction-faite-aux-journalistes-d-acceder-a-l-arp\\\/203903\\\/#primaryimage\"},\"image\":{\"@id\":\"https:\\\/\\\/www.webdo.tn\\\/fr\\\/actualite\\\/national\\\/snjt-une-liste-des-deputes-ayant-appele-a-l-interdiction-faite-aux-journalistes-d-acceder-a-l-arp\\\/203903\\\/#primaryimage\"},\"thumbnailUrl\":\"https:\\\/\\\/www.webdo.tn\\\/fr\\\/wp-content\\\/uploads\\\/2023\\\/03\\\/42d247e649a6da25f26f8b2b2e7adaa1.jpg\",\"datePublished\":\"2023-03-14T12:21:00+00:00\",\"dateModified\":\"2025-05-20T22:08:03+00:00\",\"description\":\"Le SNJT a tenu, ce mardi 14 mars 2023, une conf\u00e9rence de presse pour revenir sur l\u2019interdiction faite aux journalistes d'acc\u00e9der \u00e0 l'ARP.\",\"breadcrumb\":{\"@id\":\"https:\\\/\\\/www.webdo.tn\\\/fr\\\/actualite\\\/national\\\/snjt-une-liste-des-deputes-ayant-appele-a-l-interdiction-faite-aux-journalistes-d-acceder-a-l-arp\\\/203903\\\/#breadcrumb\"},\"inLanguage\":\"fr-FR\",\"potentialAction\":[{\"@type\":\"ReadAction\",\"target\":[\"https:\\\/\\\/www.webdo.tn\\\/fr\\\/actualite\\\/national\\\/snjt-une-liste-des-deputes-ayant-appele-a-l-interdiction-faite-aux-journalistes-d-acceder-a-l-arp\\\/203903\\\/\"]}]},{\"@type\":\"ImageObject\",\"inLanguage\":\"fr-FR\",\"@id\":\"https:\\\/\\\/www.webdo.tn\\\/fr\\\/actualite\\\/national\\\/snjt-une-liste-des-deputes-ayant-appele-a-l-interdiction-faite-aux-journalistes-d-acceder-a-l-arp\\\/203903\\\/#primaryimage\",\"url\":\"https:\\\/\\\/www.webdo.tn\\\/fr\\\/wp-content\\\/uploads\\\/2023\\\/03\\\/42d247e649a6da25f26f8b2b2e7adaa1.jpg\",\"contentUrl\":\"https:\\\/\\\/www.webdo.tn\\\/fr\\\/wp-content\\\/uploads\\\/2023\\\/03\\\/42d247e649a6da25f26f8b2b2e7adaa1.jpg\",\"width\":750,\"height\":400,\"caption\":\"SNJT : Une liste des d\u00e9put\u00e9s ayant appel\u00e9 \u00e0 l\u2019interdiction faite aux journalistes d\u2019acc\u00e9der \u00e0 l\u2019ARP\"},{\"@type\":\"BreadcrumbList\",\"@id\":\"https:\\\/\\\/www.webdo.tn\\\/fr\\\/actualite\\\/national\\\/snjt-une-liste-des-deputes-ayant-appele-a-l-interdiction-faite-aux-journalistes-d-acceder-a-l-arp\\\/203903\\\/#breadcrumb\",\"itemListElement\":[{\"@type\":\"ListItem\",\"position\":1,\"name\":\"Accueil\",\"item\":\"https:\\\/\\\/www.webdo.tn\\\/fr\\\/\"},{\"@type\":\"ListItem\",\"position\":2,\"name\":\"SNJT : Une liste des d\u00e9put\u00e9s ayant appel\u00e9 \u00e0 l\u2019interdiction faite aux journalistes d\u2019acc\u00e9der \u00e0 l\u2019ARP\"}]},{\"@type\":\"WebSite\",\"@id\":\"https:\\\/\\\/www.webdo.tn\\\/fr\\\/#website\",\"url\":\"https:\\\/\\\/www.webdo.tn\\\/fr\\\/\",\"name\":\"webdo\",\"description\":\"Tunisie - News en Tunisie et \u00e0 l&#039;international sur Webdo.tn\",\"publisher\":{\"@id\":\"https:\\\/\\\/www.webdo.tn\\\/fr\\\/#organization\"},\"potentialAction\":[{\"@type\":\"SearchAction\",\"target\":{\"@type\":\"EntryPoint\",\"urlTemplate\":\"https:\\\/\\\/www.webdo.tn\\\/fr\\\/?s={search_term_string}\"},\"query-input\":{\"@type\":\"PropertyValueSpecification\",\"valueRequired\":true,\"valueName\":\"search_term_string\"}}],\"inLanguage\":\"fr-FR\"},{\"@type\":\"Organization\",\"@id\":\"https:\\\/\\\/www.webdo.tn\\\/fr\\\/#organization\",\"name\":\"Webdo\",\"alternateName\":\"Webdo.tn\",\"url\":\"https:\\\/\\\/www.webdo.tn\\\/fr\\\/\",\"logo\":{\"@type\":\"ImageObject\",\"inLanguage\":\"fr-FR\",\"@id\":\"https:\\\/\\\/www.webdo.tn\\\/fr\\\/#\\\/schema\\\/logo\\\/image\\\/\",\"url\":\"https:\\\/\\\/www.webdo.tn\\\/fr\\\/wp-content\\\/uploads\\\/2025\\\/06\\\/Webdo-Tunisie_168377.jpg\",\"contentUrl\":\"https:\\\/\\\/www.webdo.tn\\\/fr\\\/wp-content\\\/uploads\\\/2025\\\/06\\\/Webdo-Tunisie_168377.jpg\",\"width\":301,\"height\":301,\"caption\":\"Webdo\"},\"image\":{\"@id\":\"https:\\\/\\\/www.webdo.tn\\\/fr\\\/#\\\/schema\\\/logo\\\/image\\\/\"},\"sameAs\":[\"https:\\\/\\\/www.facebook.com\\\/webdotn\",\"https:\\\/\\\/x.com\\\/webdo_tn\"],\"description\":\"Webdo est un m\u00e9dia num\u00e9rique tunisien fond\u00e9 en 2010, sp\u00e9cialis\u00e9 dans l\u2019actualit\u00e9 nationale et internationale, l\u2019\u00e9conomie, la soci\u00e9t\u00e9 et les analyses politiques. Le site s\u2019adresse \u00e0 un large public francophone et couvre l\u2019information tunisienne en temps r\u00e9el.\",\"email\":\"redac@webdo.tn\",\"legalName\":\"YNJ SARL\",\"foundingDate\":\"2010-09-06\",\"numberOfEmployees\":{\"@type\":\"QuantitativeValue\",\"minValue\":\"11\",\"maxValue\":\"50\"}},{\"@type\":\"Person\",\"@id\":\"https:\\\/\\\/www.webdo.tn\\\/fr\\\/#\\\/schema\\\/person\\\/2c4929cbf5a809e3bd38617c6ce150f6\",\"name\":\"MC\",\"image\":{\"@type\":\"ImageObject\",\"inLanguage\":\"fr-FR\",\"@id\":\"https:\\\/\\\/secure.gravatar.com\\\/avatar\\\/a545bbb6f84efdd5553dbbc2895e3ca8f1d12c5215e00a041c9670b54aa9b18a?s=96&d=mm&r=g\",\"url\":\"https:\\\/\\\/secure.gravatar.com\\\/avatar\\\/a545bbb6f84efdd5553dbbc2895e3ca8f1d12c5215e00a041c9670b54aa9b18a?s=96&d=mm&r=g\",\"contentUrl\":\"https:\\\/\\\/secure.gravatar.com\\\/avatar\\\/a545bbb6f84efdd5553dbbc2895e3ca8f1d12c5215e00a041c9670b54aa9b18a?s=96&d=mm&r=g\",\"caption\":\"MC\"},\"url\":\"https:\\\/\\\/www.webdo.tn\\\/fr\\\/actualite\\\/author\\\/mc\\\/\"}]}<\/script>\n<!-- \/ Yoast SEO Premium plugin. -->","yoast_head_json":{"title":"SNJT : Une liste des d\u00e9put\u00e9s ayant appel\u00e9 \u00e0 l\u2019interdiction faite aux journalistes d\u2019acc\u00e9der \u00e0 l\u2019ARP","description":"Le SNJT a tenu, ce mardi 14 mars 2023, une conf\u00e9rence de presse pour revenir sur l\u2019interdiction faite aux journalistes d'acc\u00e9der \u00e0 l'ARP.","canonical":"https:\/\/www.webdo.tn\/fr\/actualite\/national\/snjt-une-liste-des-deputes-ayant-appele-a-l-interdiction-faite-aux-journalistes-d-acceder-a-l-arp\/203903\/","og_locale":"fr_FR","og_type":"article","og_title":"SNJT : Une liste des d\u00e9put\u00e9s ayant appel\u00e9 \u00e0 l\u2019interdiction faite aux journalistes d\u2019acc\u00e9der \u00e0 l\u2019ARP","og_description":"Le SNJT a tenu, ce mardi 14 mars 2023, une conf\u00e9rence de presse pour revenir sur l\u2019interdiction faite aux journalistes d'acc\u00e9der \u00e0 l'ARP.","og_url":"https:\/\/www.webdo.tn\/fr\/actualite\/national\/snjt-une-liste-des-deputes-ayant-appele-a-l-interdiction-faite-aux-journalistes-d-acceder-a-l-arp\/203903\/","og_site_name":"webdo","article_publisher":"https:\/\/www.facebook.com\/webdotn","article_published_time":"2023-03-14T12:21:00+00:00","article_modified_time":"2025-05-20T22:08:03+00:00","og_image":[{"width":750,"height":400,"url":"https:\/\/www.webdo.tn\/fr\/wp-content\/uploads\/2023\/03\/42d247e649a6da25f26f8b2b2e7adaa1.jpg","type":"image\/jpeg"}],"author":"MC","twitter_card":"summary_large_image","twitter_creator":"@webdo_tn","twitter_site":"@webdo_tn","twitter_misc":{"\u00c9crit par":"MC","Dur\u00e9e de lecture estim\u00e9e":"1 minute"},"schema":{"@context":"https:\/\/schema.org","@graph":[{"@type":"NewsArticle","@id":"https:\/\/www.webdo.tn\/fr\/actualite\/national\/snjt-une-liste-des-deputes-ayant-appele-a-l-interdiction-faite-aux-journalistes-d-acceder-a-l-arp\/203903\/#article","isPartOf":{"@id":"https:\/\/www.webdo.tn\/fr\/actualite\/national\/snjt-une-liste-des-deputes-ayant-appele-a-l-interdiction-faite-aux-journalistes-d-acceder-a-l-arp\/203903\/"},"author":{"name":"MC","@id":"https:\/\/www.webdo.tn\/fr\/#\/schema\/person\/2c4929cbf5a809e3bd38617c6ce150f6"},"headline":"SNJT : Une liste des d\u00e9put\u00e9s ayant appel\u00e9 \u00e0 l\u2019interdiction faite aux journalistes d\u2019acc\u00e9der \u00e0 l\u2019ARP","datePublished":"2023-03-14T12:21:00+00:00","dateModified":"2025-05-20T22:08:03+00:00","mainEntityOfPage":{"@id":"https:\/\/www.webdo.tn\/fr\/actualite\/national\/snjt-une-liste-des-deputes-ayant-appele-a-l-interdiction-faite-aux-journalistes-d-acceder-a-l-arp\/203903\/"},"wordCount":287,"commentCount":0,"publisher":{"@id":"https:\/\/www.webdo.tn\/fr\/#organization"},"image":{"@id":"https:\/\/www.webdo.tn\/fr\/actualite\/national\/snjt-une-liste-des-deputes-ayant-appele-a-l-interdiction-faite-aux-journalistes-d-acceder-a-l-arp\/203903\/#primaryimage"},"thumbnailUrl":"https:\/\/www.webdo.tn\/fr\/wp-content\/uploads\/2023\/03\/42d247e649a6da25f26f8b2b2e7adaa1.jpg","keywords":["ARP","interdiction","Journalistes","snjt"],"articleSection":["National"],"inLanguage":"fr-FR"},{"@type":"WebPage","@id":"https:\/\/www.webdo.tn\/fr\/actualite\/national\/snjt-une-liste-des-deputes-ayant-appele-a-l-interdiction-faite-aux-journalistes-d-acceder-a-l-arp\/203903\/","url":"https:\/\/www.webdo.tn\/fr\/actualite\/national\/snjt-une-liste-des-deputes-ayant-appele-a-l-interdiction-faite-aux-journalistes-d-acceder-a-l-arp\/203903\/","name":"SNJT : Une liste des d\u00e9put\u00e9s ayant appel\u00e9 \u00e0 l\u2019interdiction faite aux journalistes d\u2019acc\u00e9der \u00e0 l\u2019ARP","isPartOf":{"@id":"https:\/\/www.webdo.tn\/fr\/#website"},"primaryImageOfPage":{"@id":"https:\/\/www.webdo.tn\/fr\/actualite\/national\/snjt-une-liste-des-deputes-ayant-appele-a-l-interdiction-faite-aux-journalistes-d-acceder-a-l-arp\/203903\/#primaryimage"},"image":{"@id":"https:\/\/www.webdo.tn\/fr\/actualite\/national\/snjt-une-liste-des-deputes-ayant-appele-a-l-interdiction-faite-aux-journalistes-d-acceder-a-l-arp\/203903\/#primaryimage"},"thumbnailUrl":"https:\/\/www.webdo.tn\/fr\/wp-content\/uploads\/2023\/03\/42d247e649a6da25f26f8b2b2e7adaa1.jpg","datePublished":"2023-03-14T12:21:00+00:00","dateModified":"2025-05-20T22:08:03+00:00","description":"Le SNJT a tenu, ce mardi 14 mars 2023, une conf\u00e9rence de presse pour revenir sur l\u2019interdiction faite aux journalistes d'acc\u00e9der \u00e0 l'ARP.","breadcrumb":{"@id":"https:\/\/www.webdo.tn\/fr\/actualite\/national\/snjt-une-liste-des-deputes-ayant-appele-a-l-interdiction-faite-aux-journalistes-d-acceder-a-l-arp\/203903\/#breadcrumb"},"inLanguage":"fr-FR","potentialAction":[{"@type":"ReadAction","target":["https:\/\/www.webdo.tn\/fr\/actualite\/national\/snjt-une-liste-des-deputes-ayant-appele-a-l-interdiction-faite-aux-journalistes-d-acceder-a-l-arp\/203903\/"]}]},{"@type":"ImageObject","inLanguage":"fr-FR","@id":"https:\/\/www.webdo.tn\/fr\/actualite\/national\/snjt-une-liste-des-deputes-ayant-appele-a-l-interdiction-faite-aux-journalistes-d-acceder-a-l-arp\/203903\/#primaryimage","url":"https:\/\/www.webdo.tn\/fr\/wp-content\/uploads\/2023\/03\/42d247e649a6da25f26f8b2b2e7adaa1.jpg","contentUrl":"https:\/\/www.webdo.tn\/fr\/wp-content\/uploads\/2023\/03\/42d247e649a6da25f26f8b2b2e7adaa1.jpg","width":750,"height":400,"caption":"SNJT : Une liste des d\u00e9put\u00e9s ayant appel\u00e9 \u00e0 l\u2019interdiction faite aux journalistes d\u2019acc\u00e9der \u00e0 l\u2019ARP"},{"@type":"BreadcrumbList","@id":"https:\/\/www.webdo.tn\/fr\/actualite\/national\/snjt-une-liste-des-deputes-ayant-appele-a-l-interdiction-faite-aux-journalistes-d-acceder-a-l-arp\/203903\/#breadcrumb","itemListElement":[{"@type":"ListItem","position":1,"name":"Accueil","item":"https:\/\/www.webdo.tn\/fr\/"},{"@type":"ListItem","position":2,"name":"SNJT : Une liste des d\u00e9put\u00e9s ayant appel\u00e9 \u00e0 l\u2019interdiction faite aux journalistes d\u2019acc\u00e9der \u00e0 l\u2019ARP"}]},{"@type":"WebSite","@id":"https:\/\/www.webdo.tn\/fr\/#website","url":"https:\/\/www.webdo.tn\/fr\/","name":"webdo","description":"Tunisie - News en Tunisie et \u00e0 l&#039;international sur Webdo.tn","publisher":{"@id":"https:\/\/www.webdo.tn\/fr\/#organization"},"potentialAction":[{"@type":"SearchAction","target":{"@type":"EntryPoint","urlTemplate":"https:\/\/www.webdo.tn\/fr\/?s={search_term_string}"},"query-input":{"@type":"PropertyValueSpecification","valueRequired":true,"valueName":"search_term_string"}}],"inLanguage":"fr-FR"},{"@type":"Organization","@id":"https:\/\/www.webdo.tn\/fr\/#organization","name":"Webdo","alternateName":"Webdo.tn","url":"https:\/\/www.webdo.tn\/fr\/","logo":{"@type":"ImageObject","inLanguage":"fr-FR","@id":"https:\/\/www.webdo.tn\/fr\/#\/schema\/logo\/image\/","url":"https:\/\/www.webdo.tn\/fr\/wp-content\/uploads\/2025\/06\/Webdo-Tunisie_168377.jpg","contentUrl":"https:\/\/www.webdo.tn\/fr\/wp-content\/uploads\/2025\/06\/Webdo-Tunisie_168377.jpg","width":301,"height":301,"caption":"Webdo"},"image":{"@id":"https:\/\/www.webdo.tn\/fr\/#\/schema\/logo\/image\/"},"sameAs":["https:\/\/www.facebook.com\/webdotn","https:\/\/x.com\/webdo_tn"],"description":"Webdo est un m\u00e9dia num\u00e9rique tunisien fond\u00e9 en 2010, sp\u00e9cialis\u00e9 dans l\u2019actualit\u00e9 nationale et internationale, l\u2019\u00e9conomie, la soci\u00e9t\u00e9 et les analyses politiques. Le site s\u2019adresse \u00e0 un large public francophone et couvre l\u2019information tunisienne en temps r\u00e9el.","email":"redac@webdo.tn","legalName":"YNJ SARL","foundingDate":"2010-09-06","numberOfEmployees":{"@type":"QuantitativeValue","minValue":"11","maxValue":"50"}},{"@type":"Person","@id":"https:\/\/www.webdo.tn\/fr\/#\/schema\/person\/2c4929cbf5a809e3bd38617c6ce150f6","name":"MC","image":{"@type":"ImageObject","inLanguage":"fr-FR","@id":"https:\/\/secure.gravatar.com\/avatar\/a545bbb6f84efdd5553dbbc2895e3ca8f1d12c5215e00a041c9670b54aa9b18a?s=96&d=mm&r=g","url":"https:\/\/secure.gravatar.com\/avatar\/a545bbb6f84efdd5553dbbc2895e3ca8f1d12c5215e00a041c9670b54aa9b18a?s=96&d=mm&r=g","contentUrl":"https:\/\/secure.gravatar.com\/avatar\/a545bbb6f84efdd5553dbbc2895e3ca8f1d12c5215e00a041c9670b54aa9b18a?s=96&d=mm&r=g","caption":"MC"},"url":"https:\/\/www.webdo.tn\/fr\/actualite\/author\/mc\/"}]}},"_links":{"self":[{"href":"https:\/\/www.webdo.tn\/fr\/wp-json\/wp\/v2\/posts\/203903","targetHints":{"allow":["GET"]}}],"collection":[{"href":"https:\/\/www.webdo.tn\/fr\/wp-json\/wp\/v2\/posts"}],"about":[{"href":"https:\/\/www.webdo.tn\/fr\/wp-json\/wp\/v2\/types\/post"}],"author":[{"embeddable":true,"href":"https:\/\/www.webdo.tn\/fr\/wp-json\/wp\/v2\/users\/3162"}],"replies":[{"embeddable":true,"href":"https:\/\/www.webdo.tn\/fr\/wp-json\/wp\/v2\/comments?post=203903"}],"version-history":[{"count":0,"href":"https:\/\/www.webdo.tn\/fr\/wp-json\/wp\/v2\/posts\/203903\/revisions"}],"wp:featuredmedia":[{"embeddable":true,"href":"https:\/\/www.webdo.tn\/fr\/wp-json\/wp\/v2\/media\/277895"}],"wp:attachment":[{"href":"https:\/\/www.webdo.tn\/fr\/wp-json\/wp\/v2\/media?parent=203903"}],"wp:term":[{"taxonomy":"category","embeddable":true,"href":"https:\/\/www.webdo.tn\/fr\/wp-json\/wp\/v2\/categories?post=203903"},{"taxonomy":"post_tag","embeddable":true,"href":"https:\/\/www.webdo.tn\/fr\/wp-json\/wp\/v2\/tags?post=203903"}],"curies":[{"name":"wp","href":"https:\/\/api.w.org\/{rel}","templated":true}]}}