{"id":203894,"date":"2023-03-14T10:06:00","date_gmt":"2023-03-14T10:06:00","guid":{"rendered":"https:\/\/www.webdo.tn\/fr\/blog\/le-parti-des-travailleurs-appelle-au-boycott-du-parlement\/203894\/"},"modified":"2025-05-20T22:49:28","modified_gmt":"2025-05-20T22:49:28","slug":"le-parti-des-travailleurs-appelle-au-boycott-du-parlement","status":"publish","type":"post","link":"https:\/\/www.webdo.tn\/fr\/actualite\/national\/le-parti-des-travailleurs-appelle-au-boycott-du-parlement\/203894\/","title":{"rendered":"Le Parti des Travailleurs appelle au boycott du parlement"},"content":{"rendered":"<p>Les r\u00e9actions politiques concernant l\u2019installation du nouveau parlement commencent \u00e0 tomber.<\/p>\n<p>\t\t\t\t\t\t\t\t\tDans un communiqu\u00e9 rendu public ce mardi 14 mars, le Parti des Travailleurs a appel\u00e9 au boycott du parlement, fraichement install\u00e9.\u00a0<\/p>\n<p>Le parti de Hamma Hammami estime que ce parlement est d\u00e9pourvu de l\u00e9gitimit\u00e9 et \u00ab ne repr\u00e9sente pas les Tunisiens \u00bb.\u00a0<\/p>\n<p>\u00ab Ce parlement est n\u2019est pas l\u00e9gitime, il faut \u0153uvrer pour le faire tomber car il ne repr\u00e9sente pas les Tunisiens \u00bb, a-t-on affirm\u00e9.\u00a0<\/p>\n<p>Le parti consid\u00e8re m\u00eame qu\u2019il s\u2019agit \u00ab d\u2019un parlement de marionnettes qui n\u2019a aucune valeur ni aucun int\u00e9r\u00eat \u00bb.\u00a0<\/p>\n<p>L&rsquo;Assembl\u00e9e des repr\u00e9sentants du peuple (ARP) dont les activit\u00e9s sont gel\u00e9es depuis le 25 juillet 2021, a rouvert\u00a0ses portes,\u00a0lundi 13 mars 2023, \u00e0 l\u2019occasion de la s\u00e9ance pl\u00e9ni\u00e8re inaugurale.\u00a0<\/p>\n<p>Dissous en mars 2022, le Parlement rouvre ses portes aux nouveaux d\u00e9put\u00e9s issus des \u00e9lections l\u00e9gislatives du 17 d\u00e9cembre 2022 et du 29 janvier 2023, conform\u00e9ment au d\u00e9cret pr\u00e9sidentiel n\u00b0221 du 8 mars 2023, portant invitation \u00e0 la tenue de cette r\u00e9union et au d\u00e9marrage des travaux du nouveau Parlement.<\/p>\n","protected":false},"excerpt":{"rendered":"<p>Les r\u00e9actions politiques concernant l\u2019installation du nouveau parlement commencent \u00e0 tomber.<\/p>\n","protected":false},"author":3175,"featured_media":277882,"comment_status":"open","ping_status":"closed","sticky":false,"template":"","format":"standard","meta":{"footnotes":""},"categories":[44],"tags":[6187,2608],"class_list":["post-203894","post","type-post","status-publish","format-standard","has-post-thumbnail","hentry","category-national","tag-parti-des-travailleurs","tag-tunisie"],"yoast_head":"<!-- This site is optimized with the Yoast SEO Premium plugin v27.5 (Yoast SEO v27.5) - https:\/\/yoast.com\/product\/yoast-seo-premium-wordpress\/ -->\n<title>Le Parti des Travailleurs appelle au boycott du parlement<\/title>\n<meta name=\"description\" content=\"Les r\u00e9actions politiques concernant l\u2019installation du nouveau parlement commencent \u00e0 tomber.\" \/>\n<link rel=\"canonical\" href=\"https:\/\/www.webdo.tn\/fr\/actualite\/national\/le-parti-des-travailleurs-appelle-au-boycott-du-parlement\/203894\/\" \/>\n<meta property=\"og:locale\" content=\"fr_FR\" \/>\n<meta property=\"og:type\" content=\"article\" \/>\n<meta property=\"og:title\" content=\"Le Parti des Travailleurs appelle au boycott du parlement\" \/>\n<meta property=\"og:description\" content=\"Les r\u00e9actions politiques concernant l\u2019installation du nouveau parlement commencent \u00e0 tomber.\" \/>\n<meta property=\"og:url\" content=\"https:\/\/www.webdo.tn\/fr\/actualite\/national\/le-parti-des-travailleurs-appelle-au-boycott-du-parlement\/203894\/\" \/>\n<meta property=\"og:site_name\" content=\"webdo\" \/>\n<meta property=\"article:publisher\" content=\"https:\/\/www.facebook.com\/webdotn\" \/>\n<meta property=\"article:published_time\" content=\"2023-03-14T10:06:00+00:00\" \/>\n<meta property=\"article:modified_time\" content=\"2025-05-20T22:49:28+00:00\" \/>\n<meta property=\"og:image\" content=\"https:\/\/www.webdo.tn\/fr\/wp-content\/uploads\/2023\/03\/8d417f2b51ffea218ed81b4f3f664a49.png\" \/>\n\t<meta property=\"og:image:width\" content=\"750\" \/>\n\t<meta property=\"og:image:height\" content=\"400\" \/>\n\t<meta property=\"og:image:type\" content=\"image\/png\" \/>\n<meta name=\"author\" content=\"CL\" \/>\n<meta name=\"twitter:card\" content=\"summary_large_image\" \/>\n<meta name=\"twitter:creator\" content=\"@webdo_tn\" \/>\n<meta name=\"twitter:site\" content=\"@webdo_tn\" \/>\n<meta name=\"twitter:label1\" content=\"\u00c9crit par\" \/>\n\t<meta name=\"twitter:data1\" content=\"CL\" \/>\n\t<meta name=\"twitter:label2\" content=\"Dur\u00e9e de lecture estim\u00e9e\" \/>\n\t<meta name=\"twitter:data2\" content=\"1 minute\" \/>\n<script type=\"application\/ld+json\" class=\"yoast-schema-graph\">{\"@context\":\"https:\\\/\\\/schema.org\",\"@graph\":[{\"@type\":\"NewsArticle\",\"@id\":\"https:\\\/\\\/www.webdo.tn\\\/fr\\\/actualite\\\/national\\\/le-parti-des-travailleurs-appelle-au-boycott-du-parlement\\\/203894\\\/#article\",\"isPartOf\":{\"@id\":\"https:\\\/\\\/www.webdo.tn\\\/fr\\\/actualite\\\/national\\\/le-parti-des-travailleurs-appelle-au-boycott-du-parlement\\\/203894\\\/\"},\"author\":{\"name\":\"CL\",\"@id\":\"https:\\\/\\\/www.webdo.tn\\\/fr\\\/#\\\/schema\\\/person\\\/f35b42a42c5e2511bbd282959d6385cc\"},\"headline\":\"Le Parti des Travailleurs appelle au boycott du parlement\",\"datePublished\":\"2023-03-14T10:06:00+00:00\",\"dateModified\":\"2025-05-20T22:49:28+00:00\",\"mainEntityOfPage\":{\"@id\":\"https:\\\/\\\/www.webdo.tn\\\/fr\\\/actualite\\\/national\\\/le-parti-des-travailleurs-appelle-au-boycott-du-parlement\\\/203894\\\/\"},\"wordCount\":199,\"commentCount\":0,\"publisher\":{\"@id\":\"https:\\\/\\\/www.webdo.tn\\\/fr\\\/#organization\"},\"image\":{\"@id\":\"https:\\\/\\\/www.webdo.tn\\\/fr\\\/actualite\\\/national\\\/le-parti-des-travailleurs-appelle-au-boycott-du-parlement\\\/203894\\\/#primaryimage\"},\"thumbnailUrl\":\"https:\\\/\\\/www.webdo.tn\\\/fr\\\/wp-content\\\/uploads\\\/2023\\\/03\\\/8d417f2b51ffea218ed81b4f3f664a49.png\",\"keywords\":[\"Parti des Travailleurs\",\"Tunisie\"],\"articleSection\":[\"National\"],\"inLanguage\":\"fr-FR\"},{\"@type\":\"WebPage\",\"@id\":\"https:\\\/\\\/www.webdo.tn\\\/fr\\\/actualite\\\/national\\\/le-parti-des-travailleurs-appelle-au-boycott-du-parlement\\\/203894\\\/\",\"url\":\"https:\\\/\\\/www.webdo.tn\\\/fr\\\/actualite\\\/national\\\/le-parti-des-travailleurs-appelle-au-boycott-du-parlement\\\/203894\\\/\",\"name\":\"Le Parti des Travailleurs appelle au boycott du parlement\",\"isPartOf\":{\"@id\":\"https:\\\/\\\/www.webdo.tn\\\/fr\\\/#website\"},\"primaryImageOfPage\":{\"@id\":\"https:\\\/\\\/www.webdo.tn\\\/fr\\\/actualite\\\/national\\\/le-parti-des-travailleurs-appelle-au-boycott-du-parlement\\\/203894\\\/#primaryimage\"},\"image\":{\"@id\":\"https:\\\/\\\/www.webdo.tn\\\/fr\\\/actualite\\\/national\\\/le-parti-des-travailleurs-appelle-au-boycott-du-parlement\\\/203894\\\/#primaryimage\"},\"thumbnailUrl\":\"https:\\\/\\\/www.webdo.tn\\\/fr\\\/wp-content\\\/uploads\\\/2023\\\/03\\\/8d417f2b51ffea218ed81b4f3f664a49.png\",\"datePublished\":\"2023-03-14T10:06:00+00:00\",\"dateModified\":\"2025-05-20T22:49:28+00:00\",\"description\":\"Les r\u00e9actions politiques concernant l\u2019installation du nouveau parlement commencent \u00e0 tomber.\",\"breadcrumb\":{\"@id\":\"https:\\\/\\\/www.webdo.tn\\\/fr\\\/actualite\\\/national\\\/le-parti-des-travailleurs-appelle-au-boycott-du-parlement\\\/203894\\\/#breadcrumb\"},\"inLanguage\":\"fr-FR\",\"potentialAction\":[{\"@type\":\"ReadAction\",\"target\":[\"https:\\\/\\\/www.webdo.tn\\\/fr\\\/actualite\\\/national\\\/le-parti-des-travailleurs-appelle-au-boycott-du-parlement\\\/203894\\\/\"]}]},{\"@type\":\"ImageObject\",\"inLanguage\":\"fr-FR\",\"@id\":\"https:\\\/\\\/www.webdo.tn\\\/fr\\\/actualite\\\/national\\\/le-parti-des-travailleurs-appelle-au-boycott-du-parlement\\\/203894\\\/#primaryimage\",\"url\":\"https:\\\/\\\/www.webdo.tn\\\/fr\\\/wp-content\\\/uploads\\\/2023\\\/03\\\/8d417f2b51ffea218ed81b4f3f664a49.png\",\"contentUrl\":\"https:\\\/\\\/www.webdo.tn\\\/fr\\\/wp-content\\\/uploads\\\/2023\\\/03\\\/8d417f2b51ffea218ed81b4f3f664a49.png\",\"width\":750,\"height\":400,\"caption\":\"Hamma Hammami\"},{\"@type\":\"BreadcrumbList\",\"@id\":\"https:\\\/\\\/www.webdo.tn\\\/fr\\\/actualite\\\/national\\\/le-parti-des-travailleurs-appelle-au-boycott-du-parlement\\\/203894\\\/#breadcrumb\",\"itemListElement\":[{\"@type\":\"ListItem\",\"position\":1,\"name\":\"Accueil\",\"item\":\"https:\\\/\\\/www.webdo.tn\\\/fr\\\/\"},{\"@type\":\"ListItem\",\"position\":2,\"name\":\"Le Parti des Travailleurs appelle au boycott du parlement\"}]},{\"@type\":\"WebSite\",\"@id\":\"https:\\\/\\\/www.webdo.tn\\\/fr\\\/#website\",\"url\":\"https:\\\/\\\/www.webdo.tn\\\/fr\\\/\",\"name\":\"webdo\",\"description\":\"Tunisie - News en Tunisie et \u00e0 l&#039;international sur Webdo.tn\",\"publisher\":{\"@id\":\"https:\\\/\\\/www.webdo.tn\\\/fr\\\/#organization\"},\"potentialAction\":[{\"@type\":\"SearchAction\",\"target\":{\"@type\":\"EntryPoint\",\"urlTemplate\":\"https:\\\/\\\/www.webdo.tn\\\/fr\\\/?s={search_term_string}\"},\"query-input\":{\"@type\":\"PropertyValueSpecification\",\"valueRequired\":true,\"valueName\":\"search_term_string\"}}],\"inLanguage\":\"fr-FR\"},{\"@type\":\"Organization\",\"@id\":\"https:\\\/\\\/www.webdo.tn\\\/fr\\\/#organization\",\"name\":\"Webdo\",\"alternateName\":\"Webdo.tn\",\"url\":\"https:\\\/\\\/www.webdo.tn\\\/fr\\\/\",\"logo\":{\"@type\":\"ImageObject\",\"inLanguage\":\"fr-FR\",\"@id\":\"https:\\\/\\\/www.webdo.tn\\\/fr\\\/#\\\/schema\\\/logo\\\/image\\\/\",\"url\":\"https:\\\/\\\/www.webdo.tn\\\/fr\\\/wp-content\\\/uploads\\\/2025\\\/06\\\/Webdo-Tunisie_168377.jpg\",\"contentUrl\":\"https:\\\/\\\/www.webdo.tn\\\/fr\\\/wp-content\\\/uploads\\\/2025\\\/06\\\/Webdo-Tunisie_168377.jpg\",\"width\":301,\"height\":301,\"caption\":\"Webdo\"},\"image\":{\"@id\":\"https:\\\/\\\/www.webdo.tn\\\/fr\\\/#\\\/schema\\\/logo\\\/image\\\/\"},\"sameAs\":[\"https:\\\/\\\/www.facebook.com\\\/webdotn\",\"https:\\\/\\\/x.com\\\/webdo_tn\"],\"description\":\"Webdo est un m\u00e9dia num\u00e9rique tunisien fond\u00e9 en 2010, sp\u00e9cialis\u00e9 dans l\u2019actualit\u00e9 nationale et internationale, l\u2019\u00e9conomie, la soci\u00e9t\u00e9 et les analyses politiques. Le site s\u2019adresse \u00e0 un large public francophone et couvre l\u2019information tunisienne en temps r\u00e9el.\",\"email\":\"redac@webdo.tn\",\"legalName\":\"YNJ SARL\",\"foundingDate\":\"2010-09-06\",\"numberOfEmployees\":{\"@type\":\"QuantitativeValue\",\"minValue\":\"11\",\"maxValue\":\"50\"}},{\"@type\":\"Person\",\"@id\":\"https:\\\/\\\/www.webdo.tn\\\/fr\\\/#\\\/schema\\\/person\\\/f35b42a42c5e2511bbd282959d6385cc\",\"name\":\"CL\",\"image\":{\"@type\":\"ImageObject\",\"inLanguage\":\"fr-FR\",\"@id\":\"https:\\\/\\\/secure.gravatar.com\\\/avatar\\\/1447a49909b67aa657c488aec6512e1dd6143a480c1ecfee9b5b5cd74eb3b59e?s=96&d=mm&r=g\",\"url\":\"https:\\\/\\\/secure.gravatar.com\\\/avatar\\\/1447a49909b67aa657c488aec6512e1dd6143a480c1ecfee9b5b5cd74eb3b59e?s=96&d=mm&r=g\",\"contentUrl\":\"https:\\\/\\\/secure.gravatar.com\\\/avatar\\\/1447a49909b67aa657c488aec6512e1dd6143a480c1ecfee9b5b5cd74eb3b59e?s=96&d=mm&r=g\",\"caption\":\"CL\"},\"url\":\"https:\\\/\\\/www.webdo.tn\\\/fr\\\/actualite\\\/author\\\/cl\\\/\"}]}<\/script>\n<!-- \/ Yoast SEO Premium plugin. -->","yoast_head_json":{"title":"Le Parti des Travailleurs appelle au boycott du parlement","description":"Les r\u00e9actions politiques concernant l\u2019installation du nouveau parlement commencent \u00e0 tomber.","canonical":"https:\/\/www.webdo.tn\/fr\/actualite\/national\/le-parti-des-travailleurs-appelle-au-boycott-du-parlement\/203894\/","og_locale":"fr_FR","og_type":"article","og_title":"Le Parti des Travailleurs appelle au boycott du parlement","og_description":"Les r\u00e9actions politiques concernant l\u2019installation du nouveau parlement commencent \u00e0 tomber.","og_url":"https:\/\/www.webdo.tn\/fr\/actualite\/national\/le-parti-des-travailleurs-appelle-au-boycott-du-parlement\/203894\/","og_site_name":"webdo","article_publisher":"https:\/\/www.facebook.com\/webdotn","article_published_time":"2023-03-14T10:06:00+00:00","article_modified_time":"2025-05-20T22:49:28+00:00","og_image":[{"width":750,"height":400,"url":"https:\/\/www.webdo.tn\/fr\/wp-content\/uploads\/2023\/03\/8d417f2b51ffea218ed81b4f3f664a49.png","type":"image\/png"}],"author":"CL","twitter_card":"summary_large_image","twitter_creator":"@webdo_tn","twitter_site":"@webdo_tn","twitter_misc":{"\u00c9crit par":"CL","Dur\u00e9e de lecture estim\u00e9e":"1 minute"},"schema":{"@context":"https:\/\/schema.org","@graph":[{"@type":"NewsArticle","@id":"https:\/\/www.webdo.tn\/fr\/actualite\/national\/le-parti-des-travailleurs-appelle-au-boycott-du-parlement\/203894\/#article","isPartOf":{"@id":"https:\/\/www.webdo.tn\/fr\/actualite\/national\/le-parti-des-travailleurs-appelle-au-boycott-du-parlement\/203894\/"},"author":{"name":"CL","@id":"https:\/\/www.webdo.tn\/fr\/#\/schema\/person\/f35b42a42c5e2511bbd282959d6385cc"},"headline":"Le Parti des Travailleurs appelle au boycott du parlement","datePublished":"2023-03-14T10:06:00+00:00","dateModified":"2025-05-20T22:49:28+00:00","mainEntityOfPage":{"@id":"https:\/\/www.webdo.tn\/fr\/actualite\/national\/le-parti-des-travailleurs-appelle-au-boycott-du-parlement\/203894\/"},"wordCount":199,"commentCount":0,"publisher":{"@id":"https:\/\/www.webdo.tn\/fr\/#organization"},"image":{"@id":"https:\/\/www.webdo.tn\/fr\/actualite\/national\/le-parti-des-travailleurs-appelle-au-boycott-du-parlement\/203894\/#primaryimage"},"thumbnailUrl":"https:\/\/www.webdo.tn\/fr\/wp-content\/uploads\/2023\/03\/8d417f2b51ffea218ed81b4f3f664a49.png","keywords":["Parti des Travailleurs","Tunisie"],"articleSection":["National"],"inLanguage":"fr-FR"},{"@type":"WebPage","@id":"https:\/\/www.webdo.tn\/fr\/actualite\/national\/le-parti-des-travailleurs-appelle-au-boycott-du-parlement\/203894\/","url":"https:\/\/www.webdo.tn\/fr\/actualite\/national\/le-parti-des-travailleurs-appelle-au-boycott-du-parlement\/203894\/","name":"Le Parti des Travailleurs appelle au boycott du parlement","isPartOf":{"@id":"https:\/\/www.webdo.tn\/fr\/#website"},"primaryImageOfPage":{"@id":"https:\/\/www.webdo.tn\/fr\/actualite\/national\/le-parti-des-travailleurs-appelle-au-boycott-du-parlement\/203894\/#primaryimage"},"image":{"@id":"https:\/\/www.webdo.tn\/fr\/actualite\/national\/le-parti-des-travailleurs-appelle-au-boycott-du-parlement\/203894\/#primaryimage"},"thumbnailUrl":"https:\/\/www.webdo.tn\/fr\/wp-content\/uploads\/2023\/03\/8d417f2b51ffea218ed81b4f3f664a49.png","datePublished":"2023-03-14T10:06:00+00:00","dateModified":"2025-05-20T22:49:28+00:00","description":"Les r\u00e9actions politiques concernant l\u2019installation du nouveau parlement commencent \u00e0 tomber.","breadcrumb":{"@id":"https:\/\/www.webdo.tn\/fr\/actualite\/national\/le-parti-des-travailleurs-appelle-au-boycott-du-parlement\/203894\/#breadcrumb"},"inLanguage":"fr-FR","potentialAction":[{"@type":"ReadAction","target":["https:\/\/www.webdo.tn\/fr\/actualite\/national\/le-parti-des-travailleurs-appelle-au-boycott-du-parlement\/203894\/"]}]},{"@type":"ImageObject","inLanguage":"fr-FR","@id":"https:\/\/www.webdo.tn\/fr\/actualite\/national\/le-parti-des-travailleurs-appelle-au-boycott-du-parlement\/203894\/#primaryimage","url":"https:\/\/www.webdo.tn\/fr\/wp-content\/uploads\/2023\/03\/8d417f2b51ffea218ed81b4f3f664a49.png","contentUrl":"https:\/\/www.webdo.tn\/fr\/wp-content\/uploads\/2023\/03\/8d417f2b51ffea218ed81b4f3f664a49.png","width":750,"height":400,"caption":"Hamma Hammami"},{"@type":"BreadcrumbList","@id":"https:\/\/www.webdo.tn\/fr\/actualite\/national\/le-parti-des-travailleurs-appelle-au-boycott-du-parlement\/203894\/#breadcrumb","itemListElement":[{"@type":"ListItem","position":1,"name":"Accueil","item":"https:\/\/www.webdo.tn\/fr\/"},{"@type":"ListItem","position":2,"name":"Le Parti des Travailleurs appelle au boycott du parlement"}]},{"@type":"WebSite","@id":"https:\/\/www.webdo.tn\/fr\/#website","url":"https:\/\/www.webdo.tn\/fr\/","name":"webdo","description":"Tunisie - News en Tunisie et \u00e0 l&#039;international sur Webdo.tn","publisher":{"@id":"https:\/\/www.webdo.tn\/fr\/#organization"},"potentialAction":[{"@type":"SearchAction","target":{"@type":"EntryPoint","urlTemplate":"https:\/\/www.webdo.tn\/fr\/?s={search_term_string}"},"query-input":{"@type":"PropertyValueSpecification","valueRequired":true,"valueName":"search_term_string"}}],"inLanguage":"fr-FR"},{"@type":"Organization","@id":"https:\/\/www.webdo.tn\/fr\/#organization","name":"Webdo","alternateName":"Webdo.tn","url":"https:\/\/www.webdo.tn\/fr\/","logo":{"@type":"ImageObject","inLanguage":"fr-FR","@id":"https:\/\/www.webdo.tn\/fr\/#\/schema\/logo\/image\/","url":"https:\/\/www.webdo.tn\/fr\/wp-content\/uploads\/2025\/06\/Webdo-Tunisie_168377.jpg","contentUrl":"https:\/\/www.webdo.tn\/fr\/wp-content\/uploads\/2025\/06\/Webdo-Tunisie_168377.jpg","width":301,"height":301,"caption":"Webdo"},"image":{"@id":"https:\/\/www.webdo.tn\/fr\/#\/schema\/logo\/image\/"},"sameAs":["https:\/\/www.facebook.com\/webdotn","https:\/\/x.com\/webdo_tn"],"description":"Webdo est un m\u00e9dia num\u00e9rique tunisien fond\u00e9 en 2010, sp\u00e9cialis\u00e9 dans l\u2019actualit\u00e9 nationale et internationale, l\u2019\u00e9conomie, la soci\u00e9t\u00e9 et les analyses politiques. Le site s\u2019adresse \u00e0 un large public francophone et couvre l\u2019information tunisienne en temps r\u00e9el.","email":"redac@webdo.tn","legalName":"YNJ SARL","foundingDate":"2010-09-06","numberOfEmployees":{"@type":"QuantitativeValue","minValue":"11","maxValue":"50"}},{"@type":"Person","@id":"https:\/\/www.webdo.tn\/fr\/#\/schema\/person\/f35b42a42c5e2511bbd282959d6385cc","name":"CL","image":{"@type":"ImageObject","inLanguage":"fr-FR","@id":"https:\/\/secure.gravatar.com\/avatar\/1447a49909b67aa657c488aec6512e1dd6143a480c1ecfee9b5b5cd74eb3b59e?s=96&d=mm&r=g","url":"https:\/\/secure.gravatar.com\/avatar\/1447a49909b67aa657c488aec6512e1dd6143a480c1ecfee9b5b5cd74eb3b59e?s=96&d=mm&r=g","contentUrl":"https:\/\/secure.gravatar.com\/avatar\/1447a49909b67aa657c488aec6512e1dd6143a480c1ecfee9b5b5cd74eb3b59e?s=96&d=mm&r=g","caption":"CL"},"url":"https:\/\/www.webdo.tn\/fr\/actualite\/author\/cl\/"}]}},"_links":{"self":[{"href":"https:\/\/www.webdo.tn\/fr\/wp-json\/wp\/v2\/posts\/203894","targetHints":{"allow":["GET"]}}],"collection":[{"href":"https:\/\/www.webdo.tn\/fr\/wp-json\/wp\/v2\/posts"}],"about":[{"href":"https:\/\/www.webdo.tn\/fr\/wp-json\/wp\/v2\/types\/post"}],"author":[{"embeddable":true,"href":"https:\/\/www.webdo.tn\/fr\/wp-json\/wp\/v2\/users\/3175"}],"replies":[{"embeddable":true,"href":"https:\/\/www.webdo.tn\/fr\/wp-json\/wp\/v2\/comments?post=203894"}],"version-history":[{"count":0,"href":"https:\/\/www.webdo.tn\/fr\/wp-json\/wp\/v2\/posts\/203894\/revisions"}],"wp:featuredmedia":[{"embeddable":true,"href":"https:\/\/www.webdo.tn\/fr\/wp-json\/wp\/v2\/media\/277882"}],"wp:attachment":[{"href":"https:\/\/www.webdo.tn\/fr\/wp-json\/wp\/v2\/media?parent=203894"}],"wp:term":[{"taxonomy":"category","embeddable":true,"href":"https:\/\/www.webdo.tn\/fr\/wp-json\/wp\/v2\/categories?post=203894"},{"taxonomy":"post_tag","embeddable":true,"href":"https:\/\/www.webdo.tn\/fr\/wp-json\/wp\/v2\/tags?post=203894"}],"curies":[{"name":"wp","href":"https:\/\/api.w.org\/{rel}","templated":true}]}}