{"id":203877,"date":"2023-03-13T20:13:00","date_gmt":"2023-03-13T20:13:00","guid":{"rendered":"https:\/\/www.webdo.tn\/fr\/blog\/bouderbala-les-dispositions-du-25-juillet-ont-sauve-le-pays\/203877\/"},"modified":"2025-05-20T22:44:56","modified_gmt":"2025-05-20T22:44:56","slug":"bouderbala-les-dispositions-du-25-juillet-ont-sauve-le-pays","status":"publish","type":"post","link":"https:\/\/www.webdo.tn\/fr\/actualite\/national\/bouderbala-les-dispositions-du-25-juillet-ont-sauve-le-pays\/203877\/","title":{"rendered":"Bouderbala : \u00ab Les dispositions du 25 juillet ont sauv\u00e9 le pays \u00bb"},"content":{"rendered":"<p>A l\u2019issue de son \u00e9lection en tant que nouveau pr\u00e9sident de l\u2019Assembl\u00e9e du peuple, Ibrahim Bouderbala a promis de travailler main dans la main pour satisfaire les Tunisiens.<\/p>\n<p>\t\t\t\t\t\t\t\t\tPrenant la parole pour la premi\u00e8re fois en tant que chef du parlement, il a insist\u00e9 sur l\u2019importance du processus du 25 juillet dont les dispositions ont sauv\u00e9 le pays, selon ses dires.\u00a0<\/p>\n<p>Et d\u2019ajouter que les d\u00e9put\u00e9s sont appel\u00e9s \u00e0 \u0153uvrer pour l\u2019int\u00e9r\u00eat du peuple. \u00ab Le plus important c\u2019est que cette pl\u00e9ni\u00e8re s\u2019est d\u00e9roul\u00e9 dans un climat d\u00e9mocratique \u00bb, a-t-il dit.<\/p>\n","protected":false},"excerpt":{"rendered":"<p>A l\u2019issue de son \u00e9lection en tant que nouveau pr\u00e9sident de l\u2019Assembl\u00e9e du peuple, Ibrahim Bouderbala a promis de travailler main dans la main pour satisfaire le&#8230;<\/p>\n","protected":false},"author":3175,"featured_media":251749,"comment_status":"open","ping_status":"closed","sticky":false,"template":"","format":"standard","meta":{"footnotes":""},"categories":[44],"tags":[2813,2608],"class_list":["post-203877","post","type-post","status-publish","format-standard","has-post-thumbnail","hentry","category-national","tag-arp","tag-tunisie"],"yoast_head":"<!-- This site is optimized with the Yoast SEO Premium plugin v27.4 (Yoast SEO v27.4) - https:\/\/yoast.com\/product\/yoast-seo-premium-wordpress\/ -->\n<title>Bouderbala : \u00ab Les dispositions du 25 juillet ont sauv\u00e9 le pays \u00bb<\/title>\n<meta name=\"description\" content=\"A l\u2019issue de son \u00e9lection en tant que nouveau pr\u00e9sident de l\u2019Assembl\u00e9e du peuple, Ibrahim Bouderbala a promis de travailler main dans la main pour satisfaire le...\" \/>\n<link rel=\"canonical\" href=\"https:\/\/www.webdo.tn\/fr\/actualite\/national\/bouderbala-les-dispositions-du-25-juillet-ont-sauve-le-pays\/203877\/\" \/>\n<meta property=\"og:locale\" content=\"fr_FR\" \/>\n<meta property=\"og:type\" content=\"article\" \/>\n<meta property=\"og:title\" content=\"Bouderbala : \u00ab Les dispositions du 25 juillet ont sauv\u00e9 le pays \u00bb\" \/>\n<meta property=\"og:description\" content=\"A l\u2019issue de son \u00e9lection en tant que nouveau pr\u00e9sident de l\u2019Assembl\u00e9e du peuple, Ibrahim Bouderbala a promis de travailler main dans la main pour satisfaire le...\" \/>\n<meta property=\"og:url\" content=\"https:\/\/www.webdo.tn\/fr\/actualite\/national\/bouderbala-les-dispositions-du-25-juillet-ont-sauve-le-pays\/203877\/\" \/>\n<meta property=\"og:site_name\" content=\"webdo\" \/>\n<meta property=\"article:publisher\" content=\"https:\/\/www.facebook.com\/webdotn\" \/>\n<meta property=\"article:published_time\" content=\"2023-03-13T20:13:00+00:00\" \/>\n<meta property=\"article:modified_time\" content=\"2025-05-20T22:44:56+00:00\" \/>\n<meta property=\"og:image\" content=\"https:\/\/www.webdo.tn\/fr\/wp-content\/uploads\/2023\/03\/0cb84f4b47fa82c12262c951f4ee0f76.jpg\" \/>\n\t<meta property=\"og:image:width\" content=\"750\" \/>\n\t<meta property=\"og:image:height\" content=\"400\" \/>\n\t<meta property=\"og:image:type\" content=\"image\/jpeg\" \/>\n<meta name=\"author\" content=\"CL\" \/>\n<meta name=\"twitter:card\" content=\"summary_large_image\" \/>\n<meta name=\"twitter:creator\" content=\"@webdo_tn\" \/>\n<meta name=\"twitter:site\" content=\"@webdo_tn\" \/>\n<meta name=\"twitter:label1\" content=\"\u00c9crit par\" \/>\n\t<meta name=\"twitter:data1\" content=\"CL\" \/>\n\t<meta name=\"twitter:label2\" content=\"Dur\u00e9e de lecture estim\u00e9e\" \/>\n\t<meta name=\"twitter:data2\" content=\"1 minute\" \/>\n<script type=\"application\/ld+json\" class=\"yoast-schema-graph\">{\"@context\":\"https:\\\/\\\/schema.org\",\"@graph\":[{\"@type\":\"NewsArticle\",\"@id\":\"https:\\\/\\\/www.webdo.tn\\\/fr\\\/actualite\\\/national\\\/bouderbala-les-dispositions-du-25-juillet-ont-sauve-le-pays\\\/203877\\\/#article\",\"isPartOf\":{\"@id\":\"https:\\\/\\\/www.webdo.tn\\\/fr\\\/actualite\\\/national\\\/bouderbala-les-dispositions-du-25-juillet-ont-sauve-le-pays\\\/203877\\\/\"},\"author\":{\"name\":\"CL\",\"@id\":\"https:\\\/\\\/www.webdo.tn\\\/fr\\\/#\\\/schema\\\/person\\\/f35b42a42c5e2511bbd282959d6385cc\"},\"headline\":\"Bouderbala : \u00ab Les dispositions du 25 juillet ont sauv\u00e9 le pays \u00bb\",\"datePublished\":\"2023-03-13T20:13:00+00:00\",\"dateModified\":\"2025-05-20T22:44:56+00:00\",\"mainEntityOfPage\":{\"@id\":\"https:\\\/\\\/www.webdo.tn\\\/fr\\\/actualite\\\/national\\\/bouderbala-les-dispositions-du-25-juillet-ont-sauve-le-pays\\\/203877\\\/\"},\"wordCount\":115,\"commentCount\":0,\"publisher\":{\"@id\":\"https:\\\/\\\/www.webdo.tn\\\/fr\\\/#organization\"},\"image\":{\"@id\":\"https:\\\/\\\/www.webdo.tn\\\/fr\\\/actualite\\\/national\\\/bouderbala-les-dispositions-du-25-juillet-ont-sauve-le-pays\\\/203877\\\/#primaryimage\"},\"thumbnailUrl\":\"https:\\\/\\\/www.webdo.tn\\\/fr\\\/wp-content\\\/uploads\\\/2023\\\/03\\\/0cb84f4b47fa82c12262c951f4ee0f76.jpg\",\"keywords\":[\"ARP\",\"Tunisie\"],\"articleSection\":[\"National\"],\"inLanguage\":\"fr-FR\"},{\"@type\":\"WebPage\",\"@id\":\"https:\\\/\\\/www.webdo.tn\\\/fr\\\/actualite\\\/national\\\/bouderbala-les-dispositions-du-25-juillet-ont-sauve-le-pays\\\/203877\\\/\",\"url\":\"https:\\\/\\\/www.webdo.tn\\\/fr\\\/actualite\\\/national\\\/bouderbala-les-dispositions-du-25-juillet-ont-sauve-le-pays\\\/203877\\\/\",\"name\":\"Bouderbala : \u00ab Les dispositions du 25 juillet ont sauv\u00e9 le pays \u00bb\",\"isPartOf\":{\"@id\":\"https:\\\/\\\/www.webdo.tn\\\/fr\\\/#website\"},\"primaryImageOfPage\":{\"@id\":\"https:\\\/\\\/www.webdo.tn\\\/fr\\\/actualite\\\/national\\\/bouderbala-les-dispositions-du-25-juillet-ont-sauve-le-pays\\\/203877\\\/#primaryimage\"},\"image\":{\"@id\":\"https:\\\/\\\/www.webdo.tn\\\/fr\\\/actualite\\\/national\\\/bouderbala-les-dispositions-du-25-juillet-ont-sauve-le-pays\\\/203877\\\/#primaryimage\"},\"thumbnailUrl\":\"https:\\\/\\\/www.webdo.tn\\\/fr\\\/wp-content\\\/uploads\\\/2023\\\/03\\\/0cb84f4b47fa82c12262c951f4ee0f76.jpg\",\"datePublished\":\"2023-03-13T20:13:00+00:00\",\"dateModified\":\"2025-05-20T22:44:56+00:00\",\"description\":\"A l\u2019issue de son \u00e9lection en tant que nouveau pr\u00e9sident de l\u2019Assembl\u00e9e du peuple, Ibrahim Bouderbala a promis de travailler main dans la main pour satisfaire le...\",\"breadcrumb\":{\"@id\":\"https:\\\/\\\/www.webdo.tn\\\/fr\\\/actualite\\\/national\\\/bouderbala-les-dispositions-du-25-juillet-ont-sauve-le-pays\\\/203877\\\/#breadcrumb\"},\"inLanguage\":\"fr-FR\",\"potentialAction\":[{\"@type\":\"ReadAction\",\"target\":[\"https:\\\/\\\/www.webdo.tn\\\/fr\\\/actualite\\\/national\\\/bouderbala-les-dispositions-du-25-juillet-ont-sauve-le-pays\\\/203877\\\/\"]}]},{\"@type\":\"ImageObject\",\"inLanguage\":\"fr-FR\",\"@id\":\"https:\\\/\\\/www.webdo.tn\\\/fr\\\/actualite\\\/national\\\/bouderbala-les-dispositions-du-25-juillet-ont-sauve-le-pays\\\/203877\\\/#primaryimage\",\"url\":\"https:\\\/\\\/www.webdo.tn\\\/fr\\\/wp-content\\\/uploads\\\/2023\\\/03\\\/0cb84f4b47fa82c12262c951f4ee0f76.jpg\",\"contentUrl\":\"https:\\\/\\\/www.webdo.tn\\\/fr\\\/wp-content\\\/uploads\\\/2023\\\/03\\\/0cb84f4b47fa82c12262c951f4ee0f76.jpg\",\"width\":750,\"height\":400,\"caption\":\"Ibrahim Bouderbala\"},{\"@type\":\"BreadcrumbList\",\"@id\":\"https:\\\/\\\/www.webdo.tn\\\/fr\\\/actualite\\\/national\\\/bouderbala-les-dispositions-du-25-juillet-ont-sauve-le-pays\\\/203877\\\/#breadcrumb\",\"itemListElement\":[{\"@type\":\"ListItem\",\"position\":1,\"name\":\"Accueil\",\"item\":\"https:\\\/\\\/www.webdo.tn\\\/fr\\\/\"},{\"@type\":\"ListItem\",\"position\":2,\"name\":\"Bouderbala : \u00ab Les dispositions du 25 juillet ont sauv\u00e9 le pays \u00bb\"}]},{\"@type\":\"WebSite\",\"@id\":\"https:\\\/\\\/www.webdo.tn\\\/fr\\\/#website\",\"url\":\"https:\\\/\\\/www.webdo.tn\\\/fr\\\/\",\"name\":\"webdo\",\"description\":\"Tunisie - News en Tunisie et \u00e0 l&#039;international sur Webdo.tn\",\"publisher\":{\"@id\":\"https:\\\/\\\/www.webdo.tn\\\/fr\\\/#organization\"},\"potentialAction\":[{\"@type\":\"SearchAction\",\"target\":{\"@type\":\"EntryPoint\",\"urlTemplate\":\"https:\\\/\\\/www.webdo.tn\\\/fr\\\/?s={search_term_string}\"},\"query-input\":{\"@type\":\"PropertyValueSpecification\",\"valueRequired\":true,\"valueName\":\"search_term_string\"}}],\"inLanguage\":\"fr-FR\"},{\"@type\":\"Organization\",\"@id\":\"https:\\\/\\\/www.webdo.tn\\\/fr\\\/#organization\",\"name\":\"Webdo\",\"alternateName\":\"Webdo.tn\",\"url\":\"https:\\\/\\\/www.webdo.tn\\\/fr\\\/\",\"logo\":{\"@type\":\"ImageObject\",\"inLanguage\":\"fr-FR\",\"@id\":\"https:\\\/\\\/www.webdo.tn\\\/fr\\\/#\\\/schema\\\/logo\\\/image\\\/\",\"url\":\"https:\\\/\\\/www.webdo.tn\\\/fr\\\/wp-content\\\/uploads\\\/2025\\\/06\\\/Webdo-Tunisie_168377.jpg\",\"contentUrl\":\"https:\\\/\\\/www.webdo.tn\\\/fr\\\/wp-content\\\/uploads\\\/2025\\\/06\\\/Webdo-Tunisie_168377.jpg\",\"width\":301,\"height\":301,\"caption\":\"Webdo\"},\"image\":{\"@id\":\"https:\\\/\\\/www.webdo.tn\\\/fr\\\/#\\\/schema\\\/logo\\\/image\\\/\"},\"sameAs\":[\"https:\\\/\\\/www.facebook.com\\\/webdotn\",\"https:\\\/\\\/x.com\\\/webdo_tn\"],\"description\":\"Webdo est un m\u00e9dia num\u00e9rique tunisien fond\u00e9 en 2010, sp\u00e9cialis\u00e9 dans l\u2019actualit\u00e9 nationale et internationale, l\u2019\u00e9conomie, la soci\u00e9t\u00e9 et les analyses politiques. Le site s\u2019adresse \u00e0 un large public francophone et couvre l\u2019information tunisienne en temps r\u00e9el.\",\"email\":\"redac@webdo.tn\",\"legalName\":\"YNJ SARL\",\"foundingDate\":\"2010-09-06\",\"numberOfEmployees\":{\"@type\":\"QuantitativeValue\",\"minValue\":\"11\",\"maxValue\":\"50\"}},{\"@type\":\"Person\",\"@id\":\"https:\\\/\\\/www.webdo.tn\\\/fr\\\/#\\\/schema\\\/person\\\/f35b42a42c5e2511bbd282959d6385cc\",\"name\":\"CL\",\"image\":{\"@type\":\"ImageObject\",\"inLanguage\":\"fr-FR\",\"@id\":\"https:\\\/\\\/secure.gravatar.com\\\/avatar\\\/1447a49909b67aa657c488aec6512e1dd6143a480c1ecfee9b5b5cd74eb3b59e?s=96&d=mm&r=g\",\"url\":\"https:\\\/\\\/secure.gravatar.com\\\/avatar\\\/1447a49909b67aa657c488aec6512e1dd6143a480c1ecfee9b5b5cd74eb3b59e?s=96&d=mm&r=g\",\"contentUrl\":\"https:\\\/\\\/secure.gravatar.com\\\/avatar\\\/1447a49909b67aa657c488aec6512e1dd6143a480c1ecfee9b5b5cd74eb3b59e?s=96&d=mm&r=g\",\"caption\":\"CL\"},\"url\":\"https:\\\/\\\/www.webdo.tn\\\/fr\\\/actualite\\\/author\\\/cl\\\/\"}]}<\/script>\n<!-- \/ Yoast SEO Premium plugin. -->","yoast_head_json":{"title":"Bouderbala : \u00ab Les dispositions du 25 juillet ont sauv\u00e9 le pays \u00bb","description":"A l\u2019issue de son \u00e9lection en tant que nouveau pr\u00e9sident de l\u2019Assembl\u00e9e du peuple, Ibrahim Bouderbala a promis de travailler main dans la main pour satisfaire le...","canonical":"https:\/\/www.webdo.tn\/fr\/actualite\/national\/bouderbala-les-dispositions-du-25-juillet-ont-sauve-le-pays\/203877\/","og_locale":"fr_FR","og_type":"article","og_title":"Bouderbala : \u00ab Les dispositions du 25 juillet ont sauv\u00e9 le pays \u00bb","og_description":"A l\u2019issue de son \u00e9lection en tant que nouveau pr\u00e9sident de l\u2019Assembl\u00e9e du peuple, Ibrahim Bouderbala a promis de travailler main dans la main pour satisfaire le...","og_url":"https:\/\/www.webdo.tn\/fr\/actualite\/national\/bouderbala-les-dispositions-du-25-juillet-ont-sauve-le-pays\/203877\/","og_site_name":"webdo","article_publisher":"https:\/\/www.facebook.com\/webdotn","article_published_time":"2023-03-13T20:13:00+00:00","article_modified_time":"2025-05-20T22:44:56+00:00","og_image":[{"width":750,"height":400,"url":"https:\/\/www.webdo.tn\/fr\/wp-content\/uploads\/2023\/03\/0cb84f4b47fa82c12262c951f4ee0f76.jpg","type":"image\/jpeg"}],"author":"CL","twitter_card":"summary_large_image","twitter_creator":"@webdo_tn","twitter_site":"@webdo_tn","twitter_misc":{"\u00c9crit par":"CL","Dur\u00e9e de lecture estim\u00e9e":"1 minute"},"schema":{"@context":"https:\/\/schema.org","@graph":[{"@type":"NewsArticle","@id":"https:\/\/www.webdo.tn\/fr\/actualite\/national\/bouderbala-les-dispositions-du-25-juillet-ont-sauve-le-pays\/203877\/#article","isPartOf":{"@id":"https:\/\/www.webdo.tn\/fr\/actualite\/national\/bouderbala-les-dispositions-du-25-juillet-ont-sauve-le-pays\/203877\/"},"author":{"name":"CL","@id":"https:\/\/www.webdo.tn\/fr\/#\/schema\/person\/f35b42a42c5e2511bbd282959d6385cc"},"headline":"Bouderbala : \u00ab Les dispositions du 25 juillet ont sauv\u00e9 le pays \u00bb","datePublished":"2023-03-13T20:13:00+00:00","dateModified":"2025-05-20T22:44:56+00:00","mainEntityOfPage":{"@id":"https:\/\/www.webdo.tn\/fr\/actualite\/national\/bouderbala-les-dispositions-du-25-juillet-ont-sauve-le-pays\/203877\/"},"wordCount":115,"commentCount":0,"publisher":{"@id":"https:\/\/www.webdo.tn\/fr\/#organization"},"image":{"@id":"https:\/\/www.webdo.tn\/fr\/actualite\/national\/bouderbala-les-dispositions-du-25-juillet-ont-sauve-le-pays\/203877\/#primaryimage"},"thumbnailUrl":"https:\/\/www.webdo.tn\/fr\/wp-content\/uploads\/2023\/03\/0cb84f4b47fa82c12262c951f4ee0f76.jpg","keywords":["ARP","Tunisie"],"articleSection":["National"],"inLanguage":"fr-FR"},{"@type":"WebPage","@id":"https:\/\/www.webdo.tn\/fr\/actualite\/national\/bouderbala-les-dispositions-du-25-juillet-ont-sauve-le-pays\/203877\/","url":"https:\/\/www.webdo.tn\/fr\/actualite\/national\/bouderbala-les-dispositions-du-25-juillet-ont-sauve-le-pays\/203877\/","name":"Bouderbala : \u00ab Les dispositions du 25 juillet ont sauv\u00e9 le pays \u00bb","isPartOf":{"@id":"https:\/\/www.webdo.tn\/fr\/#website"},"primaryImageOfPage":{"@id":"https:\/\/www.webdo.tn\/fr\/actualite\/national\/bouderbala-les-dispositions-du-25-juillet-ont-sauve-le-pays\/203877\/#primaryimage"},"image":{"@id":"https:\/\/www.webdo.tn\/fr\/actualite\/national\/bouderbala-les-dispositions-du-25-juillet-ont-sauve-le-pays\/203877\/#primaryimage"},"thumbnailUrl":"https:\/\/www.webdo.tn\/fr\/wp-content\/uploads\/2023\/03\/0cb84f4b47fa82c12262c951f4ee0f76.jpg","datePublished":"2023-03-13T20:13:00+00:00","dateModified":"2025-05-20T22:44:56+00:00","description":"A l\u2019issue de son \u00e9lection en tant que nouveau pr\u00e9sident de l\u2019Assembl\u00e9e du peuple, Ibrahim Bouderbala a promis de travailler main dans la main pour satisfaire le...","breadcrumb":{"@id":"https:\/\/www.webdo.tn\/fr\/actualite\/national\/bouderbala-les-dispositions-du-25-juillet-ont-sauve-le-pays\/203877\/#breadcrumb"},"inLanguage":"fr-FR","potentialAction":[{"@type":"ReadAction","target":["https:\/\/www.webdo.tn\/fr\/actualite\/national\/bouderbala-les-dispositions-du-25-juillet-ont-sauve-le-pays\/203877\/"]}]},{"@type":"ImageObject","inLanguage":"fr-FR","@id":"https:\/\/www.webdo.tn\/fr\/actualite\/national\/bouderbala-les-dispositions-du-25-juillet-ont-sauve-le-pays\/203877\/#primaryimage","url":"https:\/\/www.webdo.tn\/fr\/wp-content\/uploads\/2023\/03\/0cb84f4b47fa82c12262c951f4ee0f76.jpg","contentUrl":"https:\/\/www.webdo.tn\/fr\/wp-content\/uploads\/2023\/03\/0cb84f4b47fa82c12262c951f4ee0f76.jpg","width":750,"height":400,"caption":"Ibrahim Bouderbala"},{"@type":"BreadcrumbList","@id":"https:\/\/www.webdo.tn\/fr\/actualite\/national\/bouderbala-les-dispositions-du-25-juillet-ont-sauve-le-pays\/203877\/#breadcrumb","itemListElement":[{"@type":"ListItem","position":1,"name":"Accueil","item":"https:\/\/www.webdo.tn\/fr\/"},{"@type":"ListItem","position":2,"name":"Bouderbala : \u00ab Les dispositions du 25 juillet ont sauv\u00e9 le pays \u00bb"}]},{"@type":"WebSite","@id":"https:\/\/www.webdo.tn\/fr\/#website","url":"https:\/\/www.webdo.tn\/fr\/","name":"webdo","description":"Tunisie - News en Tunisie et \u00e0 l&#039;international sur Webdo.tn","publisher":{"@id":"https:\/\/www.webdo.tn\/fr\/#organization"},"potentialAction":[{"@type":"SearchAction","target":{"@type":"EntryPoint","urlTemplate":"https:\/\/www.webdo.tn\/fr\/?s={search_term_string}"},"query-input":{"@type":"PropertyValueSpecification","valueRequired":true,"valueName":"search_term_string"}}],"inLanguage":"fr-FR"},{"@type":"Organization","@id":"https:\/\/www.webdo.tn\/fr\/#organization","name":"Webdo","alternateName":"Webdo.tn","url":"https:\/\/www.webdo.tn\/fr\/","logo":{"@type":"ImageObject","inLanguage":"fr-FR","@id":"https:\/\/www.webdo.tn\/fr\/#\/schema\/logo\/image\/","url":"https:\/\/www.webdo.tn\/fr\/wp-content\/uploads\/2025\/06\/Webdo-Tunisie_168377.jpg","contentUrl":"https:\/\/www.webdo.tn\/fr\/wp-content\/uploads\/2025\/06\/Webdo-Tunisie_168377.jpg","width":301,"height":301,"caption":"Webdo"},"image":{"@id":"https:\/\/www.webdo.tn\/fr\/#\/schema\/logo\/image\/"},"sameAs":["https:\/\/www.facebook.com\/webdotn","https:\/\/x.com\/webdo_tn"],"description":"Webdo est un m\u00e9dia num\u00e9rique tunisien fond\u00e9 en 2010, sp\u00e9cialis\u00e9 dans l\u2019actualit\u00e9 nationale et internationale, l\u2019\u00e9conomie, la soci\u00e9t\u00e9 et les analyses politiques. Le site s\u2019adresse \u00e0 un large public francophone et couvre l\u2019information tunisienne en temps r\u00e9el.","email":"redac@webdo.tn","legalName":"YNJ SARL","foundingDate":"2010-09-06","numberOfEmployees":{"@type":"QuantitativeValue","minValue":"11","maxValue":"50"}},{"@type":"Person","@id":"https:\/\/www.webdo.tn\/fr\/#\/schema\/person\/f35b42a42c5e2511bbd282959d6385cc","name":"CL","image":{"@type":"ImageObject","inLanguage":"fr-FR","@id":"https:\/\/secure.gravatar.com\/avatar\/1447a49909b67aa657c488aec6512e1dd6143a480c1ecfee9b5b5cd74eb3b59e?s=96&d=mm&r=g","url":"https:\/\/secure.gravatar.com\/avatar\/1447a49909b67aa657c488aec6512e1dd6143a480c1ecfee9b5b5cd74eb3b59e?s=96&d=mm&r=g","contentUrl":"https:\/\/secure.gravatar.com\/avatar\/1447a49909b67aa657c488aec6512e1dd6143a480c1ecfee9b5b5cd74eb3b59e?s=96&d=mm&r=g","caption":"CL"},"url":"https:\/\/www.webdo.tn\/fr\/actualite\/author\/cl\/"}]}},"_links":{"self":[{"href":"https:\/\/www.webdo.tn\/fr\/wp-json\/wp\/v2\/posts\/203877","targetHints":{"allow":["GET"]}}],"collection":[{"href":"https:\/\/www.webdo.tn\/fr\/wp-json\/wp\/v2\/posts"}],"about":[{"href":"https:\/\/www.webdo.tn\/fr\/wp-json\/wp\/v2\/types\/post"}],"author":[{"embeddable":true,"href":"https:\/\/www.webdo.tn\/fr\/wp-json\/wp\/v2\/users\/3175"}],"replies":[{"embeddable":true,"href":"https:\/\/www.webdo.tn\/fr\/wp-json\/wp\/v2\/comments?post=203877"}],"version-history":[{"count":0,"href":"https:\/\/www.webdo.tn\/fr\/wp-json\/wp\/v2\/posts\/203877\/revisions"}],"wp:featuredmedia":[{"embeddable":true,"href":"https:\/\/www.webdo.tn\/fr\/wp-json\/wp\/v2\/media\/251749"}],"wp:attachment":[{"href":"https:\/\/www.webdo.tn\/fr\/wp-json\/wp\/v2\/media?parent=203877"}],"wp:term":[{"taxonomy":"category","embeddable":true,"href":"https:\/\/www.webdo.tn\/fr\/wp-json\/wp\/v2\/categories?post=203877"},{"taxonomy":"post_tag","embeddable":true,"href":"https:\/\/www.webdo.tn\/fr\/wp-json\/wp\/v2\/tags?post=203877"}],"curies":[{"name":"wp","href":"https:\/\/api.w.org\/{rel}","templated":true}]}}