{"id":203874,"date":"2023-03-13T19:38:00","date_gmt":"2023-03-13T19:38:00","guid":{"rendered":"https:\/\/www.webdo.tn\/fr\/blog\/saoussen-mabrouk-et-anouar-marzouki-vice-presidents-de-l-arp\/203874\/"},"modified":"2025-05-20T22:44:54","modified_gmt":"2025-05-20T22:44:54","slug":"saoussen-mabrouk-et-anouar-marzouki-vice-presidents-de-l-arp","status":"publish","type":"post","link":"https:\/\/www.webdo.tn\/fr\/actualite\/national\/saoussen-mabrouk-et-anouar-marzouki-vice-presidents-de-l-arp\/203874\/","title":{"rendered":"Saoussen Mabrouk et Anouar Marzouki vice-pr\u00e9sidents de l\u2019ARP"},"content":{"rendered":"<p>Les d\u00e9put\u00e9s ont \u00e9lu ce lundi 13 mars 2023 Saoussen Mabrouk et Anouar Marzouki en tant que vice-pr\u00e9sidents de l\u2019Assembl\u00e9e des repr\u00e9sentants du peuple.<\/p>\n<p>\t\t\t\t\t\t\t\t\tApr\u00e8s le passage \u00e0 un second tour, \u00a0Saoussen Mabrouk a obtenu 87 voix alors que Anouar Marzouki a rafl\u00e9 72 voix.\u00a0<\/p>\n<p>Rappelons que\u00a0Ibrahim Bouderbala a \u00e9t\u00e9 \u00e9lu\u00a0en tant que nouveau pr\u00e9sident de l\u2019Assembl\u00e9e des repr\u00e9sentants du peuple, apr\u00e8s avoir obtenu 83 voix, lors d&rsquo;un deuxi\u00e8me tour.<\/p>\n","protected":false},"excerpt":{"rendered":"<p>Les d\u00e9put\u00e9s ont \u00e9lu ce lundi 13 mars 2023 Saoussen Mabrouk et Anouar Marzouki en tant que vice-pr\u00e9sidents de l\u2019Assembl\u00e9e des repr\u00e9sentants du peuple.<\/p>\n","protected":false},"author":3175,"featured_media":251747,"comment_status":"open","ping_status":"closed","sticky":false,"template":"","format":"standard","meta":{"footnotes":""},"categories":[44],"tags":[2813,2608],"class_list":["post-203874","post","type-post","status-publish","format-standard","has-post-thumbnail","hentry","category-national","tag-arp","tag-tunisie"],"yoast_head":"<!-- This site is optimized with the Yoast SEO Premium plugin v27.4 (Yoast SEO v27.4) - https:\/\/yoast.com\/product\/yoast-seo-premium-wordpress\/ -->\n<title>Saoussen Mabrouk et Anouar Marzouki vice-pr\u00e9sidents de l\u2019ARP<\/title>\n<meta name=\"description\" content=\"Les d\u00e9put\u00e9s ont \u00e9lu ce lundi 13 mars 2023 Saoussen Mabrouk et Anouar Marzouki en tant que vice-pr\u00e9sidents de l\u2019Assembl\u00e9e des repr\u00e9sentants du peuple.\" \/>\n<link rel=\"canonical\" href=\"https:\/\/www.webdo.tn\/fr\/actualite\/national\/saoussen-mabrouk-et-anouar-marzouki-vice-presidents-de-l-arp\/203874\/\" \/>\n<meta property=\"og:locale\" content=\"fr_FR\" \/>\n<meta property=\"og:type\" content=\"article\" \/>\n<meta property=\"og:title\" content=\"Saoussen Mabrouk et Anouar Marzouki vice-pr\u00e9sidents de l\u2019ARP\" \/>\n<meta property=\"og:description\" content=\"Les d\u00e9put\u00e9s ont \u00e9lu ce lundi 13 mars 2023 Saoussen Mabrouk et Anouar Marzouki en tant que vice-pr\u00e9sidents de l\u2019Assembl\u00e9e des repr\u00e9sentants du peuple.\" \/>\n<meta property=\"og:url\" content=\"https:\/\/www.webdo.tn\/fr\/actualite\/national\/saoussen-mabrouk-et-anouar-marzouki-vice-presidents-de-l-arp\/203874\/\" \/>\n<meta property=\"og:site_name\" content=\"webdo\" \/>\n<meta property=\"article:publisher\" content=\"https:\/\/www.facebook.com\/webdotn\" \/>\n<meta property=\"article:published_time\" content=\"2023-03-13T19:38:00+00:00\" \/>\n<meta property=\"article:modified_time\" content=\"2025-05-20T22:44:54+00:00\" \/>\n<meta property=\"og:image\" content=\"https:\/\/www.webdo.tn\/fr\/wp-content\/uploads\/2023\/03\/f2bfa97a032a6203b84e95490e0480f7.jpg\" \/>\n\t<meta property=\"og:image:width\" content=\"750\" \/>\n\t<meta property=\"og:image:height\" content=\"400\" \/>\n\t<meta property=\"og:image:type\" content=\"image\/jpeg\" \/>\n<meta name=\"author\" content=\"CL\" \/>\n<meta name=\"twitter:card\" content=\"summary_large_image\" \/>\n<meta name=\"twitter:creator\" content=\"@webdo_tn\" \/>\n<meta name=\"twitter:site\" content=\"@webdo_tn\" \/>\n<meta name=\"twitter:label1\" content=\"\u00c9crit par\" \/>\n\t<meta name=\"twitter:data1\" content=\"CL\" \/>\n<script type=\"application\/ld+json\" class=\"yoast-schema-graph\">{\"@context\":\"https:\\\/\\\/schema.org\",\"@graph\":[{\"@type\":\"NewsArticle\",\"@id\":\"https:\\\/\\\/www.webdo.tn\\\/fr\\\/actualite\\\/national\\\/saoussen-mabrouk-et-anouar-marzouki-vice-presidents-de-l-arp\\\/203874\\\/#article\",\"isPartOf\":{\"@id\":\"https:\\\/\\\/www.webdo.tn\\\/fr\\\/actualite\\\/national\\\/saoussen-mabrouk-et-anouar-marzouki-vice-presidents-de-l-arp\\\/203874\\\/\"},\"author\":{\"name\":\"CL\",\"@id\":\"https:\\\/\\\/www.webdo.tn\\\/fr\\\/#\\\/schema\\\/person\\\/f35b42a42c5e2511bbd282959d6385cc\"},\"headline\":\"Saoussen Mabrouk et Anouar Marzouki vice-pr\u00e9sidents de l\u2019ARP\",\"datePublished\":\"2023-03-13T19:38:00+00:00\",\"dateModified\":\"2025-05-20T22:44:54+00:00\",\"mainEntityOfPage\":{\"@id\":\"https:\\\/\\\/www.webdo.tn\\\/fr\\\/actualite\\\/national\\\/saoussen-mabrouk-et-anouar-marzouki-vice-presidents-de-l-arp\\\/203874\\\/\"},\"wordCount\":90,\"commentCount\":0,\"publisher\":{\"@id\":\"https:\\\/\\\/www.webdo.tn\\\/fr\\\/#organization\"},\"image\":{\"@id\":\"https:\\\/\\\/www.webdo.tn\\\/fr\\\/actualite\\\/national\\\/saoussen-mabrouk-et-anouar-marzouki-vice-presidents-de-l-arp\\\/203874\\\/#primaryimage\"},\"thumbnailUrl\":\"https:\\\/\\\/www.webdo.tn\\\/fr\\\/wp-content\\\/uploads\\\/2023\\\/03\\\/f2bfa97a032a6203b84e95490e0480f7.jpg\",\"keywords\":[\"ARP\",\"Tunisie\"],\"articleSection\":[\"National\"],\"inLanguage\":\"fr-FR\"},{\"@type\":\"WebPage\",\"@id\":\"https:\\\/\\\/www.webdo.tn\\\/fr\\\/actualite\\\/national\\\/saoussen-mabrouk-et-anouar-marzouki-vice-presidents-de-l-arp\\\/203874\\\/\",\"url\":\"https:\\\/\\\/www.webdo.tn\\\/fr\\\/actualite\\\/national\\\/saoussen-mabrouk-et-anouar-marzouki-vice-presidents-de-l-arp\\\/203874\\\/\",\"name\":\"Saoussen Mabrouk et Anouar Marzouki vice-pr\u00e9sidents de l\u2019ARP\",\"isPartOf\":{\"@id\":\"https:\\\/\\\/www.webdo.tn\\\/fr\\\/#website\"},\"primaryImageOfPage\":{\"@id\":\"https:\\\/\\\/www.webdo.tn\\\/fr\\\/actualite\\\/national\\\/saoussen-mabrouk-et-anouar-marzouki-vice-presidents-de-l-arp\\\/203874\\\/#primaryimage\"},\"image\":{\"@id\":\"https:\\\/\\\/www.webdo.tn\\\/fr\\\/actualite\\\/national\\\/saoussen-mabrouk-et-anouar-marzouki-vice-presidents-de-l-arp\\\/203874\\\/#primaryimage\"},\"thumbnailUrl\":\"https:\\\/\\\/www.webdo.tn\\\/fr\\\/wp-content\\\/uploads\\\/2023\\\/03\\\/f2bfa97a032a6203b84e95490e0480f7.jpg\",\"datePublished\":\"2023-03-13T19:38:00+00:00\",\"dateModified\":\"2025-05-20T22:44:54+00:00\",\"description\":\"Les d\u00e9put\u00e9s ont \u00e9lu ce lundi 13 mars 2023 Saoussen Mabrouk et Anouar Marzouki en tant que vice-pr\u00e9sidents de l\u2019Assembl\u00e9e des repr\u00e9sentants du peuple.\",\"breadcrumb\":{\"@id\":\"https:\\\/\\\/www.webdo.tn\\\/fr\\\/actualite\\\/national\\\/saoussen-mabrouk-et-anouar-marzouki-vice-presidents-de-l-arp\\\/203874\\\/#breadcrumb\"},\"inLanguage\":\"fr-FR\",\"potentialAction\":[{\"@type\":\"ReadAction\",\"target\":[\"https:\\\/\\\/www.webdo.tn\\\/fr\\\/actualite\\\/national\\\/saoussen-mabrouk-et-anouar-marzouki-vice-presidents-de-l-arp\\\/203874\\\/\"]}]},{\"@type\":\"ImageObject\",\"inLanguage\":\"fr-FR\",\"@id\":\"https:\\\/\\\/www.webdo.tn\\\/fr\\\/actualite\\\/national\\\/saoussen-mabrouk-et-anouar-marzouki-vice-presidents-de-l-arp\\\/203874\\\/#primaryimage\",\"url\":\"https:\\\/\\\/www.webdo.tn\\\/fr\\\/wp-content\\\/uploads\\\/2023\\\/03\\\/f2bfa97a032a6203b84e95490e0480f7.jpg\",\"contentUrl\":\"https:\\\/\\\/www.webdo.tn\\\/fr\\\/wp-content\\\/uploads\\\/2023\\\/03\\\/f2bfa97a032a6203b84e95490e0480f7.jpg\",\"width\":750,\"height\":400,\"caption\":\"ARP\"},{\"@type\":\"BreadcrumbList\",\"@id\":\"https:\\\/\\\/www.webdo.tn\\\/fr\\\/actualite\\\/national\\\/saoussen-mabrouk-et-anouar-marzouki-vice-presidents-de-l-arp\\\/203874\\\/#breadcrumb\",\"itemListElement\":[{\"@type\":\"ListItem\",\"position\":1,\"name\":\"Accueil\",\"item\":\"https:\\\/\\\/www.webdo.tn\\\/fr\\\/\"},{\"@type\":\"ListItem\",\"position\":2,\"name\":\"Saoussen Mabrouk et Anouar Marzouki vice-pr\u00e9sidents de l\u2019ARP\"}]},{\"@type\":\"WebSite\",\"@id\":\"https:\\\/\\\/www.webdo.tn\\\/fr\\\/#website\",\"url\":\"https:\\\/\\\/www.webdo.tn\\\/fr\\\/\",\"name\":\"webdo\",\"description\":\"Tunisie - News en Tunisie et \u00e0 l&#039;international sur Webdo.tn\",\"publisher\":{\"@id\":\"https:\\\/\\\/www.webdo.tn\\\/fr\\\/#organization\"},\"potentialAction\":[{\"@type\":\"SearchAction\",\"target\":{\"@type\":\"EntryPoint\",\"urlTemplate\":\"https:\\\/\\\/www.webdo.tn\\\/fr\\\/?s={search_term_string}\"},\"query-input\":{\"@type\":\"PropertyValueSpecification\",\"valueRequired\":true,\"valueName\":\"search_term_string\"}}],\"inLanguage\":\"fr-FR\"},{\"@type\":\"Organization\",\"@id\":\"https:\\\/\\\/www.webdo.tn\\\/fr\\\/#organization\",\"name\":\"Webdo\",\"alternateName\":\"Webdo.tn\",\"url\":\"https:\\\/\\\/www.webdo.tn\\\/fr\\\/\",\"logo\":{\"@type\":\"ImageObject\",\"inLanguage\":\"fr-FR\",\"@id\":\"https:\\\/\\\/www.webdo.tn\\\/fr\\\/#\\\/schema\\\/logo\\\/image\\\/\",\"url\":\"https:\\\/\\\/www.webdo.tn\\\/fr\\\/wp-content\\\/uploads\\\/2025\\\/06\\\/Webdo-Tunisie_168377.jpg\",\"contentUrl\":\"https:\\\/\\\/www.webdo.tn\\\/fr\\\/wp-content\\\/uploads\\\/2025\\\/06\\\/Webdo-Tunisie_168377.jpg\",\"width\":301,\"height\":301,\"caption\":\"Webdo\"},\"image\":{\"@id\":\"https:\\\/\\\/www.webdo.tn\\\/fr\\\/#\\\/schema\\\/logo\\\/image\\\/\"},\"sameAs\":[\"https:\\\/\\\/www.facebook.com\\\/webdotn\",\"https:\\\/\\\/x.com\\\/webdo_tn\"],\"description\":\"Webdo est un m\u00e9dia num\u00e9rique tunisien fond\u00e9 en 2010, sp\u00e9cialis\u00e9 dans l\u2019actualit\u00e9 nationale et internationale, l\u2019\u00e9conomie, la soci\u00e9t\u00e9 et les analyses politiques. Le site s\u2019adresse \u00e0 un large public francophone et couvre l\u2019information tunisienne en temps r\u00e9el.\",\"email\":\"redac@webdo.tn\",\"legalName\":\"YNJ SARL\",\"foundingDate\":\"2010-09-06\",\"numberOfEmployees\":{\"@type\":\"QuantitativeValue\",\"minValue\":\"11\",\"maxValue\":\"50\"}},{\"@type\":\"Person\",\"@id\":\"https:\\\/\\\/www.webdo.tn\\\/fr\\\/#\\\/schema\\\/person\\\/f35b42a42c5e2511bbd282959d6385cc\",\"name\":\"CL\",\"image\":{\"@type\":\"ImageObject\",\"inLanguage\":\"fr-FR\",\"@id\":\"https:\\\/\\\/secure.gravatar.com\\\/avatar\\\/1447a49909b67aa657c488aec6512e1dd6143a480c1ecfee9b5b5cd74eb3b59e?s=96&d=mm&r=g\",\"url\":\"https:\\\/\\\/secure.gravatar.com\\\/avatar\\\/1447a49909b67aa657c488aec6512e1dd6143a480c1ecfee9b5b5cd74eb3b59e?s=96&d=mm&r=g\",\"contentUrl\":\"https:\\\/\\\/secure.gravatar.com\\\/avatar\\\/1447a49909b67aa657c488aec6512e1dd6143a480c1ecfee9b5b5cd74eb3b59e?s=96&d=mm&r=g\",\"caption\":\"CL\"},\"url\":\"https:\\\/\\\/www.webdo.tn\\\/fr\\\/actualite\\\/author\\\/cl\\\/\"}]}<\/script>\n<!-- \/ Yoast SEO Premium plugin. -->","yoast_head_json":{"title":"Saoussen Mabrouk et Anouar Marzouki vice-pr\u00e9sidents de l\u2019ARP","description":"Les d\u00e9put\u00e9s ont \u00e9lu ce lundi 13 mars 2023 Saoussen Mabrouk et Anouar Marzouki en tant que vice-pr\u00e9sidents de l\u2019Assembl\u00e9e des repr\u00e9sentants du peuple.","canonical":"https:\/\/www.webdo.tn\/fr\/actualite\/national\/saoussen-mabrouk-et-anouar-marzouki-vice-presidents-de-l-arp\/203874\/","og_locale":"fr_FR","og_type":"article","og_title":"Saoussen Mabrouk et Anouar Marzouki vice-pr\u00e9sidents de l\u2019ARP","og_description":"Les d\u00e9put\u00e9s ont \u00e9lu ce lundi 13 mars 2023 Saoussen Mabrouk et Anouar Marzouki en tant que vice-pr\u00e9sidents de l\u2019Assembl\u00e9e des repr\u00e9sentants du peuple.","og_url":"https:\/\/www.webdo.tn\/fr\/actualite\/national\/saoussen-mabrouk-et-anouar-marzouki-vice-presidents-de-l-arp\/203874\/","og_site_name":"webdo","article_publisher":"https:\/\/www.facebook.com\/webdotn","article_published_time":"2023-03-13T19:38:00+00:00","article_modified_time":"2025-05-20T22:44:54+00:00","og_image":[{"width":750,"height":400,"url":"https:\/\/www.webdo.tn\/fr\/wp-content\/uploads\/2023\/03\/f2bfa97a032a6203b84e95490e0480f7.jpg","type":"image\/jpeg"}],"author":"CL","twitter_card":"summary_large_image","twitter_creator":"@webdo_tn","twitter_site":"@webdo_tn","twitter_misc":{"\u00c9crit par":"CL"},"schema":{"@context":"https:\/\/schema.org","@graph":[{"@type":"NewsArticle","@id":"https:\/\/www.webdo.tn\/fr\/actualite\/national\/saoussen-mabrouk-et-anouar-marzouki-vice-presidents-de-l-arp\/203874\/#article","isPartOf":{"@id":"https:\/\/www.webdo.tn\/fr\/actualite\/national\/saoussen-mabrouk-et-anouar-marzouki-vice-presidents-de-l-arp\/203874\/"},"author":{"name":"CL","@id":"https:\/\/www.webdo.tn\/fr\/#\/schema\/person\/f35b42a42c5e2511bbd282959d6385cc"},"headline":"Saoussen Mabrouk et Anouar Marzouki vice-pr\u00e9sidents de l\u2019ARP","datePublished":"2023-03-13T19:38:00+00:00","dateModified":"2025-05-20T22:44:54+00:00","mainEntityOfPage":{"@id":"https:\/\/www.webdo.tn\/fr\/actualite\/national\/saoussen-mabrouk-et-anouar-marzouki-vice-presidents-de-l-arp\/203874\/"},"wordCount":90,"commentCount":0,"publisher":{"@id":"https:\/\/www.webdo.tn\/fr\/#organization"},"image":{"@id":"https:\/\/www.webdo.tn\/fr\/actualite\/national\/saoussen-mabrouk-et-anouar-marzouki-vice-presidents-de-l-arp\/203874\/#primaryimage"},"thumbnailUrl":"https:\/\/www.webdo.tn\/fr\/wp-content\/uploads\/2023\/03\/f2bfa97a032a6203b84e95490e0480f7.jpg","keywords":["ARP","Tunisie"],"articleSection":["National"],"inLanguage":"fr-FR"},{"@type":"WebPage","@id":"https:\/\/www.webdo.tn\/fr\/actualite\/national\/saoussen-mabrouk-et-anouar-marzouki-vice-presidents-de-l-arp\/203874\/","url":"https:\/\/www.webdo.tn\/fr\/actualite\/national\/saoussen-mabrouk-et-anouar-marzouki-vice-presidents-de-l-arp\/203874\/","name":"Saoussen Mabrouk et Anouar Marzouki vice-pr\u00e9sidents de l\u2019ARP","isPartOf":{"@id":"https:\/\/www.webdo.tn\/fr\/#website"},"primaryImageOfPage":{"@id":"https:\/\/www.webdo.tn\/fr\/actualite\/national\/saoussen-mabrouk-et-anouar-marzouki-vice-presidents-de-l-arp\/203874\/#primaryimage"},"image":{"@id":"https:\/\/www.webdo.tn\/fr\/actualite\/national\/saoussen-mabrouk-et-anouar-marzouki-vice-presidents-de-l-arp\/203874\/#primaryimage"},"thumbnailUrl":"https:\/\/www.webdo.tn\/fr\/wp-content\/uploads\/2023\/03\/f2bfa97a032a6203b84e95490e0480f7.jpg","datePublished":"2023-03-13T19:38:00+00:00","dateModified":"2025-05-20T22:44:54+00:00","description":"Les d\u00e9put\u00e9s ont \u00e9lu ce lundi 13 mars 2023 Saoussen Mabrouk et Anouar Marzouki en tant que vice-pr\u00e9sidents de l\u2019Assembl\u00e9e des repr\u00e9sentants du peuple.","breadcrumb":{"@id":"https:\/\/www.webdo.tn\/fr\/actualite\/national\/saoussen-mabrouk-et-anouar-marzouki-vice-presidents-de-l-arp\/203874\/#breadcrumb"},"inLanguage":"fr-FR","potentialAction":[{"@type":"ReadAction","target":["https:\/\/www.webdo.tn\/fr\/actualite\/national\/saoussen-mabrouk-et-anouar-marzouki-vice-presidents-de-l-arp\/203874\/"]}]},{"@type":"ImageObject","inLanguage":"fr-FR","@id":"https:\/\/www.webdo.tn\/fr\/actualite\/national\/saoussen-mabrouk-et-anouar-marzouki-vice-presidents-de-l-arp\/203874\/#primaryimage","url":"https:\/\/www.webdo.tn\/fr\/wp-content\/uploads\/2023\/03\/f2bfa97a032a6203b84e95490e0480f7.jpg","contentUrl":"https:\/\/www.webdo.tn\/fr\/wp-content\/uploads\/2023\/03\/f2bfa97a032a6203b84e95490e0480f7.jpg","width":750,"height":400,"caption":"ARP"},{"@type":"BreadcrumbList","@id":"https:\/\/www.webdo.tn\/fr\/actualite\/national\/saoussen-mabrouk-et-anouar-marzouki-vice-presidents-de-l-arp\/203874\/#breadcrumb","itemListElement":[{"@type":"ListItem","position":1,"name":"Accueil","item":"https:\/\/www.webdo.tn\/fr\/"},{"@type":"ListItem","position":2,"name":"Saoussen Mabrouk et Anouar Marzouki vice-pr\u00e9sidents de l\u2019ARP"}]},{"@type":"WebSite","@id":"https:\/\/www.webdo.tn\/fr\/#website","url":"https:\/\/www.webdo.tn\/fr\/","name":"webdo","description":"Tunisie - News en Tunisie et \u00e0 l&#039;international sur Webdo.tn","publisher":{"@id":"https:\/\/www.webdo.tn\/fr\/#organization"},"potentialAction":[{"@type":"SearchAction","target":{"@type":"EntryPoint","urlTemplate":"https:\/\/www.webdo.tn\/fr\/?s={search_term_string}"},"query-input":{"@type":"PropertyValueSpecification","valueRequired":true,"valueName":"search_term_string"}}],"inLanguage":"fr-FR"},{"@type":"Organization","@id":"https:\/\/www.webdo.tn\/fr\/#organization","name":"Webdo","alternateName":"Webdo.tn","url":"https:\/\/www.webdo.tn\/fr\/","logo":{"@type":"ImageObject","inLanguage":"fr-FR","@id":"https:\/\/www.webdo.tn\/fr\/#\/schema\/logo\/image\/","url":"https:\/\/www.webdo.tn\/fr\/wp-content\/uploads\/2025\/06\/Webdo-Tunisie_168377.jpg","contentUrl":"https:\/\/www.webdo.tn\/fr\/wp-content\/uploads\/2025\/06\/Webdo-Tunisie_168377.jpg","width":301,"height":301,"caption":"Webdo"},"image":{"@id":"https:\/\/www.webdo.tn\/fr\/#\/schema\/logo\/image\/"},"sameAs":["https:\/\/www.facebook.com\/webdotn","https:\/\/x.com\/webdo_tn"],"description":"Webdo est un m\u00e9dia num\u00e9rique tunisien fond\u00e9 en 2010, sp\u00e9cialis\u00e9 dans l\u2019actualit\u00e9 nationale et internationale, l\u2019\u00e9conomie, la soci\u00e9t\u00e9 et les analyses politiques. Le site s\u2019adresse \u00e0 un large public francophone et couvre l\u2019information tunisienne en temps r\u00e9el.","email":"redac@webdo.tn","legalName":"YNJ SARL","foundingDate":"2010-09-06","numberOfEmployees":{"@type":"QuantitativeValue","minValue":"11","maxValue":"50"}},{"@type":"Person","@id":"https:\/\/www.webdo.tn\/fr\/#\/schema\/person\/f35b42a42c5e2511bbd282959d6385cc","name":"CL","image":{"@type":"ImageObject","inLanguage":"fr-FR","@id":"https:\/\/secure.gravatar.com\/avatar\/1447a49909b67aa657c488aec6512e1dd6143a480c1ecfee9b5b5cd74eb3b59e?s=96&d=mm&r=g","url":"https:\/\/secure.gravatar.com\/avatar\/1447a49909b67aa657c488aec6512e1dd6143a480c1ecfee9b5b5cd74eb3b59e?s=96&d=mm&r=g","contentUrl":"https:\/\/secure.gravatar.com\/avatar\/1447a49909b67aa657c488aec6512e1dd6143a480c1ecfee9b5b5cd74eb3b59e?s=96&d=mm&r=g","caption":"CL"},"url":"https:\/\/www.webdo.tn\/fr\/actualite\/author\/cl\/"}]}},"_links":{"self":[{"href":"https:\/\/www.webdo.tn\/fr\/wp-json\/wp\/v2\/posts\/203874","targetHints":{"allow":["GET"]}}],"collection":[{"href":"https:\/\/www.webdo.tn\/fr\/wp-json\/wp\/v2\/posts"}],"about":[{"href":"https:\/\/www.webdo.tn\/fr\/wp-json\/wp\/v2\/types\/post"}],"author":[{"embeddable":true,"href":"https:\/\/www.webdo.tn\/fr\/wp-json\/wp\/v2\/users\/3175"}],"replies":[{"embeddable":true,"href":"https:\/\/www.webdo.tn\/fr\/wp-json\/wp\/v2\/comments?post=203874"}],"version-history":[{"count":0,"href":"https:\/\/www.webdo.tn\/fr\/wp-json\/wp\/v2\/posts\/203874\/revisions"}],"wp:featuredmedia":[{"embeddable":true,"href":"https:\/\/www.webdo.tn\/fr\/wp-json\/wp\/v2\/media\/251747"}],"wp:attachment":[{"href":"https:\/\/www.webdo.tn\/fr\/wp-json\/wp\/v2\/media?parent=203874"}],"wp:term":[{"taxonomy":"category","embeddable":true,"href":"https:\/\/www.webdo.tn\/fr\/wp-json\/wp\/v2\/categories?post=203874"},{"taxonomy":"post_tag","embeddable":true,"href":"https:\/\/www.webdo.tn\/fr\/wp-json\/wp\/v2\/tags?post=203874"}],"curies":[{"name":"wp","href":"https:\/\/api.w.org\/{rel}","templated":true}]}}