{"id":203869,"date":"2023-03-13T18:12:00","date_gmt":"2023-03-13T18:12:00","guid":{"rendered":"https:\/\/www.webdo.tn\/fr\/blog\/blocs-parlementaires-les-deputes-reagissent-a-la-declaration-de-saied\/203869\/"},"modified":"2025-05-20T22:44:53","modified_gmt":"2025-05-20T22:44:53","slug":"blocs-parlementaires-les-deputes-reagissent-a-la-declaration-de-saied","status":"publish","type":"post","link":"https:\/\/www.webdo.tn\/fr\/actualite\/national\/blocs-parlementaires-les-deputes-reagissent-a-la-declaration-de-saied\/203869\/","title":{"rendered":"Blocs parlementaires : Les d\u00e9put\u00e9s r\u00e9agissent \u00e0 la d\u00e9claration de Saied"},"content":{"rendered":"<p>Des d\u00e9put\u00e9s ont soulign\u00e9, lundi 13 mars 2023 que le travail parlementaire ne peut \u00eatre accompli sans la formation de blocs parlementaires, s&rsquo;accordant \u00e0 dire que \u00ab\u00a0la d\u00e9claration du pr\u00e9sident de la R\u00e9publique, Kais Saied, \u00e0 ce sujet a \u00e9t\u00e9 mal interpr\u00e9t\u00e9e\u00a0\u00bb.<\/p>\n<p>\t\t\t\t\t\t\t\t\tSaied avait d\u00e9clar\u00e9, samedi, en marge d&rsquo;une visite inopin\u00e9e au si\u00e8ge \u00ab\u00a0Snipe La Presse\u00a0\u00bb, \u00e0 Tunis, \u00ab\u00a0le prochain parlement doit \u00eatre \u00e0 la hauteur des aspirations du peuple tunisien, car il ne sera pas comme le pr\u00e9c\u00e9dent&#8230;Ceux qui surench\u00e9rissent et parlent de formation de blocs parlementaires sont hors contexte&#8230;car ils sont sous le contr\u00f4le des \u00e9lecteurs\u00a0\u00bb.<\/p>\n<p>Le d\u00e9put\u00e9 Riadh Jaidane a d\u00e9clar\u00e9 \u00e0 ce sujet que la commission du r\u00e8glement int\u00e9rieur se penchera sur la question dans la mesure o\u00f9 le travail parlementaire doit \u00eatre r\u00e9alis\u00e9 dans le cadre de groupes, en allusion au blocs parlementaires.<\/p>\n<p>Il a indiqu\u00e9 que le chef de l&rsquo;Etat visait par cette d\u00e9claration les blocs partisans qui ont port\u00e9 atteinte \u00e0 l&rsquo;action parlementaire, soulevant la question du \u00ab\u00a0tourisme parlementaire\u00a0\u00bb observ\u00e9 dans la pr\u00e9c\u00e9dente assembl\u00e9e.<\/p>\n<p>Pour le d\u00e9put\u00e9 Hichem Hosni, les blocs parlementaires sont mentionn\u00e9s dans la nouvelle constitution et de ce fait, ils sont reconnus par la loi.<br \/>\n\u00ab\u00a0Il n&rsquo;est pas envisageable de parler d&rsquo;action parlementaire sans blocs\u00a0\u00bb, a-t-il dit, pr\u00e9cisant que \u00ab\u00a0le chef de l&rsquo;Etat s&rsquo;adressait aux groupes parlementaires form\u00e9s par l&rsquo;argent sale et la corruption\u00a0\u00bb.<\/p>\n","protected":false},"excerpt":{"rendered":"<p>Des d\u00e9put\u00e9s ont soulign\u00e9, lundi 13 mars 2023 que le travail parlementaire ne peut \u00eatre accompli sans la formation de blocs parlementaires, s&rsquo;accordant \u00e0 dire qu&#8230;<\/p>\n","protected":false},"author":3175,"featured_media":251745,"comment_status":"open","ping_status":"closed","sticky":false,"template":"","format":"standard","meta":{"footnotes":""},"categories":[44],"tags":[3210,2614,2608],"class_list":["post-203869","post","type-post","status-publish","format-standard","has-post-thumbnail","hentry","category-national","tag-deputes","tag-kais-saied","tag-tunisie"],"yoast_head":"<!-- This site is optimized with the Yoast SEO Premium plugin v27.4 (Yoast SEO v27.4) - https:\/\/yoast.com\/product\/yoast-seo-premium-wordpress\/ -->\n<title>Blocs parlementaires : Les d\u00e9put\u00e9s r\u00e9agissent \u00e0 la d\u00e9claration de Saied<\/title>\n<meta name=\"description\" content=\"Des d\u00e9put\u00e9s ont soulign\u00e9, lundi 13 mars 2023 que le travail parlementaire ne peut \u00eatre accompli sans la formation de blocs parlementaires, s&#039;accordant \u00e0 dire qu...\" \/>\n<link rel=\"canonical\" href=\"https:\/\/www.webdo.tn\/fr\/actualite\/national\/blocs-parlementaires-les-deputes-reagissent-a-la-declaration-de-saied\/203869\/\" \/>\n<meta property=\"og:locale\" content=\"fr_FR\" \/>\n<meta property=\"og:type\" content=\"article\" \/>\n<meta property=\"og:title\" content=\"Blocs parlementaires : Les d\u00e9put\u00e9s r\u00e9agissent \u00e0 la d\u00e9claration de Saied\" \/>\n<meta property=\"og:description\" content=\"Des d\u00e9put\u00e9s ont soulign\u00e9, lundi 13 mars 2023 que le travail parlementaire ne peut \u00eatre accompli sans la formation de blocs parlementaires, s&#039;accordant \u00e0 dire qu...\" \/>\n<meta property=\"og:url\" content=\"https:\/\/www.webdo.tn\/fr\/actualite\/national\/blocs-parlementaires-les-deputes-reagissent-a-la-declaration-de-saied\/203869\/\" \/>\n<meta property=\"og:site_name\" content=\"webdo\" \/>\n<meta property=\"article:publisher\" content=\"https:\/\/www.facebook.com\/webdotn\" \/>\n<meta property=\"article:published_time\" content=\"2023-03-13T18:12:00+00:00\" \/>\n<meta property=\"article:modified_time\" content=\"2025-05-20T22:44:53+00:00\" \/>\n<meta property=\"og:image\" content=\"https:\/\/www.webdo.tn\/fr\/wp-content\/uploads\/2023\/03\/4dbd72a1f2af4f537889e183963c7332.jpg\" \/>\n\t<meta property=\"og:image:width\" content=\"750\" \/>\n\t<meta property=\"og:image:height\" content=\"400\" \/>\n\t<meta property=\"og:image:type\" content=\"image\/jpeg\" \/>\n<meta name=\"author\" content=\"CL\" \/>\n<meta name=\"twitter:card\" content=\"summary_large_image\" \/>\n<meta name=\"twitter:creator\" content=\"@webdo_tn\" \/>\n<meta name=\"twitter:site\" content=\"@webdo_tn\" \/>\n<meta name=\"twitter:label1\" content=\"\u00c9crit par\" \/>\n\t<meta name=\"twitter:data1\" content=\"CL\" \/>\n\t<meta name=\"twitter:label2\" content=\"Dur\u00e9e de lecture estim\u00e9e\" \/>\n\t<meta name=\"twitter:data2\" content=\"1 minute\" \/>\n<script type=\"application\/ld+json\" class=\"yoast-schema-graph\">{\"@context\":\"https:\\\/\\\/schema.org\",\"@graph\":[{\"@type\":\"NewsArticle\",\"@id\":\"https:\\\/\\\/www.webdo.tn\\\/fr\\\/actualite\\\/national\\\/blocs-parlementaires-les-deputes-reagissent-a-la-declaration-de-saied\\\/203869\\\/#article\",\"isPartOf\":{\"@id\":\"https:\\\/\\\/www.webdo.tn\\\/fr\\\/actualite\\\/national\\\/blocs-parlementaires-les-deputes-reagissent-a-la-declaration-de-saied\\\/203869\\\/\"},\"author\":{\"name\":\"CL\",\"@id\":\"https:\\\/\\\/www.webdo.tn\\\/fr\\\/#\\\/schema\\\/person\\\/f35b42a42c5e2511bbd282959d6385cc\"},\"headline\":\"Blocs parlementaires : Les d\u00e9put\u00e9s r\u00e9agissent \u00e0 la d\u00e9claration de Saied\",\"datePublished\":\"2023-03-13T18:12:00+00:00\",\"dateModified\":\"2025-05-20T22:44:53+00:00\",\"mainEntityOfPage\":{\"@id\":\"https:\\\/\\\/www.webdo.tn\\\/fr\\\/actualite\\\/national\\\/blocs-parlementaires-les-deputes-reagissent-a-la-declaration-de-saied\\\/203869\\\/\"},\"wordCount\":267,\"commentCount\":0,\"publisher\":{\"@id\":\"https:\\\/\\\/www.webdo.tn\\\/fr\\\/#organization\"},\"image\":{\"@id\":\"https:\\\/\\\/www.webdo.tn\\\/fr\\\/actualite\\\/national\\\/blocs-parlementaires-les-deputes-reagissent-a-la-declaration-de-saied\\\/203869\\\/#primaryimage\"},\"thumbnailUrl\":\"https:\\\/\\\/www.webdo.tn\\\/fr\\\/wp-content\\\/uploads\\\/2023\\\/03\\\/4dbd72a1f2af4f537889e183963c7332.jpg\",\"keywords\":[\"d\u00e9put\u00e9s\",\"Kais Saied\",\"Tunisie\"],\"articleSection\":[\"National\"],\"inLanguage\":\"fr-FR\"},{\"@type\":\"WebPage\",\"@id\":\"https:\\\/\\\/www.webdo.tn\\\/fr\\\/actualite\\\/national\\\/blocs-parlementaires-les-deputes-reagissent-a-la-declaration-de-saied\\\/203869\\\/\",\"url\":\"https:\\\/\\\/www.webdo.tn\\\/fr\\\/actualite\\\/national\\\/blocs-parlementaires-les-deputes-reagissent-a-la-declaration-de-saied\\\/203869\\\/\",\"name\":\"Blocs parlementaires : Les d\u00e9put\u00e9s r\u00e9agissent \u00e0 la d\u00e9claration de Saied\",\"isPartOf\":{\"@id\":\"https:\\\/\\\/www.webdo.tn\\\/fr\\\/#website\"},\"primaryImageOfPage\":{\"@id\":\"https:\\\/\\\/www.webdo.tn\\\/fr\\\/actualite\\\/national\\\/blocs-parlementaires-les-deputes-reagissent-a-la-declaration-de-saied\\\/203869\\\/#primaryimage\"},\"image\":{\"@id\":\"https:\\\/\\\/www.webdo.tn\\\/fr\\\/actualite\\\/national\\\/blocs-parlementaires-les-deputes-reagissent-a-la-declaration-de-saied\\\/203869\\\/#primaryimage\"},\"thumbnailUrl\":\"https:\\\/\\\/www.webdo.tn\\\/fr\\\/wp-content\\\/uploads\\\/2023\\\/03\\\/4dbd72a1f2af4f537889e183963c7332.jpg\",\"datePublished\":\"2023-03-13T18:12:00+00:00\",\"dateModified\":\"2025-05-20T22:44:53+00:00\",\"description\":\"Des d\u00e9put\u00e9s ont soulign\u00e9, lundi 13 mars 2023 que le travail parlementaire ne peut \u00eatre accompli sans la formation de blocs parlementaires, s'accordant \u00e0 dire qu...\",\"breadcrumb\":{\"@id\":\"https:\\\/\\\/www.webdo.tn\\\/fr\\\/actualite\\\/national\\\/blocs-parlementaires-les-deputes-reagissent-a-la-declaration-de-saied\\\/203869\\\/#breadcrumb\"},\"inLanguage\":\"fr-FR\",\"potentialAction\":[{\"@type\":\"ReadAction\",\"target\":[\"https:\\\/\\\/www.webdo.tn\\\/fr\\\/actualite\\\/national\\\/blocs-parlementaires-les-deputes-reagissent-a-la-declaration-de-saied\\\/203869\\\/\"]}]},{\"@type\":\"ImageObject\",\"inLanguage\":\"fr-FR\",\"@id\":\"https:\\\/\\\/www.webdo.tn\\\/fr\\\/actualite\\\/national\\\/blocs-parlementaires-les-deputes-reagissent-a-la-declaration-de-saied\\\/203869\\\/#primaryimage\",\"url\":\"https:\\\/\\\/www.webdo.tn\\\/fr\\\/wp-content\\\/uploads\\\/2023\\\/03\\\/4dbd72a1f2af4f537889e183963c7332.jpg\",\"contentUrl\":\"https:\\\/\\\/www.webdo.tn\\\/fr\\\/wp-content\\\/uploads\\\/2023\\\/03\\\/4dbd72a1f2af4f537889e183963c7332.jpg\",\"width\":750,\"height\":400,\"caption\":\"ARP\"},{\"@type\":\"BreadcrumbList\",\"@id\":\"https:\\\/\\\/www.webdo.tn\\\/fr\\\/actualite\\\/national\\\/blocs-parlementaires-les-deputes-reagissent-a-la-declaration-de-saied\\\/203869\\\/#breadcrumb\",\"itemListElement\":[{\"@type\":\"ListItem\",\"position\":1,\"name\":\"Accueil\",\"item\":\"https:\\\/\\\/www.webdo.tn\\\/fr\\\/\"},{\"@type\":\"ListItem\",\"position\":2,\"name\":\"Blocs parlementaires : Les d\u00e9put\u00e9s r\u00e9agissent \u00e0 la d\u00e9claration de Saied\"}]},{\"@type\":\"WebSite\",\"@id\":\"https:\\\/\\\/www.webdo.tn\\\/fr\\\/#website\",\"url\":\"https:\\\/\\\/www.webdo.tn\\\/fr\\\/\",\"name\":\"webdo\",\"description\":\"Tunisie - News en Tunisie et \u00e0 l&#039;international sur Webdo.tn\",\"publisher\":{\"@id\":\"https:\\\/\\\/www.webdo.tn\\\/fr\\\/#organization\"},\"potentialAction\":[{\"@type\":\"SearchAction\",\"target\":{\"@type\":\"EntryPoint\",\"urlTemplate\":\"https:\\\/\\\/www.webdo.tn\\\/fr\\\/?s={search_term_string}\"},\"query-input\":{\"@type\":\"PropertyValueSpecification\",\"valueRequired\":true,\"valueName\":\"search_term_string\"}}],\"inLanguage\":\"fr-FR\"},{\"@type\":\"Organization\",\"@id\":\"https:\\\/\\\/www.webdo.tn\\\/fr\\\/#organization\",\"name\":\"Webdo\",\"alternateName\":\"Webdo.tn\",\"url\":\"https:\\\/\\\/www.webdo.tn\\\/fr\\\/\",\"logo\":{\"@type\":\"ImageObject\",\"inLanguage\":\"fr-FR\",\"@id\":\"https:\\\/\\\/www.webdo.tn\\\/fr\\\/#\\\/schema\\\/logo\\\/image\\\/\",\"url\":\"https:\\\/\\\/www.webdo.tn\\\/fr\\\/wp-content\\\/uploads\\\/2025\\\/06\\\/Webdo-Tunisie_168377.jpg\",\"contentUrl\":\"https:\\\/\\\/www.webdo.tn\\\/fr\\\/wp-content\\\/uploads\\\/2025\\\/06\\\/Webdo-Tunisie_168377.jpg\",\"width\":301,\"height\":301,\"caption\":\"Webdo\"},\"image\":{\"@id\":\"https:\\\/\\\/www.webdo.tn\\\/fr\\\/#\\\/schema\\\/logo\\\/image\\\/\"},\"sameAs\":[\"https:\\\/\\\/www.facebook.com\\\/webdotn\",\"https:\\\/\\\/x.com\\\/webdo_tn\"],\"description\":\"Webdo est un m\u00e9dia num\u00e9rique tunisien fond\u00e9 en 2010, sp\u00e9cialis\u00e9 dans l\u2019actualit\u00e9 nationale et internationale, l\u2019\u00e9conomie, la soci\u00e9t\u00e9 et les analyses politiques. Le site s\u2019adresse \u00e0 un large public francophone et couvre l\u2019information tunisienne en temps r\u00e9el.\",\"email\":\"redac@webdo.tn\",\"legalName\":\"YNJ SARL\",\"foundingDate\":\"2010-09-06\",\"numberOfEmployees\":{\"@type\":\"QuantitativeValue\",\"minValue\":\"11\",\"maxValue\":\"50\"}},{\"@type\":\"Person\",\"@id\":\"https:\\\/\\\/www.webdo.tn\\\/fr\\\/#\\\/schema\\\/person\\\/f35b42a42c5e2511bbd282959d6385cc\",\"name\":\"CL\",\"image\":{\"@type\":\"ImageObject\",\"inLanguage\":\"fr-FR\",\"@id\":\"https:\\\/\\\/secure.gravatar.com\\\/avatar\\\/1447a49909b67aa657c488aec6512e1dd6143a480c1ecfee9b5b5cd74eb3b59e?s=96&d=mm&r=g\",\"url\":\"https:\\\/\\\/secure.gravatar.com\\\/avatar\\\/1447a49909b67aa657c488aec6512e1dd6143a480c1ecfee9b5b5cd74eb3b59e?s=96&d=mm&r=g\",\"contentUrl\":\"https:\\\/\\\/secure.gravatar.com\\\/avatar\\\/1447a49909b67aa657c488aec6512e1dd6143a480c1ecfee9b5b5cd74eb3b59e?s=96&d=mm&r=g\",\"caption\":\"CL\"},\"url\":\"https:\\\/\\\/www.webdo.tn\\\/fr\\\/actualite\\\/author\\\/cl\\\/\"}]}<\/script>\n<!-- \/ Yoast SEO Premium plugin. -->","yoast_head_json":{"title":"Blocs parlementaires : Les d\u00e9put\u00e9s r\u00e9agissent \u00e0 la d\u00e9claration de Saied","description":"Des d\u00e9put\u00e9s ont soulign\u00e9, lundi 13 mars 2023 que le travail parlementaire ne peut \u00eatre accompli sans la formation de blocs parlementaires, s'accordant \u00e0 dire qu...","canonical":"https:\/\/www.webdo.tn\/fr\/actualite\/national\/blocs-parlementaires-les-deputes-reagissent-a-la-declaration-de-saied\/203869\/","og_locale":"fr_FR","og_type":"article","og_title":"Blocs parlementaires : Les d\u00e9put\u00e9s r\u00e9agissent \u00e0 la d\u00e9claration de Saied","og_description":"Des d\u00e9put\u00e9s ont soulign\u00e9, lundi 13 mars 2023 que le travail parlementaire ne peut \u00eatre accompli sans la formation de blocs parlementaires, s'accordant \u00e0 dire qu...","og_url":"https:\/\/www.webdo.tn\/fr\/actualite\/national\/blocs-parlementaires-les-deputes-reagissent-a-la-declaration-de-saied\/203869\/","og_site_name":"webdo","article_publisher":"https:\/\/www.facebook.com\/webdotn","article_published_time":"2023-03-13T18:12:00+00:00","article_modified_time":"2025-05-20T22:44:53+00:00","og_image":[{"width":750,"height":400,"url":"https:\/\/www.webdo.tn\/fr\/wp-content\/uploads\/2023\/03\/4dbd72a1f2af4f537889e183963c7332.jpg","type":"image\/jpeg"}],"author":"CL","twitter_card":"summary_large_image","twitter_creator":"@webdo_tn","twitter_site":"@webdo_tn","twitter_misc":{"\u00c9crit par":"CL","Dur\u00e9e de lecture estim\u00e9e":"1 minute"},"schema":{"@context":"https:\/\/schema.org","@graph":[{"@type":"NewsArticle","@id":"https:\/\/www.webdo.tn\/fr\/actualite\/national\/blocs-parlementaires-les-deputes-reagissent-a-la-declaration-de-saied\/203869\/#article","isPartOf":{"@id":"https:\/\/www.webdo.tn\/fr\/actualite\/national\/blocs-parlementaires-les-deputes-reagissent-a-la-declaration-de-saied\/203869\/"},"author":{"name":"CL","@id":"https:\/\/www.webdo.tn\/fr\/#\/schema\/person\/f35b42a42c5e2511bbd282959d6385cc"},"headline":"Blocs parlementaires : Les d\u00e9put\u00e9s r\u00e9agissent \u00e0 la d\u00e9claration de Saied","datePublished":"2023-03-13T18:12:00+00:00","dateModified":"2025-05-20T22:44:53+00:00","mainEntityOfPage":{"@id":"https:\/\/www.webdo.tn\/fr\/actualite\/national\/blocs-parlementaires-les-deputes-reagissent-a-la-declaration-de-saied\/203869\/"},"wordCount":267,"commentCount":0,"publisher":{"@id":"https:\/\/www.webdo.tn\/fr\/#organization"},"image":{"@id":"https:\/\/www.webdo.tn\/fr\/actualite\/national\/blocs-parlementaires-les-deputes-reagissent-a-la-declaration-de-saied\/203869\/#primaryimage"},"thumbnailUrl":"https:\/\/www.webdo.tn\/fr\/wp-content\/uploads\/2023\/03\/4dbd72a1f2af4f537889e183963c7332.jpg","keywords":["d\u00e9put\u00e9s","Kais Saied","Tunisie"],"articleSection":["National"],"inLanguage":"fr-FR"},{"@type":"WebPage","@id":"https:\/\/www.webdo.tn\/fr\/actualite\/national\/blocs-parlementaires-les-deputes-reagissent-a-la-declaration-de-saied\/203869\/","url":"https:\/\/www.webdo.tn\/fr\/actualite\/national\/blocs-parlementaires-les-deputes-reagissent-a-la-declaration-de-saied\/203869\/","name":"Blocs parlementaires : Les d\u00e9put\u00e9s r\u00e9agissent \u00e0 la d\u00e9claration de Saied","isPartOf":{"@id":"https:\/\/www.webdo.tn\/fr\/#website"},"primaryImageOfPage":{"@id":"https:\/\/www.webdo.tn\/fr\/actualite\/national\/blocs-parlementaires-les-deputes-reagissent-a-la-declaration-de-saied\/203869\/#primaryimage"},"image":{"@id":"https:\/\/www.webdo.tn\/fr\/actualite\/national\/blocs-parlementaires-les-deputes-reagissent-a-la-declaration-de-saied\/203869\/#primaryimage"},"thumbnailUrl":"https:\/\/www.webdo.tn\/fr\/wp-content\/uploads\/2023\/03\/4dbd72a1f2af4f537889e183963c7332.jpg","datePublished":"2023-03-13T18:12:00+00:00","dateModified":"2025-05-20T22:44:53+00:00","description":"Des d\u00e9put\u00e9s ont soulign\u00e9, lundi 13 mars 2023 que le travail parlementaire ne peut \u00eatre accompli sans la formation de blocs parlementaires, s'accordant \u00e0 dire qu...","breadcrumb":{"@id":"https:\/\/www.webdo.tn\/fr\/actualite\/national\/blocs-parlementaires-les-deputes-reagissent-a-la-declaration-de-saied\/203869\/#breadcrumb"},"inLanguage":"fr-FR","potentialAction":[{"@type":"ReadAction","target":["https:\/\/www.webdo.tn\/fr\/actualite\/national\/blocs-parlementaires-les-deputes-reagissent-a-la-declaration-de-saied\/203869\/"]}]},{"@type":"ImageObject","inLanguage":"fr-FR","@id":"https:\/\/www.webdo.tn\/fr\/actualite\/national\/blocs-parlementaires-les-deputes-reagissent-a-la-declaration-de-saied\/203869\/#primaryimage","url":"https:\/\/www.webdo.tn\/fr\/wp-content\/uploads\/2023\/03\/4dbd72a1f2af4f537889e183963c7332.jpg","contentUrl":"https:\/\/www.webdo.tn\/fr\/wp-content\/uploads\/2023\/03\/4dbd72a1f2af4f537889e183963c7332.jpg","width":750,"height":400,"caption":"ARP"},{"@type":"BreadcrumbList","@id":"https:\/\/www.webdo.tn\/fr\/actualite\/national\/blocs-parlementaires-les-deputes-reagissent-a-la-declaration-de-saied\/203869\/#breadcrumb","itemListElement":[{"@type":"ListItem","position":1,"name":"Accueil","item":"https:\/\/www.webdo.tn\/fr\/"},{"@type":"ListItem","position":2,"name":"Blocs parlementaires : Les d\u00e9put\u00e9s r\u00e9agissent \u00e0 la d\u00e9claration de Saied"}]},{"@type":"WebSite","@id":"https:\/\/www.webdo.tn\/fr\/#website","url":"https:\/\/www.webdo.tn\/fr\/","name":"webdo","description":"Tunisie - News en Tunisie et \u00e0 l&#039;international sur Webdo.tn","publisher":{"@id":"https:\/\/www.webdo.tn\/fr\/#organization"},"potentialAction":[{"@type":"SearchAction","target":{"@type":"EntryPoint","urlTemplate":"https:\/\/www.webdo.tn\/fr\/?s={search_term_string}"},"query-input":{"@type":"PropertyValueSpecification","valueRequired":true,"valueName":"search_term_string"}}],"inLanguage":"fr-FR"},{"@type":"Organization","@id":"https:\/\/www.webdo.tn\/fr\/#organization","name":"Webdo","alternateName":"Webdo.tn","url":"https:\/\/www.webdo.tn\/fr\/","logo":{"@type":"ImageObject","inLanguage":"fr-FR","@id":"https:\/\/www.webdo.tn\/fr\/#\/schema\/logo\/image\/","url":"https:\/\/www.webdo.tn\/fr\/wp-content\/uploads\/2025\/06\/Webdo-Tunisie_168377.jpg","contentUrl":"https:\/\/www.webdo.tn\/fr\/wp-content\/uploads\/2025\/06\/Webdo-Tunisie_168377.jpg","width":301,"height":301,"caption":"Webdo"},"image":{"@id":"https:\/\/www.webdo.tn\/fr\/#\/schema\/logo\/image\/"},"sameAs":["https:\/\/www.facebook.com\/webdotn","https:\/\/x.com\/webdo_tn"],"description":"Webdo est un m\u00e9dia num\u00e9rique tunisien fond\u00e9 en 2010, sp\u00e9cialis\u00e9 dans l\u2019actualit\u00e9 nationale et internationale, l\u2019\u00e9conomie, la soci\u00e9t\u00e9 et les analyses politiques. Le site s\u2019adresse \u00e0 un large public francophone et couvre l\u2019information tunisienne en temps r\u00e9el.","email":"redac@webdo.tn","legalName":"YNJ SARL","foundingDate":"2010-09-06","numberOfEmployees":{"@type":"QuantitativeValue","minValue":"11","maxValue":"50"}},{"@type":"Person","@id":"https:\/\/www.webdo.tn\/fr\/#\/schema\/person\/f35b42a42c5e2511bbd282959d6385cc","name":"CL","image":{"@type":"ImageObject","inLanguage":"fr-FR","@id":"https:\/\/secure.gravatar.com\/avatar\/1447a49909b67aa657c488aec6512e1dd6143a480c1ecfee9b5b5cd74eb3b59e?s=96&d=mm&r=g","url":"https:\/\/secure.gravatar.com\/avatar\/1447a49909b67aa657c488aec6512e1dd6143a480c1ecfee9b5b5cd74eb3b59e?s=96&d=mm&r=g","contentUrl":"https:\/\/secure.gravatar.com\/avatar\/1447a49909b67aa657c488aec6512e1dd6143a480c1ecfee9b5b5cd74eb3b59e?s=96&d=mm&r=g","caption":"CL"},"url":"https:\/\/www.webdo.tn\/fr\/actualite\/author\/cl\/"}]}},"_links":{"self":[{"href":"https:\/\/www.webdo.tn\/fr\/wp-json\/wp\/v2\/posts\/203869","targetHints":{"allow":["GET"]}}],"collection":[{"href":"https:\/\/www.webdo.tn\/fr\/wp-json\/wp\/v2\/posts"}],"about":[{"href":"https:\/\/www.webdo.tn\/fr\/wp-json\/wp\/v2\/types\/post"}],"author":[{"embeddable":true,"href":"https:\/\/www.webdo.tn\/fr\/wp-json\/wp\/v2\/users\/3175"}],"replies":[{"embeddable":true,"href":"https:\/\/www.webdo.tn\/fr\/wp-json\/wp\/v2\/comments?post=203869"}],"version-history":[{"count":0,"href":"https:\/\/www.webdo.tn\/fr\/wp-json\/wp\/v2\/posts\/203869\/revisions"}],"wp:featuredmedia":[{"embeddable":true,"href":"https:\/\/www.webdo.tn\/fr\/wp-json\/wp\/v2\/media\/251745"}],"wp:attachment":[{"href":"https:\/\/www.webdo.tn\/fr\/wp-json\/wp\/v2\/media?parent=203869"}],"wp:term":[{"taxonomy":"category","embeddable":true,"href":"https:\/\/www.webdo.tn\/fr\/wp-json\/wp\/v2\/categories?post=203869"},{"taxonomy":"post_tag","embeddable":true,"href":"https:\/\/www.webdo.tn\/fr\/wp-json\/wp\/v2\/tags?post=203869"}],"curies":[{"name":"wp","href":"https:\/\/api.w.org\/{rel}","templated":true}]}}