{"id":203866,"date":"2023-03-13T15:06:00","date_gmt":"2023-03-13T15:06:00","guid":{"rendered":"https:\/\/www.webdo.tn\/fr\/blog\/les-juniors-de-l-ess-delestes-de-leurs-portables-au-complexe-du-css\/203866\/"},"modified":"2025-05-20T22:58:38","modified_gmt":"2025-05-20T22:58:38","slug":"les-juniors-de-l-ess-delestes-de-leurs-portables-au-complexe-du-css","status":"publish","type":"post","link":"https:\/\/www.webdo.tn\/fr\/actualite\/sport\/les-juniors-de-l-ess-delestes-de-leurs-portables-au-complexe-du-css\/203866\/","title":{"rendered":"Les Juniors de l\u2019ESS d\u00e9lest\u00e9s de leurs portables au Complexe du CSS !"},"content":{"rendered":"<p>En d\u00e9placement, hier, dimanche, \u00e0 Sfax, les joueurs juniors de l\u2019ESS ont \u00e9t\u00e9 surpris par la disparition de leurs portables et d\u2019autres effets personnels.<\/p>\n<p>\t\t\t\t\t\t\t\t\tMauvaise surprise pour les juniors de l\u2019ESS qui disputaient hier, dimanche 12 mars, un match contre le CSS au complexe du club de la capitale du sud.<\/p>\n<p>A la fin du match, en rentrant aux vestiaires, plusieurs joueurs ont d\u00e9couvert la disparition de leurs portables en plus de quelques effets personnels.<\/p>\n<p>Une m\u00e9saventure que quelques supporteurs \u00e9toil\u00e9s ont qualifi\u00e9 de pr\u00e9m\u00e9dit\u00e9e d\u2019autant que le match \u00e9tait pr\u00e9vu au Stade du 2 Mars avant qu\u2019il ne soit d\u00e9localis\u00e9 au Complexe du CSS.<\/p>\n<p>Avant leur retour \u00e0 Sousse, les responsables de l\u2019\u00e9quipe junior ont d\u00e9pos\u00e9 plainte contre X \u00e0 la permanence de la police nationale de Sfax-ville.<\/p>\n<p>Quelques mois auparavant, le bus de l\u2019\u00e9quipe minimes de l\u2019ESS avait essuy\u00e9, \u00e0 Sfax, des jets de pierres de la part de quelques \u00e9nergum\u00e8nes que la police s\u2019\u00e9tait charg\u00e9e d\u2019interpeller.<\/p>\n","protected":false},"excerpt":{"rendered":"<p>En d\u00e9placement, hier, dimanche, \u00e0 Sfax, les joueurs juniors de l\u2019ESS ont \u00e9t\u00e9 surpris par la disparition de leurs portables et d\u2019autres effets personnels.<\/p>\n","protected":false},"author":3188,"featured_media":251742,"comment_status":"open","ping_status":"closed","sticky":false,"template":"","format":"standard","meta":{"footnotes":""},"categories":[2593],"tags":[4914,4505,8690,2995],"class_list":["post-203866","post","type-post","status-publish","format-standard","has-post-thumbnail","hentry","category-sport","tag-css","tag-ess","tag-juniors","tag-vol"],"yoast_head":"<!-- This site is optimized with the Yoast SEO Premium plugin v27.4 (Yoast SEO v27.5) - https:\/\/yoast.com\/product\/yoast-seo-premium-wordpress\/ -->\n<title>Les Juniors de l\u2019ESS d\u00e9lest\u00e9s de leurs portables au Complexe du CSS !<\/title>\n<meta name=\"description\" content=\"En d\u00e9placement, hier, dimanche, \u00e0 Sfax, les joueurs juniors de l\u2019ESS ont \u00e9t\u00e9 surpris par la disparition de leurs portables et d\u2019autres effets personnels.\" \/>\n<link rel=\"canonical\" href=\"https:\/\/www.webdo.tn\/fr\/actualite\/sport\/les-juniors-de-l-ess-delestes-de-leurs-portables-au-complexe-du-css\/203866\/\" \/>\n<meta property=\"og:locale\" content=\"fr_FR\" \/>\n<meta property=\"og:type\" content=\"article\" \/>\n<meta property=\"og:title\" content=\"Les Juniors de l\u2019ESS d\u00e9lest\u00e9s de leurs portables au Complexe du CSS !\" \/>\n<meta property=\"og:description\" content=\"En d\u00e9placement, hier, dimanche, \u00e0 Sfax, les joueurs juniors de l\u2019ESS ont \u00e9t\u00e9 surpris par la disparition de leurs portables et d\u2019autres effets personnels.\" \/>\n<meta property=\"og:url\" content=\"https:\/\/www.webdo.tn\/fr\/actualite\/sport\/les-juniors-de-l-ess-delestes-de-leurs-portables-au-complexe-du-css\/203866\/\" \/>\n<meta property=\"og:site_name\" content=\"webdo\" \/>\n<meta property=\"article:publisher\" content=\"https:\/\/www.facebook.com\/webdotn\" \/>\n<meta property=\"article:published_time\" content=\"2023-03-13T15:06:00+00:00\" \/>\n<meta property=\"article:modified_time\" content=\"2025-05-20T22:58:38+00:00\" \/>\n<meta property=\"og:image\" content=\"https:\/\/www.webdo.tn\/fr\/wp-content\/uploads\/2023\/03\/b226d0d0ccb1c937403dee75e7f6d19a.jpg\" \/>\n\t<meta property=\"og:image:width\" content=\"720\" \/>\n\t<meta property=\"og:image:height\" content=\"384\" \/>\n\t<meta property=\"og:image:type\" content=\"image\/jpeg\" \/>\n<meta name=\"author\" content=\"Ramzi\" \/>\n<meta name=\"twitter:card\" content=\"summary_large_image\" \/>\n<meta name=\"twitter:creator\" content=\"@webdo_tn\" \/>\n<meta name=\"twitter:site\" content=\"@webdo_tn\" \/>\n<meta name=\"twitter:label1\" content=\"\u00c9crit par\" \/>\n\t<meta name=\"twitter:data1\" content=\"Ramzi\" \/>\n\t<meta name=\"twitter:label2\" content=\"Dur\u00e9e de lecture estim\u00e9e\" \/>\n\t<meta name=\"twitter:data2\" content=\"1 minute\" \/>\n<script type=\"application\/ld+json\" class=\"yoast-schema-graph\">{\"@context\":\"https:\\\/\\\/schema.org\",\"@graph\":[{\"@type\":\"NewsArticle\",\"@id\":\"https:\\\/\\\/www.webdo.tn\\\/fr\\\/actualite\\\/sport\\\/les-juniors-de-l-ess-delestes-de-leurs-portables-au-complexe-du-css\\\/203866\\\/#article\",\"isPartOf\":{\"@id\":\"https:\\\/\\\/www.webdo.tn\\\/fr\\\/actualite\\\/sport\\\/les-juniors-de-l-ess-delestes-de-leurs-portables-au-complexe-du-css\\\/203866\\\/\"},\"author\":{\"name\":\"Ramzi\",\"@id\":\"https:\\\/\\\/www.webdo.tn\\\/fr\\\/#\\\/schema\\\/person\\\/590cb5f81adcfde6385530fdbdf468e2\"},\"headline\":\"Les Juniors de l\u2019ESS d\u00e9lest\u00e9s de leurs portables au Complexe du CSS !\",\"datePublished\":\"2023-03-13T15:06:00+00:00\",\"dateModified\":\"2025-05-20T22:58:38+00:00\",\"mainEntityOfPage\":{\"@id\":\"https:\\\/\\\/www.webdo.tn\\\/fr\\\/actualite\\\/sport\\\/les-juniors-de-l-ess-delestes-de-leurs-portables-au-complexe-du-css\\\/203866\\\/\"},\"wordCount\":190,\"commentCount\":0,\"publisher\":{\"@id\":\"https:\\\/\\\/www.webdo.tn\\\/fr\\\/#organization\"},\"image\":{\"@id\":\"https:\\\/\\\/www.webdo.tn\\\/fr\\\/actualite\\\/sport\\\/les-juniors-de-l-ess-delestes-de-leurs-portables-au-complexe-du-css\\\/203866\\\/#primaryimage\"},\"thumbnailUrl\":\"https:\\\/\\\/www.webdo.tn\\\/fr\\\/wp-content\\\/uploads\\\/2023\\\/03\\\/b226d0d0ccb1c937403dee75e7f6d19a.jpg\",\"keywords\":[\"CSS\",\"ESS\",\"juniors\",\"vol\"],\"articleSection\":[\"Sport\"],\"inLanguage\":\"fr-FR\"},{\"@type\":\"WebPage\",\"@id\":\"https:\\\/\\\/www.webdo.tn\\\/fr\\\/actualite\\\/sport\\\/les-juniors-de-l-ess-delestes-de-leurs-portables-au-complexe-du-css\\\/203866\\\/\",\"url\":\"https:\\\/\\\/www.webdo.tn\\\/fr\\\/actualite\\\/sport\\\/les-juniors-de-l-ess-delestes-de-leurs-portables-au-complexe-du-css\\\/203866\\\/\",\"name\":\"Les Juniors de l\u2019ESS d\u00e9lest\u00e9s de leurs portables au Complexe du CSS !\",\"isPartOf\":{\"@id\":\"https:\\\/\\\/www.webdo.tn\\\/fr\\\/#website\"},\"primaryImageOfPage\":{\"@id\":\"https:\\\/\\\/www.webdo.tn\\\/fr\\\/actualite\\\/sport\\\/les-juniors-de-l-ess-delestes-de-leurs-portables-au-complexe-du-css\\\/203866\\\/#primaryimage\"},\"image\":{\"@id\":\"https:\\\/\\\/www.webdo.tn\\\/fr\\\/actualite\\\/sport\\\/les-juniors-de-l-ess-delestes-de-leurs-portables-au-complexe-du-css\\\/203866\\\/#primaryimage\"},\"thumbnailUrl\":\"https:\\\/\\\/www.webdo.tn\\\/fr\\\/wp-content\\\/uploads\\\/2023\\\/03\\\/b226d0d0ccb1c937403dee75e7f6d19a.jpg\",\"datePublished\":\"2023-03-13T15:06:00+00:00\",\"dateModified\":\"2025-05-20T22:58:38+00:00\",\"description\":\"En d\u00e9placement, hier, dimanche, \u00e0 Sfax, les joueurs juniors de l\u2019ESS ont \u00e9t\u00e9 surpris par la disparition de leurs portables et d\u2019autres effets personnels.\",\"breadcrumb\":{\"@id\":\"https:\\\/\\\/www.webdo.tn\\\/fr\\\/actualite\\\/sport\\\/les-juniors-de-l-ess-delestes-de-leurs-portables-au-complexe-du-css\\\/203866\\\/#breadcrumb\"},\"inLanguage\":\"fr-FR\",\"potentialAction\":[{\"@type\":\"ReadAction\",\"target\":[\"https:\\\/\\\/www.webdo.tn\\\/fr\\\/actualite\\\/sport\\\/les-juniors-de-l-ess-delestes-de-leurs-portables-au-complexe-du-css\\\/203866\\\/\"]}]},{\"@type\":\"ImageObject\",\"inLanguage\":\"fr-FR\",\"@id\":\"https:\\\/\\\/www.webdo.tn\\\/fr\\\/actualite\\\/sport\\\/les-juniors-de-l-ess-delestes-de-leurs-portables-au-complexe-du-css\\\/203866\\\/#primaryimage\",\"url\":\"https:\\\/\\\/www.webdo.tn\\\/fr\\\/wp-content\\\/uploads\\\/2023\\\/03\\\/b226d0d0ccb1c937403dee75e7f6d19a.jpg\",\"contentUrl\":\"https:\\\/\\\/www.webdo.tn\\\/fr\\\/wp-content\\\/uploads\\\/2023\\\/03\\\/b226d0d0ccb1c937403dee75e7f6d19a.jpg\",\"width\":720,\"height\":384,\"caption\":\"Les Juniors de l\u2019ESS d\u00e9lest\u00e9s de leurs portables au Complexe du CSS !\"},{\"@type\":\"BreadcrumbList\",\"@id\":\"https:\\\/\\\/www.webdo.tn\\\/fr\\\/actualite\\\/sport\\\/les-juniors-de-l-ess-delestes-de-leurs-portables-au-complexe-du-css\\\/203866\\\/#breadcrumb\",\"itemListElement\":[{\"@type\":\"ListItem\",\"position\":1,\"name\":\"Accueil\",\"item\":\"https:\\\/\\\/www.webdo.tn\\\/fr\\\/\"},{\"@type\":\"ListItem\",\"position\":2,\"name\":\"Les Juniors de l\u2019ESS d\u00e9lest\u00e9s de leurs portables au Complexe du CSS !\"}]},{\"@type\":\"WebSite\",\"@id\":\"https:\\\/\\\/www.webdo.tn\\\/fr\\\/#website\",\"url\":\"https:\\\/\\\/www.webdo.tn\\\/fr\\\/\",\"name\":\"webdo\",\"description\":\"Tunisie - News en Tunisie et \u00e0 l&#039;international sur Webdo.tn\",\"publisher\":{\"@id\":\"https:\\\/\\\/www.webdo.tn\\\/fr\\\/#organization\"},\"potentialAction\":[{\"@type\":\"SearchAction\",\"target\":{\"@type\":\"EntryPoint\",\"urlTemplate\":\"https:\\\/\\\/www.webdo.tn\\\/fr\\\/?s={search_term_string}\"},\"query-input\":{\"@type\":\"PropertyValueSpecification\",\"valueRequired\":true,\"valueName\":\"search_term_string\"}}],\"inLanguage\":\"fr-FR\"},{\"@type\":\"Organization\",\"@id\":\"https:\\\/\\\/www.webdo.tn\\\/fr\\\/#organization\",\"name\":\"Webdo\",\"alternateName\":\"Webdo.tn\",\"url\":\"https:\\\/\\\/www.webdo.tn\\\/fr\\\/\",\"logo\":{\"@type\":\"ImageObject\",\"inLanguage\":\"fr-FR\",\"@id\":\"https:\\\/\\\/www.webdo.tn\\\/fr\\\/#\\\/schema\\\/logo\\\/image\\\/\",\"url\":\"https:\\\/\\\/www.webdo.tn\\\/fr\\\/wp-content\\\/uploads\\\/2025\\\/06\\\/Webdo-Tunisie_168377.jpg\",\"contentUrl\":\"https:\\\/\\\/www.webdo.tn\\\/fr\\\/wp-content\\\/uploads\\\/2025\\\/06\\\/Webdo-Tunisie_168377.jpg\",\"width\":301,\"height\":301,\"caption\":\"Webdo\"},\"image\":{\"@id\":\"https:\\\/\\\/www.webdo.tn\\\/fr\\\/#\\\/schema\\\/logo\\\/image\\\/\"},\"sameAs\":[\"https:\\\/\\\/www.facebook.com\\\/webdotn\",\"https:\\\/\\\/x.com\\\/webdo_tn\"],\"description\":\"Webdo est un m\u00e9dia num\u00e9rique tunisien fond\u00e9 en 2010, sp\u00e9cialis\u00e9 dans l\u2019actualit\u00e9 nationale et internationale, l\u2019\u00e9conomie, la soci\u00e9t\u00e9 et les analyses politiques. Le site s\u2019adresse \u00e0 un large public francophone et couvre l\u2019information tunisienne en temps r\u00e9el.\",\"email\":\"redac@webdo.tn\",\"legalName\":\"YNJ SARL\",\"foundingDate\":\"2010-09-06\",\"numberOfEmployees\":{\"@type\":\"QuantitativeValue\",\"minValue\":\"11\",\"maxValue\":\"50\"}},{\"@type\":\"Person\",\"@id\":\"https:\\\/\\\/www.webdo.tn\\\/fr\\\/#\\\/schema\\\/person\\\/590cb5f81adcfde6385530fdbdf468e2\",\"name\":\"Ramzi\",\"image\":{\"@type\":\"ImageObject\",\"inLanguage\":\"fr-FR\",\"@id\":\"https:\\\/\\\/secure.gravatar.com\\\/avatar\\\/48df7d18915e10cf866ba8e27604c81ff9243fd52704a1d210c3e387e1cb8d87?s=96&d=mm&r=g\",\"url\":\"https:\\\/\\\/secure.gravatar.com\\\/avatar\\\/48df7d18915e10cf866ba8e27604c81ff9243fd52704a1d210c3e387e1cb8d87?s=96&d=mm&r=g\",\"contentUrl\":\"https:\\\/\\\/secure.gravatar.com\\\/avatar\\\/48df7d18915e10cf866ba8e27604c81ff9243fd52704a1d210c3e387e1cb8d87?s=96&d=mm&r=g\",\"caption\":\"Ramzi\"},\"url\":\"https:\\\/\\\/www.webdo.tn\\\/fr\\\/actualite\\\/author\\\/ramzi\\\/\"}]}<\/script>\n<!-- \/ Yoast SEO Premium plugin. -->","yoast_head_json":{"title":"Les Juniors de l\u2019ESS d\u00e9lest\u00e9s de leurs portables au Complexe du CSS !","description":"En d\u00e9placement, hier, dimanche, \u00e0 Sfax, les joueurs juniors de l\u2019ESS ont \u00e9t\u00e9 surpris par la disparition de leurs portables et d\u2019autres effets personnels.","canonical":"https:\/\/www.webdo.tn\/fr\/actualite\/sport\/les-juniors-de-l-ess-delestes-de-leurs-portables-au-complexe-du-css\/203866\/","og_locale":"fr_FR","og_type":"article","og_title":"Les Juniors de l\u2019ESS d\u00e9lest\u00e9s de leurs portables au Complexe du CSS !","og_description":"En d\u00e9placement, hier, dimanche, \u00e0 Sfax, les joueurs juniors de l\u2019ESS ont \u00e9t\u00e9 surpris par la disparition de leurs portables et d\u2019autres effets personnels.","og_url":"https:\/\/www.webdo.tn\/fr\/actualite\/sport\/les-juniors-de-l-ess-delestes-de-leurs-portables-au-complexe-du-css\/203866\/","og_site_name":"webdo","article_publisher":"https:\/\/www.facebook.com\/webdotn","article_published_time":"2023-03-13T15:06:00+00:00","article_modified_time":"2025-05-20T22:58:38+00:00","og_image":[{"width":720,"height":384,"url":"https:\/\/www.webdo.tn\/fr\/wp-content\/uploads\/2023\/03\/b226d0d0ccb1c937403dee75e7f6d19a.jpg","type":"image\/jpeg"}],"author":"Ramzi","twitter_card":"summary_large_image","twitter_creator":"@webdo_tn","twitter_site":"@webdo_tn","twitter_misc":{"\u00c9crit par":"Ramzi","Dur\u00e9e de lecture estim\u00e9e":"1 minute"},"schema":{"@context":"https:\/\/schema.org","@graph":[{"@type":"NewsArticle","@id":"https:\/\/www.webdo.tn\/fr\/actualite\/sport\/les-juniors-de-l-ess-delestes-de-leurs-portables-au-complexe-du-css\/203866\/#article","isPartOf":{"@id":"https:\/\/www.webdo.tn\/fr\/actualite\/sport\/les-juniors-de-l-ess-delestes-de-leurs-portables-au-complexe-du-css\/203866\/"},"author":{"name":"Ramzi","@id":"https:\/\/www.webdo.tn\/fr\/#\/schema\/person\/590cb5f81adcfde6385530fdbdf468e2"},"headline":"Les Juniors de l\u2019ESS d\u00e9lest\u00e9s de leurs portables au Complexe du CSS !","datePublished":"2023-03-13T15:06:00+00:00","dateModified":"2025-05-20T22:58:38+00:00","mainEntityOfPage":{"@id":"https:\/\/www.webdo.tn\/fr\/actualite\/sport\/les-juniors-de-l-ess-delestes-de-leurs-portables-au-complexe-du-css\/203866\/"},"wordCount":190,"commentCount":0,"publisher":{"@id":"https:\/\/www.webdo.tn\/fr\/#organization"},"image":{"@id":"https:\/\/www.webdo.tn\/fr\/actualite\/sport\/les-juniors-de-l-ess-delestes-de-leurs-portables-au-complexe-du-css\/203866\/#primaryimage"},"thumbnailUrl":"https:\/\/www.webdo.tn\/fr\/wp-content\/uploads\/2023\/03\/b226d0d0ccb1c937403dee75e7f6d19a.jpg","keywords":["CSS","ESS","juniors","vol"],"articleSection":["Sport"],"inLanguage":"fr-FR"},{"@type":"WebPage","@id":"https:\/\/www.webdo.tn\/fr\/actualite\/sport\/les-juniors-de-l-ess-delestes-de-leurs-portables-au-complexe-du-css\/203866\/","url":"https:\/\/www.webdo.tn\/fr\/actualite\/sport\/les-juniors-de-l-ess-delestes-de-leurs-portables-au-complexe-du-css\/203866\/","name":"Les Juniors de l\u2019ESS d\u00e9lest\u00e9s de leurs portables au Complexe du CSS !","isPartOf":{"@id":"https:\/\/www.webdo.tn\/fr\/#website"},"primaryImageOfPage":{"@id":"https:\/\/www.webdo.tn\/fr\/actualite\/sport\/les-juniors-de-l-ess-delestes-de-leurs-portables-au-complexe-du-css\/203866\/#primaryimage"},"image":{"@id":"https:\/\/www.webdo.tn\/fr\/actualite\/sport\/les-juniors-de-l-ess-delestes-de-leurs-portables-au-complexe-du-css\/203866\/#primaryimage"},"thumbnailUrl":"https:\/\/www.webdo.tn\/fr\/wp-content\/uploads\/2023\/03\/b226d0d0ccb1c937403dee75e7f6d19a.jpg","datePublished":"2023-03-13T15:06:00+00:00","dateModified":"2025-05-20T22:58:38+00:00","description":"En d\u00e9placement, hier, dimanche, \u00e0 Sfax, les joueurs juniors de l\u2019ESS ont \u00e9t\u00e9 surpris par la disparition de leurs portables et d\u2019autres effets personnels.","breadcrumb":{"@id":"https:\/\/www.webdo.tn\/fr\/actualite\/sport\/les-juniors-de-l-ess-delestes-de-leurs-portables-au-complexe-du-css\/203866\/#breadcrumb"},"inLanguage":"fr-FR","potentialAction":[{"@type":"ReadAction","target":["https:\/\/www.webdo.tn\/fr\/actualite\/sport\/les-juniors-de-l-ess-delestes-de-leurs-portables-au-complexe-du-css\/203866\/"]}]},{"@type":"ImageObject","inLanguage":"fr-FR","@id":"https:\/\/www.webdo.tn\/fr\/actualite\/sport\/les-juniors-de-l-ess-delestes-de-leurs-portables-au-complexe-du-css\/203866\/#primaryimage","url":"https:\/\/www.webdo.tn\/fr\/wp-content\/uploads\/2023\/03\/b226d0d0ccb1c937403dee75e7f6d19a.jpg","contentUrl":"https:\/\/www.webdo.tn\/fr\/wp-content\/uploads\/2023\/03\/b226d0d0ccb1c937403dee75e7f6d19a.jpg","width":720,"height":384,"caption":"Les Juniors de l\u2019ESS d\u00e9lest\u00e9s de leurs portables au Complexe du CSS !"},{"@type":"BreadcrumbList","@id":"https:\/\/www.webdo.tn\/fr\/actualite\/sport\/les-juniors-de-l-ess-delestes-de-leurs-portables-au-complexe-du-css\/203866\/#breadcrumb","itemListElement":[{"@type":"ListItem","position":1,"name":"Accueil","item":"https:\/\/www.webdo.tn\/fr\/"},{"@type":"ListItem","position":2,"name":"Les Juniors de l\u2019ESS d\u00e9lest\u00e9s de leurs portables au Complexe du CSS !"}]},{"@type":"WebSite","@id":"https:\/\/www.webdo.tn\/fr\/#website","url":"https:\/\/www.webdo.tn\/fr\/","name":"webdo","description":"Tunisie - News en Tunisie et \u00e0 l&#039;international sur Webdo.tn","publisher":{"@id":"https:\/\/www.webdo.tn\/fr\/#organization"},"potentialAction":[{"@type":"SearchAction","target":{"@type":"EntryPoint","urlTemplate":"https:\/\/www.webdo.tn\/fr\/?s={search_term_string}"},"query-input":{"@type":"PropertyValueSpecification","valueRequired":true,"valueName":"search_term_string"}}],"inLanguage":"fr-FR"},{"@type":"Organization","@id":"https:\/\/www.webdo.tn\/fr\/#organization","name":"Webdo","alternateName":"Webdo.tn","url":"https:\/\/www.webdo.tn\/fr\/","logo":{"@type":"ImageObject","inLanguage":"fr-FR","@id":"https:\/\/www.webdo.tn\/fr\/#\/schema\/logo\/image\/","url":"https:\/\/www.webdo.tn\/fr\/wp-content\/uploads\/2025\/06\/Webdo-Tunisie_168377.jpg","contentUrl":"https:\/\/www.webdo.tn\/fr\/wp-content\/uploads\/2025\/06\/Webdo-Tunisie_168377.jpg","width":301,"height":301,"caption":"Webdo"},"image":{"@id":"https:\/\/www.webdo.tn\/fr\/#\/schema\/logo\/image\/"},"sameAs":["https:\/\/www.facebook.com\/webdotn","https:\/\/x.com\/webdo_tn"],"description":"Webdo est un m\u00e9dia num\u00e9rique tunisien fond\u00e9 en 2010, sp\u00e9cialis\u00e9 dans l\u2019actualit\u00e9 nationale et internationale, l\u2019\u00e9conomie, la soci\u00e9t\u00e9 et les analyses politiques. Le site s\u2019adresse \u00e0 un large public francophone et couvre l\u2019information tunisienne en temps r\u00e9el.","email":"redac@webdo.tn","legalName":"YNJ SARL","foundingDate":"2010-09-06","numberOfEmployees":{"@type":"QuantitativeValue","minValue":"11","maxValue":"50"}},{"@type":"Person","@id":"https:\/\/www.webdo.tn\/fr\/#\/schema\/person\/590cb5f81adcfde6385530fdbdf468e2","name":"Ramzi","image":{"@type":"ImageObject","inLanguage":"fr-FR","@id":"https:\/\/secure.gravatar.com\/avatar\/48df7d18915e10cf866ba8e27604c81ff9243fd52704a1d210c3e387e1cb8d87?s=96&d=mm&r=g","url":"https:\/\/secure.gravatar.com\/avatar\/48df7d18915e10cf866ba8e27604c81ff9243fd52704a1d210c3e387e1cb8d87?s=96&d=mm&r=g","contentUrl":"https:\/\/secure.gravatar.com\/avatar\/48df7d18915e10cf866ba8e27604c81ff9243fd52704a1d210c3e387e1cb8d87?s=96&d=mm&r=g","caption":"Ramzi"},"url":"https:\/\/www.webdo.tn\/fr\/actualite\/author\/ramzi\/"}]}},"_links":{"self":[{"href":"https:\/\/www.webdo.tn\/fr\/wp-json\/wp\/v2\/posts\/203866","targetHints":{"allow":["GET"]}}],"collection":[{"href":"https:\/\/www.webdo.tn\/fr\/wp-json\/wp\/v2\/posts"}],"about":[{"href":"https:\/\/www.webdo.tn\/fr\/wp-json\/wp\/v2\/types\/post"}],"author":[{"embeddable":true,"href":"https:\/\/www.webdo.tn\/fr\/wp-json\/wp\/v2\/users\/3188"}],"replies":[{"embeddable":true,"href":"https:\/\/www.webdo.tn\/fr\/wp-json\/wp\/v2\/comments?post=203866"}],"version-history":[{"count":0,"href":"https:\/\/www.webdo.tn\/fr\/wp-json\/wp\/v2\/posts\/203866\/revisions"}],"wp:featuredmedia":[{"embeddable":true,"href":"https:\/\/www.webdo.tn\/fr\/wp-json\/wp\/v2\/media\/251742"}],"wp:attachment":[{"href":"https:\/\/www.webdo.tn\/fr\/wp-json\/wp\/v2\/media?parent=203866"}],"wp:term":[{"taxonomy":"category","embeddable":true,"href":"https:\/\/www.webdo.tn\/fr\/wp-json\/wp\/v2\/categories?post=203866"},{"taxonomy":"post_tag","embeddable":true,"href":"https:\/\/www.webdo.tn\/fr\/wp-json\/wp\/v2\/tags?post=203866"}],"curies":[{"name":"wp","href":"https:\/\/api.w.org\/{rel}","templated":true}]}}