{"id":203855,"date":"2023-03-13T11:12:00","date_gmt":"2023-03-13T11:12:00","guid":{"rendered":"https:\/\/www.webdo.tn\/fr\/blog\/le-cafe-desert-de-sidi-bou-said\/203855\/"},"modified":"2025-05-17T21:04:57","modified_gmt":"2025-05-17T21:04:57","slug":"le-cafe-desert-de-sidi-bou-said","status":"publish","type":"post","link":"https:\/\/www.webdo.tn\/fr\/actualite\/chroniques\/le-cafe-desert-de-sidi-bou-said\/203855\/","title":{"rendered":"Le caf\u00e9 d\u00e9sert de  Sidi Bou Sa\u00efd"},"content":{"rendered":"<p>Nous avons tous une histoire d&rsquo;amour avec le caf\u00e9 des Nattes de Sidi Bou Said. Incontournable, se dressant au c\u0153ur du village, ce caf\u00e9 a une longue histoire sur laquelle est venue se tisser la l\u00e9gende de plusieurs si\u00e8cles.<\/p>\n<p>\t\t\t\t\t\t\t\t\tAvec le Mrabet \u00e0 Tunis et le Saf Saf \u00e0 la Marsa, deux des caf\u00e9s de Sidi Bou Said ont une aura particuli\u00e8re : le Sidi Chebaane qui surplombe la mer et le caf\u00e9 des Nattes qui tr\u00f4ne sur le village.<\/p>\n<p>Seulement, depuis quelques jours, cette derni\u00e8re enseigne a mis la cl\u00e9 sous le paillasson pour des raisons difficiles \u00e0 comprendre.<\/p>\n<p>Ces derni\u00e8res ann\u00e9es, le caf\u00e9 des Nattes avait chang\u00e9 de propri\u00e9taires. La famille Ben Sa\u00efd qui le g\u00e9rait depuis plusieurs d\u00e9cennies avait pass\u00e9 la main \u00e0 un nouveau promoteur qui avait su maintenir la tradition jusqu&rsquo;\u00e0 cette semaine.<\/p>\n<p>Les nouveaux propri\u00e9taires du caf\u00e9 des Nattes ont d\u00e9cid\u00e9 en effet la fermeture du caf\u00e9. Cette d\u00e9cision, indiquent-ils, a \u00e9t\u00e9 prise \u00e0 la suite \u00ab\u00a0d&rsquo;une mesure arbitraire prise par le d\u00e9l\u00e9gu\u00e9 de Carthage de saisir les chaises et les tables dans l&rsquo;espace en face du caf\u00e9 exploit\u00e9 depuis 105 ans\u00a0\u00bb.<\/p>\n<p>Les propri\u00e9taires soulignent \u00e9galement dans un communiqu\u00e9 : \u201cNous tenons \u00e0 souligner que la d\u00e9cision de fermer le caf\u00e9 a \u00e9t\u00e9 prise en guise de protestation contre la violation de la loi par le d\u00e9l\u00e9gu\u00e9.<\/p>\n<p>En effet, nous payons r\u00e9guli\u00e8rement les frais temporaires d&rsquo;occupation de la voie publique gr\u00e2ce aux tables du caf\u00e9, mais le d\u00e9l\u00e9gu\u00e9 a rapidement saisi les \u00e9quipements sans fournir de d\u00e9cision \u00e9crite \u00e0 cet effet imm\u00e9diatement apr\u00e8s la publication du d\u00e9cret de dissolution du conseil municipal\u00a0\u00bb.<\/p>\n<p>Qu&rsquo;en est-il vraiment ? Les choses sont difficiles \u00e0 comprendre et devraient le rester \u00e0 moins que le gouvernorat de Tunis n&rsquo;explique le sens de la d\u00e9marche de la D\u00e9l\u00e9gation de Carthage dont d\u00e9pend le village touristique de Sidi bou Said.<\/p>\n<p>En attendant, les marches du c\u00e9l\u00e8bre caf\u00e9 semblent tristes et sa porte reste ferm\u00e9e. Jusqu&rsquo;\u00e0 quand ? Aux propri\u00e9taires de revenir \u00e0 de meilleurs sentiments et aux pouvoirs publics de faire preuve de transparence !<\/p>\n","protected":false},"excerpt":{"rendered":"<p>Nous avons tous une histoire d&rsquo;amour avec le caf\u00e9 des Nattes de Sidi Bou Said. Incontournable, se dressant au c\u0153ur du village, ce caf\u00e9 a une longue histoire sur&#8230;<\/p>\n","protected":false},"author":3229,"featured_media":277908,"comment_status":"open","ping_status":"closed","sticky":false,"template":"","format":"standard","meta":{"footnotes":""},"categories":[2596],"tags":[4832],"class_list":["post-203855","post","type-post","status-publish","format-standard","has-post-thumbnail","hentry","category-chroniques","tag-sidi-bou-said"],"yoast_head":"<!-- This site is optimized with the Yoast SEO Premium plugin v27.4 (Yoast SEO v27.5) - https:\/\/yoast.com\/product\/yoast-seo-premium-wordpress\/ -->\n<title>Le caf\u00e9 d\u00e9sert de Sidi Bou Sa\u00efd<\/title>\n<meta name=\"description\" content=\"Nous avons tous une histoire d&#039;amour avec le caf\u00e9 des Nattes de Sidi Bou Said. Incontournable, se dressant au c\u0153ur du village, ce caf\u00e9 a une longue histoire sur...\" \/>\n<link rel=\"canonical\" href=\"https:\/\/www.webdo.tn\/fr\/actualite\/chroniques\/le-cafe-desert-de-sidi-bou-said\/203855\/\" \/>\n<meta property=\"og:locale\" content=\"fr_FR\" \/>\n<meta property=\"og:type\" content=\"article\" \/>\n<meta property=\"og:title\" content=\"Le caf\u00e9 d\u00e9sert de Sidi Bou Sa\u00efd\" \/>\n<meta property=\"og:description\" content=\"Nous avons tous une histoire d&#039;amour avec le caf\u00e9 des Nattes de Sidi Bou Said. Incontournable, se dressant au c\u0153ur du village, ce caf\u00e9 a une longue histoire sur...\" \/>\n<meta property=\"og:url\" content=\"https:\/\/www.webdo.tn\/fr\/actualite\/chroniques\/le-cafe-desert-de-sidi-bou-said\/203855\/\" \/>\n<meta property=\"og:site_name\" content=\"webdo\" \/>\n<meta property=\"article:publisher\" content=\"https:\/\/www.facebook.com\/webdotn\" \/>\n<meta property=\"article:author\" content=\"https:\/\/www.facebook.com\/hatem.bourial.2025\" \/>\n<meta property=\"article:published_time\" content=\"2023-03-13T11:12:00+00:00\" \/>\n<meta property=\"article:modified_time\" content=\"2025-05-17T21:04:57+00:00\" \/>\n<meta property=\"og:image\" content=\"https:\/\/www.webdo.tn\/fr\/wp-content\/uploads\/2023\/03\/57a42b29a8adab579347572eec6f78d2.jpg\" \/>\n\t<meta property=\"og:image:width\" content=\"750\" \/>\n\t<meta property=\"og:image:height\" content=\"400\" \/>\n\t<meta property=\"og:image:type\" content=\"image\/jpeg\" \/>\n<meta name=\"author\" content=\"Hatem Bourial\" \/>\n<meta name=\"twitter:card\" content=\"summary_large_image\" \/>\n<meta name=\"twitter:creator\" content=\"@webdo_tn\" \/>\n<meta name=\"twitter:site\" content=\"@webdo_tn\" \/>\n<meta name=\"twitter:label1\" content=\"\u00c9crit par\" \/>\n\t<meta name=\"twitter:data1\" content=\"Hatem Bourial\" \/>\n\t<meta name=\"twitter:label2\" content=\"Dur\u00e9e de lecture estim\u00e9e\" \/>\n\t<meta name=\"twitter:data2\" content=\"2 minutes\" \/>\n<script type=\"application\/ld+json\" class=\"yoast-schema-graph\">{\"@context\":\"https:\\\/\\\/schema.org\",\"@graph\":[{\"@type\":\"NewsArticle\",\"@id\":\"https:\\\/\\\/www.webdo.tn\\\/fr\\\/actualite\\\/chroniques\\\/le-cafe-desert-de-sidi-bou-said\\\/203855\\\/#article\",\"isPartOf\":{\"@id\":\"https:\\\/\\\/www.webdo.tn\\\/fr\\\/actualite\\\/chroniques\\\/le-cafe-desert-de-sidi-bou-said\\\/203855\\\/\"},\"author\":{\"name\":\"Hatem Bourial\",\"@id\":\"https:\\\/\\\/www.webdo.tn\\\/fr\\\/#\\\/schema\\\/person\\\/6bc0beba2cd23aec27cb5df85ca2554f\"},\"headline\":\"Le caf\u00e9 d\u00e9sert de Sidi Bou Sa\u00efd\",\"datePublished\":\"2023-03-13T11:12:00+00:00\",\"dateModified\":\"2025-05-17T21:04:57+00:00\",\"mainEntityOfPage\":{\"@id\":\"https:\\\/\\\/www.webdo.tn\\\/fr\\\/actualite\\\/chroniques\\\/le-cafe-desert-de-sidi-bou-said\\\/203855\\\/\"},\"wordCount\":382,\"commentCount\":0,\"publisher\":{\"@id\":\"https:\\\/\\\/www.webdo.tn\\\/fr\\\/#organization\"},\"image\":{\"@id\":\"https:\\\/\\\/www.webdo.tn\\\/fr\\\/actualite\\\/chroniques\\\/le-cafe-desert-de-sidi-bou-said\\\/203855\\\/#primaryimage\"},\"thumbnailUrl\":\"https:\\\/\\\/www.webdo.tn\\\/fr\\\/wp-content\\\/uploads\\\/2023\\\/03\\\/57a42b29a8adab579347572eec6f78d2.jpg\",\"keywords\":[\"sidi bou said\"],\"articleSection\":[\"Chroniques\"],\"inLanguage\":\"fr-FR\"},{\"@type\":\"WebPage\",\"@id\":\"https:\\\/\\\/www.webdo.tn\\\/fr\\\/actualite\\\/chroniques\\\/le-cafe-desert-de-sidi-bou-said\\\/203855\\\/\",\"url\":\"https:\\\/\\\/www.webdo.tn\\\/fr\\\/actualite\\\/chroniques\\\/le-cafe-desert-de-sidi-bou-said\\\/203855\\\/\",\"name\":\"Le caf\u00e9 d\u00e9sert de Sidi Bou Sa\u00efd\",\"isPartOf\":{\"@id\":\"https:\\\/\\\/www.webdo.tn\\\/fr\\\/#website\"},\"primaryImageOfPage\":{\"@id\":\"https:\\\/\\\/www.webdo.tn\\\/fr\\\/actualite\\\/chroniques\\\/le-cafe-desert-de-sidi-bou-said\\\/203855\\\/#primaryimage\"},\"image\":{\"@id\":\"https:\\\/\\\/www.webdo.tn\\\/fr\\\/actualite\\\/chroniques\\\/le-cafe-desert-de-sidi-bou-said\\\/203855\\\/#primaryimage\"},\"thumbnailUrl\":\"https:\\\/\\\/www.webdo.tn\\\/fr\\\/wp-content\\\/uploads\\\/2023\\\/03\\\/57a42b29a8adab579347572eec6f78d2.jpg\",\"datePublished\":\"2023-03-13T11:12:00+00:00\",\"dateModified\":\"2025-05-17T21:04:57+00:00\",\"description\":\"Nous avons tous une histoire d'amour avec le caf\u00e9 des Nattes de Sidi Bou Said. Incontournable, se dressant au c\u0153ur du village, ce caf\u00e9 a une longue histoire sur...\",\"breadcrumb\":{\"@id\":\"https:\\\/\\\/www.webdo.tn\\\/fr\\\/actualite\\\/chroniques\\\/le-cafe-desert-de-sidi-bou-said\\\/203855\\\/#breadcrumb\"},\"inLanguage\":\"fr-FR\",\"potentialAction\":[{\"@type\":\"ReadAction\",\"target\":[\"https:\\\/\\\/www.webdo.tn\\\/fr\\\/actualite\\\/chroniques\\\/le-cafe-desert-de-sidi-bou-said\\\/203855\\\/\"]}]},{\"@type\":\"ImageObject\",\"inLanguage\":\"fr-FR\",\"@id\":\"https:\\\/\\\/www.webdo.tn\\\/fr\\\/actualite\\\/chroniques\\\/le-cafe-desert-de-sidi-bou-said\\\/203855\\\/#primaryimage\",\"url\":\"https:\\\/\\\/www.webdo.tn\\\/fr\\\/wp-content\\\/uploads\\\/2023\\\/03\\\/57a42b29a8adab579347572eec6f78d2.jpg\",\"contentUrl\":\"https:\\\/\\\/www.webdo.tn\\\/fr\\\/wp-content\\\/uploads\\\/2023\\\/03\\\/57a42b29a8adab579347572eec6f78d2.jpg\",\"width\":750,\"height\":400,\"caption\":\"Le caf\u00e9 d\u00e9sert de Sidi Bou Sa\u00efd\"},{\"@type\":\"BreadcrumbList\",\"@id\":\"https:\\\/\\\/www.webdo.tn\\\/fr\\\/actualite\\\/chroniques\\\/le-cafe-desert-de-sidi-bou-said\\\/203855\\\/#breadcrumb\",\"itemListElement\":[{\"@type\":\"ListItem\",\"position\":1,\"name\":\"Accueil\",\"item\":\"https:\\\/\\\/www.webdo.tn\\\/fr\\\/\"},{\"@type\":\"ListItem\",\"position\":2,\"name\":\"Le caf\u00e9 d\u00e9sert de Sidi Bou Sa\u00efd\"}]},{\"@type\":\"WebSite\",\"@id\":\"https:\\\/\\\/www.webdo.tn\\\/fr\\\/#website\",\"url\":\"https:\\\/\\\/www.webdo.tn\\\/fr\\\/\",\"name\":\"webdo\",\"description\":\"Tunisie - News en Tunisie et \u00e0 l&#039;international sur Webdo.tn\",\"publisher\":{\"@id\":\"https:\\\/\\\/www.webdo.tn\\\/fr\\\/#organization\"},\"potentialAction\":[{\"@type\":\"SearchAction\",\"target\":{\"@type\":\"EntryPoint\",\"urlTemplate\":\"https:\\\/\\\/www.webdo.tn\\\/fr\\\/?s={search_term_string}\"},\"query-input\":{\"@type\":\"PropertyValueSpecification\",\"valueRequired\":true,\"valueName\":\"search_term_string\"}}],\"inLanguage\":\"fr-FR\"},{\"@type\":\"Organization\",\"@id\":\"https:\\\/\\\/www.webdo.tn\\\/fr\\\/#organization\",\"name\":\"Webdo\",\"alternateName\":\"Webdo.tn\",\"url\":\"https:\\\/\\\/www.webdo.tn\\\/fr\\\/\",\"logo\":{\"@type\":\"ImageObject\",\"inLanguage\":\"fr-FR\",\"@id\":\"https:\\\/\\\/www.webdo.tn\\\/fr\\\/#\\\/schema\\\/logo\\\/image\\\/\",\"url\":\"https:\\\/\\\/www.webdo.tn\\\/fr\\\/wp-content\\\/uploads\\\/2025\\\/06\\\/Webdo-Tunisie_168377.jpg\",\"contentUrl\":\"https:\\\/\\\/www.webdo.tn\\\/fr\\\/wp-content\\\/uploads\\\/2025\\\/06\\\/Webdo-Tunisie_168377.jpg\",\"width\":301,\"height\":301,\"caption\":\"Webdo\"},\"image\":{\"@id\":\"https:\\\/\\\/www.webdo.tn\\\/fr\\\/#\\\/schema\\\/logo\\\/image\\\/\"},\"sameAs\":[\"https:\\\/\\\/www.facebook.com\\\/webdotn\",\"https:\\\/\\\/x.com\\\/webdo_tn\"],\"description\":\"Webdo est un m\u00e9dia num\u00e9rique tunisien fond\u00e9 en 2010, sp\u00e9cialis\u00e9 dans l\u2019actualit\u00e9 nationale et internationale, l\u2019\u00e9conomie, la soci\u00e9t\u00e9 et les analyses politiques. Le site s\u2019adresse \u00e0 un large public francophone et couvre l\u2019information tunisienne en temps r\u00e9el.\",\"email\":\"redac@webdo.tn\",\"legalName\":\"YNJ SARL\",\"foundingDate\":\"2010-09-06\",\"numberOfEmployees\":{\"@type\":\"QuantitativeValue\",\"minValue\":\"11\",\"maxValue\":\"50\"}},{\"@type\":\"Person\",\"@id\":\"https:\\\/\\\/www.webdo.tn\\\/fr\\\/#\\\/schema\\\/person\\\/6bc0beba2cd23aec27cb5df85ca2554f\",\"name\":\"Hatem Bourial\",\"image\":{\"@type\":\"ImageObject\",\"inLanguage\":\"fr-FR\",\"@id\":\"https:\\\/\\\/www.webdo.tn\\\/fr\\\/wp-content\\\/uploads\\\/2026\\\/04\\\/hatem-bourial_avatar-96x96.jpg\",\"url\":\"https:\\\/\\\/www.webdo.tn\\\/fr\\\/wp-content\\\/uploads\\\/2026\\\/04\\\/hatem-bourial_avatar-96x96.jpg\",\"contentUrl\":\"https:\\\/\\\/www.webdo.tn\\\/fr\\\/wp-content\\\/uploads\\\/2026\\\/04\\\/hatem-bourial_avatar-96x96.jpg\",\"caption\":\"Hatem Bourial\"},\"description\":\"Hatem Bourial est journaliste, \u00e9crivain et chroniqueur tunisien. Actif depuis plusieurs d\u00e9cennies, il s\u2019est impos\u00e9 comme un observateur attentif de la soci\u00e9t\u00e9 tunisienne, m\u00ealant dans ses \u00e9crits m\u00e9moire, culture et analyse du quotidien. Auteur de nombreux ouvrages, il d\u00e9veloppe une \u0153uvre \u00e0 la crois\u00e9e du r\u00e9cit, de la po\u00e9sie et de l\u2019observation sociologique. Parall\u00e8lement \u00e0 ses contributions dans la presse, il intervient r\u00e9guli\u00e8rement \u00e0 la radio et dans des espaces culturels, o\u00f9 il explore les enjeux li\u00e9s au patrimoine, \u00e0 l\u2019identit\u00e9 et aux transformations du monde contemporain. \u00c0 travers ses chroniques, Hatem Bourial propose une lecture sensible et approfondie de l\u2019actualit\u00e9, nourrie par une exp\u00e9rience journalistique et litt\u00e9raire reconnue. \ud83d\udd17 Facebook : https:\\\/\\\/www.facebook.com\\\/hatem.bourial.2025\",\"sameAs\":[\"https:\\\/\\\/www.facebook.com\\\/hatem.bourial.2025\",\"https:\\\/\\\/fr.wikipedia.org\\\/wiki\\\/Fichier:Hatem_Bourial.jpg\"],\"knowsAbout\":[\"Culture & patrimoine tunisien\",\"Chronique soci\u00e9tale\",\"Litt\u00e9rature & m\u00e9moire\",\"Cin\u00e9ma & critique culturelle\",\"Identit\u00e9 & mutations sociales\"],\"knowsLanguage\":[\"Arabe\",\"Fran\u00e7ais\",\"Anglais\",\"Italien\",\"Polonais\"],\"jobTitle\":\"Journaliste, \u00e9crivain et chroniqueur culturel\",\"worksFor\":\"Webdo\",\"url\":\"https:\\\/\\\/www.webdo.tn\\\/fr\\\/actualite\\\/author\\\/hatem-bourial-2\\\/\"}]}<\/script>\n<!-- \/ Yoast SEO Premium plugin. -->","yoast_head_json":{"title":"Le caf\u00e9 d\u00e9sert de Sidi Bou Sa\u00efd","description":"Nous avons tous une histoire d'amour avec le caf\u00e9 des Nattes de Sidi Bou Said. Incontournable, se dressant au c\u0153ur du village, ce caf\u00e9 a une longue histoire sur...","canonical":"https:\/\/www.webdo.tn\/fr\/actualite\/chroniques\/le-cafe-desert-de-sidi-bou-said\/203855\/","og_locale":"fr_FR","og_type":"article","og_title":"Le caf\u00e9 d\u00e9sert de Sidi Bou Sa\u00efd","og_description":"Nous avons tous une histoire d'amour avec le caf\u00e9 des Nattes de Sidi Bou Said. Incontournable, se dressant au c\u0153ur du village, ce caf\u00e9 a une longue histoire sur...","og_url":"https:\/\/www.webdo.tn\/fr\/actualite\/chroniques\/le-cafe-desert-de-sidi-bou-said\/203855\/","og_site_name":"webdo","article_publisher":"https:\/\/www.facebook.com\/webdotn","article_author":"https:\/\/www.facebook.com\/hatem.bourial.2025","article_published_time":"2023-03-13T11:12:00+00:00","article_modified_time":"2025-05-17T21:04:57+00:00","og_image":[{"width":750,"height":400,"url":"https:\/\/www.webdo.tn\/fr\/wp-content\/uploads\/2023\/03\/57a42b29a8adab579347572eec6f78d2.jpg","type":"image\/jpeg"}],"author":"Hatem Bourial","twitter_card":"summary_large_image","twitter_creator":"@webdo_tn","twitter_site":"@webdo_tn","twitter_misc":{"\u00c9crit par":"Hatem Bourial","Dur\u00e9e de lecture estim\u00e9e":"2 minutes"},"schema":{"@context":"https:\/\/schema.org","@graph":[{"@type":"NewsArticle","@id":"https:\/\/www.webdo.tn\/fr\/actualite\/chroniques\/le-cafe-desert-de-sidi-bou-said\/203855\/#article","isPartOf":{"@id":"https:\/\/www.webdo.tn\/fr\/actualite\/chroniques\/le-cafe-desert-de-sidi-bou-said\/203855\/"},"author":{"name":"Hatem Bourial","@id":"https:\/\/www.webdo.tn\/fr\/#\/schema\/person\/6bc0beba2cd23aec27cb5df85ca2554f"},"headline":"Le caf\u00e9 d\u00e9sert de Sidi Bou Sa\u00efd","datePublished":"2023-03-13T11:12:00+00:00","dateModified":"2025-05-17T21:04:57+00:00","mainEntityOfPage":{"@id":"https:\/\/www.webdo.tn\/fr\/actualite\/chroniques\/le-cafe-desert-de-sidi-bou-said\/203855\/"},"wordCount":382,"commentCount":0,"publisher":{"@id":"https:\/\/www.webdo.tn\/fr\/#organization"},"image":{"@id":"https:\/\/www.webdo.tn\/fr\/actualite\/chroniques\/le-cafe-desert-de-sidi-bou-said\/203855\/#primaryimage"},"thumbnailUrl":"https:\/\/www.webdo.tn\/fr\/wp-content\/uploads\/2023\/03\/57a42b29a8adab579347572eec6f78d2.jpg","keywords":["sidi bou said"],"articleSection":["Chroniques"],"inLanguage":"fr-FR"},{"@type":"WebPage","@id":"https:\/\/www.webdo.tn\/fr\/actualite\/chroniques\/le-cafe-desert-de-sidi-bou-said\/203855\/","url":"https:\/\/www.webdo.tn\/fr\/actualite\/chroniques\/le-cafe-desert-de-sidi-bou-said\/203855\/","name":"Le caf\u00e9 d\u00e9sert de Sidi Bou Sa\u00efd","isPartOf":{"@id":"https:\/\/www.webdo.tn\/fr\/#website"},"primaryImageOfPage":{"@id":"https:\/\/www.webdo.tn\/fr\/actualite\/chroniques\/le-cafe-desert-de-sidi-bou-said\/203855\/#primaryimage"},"image":{"@id":"https:\/\/www.webdo.tn\/fr\/actualite\/chroniques\/le-cafe-desert-de-sidi-bou-said\/203855\/#primaryimage"},"thumbnailUrl":"https:\/\/www.webdo.tn\/fr\/wp-content\/uploads\/2023\/03\/57a42b29a8adab579347572eec6f78d2.jpg","datePublished":"2023-03-13T11:12:00+00:00","dateModified":"2025-05-17T21:04:57+00:00","description":"Nous avons tous une histoire d'amour avec le caf\u00e9 des Nattes de Sidi Bou Said. Incontournable, se dressant au c\u0153ur du village, ce caf\u00e9 a une longue histoire sur...","breadcrumb":{"@id":"https:\/\/www.webdo.tn\/fr\/actualite\/chroniques\/le-cafe-desert-de-sidi-bou-said\/203855\/#breadcrumb"},"inLanguage":"fr-FR","potentialAction":[{"@type":"ReadAction","target":["https:\/\/www.webdo.tn\/fr\/actualite\/chroniques\/le-cafe-desert-de-sidi-bou-said\/203855\/"]}]},{"@type":"ImageObject","inLanguage":"fr-FR","@id":"https:\/\/www.webdo.tn\/fr\/actualite\/chroniques\/le-cafe-desert-de-sidi-bou-said\/203855\/#primaryimage","url":"https:\/\/www.webdo.tn\/fr\/wp-content\/uploads\/2023\/03\/57a42b29a8adab579347572eec6f78d2.jpg","contentUrl":"https:\/\/www.webdo.tn\/fr\/wp-content\/uploads\/2023\/03\/57a42b29a8adab579347572eec6f78d2.jpg","width":750,"height":400,"caption":"Le caf\u00e9 d\u00e9sert de Sidi Bou Sa\u00efd"},{"@type":"BreadcrumbList","@id":"https:\/\/www.webdo.tn\/fr\/actualite\/chroniques\/le-cafe-desert-de-sidi-bou-said\/203855\/#breadcrumb","itemListElement":[{"@type":"ListItem","position":1,"name":"Accueil","item":"https:\/\/www.webdo.tn\/fr\/"},{"@type":"ListItem","position":2,"name":"Le caf\u00e9 d\u00e9sert de Sidi Bou Sa\u00efd"}]},{"@type":"WebSite","@id":"https:\/\/www.webdo.tn\/fr\/#website","url":"https:\/\/www.webdo.tn\/fr\/","name":"webdo","description":"Tunisie - News en Tunisie et \u00e0 l&#039;international sur Webdo.tn","publisher":{"@id":"https:\/\/www.webdo.tn\/fr\/#organization"},"potentialAction":[{"@type":"SearchAction","target":{"@type":"EntryPoint","urlTemplate":"https:\/\/www.webdo.tn\/fr\/?s={search_term_string}"},"query-input":{"@type":"PropertyValueSpecification","valueRequired":true,"valueName":"search_term_string"}}],"inLanguage":"fr-FR"},{"@type":"Organization","@id":"https:\/\/www.webdo.tn\/fr\/#organization","name":"Webdo","alternateName":"Webdo.tn","url":"https:\/\/www.webdo.tn\/fr\/","logo":{"@type":"ImageObject","inLanguage":"fr-FR","@id":"https:\/\/www.webdo.tn\/fr\/#\/schema\/logo\/image\/","url":"https:\/\/www.webdo.tn\/fr\/wp-content\/uploads\/2025\/06\/Webdo-Tunisie_168377.jpg","contentUrl":"https:\/\/www.webdo.tn\/fr\/wp-content\/uploads\/2025\/06\/Webdo-Tunisie_168377.jpg","width":301,"height":301,"caption":"Webdo"},"image":{"@id":"https:\/\/www.webdo.tn\/fr\/#\/schema\/logo\/image\/"},"sameAs":["https:\/\/www.facebook.com\/webdotn","https:\/\/x.com\/webdo_tn"],"description":"Webdo est un m\u00e9dia num\u00e9rique tunisien fond\u00e9 en 2010, sp\u00e9cialis\u00e9 dans l\u2019actualit\u00e9 nationale et internationale, l\u2019\u00e9conomie, la soci\u00e9t\u00e9 et les analyses politiques. Le site s\u2019adresse \u00e0 un large public francophone et couvre l\u2019information tunisienne en temps r\u00e9el.","email":"redac@webdo.tn","legalName":"YNJ SARL","foundingDate":"2010-09-06","numberOfEmployees":{"@type":"QuantitativeValue","minValue":"11","maxValue":"50"}},{"@type":"Person","@id":"https:\/\/www.webdo.tn\/fr\/#\/schema\/person\/6bc0beba2cd23aec27cb5df85ca2554f","name":"Hatem Bourial","image":{"@type":"ImageObject","inLanguage":"fr-FR","@id":"https:\/\/www.webdo.tn\/fr\/wp-content\/uploads\/2026\/04\/hatem-bourial_avatar-96x96.jpg","url":"https:\/\/www.webdo.tn\/fr\/wp-content\/uploads\/2026\/04\/hatem-bourial_avatar-96x96.jpg","contentUrl":"https:\/\/www.webdo.tn\/fr\/wp-content\/uploads\/2026\/04\/hatem-bourial_avatar-96x96.jpg","caption":"Hatem Bourial"},"description":"Hatem Bourial est journaliste, \u00e9crivain et chroniqueur tunisien. Actif depuis plusieurs d\u00e9cennies, il s\u2019est impos\u00e9 comme un observateur attentif de la soci\u00e9t\u00e9 tunisienne, m\u00ealant dans ses \u00e9crits m\u00e9moire, culture et analyse du quotidien. Auteur de nombreux ouvrages, il d\u00e9veloppe une \u0153uvre \u00e0 la crois\u00e9e du r\u00e9cit, de la po\u00e9sie et de l\u2019observation sociologique. Parall\u00e8lement \u00e0 ses contributions dans la presse, il intervient r\u00e9guli\u00e8rement \u00e0 la radio et dans des espaces culturels, o\u00f9 il explore les enjeux li\u00e9s au patrimoine, \u00e0 l\u2019identit\u00e9 et aux transformations du monde contemporain. \u00c0 travers ses chroniques, Hatem Bourial propose une lecture sensible et approfondie de l\u2019actualit\u00e9, nourrie par une exp\u00e9rience journalistique et litt\u00e9raire reconnue. \ud83d\udd17 Facebook : https:\/\/www.facebook.com\/hatem.bourial.2025","sameAs":["https:\/\/www.facebook.com\/hatem.bourial.2025","https:\/\/fr.wikipedia.org\/wiki\/Fichier:Hatem_Bourial.jpg"],"knowsAbout":["Culture & patrimoine tunisien","Chronique soci\u00e9tale","Litt\u00e9rature & m\u00e9moire","Cin\u00e9ma & critique culturelle","Identit\u00e9 & mutations sociales"],"knowsLanguage":["Arabe","Fran\u00e7ais","Anglais","Italien","Polonais"],"jobTitle":"Journaliste, \u00e9crivain et chroniqueur culturel","worksFor":"Webdo","url":"https:\/\/www.webdo.tn\/fr\/actualite\/author\/hatem-bourial-2\/"}]}},"_links":{"self":[{"href":"https:\/\/www.webdo.tn\/fr\/wp-json\/wp\/v2\/posts\/203855","targetHints":{"allow":["GET"]}}],"collection":[{"href":"https:\/\/www.webdo.tn\/fr\/wp-json\/wp\/v2\/posts"}],"about":[{"href":"https:\/\/www.webdo.tn\/fr\/wp-json\/wp\/v2\/types\/post"}],"author":[{"embeddable":true,"href":"https:\/\/www.webdo.tn\/fr\/wp-json\/wp\/v2\/users\/3229"}],"replies":[{"embeddable":true,"href":"https:\/\/www.webdo.tn\/fr\/wp-json\/wp\/v2\/comments?post=203855"}],"version-history":[{"count":0,"href":"https:\/\/www.webdo.tn\/fr\/wp-json\/wp\/v2\/posts\/203855\/revisions"}],"wp:featuredmedia":[{"embeddable":true,"href":"https:\/\/www.webdo.tn\/fr\/wp-json\/wp\/v2\/media\/277908"}],"wp:attachment":[{"href":"https:\/\/www.webdo.tn\/fr\/wp-json\/wp\/v2\/media?parent=203855"}],"wp:term":[{"taxonomy":"category","embeddable":true,"href":"https:\/\/www.webdo.tn\/fr\/wp-json\/wp\/v2\/categories?post=203855"},{"taxonomy":"post_tag","embeddable":true,"href":"https:\/\/www.webdo.tn\/fr\/wp-json\/wp\/v2\/tags?post=203855"}],"curies":[{"name":"wp","href":"https:\/\/api.w.org\/{rel}","templated":true}]}}