{"id":203814,"date":"2023-03-11T18:01:00","date_gmt":"2023-03-11T18:01:00","guid":{"rendered":"https:\/\/www.webdo.tn\/fr\/blog\/cloture-de-la-7eme-edition-du-festival-international-de-la-femme-d-assouan\/203814\/"},"modified":"2023-03-11T18:01:00","modified_gmt":"2023-03-11T18:01:00","slug":"cloture-de-la-7eme-edition-du-festival-international-de-la-femme-d-assouan","status":"publish","type":"post","link":"https:\/\/www.webdo.tn\/fr\/actualite\/culture\/cloture-de-la-7eme-edition-du-festival-international-de-la-femme-d-assouan\/203814\/","title":{"rendered":"Cl\u00f4ture de la 7\u00e8me \u00e9dition du Festival International de la Femme d&rsquo;Assouan"},"content":{"rendered":"<div class=\"single-body entry-content typography-copy\" itemprop=\"articleBody\">\n<p style=\"font-weight: bold; text-align: justify\">\n\t\t\t\t\t\t\t\t\tLa 7\u00e8me \u00e9dition du Festival International du Film de la Femme d&rsquo;Assouan a r\u00e9cemment pris fin avec la c\u00e9r\u00e9monie de cl\u00f4ture annon\u00e7ant les films prim\u00e9s. Cette ann\u00e9e, le festival a pr\u00e9sent\u00e9 une s\u00e9lection de 61 films, dont certains en premi\u00e8re mondiale, capturant la vie et l&rsquo;exp\u00e9rience des femmes de toutes les cultures.\n\t\t\t\t\t\t\t\t<\/p>\n<div class=\"coprs\" style=\"text-align: center\"><\/div>\n<div class=\"coprs\" style=\"text-align: justify\">\n<p><span><span>Le long m\u00e9trage cor\u00e9en <em>Jeong-sun<\/em> (2022), r\u00e9alis\u00e9 par Jihye Jeong, a remport\u00e9 le prix Assia Dagher du meilleur film. Le film raconte l&rsquo;histoire bouleversante d&rsquo;une femme dont la vie sans pr\u00e9tention mais heureuse, est \u00e9branl\u00e9e par la honte et la mortification d&rsquo;une vid\u00e9o priv\u00e9e partag\u00e9e.<\/span><\/span><\/p>\n<p><img decoding=\"async\" alt=\"\" height=\"526\" src=\"\/assets\/uploads\/images\/\/Neila\/Palmar%C3%A8s%20Meilleur%20long%20m%C3%A9trage.jpg\" width=\"526\"><\/p>\n<p>\u00a0<\/p>\n<p><span><span>Le long m\u00e9trage documentaire <em>Big Little Women<\/em> (2022), r\u00e9alis\u00e9 par Nadia Far\u00e9s, a remport\u00e9 trois prix, dont le meilleur film euro-m\u00e9diterran\u00e9en traitant du th\u00e8me de la femme, le meilleur film \u00e9gyptien et une mention sp\u00e9ciale du jury des longs m\u00e9trages. Ce film a suscit\u00e9 une discussion passionn\u00e9e parmi le public lors de sa projection, opposant ceux qui d\u00e9fendent le f\u00e9minisme et les droits des femmes \u00e0 ceux qui pensent que les femmes ne peuvent pas \u00eatre \u00e9gales aux hommes. Malgr\u00e9 cela, c\u2019est une bonne chose, un d\u00e9bat anim\u00e9 ne peut qu&rsquo;encourager la r\u00e9flexion !<\/span><\/span><\/p>\n<p><span><span>Dans ce r\u00e9cit poignant, trois g\u00e9n\u00e9rations de femmes se rebellent contre les interdictions patriarcales. Dans cette lettre cin\u00e9matographique, la r\u00e9alisatrice suisse-\u00e9gyptienne Nadia Far\u00e9s rend hommage \u00e0 son p\u00e8re tout en racontant 75 ans de luttes des femmes \u00e0 la fois en \u00c9gypte, le pays de son p\u00e8re, et en Suisse, le pays de sa m\u00e8re o\u00f9 elle a grandi. Elle explore l&rsquo;impact des traditions patriarcales \u00e0 l&rsquo;Est comme \u00e0 l&rsquo;Ouest, les d\u00e9crivant comme des images dans un miroir.<\/span><\/span><\/p>\n<p><img decoding=\"async\" alt=\"\" height=\"526\" src=\"\/assets\/uploads\/images\/\/Neila\/Palmar%C3%A8s%20euro%20m%C3%A9diterranean.jpg\" width=\"526\"><\/p>\n<p>\u00a0<\/p>\n<p><span><span>Le tr\u00e8s beau long m\u00e9trage anim\u00e9 <em>My Love Affair with Marriage<\/em> (2022 &#8211; Lettonie), \u00e9crit et r\u00e9alis\u00e9 par Signe Baumane, a remport\u00e9 deux prix : le prix Latifa El Zayat du meilleur sc\u00e9nario et le prix Samir Farid du meilleur film d\u00e9cern\u00e9 par le jury des critiques \u00e9gyptiens. L&rsquo;histoire de Zelma, depuis sa petite enfance en Union Sovi\u00e9tique jusqu&rsquo;\u00e0 sa vie d&rsquo;adulte, est racont\u00e9e par Signe Baumane en mettant en lumi\u00e8re les oppressions subies par les femmes tout au long de leur vie. \u00c0 travers des personnages directement illustr\u00e9s, le message de Baumane est clair et puissant : l&rsquo;oppression de base qui hante encore les femmes depuis leur enfance jusqu&rsquo;\u00e0 leur mort. Le symbolisme animalier renforce \u00e9galement les r\u00f4les impos\u00e9s aux femmes. Le film rappelle que le sort de Zelma est celui de toutes les femmes qui regardent ce film, rendant hommage \u00e0 la beaut\u00e9 et \u00e0 la complexit\u00e9 de la vie des femmes.<\/span><\/span><\/p>\n<p><img decoding=\"async\" alt=\"\" height=\"526\" src=\"\/assets\/uploads\/images\/\/Neila\/Palmar%C3%A8s%20Meilleur%20sc%C3%A9nario%20long%20m%C3%A9trage.jpg\" width=\"526\"><\/p>\n<p>\u00a0<\/p>\n<p><span><span>Le film <em>La Ligne<\/em> (2023 \u2013 France) r\u00e9alis\u00e9 par Ursula Meier a remport\u00e9 deux prix, \u00e0 savoir le Prix Bahiga Hafaz de la meilleure r\u00e9alisation et le prix Rashida Abdel Salam du jury. L&rsquo;histoire suit Margaret, qui a agress\u00e9 sa m\u00e8re et est soumise \u00e0 une mesure d&rsquo;\u00e9loignement de trois mois. Malgr\u00e9 cela, elle essaie d\u00e9sesp\u00e9r\u00e9ment de s&rsquo;approcher de sa famille chaque jour.<\/span><\/span><\/p>\n<p><img decoding=\"async\" alt=\"\" height=\"526\" src=\"\/assets\/uploads\/images\/\/Neila\/Palmar%C3%A8s%20Meilleure%20r%C3%A9alisation%20long%20m%C3%A9trage.jpg\" width=\"526\"><\/p>\n<p>\u00a0<\/p>\n<p><span><span>Outre les prix pour les longs et courts m\u00e9trages s\u00e9lectionn\u00e9s, le festival a \u00e9galement distribu\u00e9 des prix pour les courts m\u00e9trages r\u00e9alis\u00e9s par les participants aux ateliers de formation. Ces ateliers ont offert une occasion unique aux cin\u00e9astes en herbe de se former, d&rsquo;apprendre de nouvelles techniques et d&rsquo;affiner leur art. Les films qui en ont r\u00e9sult\u00e9 ont \u00e9t\u00e9 tr\u00e8s bien re\u00e7us par le public et ont montr\u00e9 la force et le potentiel des cin\u00e9astes de demain.<\/span><\/span><\/p>\n<p><span><span>La grande participation \u00a0des jeunes femmes aux ateliers et leur contribution \u00e0 la production de films t\u00e9moignent d&rsquo;un changement de mentalit\u00e9 dans la r\u00e9gion. Les habitants ont commenc\u00e9 \u00e0 prendre conscience de l&rsquo;importance de l&rsquo;\u00e9galit\u00e9 des sexes et de la n\u00e9cessit\u00e9 d&rsquo;offrir les m\u00eames opportunit\u00e9s aux femmes qu&rsquo;aux hommes. Le festival a \u00e9galement encourag\u00e9 les femmes \u00e0 s&rsquo;exprimer sur des sujets importants et a m\u00eame convaincu les parents de laisser leurs filles participer aux ateliers et aux projections tard le soir. On a m\u00eame vu des jeunes filles venir de loin, avec la permission de leurs parents, pour assister au festival.<\/span><\/span><\/p>\n<div>\n<figure class=\"image\"><img decoding=\"async\" alt=\"\" height=\"582\" src=\"\/assets\/uploads\/images\/\/Neila\/IMG_5643.JPG\" width=\"776\"><figcaption><em>Les jeunes form\u00e9s cette ann\u00e9e et ayant r\u00e9alis\u00e9 des courts m\u00e9trages sur sc\u00e8ne lors de la c\u00e9r\u00e9monie de cl\u00f4ture.<\/em><\/figcaption><\/figure>\n<\/div>\n<p>\u00a0<\/p>\n<p><span><span>Au cours de la c\u00e9r\u00e9monie de cl\u00f4ture, un nouveau projet du festival a \u00e9t\u00e9 annonc\u00e9. Des dizaines d\u2019\u00e9ducatrices ont \u00e9t\u00e9 form\u00e9es pour aller dans les villages recul\u00e9s et initier les jeunes filles aux m\u00e9tiers du cin\u00e9ma. Ce projet t\u00e9moigne de l&rsquo;engagement continu du festival \u00e0 apporter un changement positif dans la vie des gens de la r\u00e9gion et \u00e0 contribuer \u00e0 cr\u00e9er de nouvelles opportunit\u00e9s pour les femmes dans une industrie qui a \u00e9t\u00e9 historiquement domin\u00e9e par les hommes. Ce projet offre \u00e9galement aux filles des villages recul\u00e9s la chance de s&rsquo;exprimer et de raconter leurs histoires \u00e0 travers le cin\u00e9ma.<\/span><\/span><\/p>\n<div>\n<figure class=\"image\"><img decoding=\"async\" alt=\"\" height=\"487\" src=\"\/assets\/uploads\/images\/\/Neila\/Jeunes%20filles%20cadres.jpg\" width=\"730\"><figcaption><em>Les \u00e9ducatrices form\u00e9es pour aller initier les jeunes filles dans la r\u00e9gion.<\/em><\/figcaption><\/figure>\n<\/div>\n<p>\u00a0<\/p>\n<p><span><span>En plus d&rsquo;\u00eatre un \u00e9v\u00e9nement cin\u00e9matographique important, le Festival International du Film de la Femme d\u2019Assouan a un impact sur l&rsquo;industrie du tourisme dans la r\u00e9gion. En attirant des visiteurs du monde entier, le festival contribue \u00e0 accro\u00eetre la visibilit\u00e9 de la ville et \u00e0 stimuler l&rsquo;\u00e9conomie locale. Cette ann\u00e9e par exemple, le festival a organis\u00e9 des excursions pour les participants, leur offrant la possibilit\u00e9 de d\u00e9couvrir la richesse culturelle et patrimoniale de la r\u00e9gion tout en leur offrant un moyen de se d\u00e9tendre et de faire connaissance en dehors des projections de films. C\u2019est ainsi que de nombreux participants ont profit\u00e9 de l&rsquo;occasion pour explorer les sites historiques et les monuments embl\u00e9matiques de la r\u00e9gion, tels que le Temple de Philae, le haut barrage et le village nubien Gharb Soheil. <\/span><\/span><\/p>\n<p><span><span>Le d\u00e9vouement et l&rsquo;engagement des organisateurs et b\u00e9n\u00e9voles ont rendu possible cette 7\u00e8me \u00e9dition du Festival International du Film de la Femme d&rsquo;Assouan. Leur travail acharn\u00e9 a cr\u00e9\u00e9 un \u00e9v\u00e9nement culturel et social important pour la r\u00e9gion et m\u00eame pour les femmes du monde entier. Esp\u00e9rons que ce festival continuera \u00e0 cro\u00eetre et \u00e0 prosp\u00e9rer dans les ann\u00e9es \u00e0 venir, et que son impact positif sur la vie des femmes et des communaut\u00e9s ne cessera jamais de grandir.<\/span><\/span><\/p>\n<p><span><span><strong>Ne\u00efla Driss<\/strong><\/span><\/span><\/p>\n<\/p><\/div>\n<div class=\"coprs\" style=\"text-align: center\"><\/div><\/div>\n","protected":false},"excerpt":{"rendered":"<p>La 7\u00e8me \u00e9dition du Festival International du Film de la Femme d&rsquo;Assouan a r\u00e9cemment pris fin avec la c\u00e9r\u00e9monie de cl\u00f4ture annon\u00e7ant les films prim\u00e9s. Cette ann\u00e9&#8230;<\/p>\n","protected":false},"author":3164,"featured_media":251755,"comment_status":"open","ping_status":"closed","sticky":false,"template":"","format":"standard","meta":{"footnotes":""},"categories":[2594],"tags":[2626,8695,2628,8688],"class_list":["post-203814","post","type-post","status-publish","format-standard","has-post-thumbnail","hentry","category-culture","tag-cinema","tag-droits-des-femmes","tag-festival","tag-festival-international-du-film-de-la-femme-dassouan"],"yoast_head":"<!-- This site is optimized with the Yoast SEO Premium plugin v27.5 (Yoast SEO v27.5) - https:\/\/yoast.com\/product\/yoast-seo-premium-wordpress\/ -->\n<title>Cl\u00f4ture de la 7\u00e8me \u00e9dition du Festival International de la Femme d&#039;Assouan<\/title>\n<meta name=\"description\" content=\"La 7\u00e8me \u00e9dition du Festival International du Film de la Femme d&#039;Assouan a r\u00e9cemment pris fin avec la c\u00e9r\u00e9monie de cl\u00f4ture annon\u00e7ant les films prim\u00e9s. Cette ann\u00e9...\" \/>\n<link rel=\"canonical\" href=\"https:\/\/www.webdo.tn\/fr\/actualite\/culture\/cloture-de-la-7eme-edition-du-festival-international-de-la-femme-d-assouan\/203814\/\" \/>\n<meta property=\"og:locale\" content=\"fr_FR\" \/>\n<meta property=\"og:type\" content=\"article\" \/>\n<meta property=\"og:title\" content=\"Cl\u00f4ture de la 7\u00e8me \u00e9dition du Festival International de la Femme d&#039;Assouan\" \/>\n<meta property=\"og:description\" content=\"La 7\u00e8me \u00e9dition du Festival International du Film de la Femme d&#039;Assouan a r\u00e9cemment pris fin avec la c\u00e9r\u00e9monie de cl\u00f4ture annon\u00e7ant les films prim\u00e9s. Cette ann\u00e9...\" \/>\n<meta property=\"og:url\" content=\"https:\/\/www.webdo.tn\/fr\/actualite\/culture\/cloture-de-la-7eme-edition-du-festival-international-de-la-femme-d-assouan\/203814\/\" \/>\n<meta property=\"og:site_name\" content=\"webdo\" \/>\n<meta property=\"article:publisher\" content=\"https:\/\/www.facebook.com\/webdotn\" \/>\n<meta property=\"article:author\" content=\"https:\/\/www.facebook.com\/massir.destiniii\/\" \/>\n<meta property=\"article:published_time\" content=\"2023-03-11T18:01:00+00:00\" \/>\n<meta property=\"og:image\" content=\"https:\/\/www.webdo.tn\/fr\/wp-content\/uploads\/2023\/03\/0bdabb0b38bd48e6fac47202ee7b595f.jpg\" \/>\n\t<meta property=\"og:image:width\" content=\"750\" \/>\n\t<meta property=\"og:image:height\" content=\"400\" \/>\n\t<meta property=\"og:image:type\" content=\"image\/jpeg\" \/>\n<meta name=\"author\" content=\"Ne\u00efla DRISS\" \/>\n<meta name=\"twitter:card\" content=\"summary_large_image\" \/>\n<meta name=\"twitter:creator\" content=\"@https:\/\/x.com\/MassirDestin\" \/>\n<meta name=\"twitter:site\" content=\"@webdo_tn\" \/>\n<meta name=\"twitter:label1\" content=\"\u00c9crit par\" \/>\n\t<meta name=\"twitter:data1\" content=\"Ne\u00efla DRISS\" \/>\n\t<meta name=\"twitter:label2\" content=\"Dur\u00e9e de lecture estim\u00e9e\" \/>\n\t<meta name=\"twitter:data2\" content=\"6 minutes\" \/>\n<script type=\"application\/ld+json\" class=\"yoast-schema-graph\">{\"@context\":\"https:\\\/\\\/schema.org\",\"@graph\":[{\"@type\":\"NewsArticle\",\"@id\":\"https:\\\/\\\/www.webdo.tn\\\/fr\\\/actualite\\\/culture\\\/cloture-de-la-7eme-edition-du-festival-international-de-la-femme-d-assouan\\\/203814\\\/#article\",\"isPartOf\":{\"@id\":\"https:\\\/\\\/www.webdo.tn\\\/fr\\\/actualite\\\/culture\\\/cloture-de-la-7eme-edition-du-festival-international-de-la-femme-d-assouan\\\/203814\\\/\"},\"author\":{\"name\":\"Ne\u00efla DRISS\",\"@id\":\"https:\\\/\\\/www.webdo.tn\\\/fr\\\/#\\\/schema\\\/person\\\/60d5ba619ed3f58783b0dc82b7dada80\"},\"headline\":\"Cl\u00f4ture de la 7\u00e8me \u00e9dition du Festival International de la Femme d&rsquo;Assouan\",\"datePublished\":\"2023-03-11T18:01:00+00:00\",\"mainEntityOfPage\":{\"@id\":\"https:\\\/\\\/www.webdo.tn\\\/fr\\\/actualite\\\/culture\\\/cloture-de-la-7eme-edition-du-festival-international-de-la-femme-d-assouan\\\/203814\\\/\"},\"wordCount\":1148,\"commentCount\":0,\"publisher\":{\"@id\":\"https:\\\/\\\/www.webdo.tn\\\/fr\\\/#organization\"},\"image\":{\"@id\":\"https:\\\/\\\/www.webdo.tn\\\/fr\\\/actualite\\\/culture\\\/cloture-de-la-7eme-edition-du-festival-international-de-la-femme-d-assouan\\\/203814\\\/#primaryimage\"},\"thumbnailUrl\":\"https:\\\/\\\/www.webdo.tn\\\/fr\\\/wp-content\\\/uploads\\\/2023\\\/03\\\/0bdabb0b38bd48e6fac47202ee7b595f.jpg\",\"keywords\":[\"Cin\u00e9ma\",\"Droits des femmes\",\"Festival\",\"Festival international du Film de la Femme d'Assouan\"],\"articleSection\":[\"Culture\"],\"inLanguage\":\"fr-FR\"},{\"@type\":\"WebPage\",\"@id\":\"https:\\\/\\\/www.webdo.tn\\\/fr\\\/actualite\\\/culture\\\/cloture-de-la-7eme-edition-du-festival-international-de-la-femme-d-assouan\\\/203814\\\/\",\"url\":\"https:\\\/\\\/www.webdo.tn\\\/fr\\\/actualite\\\/culture\\\/cloture-de-la-7eme-edition-du-festival-international-de-la-femme-d-assouan\\\/203814\\\/\",\"name\":\"Cl\u00f4ture de la 7\u00e8me \u00e9dition du Festival International de la Femme d'Assouan\",\"isPartOf\":{\"@id\":\"https:\\\/\\\/www.webdo.tn\\\/fr\\\/#website\"},\"primaryImageOfPage\":{\"@id\":\"https:\\\/\\\/www.webdo.tn\\\/fr\\\/actualite\\\/culture\\\/cloture-de-la-7eme-edition-du-festival-international-de-la-femme-d-assouan\\\/203814\\\/#primaryimage\"},\"image\":{\"@id\":\"https:\\\/\\\/www.webdo.tn\\\/fr\\\/actualite\\\/culture\\\/cloture-de-la-7eme-edition-du-festival-international-de-la-femme-d-assouan\\\/203814\\\/#primaryimage\"},\"thumbnailUrl\":\"https:\\\/\\\/www.webdo.tn\\\/fr\\\/wp-content\\\/uploads\\\/2023\\\/03\\\/0bdabb0b38bd48e6fac47202ee7b595f.jpg\",\"datePublished\":\"2023-03-11T18:01:00+00:00\",\"description\":\"La 7\u00e8me \u00e9dition du Festival International du Film de la Femme d'Assouan a r\u00e9cemment pris fin avec la c\u00e9r\u00e9monie de cl\u00f4ture annon\u00e7ant les films prim\u00e9s. Cette ann\u00e9...\",\"breadcrumb\":{\"@id\":\"https:\\\/\\\/www.webdo.tn\\\/fr\\\/actualite\\\/culture\\\/cloture-de-la-7eme-edition-du-festival-international-de-la-femme-d-assouan\\\/203814\\\/#breadcrumb\"},\"inLanguage\":\"fr-FR\",\"potentialAction\":[{\"@type\":\"ReadAction\",\"target\":[\"https:\\\/\\\/www.webdo.tn\\\/fr\\\/actualite\\\/culture\\\/cloture-de-la-7eme-edition-du-festival-international-de-la-femme-d-assouan\\\/203814\\\/\"]}]},{\"@type\":\"ImageObject\",\"inLanguage\":\"fr-FR\",\"@id\":\"https:\\\/\\\/www.webdo.tn\\\/fr\\\/actualite\\\/culture\\\/cloture-de-la-7eme-edition-du-festival-international-de-la-femme-d-assouan\\\/203814\\\/#primaryimage\",\"url\":\"https:\\\/\\\/www.webdo.tn\\\/fr\\\/wp-content\\\/uploads\\\/2023\\\/03\\\/0bdabb0b38bd48e6fac47202ee7b595f.jpg\",\"contentUrl\":\"https:\\\/\\\/www.webdo.tn\\\/fr\\\/wp-content\\\/uploads\\\/2023\\\/03\\\/0bdabb0b38bd48e6fac47202ee7b595f.jpg\",\"width\":750,\"height\":400,\"caption\":\"Cl\u00f4ture de la 7\u00e8me \u00e9dition du festival International de la femme d'Assouan\"},{\"@type\":\"BreadcrumbList\",\"@id\":\"https:\\\/\\\/www.webdo.tn\\\/fr\\\/actualite\\\/culture\\\/cloture-de-la-7eme-edition-du-festival-international-de-la-femme-d-assouan\\\/203814\\\/#breadcrumb\",\"itemListElement\":[{\"@type\":\"ListItem\",\"position\":1,\"name\":\"Accueil\",\"item\":\"https:\\\/\\\/www.webdo.tn\\\/fr\\\/\"},{\"@type\":\"ListItem\",\"position\":2,\"name\":\"Cl\u00f4ture de la 7\u00e8me \u00e9dition du Festival International de la Femme d&rsquo;Assouan\"}]},{\"@type\":\"WebSite\",\"@id\":\"https:\\\/\\\/www.webdo.tn\\\/fr\\\/#website\",\"url\":\"https:\\\/\\\/www.webdo.tn\\\/fr\\\/\",\"name\":\"webdo\",\"description\":\"Tunisie - News en Tunisie et \u00e0 l&#039;international sur Webdo.tn\",\"publisher\":{\"@id\":\"https:\\\/\\\/www.webdo.tn\\\/fr\\\/#organization\"},\"potentialAction\":[{\"@type\":\"SearchAction\",\"target\":{\"@type\":\"EntryPoint\",\"urlTemplate\":\"https:\\\/\\\/www.webdo.tn\\\/fr\\\/?s={search_term_string}\"},\"query-input\":{\"@type\":\"PropertyValueSpecification\",\"valueRequired\":true,\"valueName\":\"search_term_string\"}}],\"inLanguage\":\"fr-FR\"},{\"@type\":\"Organization\",\"@id\":\"https:\\\/\\\/www.webdo.tn\\\/fr\\\/#organization\",\"name\":\"Webdo\",\"alternateName\":\"Webdo.tn\",\"url\":\"https:\\\/\\\/www.webdo.tn\\\/fr\\\/\",\"logo\":{\"@type\":\"ImageObject\",\"inLanguage\":\"fr-FR\",\"@id\":\"https:\\\/\\\/www.webdo.tn\\\/fr\\\/#\\\/schema\\\/logo\\\/image\\\/\",\"url\":\"https:\\\/\\\/www.webdo.tn\\\/fr\\\/wp-content\\\/uploads\\\/2025\\\/06\\\/Webdo-Tunisie_168377.jpg\",\"contentUrl\":\"https:\\\/\\\/www.webdo.tn\\\/fr\\\/wp-content\\\/uploads\\\/2025\\\/06\\\/Webdo-Tunisie_168377.jpg\",\"width\":301,\"height\":301,\"caption\":\"Webdo\"},\"image\":{\"@id\":\"https:\\\/\\\/www.webdo.tn\\\/fr\\\/#\\\/schema\\\/logo\\\/image\\\/\"},\"sameAs\":[\"https:\\\/\\\/www.facebook.com\\\/webdotn\",\"https:\\\/\\\/x.com\\\/webdo_tn\"],\"description\":\"Webdo est un m\u00e9dia num\u00e9rique tunisien fond\u00e9 en 2010, sp\u00e9cialis\u00e9 dans l\u2019actualit\u00e9 nationale et internationale, l\u2019\u00e9conomie, la soci\u00e9t\u00e9 et les analyses politiques. Le site s\u2019adresse \u00e0 un large public francophone et couvre l\u2019information tunisienne en temps r\u00e9el.\",\"email\":\"redac@webdo.tn\",\"legalName\":\"YNJ SARL\",\"foundingDate\":\"2010-09-06\",\"numberOfEmployees\":{\"@type\":\"QuantitativeValue\",\"minValue\":\"11\",\"maxValue\":\"50\"}},{\"@type\":\"Person\",\"@id\":\"https:\\\/\\\/www.webdo.tn\\\/fr\\\/#\\\/schema\\\/person\\\/60d5ba619ed3f58783b0dc82b7dada80\",\"name\":\"Ne\u00efla DRISS\",\"image\":{\"@type\":\"ImageObject\",\"inLanguage\":\"fr-FR\",\"@id\":\"https:\\\/\\\/www.webdo.tn\\\/fr\\\/wp-content\\\/uploads\\\/2026\\\/04\\\/neila-driss_avatar-96x96.jpg\",\"url\":\"https:\\\/\\\/www.webdo.tn\\\/fr\\\/wp-content\\\/uploads\\\/2026\\\/04\\\/neila-driss_avatar-96x96.jpg\",\"contentUrl\":\"https:\\\/\\\/www.webdo.tn\\\/fr\\\/wp-content\\\/uploads\\\/2026\\\/04\\\/neila-driss_avatar-96x96.jpg\",\"caption\":\"Ne\u00efla DRISS\"},\"description\":\"Ne\u00efla Driss est juriste, journaliste culturelle et critique de cin\u00e9ma tunisienne. Titulaire d\u2019un DEA en droit priv\u00e9 de l\u2019Universit\u00e9 Paris II et d\u2019un DESS de l\u2019IHEC Carthage, elle d\u00e9bute sa carri\u00e8re comme juriste sp\u00e9cialis\u00e9e en gestion de patrimoine immobilier. Elle s\u2019oriente ensuite vers l\u2019\u00e9criture en ligne, o\u00f9 elle se distingue d\u00e8s 2006 aux Tunisia Blog Awards, avant de se consacrer au journalisme culturel, avec une sp\u00e9cialisation dans la critique cin\u00e9matographique. Elle couvre r\u00e9guli\u00e8rement les grands festivals internationaux, notamment le Festival de Cannes, les Journ\u00e9es Cin\u00e9matographiques de Carthage et le Festival du film du Caire. Membre de l\u2019ATPCC et de la FIPRESCI, elle participe \u00e0 des jurys et initiatives internationales de critique. Depuis 2024, elle est \u00e9lectrice internationale aux Golden Globes. Facebook : https:\\\/\\\/www.facebook.com\\\/massir.destiniii\\\/ X : https:\\\/\\\/x.com\\\/MassirDestin\",\"sameAs\":[\"https:\\\/\\\/www.facebook.com\\\/massir.destiniii\\\/\",\"https:\\\/\\\/www.instagram.com\\\/neila.driss\\\/?hl=fr\",\"https:\\\/\\\/www.linkedin.com\\\/in\\\/neila-driss-22606a80\\\/\",\"https:\\\/\\\/x.com\\\/https:\\\/\\\/x.com\\\/MassirDestin\"],\"knowsAbout\":[\"Cin\u00e9ma international\",\"critique cin\u00e9matographique\",\"festivals de cin\u00e9ma\",\"journalisme culturel\"],\"knowsLanguage\":[\"Fran\u00e7ais\",\"Arabe\",\"Anglais\"],\"jobTitle\":\"Journaliste culturelle et critique de cin\u00e9ma\",\"worksFor\":\"Webdo\",\"url\":\"https:\\\/\\\/www.webdo.tn\\\/fr\\\/actualite\\\/author\\\/neila-driss\\\/\"}]}<\/script>\n<!-- \/ Yoast SEO Premium plugin. -->","yoast_head_json":{"title":"Cl\u00f4ture de la 7\u00e8me \u00e9dition du Festival International de la Femme d'Assouan","description":"La 7\u00e8me \u00e9dition du Festival International du Film de la Femme d'Assouan a r\u00e9cemment pris fin avec la c\u00e9r\u00e9monie de cl\u00f4ture annon\u00e7ant les films prim\u00e9s. Cette ann\u00e9...","canonical":"https:\/\/www.webdo.tn\/fr\/actualite\/culture\/cloture-de-la-7eme-edition-du-festival-international-de-la-femme-d-assouan\/203814\/","og_locale":"fr_FR","og_type":"article","og_title":"Cl\u00f4ture de la 7\u00e8me \u00e9dition du Festival International de la Femme d'Assouan","og_description":"La 7\u00e8me \u00e9dition du Festival International du Film de la Femme d'Assouan a r\u00e9cemment pris fin avec la c\u00e9r\u00e9monie de cl\u00f4ture annon\u00e7ant les films prim\u00e9s. Cette ann\u00e9...","og_url":"https:\/\/www.webdo.tn\/fr\/actualite\/culture\/cloture-de-la-7eme-edition-du-festival-international-de-la-femme-d-assouan\/203814\/","og_site_name":"webdo","article_publisher":"https:\/\/www.facebook.com\/webdotn","article_author":"https:\/\/www.facebook.com\/massir.destiniii\/","article_published_time":"2023-03-11T18:01:00+00:00","og_image":[{"width":750,"height":400,"url":"https:\/\/www.webdo.tn\/fr\/wp-content\/uploads\/2023\/03\/0bdabb0b38bd48e6fac47202ee7b595f.jpg","type":"image\/jpeg"}],"author":"Ne\u00efla DRISS","twitter_card":"summary_large_image","twitter_creator":"@https:\/\/x.com\/MassirDestin","twitter_site":"@webdo_tn","twitter_misc":{"\u00c9crit par":"Ne\u00efla DRISS","Dur\u00e9e de lecture estim\u00e9e":"6 minutes"},"schema":{"@context":"https:\/\/schema.org","@graph":[{"@type":"NewsArticle","@id":"https:\/\/www.webdo.tn\/fr\/actualite\/culture\/cloture-de-la-7eme-edition-du-festival-international-de-la-femme-d-assouan\/203814\/#article","isPartOf":{"@id":"https:\/\/www.webdo.tn\/fr\/actualite\/culture\/cloture-de-la-7eme-edition-du-festival-international-de-la-femme-d-assouan\/203814\/"},"author":{"name":"Ne\u00efla DRISS","@id":"https:\/\/www.webdo.tn\/fr\/#\/schema\/person\/60d5ba619ed3f58783b0dc82b7dada80"},"headline":"Cl\u00f4ture de la 7\u00e8me \u00e9dition du Festival International de la Femme d&rsquo;Assouan","datePublished":"2023-03-11T18:01:00+00:00","mainEntityOfPage":{"@id":"https:\/\/www.webdo.tn\/fr\/actualite\/culture\/cloture-de-la-7eme-edition-du-festival-international-de-la-femme-d-assouan\/203814\/"},"wordCount":1148,"commentCount":0,"publisher":{"@id":"https:\/\/www.webdo.tn\/fr\/#organization"},"image":{"@id":"https:\/\/www.webdo.tn\/fr\/actualite\/culture\/cloture-de-la-7eme-edition-du-festival-international-de-la-femme-d-assouan\/203814\/#primaryimage"},"thumbnailUrl":"https:\/\/www.webdo.tn\/fr\/wp-content\/uploads\/2023\/03\/0bdabb0b38bd48e6fac47202ee7b595f.jpg","keywords":["Cin\u00e9ma","Droits des femmes","Festival","Festival international du Film de la Femme d'Assouan"],"articleSection":["Culture"],"inLanguage":"fr-FR"},{"@type":"WebPage","@id":"https:\/\/www.webdo.tn\/fr\/actualite\/culture\/cloture-de-la-7eme-edition-du-festival-international-de-la-femme-d-assouan\/203814\/","url":"https:\/\/www.webdo.tn\/fr\/actualite\/culture\/cloture-de-la-7eme-edition-du-festival-international-de-la-femme-d-assouan\/203814\/","name":"Cl\u00f4ture de la 7\u00e8me \u00e9dition du Festival International de la Femme d'Assouan","isPartOf":{"@id":"https:\/\/www.webdo.tn\/fr\/#website"},"primaryImageOfPage":{"@id":"https:\/\/www.webdo.tn\/fr\/actualite\/culture\/cloture-de-la-7eme-edition-du-festival-international-de-la-femme-d-assouan\/203814\/#primaryimage"},"image":{"@id":"https:\/\/www.webdo.tn\/fr\/actualite\/culture\/cloture-de-la-7eme-edition-du-festival-international-de-la-femme-d-assouan\/203814\/#primaryimage"},"thumbnailUrl":"https:\/\/www.webdo.tn\/fr\/wp-content\/uploads\/2023\/03\/0bdabb0b38bd48e6fac47202ee7b595f.jpg","datePublished":"2023-03-11T18:01:00+00:00","description":"La 7\u00e8me \u00e9dition du Festival International du Film de la Femme d'Assouan a r\u00e9cemment pris fin avec la c\u00e9r\u00e9monie de cl\u00f4ture annon\u00e7ant les films prim\u00e9s. Cette ann\u00e9...","breadcrumb":{"@id":"https:\/\/www.webdo.tn\/fr\/actualite\/culture\/cloture-de-la-7eme-edition-du-festival-international-de-la-femme-d-assouan\/203814\/#breadcrumb"},"inLanguage":"fr-FR","potentialAction":[{"@type":"ReadAction","target":["https:\/\/www.webdo.tn\/fr\/actualite\/culture\/cloture-de-la-7eme-edition-du-festival-international-de-la-femme-d-assouan\/203814\/"]}]},{"@type":"ImageObject","inLanguage":"fr-FR","@id":"https:\/\/www.webdo.tn\/fr\/actualite\/culture\/cloture-de-la-7eme-edition-du-festival-international-de-la-femme-d-assouan\/203814\/#primaryimage","url":"https:\/\/www.webdo.tn\/fr\/wp-content\/uploads\/2023\/03\/0bdabb0b38bd48e6fac47202ee7b595f.jpg","contentUrl":"https:\/\/www.webdo.tn\/fr\/wp-content\/uploads\/2023\/03\/0bdabb0b38bd48e6fac47202ee7b595f.jpg","width":750,"height":400,"caption":"Cl\u00f4ture de la 7\u00e8me \u00e9dition du festival International de la femme d'Assouan"},{"@type":"BreadcrumbList","@id":"https:\/\/www.webdo.tn\/fr\/actualite\/culture\/cloture-de-la-7eme-edition-du-festival-international-de-la-femme-d-assouan\/203814\/#breadcrumb","itemListElement":[{"@type":"ListItem","position":1,"name":"Accueil","item":"https:\/\/www.webdo.tn\/fr\/"},{"@type":"ListItem","position":2,"name":"Cl\u00f4ture de la 7\u00e8me \u00e9dition du Festival International de la Femme d&rsquo;Assouan"}]},{"@type":"WebSite","@id":"https:\/\/www.webdo.tn\/fr\/#website","url":"https:\/\/www.webdo.tn\/fr\/","name":"webdo","description":"Tunisie - News en Tunisie et \u00e0 l&#039;international sur Webdo.tn","publisher":{"@id":"https:\/\/www.webdo.tn\/fr\/#organization"},"potentialAction":[{"@type":"SearchAction","target":{"@type":"EntryPoint","urlTemplate":"https:\/\/www.webdo.tn\/fr\/?s={search_term_string}"},"query-input":{"@type":"PropertyValueSpecification","valueRequired":true,"valueName":"search_term_string"}}],"inLanguage":"fr-FR"},{"@type":"Organization","@id":"https:\/\/www.webdo.tn\/fr\/#organization","name":"Webdo","alternateName":"Webdo.tn","url":"https:\/\/www.webdo.tn\/fr\/","logo":{"@type":"ImageObject","inLanguage":"fr-FR","@id":"https:\/\/www.webdo.tn\/fr\/#\/schema\/logo\/image\/","url":"https:\/\/www.webdo.tn\/fr\/wp-content\/uploads\/2025\/06\/Webdo-Tunisie_168377.jpg","contentUrl":"https:\/\/www.webdo.tn\/fr\/wp-content\/uploads\/2025\/06\/Webdo-Tunisie_168377.jpg","width":301,"height":301,"caption":"Webdo"},"image":{"@id":"https:\/\/www.webdo.tn\/fr\/#\/schema\/logo\/image\/"},"sameAs":["https:\/\/www.facebook.com\/webdotn","https:\/\/x.com\/webdo_tn"],"description":"Webdo est un m\u00e9dia num\u00e9rique tunisien fond\u00e9 en 2010, sp\u00e9cialis\u00e9 dans l\u2019actualit\u00e9 nationale et internationale, l\u2019\u00e9conomie, la soci\u00e9t\u00e9 et les analyses politiques. Le site s\u2019adresse \u00e0 un large public francophone et couvre l\u2019information tunisienne en temps r\u00e9el.","email":"redac@webdo.tn","legalName":"YNJ SARL","foundingDate":"2010-09-06","numberOfEmployees":{"@type":"QuantitativeValue","minValue":"11","maxValue":"50"}},{"@type":"Person","@id":"https:\/\/www.webdo.tn\/fr\/#\/schema\/person\/60d5ba619ed3f58783b0dc82b7dada80","name":"Ne\u00efla DRISS","image":{"@type":"ImageObject","inLanguage":"fr-FR","@id":"https:\/\/www.webdo.tn\/fr\/wp-content\/uploads\/2026\/04\/neila-driss_avatar-96x96.jpg","url":"https:\/\/www.webdo.tn\/fr\/wp-content\/uploads\/2026\/04\/neila-driss_avatar-96x96.jpg","contentUrl":"https:\/\/www.webdo.tn\/fr\/wp-content\/uploads\/2026\/04\/neila-driss_avatar-96x96.jpg","caption":"Ne\u00efla DRISS"},"description":"Ne\u00efla Driss est juriste, journaliste culturelle et critique de cin\u00e9ma tunisienne. Titulaire d\u2019un DEA en droit priv\u00e9 de l\u2019Universit\u00e9 Paris II et d\u2019un DESS de l\u2019IHEC Carthage, elle d\u00e9bute sa carri\u00e8re comme juriste sp\u00e9cialis\u00e9e en gestion de patrimoine immobilier. Elle s\u2019oriente ensuite vers l\u2019\u00e9criture en ligne, o\u00f9 elle se distingue d\u00e8s 2006 aux Tunisia Blog Awards, avant de se consacrer au journalisme culturel, avec une sp\u00e9cialisation dans la critique cin\u00e9matographique. Elle couvre r\u00e9guli\u00e8rement les grands festivals internationaux, notamment le Festival de Cannes, les Journ\u00e9es Cin\u00e9matographiques de Carthage et le Festival du film du Caire. Membre de l\u2019ATPCC et de la FIPRESCI, elle participe \u00e0 des jurys et initiatives internationales de critique. Depuis 2024, elle est \u00e9lectrice internationale aux Golden Globes. Facebook : https:\/\/www.facebook.com\/massir.destiniii\/ X : https:\/\/x.com\/MassirDestin","sameAs":["https:\/\/www.facebook.com\/massir.destiniii\/","https:\/\/www.instagram.com\/neila.driss\/?hl=fr","https:\/\/www.linkedin.com\/in\/neila-driss-22606a80\/","https:\/\/x.com\/https:\/\/x.com\/MassirDestin"],"knowsAbout":["Cin\u00e9ma international","critique cin\u00e9matographique","festivals de cin\u00e9ma","journalisme culturel"],"knowsLanguage":["Fran\u00e7ais","Arabe","Anglais"],"jobTitle":"Journaliste culturelle et critique de cin\u00e9ma","worksFor":"Webdo","url":"https:\/\/www.webdo.tn\/fr\/actualite\/author\/neila-driss\/"}]}},"_links":{"self":[{"href":"https:\/\/www.webdo.tn\/fr\/wp-json\/wp\/v2\/posts\/203814","targetHints":{"allow":["GET"]}}],"collection":[{"href":"https:\/\/www.webdo.tn\/fr\/wp-json\/wp\/v2\/posts"}],"about":[{"href":"https:\/\/www.webdo.tn\/fr\/wp-json\/wp\/v2\/types\/post"}],"author":[{"embeddable":true,"href":"https:\/\/www.webdo.tn\/fr\/wp-json\/wp\/v2\/users\/3164"}],"replies":[{"embeddable":true,"href":"https:\/\/www.webdo.tn\/fr\/wp-json\/wp\/v2\/comments?post=203814"}],"version-history":[{"count":0,"href":"https:\/\/www.webdo.tn\/fr\/wp-json\/wp\/v2\/posts\/203814\/revisions"}],"wp:featuredmedia":[{"embeddable":true,"href":"https:\/\/www.webdo.tn\/fr\/wp-json\/wp\/v2\/media\/251755"}],"wp:attachment":[{"href":"https:\/\/www.webdo.tn\/fr\/wp-json\/wp\/v2\/media?parent=203814"}],"wp:term":[{"taxonomy":"category","embeddable":true,"href":"https:\/\/www.webdo.tn\/fr\/wp-json\/wp\/v2\/categories?post=203814"},{"taxonomy":"post_tag","embeddable":true,"href":"https:\/\/www.webdo.tn\/fr\/wp-json\/wp\/v2\/tags?post=203814"}],"curies":[{"name":"wp","href":"https:\/\/api.w.org\/{rel}","templated":true}]}}