{"id":203771,"date":"2023-03-10T11:25:00","date_gmt":"2023-03-10T11:25:00","guid":{"rendered":"https:\/\/www.webdo.tn\/fr\/blog\/mandat-de-depot-contre-l-ancien-ministre-de-l-environnement-riadh-mouakher\/203771\/"},"modified":"2025-05-20T22:01:45","modified_gmt":"2025-05-20T22:01:45","slug":"mandat-de-depot-contre-l-ancien-ministre-de-l-environnement-riadh-mouakher","status":"publish","type":"post","link":"https:\/\/www.webdo.tn\/fr\/actualite\/national\/mandat-de-depot-contre-l-ancien-ministre-de-l-environnement-riadh-mouakher\/203771\/","title":{"rendered":"Mandat de d\u00e9p\u00f4t contre l\u2019ancien ministre de l\u2019Environnement Riadh Mouakher"},"content":{"rendered":"<p>Le premier juge d&rsquo;instruction du p\u00f4le judiciaire financier a \u00e9mis, hier soir un mandat de d\u00e9p\u00f4t en prison contre l&rsquo;ancien ministre de l&rsquo;Environnement, Riadh Mouakher.<\/p>\n<p>\t\t\t\t\t\t\t\t\tA noter que le Parquet aupr\u00e8s du Tribunal de premi\u00e8re instance de Tunis avait d\u00e9cid\u00e9, le 1er mars dernier de prolonger, de trois jours, la garde \u00e0 vue de l\u2019ancien ministre de l\u2019Environnement.<\/p>\n<p>Riadh Mouakher avait \u00e9t\u00e9 plac\u00e9 en garde \u00e0 vue le 28 f\u00e9vrier dans le cadre d\u2019une affaire de \u00ab\u00a0suspicions de corruption financi\u00e8re et administrative\u00a0\u00bb concernant un march\u00e9s public conclu par le minist\u00e8re de l&rsquo;Environnement.<\/p>\n<p>Rappelons qu\u2019en 2017, une information judiciaire avait \u00e9t\u00e9 ouverte par le minist\u00e8re public contre Riadh Mouakher, alors qu\u2019il \u00e9tait ministre des Affaires locales et de l\u2019environnement et contre son ancien conseiller Mounir Ferchichi.<\/p>\n","protected":false},"excerpt":{"rendered":"<p>Le premier juge d&rsquo;instruction du p\u00f4le judiciaire financier a \u00e9mis, hier soir un mandat de d\u00e9p\u00f4t en prison contre l&rsquo;ancien ministre de l&rsquo;Environnement, Riadh Mou&#8230;<\/p>\n","protected":false},"author":3162,"featured_media":251772,"comment_status":"open","ping_status":"closed","sticky":false,"template":"","format":"standard","meta":{"footnotes":""},"categories":[44],"tags":[3196,2886,4994],"class_list":["post-203771","post","type-post","status-publish","format-standard","has-post-thumbnail","hentry","category-national","tag-corruption","tag-mandat-de-depot","tag-riadh-mouakher"],"yoast_head":"<!-- This site is optimized with the Yoast SEO Premium plugin v27.5 (Yoast SEO v27.5) - https:\/\/yoast.com\/product\/yoast-seo-premium-wordpress\/ -->\n<title>Mandat de d\u00e9p\u00f4t contre l\u2019ancien ministre de l\u2019Environnement Riadh Mouakher<\/title>\n<meta name=\"description\" content=\"Le premier juge d&#039;instruction du p\u00f4le judiciaire financier a \u00e9mis, hier soir un mandat de d\u00e9p\u00f4t en prison contre l&#039;ancien ministre de l&#039;Environnement, Riadh Mou...\" \/>\n<link rel=\"canonical\" href=\"https:\/\/www.webdo.tn\/fr\/actualite\/national\/mandat-de-depot-contre-l-ancien-ministre-de-l-environnement-riadh-mouakher\/203771\/\" \/>\n<meta property=\"og:locale\" content=\"fr_FR\" \/>\n<meta property=\"og:type\" content=\"article\" \/>\n<meta property=\"og:title\" content=\"Mandat de d\u00e9p\u00f4t contre l\u2019ancien ministre de l\u2019Environnement Riadh Mouakher\" \/>\n<meta property=\"og:description\" content=\"Le premier juge d&#039;instruction du p\u00f4le judiciaire financier a \u00e9mis, hier soir un mandat de d\u00e9p\u00f4t en prison contre l&#039;ancien ministre de l&#039;Environnement, Riadh Mou...\" \/>\n<meta property=\"og:url\" content=\"https:\/\/www.webdo.tn\/fr\/actualite\/national\/mandat-de-depot-contre-l-ancien-ministre-de-l-environnement-riadh-mouakher\/203771\/\" \/>\n<meta property=\"og:site_name\" content=\"webdo\" \/>\n<meta property=\"article:publisher\" content=\"https:\/\/www.facebook.com\/webdotn\" \/>\n<meta property=\"article:published_time\" content=\"2023-03-10T11:25:00+00:00\" \/>\n<meta property=\"article:modified_time\" content=\"2025-05-20T22:01:45+00:00\" \/>\n<meta property=\"og:image\" content=\"https:\/\/www.webdo.tn\/fr\/wp-content\/uploads\/2023\/03\/60fd2cabf67a16aa38febd16267db726.jpg\" \/>\n\t<meta property=\"og:image:width\" content=\"650\" \/>\n\t<meta property=\"og:image:height\" content=\"347\" \/>\n\t<meta property=\"og:image:type\" content=\"image\/jpeg\" \/>\n<meta name=\"author\" content=\"MC\" \/>\n<meta name=\"twitter:card\" content=\"summary_large_image\" \/>\n<meta name=\"twitter:creator\" content=\"@webdo_tn\" \/>\n<meta name=\"twitter:site\" content=\"@webdo_tn\" \/>\n<meta name=\"twitter:label1\" content=\"\u00c9crit par\" \/>\n\t<meta name=\"twitter:data1\" content=\"MC\" \/>\n\t<meta name=\"twitter:label2\" content=\"Dur\u00e9e de lecture estim\u00e9e\" \/>\n\t<meta name=\"twitter:data2\" content=\"1 minute\" \/>\n<script type=\"application\/ld+json\" class=\"yoast-schema-graph\">{\"@context\":\"https:\\\/\\\/schema.org\",\"@graph\":[{\"@type\":\"NewsArticle\",\"@id\":\"https:\\\/\\\/www.webdo.tn\\\/fr\\\/actualite\\\/national\\\/mandat-de-depot-contre-l-ancien-ministre-de-l-environnement-riadh-mouakher\\\/203771\\\/#article\",\"isPartOf\":{\"@id\":\"https:\\\/\\\/www.webdo.tn\\\/fr\\\/actualite\\\/national\\\/mandat-de-depot-contre-l-ancien-ministre-de-l-environnement-riadh-mouakher\\\/203771\\\/\"},\"author\":{\"name\":\"MC\",\"@id\":\"https:\\\/\\\/www.webdo.tn\\\/fr\\\/#\\\/schema\\\/person\\\/2c4929cbf5a809e3bd38617c6ce150f6\"},\"headline\":\"Mandat de d\u00e9p\u00f4t contre l\u2019ancien ministre de l\u2019Environnement Riadh Mouakher\",\"datePublished\":\"2023-03-10T11:25:00+00:00\",\"dateModified\":\"2025-05-20T22:01:45+00:00\",\"mainEntityOfPage\":{\"@id\":\"https:\\\/\\\/www.webdo.tn\\\/fr\\\/actualite\\\/national\\\/mandat-de-depot-contre-l-ancien-ministre-de-l-environnement-riadh-mouakher\\\/203771\\\/\"},\"wordCount\":156,\"commentCount\":0,\"publisher\":{\"@id\":\"https:\\\/\\\/www.webdo.tn\\\/fr\\\/#organization\"},\"image\":{\"@id\":\"https:\\\/\\\/www.webdo.tn\\\/fr\\\/actualite\\\/national\\\/mandat-de-depot-contre-l-ancien-ministre-de-l-environnement-riadh-mouakher\\\/203771\\\/#primaryimage\"},\"thumbnailUrl\":\"https:\\\/\\\/www.webdo.tn\\\/fr\\\/wp-content\\\/uploads\\\/2023\\\/03\\\/60fd2cabf67a16aa38febd16267db726.jpg\",\"keywords\":[\"corruption\",\"mandat de d\u00e9p\u00f4t\",\"Riadh Mouakher\"],\"articleSection\":[\"National\"],\"inLanguage\":\"fr-FR\"},{\"@type\":\"WebPage\",\"@id\":\"https:\\\/\\\/www.webdo.tn\\\/fr\\\/actualite\\\/national\\\/mandat-de-depot-contre-l-ancien-ministre-de-l-environnement-riadh-mouakher\\\/203771\\\/\",\"url\":\"https:\\\/\\\/www.webdo.tn\\\/fr\\\/actualite\\\/national\\\/mandat-de-depot-contre-l-ancien-ministre-de-l-environnement-riadh-mouakher\\\/203771\\\/\",\"name\":\"Mandat de d\u00e9p\u00f4t contre l\u2019ancien ministre de l\u2019Environnement Riadh Mouakher\",\"isPartOf\":{\"@id\":\"https:\\\/\\\/www.webdo.tn\\\/fr\\\/#website\"},\"primaryImageOfPage\":{\"@id\":\"https:\\\/\\\/www.webdo.tn\\\/fr\\\/actualite\\\/national\\\/mandat-de-depot-contre-l-ancien-ministre-de-l-environnement-riadh-mouakher\\\/203771\\\/#primaryimage\"},\"image\":{\"@id\":\"https:\\\/\\\/www.webdo.tn\\\/fr\\\/actualite\\\/national\\\/mandat-de-depot-contre-l-ancien-ministre-de-l-environnement-riadh-mouakher\\\/203771\\\/#primaryimage\"},\"thumbnailUrl\":\"https:\\\/\\\/www.webdo.tn\\\/fr\\\/wp-content\\\/uploads\\\/2023\\\/03\\\/60fd2cabf67a16aa38febd16267db726.jpg\",\"datePublished\":\"2023-03-10T11:25:00+00:00\",\"dateModified\":\"2025-05-20T22:01:45+00:00\",\"description\":\"Le premier juge d'instruction du p\u00f4le judiciaire financier a \u00e9mis, hier soir un mandat de d\u00e9p\u00f4t en prison contre l'ancien ministre de l'Environnement, Riadh Mou...\",\"breadcrumb\":{\"@id\":\"https:\\\/\\\/www.webdo.tn\\\/fr\\\/actualite\\\/national\\\/mandat-de-depot-contre-l-ancien-ministre-de-l-environnement-riadh-mouakher\\\/203771\\\/#breadcrumb\"},\"inLanguage\":\"fr-FR\",\"potentialAction\":[{\"@type\":\"ReadAction\",\"target\":[\"https:\\\/\\\/www.webdo.tn\\\/fr\\\/actualite\\\/national\\\/mandat-de-depot-contre-l-ancien-ministre-de-l-environnement-riadh-mouakher\\\/203771\\\/\"]}]},{\"@type\":\"ImageObject\",\"inLanguage\":\"fr-FR\",\"@id\":\"https:\\\/\\\/www.webdo.tn\\\/fr\\\/actualite\\\/national\\\/mandat-de-depot-contre-l-ancien-ministre-de-l-environnement-riadh-mouakher\\\/203771\\\/#primaryimage\",\"url\":\"https:\\\/\\\/www.webdo.tn\\\/fr\\\/wp-content\\\/uploads\\\/2023\\\/03\\\/60fd2cabf67a16aa38febd16267db726.jpg\",\"contentUrl\":\"https:\\\/\\\/www.webdo.tn\\\/fr\\\/wp-content\\\/uploads\\\/2023\\\/03\\\/60fd2cabf67a16aa38febd16267db726.jpg\",\"width\":650,\"height\":347,\"caption\":\"Mandat de d\u00e9p\u00f4t contre l\u2019ancien ministre de l\u2019Environnement Riadh Mouakher\"},{\"@type\":\"BreadcrumbList\",\"@id\":\"https:\\\/\\\/www.webdo.tn\\\/fr\\\/actualite\\\/national\\\/mandat-de-depot-contre-l-ancien-ministre-de-l-environnement-riadh-mouakher\\\/203771\\\/#breadcrumb\",\"itemListElement\":[{\"@type\":\"ListItem\",\"position\":1,\"name\":\"Accueil\",\"item\":\"https:\\\/\\\/www.webdo.tn\\\/fr\\\/\"},{\"@type\":\"ListItem\",\"position\":2,\"name\":\"Mandat de d\u00e9p\u00f4t contre l\u2019ancien ministre de l\u2019Environnement Riadh Mouakher\"}]},{\"@type\":\"WebSite\",\"@id\":\"https:\\\/\\\/www.webdo.tn\\\/fr\\\/#website\",\"url\":\"https:\\\/\\\/www.webdo.tn\\\/fr\\\/\",\"name\":\"webdo\",\"description\":\"Tunisie - News en Tunisie et \u00e0 l&#039;international sur Webdo.tn\",\"publisher\":{\"@id\":\"https:\\\/\\\/www.webdo.tn\\\/fr\\\/#organization\"},\"potentialAction\":[{\"@type\":\"SearchAction\",\"target\":{\"@type\":\"EntryPoint\",\"urlTemplate\":\"https:\\\/\\\/www.webdo.tn\\\/fr\\\/?s={search_term_string}\"},\"query-input\":{\"@type\":\"PropertyValueSpecification\",\"valueRequired\":true,\"valueName\":\"search_term_string\"}}],\"inLanguage\":\"fr-FR\"},{\"@type\":\"Organization\",\"@id\":\"https:\\\/\\\/www.webdo.tn\\\/fr\\\/#organization\",\"name\":\"Webdo\",\"alternateName\":\"Webdo.tn\",\"url\":\"https:\\\/\\\/www.webdo.tn\\\/fr\\\/\",\"logo\":{\"@type\":\"ImageObject\",\"inLanguage\":\"fr-FR\",\"@id\":\"https:\\\/\\\/www.webdo.tn\\\/fr\\\/#\\\/schema\\\/logo\\\/image\\\/\",\"url\":\"https:\\\/\\\/www.webdo.tn\\\/fr\\\/wp-content\\\/uploads\\\/2025\\\/06\\\/Webdo-Tunisie_168377.jpg\",\"contentUrl\":\"https:\\\/\\\/www.webdo.tn\\\/fr\\\/wp-content\\\/uploads\\\/2025\\\/06\\\/Webdo-Tunisie_168377.jpg\",\"width\":301,\"height\":301,\"caption\":\"Webdo\"},\"image\":{\"@id\":\"https:\\\/\\\/www.webdo.tn\\\/fr\\\/#\\\/schema\\\/logo\\\/image\\\/\"},\"sameAs\":[\"https:\\\/\\\/www.facebook.com\\\/webdotn\",\"https:\\\/\\\/x.com\\\/webdo_tn\"],\"description\":\"Webdo est un m\u00e9dia num\u00e9rique tunisien fond\u00e9 en 2010, sp\u00e9cialis\u00e9 dans l\u2019actualit\u00e9 nationale et internationale, l\u2019\u00e9conomie, la soci\u00e9t\u00e9 et les analyses politiques. Le site s\u2019adresse \u00e0 un large public francophone et couvre l\u2019information tunisienne en temps r\u00e9el.\",\"email\":\"redac@webdo.tn\",\"legalName\":\"YNJ SARL\",\"foundingDate\":\"2010-09-06\",\"numberOfEmployees\":{\"@type\":\"QuantitativeValue\",\"minValue\":\"11\",\"maxValue\":\"50\"}},{\"@type\":\"Person\",\"@id\":\"https:\\\/\\\/www.webdo.tn\\\/fr\\\/#\\\/schema\\\/person\\\/2c4929cbf5a809e3bd38617c6ce150f6\",\"name\":\"MC\",\"image\":{\"@type\":\"ImageObject\",\"inLanguage\":\"fr-FR\",\"@id\":\"https:\\\/\\\/secure.gravatar.com\\\/avatar\\\/a545bbb6f84efdd5553dbbc2895e3ca8f1d12c5215e00a041c9670b54aa9b18a?s=96&d=mm&r=g\",\"url\":\"https:\\\/\\\/secure.gravatar.com\\\/avatar\\\/a545bbb6f84efdd5553dbbc2895e3ca8f1d12c5215e00a041c9670b54aa9b18a?s=96&d=mm&r=g\",\"contentUrl\":\"https:\\\/\\\/secure.gravatar.com\\\/avatar\\\/a545bbb6f84efdd5553dbbc2895e3ca8f1d12c5215e00a041c9670b54aa9b18a?s=96&d=mm&r=g\",\"caption\":\"MC\"},\"url\":\"https:\\\/\\\/www.webdo.tn\\\/fr\\\/actualite\\\/author\\\/mc\\\/\"}]}<\/script>\n<!-- \/ Yoast SEO Premium plugin. -->","yoast_head_json":{"title":"Mandat de d\u00e9p\u00f4t contre l\u2019ancien ministre de l\u2019Environnement Riadh Mouakher","description":"Le premier juge d'instruction du p\u00f4le judiciaire financier a \u00e9mis, hier soir un mandat de d\u00e9p\u00f4t en prison contre l'ancien ministre de l'Environnement, Riadh Mou...","canonical":"https:\/\/www.webdo.tn\/fr\/actualite\/national\/mandat-de-depot-contre-l-ancien-ministre-de-l-environnement-riadh-mouakher\/203771\/","og_locale":"fr_FR","og_type":"article","og_title":"Mandat de d\u00e9p\u00f4t contre l\u2019ancien ministre de l\u2019Environnement Riadh Mouakher","og_description":"Le premier juge d'instruction du p\u00f4le judiciaire financier a \u00e9mis, hier soir un mandat de d\u00e9p\u00f4t en prison contre l'ancien ministre de l'Environnement, Riadh Mou...","og_url":"https:\/\/www.webdo.tn\/fr\/actualite\/national\/mandat-de-depot-contre-l-ancien-ministre-de-l-environnement-riadh-mouakher\/203771\/","og_site_name":"webdo","article_publisher":"https:\/\/www.facebook.com\/webdotn","article_published_time":"2023-03-10T11:25:00+00:00","article_modified_time":"2025-05-20T22:01:45+00:00","og_image":[{"width":650,"height":347,"url":"https:\/\/www.webdo.tn\/fr\/wp-content\/uploads\/2023\/03\/60fd2cabf67a16aa38febd16267db726.jpg","type":"image\/jpeg"}],"author":"MC","twitter_card":"summary_large_image","twitter_creator":"@webdo_tn","twitter_site":"@webdo_tn","twitter_misc":{"\u00c9crit par":"MC","Dur\u00e9e de lecture estim\u00e9e":"1 minute"},"schema":{"@context":"https:\/\/schema.org","@graph":[{"@type":"NewsArticle","@id":"https:\/\/www.webdo.tn\/fr\/actualite\/national\/mandat-de-depot-contre-l-ancien-ministre-de-l-environnement-riadh-mouakher\/203771\/#article","isPartOf":{"@id":"https:\/\/www.webdo.tn\/fr\/actualite\/national\/mandat-de-depot-contre-l-ancien-ministre-de-l-environnement-riadh-mouakher\/203771\/"},"author":{"name":"MC","@id":"https:\/\/www.webdo.tn\/fr\/#\/schema\/person\/2c4929cbf5a809e3bd38617c6ce150f6"},"headline":"Mandat de d\u00e9p\u00f4t contre l\u2019ancien ministre de l\u2019Environnement Riadh Mouakher","datePublished":"2023-03-10T11:25:00+00:00","dateModified":"2025-05-20T22:01:45+00:00","mainEntityOfPage":{"@id":"https:\/\/www.webdo.tn\/fr\/actualite\/national\/mandat-de-depot-contre-l-ancien-ministre-de-l-environnement-riadh-mouakher\/203771\/"},"wordCount":156,"commentCount":0,"publisher":{"@id":"https:\/\/www.webdo.tn\/fr\/#organization"},"image":{"@id":"https:\/\/www.webdo.tn\/fr\/actualite\/national\/mandat-de-depot-contre-l-ancien-ministre-de-l-environnement-riadh-mouakher\/203771\/#primaryimage"},"thumbnailUrl":"https:\/\/www.webdo.tn\/fr\/wp-content\/uploads\/2023\/03\/60fd2cabf67a16aa38febd16267db726.jpg","keywords":["corruption","mandat de d\u00e9p\u00f4t","Riadh Mouakher"],"articleSection":["National"],"inLanguage":"fr-FR"},{"@type":"WebPage","@id":"https:\/\/www.webdo.tn\/fr\/actualite\/national\/mandat-de-depot-contre-l-ancien-ministre-de-l-environnement-riadh-mouakher\/203771\/","url":"https:\/\/www.webdo.tn\/fr\/actualite\/national\/mandat-de-depot-contre-l-ancien-ministre-de-l-environnement-riadh-mouakher\/203771\/","name":"Mandat de d\u00e9p\u00f4t contre l\u2019ancien ministre de l\u2019Environnement Riadh Mouakher","isPartOf":{"@id":"https:\/\/www.webdo.tn\/fr\/#website"},"primaryImageOfPage":{"@id":"https:\/\/www.webdo.tn\/fr\/actualite\/national\/mandat-de-depot-contre-l-ancien-ministre-de-l-environnement-riadh-mouakher\/203771\/#primaryimage"},"image":{"@id":"https:\/\/www.webdo.tn\/fr\/actualite\/national\/mandat-de-depot-contre-l-ancien-ministre-de-l-environnement-riadh-mouakher\/203771\/#primaryimage"},"thumbnailUrl":"https:\/\/www.webdo.tn\/fr\/wp-content\/uploads\/2023\/03\/60fd2cabf67a16aa38febd16267db726.jpg","datePublished":"2023-03-10T11:25:00+00:00","dateModified":"2025-05-20T22:01:45+00:00","description":"Le premier juge d'instruction du p\u00f4le judiciaire financier a \u00e9mis, hier soir un mandat de d\u00e9p\u00f4t en prison contre l'ancien ministre de l'Environnement, Riadh Mou...","breadcrumb":{"@id":"https:\/\/www.webdo.tn\/fr\/actualite\/national\/mandat-de-depot-contre-l-ancien-ministre-de-l-environnement-riadh-mouakher\/203771\/#breadcrumb"},"inLanguage":"fr-FR","potentialAction":[{"@type":"ReadAction","target":["https:\/\/www.webdo.tn\/fr\/actualite\/national\/mandat-de-depot-contre-l-ancien-ministre-de-l-environnement-riadh-mouakher\/203771\/"]}]},{"@type":"ImageObject","inLanguage":"fr-FR","@id":"https:\/\/www.webdo.tn\/fr\/actualite\/national\/mandat-de-depot-contre-l-ancien-ministre-de-l-environnement-riadh-mouakher\/203771\/#primaryimage","url":"https:\/\/www.webdo.tn\/fr\/wp-content\/uploads\/2023\/03\/60fd2cabf67a16aa38febd16267db726.jpg","contentUrl":"https:\/\/www.webdo.tn\/fr\/wp-content\/uploads\/2023\/03\/60fd2cabf67a16aa38febd16267db726.jpg","width":650,"height":347,"caption":"Mandat de d\u00e9p\u00f4t contre l\u2019ancien ministre de l\u2019Environnement Riadh Mouakher"},{"@type":"BreadcrumbList","@id":"https:\/\/www.webdo.tn\/fr\/actualite\/national\/mandat-de-depot-contre-l-ancien-ministre-de-l-environnement-riadh-mouakher\/203771\/#breadcrumb","itemListElement":[{"@type":"ListItem","position":1,"name":"Accueil","item":"https:\/\/www.webdo.tn\/fr\/"},{"@type":"ListItem","position":2,"name":"Mandat de d\u00e9p\u00f4t contre l\u2019ancien ministre de l\u2019Environnement Riadh Mouakher"}]},{"@type":"WebSite","@id":"https:\/\/www.webdo.tn\/fr\/#website","url":"https:\/\/www.webdo.tn\/fr\/","name":"webdo","description":"Tunisie - News en Tunisie et \u00e0 l&#039;international sur Webdo.tn","publisher":{"@id":"https:\/\/www.webdo.tn\/fr\/#organization"},"potentialAction":[{"@type":"SearchAction","target":{"@type":"EntryPoint","urlTemplate":"https:\/\/www.webdo.tn\/fr\/?s={search_term_string}"},"query-input":{"@type":"PropertyValueSpecification","valueRequired":true,"valueName":"search_term_string"}}],"inLanguage":"fr-FR"},{"@type":"Organization","@id":"https:\/\/www.webdo.tn\/fr\/#organization","name":"Webdo","alternateName":"Webdo.tn","url":"https:\/\/www.webdo.tn\/fr\/","logo":{"@type":"ImageObject","inLanguage":"fr-FR","@id":"https:\/\/www.webdo.tn\/fr\/#\/schema\/logo\/image\/","url":"https:\/\/www.webdo.tn\/fr\/wp-content\/uploads\/2025\/06\/Webdo-Tunisie_168377.jpg","contentUrl":"https:\/\/www.webdo.tn\/fr\/wp-content\/uploads\/2025\/06\/Webdo-Tunisie_168377.jpg","width":301,"height":301,"caption":"Webdo"},"image":{"@id":"https:\/\/www.webdo.tn\/fr\/#\/schema\/logo\/image\/"},"sameAs":["https:\/\/www.facebook.com\/webdotn","https:\/\/x.com\/webdo_tn"],"description":"Webdo est un m\u00e9dia num\u00e9rique tunisien fond\u00e9 en 2010, sp\u00e9cialis\u00e9 dans l\u2019actualit\u00e9 nationale et internationale, l\u2019\u00e9conomie, la soci\u00e9t\u00e9 et les analyses politiques. Le site s\u2019adresse \u00e0 un large public francophone et couvre l\u2019information tunisienne en temps r\u00e9el.","email":"redac@webdo.tn","legalName":"YNJ SARL","foundingDate":"2010-09-06","numberOfEmployees":{"@type":"QuantitativeValue","minValue":"11","maxValue":"50"}},{"@type":"Person","@id":"https:\/\/www.webdo.tn\/fr\/#\/schema\/person\/2c4929cbf5a809e3bd38617c6ce150f6","name":"MC","image":{"@type":"ImageObject","inLanguage":"fr-FR","@id":"https:\/\/secure.gravatar.com\/avatar\/a545bbb6f84efdd5553dbbc2895e3ca8f1d12c5215e00a041c9670b54aa9b18a?s=96&d=mm&r=g","url":"https:\/\/secure.gravatar.com\/avatar\/a545bbb6f84efdd5553dbbc2895e3ca8f1d12c5215e00a041c9670b54aa9b18a?s=96&d=mm&r=g","contentUrl":"https:\/\/secure.gravatar.com\/avatar\/a545bbb6f84efdd5553dbbc2895e3ca8f1d12c5215e00a041c9670b54aa9b18a?s=96&d=mm&r=g","caption":"MC"},"url":"https:\/\/www.webdo.tn\/fr\/actualite\/author\/mc\/"}]}},"_links":{"self":[{"href":"https:\/\/www.webdo.tn\/fr\/wp-json\/wp\/v2\/posts\/203771","targetHints":{"allow":["GET"]}}],"collection":[{"href":"https:\/\/www.webdo.tn\/fr\/wp-json\/wp\/v2\/posts"}],"about":[{"href":"https:\/\/www.webdo.tn\/fr\/wp-json\/wp\/v2\/types\/post"}],"author":[{"embeddable":true,"href":"https:\/\/www.webdo.tn\/fr\/wp-json\/wp\/v2\/users\/3162"}],"replies":[{"embeddable":true,"href":"https:\/\/www.webdo.tn\/fr\/wp-json\/wp\/v2\/comments?post=203771"}],"version-history":[{"count":0,"href":"https:\/\/www.webdo.tn\/fr\/wp-json\/wp\/v2\/posts\/203771\/revisions"}],"wp:featuredmedia":[{"embeddable":true,"href":"https:\/\/www.webdo.tn\/fr\/wp-json\/wp\/v2\/media\/251772"}],"wp:attachment":[{"href":"https:\/\/www.webdo.tn\/fr\/wp-json\/wp\/v2\/media?parent=203771"}],"wp:term":[{"taxonomy":"category","embeddable":true,"href":"https:\/\/www.webdo.tn\/fr\/wp-json\/wp\/v2\/categories?post=203771"},{"taxonomy":"post_tag","embeddable":true,"href":"https:\/\/www.webdo.tn\/fr\/wp-json\/wp\/v2\/tags?post=203771"}],"curies":[{"name":"wp","href":"https:\/\/api.w.org\/{rel}","templated":true}]}}