{"id":203770,"date":"2023-03-10T11:15:00","date_gmt":"2023-03-10T11:15:00","guid":{"rendered":"https:\/\/www.webdo.tn\/fr\/blog\/semaine-du-film-francophone-avec-14-films-au-menu\/203770\/"},"modified":"2025-05-20T22:01:45","modified_gmt":"2025-05-20T22:01:45","slug":"semaine-du-film-francophone-avec-14-films-au-menu","status":"publish","type":"post","link":"https:\/\/www.webdo.tn\/fr\/actualite\/culture\/semaine-du-film-francophone-avec-14-films-au-menu\/203770\/","title":{"rendered":"\u00ab\u00a0Semaine du film francophone\u00a0\u00bb avec 14 films au menu"},"content":{"rendered":"<p>L&rsquo;\u00e9dition 2023 des Journ\u00e9es de la Francophonie en Tunisie s\u2019appr\u00eate \u00e0 d\u00e9marrer. Au menu, pi\u00e8ces de th\u00e9\u00e2tre, films documentaires et de fiction, festival de l&rsquo;humour, rencontres-d\u00e9bats, ateliers de bande dessin\u00e9e, etc.<\/p>\n<p>\t\t\t\t\t\t\t\t\tCette \u00e9dition, sera marqu\u00e9e par l&rsquo;organisation de la Semaine du film francophone et ce, du 13 au 18 mars 2023 \u00e0 l&rsquo;Institut Fran\u00e7ais de Tunisie (IFT), indique un communiqu\u00e9 de l&rsquo;ambassade de Suisse en Tunisie.<\/p>\n<p>Au programme une s\u00e9lection de 14 films &#8211; courts, longs et documentaires &#8211; de 11 pays: la Tunisie, la France, la Suisse, l&rsquo;Autriche, l&rsquo;Argentine, le S\u00e9n\u00e9gal, l&rsquo;Egypte, le Canada, la Gr\u00e8ce, le Burkina Faso et la Wallonie-Bruxelles.<\/p>\n<p>Pour rappel, les activit\u00e9s des Journ\u00e9es de la Francophonie sont organis\u00e9es, comme chaque ann\u00e9e autour du 20 mars, qui marque la Journ\u00e9e internationale de la Francophonie. Un \u00e9v\u00e8nement qui permet de c\u00e9l\u00e9brer la cr\u00e9ation culturelle francophone et sa diversit\u00e9.<\/p>\n<p>En Tunisie comme dans le reste du monde, une riche programmation culturelle est organis\u00e9e par diverses organisations tunisiennes et repr\u00e9sentations de pays membres de la Francophonie, proposant ainsi tout le long du mois de mars des ateliers, master classes, projections, spectacles et rencontres-d\u00e9bats autour du cin\u00e9ma, de l&rsquo;humour, du slam, du th\u00e9\u00e2tre, de la litt\u00e9rature, de la bande dessin\u00e9e, etc.<\/p>\n","protected":false},"excerpt":{"rendered":"<p>L&rsquo;\u00e9dition 2023 des Journ\u00e9es de la Francophonie en Tunisie s\u2019appr\u00eate \u00e0 d\u00e9marrer. Au menu, pi\u00e8ces de th\u00e9\u00e2tre, films documentaires et de fiction, festival de l&rsquo;hum&#8230;<\/p>\n","protected":false},"author":3162,"featured_media":251771,"comment_status":"open","ping_status":"closed","sticky":false,"template":"","format":"standard","meta":{"footnotes":""},"categories":[2594],"tags":[5170,8708,2608],"class_list":["post-203770","post","type-post","status-publish","format-standard","has-post-thumbnail","hentry","category-culture","tag-films","tag-journee-internationale-de-la-francophonie","tag-tunisie"],"yoast_head":"<!-- This site is optimized with the Yoast SEO Premium plugin v27.5 (Yoast SEO v27.5) - https:\/\/yoast.com\/product\/yoast-seo-premium-wordpress\/ -->\n<title>Semaine du film francophone avec 14 films au menu<\/title>\n<meta name=\"description\" content=\"L&#039;\u00e9dition 2023 des Journ\u00e9es de la Francophonie en Tunisie s\u2019appr\u00eate \u00e0 d\u00e9marrer. Au menu, pi\u00e8ces de th\u00e9\u00e2tre, films documentaires et de fiction, festival de l&#039;hum...\" \/>\n<link rel=\"canonical\" href=\"https:\/\/www.webdo.tn\/fr\/actualite\/culture\/semaine-du-film-francophone-avec-14-films-au-menu\/203770\/\" \/>\n<meta property=\"og:locale\" content=\"fr_FR\" \/>\n<meta property=\"og:type\" content=\"article\" \/>\n<meta property=\"og:title\" content=\"&quot;Semaine du film francophone&quot; avec 14 films au menu\" \/>\n<meta property=\"og:description\" content=\"L&#039;\u00e9dition 2023 des Journ\u00e9es de la Francophonie en Tunisie s\u2019appr\u00eate \u00e0 d\u00e9marrer. Au menu, pi\u00e8ces de th\u00e9\u00e2tre, films documentaires et de fiction, festival de l&#039;hum...\" \/>\n<meta property=\"og:url\" content=\"https:\/\/www.webdo.tn\/fr\/actualite\/culture\/semaine-du-film-francophone-avec-14-films-au-menu\/203770\/\" \/>\n<meta property=\"og:site_name\" content=\"webdo\" \/>\n<meta property=\"article:publisher\" content=\"https:\/\/www.facebook.com\/webdotn\" \/>\n<meta property=\"article:published_time\" content=\"2023-03-10T11:15:00+00:00\" \/>\n<meta property=\"article:modified_time\" content=\"2025-05-20T22:01:45+00:00\" \/>\n<meta property=\"og:image\" content=\"https:\/\/www.webdo.tn\/fr\/wp-content\/uploads\/2023\/03\/72593c43f78613b56f851d20e1769643.jpg\" \/>\n\t<meta property=\"og:image:width\" content=\"750\" \/>\n\t<meta property=\"og:image:height\" content=\"400\" \/>\n\t<meta property=\"og:image:type\" content=\"image\/jpeg\" \/>\n<meta name=\"author\" content=\"MC\" \/>\n<meta name=\"twitter:card\" content=\"summary_large_image\" \/>\n<meta name=\"twitter:creator\" content=\"@webdo_tn\" \/>\n<meta name=\"twitter:site\" content=\"@webdo_tn\" \/>\n<meta name=\"twitter:label1\" content=\"\u00c9crit par\" \/>\n\t<meta name=\"twitter:data1\" content=\"MC\" \/>\n\t<meta name=\"twitter:label2\" content=\"Dur\u00e9e de lecture estim\u00e9e\" \/>\n\t<meta name=\"twitter:data2\" content=\"1 minute\" \/>\n<script type=\"application\/ld+json\" class=\"yoast-schema-graph\">{\"@context\":\"https:\\\/\\\/schema.org\",\"@graph\":[{\"@type\":\"NewsArticle\",\"@id\":\"https:\\\/\\\/www.webdo.tn\\\/fr\\\/actualite\\\/culture\\\/semaine-du-film-francophone-avec-14-films-au-menu\\\/203770\\\/#article\",\"isPartOf\":{\"@id\":\"https:\\\/\\\/www.webdo.tn\\\/fr\\\/actualite\\\/culture\\\/semaine-du-film-francophone-avec-14-films-au-menu\\\/203770\\\/\"},\"author\":{\"name\":\"MC\",\"@id\":\"https:\\\/\\\/www.webdo.tn\\\/fr\\\/#\\\/schema\\\/person\\\/2c4929cbf5a809e3bd38617c6ce150f6\"},\"headline\":\"\u00ab\u00a0Semaine du film francophone\u00a0\u00bb avec 14 films au menu\",\"datePublished\":\"2023-03-10T11:15:00+00:00\",\"dateModified\":\"2025-05-20T22:01:45+00:00\",\"mainEntityOfPage\":{\"@id\":\"https:\\\/\\\/www.webdo.tn\\\/fr\\\/actualite\\\/culture\\\/semaine-du-film-francophone-avec-14-films-au-menu\\\/203770\\\/\"},\"wordCount\":240,\"commentCount\":0,\"publisher\":{\"@id\":\"https:\\\/\\\/www.webdo.tn\\\/fr\\\/#organization\"},\"image\":{\"@id\":\"https:\\\/\\\/www.webdo.tn\\\/fr\\\/actualite\\\/culture\\\/semaine-du-film-francophone-avec-14-films-au-menu\\\/203770\\\/#primaryimage\"},\"thumbnailUrl\":\"https:\\\/\\\/www.webdo.tn\\\/fr\\\/wp-content\\\/uploads\\\/2023\\\/03\\\/72593c43f78613b56f851d20e1769643.jpg\",\"keywords\":[\"films\",\"Journ\u00e9e internationale de la Francophonie\",\"Tunisie\"],\"articleSection\":[\"Culture\"],\"inLanguage\":\"fr-FR\"},{\"@type\":\"WebPage\",\"@id\":\"https:\\\/\\\/www.webdo.tn\\\/fr\\\/actualite\\\/culture\\\/semaine-du-film-francophone-avec-14-films-au-menu\\\/203770\\\/\",\"url\":\"https:\\\/\\\/www.webdo.tn\\\/fr\\\/actualite\\\/culture\\\/semaine-du-film-francophone-avec-14-films-au-menu\\\/203770\\\/\",\"name\":\"Semaine du film francophone avec 14 films au menu\",\"isPartOf\":{\"@id\":\"https:\\\/\\\/www.webdo.tn\\\/fr\\\/#website\"},\"primaryImageOfPage\":{\"@id\":\"https:\\\/\\\/www.webdo.tn\\\/fr\\\/actualite\\\/culture\\\/semaine-du-film-francophone-avec-14-films-au-menu\\\/203770\\\/#primaryimage\"},\"image\":{\"@id\":\"https:\\\/\\\/www.webdo.tn\\\/fr\\\/actualite\\\/culture\\\/semaine-du-film-francophone-avec-14-films-au-menu\\\/203770\\\/#primaryimage\"},\"thumbnailUrl\":\"https:\\\/\\\/www.webdo.tn\\\/fr\\\/wp-content\\\/uploads\\\/2023\\\/03\\\/72593c43f78613b56f851d20e1769643.jpg\",\"datePublished\":\"2023-03-10T11:15:00+00:00\",\"dateModified\":\"2025-05-20T22:01:45+00:00\",\"description\":\"L'\u00e9dition 2023 des Journ\u00e9es de la Francophonie en Tunisie s\u2019appr\u00eate \u00e0 d\u00e9marrer. Au menu, pi\u00e8ces de th\u00e9\u00e2tre, films documentaires et de fiction, festival de l'hum...\",\"breadcrumb\":{\"@id\":\"https:\\\/\\\/www.webdo.tn\\\/fr\\\/actualite\\\/culture\\\/semaine-du-film-francophone-avec-14-films-au-menu\\\/203770\\\/#breadcrumb\"},\"inLanguage\":\"fr-FR\",\"potentialAction\":[{\"@type\":\"ReadAction\",\"target\":[\"https:\\\/\\\/www.webdo.tn\\\/fr\\\/actualite\\\/culture\\\/semaine-du-film-francophone-avec-14-films-au-menu\\\/203770\\\/\"]}]},{\"@type\":\"ImageObject\",\"inLanguage\":\"fr-FR\",\"@id\":\"https:\\\/\\\/www.webdo.tn\\\/fr\\\/actualite\\\/culture\\\/semaine-du-film-francophone-avec-14-films-au-menu\\\/203770\\\/#primaryimage\",\"url\":\"https:\\\/\\\/www.webdo.tn\\\/fr\\\/wp-content\\\/uploads\\\/2023\\\/03\\\/72593c43f78613b56f851d20e1769643.jpg\",\"contentUrl\":\"https:\\\/\\\/www.webdo.tn\\\/fr\\\/wp-content\\\/uploads\\\/2023\\\/03\\\/72593c43f78613b56f851d20e1769643.jpg\",\"width\":750,\"height\":400,\"caption\":\"\\\"Semaine du film francophone\\\" avec 14 films au menu\"},{\"@type\":\"BreadcrumbList\",\"@id\":\"https:\\\/\\\/www.webdo.tn\\\/fr\\\/actualite\\\/culture\\\/semaine-du-film-francophone-avec-14-films-au-menu\\\/203770\\\/#breadcrumb\",\"itemListElement\":[{\"@type\":\"ListItem\",\"position\":1,\"name\":\"Accueil\",\"item\":\"https:\\\/\\\/www.webdo.tn\\\/fr\\\/\"},{\"@type\":\"ListItem\",\"position\":2,\"name\":\"\u00ab\u00a0Semaine du film francophone\u00a0\u00bb avec 14 films au menu\"}]},{\"@type\":\"WebSite\",\"@id\":\"https:\\\/\\\/www.webdo.tn\\\/fr\\\/#website\",\"url\":\"https:\\\/\\\/www.webdo.tn\\\/fr\\\/\",\"name\":\"webdo\",\"description\":\"Tunisie - News en Tunisie et \u00e0 l&#039;international sur Webdo.tn\",\"publisher\":{\"@id\":\"https:\\\/\\\/www.webdo.tn\\\/fr\\\/#organization\"},\"potentialAction\":[{\"@type\":\"SearchAction\",\"target\":{\"@type\":\"EntryPoint\",\"urlTemplate\":\"https:\\\/\\\/www.webdo.tn\\\/fr\\\/?s={search_term_string}\"},\"query-input\":{\"@type\":\"PropertyValueSpecification\",\"valueRequired\":true,\"valueName\":\"search_term_string\"}}],\"inLanguage\":\"fr-FR\"},{\"@type\":\"Organization\",\"@id\":\"https:\\\/\\\/www.webdo.tn\\\/fr\\\/#organization\",\"name\":\"Webdo\",\"alternateName\":\"Webdo.tn\",\"url\":\"https:\\\/\\\/www.webdo.tn\\\/fr\\\/\",\"logo\":{\"@type\":\"ImageObject\",\"inLanguage\":\"fr-FR\",\"@id\":\"https:\\\/\\\/www.webdo.tn\\\/fr\\\/#\\\/schema\\\/logo\\\/image\\\/\",\"url\":\"https:\\\/\\\/www.webdo.tn\\\/fr\\\/wp-content\\\/uploads\\\/2025\\\/06\\\/Webdo-Tunisie_168377.jpg\",\"contentUrl\":\"https:\\\/\\\/www.webdo.tn\\\/fr\\\/wp-content\\\/uploads\\\/2025\\\/06\\\/Webdo-Tunisie_168377.jpg\",\"width\":301,\"height\":301,\"caption\":\"Webdo\"},\"image\":{\"@id\":\"https:\\\/\\\/www.webdo.tn\\\/fr\\\/#\\\/schema\\\/logo\\\/image\\\/\"},\"sameAs\":[\"https:\\\/\\\/www.facebook.com\\\/webdotn\",\"https:\\\/\\\/x.com\\\/webdo_tn\"],\"description\":\"Webdo est un m\u00e9dia num\u00e9rique tunisien fond\u00e9 en 2010, sp\u00e9cialis\u00e9 dans l\u2019actualit\u00e9 nationale et internationale, l\u2019\u00e9conomie, la soci\u00e9t\u00e9 et les analyses politiques. Le site s\u2019adresse \u00e0 un large public francophone et couvre l\u2019information tunisienne en temps r\u00e9el.\",\"email\":\"redac@webdo.tn\",\"legalName\":\"YNJ SARL\",\"foundingDate\":\"2010-09-06\",\"numberOfEmployees\":{\"@type\":\"QuantitativeValue\",\"minValue\":\"11\",\"maxValue\":\"50\"}},{\"@type\":\"Person\",\"@id\":\"https:\\\/\\\/www.webdo.tn\\\/fr\\\/#\\\/schema\\\/person\\\/2c4929cbf5a809e3bd38617c6ce150f6\",\"name\":\"MC\",\"image\":{\"@type\":\"ImageObject\",\"inLanguage\":\"fr-FR\",\"@id\":\"https:\\\/\\\/secure.gravatar.com\\\/avatar\\\/a545bbb6f84efdd5553dbbc2895e3ca8f1d12c5215e00a041c9670b54aa9b18a?s=96&d=mm&r=g\",\"url\":\"https:\\\/\\\/secure.gravatar.com\\\/avatar\\\/a545bbb6f84efdd5553dbbc2895e3ca8f1d12c5215e00a041c9670b54aa9b18a?s=96&d=mm&r=g\",\"contentUrl\":\"https:\\\/\\\/secure.gravatar.com\\\/avatar\\\/a545bbb6f84efdd5553dbbc2895e3ca8f1d12c5215e00a041c9670b54aa9b18a?s=96&d=mm&r=g\",\"caption\":\"MC\"},\"url\":\"https:\\\/\\\/www.webdo.tn\\\/fr\\\/actualite\\\/author\\\/mc\\\/\"}]}<\/script>\n<!-- \/ Yoast SEO Premium plugin. -->","yoast_head_json":{"title":"Semaine du film francophone avec 14 films au menu","description":"L'\u00e9dition 2023 des Journ\u00e9es de la Francophonie en Tunisie s\u2019appr\u00eate \u00e0 d\u00e9marrer. Au menu, pi\u00e8ces de th\u00e9\u00e2tre, films documentaires et de fiction, festival de l'hum...","canonical":"https:\/\/www.webdo.tn\/fr\/actualite\/culture\/semaine-du-film-francophone-avec-14-films-au-menu\/203770\/","og_locale":"fr_FR","og_type":"article","og_title":"\"Semaine du film francophone\" avec 14 films au menu","og_description":"L'\u00e9dition 2023 des Journ\u00e9es de la Francophonie en Tunisie s\u2019appr\u00eate \u00e0 d\u00e9marrer. Au menu, pi\u00e8ces de th\u00e9\u00e2tre, films documentaires et de fiction, festival de l'hum...","og_url":"https:\/\/www.webdo.tn\/fr\/actualite\/culture\/semaine-du-film-francophone-avec-14-films-au-menu\/203770\/","og_site_name":"webdo","article_publisher":"https:\/\/www.facebook.com\/webdotn","article_published_time":"2023-03-10T11:15:00+00:00","article_modified_time":"2025-05-20T22:01:45+00:00","og_image":[{"width":750,"height":400,"url":"https:\/\/www.webdo.tn\/fr\/wp-content\/uploads\/2023\/03\/72593c43f78613b56f851d20e1769643.jpg","type":"image\/jpeg"}],"author":"MC","twitter_card":"summary_large_image","twitter_creator":"@webdo_tn","twitter_site":"@webdo_tn","twitter_misc":{"\u00c9crit par":"MC","Dur\u00e9e de lecture estim\u00e9e":"1 minute"},"schema":{"@context":"https:\/\/schema.org","@graph":[{"@type":"NewsArticle","@id":"https:\/\/www.webdo.tn\/fr\/actualite\/culture\/semaine-du-film-francophone-avec-14-films-au-menu\/203770\/#article","isPartOf":{"@id":"https:\/\/www.webdo.tn\/fr\/actualite\/culture\/semaine-du-film-francophone-avec-14-films-au-menu\/203770\/"},"author":{"name":"MC","@id":"https:\/\/www.webdo.tn\/fr\/#\/schema\/person\/2c4929cbf5a809e3bd38617c6ce150f6"},"headline":"\u00ab\u00a0Semaine du film francophone\u00a0\u00bb avec 14 films au menu","datePublished":"2023-03-10T11:15:00+00:00","dateModified":"2025-05-20T22:01:45+00:00","mainEntityOfPage":{"@id":"https:\/\/www.webdo.tn\/fr\/actualite\/culture\/semaine-du-film-francophone-avec-14-films-au-menu\/203770\/"},"wordCount":240,"commentCount":0,"publisher":{"@id":"https:\/\/www.webdo.tn\/fr\/#organization"},"image":{"@id":"https:\/\/www.webdo.tn\/fr\/actualite\/culture\/semaine-du-film-francophone-avec-14-films-au-menu\/203770\/#primaryimage"},"thumbnailUrl":"https:\/\/www.webdo.tn\/fr\/wp-content\/uploads\/2023\/03\/72593c43f78613b56f851d20e1769643.jpg","keywords":["films","Journ\u00e9e internationale de la Francophonie","Tunisie"],"articleSection":["Culture"],"inLanguage":"fr-FR"},{"@type":"WebPage","@id":"https:\/\/www.webdo.tn\/fr\/actualite\/culture\/semaine-du-film-francophone-avec-14-films-au-menu\/203770\/","url":"https:\/\/www.webdo.tn\/fr\/actualite\/culture\/semaine-du-film-francophone-avec-14-films-au-menu\/203770\/","name":"Semaine du film francophone avec 14 films au menu","isPartOf":{"@id":"https:\/\/www.webdo.tn\/fr\/#website"},"primaryImageOfPage":{"@id":"https:\/\/www.webdo.tn\/fr\/actualite\/culture\/semaine-du-film-francophone-avec-14-films-au-menu\/203770\/#primaryimage"},"image":{"@id":"https:\/\/www.webdo.tn\/fr\/actualite\/culture\/semaine-du-film-francophone-avec-14-films-au-menu\/203770\/#primaryimage"},"thumbnailUrl":"https:\/\/www.webdo.tn\/fr\/wp-content\/uploads\/2023\/03\/72593c43f78613b56f851d20e1769643.jpg","datePublished":"2023-03-10T11:15:00+00:00","dateModified":"2025-05-20T22:01:45+00:00","description":"L'\u00e9dition 2023 des Journ\u00e9es de la Francophonie en Tunisie s\u2019appr\u00eate \u00e0 d\u00e9marrer. Au menu, pi\u00e8ces de th\u00e9\u00e2tre, films documentaires et de fiction, festival de l'hum...","breadcrumb":{"@id":"https:\/\/www.webdo.tn\/fr\/actualite\/culture\/semaine-du-film-francophone-avec-14-films-au-menu\/203770\/#breadcrumb"},"inLanguage":"fr-FR","potentialAction":[{"@type":"ReadAction","target":["https:\/\/www.webdo.tn\/fr\/actualite\/culture\/semaine-du-film-francophone-avec-14-films-au-menu\/203770\/"]}]},{"@type":"ImageObject","inLanguage":"fr-FR","@id":"https:\/\/www.webdo.tn\/fr\/actualite\/culture\/semaine-du-film-francophone-avec-14-films-au-menu\/203770\/#primaryimage","url":"https:\/\/www.webdo.tn\/fr\/wp-content\/uploads\/2023\/03\/72593c43f78613b56f851d20e1769643.jpg","contentUrl":"https:\/\/www.webdo.tn\/fr\/wp-content\/uploads\/2023\/03\/72593c43f78613b56f851d20e1769643.jpg","width":750,"height":400,"caption":"\"Semaine du film francophone\" avec 14 films au menu"},{"@type":"BreadcrumbList","@id":"https:\/\/www.webdo.tn\/fr\/actualite\/culture\/semaine-du-film-francophone-avec-14-films-au-menu\/203770\/#breadcrumb","itemListElement":[{"@type":"ListItem","position":1,"name":"Accueil","item":"https:\/\/www.webdo.tn\/fr\/"},{"@type":"ListItem","position":2,"name":"\u00ab\u00a0Semaine du film francophone\u00a0\u00bb avec 14 films au menu"}]},{"@type":"WebSite","@id":"https:\/\/www.webdo.tn\/fr\/#website","url":"https:\/\/www.webdo.tn\/fr\/","name":"webdo","description":"Tunisie - News en Tunisie et \u00e0 l&#039;international sur Webdo.tn","publisher":{"@id":"https:\/\/www.webdo.tn\/fr\/#organization"},"potentialAction":[{"@type":"SearchAction","target":{"@type":"EntryPoint","urlTemplate":"https:\/\/www.webdo.tn\/fr\/?s={search_term_string}"},"query-input":{"@type":"PropertyValueSpecification","valueRequired":true,"valueName":"search_term_string"}}],"inLanguage":"fr-FR"},{"@type":"Organization","@id":"https:\/\/www.webdo.tn\/fr\/#organization","name":"Webdo","alternateName":"Webdo.tn","url":"https:\/\/www.webdo.tn\/fr\/","logo":{"@type":"ImageObject","inLanguage":"fr-FR","@id":"https:\/\/www.webdo.tn\/fr\/#\/schema\/logo\/image\/","url":"https:\/\/www.webdo.tn\/fr\/wp-content\/uploads\/2025\/06\/Webdo-Tunisie_168377.jpg","contentUrl":"https:\/\/www.webdo.tn\/fr\/wp-content\/uploads\/2025\/06\/Webdo-Tunisie_168377.jpg","width":301,"height":301,"caption":"Webdo"},"image":{"@id":"https:\/\/www.webdo.tn\/fr\/#\/schema\/logo\/image\/"},"sameAs":["https:\/\/www.facebook.com\/webdotn","https:\/\/x.com\/webdo_tn"],"description":"Webdo est un m\u00e9dia num\u00e9rique tunisien fond\u00e9 en 2010, sp\u00e9cialis\u00e9 dans l\u2019actualit\u00e9 nationale et internationale, l\u2019\u00e9conomie, la soci\u00e9t\u00e9 et les analyses politiques. Le site s\u2019adresse \u00e0 un large public francophone et couvre l\u2019information tunisienne en temps r\u00e9el.","email":"redac@webdo.tn","legalName":"YNJ SARL","foundingDate":"2010-09-06","numberOfEmployees":{"@type":"QuantitativeValue","minValue":"11","maxValue":"50"}},{"@type":"Person","@id":"https:\/\/www.webdo.tn\/fr\/#\/schema\/person\/2c4929cbf5a809e3bd38617c6ce150f6","name":"MC","image":{"@type":"ImageObject","inLanguage":"fr-FR","@id":"https:\/\/secure.gravatar.com\/avatar\/a545bbb6f84efdd5553dbbc2895e3ca8f1d12c5215e00a041c9670b54aa9b18a?s=96&d=mm&r=g","url":"https:\/\/secure.gravatar.com\/avatar\/a545bbb6f84efdd5553dbbc2895e3ca8f1d12c5215e00a041c9670b54aa9b18a?s=96&d=mm&r=g","contentUrl":"https:\/\/secure.gravatar.com\/avatar\/a545bbb6f84efdd5553dbbc2895e3ca8f1d12c5215e00a041c9670b54aa9b18a?s=96&d=mm&r=g","caption":"MC"},"url":"https:\/\/www.webdo.tn\/fr\/actualite\/author\/mc\/"}]}},"_links":{"self":[{"href":"https:\/\/www.webdo.tn\/fr\/wp-json\/wp\/v2\/posts\/203770","targetHints":{"allow":["GET"]}}],"collection":[{"href":"https:\/\/www.webdo.tn\/fr\/wp-json\/wp\/v2\/posts"}],"about":[{"href":"https:\/\/www.webdo.tn\/fr\/wp-json\/wp\/v2\/types\/post"}],"author":[{"embeddable":true,"href":"https:\/\/www.webdo.tn\/fr\/wp-json\/wp\/v2\/users\/3162"}],"replies":[{"embeddable":true,"href":"https:\/\/www.webdo.tn\/fr\/wp-json\/wp\/v2\/comments?post=203770"}],"version-history":[{"count":0,"href":"https:\/\/www.webdo.tn\/fr\/wp-json\/wp\/v2\/posts\/203770\/revisions"}],"wp:featuredmedia":[{"embeddable":true,"href":"https:\/\/www.webdo.tn\/fr\/wp-json\/wp\/v2\/media\/251771"}],"wp:attachment":[{"href":"https:\/\/www.webdo.tn\/fr\/wp-json\/wp\/v2\/media?parent=203770"}],"wp:term":[{"taxonomy":"category","embeddable":true,"href":"https:\/\/www.webdo.tn\/fr\/wp-json\/wp\/v2\/categories?post=203770"},{"taxonomy":"post_tag","embeddable":true,"href":"https:\/\/www.webdo.tn\/fr\/wp-json\/wp\/v2\/tags?post=203770"}],"curies":[{"name":"wp","href":"https:\/\/api.w.org\/{rel}","templated":true}]}}