{"id":203768,"date":"2023-03-10T10:51:00","date_gmt":"2023-03-10T10:51:00","guid":{"rendered":"https:\/\/www.webdo.tn\/fr\/blog\/barbara-leaf-tres-critique-envers-kais-saied\/203768\/"},"modified":"2025-05-20T22:01:44","modified_gmt":"2025-05-20T22:01:44","slug":"barbara-leaf-tres-critique-envers-kais-saied","status":"publish","type":"post","link":"https:\/\/www.webdo.tn\/fr\/actualite\/national\/barbara-leaf-tres-critique-envers-kais-saied\/203768\/","title":{"rendered":"Barbara Leaf tr\u00e8s critique envers Kais Saied"},"content":{"rendered":"<p>Barbara Leaf, Sous-secr\u00e9taire d&rsquo;\u00c9tat US pour les Affaires du Proche-Orient, a accus\u00e9 Kais Saied d&rsquo;entretenir \u00ab\u00a0un climat de peur parmi les personnes les plus vuln\u00e9rables du pays\u00a0\u00bb.<\/p>\n<p>\t\t\t\t\t\t\t\t\tBarbara Leaf, Sous-secr\u00e9taire d&rsquo;\u00c9tat US pour les Affaires du Proche-Orient a abord\u00e9, lors d\u2019un symposium organis\u00e9 par Al-Monitor, la situation politique en Tunisie.<\/p>\n<p>En r\u00e9ponse \u00e0 une question d&rsquo;Al-Jazeera en marge de ce symposium, elle a d\u00e9clar\u00e9 que \u00ab\u00a0le pr\u00e9sident Kais Saied a amen\u00e9 le pays sur une voie tr\u00e8s \u00e9loign\u00e9e de la voie d\u00e9mocratique\u00a0\u00bb.<\/p>\n<p>Elle a \u00e9galement critiqu\u00e9 les r\u00e9centes d\u00e9clarations de Kais Saied sur les immigr\u00e9s subsahariens et l\u2019a accus\u00e9 d&rsquo;entretenir un \u00ab\u00a0climat de peur parmi les personnes les plus vuln\u00e9rables du pays\u00a0\u00bb.<\/p>\n<p>\u00ab\u00a0Ce qui est particuli\u00e8rement troublant, c\u2019est la mesure dans laquelle ses propos et ceux d&rsquo;autres responsables ont suscit\u00e9 un climat de peur parmi les personnes les plus vuln\u00e9rables du pays, notamment les immigr\u00e9s, les r\u00e9fugi\u00e9s et les demandeurs d&rsquo;asile (\u2026), a-t-elle notamment dit.<\/p>\n","protected":false},"excerpt":{"rendered":"<p>Barbara Leaf, Sous-secr\u00e9taire d&rsquo;\u00c9tat US pour les Affaires du Proche-Orient, a accus\u00e9 Kais Saied d&rsquo;entretenir  un climat de peur parmi les personnes les plus vul&#8230;<\/p>\n","protected":false},"author":3162,"featured_media":251770,"comment_status":"open","ping_status":"closed","sticky":false,"template":"","format":"standard","meta":{"footnotes":""},"categories":[44],"tags":[8349,2614],"class_list":["post-203768","post","type-post","status-publish","format-standard","has-post-thumbnail","hentry","category-national","tag-barbara-leaf","tag-kais-saied"],"yoast_head":"<!-- This site is optimized with the Yoast SEO Premium plugin v27.4 (Yoast SEO v27.5) - https:\/\/yoast.com\/product\/yoast-seo-premium-wordpress\/ -->\n<title>Barbara Leaf tr\u00e8s critique envers Kais Saied<\/title>\n<meta name=\"description\" content=\"Barbara Leaf, Sous-secr\u00e9taire d&#039;\u00c9tat US pour les Affaires du Proche-Orient, a accus\u00e9 Kais Saied d&#039;entretenir un climat de peur parmi les personnes les plus vul...\" \/>\n<link rel=\"canonical\" href=\"https:\/\/www.webdo.tn\/fr\/actualite\/national\/barbara-leaf-tres-critique-envers-kais-saied\/203768\/\" \/>\n<meta property=\"og:locale\" content=\"fr_FR\" \/>\n<meta property=\"og:type\" content=\"article\" \/>\n<meta property=\"og:title\" content=\"Barbara Leaf tr\u00e8s critique envers Kais Saied\" \/>\n<meta property=\"og:description\" content=\"Barbara Leaf, Sous-secr\u00e9taire d&#039;\u00c9tat US pour les Affaires du Proche-Orient, a accus\u00e9 Kais Saied d&#039;entretenir un climat de peur parmi les personnes les plus vul...\" \/>\n<meta property=\"og:url\" content=\"https:\/\/www.webdo.tn\/fr\/actualite\/national\/barbara-leaf-tres-critique-envers-kais-saied\/203768\/\" \/>\n<meta property=\"og:site_name\" content=\"webdo\" \/>\n<meta property=\"article:publisher\" content=\"https:\/\/www.facebook.com\/webdotn\" \/>\n<meta property=\"article:published_time\" content=\"2023-03-10T10:51:00+00:00\" \/>\n<meta property=\"article:modified_time\" content=\"2025-05-20T22:01:44+00:00\" \/>\n<meta property=\"og:image\" content=\"https:\/\/www.webdo.tn\/fr\/wp-content\/uploads\/2023\/03\/2cbe28bd4b180c669ae47ca68b8bc47c.jpg\" \/>\n\t<meta property=\"og:image:width\" content=\"750\" \/>\n\t<meta property=\"og:image:height\" content=\"400\" \/>\n\t<meta property=\"og:image:type\" content=\"image\/jpeg\" \/>\n<meta name=\"author\" content=\"MC\" \/>\n<meta name=\"twitter:card\" content=\"summary_large_image\" \/>\n<meta name=\"twitter:creator\" content=\"@webdo_tn\" \/>\n<meta name=\"twitter:site\" content=\"@webdo_tn\" \/>\n<meta name=\"twitter:label1\" content=\"\u00c9crit par\" \/>\n\t<meta name=\"twitter:data1\" content=\"MC\" \/>\n\t<meta name=\"twitter:label2\" content=\"Dur\u00e9e de lecture estim\u00e9e\" \/>\n\t<meta name=\"twitter:data2\" content=\"1 minute\" \/>\n<script type=\"application\/ld+json\" class=\"yoast-schema-graph\">{\"@context\":\"https:\\\/\\\/schema.org\",\"@graph\":[{\"@type\":\"NewsArticle\",\"@id\":\"https:\\\/\\\/www.webdo.tn\\\/fr\\\/actualite\\\/national\\\/barbara-leaf-tres-critique-envers-kais-saied\\\/203768\\\/#article\",\"isPartOf\":{\"@id\":\"https:\\\/\\\/www.webdo.tn\\\/fr\\\/actualite\\\/national\\\/barbara-leaf-tres-critique-envers-kais-saied\\\/203768\\\/\"},\"author\":{\"name\":\"MC\",\"@id\":\"https:\\\/\\\/www.webdo.tn\\\/fr\\\/#\\\/schema\\\/person\\\/2c4929cbf5a809e3bd38617c6ce150f6\"},\"headline\":\"Barbara Leaf tr\u00e8s critique envers Kais Saied\",\"datePublished\":\"2023-03-10T10:51:00+00:00\",\"dateModified\":\"2025-05-20T22:01:44+00:00\",\"mainEntityOfPage\":{\"@id\":\"https:\\\/\\\/www.webdo.tn\\\/fr\\\/actualite\\\/national\\\/barbara-leaf-tres-critique-envers-kais-saied\\\/203768\\\/\"},\"wordCount\":189,\"commentCount\":0,\"publisher\":{\"@id\":\"https:\\\/\\\/www.webdo.tn\\\/fr\\\/#organization\"},\"image\":{\"@id\":\"https:\\\/\\\/www.webdo.tn\\\/fr\\\/actualite\\\/national\\\/barbara-leaf-tres-critique-envers-kais-saied\\\/203768\\\/#primaryimage\"},\"thumbnailUrl\":\"https:\\\/\\\/www.webdo.tn\\\/fr\\\/wp-content\\\/uploads\\\/2023\\\/03\\\/2cbe28bd4b180c669ae47ca68b8bc47c.jpg\",\"keywords\":[\"barbara leaf\",\"Kais Saied\"],\"articleSection\":[\"National\"],\"inLanguage\":\"fr-FR\"},{\"@type\":\"WebPage\",\"@id\":\"https:\\\/\\\/www.webdo.tn\\\/fr\\\/actualite\\\/national\\\/barbara-leaf-tres-critique-envers-kais-saied\\\/203768\\\/\",\"url\":\"https:\\\/\\\/www.webdo.tn\\\/fr\\\/actualite\\\/national\\\/barbara-leaf-tres-critique-envers-kais-saied\\\/203768\\\/\",\"name\":\"Barbara Leaf tr\u00e8s critique envers Kais Saied\",\"isPartOf\":{\"@id\":\"https:\\\/\\\/www.webdo.tn\\\/fr\\\/#website\"},\"primaryImageOfPage\":{\"@id\":\"https:\\\/\\\/www.webdo.tn\\\/fr\\\/actualite\\\/national\\\/barbara-leaf-tres-critique-envers-kais-saied\\\/203768\\\/#primaryimage\"},\"image\":{\"@id\":\"https:\\\/\\\/www.webdo.tn\\\/fr\\\/actualite\\\/national\\\/barbara-leaf-tres-critique-envers-kais-saied\\\/203768\\\/#primaryimage\"},\"thumbnailUrl\":\"https:\\\/\\\/www.webdo.tn\\\/fr\\\/wp-content\\\/uploads\\\/2023\\\/03\\\/2cbe28bd4b180c669ae47ca68b8bc47c.jpg\",\"datePublished\":\"2023-03-10T10:51:00+00:00\",\"dateModified\":\"2025-05-20T22:01:44+00:00\",\"description\":\"Barbara Leaf, Sous-secr\u00e9taire d'\u00c9tat US pour les Affaires du Proche-Orient, a accus\u00e9 Kais Saied d'entretenir un climat de peur parmi les personnes les plus vul...\",\"breadcrumb\":{\"@id\":\"https:\\\/\\\/www.webdo.tn\\\/fr\\\/actualite\\\/national\\\/barbara-leaf-tres-critique-envers-kais-saied\\\/203768\\\/#breadcrumb\"},\"inLanguage\":\"fr-FR\",\"potentialAction\":[{\"@type\":\"ReadAction\",\"target\":[\"https:\\\/\\\/www.webdo.tn\\\/fr\\\/actualite\\\/national\\\/barbara-leaf-tres-critique-envers-kais-saied\\\/203768\\\/\"]}]},{\"@type\":\"ImageObject\",\"inLanguage\":\"fr-FR\",\"@id\":\"https:\\\/\\\/www.webdo.tn\\\/fr\\\/actualite\\\/national\\\/barbara-leaf-tres-critique-envers-kais-saied\\\/203768\\\/#primaryimage\",\"url\":\"https:\\\/\\\/www.webdo.tn\\\/fr\\\/wp-content\\\/uploads\\\/2023\\\/03\\\/2cbe28bd4b180c669ae47ca68b8bc47c.jpg\",\"contentUrl\":\"https:\\\/\\\/www.webdo.tn\\\/fr\\\/wp-content\\\/uploads\\\/2023\\\/03\\\/2cbe28bd4b180c669ae47ca68b8bc47c.jpg\",\"width\":750,\"height\":400,\"caption\":\"Barbara Leaf tr\u00e8s critique envers Kais Saied\"},{\"@type\":\"BreadcrumbList\",\"@id\":\"https:\\\/\\\/www.webdo.tn\\\/fr\\\/actualite\\\/national\\\/barbara-leaf-tres-critique-envers-kais-saied\\\/203768\\\/#breadcrumb\",\"itemListElement\":[{\"@type\":\"ListItem\",\"position\":1,\"name\":\"Accueil\",\"item\":\"https:\\\/\\\/www.webdo.tn\\\/fr\\\/\"},{\"@type\":\"ListItem\",\"position\":2,\"name\":\"Barbara Leaf tr\u00e8s critique envers Kais Saied\"}]},{\"@type\":\"WebSite\",\"@id\":\"https:\\\/\\\/www.webdo.tn\\\/fr\\\/#website\",\"url\":\"https:\\\/\\\/www.webdo.tn\\\/fr\\\/\",\"name\":\"webdo\",\"description\":\"Tunisie - News en Tunisie et \u00e0 l&#039;international sur Webdo.tn\",\"publisher\":{\"@id\":\"https:\\\/\\\/www.webdo.tn\\\/fr\\\/#organization\"},\"potentialAction\":[{\"@type\":\"SearchAction\",\"target\":{\"@type\":\"EntryPoint\",\"urlTemplate\":\"https:\\\/\\\/www.webdo.tn\\\/fr\\\/?s={search_term_string}\"},\"query-input\":{\"@type\":\"PropertyValueSpecification\",\"valueRequired\":true,\"valueName\":\"search_term_string\"}}],\"inLanguage\":\"fr-FR\"},{\"@type\":\"Organization\",\"@id\":\"https:\\\/\\\/www.webdo.tn\\\/fr\\\/#organization\",\"name\":\"Webdo\",\"alternateName\":\"Webdo.tn\",\"url\":\"https:\\\/\\\/www.webdo.tn\\\/fr\\\/\",\"logo\":{\"@type\":\"ImageObject\",\"inLanguage\":\"fr-FR\",\"@id\":\"https:\\\/\\\/www.webdo.tn\\\/fr\\\/#\\\/schema\\\/logo\\\/image\\\/\",\"url\":\"https:\\\/\\\/www.webdo.tn\\\/fr\\\/wp-content\\\/uploads\\\/2025\\\/06\\\/Webdo-Tunisie_168377.jpg\",\"contentUrl\":\"https:\\\/\\\/www.webdo.tn\\\/fr\\\/wp-content\\\/uploads\\\/2025\\\/06\\\/Webdo-Tunisie_168377.jpg\",\"width\":301,\"height\":301,\"caption\":\"Webdo\"},\"image\":{\"@id\":\"https:\\\/\\\/www.webdo.tn\\\/fr\\\/#\\\/schema\\\/logo\\\/image\\\/\"},\"sameAs\":[\"https:\\\/\\\/www.facebook.com\\\/webdotn\",\"https:\\\/\\\/x.com\\\/webdo_tn\"],\"description\":\"Webdo est un m\u00e9dia num\u00e9rique tunisien fond\u00e9 en 2010, sp\u00e9cialis\u00e9 dans l\u2019actualit\u00e9 nationale et internationale, l\u2019\u00e9conomie, la soci\u00e9t\u00e9 et les analyses politiques. Le site s\u2019adresse \u00e0 un large public francophone et couvre l\u2019information tunisienne en temps r\u00e9el.\",\"email\":\"redac@webdo.tn\",\"legalName\":\"YNJ SARL\",\"foundingDate\":\"2010-09-06\",\"numberOfEmployees\":{\"@type\":\"QuantitativeValue\",\"minValue\":\"11\",\"maxValue\":\"50\"}},{\"@type\":\"Person\",\"@id\":\"https:\\\/\\\/www.webdo.tn\\\/fr\\\/#\\\/schema\\\/person\\\/2c4929cbf5a809e3bd38617c6ce150f6\",\"name\":\"MC\",\"image\":{\"@type\":\"ImageObject\",\"inLanguage\":\"fr-FR\",\"@id\":\"https:\\\/\\\/secure.gravatar.com\\\/avatar\\\/a545bbb6f84efdd5553dbbc2895e3ca8f1d12c5215e00a041c9670b54aa9b18a?s=96&d=mm&r=g\",\"url\":\"https:\\\/\\\/secure.gravatar.com\\\/avatar\\\/a545bbb6f84efdd5553dbbc2895e3ca8f1d12c5215e00a041c9670b54aa9b18a?s=96&d=mm&r=g\",\"contentUrl\":\"https:\\\/\\\/secure.gravatar.com\\\/avatar\\\/a545bbb6f84efdd5553dbbc2895e3ca8f1d12c5215e00a041c9670b54aa9b18a?s=96&d=mm&r=g\",\"caption\":\"MC\"},\"url\":\"https:\\\/\\\/www.webdo.tn\\\/fr\\\/actualite\\\/author\\\/mc\\\/\"}]}<\/script>\n<!-- \/ Yoast SEO Premium plugin. -->","yoast_head_json":{"title":"Barbara Leaf tr\u00e8s critique envers Kais Saied","description":"Barbara Leaf, Sous-secr\u00e9taire d'\u00c9tat US pour les Affaires du Proche-Orient, a accus\u00e9 Kais Saied d'entretenir un climat de peur parmi les personnes les plus vul...","canonical":"https:\/\/www.webdo.tn\/fr\/actualite\/national\/barbara-leaf-tres-critique-envers-kais-saied\/203768\/","og_locale":"fr_FR","og_type":"article","og_title":"Barbara Leaf tr\u00e8s critique envers Kais Saied","og_description":"Barbara Leaf, Sous-secr\u00e9taire d'\u00c9tat US pour les Affaires du Proche-Orient, a accus\u00e9 Kais Saied d'entretenir un climat de peur parmi les personnes les plus vul...","og_url":"https:\/\/www.webdo.tn\/fr\/actualite\/national\/barbara-leaf-tres-critique-envers-kais-saied\/203768\/","og_site_name":"webdo","article_publisher":"https:\/\/www.facebook.com\/webdotn","article_published_time":"2023-03-10T10:51:00+00:00","article_modified_time":"2025-05-20T22:01:44+00:00","og_image":[{"width":750,"height":400,"url":"https:\/\/www.webdo.tn\/fr\/wp-content\/uploads\/2023\/03\/2cbe28bd4b180c669ae47ca68b8bc47c.jpg","type":"image\/jpeg"}],"author":"MC","twitter_card":"summary_large_image","twitter_creator":"@webdo_tn","twitter_site":"@webdo_tn","twitter_misc":{"\u00c9crit par":"MC","Dur\u00e9e de lecture estim\u00e9e":"1 minute"},"schema":{"@context":"https:\/\/schema.org","@graph":[{"@type":"NewsArticle","@id":"https:\/\/www.webdo.tn\/fr\/actualite\/national\/barbara-leaf-tres-critique-envers-kais-saied\/203768\/#article","isPartOf":{"@id":"https:\/\/www.webdo.tn\/fr\/actualite\/national\/barbara-leaf-tres-critique-envers-kais-saied\/203768\/"},"author":{"name":"MC","@id":"https:\/\/www.webdo.tn\/fr\/#\/schema\/person\/2c4929cbf5a809e3bd38617c6ce150f6"},"headline":"Barbara Leaf tr\u00e8s critique envers Kais Saied","datePublished":"2023-03-10T10:51:00+00:00","dateModified":"2025-05-20T22:01:44+00:00","mainEntityOfPage":{"@id":"https:\/\/www.webdo.tn\/fr\/actualite\/national\/barbara-leaf-tres-critique-envers-kais-saied\/203768\/"},"wordCount":189,"commentCount":0,"publisher":{"@id":"https:\/\/www.webdo.tn\/fr\/#organization"},"image":{"@id":"https:\/\/www.webdo.tn\/fr\/actualite\/national\/barbara-leaf-tres-critique-envers-kais-saied\/203768\/#primaryimage"},"thumbnailUrl":"https:\/\/www.webdo.tn\/fr\/wp-content\/uploads\/2023\/03\/2cbe28bd4b180c669ae47ca68b8bc47c.jpg","keywords":["barbara leaf","Kais Saied"],"articleSection":["National"],"inLanguage":"fr-FR"},{"@type":"WebPage","@id":"https:\/\/www.webdo.tn\/fr\/actualite\/national\/barbara-leaf-tres-critique-envers-kais-saied\/203768\/","url":"https:\/\/www.webdo.tn\/fr\/actualite\/national\/barbara-leaf-tres-critique-envers-kais-saied\/203768\/","name":"Barbara Leaf tr\u00e8s critique envers Kais Saied","isPartOf":{"@id":"https:\/\/www.webdo.tn\/fr\/#website"},"primaryImageOfPage":{"@id":"https:\/\/www.webdo.tn\/fr\/actualite\/national\/barbara-leaf-tres-critique-envers-kais-saied\/203768\/#primaryimage"},"image":{"@id":"https:\/\/www.webdo.tn\/fr\/actualite\/national\/barbara-leaf-tres-critique-envers-kais-saied\/203768\/#primaryimage"},"thumbnailUrl":"https:\/\/www.webdo.tn\/fr\/wp-content\/uploads\/2023\/03\/2cbe28bd4b180c669ae47ca68b8bc47c.jpg","datePublished":"2023-03-10T10:51:00+00:00","dateModified":"2025-05-20T22:01:44+00:00","description":"Barbara Leaf, Sous-secr\u00e9taire d'\u00c9tat US pour les Affaires du Proche-Orient, a accus\u00e9 Kais Saied d'entretenir un climat de peur parmi les personnes les plus vul...","breadcrumb":{"@id":"https:\/\/www.webdo.tn\/fr\/actualite\/national\/barbara-leaf-tres-critique-envers-kais-saied\/203768\/#breadcrumb"},"inLanguage":"fr-FR","potentialAction":[{"@type":"ReadAction","target":["https:\/\/www.webdo.tn\/fr\/actualite\/national\/barbara-leaf-tres-critique-envers-kais-saied\/203768\/"]}]},{"@type":"ImageObject","inLanguage":"fr-FR","@id":"https:\/\/www.webdo.tn\/fr\/actualite\/national\/barbara-leaf-tres-critique-envers-kais-saied\/203768\/#primaryimage","url":"https:\/\/www.webdo.tn\/fr\/wp-content\/uploads\/2023\/03\/2cbe28bd4b180c669ae47ca68b8bc47c.jpg","contentUrl":"https:\/\/www.webdo.tn\/fr\/wp-content\/uploads\/2023\/03\/2cbe28bd4b180c669ae47ca68b8bc47c.jpg","width":750,"height":400,"caption":"Barbara Leaf tr\u00e8s critique envers Kais Saied"},{"@type":"BreadcrumbList","@id":"https:\/\/www.webdo.tn\/fr\/actualite\/national\/barbara-leaf-tres-critique-envers-kais-saied\/203768\/#breadcrumb","itemListElement":[{"@type":"ListItem","position":1,"name":"Accueil","item":"https:\/\/www.webdo.tn\/fr\/"},{"@type":"ListItem","position":2,"name":"Barbara Leaf tr\u00e8s critique envers Kais Saied"}]},{"@type":"WebSite","@id":"https:\/\/www.webdo.tn\/fr\/#website","url":"https:\/\/www.webdo.tn\/fr\/","name":"webdo","description":"Tunisie - News en Tunisie et \u00e0 l&#039;international sur Webdo.tn","publisher":{"@id":"https:\/\/www.webdo.tn\/fr\/#organization"},"potentialAction":[{"@type":"SearchAction","target":{"@type":"EntryPoint","urlTemplate":"https:\/\/www.webdo.tn\/fr\/?s={search_term_string}"},"query-input":{"@type":"PropertyValueSpecification","valueRequired":true,"valueName":"search_term_string"}}],"inLanguage":"fr-FR"},{"@type":"Organization","@id":"https:\/\/www.webdo.tn\/fr\/#organization","name":"Webdo","alternateName":"Webdo.tn","url":"https:\/\/www.webdo.tn\/fr\/","logo":{"@type":"ImageObject","inLanguage":"fr-FR","@id":"https:\/\/www.webdo.tn\/fr\/#\/schema\/logo\/image\/","url":"https:\/\/www.webdo.tn\/fr\/wp-content\/uploads\/2025\/06\/Webdo-Tunisie_168377.jpg","contentUrl":"https:\/\/www.webdo.tn\/fr\/wp-content\/uploads\/2025\/06\/Webdo-Tunisie_168377.jpg","width":301,"height":301,"caption":"Webdo"},"image":{"@id":"https:\/\/www.webdo.tn\/fr\/#\/schema\/logo\/image\/"},"sameAs":["https:\/\/www.facebook.com\/webdotn","https:\/\/x.com\/webdo_tn"],"description":"Webdo est un m\u00e9dia num\u00e9rique tunisien fond\u00e9 en 2010, sp\u00e9cialis\u00e9 dans l\u2019actualit\u00e9 nationale et internationale, l\u2019\u00e9conomie, la soci\u00e9t\u00e9 et les analyses politiques. Le site s\u2019adresse \u00e0 un large public francophone et couvre l\u2019information tunisienne en temps r\u00e9el.","email":"redac@webdo.tn","legalName":"YNJ SARL","foundingDate":"2010-09-06","numberOfEmployees":{"@type":"QuantitativeValue","minValue":"11","maxValue":"50"}},{"@type":"Person","@id":"https:\/\/www.webdo.tn\/fr\/#\/schema\/person\/2c4929cbf5a809e3bd38617c6ce150f6","name":"MC","image":{"@type":"ImageObject","inLanguage":"fr-FR","@id":"https:\/\/secure.gravatar.com\/avatar\/a545bbb6f84efdd5553dbbc2895e3ca8f1d12c5215e00a041c9670b54aa9b18a?s=96&d=mm&r=g","url":"https:\/\/secure.gravatar.com\/avatar\/a545bbb6f84efdd5553dbbc2895e3ca8f1d12c5215e00a041c9670b54aa9b18a?s=96&d=mm&r=g","contentUrl":"https:\/\/secure.gravatar.com\/avatar\/a545bbb6f84efdd5553dbbc2895e3ca8f1d12c5215e00a041c9670b54aa9b18a?s=96&d=mm&r=g","caption":"MC"},"url":"https:\/\/www.webdo.tn\/fr\/actualite\/author\/mc\/"}]}},"_links":{"self":[{"href":"https:\/\/www.webdo.tn\/fr\/wp-json\/wp\/v2\/posts\/203768","targetHints":{"allow":["GET"]}}],"collection":[{"href":"https:\/\/www.webdo.tn\/fr\/wp-json\/wp\/v2\/posts"}],"about":[{"href":"https:\/\/www.webdo.tn\/fr\/wp-json\/wp\/v2\/types\/post"}],"author":[{"embeddable":true,"href":"https:\/\/www.webdo.tn\/fr\/wp-json\/wp\/v2\/users\/3162"}],"replies":[{"embeddable":true,"href":"https:\/\/www.webdo.tn\/fr\/wp-json\/wp\/v2\/comments?post=203768"}],"version-history":[{"count":0,"href":"https:\/\/www.webdo.tn\/fr\/wp-json\/wp\/v2\/posts\/203768\/revisions"}],"wp:featuredmedia":[{"embeddable":true,"href":"https:\/\/www.webdo.tn\/fr\/wp-json\/wp\/v2\/media\/251770"}],"wp:attachment":[{"href":"https:\/\/www.webdo.tn\/fr\/wp-json\/wp\/v2\/media?parent=203768"}],"wp:term":[{"taxonomy":"category","embeddable":true,"href":"https:\/\/www.webdo.tn\/fr\/wp-json\/wp\/v2\/categories?post=203768"},{"taxonomy":"post_tag","embeddable":true,"href":"https:\/\/www.webdo.tn\/fr\/wp-json\/wp\/v2\/tags?post=203768"}],"curies":[{"name":"wp","href":"https:\/\/api.w.org\/{rel}","templated":true}]}}