{"id":203763,"date":"2023-03-10T09:14:00","date_gmt":"2023-03-10T09:14:00","guid":{"rendered":"https:\/\/www.webdo.tn\/fr\/blog\/l-atb-remporte-deux-trophees-a-l-occasion-de-la-journee-internationale-des-droits-de-la-femme\/203763\/"},"modified":"2025-05-20T22:32:53","modified_gmt":"2025-05-20T22:32:53","slug":"l-atb-remporte-deux-trophees-a-l-occasion-de-la-journee-internationale-des-droits-de-la-femme","status":"publish","type":"post","link":"https:\/\/www.webdo.tn\/fr\/actualite\/national\/l-atb-remporte-deux-trophees-a-l-occasion-de-la-journee-internationale-des-droits-de-la-femme\/203763\/","title":{"rendered":"L\u2019ATB remporte deux troph\u00e9es \u00e0 l\u2019occasion de la Journ\u00e9e internationale des droits de la Femme"},"content":{"rendered":"<p>Lors d\u2019une c\u00e9r\u00e9monie organis\u00e9e par Femmes Maghr\u00e9bines, tenue dans la soir\u00e9e de mercredi 8 mars \u00e0 l&rsquo;h\u00f4tel Africa &#8211; Tunis, l\u2019Arab Tunisian Bank s\u2019est vu d\u00e9cerner deux troph\u00e9es dans le cadre de la premi\u00e8re \u00e9dition du \u00ab Troph\u00e9e de la Parit\u00e9 Professionnelle \u00bb. La banque avait pr\u00e9sent\u00e9 au jury les actions \u00e0 impact social et citoyen.<\/p>\n<p>\t\t\t\t\t\t\t\t\tRappelons notre engagement sur les projets suivants :<\/p>\n<p>* Soutien \u00e0 l\u2019ONG Cawtar, le 16 f\u00e9vrier 2023, dans la communication de son application SafeNess contre les violences faites aux femmes en mobilisant son r\u00e9seau de partenaires m\u00e9diatiques.<\/p>\n<p>* Participation depuis trois ans, aux Troph\u00e9es des Femmes Entrepreneures de Tunisie organis\u00e9s par \u00ab Managers \u00bb et appui de la laur\u00e9ate pour acc\u00e9der \u00e0 des prospections commerciales d\u2019envergure.<\/p>\n<p>* No\u00ebl en mettant \u00e0 disposition des stands qui ont rassembl\u00e9 des artisanes, des cr\u00e9atrices et des productrices locales et r\u00e9gionales.<\/p>\n<p>* Participation au projet SAWI visant \u00e0 d\u00e9velopper des plans d\u2019action nationaux pour l\u2019inclusion responsable des femmes dans les \u00e9conomies formelles dans la r\u00e9gion MENA. Ce projet vise aussi \u00e0 cartographier les politiques actuelles de recrutement, de r\u00e9tention et de promotion dans les pays arabes.<\/p>\n<p>A travers ses actions citoyennes, l\u2019ATB n\u2019a de cesse de renforcer et de valoriser le r\u00f4le des femmes dans les instituions et dans l\u2019\u00e9cosyst\u00e8me entrepreneurial.<\/p>\n<p>La banque s\u2019est faite une tradition dans le d\u00e9veloppement des partenariats pour renforcer l\u2019autonomisation \u00e9conomique des femmes.<\/p>\n<p>Align\u00e9e aux objectifs de d\u00e9veloppement durable, la banque fait de l\u2019ODD 5 son cheval de bataille pour renforcer la situation de la femme dans le milieu professionnel.<\/p>\n<p>De par la diversification de ses produits et sa strat\u00e9gie RSE, la banque s\u2019inscrit pleinement dans le sillage des ODD pour faire en sorte que tous les \u00eatres humains vivent dans la paix et la prosp\u00e9rit\u00e9 d\u2019ici \u00e0 2030.<\/p>\n","protected":false},"excerpt":{"rendered":"<p>L&rsquo;ATB s\u2019est vu d\u00e9cerner deux troph\u00e9es dans le cadre de la premi\u00e8re \u00e9dition du \u00ab Troph\u00e9e de la Parit\u00e9 Professionnelle \u00bb.<\/p>\n","protected":false},"author":3169,"featured_media":251768,"comment_status":"open","ping_status":"closed","sticky":false,"template":"","format":"standard","meta":{"footnotes":""},"categories":[44],"tags":[8338,8705],"class_list":["post-203763","post","type-post","status-publish","format-standard","has-post-thumbnail","hentry","category-national","tag-atb","tag-journee-internationale-des-droits-de-la-femme"],"yoast_head":"<!-- This site is optimized with the Yoast SEO Premium plugin v27.5 (Yoast SEO v27.5) - https:\/\/yoast.com\/product\/yoast-seo-premium-wordpress\/ -->\n<title>L\u2019ATB remporte deux troph\u00e9es \u00e0 l\u2019occasion de la Journ\u00e9e internationale des droits de la Femme<\/title>\n<meta name=\"description\" content=\"L&#039;ATB s\u2019est vu d\u00e9cerner deux troph\u00e9es dans le cadre de la premi\u00e8re \u00e9dition du \u00ab Troph\u00e9e de la Parit\u00e9 Professionnelle \u00bb.\" \/>\n<link rel=\"canonical\" href=\"https:\/\/www.webdo.tn\/fr\/actualite\/national\/l-atb-remporte-deux-trophees-a-l-occasion-de-la-journee-internationale-des-droits-de-la-femme\/203763\/\" \/>\n<meta property=\"og:locale\" content=\"fr_FR\" \/>\n<meta property=\"og:type\" content=\"article\" \/>\n<meta property=\"og:title\" content=\"L\u2019ATB remporte deux troph\u00e9es \u00e0 l\u2019occasion de la Journ\u00e9e internationale des droits de la Femme\" \/>\n<meta property=\"og:description\" content=\"L&#039;ATB s\u2019est vu d\u00e9cerner deux troph\u00e9es dans le cadre de la premi\u00e8re \u00e9dition du \u00ab Troph\u00e9e de la Parit\u00e9 Professionnelle \u00bb.\" \/>\n<meta property=\"og:url\" content=\"https:\/\/www.webdo.tn\/fr\/actualite\/national\/l-atb-remporte-deux-trophees-a-l-occasion-de-la-journee-internationale-des-droits-de-la-femme\/203763\/\" \/>\n<meta property=\"og:site_name\" content=\"webdo\" \/>\n<meta property=\"article:publisher\" content=\"https:\/\/www.facebook.com\/webdotn\" \/>\n<meta property=\"article:published_time\" content=\"2023-03-10T09:14:00+00:00\" \/>\n<meta property=\"article:modified_time\" content=\"2025-05-20T22:32:53+00:00\" \/>\n<meta property=\"og:image\" content=\"https:\/\/www.webdo.tn\/fr\/wp-content\/uploads\/2023\/03\/b208d81967e232582669d172b1686a38.jpg\" \/>\n\t<meta property=\"og:image:width\" content=\"750\" \/>\n\t<meta property=\"og:image:height\" content=\"400\" \/>\n\t<meta property=\"og:image:type\" content=\"image\/jpeg\" \/>\n<meta name=\"author\" content=\"Webdo\" \/>\n<meta name=\"twitter:card\" content=\"summary_large_image\" \/>\n<meta name=\"twitter:creator\" content=\"@webdo_tn\" \/>\n<meta name=\"twitter:site\" content=\"@webdo_tn\" \/>\n<meta name=\"twitter:label1\" content=\"\u00c9crit par\" \/>\n\t<meta name=\"twitter:data1\" content=\"Webdo\" \/>\n\t<meta name=\"twitter:label2\" content=\"Dur\u00e9e de lecture estim\u00e9e\" \/>\n\t<meta name=\"twitter:data2\" content=\"2 minutes\" \/>\n<script type=\"application\/ld+json\" class=\"yoast-schema-graph\">{\"@context\":\"https:\\\/\\\/schema.org\",\"@graph\":[{\"@type\":\"NewsArticle\",\"@id\":\"https:\\\/\\\/www.webdo.tn\\\/fr\\\/actualite\\\/national\\\/l-atb-remporte-deux-trophees-a-l-occasion-de-la-journee-internationale-des-droits-de-la-femme\\\/203763\\\/#article\",\"isPartOf\":{\"@id\":\"https:\\\/\\\/www.webdo.tn\\\/fr\\\/actualite\\\/national\\\/l-atb-remporte-deux-trophees-a-l-occasion-de-la-journee-internationale-des-droits-de-la-femme\\\/203763\\\/\"},\"author\":{\"name\":\"Webdo\",\"@id\":\"https:\\\/\\\/www.webdo.tn\\\/fr\\\/#\\\/schema\\\/person\\\/1f4e491e0907b413d61089e8eb573acc\"},\"headline\":\"L\u2019ATB remporte deux troph\u00e9es \u00e0 l\u2019occasion de la Journ\u00e9e internationale des droits de la Femme\",\"datePublished\":\"2023-03-10T09:14:00+00:00\",\"dateModified\":\"2025-05-20T22:32:53+00:00\",\"mainEntityOfPage\":{\"@id\":\"https:\\\/\\\/www.webdo.tn\\\/fr\\\/actualite\\\/national\\\/l-atb-remporte-deux-trophees-a-l-occasion-de-la-journee-internationale-des-droits-de-la-femme\\\/203763\\\/\"},\"wordCount\":339,\"commentCount\":0,\"publisher\":{\"@id\":\"https:\\\/\\\/www.webdo.tn\\\/fr\\\/#organization\"},\"image\":{\"@id\":\"https:\\\/\\\/www.webdo.tn\\\/fr\\\/actualite\\\/national\\\/l-atb-remporte-deux-trophees-a-l-occasion-de-la-journee-internationale-des-droits-de-la-femme\\\/203763\\\/#primaryimage\"},\"thumbnailUrl\":\"https:\\\/\\\/www.webdo.tn\\\/fr\\\/wp-content\\\/uploads\\\/2023\\\/03\\\/b208d81967e232582669d172b1686a38.jpg\",\"keywords\":[\"ATB\",\"Journ\u00e9e internationale des droits de la Femme\"],\"articleSection\":[\"National\"],\"inLanguage\":\"fr-FR\"},{\"@type\":\"WebPage\",\"@id\":\"https:\\\/\\\/www.webdo.tn\\\/fr\\\/actualite\\\/national\\\/l-atb-remporte-deux-trophees-a-l-occasion-de-la-journee-internationale-des-droits-de-la-femme\\\/203763\\\/\",\"url\":\"https:\\\/\\\/www.webdo.tn\\\/fr\\\/actualite\\\/national\\\/l-atb-remporte-deux-trophees-a-l-occasion-de-la-journee-internationale-des-droits-de-la-femme\\\/203763\\\/\",\"name\":\"L\u2019ATB remporte deux troph\u00e9es \u00e0 l\u2019occasion de la Journ\u00e9e internationale des droits de la Femme\",\"isPartOf\":{\"@id\":\"https:\\\/\\\/www.webdo.tn\\\/fr\\\/#website\"},\"primaryImageOfPage\":{\"@id\":\"https:\\\/\\\/www.webdo.tn\\\/fr\\\/actualite\\\/national\\\/l-atb-remporte-deux-trophees-a-l-occasion-de-la-journee-internationale-des-droits-de-la-femme\\\/203763\\\/#primaryimage\"},\"image\":{\"@id\":\"https:\\\/\\\/www.webdo.tn\\\/fr\\\/actualite\\\/national\\\/l-atb-remporte-deux-trophees-a-l-occasion-de-la-journee-internationale-des-droits-de-la-femme\\\/203763\\\/#primaryimage\"},\"thumbnailUrl\":\"https:\\\/\\\/www.webdo.tn\\\/fr\\\/wp-content\\\/uploads\\\/2023\\\/03\\\/b208d81967e232582669d172b1686a38.jpg\",\"datePublished\":\"2023-03-10T09:14:00+00:00\",\"dateModified\":\"2025-05-20T22:32:53+00:00\",\"description\":\"L'ATB s\u2019est vu d\u00e9cerner deux troph\u00e9es dans le cadre de la premi\u00e8re \u00e9dition du \u00ab Troph\u00e9e de la Parit\u00e9 Professionnelle \u00bb.\",\"breadcrumb\":{\"@id\":\"https:\\\/\\\/www.webdo.tn\\\/fr\\\/actualite\\\/national\\\/l-atb-remporte-deux-trophees-a-l-occasion-de-la-journee-internationale-des-droits-de-la-femme\\\/203763\\\/#breadcrumb\"},\"inLanguage\":\"fr-FR\",\"potentialAction\":[{\"@type\":\"ReadAction\",\"target\":[\"https:\\\/\\\/www.webdo.tn\\\/fr\\\/actualite\\\/national\\\/l-atb-remporte-deux-trophees-a-l-occasion-de-la-journee-internationale-des-droits-de-la-femme\\\/203763\\\/\"]}]},{\"@type\":\"ImageObject\",\"inLanguage\":\"fr-FR\",\"@id\":\"https:\\\/\\\/www.webdo.tn\\\/fr\\\/actualite\\\/national\\\/l-atb-remporte-deux-trophees-a-l-occasion-de-la-journee-internationale-des-droits-de-la-femme\\\/203763\\\/#primaryimage\",\"url\":\"https:\\\/\\\/www.webdo.tn\\\/fr\\\/wp-content\\\/uploads\\\/2023\\\/03\\\/b208d81967e232582669d172b1686a38.jpg\",\"contentUrl\":\"https:\\\/\\\/www.webdo.tn\\\/fr\\\/wp-content\\\/uploads\\\/2023\\\/03\\\/b208d81967e232582669d172b1686a38.jpg\",\"width\":750,\"height\":400,\"caption\":\"L\u2019ATB remporte deux troph\u00e9es \u00e0 l\u2019occasion de la Journ\u00e9e internationale des droits de la Femme\"},{\"@type\":\"BreadcrumbList\",\"@id\":\"https:\\\/\\\/www.webdo.tn\\\/fr\\\/actualite\\\/national\\\/l-atb-remporte-deux-trophees-a-l-occasion-de-la-journee-internationale-des-droits-de-la-femme\\\/203763\\\/#breadcrumb\",\"itemListElement\":[{\"@type\":\"ListItem\",\"position\":1,\"name\":\"Accueil\",\"item\":\"https:\\\/\\\/www.webdo.tn\\\/fr\\\/\"},{\"@type\":\"ListItem\",\"position\":2,\"name\":\"L\u2019ATB remporte deux troph\u00e9es \u00e0 l\u2019occasion de la Journ\u00e9e internationale des droits de la Femme\"}]},{\"@type\":\"WebSite\",\"@id\":\"https:\\\/\\\/www.webdo.tn\\\/fr\\\/#website\",\"url\":\"https:\\\/\\\/www.webdo.tn\\\/fr\\\/\",\"name\":\"webdo\",\"description\":\"Tunisie - News en Tunisie et \u00e0 l&#039;international sur Webdo.tn\",\"publisher\":{\"@id\":\"https:\\\/\\\/www.webdo.tn\\\/fr\\\/#organization\"},\"potentialAction\":[{\"@type\":\"SearchAction\",\"target\":{\"@type\":\"EntryPoint\",\"urlTemplate\":\"https:\\\/\\\/www.webdo.tn\\\/fr\\\/?s={search_term_string}\"},\"query-input\":{\"@type\":\"PropertyValueSpecification\",\"valueRequired\":true,\"valueName\":\"search_term_string\"}}],\"inLanguage\":\"fr-FR\"},{\"@type\":\"Organization\",\"@id\":\"https:\\\/\\\/www.webdo.tn\\\/fr\\\/#organization\",\"name\":\"Webdo\",\"alternateName\":\"Webdo.tn\",\"url\":\"https:\\\/\\\/www.webdo.tn\\\/fr\\\/\",\"logo\":{\"@type\":\"ImageObject\",\"inLanguage\":\"fr-FR\",\"@id\":\"https:\\\/\\\/www.webdo.tn\\\/fr\\\/#\\\/schema\\\/logo\\\/image\\\/\",\"url\":\"https:\\\/\\\/www.webdo.tn\\\/fr\\\/wp-content\\\/uploads\\\/2025\\\/06\\\/Webdo-Tunisie_168377.jpg\",\"contentUrl\":\"https:\\\/\\\/www.webdo.tn\\\/fr\\\/wp-content\\\/uploads\\\/2025\\\/06\\\/Webdo-Tunisie_168377.jpg\",\"width\":301,\"height\":301,\"caption\":\"Webdo\"},\"image\":{\"@id\":\"https:\\\/\\\/www.webdo.tn\\\/fr\\\/#\\\/schema\\\/logo\\\/image\\\/\"},\"sameAs\":[\"https:\\\/\\\/www.facebook.com\\\/webdotn\",\"https:\\\/\\\/x.com\\\/webdo_tn\"],\"description\":\"Webdo est un m\u00e9dia num\u00e9rique tunisien fond\u00e9 en 2010, sp\u00e9cialis\u00e9 dans l\u2019actualit\u00e9 nationale et internationale, l\u2019\u00e9conomie, la soci\u00e9t\u00e9 et les analyses politiques. Le site s\u2019adresse \u00e0 un large public francophone et couvre l\u2019information tunisienne en temps r\u00e9el.\",\"email\":\"redac@webdo.tn\",\"legalName\":\"YNJ SARL\",\"foundingDate\":\"2010-09-06\",\"numberOfEmployees\":{\"@type\":\"QuantitativeValue\",\"minValue\":\"11\",\"maxValue\":\"50\"}},{\"@type\":\"Person\",\"@id\":\"https:\\\/\\\/www.webdo.tn\\\/fr\\\/#\\\/schema\\\/person\\\/1f4e491e0907b413d61089e8eb573acc\",\"name\":\"Webdo\",\"image\":{\"@type\":\"ImageObject\",\"inLanguage\":\"fr-FR\",\"@id\":\"https:\\\/\\\/secure.gravatar.com\\\/avatar\\\/de97aeec1bb80978a9dbb127e47dfc88aaacb2f3c29aac907d8d3222e3495d49?s=96&d=mm&r=g\",\"url\":\"https:\\\/\\\/secure.gravatar.com\\\/avatar\\\/de97aeec1bb80978a9dbb127e47dfc88aaacb2f3c29aac907d8d3222e3495d49?s=96&d=mm&r=g\",\"contentUrl\":\"https:\\\/\\\/secure.gravatar.com\\\/avatar\\\/de97aeec1bb80978a9dbb127e47dfc88aaacb2f3c29aac907d8d3222e3495d49?s=96&d=mm&r=g\",\"caption\":\"Webdo\"},\"url\":\"https:\\\/\\\/www.webdo.tn\\\/fr\\\/actualite\\\/author\\\/webdo\\\/\"}]}<\/script>\n<!-- \/ Yoast SEO Premium plugin. -->","yoast_head_json":{"title":"L\u2019ATB remporte deux troph\u00e9es \u00e0 l\u2019occasion de la Journ\u00e9e internationale des droits de la Femme","description":"L'ATB s\u2019est vu d\u00e9cerner deux troph\u00e9es dans le cadre de la premi\u00e8re \u00e9dition du \u00ab Troph\u00e9e de la Parit\u00e9 Professionnelle \u00bb.","canonical":"https:\/\/www.webdo.tn\/fr\/actualite\/national\/l-atb-remporte-deux-trophees-a-l-occasion-de-la-journee-internationale-des-droits-de-la-femme\/203763\/","og_locale":"fr_FR","og_type":"article","og_title":"L\u2019ATB remporte deux troph\u00e9es \u00e0 l\u2019occasion de la Journ\u00e9e internationale des droits de la Femme","og_description":"L'ATB s\u2019est vu d\u00e9cerner deux troph\u00e9es dans le cadre de la premi\u00e8re \u00e9dition du \u00ab Troph\u00e9e de la Parit\u00e9 Professionnelle \u00bb.","og_url":"https:\/\/www.webdo.tn\/fr\/actualite\/national\/l-atb-remporte-deux-trophees-a-l-occasion-de-la-journee-internationale-des-droits-de-la-femme\/203763\/","og_site_name":"webdo","article_publisher":"https:\/\/www.facebook.com\/webdotn","article_published_time":"2023-03-10T09:14:00+00:00","article_modified_time":"2025-05-20T22:32:53+00:00","og_image":[{"width":750,"height":400,"url":"https:\/\/www.webdo.tn\/fr\/wp-content\/uploads\/2023\/03\/b208d81967e232582669d172b1686a38.jpg","type":"image\/jpeg"}],"author":"Webdo","twitter_card":"summary_large_image","twitter_creator":"@webdo_tn","twitter_site":"@webdo_tn","twitter_misc":{"\u00c9crit par":"Webdo","Dur\u00e9e de lecture estim\u00e9e":"2 minutes"},"schema":{"@context":"https:\/\/schema.org","@graph":[{"@type":"NewsArticle","@id":"https:\/\/www.webdo.tn\/fr\/actualite\/national\/l-atb-remporte-deux-trophees-a-l-occasion-de-la-journee-internationale-des-droits-de-la-femme\/203763\/#article","isPartOf":{"@id":"https:\/\/www.webdo.tn\/fr\/actualite\/national\/l-atb-remporte-deux-trophees-a-l-occasion-de-la-journee-internationale-des-droits-de-la-femme\/203763\/"},"author":{"name":"Webdo","@id":"https:\/\/www.webdo.tn\/fr\/#\/schema\/person\/1f4e491e0907b413d61089e8eb573acc"},"headline":"L\u2019ATB remporte deux troph\u00e9es \u00e0 l\u2019occasion de la Journ\u00e9e internationale des droits de la Femme","datePublished":"2023-03-10T09:14:00+00:00","dateModified":"2025-05-20T22:32:53+00:00","mainEntityOfPage":{"@id":"https:\/\/www.webdo.tn\/fr\/actualite\/national\/l-atb-remporte-deux-trophees-a-l-occasion-de-la-journee-internationale-des-droits-de-la-femme\/203763\/"},"wordCount":339,"commentCount":0,"publisher":{"@id":"https:\/\/www.webdo.tn\/fr\/#organization"},"image":{"@id":"https:\/\/www.webdo.tn\/fr\/actualite\/national\/l-atb-remporte-deux-trophees-a-l-occasion-de-la-journee-internationale-des-droits-de-la-femme\/203763\/#primaryimage"},"thumbnailUrl":"https:\/\/www.webdo.tn\/fr\/wp-content\/uploads\/2023\/03\/b208d81967e232582669d172b1686a38.jpg","keywords":["ATB","Journ\u00e9e internationale des droits de la Femme"],"articleSection":["National"],"inLanguage":"fr-FR"},{"@type":"WebPage","@id":"https:\/\/www.webdo.tn\/fr\/actualite\/national\/l-atb-remporte-deux-trophees-a-l-occasion-de-la-journee-internationale-des-droits-de-la-femme\/203763\/","url":"https:\/\/www.webdo.tn\/fr\/actualite\/national\/l-atb-remporte-deux-trophees-a-l-occasion-de-la-journee-internationale-des-droits-de-la-femme\/203763\/","name":"L\u2019ATB remporte deux troph\u00e9es \u00e0 l\u2019occasion de la Journ\u00e9e internationale des droits de la Femme","isPartOf":{"@id":"https:\/\/www.webdo.tn\/fr\/#website"},"primaryImageOfPage":{"@id":"https:\/\/www.webdo.tn\/fr\/actualite\/national\/l-atb-remporte-deux-trophees-a-l-occasion-de-la-journee-internationale-des-droits-de-la-femme\/203763\/#primaryimage"},"image":{"@id":"https:\/\/www.webdo.tn\/fr\/actualite\/national\/l-atb-remporte-deux-trophees-a-l-occasion-de-la-journee-internationale-des-droits-de-la-femme\/203763\/#primaryimage"},"thumbnailUrl":"https:\/\/www.webdo.tn\/fr\/wp-content\/uploads\/2023\/03\/b208d81967e232582669d172b1686a38.jpg","datePublished":"2023-03-10T09:14:00+00:00","dateModified":"2025-05-20T22:32:53+00:00","description":"L'ATB s\u2019est vu d\u00e9cerner deux troph\u00e9es dans le cadre de la premi\u00e8re \u00e9dition du \u00ab Troph\u00e9e de la Parit\u00e9 Professionnelle \u00bb.","breadcrumb":{"@id":"https:\/\/www.webdo.tn\/fr\/actualite\/national\/l-atb-remporte-deux-trophees-a-l-occasion-de-la-journee-internationale-des-droits-de-la-femme\/203763\/#breadcrumb"},"inLanguage":"fr-FR","potentialAction":[{"@type":"ReadAction","target":["https:\/\/www.webdo.tn\/fr\/actualite\/national\/l-atb-remporte-deux-trophees-a-l-occasion-de-la-journee-internationale-des-droits-de-la-femme\/203763\/"]}]},{"@type":"ImageObject","inLanguage":"fr-FR","@id":"https:\/\/www.webdo.tn\/fr\/actualite\/national\/l-atb-remporte-deux-trophees-a-l-occasion-de-la-journee-internationale-des-droits-de-la-femme\/203763\/#primaryimage","url":"https:\/\/www.webdo.tn\/fr\/wp-content\/uploads\/2023\/03\/b208d81967e232582669d172b1686a38.jpg","contentUrl":"https:\/\/www.webdo.tn\/fr\/wp-content\/uploads\/2023\/03\/b208d81967e232582669d172b1686a38.jpg","width":750,"height":400,"caption":"L\u2019ATB remporte deux troph\u00e9es \u00e0 l\u2019occasion de la Journ\u00e9e internationale des droits de la Femme"},{"@type":"BreadcrumbList","@id":"https:\/\/www.webdo.tn\/fr\/actualite\/national\/l-atb-remporte-deux-trophees-a-l-occasion-de-la-journee-internationale-des-droits-de-la-femme\/203763\/#breadcrumb","itemListElement":[{"@type":"ListItem","position":1,"name":"Accueil","item":"https:\/\/www.webdo.tn\/fr\/"},{"@type":"ListItem","position":2,"name":"L\u2019ATB remporte deux troph\u00e9es \u00e0 l\u2019occasion de la Journ\u00e9e internationale des droits de la Femme"}]},{"@type":"WebSite","@id":"https:\/\/www.webdo.tn\/fr\/#website","url":"https:\/\/www.webdo.tn\/fr\/","name":"webdo","description":"Tunisie - News en Tunisie et \u00e0 l&#039;international sur Webdo.tn","publisher":{"@id":"https:\/\/www.webdo.tn\/fr\/#organization"},"potentialAction":[{"@type":"SearchAction","target":{"@type":"EntryPoint","urlTemplate":"https:\/\/www.webdo.tn\/fr\/?s={search_term_string}"},"query-input":{"@type":"PropertyValueSpecification","valueRequired":true,"valueName":"search_term_string"}}],"inLanguage":"fr-FR"},{"@type":"Organization","@id":"https:\/\/www.webdo.tn\/fr\/#organization","name":"Webdo","alternateName":"Webdo.tn","url":"https:\/\/www.webdo.tn\/fr\/","logo":{"@type":"ImageObject","inLanguage":"fr-FR","@id":"https:\/\/www.webdo.tn\/fr\/#\/schema\/logo\/image\/","url":"https:\/\/www.webdo.tn\/fr\/wp-content\/uploads\/2025\/06\/Webdo-Tunisie_168377.jpg","contentUrl":"https:\/\/www.webdo.tn\/fr\/wp-content\/uploads\/2025\/06\/Webdo-Tunisie_168377.jpg","width":301,"height":301,"caption":"Webdo"},"image":{"@id":"https:\/\/www.webdo.tn\/fr\/#\/schema\/logo\/image\/"},"sameAs":["https:\/\/www.facebook.com\/webdotn","https:\/\/x.com\/webdo_tn"],"description":"Webdo est un m\u00e9dia num\u00e9rique tunisien fond\u00e9 en 2010, sp\u00e9cialis\u00e9 dans l\u2019actualit\u00e9 nationale et internationale, l\u2019\u00e9conomie, la soci\u00e9t\u00e9 et les analyses politiques. Le site s\u2019adresse \u00e0 un large public francophone et couvre l\u2019information tunisienne en temps r\u00e9el.","email":"redac@webdo.tn","legalName":"YNJ SARL","foundingDate":"2010-09-06","numberOfEmployees":{"@type":"QuantitativeValue","minValue":"11","maxValue":"50"}},{"@type":"Person","@id":"https:\/\/www.webdo.tn\/fr\/#\/schema\/person\/1f4e491e0907b413d61089e8eb573acc","name":"Webdo","image":{"@type":"ImageObject","inLanguage":"fr-FR","@id":"https:\/\/secure.gravatar.com\/avatar\/de97aeec1bb80978a9dbb127e47dfc88aaacb2f3c29aac907d8d3222e3495d49?s=96&d=mm&r=g","url":"https:\/\/secure.gravatar.com\/avatar\/de97aeec1bb80978a9dbb127e47dfc88aaacb2f3c29aac907d8d3222e3495d49?s=96&d=mm&r=g","contentUrl":"https:\/\/secure.gravatar.com\/avatar\/de97aeec1bb80978a9dbb127e47dfc88aaacb2f3c29aac907d8d3222e3495d49?s=96&d=mm&r=g","caption":"Webdo"},"url":"https:\/\/www.webdo.tn\/fr\/actualite\/author\/webdo\/"}]}},"_links":{"self":[{"href":"https:\/\/www.webdo.tn\/fr\/wp-json\/wp\/v2\/posts\/203763","targetHints":{"allow":["GET"]}}],"collection":[{"href":"https:\/\/www.webdo.tn\/fr\/wp-json\/wp\/v2\/posts"}],"about":[{"href":"https:\/\/www.webdo.tn\/fr\/wp-json\/wp\/v2\/types\/post"}],"author":[{"embeddable":true,"href":"https:\/\/www.webdo.tn\/fr\/wp-json\/wp\/v2\/users\/3169"}],"replies":[{"embeddable":true,"href":"https:\/\/www.webdo.tn\/fr\/wp-json\/wp\/v2\/comments?post=203763"}],"version-history":[{"count":0,"href":"https:\/\/www.webdo.tn\/fr\/wp-json\/wp\/v2\/posts\/203763\/revisions"}],"wp:featuredmedia":[{"embeddable":true,"href":"https:\/\/www.webdo.tn\/fr\/wp-json\/wp\/v2\/media\/251768"}],"wp:attachment":[{"href":"https:\/\/www.webdo.tn\/fr\/wp-json\/wp\/v2\/media?parent=203763"}],"wp:term":[{"taxonomy":"category","embeddable":true,"href":"https:\/\/www.webdo.tn\/fr\/wp-json\/wp\/v2\/categories?post=203763"},{"taxonomy":"post_tag","embeddable":true,"href":"https:\/\/www.webdo.tn\/fr\/wp-json\/wp\/v2\/tags?post=203763"}],"curies":[{"name":"wp","href":"https:\/\/api.w.org\/{rel}","templated":true}]}}