{"id":203759,"date":"2023-03-10T08:43:00","date_gmt":"2023-03-10T08:43:00","guid":{"rendered":"https:\/\/www.webdo.tn\/fr\/blog\/une-deuxieme-deputee-condamnee-amel-meddeb-ecope-de-4-mois-de-prison-avec-sursis\/203759\/"},"modified":"2025-05-20T22:07:57","modified_gmt":"2025-05-20T22:07:57","slug":"une-deuxieme-deputee-condamnee-amel-meddeb-ecope-de-4-mois-de-prison-avec-sursis","status":"publish","type":"post","link":"https:\/\/www.webdo.tn\/fr\/actualite\/national\/une-deuxieme-deputee-condamnee-amel-meddeb-ecope-de-4-mois-de-prison-avec-sursis\/203759\/","title":{"rendered":"Une deuxi\u00e8me d\u00e9put\u00e9e condamn\u00e9e : Amel Meddeb \u00e9cope de 4 mois de prison avec sursis"},"content":{"rendered":"<p>Une d\u00e9put\u00e9e, fra\u00eechement \u00e9lue au nouveau Parlement a \u00e9t\u00e9 condamn\u00e9e \u00e0 quatre mois de prison avec sursis. C\u2019est la deuxi\u00e8me d\u00e9put\u00e9e condamn\u00e9e cette semaine !<\/p>\n<p>\t\t\t\t\t\t\t\t\tLa Chambre p\u00e9nale du Tribunal de premi\u00e8re instance de Tunis a condamn\u00e9, ce jeudi 9 mars 2023, la d\u00e9put\u00e9e Amel Meddeb, \u00e0 quatre mois de prison avec sursis pour avoir \u00e9tabli une attestation de r\u00e9sidence non conforme.<\/p>\n<p>Amel Meddeb, d\u00e9put\u00e9e, \u00e9lus d\u00e8s le premi\u00e8re tour des \u00e9lections l\u00e9gislatives, a fait l\u2019objet d\u2019un mandat de d\u00e9p\u00f4t \u00e9mis mardi 7 mars \u00e0 son encontre.<\/p>\n<p>En effet, une plainte avait \u00e9t\u00e9 d\u00e9pos\u00e9e par un candidat aux l\u00e9gislatives contre la d\u00e9put\u00e9e fra\u00eechement \u00e9lue pour la circonscription de La Medina-Bab Souika. Mais Amel Meddeb n&rsquo;habiterait pas dans la circonscription \u00e9lectorale \u00e0 laquelle elle s&rsquo;\u00e9tait port\u00e9e candidate.<\/p>\n<p>Pour sa d\u00e9fense, la d\u00e9put\u00e9e avait affirm\u00e9 avoir plusieurs adresses et avoir habit\u00e9 auparavant dans cette circonscription.<\/p>\n<p>Mercredi, la d\u00e9put\u00e9e Olfa Marouani, relevant d\u2019une des circonscriptions de Ben Arous, a \u00e9t\u00e9 condamn\u00e9e \u00e0 une peine de huit mois de prison par la Chambre correctionnelle au Tribunal de premi\u00e8re instance de Ben Arous.<\/p>\n<p>Elle a \u00e9t\u00e9 traduite avec trois autres accus\u00e9s devant le tribunal pour atteinte \u00e0 autrui sur les r\u00e9seaux sociaux suite \u00e0 la plainte d\u2019un fonctionnaire.<\/p>\n","protected":false},"excerpt":{"rendered":"<p>Une d\u00e9put\u00e9e, fra\u00eechement \u00e9lue au nouveau Parlement a \u00e9t\u00e9 condamn\u00e9e \u00e0 quatre mois de prison avec sursis. C\u2019est la deuxi\u00e8me d\u00e9put\u00e9e condamn\u00e9e cette semaine !<\/p>\n","protected":false},"author":3162,"featured_media":277886,"comment_status":"open","ping_status":"closed","sticky":false,"template":"","format":"standard","meta":{"footnotes":""},"categories":[44],"tags":[2835,7632,4585],"class_list":["post-203759","post","type-post","status-publish","format-standard","has-post-thumbnail","hentry","category-national","tag-condamnation","tag-deputee","tag-sursis"],"yoast_head":"<!-- This site is optimized with the Yoast SEO Premium plugin v27.5 (Yoast SEO v27.5) - https:\/\/yoast.com\/product\/yoast-seo-premium-wordpress\/ -->\n<title>Une deuxi\u00e8me d\u00e9put\u00e9e condamn\u00e9e : Amel Meddeb \u00e9cope de 4 mois de prison avec sursis<\/title>\n<meta name=\"description\" content=\"Une d\u00e9put\u00e9e, fra\u00eechement \u00e9lue au nouveau Parlement a \u00e9t\u00e9 condamn\u00e9e \u00e0 quatre mois de prison avec sursis. C\u2019est la deuxi\u00e8me d\u00e9put\u00e9e condamn\u00e9e cette semaine !\" \/>\n<link rel=\"canonical\" href=\"https:\/\/www.webdo.tn\/fr\/actualite\/national\/une-deuxieme-deputee-condamnee-amel-meddeb-ecope-de-4-mois-de-prison-avec-sursis\/203759\/\" \/>\n<meta property=\"og:locale\" content=\"fr_FR\" \/>\n<meta property=\"og:type\" content=\"article\" \/>\n<meta property=\"og:title\" content=\"Une deuxi\u00e8me d\u00e9put\u00e9e condamn\u00e9e : Amel Meddeb \u00e9cope de 4 mois de prison avec sursis\" \/>\n<meta property=\"og:description\" content=\"Une d\u00e9put\u00e9e, fra\u00eechement \u00e9lue au nouveau Parlement a \u00e9t\u00e9 condamn\u00e9e \u00e0 quatre mois de prison avec sursis. C\u2019est la deuxi\u00e8me d\u00e9put\u00e9e condamn\u00e9e cette semaine !\" \/>\n<meta property=\"og:url\" content=\"https:\/\/www.webdo.tn\/fr\/actualite\/national\/une-deuxieme-deputee-condamnee-amel-meddeb-ecope-de-4-mois-de-prison-avec-sursis\/203759\/\" \/>\n<meta property=\"og:site_name\" content=\"webdo\" \/>\n<meta property=\"article:publisher\" content=\"https:\/\/www.facebook.com\/webdotn\" \/>\n<meta property=\"article:published_time\" content=\"2023-03-10T08:43:00+00:00\" \/>\n<meta property=\"article:modified_time\" content=\"2025-05-20T22:07:57+00:00\" \/>\n<meta property=\"og:image\" content=\"https:\/\/www.webdo.tn\/fr\/wp-content\/uploads\/2023\/03\/bf5e80f76bf8c01da343496402dc135e.jpg\" \/>\n\t<meta property=\"og:image:width\" content=\"750\" \/>\n\t<meta property=\"og:image:height\" content=\"400\" \/>\n\t<meta property=\"og:image:type\" content=\"image\/jpeg\" \/>\n<meta name=\"author\" content=\"MC\" \/>\n<meta name=\"twitter:card\" content=\"summary_large_image\" \/>\n<meta name=\"twitter:creator\" content=\"@webdo_tn\" \/>\n<meta name=\"twitter:site\" content=\"@webdo_tn\" \/>\n<meta name=\"twitter:label1\" content=\"\u00c9crit par\" \/>\n\t<meta name=\"twitter:data1\" content=\"MC\" \/>\n\t<meta name=\"twitter:label2\" content=\"Dur\u00e9e de lecture estim\u00e9e\" \/>\n\t<meta name=\"twitter:data2\" content=\"1 minute\" \/>\n<script type=\"application\/ld+json\" class=\"yoast-schema-graph\">{\"@context\":\"https:\\\/\\\/schema.org\",\"@graph\":[{\"@type\":\"NewsArticle\",\"@id\":\"https:\\\/\\\/www.webdo.tn\\\/fr\\\/actualite\\\/national\\\/une-deuxieme-deputee-condamnee-amel-meddeb-ecope-de-4-mois-de-prison-avec-sursis\\\/203759\\\/#article\",\"isPartOf\":{\"@id\":\"https:\\\/\\\/www.webdo.tn\\\/fr\\\/actualite\\\/national\\\/une-deuxieme-deputee-condamnee-amel-meddeb-ecope-de-4-mois-de-prison-avec-sursis\\\/203759\\\/\"},\"author\":{\"name\":\"MC\",\"@id\":\"https:\\\/\\\/www.webdo.tn\\\/fr\\\/#\\\/schema\\\/person\\\/2c4929cbf5a809e3bd38617c6ce150f6\"},\"headline\":\"Une deuxi\u00e8me d\u00e9put\u00e9e condamn\u00e9e : Amel Meddeb \u00e9cope de 4 mois de prison avec sursis\",\"datePublished\":\"2023-03-10T08:43:00+00:00\",\"dateModified\":\"2025-05-20T22:07:57+00:00\",\"mainEntityOfPage\":{\"@id\":\"https:\\\/\\\/www.webdo.tn\\\/fr\\\/actualite\\\/national\\\/une-deuxieme-deputee-condamnee-amel-meddeb-ecope-de-4-mois-de-prison-avec-sursis\\\/203759\\\/\"},\"wordCount\":252,\"commentCount\":0,\"publisher\":{\"@id\":\"https:\\\/\\\/www.webdo.tn\\\/fr\\\/#organization\"},\"image\":{\"@id\":\"https:\\\/\\\/www.webdo.tn\\\/fr\\\/actualite\\\/national\\\/une-deuxieme-deputee-condamnee-amel-meddeb-ecope-de-4-mois-de-prison-avec-sursis\\\/203759\\\/#primaryimage\"},\"thumbnailUrl\":\"https:\\\/\\\/www.webdo.tn\\\/fr\\\/wp-content\\\/uploads\\\/2023\\\/03\\\/bf5e80f76bf8c01da343496402dc135e.jpg\",\"keywords\":[\"condamnation\",\"D\u00e9put\u00e9e\",\"sursis\"],\"articleSection\":[\"National\"],\"inLanguage\":\"fr-FR\"},{\"@type\":\"WebPage\",\"@id\":\"https:\\\/\\\/www.webdo.tn\\\/fr\\\/actualite\\\/national\\\/une-deuxieme-deputee-condamnee-amel-meddeb-ecope-de-4-mois-de-prison-avec-sursis\\\/203759\\\/\",\"url\":\"https:\\\/\\\/www.webdo.tn\\\/fr\\\/actualite\\\/national\\\/une-deuxieme-deputee-condamnee-amel-meddeb-ecope-de-4-mois-de-prison-avec-sursis\\\/203759\\\/\",\"name\":\"Une deuxi\u00e8me d\u00e9put\u00e9e condamn\u00e9e : Amel Meddeb \u00e9cope de 4 mois de prison avec sursis\",\"isPartOf\":{\"@id\":\"https:\\\/\\\/www.webdo.tn\\\/fr\\\/#website\"},\"primaryImageOfPage\":{\"@id\":\"https:\\\/\\\/www.webdo.tn\\\/fr\\\/actualite\\\/national\\\/une-deuxieme-deputee-condamnee-amel-meddeb-ecope-de-4-mois-de-prison-avec-sursis\\\/203759\\\/#primaryimage\"},\"image\":{\"@id\":\"https:\\\/\\\/www.webdo.tn\\\/fr\\\/actualite\\\/national\\\/une-deuxieme-deputee-condamnee-amel-meddeb-ecope-de-4-mois-de-prison-avec-sursis\\\/203759\\\/#primaryimage\"},\"thumbnailUrl\":\"https:\\\/\\\/www.webdo.tn\\\/fr\\\/wp-content\\\/uploads\\\/2023\\\/03\\\/bf5e80f76bf8c01da343496402dc135e.jpg\",\"datePublished\":\"2023-03-10T08:43:00+00:00\",\"dateModified\":\"2025-05-20T22:07:57+00:00\",\"description\":\"Une d\u00e9put\u00e9e, fra\u00eechement \u00e9lue au nouveau Parlement a \u00e9t\u00e9 condamn\u00e9e \u00e0 quatre mois de prison avec sursis. C\u2019est la deuxi\u00e8me d\u00e9put\u00e9e condamn\u00e9e cette semaine !\",\"breadcrumb\":{\"@id\":\"https:\\\/\\\/www.webdo.tn\\\/fr\\\/actualite\\\/national\\\/une-deuxieme-deputee-condamnee-amel-meddeb-ecope-de-4-mois-de-prison-avec-sursis\\\/203759\\\/#breadcrumb\"},\"inLanguage\":\"fr-FR\",\"potentialAction\":[{\"@type\":\"ReadAction\",\"target\":[\"https:\\\/\\\/www.webdo.tn\\\/fr\\\/actualite\\\/national\\\/une-deuxieme-deputee-condamnee-amel-meddeb-ecope-de-4-mois-de-prison-avec-sursis\\\/203759\\\/\"]}]},{\"@type\":\"ImageObject\",\"inLanguage\":\"fr-FR\",\"@id\":\"https:\\\/\\\/www.webdo.tn\\\/fr\\\/actualite\\\/national\\\/une-deuxieme-deputee-condamnee-amel-meddeb-ecope-de-4-mois-de-prison-avec-sursis\\\/203759\\\/#primaryimage\",\"url\":\"https:\\\/\\\/www.webdo.tn\\\/fr\\\/wp-content\\\/uploads\\\/2023\\\/03\\\/bf5e80f76bf8c01da343496402dc135e.jpg\",\"contentUrl\":\"https:\\\/\\\/www.webdo.tn\\\/fr\\\/wp-content\\\/uploads\\\/2023\\\/03\\\/bf5e80f76bf8c01da343496402dc135e.jpg\",\"width\":750,\"height\":400,\"caption\":\"Une deuxi\u00e8me d\u00e9put\u00e9e condamn\u00e9e : Amel Meddeb \u00e9cope de 4 mois de prison avec sursis\"},{\"@type\":\"BreadcrumbList\",\"@id\":\"https:\\\/\\\/www.webdo.tn\\\/fr\\\/actualite\\\/national\\\/une-deuxieme-deputee-condamnee-amel-meddeb-ecope-de-4-mois-de-prison-avec-sursis\\\/203759\\\/#breadcrumb\",\"itemListElement\":[{\"@type\":\"ListItem\",\"position\":1,\"name\":\"Accueil\",\"item\":\"https:\\\/\\\/www.webdo.tn\\\/fr\\\/\"},{\"@type\":\"ListItem\",\"position\":2,\"name\":\"Une deuxi\u00e8me d\u00e9put\u00e9e condamn\u00e9e : Amel Meddeb \u00e9cope de 4 mois de prison avec sursis\"}]},{\"@type\":\"WebSite\",\"@id\":\"https:\\\/\\\/www.webdo.tn\\\/fr\\\/#website\",\"url\":\"https:\\\/\\\/www.webdo.tn\\\/fr\\\/\",\"name\":\"webdo\",\"description\":\"Tunisie - News en Tunisie et \u00e0 l&#039;international sur Webdo.tn\",\"publisher\":{\"@id\":\"https:\\\/\\\/www.webdo.tn\\\/fr\\\/#organization\"},\"potentialAction\":[{\"@type\":\"SearchAction\",\"target\":{\"@type\":\"EntryPoint\",\"urlTemplate\":\"https:\\\/\\\/www.webdo.tn\\\/fr\\\/?s={search_term_string}\"},\"query-input\":{\"@type\":\"PropertyValueSpecification\",\"valueRequired\":true,\"valueName\":\"search_term_string\"}}],\"inLanguage\":\"fr-FR\"},{\"@type\":\"Organization\",\"@id\":\"https:\\\/\\\/www.webdo.tn\\\/fr\\\/#organization\",\"name\":\"Webdo\",\"alternateName\":\"Webdo.tn\",\"url\":\"https:\\\/\\\/www.webdo.tn\\\/fr\\\/\",\"logo\":{\"@type\":\"ImageObject\",\"inLanguage\":\"fr-FR\",\"@id\":\"https:\\\/\\\/www.webdo.tn\\\/fr\\\/#\\\/schema\\\/logo\\\/image\\\/\",\"url\":\"https:\\\/\\\/www.webdo.tn\\\/fr\\\/wp-content\\\/uploads\\\/2025\\\/06\\\/Webdo-Tunisie_168377.jpg\",\"contentUrl\":\"https:\\\/\\\/www.webdo.tn\\\/fr\\\/wp-content\\\/uploads\\\/2025\\\/06\\\/Webdo-Tunisie_168377.jpg\",\"width\":301,\"height\":301,\"caption\":\"Webdo\"},\"image\":{\"@id\":\"https:\\\/\\\/www.webdo.tn\\\/fr\\\/#\\\/schema\\\/logo\\\/image\\\/\"},\"sameAs\":[\"https:\\\/\\\/www.facebook.com\\\/webdotn\",\"https:\\\/\\\/x.com\\\/webdo_tn\"],\"description\":\"Webdo est un m\u00e9dia num\u00e9rique tunisien fond\u00e9 en 2010, sp\u00e9cialis\u00e9 dans l\u2019actualit\u00e9 nationale et internationale, l\u2019\u00e9conomie, la soci\u00e9t\u00e9 et les analyses politiques. Le site s\u2019adresse \u00e0 un large public francophone et couvre l\u2019information tunisienne en temps r\u00e9el.\",\"email\":\"redac@webdo.tn\",\"legalName\":\"YNJ SARL\",\"foundingDate\":\"2010-09-06\",\"numberOfEmployees\":{\"@type\":\"QuantitativeValue\",\"minValue\":\"11\",\"maxValue\":\"50\"}},{\"@type\":\"Person\",\"@id\":\"https:\\\/\\\/www.webdo.tn\\\/fr\\\/#\\\/schema\\\/person\\\/2c4929cbf5a809e3bd38617c6ce150f6\",\"name\":\"MC\",\"image\":{\"@type\":\"ImageObject\",\"inLanguage\":\"fr-FR\",\"@id\":\"https:\\\/\\\/secure.gravatar.com\\\/avatar\\\/a545bbb6f84efdd5553dbbc2895e3ca8f1d12c5215e00a041c9670b54aa9b18a?s=96&d=mm&r=g\",\"url\":\"https:\\\/\\\/secure.gravatar.com\\\/avatar\\\/a545bbb6f84efdd5553dbbc2895e3ca8f1d12c5215e00a041c9670b54aa9b18a?s=96&d=mm&r=g\",\"contentUrl\":\"https:\\\/\\\/secure.gravatar.com\\\/avatar\\\/a545bbb6f84efdd5553dbbc2895e3ca8f1d12c5215e00a041c9670b54aa9b18a?s=96&d=mm&r=g\",\"caption\":\"MC\"},\"url\":\"https:\\\/\\\/www.webdo.tn\\\/fr\\\/actualite\\\/author\\\/mc\\\/\"}]}<\/script>\n<!-- \/ Yoast SEO Premium plugin. -->","yoast_head_json":{"title":"Une deuxi\u00e8me d\u00e9put\u00e9e condamn\u00e9e : Amel Meddeb \u00e9cope de 4 mois de prison avec sursis","description":"Une d\u00e9put\u00e9e, fra\u00eechement \u00e9lue au nouveau Parlement a \u00e9t\u00e9 condamn\u00e9e \u00e0 quatre mois de prison avec sursis. C\u2019est la deuxi\u00e8me d\u00e9put\u00e9e condamn\u00e9e cette semaine !","canonical":"https:\/\/www.webdo.tn\/fr\/actualite\/national\/une-deuxieme-deputee-condamnee-amel-meddeb-ecope-de-4-mois-de-prison-avec-sursis\/203759\/","og_locale":"fr_FR","og_type":"article","og_title":"Une deuxi\u00e8me d\u00e9put\u00e9e condamn\u00e9e : Amel Meddeb \u00e9cope de 4 mois de prison avec sursis","og_description":"Une d\u00e9put\u00e9e, fra\u00eechement \u00e9lue au nouveau Parlement a \u00e9t\u00e9 condamn\u00e9e \u00e0 quatre mois de prison avec sursis. C\u2019est la deuxi\u00e8me d\u00e9put\u00e9e condamn\u00e9e cette semaine !","og_url":"https:\/\/www.webdo.tn\/fr\/actualite\/national\/une-deuxieme-deputee-condamnee-amel-meddeb-ecope-de-4-mois-de-prison-avec-sursis\/203759\/","og_site_name":"webdo","article_publisher":"https:\/\/www.facebook.com\/webdotn","article_published_time":"2023-03-10T08:43:00+00:00","article_modified_time":"2025-05-20T22:07:57+00:00","og_image":[{"width":750,"height":400,"url":"https:\/\/www.webdo.tn\/fr\/wp-content\/uploads\/2023\/03\/bf5e80f76bf8c01da343496402dc135e.jpg","type":"image\/jpeg"}],"author":"MC","twitter_card":"summary_large_image","twitter_creator":"@webdo_tn","twitter_site":"@webdo_tn","twitter_misc":{"\u00c9crit par":"MC","Dur\u00e9e de lecture estim\u00e9e":"1 minute"},"schema":{"@context":"https:\/\/schema.org","@graph":[{"@type":"NewsArticle","@id":"https:\/\/www.webdo.tn\/fr\/actualite\/national\/une-deuxieme-deputee-condamnee-amel-meddeb-ecope-de-4-mois-de-prison-avec-sursis\/203759\/#article","isPartOf":{"@id":"https:\/\/www.webdo.tn\/fr\/actualite\/national\/une-deuxieme-deputee-condamnee-amel-meddeb-ecope-de-4-mois-de-prison-avec-sursis\/203759\/"},"author":{"name":"MC","@id":"https:\/\/www.webdo.tn\/fr\/#\/schema\/person\/2c4929cbf5a809e3bd38617c6ce150f6"},"headline":"Une deuxi\u00e8me d\u00e9put\u00e9e condamn\u00e9e : Amel Meddeb \u00e9cope de 4 mois de prison avec sursis","datePublished":"2023-03-10T08:43:00+00:00","dateModified":"2025-05-20T22:07:57+00:00","mainEntityOfPage":{"@id":"https:\/\/www.webdo.tn\/fr\/actualite\/national\/une-deuxieme-deputee-condamnee-amel-meddeb-ecope-de-4-mois-de-prison-avec-sursis\/203759\/"},"wordCount":252,"commentCount":0,"publisher":{"@id":"https:\/\/www.webdo.tn\/fr\/#organization"},"image":{"@id":"https:\/\/www.webdo.tn\/fr\/actualite\/national\/une-deuxieme-deputee-condamnee-amel-meddeb-ecope-de-4-mois-de-prison-avec-sursis\/203759\/#primaryimage"},"thumbnailUrl":"https:\/\/www.webdo.tn\/fr\/wp-content\/uploads\/2023\/03\/bf5e80f76bf8c01da343496402dc135e.jpg","keywords":["condamnation","D\u00e9put\u00e9e","sursis"],"articleSection":["National"],"inLanguage":"fr-FR"},{"@type":"WebPage","@id":"https:\/\/www.webdo.tn\/fr\/actualite\/national\/une-deuxieme-deputee-condamnee-amel-meddeb-ecope-de-4-mois-de-prison-avec-sursis\/203759\/","url":"https:\/\/www.webdo.tn\/fr\/actualite\/national\/une-deuxieme-deputee-condamnee-amel-meddeb-ecope-de-4-mois-de-prison-avec-sursis\/203759\/","name":"Une deuxi\u00e8me d\u00e9put\u00e9e condamn\u00e9e : Amel Meddeb \u00e9cope de 4 mois de prison avec sursis","isPartOf":{"@id":"https:\/\/www.webdo.tn\/fr\/#website"},"primaryImageOfPage":{"@id":"https:\/\/www.webdo.tn\/fr\/actualite\/national\/une-deuxieme-deputee-condamnee-amel-meddeb-ecope-de-4-mois-de-prison-avec-sursis\/203759\/#primaryimage"},"image":{"@id":"https:\/\/www.webdo.tn\/fr\/actualite\/national\/une-deuxieme-deputee-condamnee-amel-meddeb-ecope-de-4-mois-de-prison-avec-sursis\/203759\/#primaryimage"},"thumbnailUrl":"https:\/\/www.webdo.tn\/fr\/wp-content\/uploads\/2023\/03\/bf5e80f76bf8c01da343496402dc135e.jpg","datePublished":"2023-03-10T08:43:00+00:00","dateModified":"2025-05-20T22:07:57+00:00","description":"Une d\u00e9put\u00e9e, fra\u00eechement \u00e9lue au nouveau Parlement a \u00e9t\u00e9 condamn\u00e9e \u00e0 quatre mois de prison avec sursis. C\u2019est la deuxi\u00e8me d\u00e9put\u00e9e condamn\u00e9e cette semaine !","breadcrumb":{"@id":"https:\/\/www.webdo.tn\/fr\/actualite\/national\/une-deuxieme-deputee-condamnee-amel-meddeb-ecope-de-4-mois-de-prison-avec-sursis\/203759\/#breadcrumb"},"inLanguage":"fr-FR","potentialAction":[{"@type":"ReadAction","target":["https:\/\/www.webdo.tn\/fr\/actualite\/national\/une-deuxieme-deputee-condamnee-amel-meddeb-ecope-de-4-mois-de-prison-avec-sursis\/203759\/"]}]},{"@type":"ImageObject","inLanguage":"fr-FR","@id":"https:\/\/www.webdo.tn\/fr\/actualite\/national\/une-deuxieme-deputee-condamnee-amel-meddeb-ecope-de-4-mois-de-prison-avec-sursis\/203759\/#primaryimage","url":"https:\/\/www.webdo.tn\/fr\/wp-content\/uploads\/2023\/03\/bf5e80f76bf8c01da343496402dc135e.jpg","contentUrl":"https:\/\/www.webdo.tn\/fr\/wp-content\/uploads\/2023\/03\/bf5e80f76bf8c01da343496402dc135e.jpg","width":750,"height":400,"caption":"Une deuxi\u00e8me d\u00e9put\u00e9e condamn\u00e9e : Amel Meddeb \u00e9cope de 4 mois de prison avec sursis"},{"@type":"BreadcrumbList","@id":"https:\/\/www.webdo.tn\/fr\/actualite\/national\/une-deuxieme-deputee-condamnee-amel-meddeb-ecope-de-4-mois-de-prison-avec-sursis\/203759\/#breadcrumb","itemListElement":[{"@type":"ListItem","position":1,"name":"Accueil","item":"https:\/\/www.webdo.tn\/fr\/"},{"@type":"ListItem","position":2,"name":"Une deuxi\u00e8me d\u00e9put\u00e9e condamn\u00e9e : Amel Meddeb \u00e9cope de 4 mois de prison avec sursis"}]},{"@type":"WebSite","@id":"https:\/\/www.webdo.tn\/fr\/#website","url":"https:\/\/www.webdo.tn\/fr\/","name":"webdo","description":"Tunisie - News en Tunisie et \u00e0 l&#039;international sur Webdo.tn","publisher":{"@id":"https:\/\/www.webdo.tn\/fr\/#organization"},"potentialAction":[{"@type":"SearchAction","target":{"@type":"EntryPoint","urlTemplate":"https:\/\/www.webdo.tn\/fr\/?s={search_term_string}"},"query-input":{"@type":"PropertyValueSpecification","valueRequired":true,"valueName":"search_term_string"}}],"inLanguage":"fr-FR"},{"@type":"Organization","@id":"https:\/\/www.webdo.tn\/fr\/#organization","name":"Webdo","alternateName":"Webdo.tn","url":"https:\/\/www.webdo.tn\/fr\/","logo":{"@type":"ImageObject","inLanguage":"fr-FR","@id":"https:\/\/www.webdo.tn\/fr\/#\/schema\/logo\/image\/","url":"https:\/\/www.webdo.tn\/fr\/wp-content\/uploads\/2025\/06\/Webdo-Tunisie_168377.jpg","contentUrl":"https:\/\/www.webdo.tn\/fr\/wp-content\/uploads\/2025\/06\/Webdo-Tunisie_168377.jpg","width":301,"height":301,"caption":"Webdo"},"image":{"@id":"https:\/\/www.webdo.tn\/fr\/#\/schema\/logo\/image\/"},"sameAs":["https:\/\/www.facebook.com\/webdotn","https:\/\/x.com\/webdo_tn"],"description":"Webdo est un m\u00e9dia num\u00e9rique tunisien fond\u00e9 en 2010, sp\u00e9cialis\u00e9 dans l\u2019actualit\u00e9 nationale et internationale, l\u2019\u00e9conomie, la soci\u00e9t\u00e9 et les analyses politiques. Le site s\u2019adresse \u00e0 un large public francophone et couvre l\u2019information tunisienne en temps r\u00e9el.","email":"redac@webdo.tn","legalName":"YNJ SARL","foundingDate":"2010-09-06","numberOfEmployees":{"@type":"QuantitativeValue","minValue":"11","maxValue":"50"}},{"@type":"Person","@id":"https:\/\/www.webdo.tn\/fr\/#\/schema\/person\/2c4929cbf5a809e3bd38617c6ce150f6","name":"MC","image":{"@type":"ImageObject","inLanguage":"fr-FR","@id":"https:\/\/secure.gravatar.com\/avatar\/a545bbb6f84efdd5553dbbc2895e3ca8f1d12c5215e00a041c9670b54aa9b18a?s=96&d=mm&r=g","url":"https:\/\/secure.gravatar.com\/avatar\/a545bbb6f84efdd5553dbbc2895e3ca8f1d12c5215e00a041c9670b54aa9b18a?s=96&d=mm&r=g","contentUrl":"https:\/\/secure.gravatar.com\/avatar\/a545bbb6f84efdd5553dbbc2895e3ca8f1d12c5215e00a041c9670b54aa9b18a?s=96&d=mm&r=g","caption":"MC"},"url":"https:\/\/www.webdo.tn\/fr\/actualite\/author\/mc\/"}]}},"_links":{"self":[{"href":"https:\/\/www.webdo.tn\/fr\/wp-json\/wp\/v2\/posts\/203759","targetHints":{"allow":["GET"]}}],"collection":[{"href":"https:\/\/www.webdo.tn\/fr\/wp-json\/wp\/v2\/posts"}],"about":[{"href":"https:\/\/www.webdo.tn\/fr\/wp-json\/wp\/v2\/types\/post"}],"author":[{"embeddable":true,"href":"https:\/\/www.webdo.tn\/fr\/wp-json\/wp\/v2\/users\/3162"}],"replies":[{"embeddable":true,"href":"https:\/\/www.webdo.tn\/fr\/wp-json\/wp\/v2\/comments?post=203759"}],"version-history":[{"count":0,"href":"https:\/\/www.webdo.tn\/fr\/wp-json\/wp\/v2\/posts\/203759\/revisions"}],"wp:featuredmedia":[{"embeddable":true,"href":"https:\/\/www.webdo.tn\/fr\/wp-json\/wp\/v2\/media\/277886"}],"wp:attachment":[{"href":"https:\/\/www.webdo.tn\/fr\/wp-json\/wp\/v2\/media?parent=203759"}],"wp:term":[{"taxonomy":"category","embeddable":true,"href":"https:\/\/www.webdo.tn\/fr\/wp-json\/wp\/v2\/categories?post=203759"},{"taxonomy":"post_tag","embeddable":true,"href":"https:\/\/www.webdo.tn\/fr\/wp-json\/wp\/v2\/tags?post=203759"}],"curies":[{"name":"wp","href":"https:\/\/api.w.org\/{rel}","templated":true}]}}