{"id":203751,"date":"2023-03-09T20:17:00","date_gmt":"2023-03-09T20:17:00","guid":{"rendered":"https:\/\/www.webdo.tn\/fr\/blog\/municipalites-la-gestion-des-affaires-courantes-confiee-aux-secretaires-generaux\/203751\/"},"modified":"2025-05-20T22:49:27","modified_gmt":"2025-05-20T22:49:27","slug":"municipalites-la-gestion-des-affaires-courantes-confiee-aux-secretaires-generaux","status":"publish","type":"post","link":"https:\/\/www.webdo.tn\/fr\/actualite\/national\/municipalites-la-gestion-des-affaires-courantes-confiee-aux-secretaires-generaux\/203751\/","title":{"rendered":"Municipalit\u00e9s : La gestion des affaires courantes confi\u00e9e aux secr\u00e9taires g\u00e9n\u00e9raux"},"content":{"rendered":"<p>Le d\u00e9cret-loi n\u00b02023-9 du 8 mars 2023, paru mercredi 8 mars, au Journal officiel de la R\u00e9publique tunisienne (n\u00b024), a confi\u00e9 la gestion des affaires courantes des communes aux charg\u00e9s du secr\u00e9tariat g\u00e9n\u00e9ral, et ce sous la tutelle du gouverneur de la r\u00e9gion.<\/p>\n<p>\t\t\t\t\t\t\t\t\tLe Conseil des ministres tenu hier mercredi, a examin\u00e9 ce d\u00e9cret-loi pr\u00e9sidentiel qui pr\u00e9voit, dans son article premier, la dissolution de tous les conseils municipaux et de les remplacer par des d\u00e9l\u00e9gations sp\u00e9ciales jusqu&rsquo;\u00e0 la tenue des prochaines \u00e9lections.<\/p>\n<p>Toutes les dispositions qui sont contraires au d\u00e9cret-loi pr\u00e9sidentiel n\u00b02023-9 seront abrog\u00e9es, en vertu de l&rsquo;article 3 dudit d\u00e9cret-loi.<\/p>\n<p>Les derni\u00e8res \u00e9lections municipales ont eu lieu le 6 mai 2018 dans 350 municipalit\u00e9s, conform\u00e9ment aux dispositions du Code des collectivit\u00e9s locales.<\/p>\n","protected":false},"excerpt":{"rendered":"<p>Le d\u00e9cret-loi n\u00b02023-9 du 8 mars 2023, paru mercredi 8 mars, au Journal officiel de la R\u00e9publique tunisienne (n\u00b024), a confi\u00e9 la gestion des affaires courantes&#8230;<\/p>\n","protected":false},"author":3175,"featured_media":277885,"comment_status":"open","ping_status":"closed","sticky":false,"template":"","format":"standard","meta":{"footnotes":""},"categories":[44],"tags":[8714,2608],"class_list":["post-203751","post","type-post","status-publish","format-standard","has-post-thumbnail","hentry","category-national","tag-conseils-municipaux","tag-tunisie"],"yoast_head":"<!-- This site is optimized with the Yoast SEO Premium plugin v27.5 (Yoast SEO v27.5) - https:\/\/yoast.com\/product\/yoast-seo-premium-wordpress\/ -->\n<title>Municipalit\u00e9s : La gestion des affaires courantes confi\u00e9e aux secr\u00e9taires g\u00e9n\u00e9raux<\/title>\n<meta name=\"description\" content=\"Le d\u00e9cret-loi n\u00b02023-9 du 8 mars 2023, paru mercredi 8 mars, au Journal officiel de la R\u00e9publique tunisienne (n\u00b024), a confi\u00e9 la gestion des affaires courantes...\" \/>\n<link rel=\"canonical\" href=\"https:\/\/www.webdo.tn\/fr\/actualite\/national\/municipalites-la-gestion-des-affaires-courantes-confiee-aux-secretaires-generaux\/203751\/\" \/>\n<meta property=\"og:locale\" content=\"fr_FR\" \/>\n<meta property=\"og:type\" content=\"article\" \/>\n<meta property=\"og:title\" content=\"Municipalit\u00e9s : La gestion des affaires courantes confi\u00e9e aux secr\u00e9taires g\u00e9n\u00e9raux\" \/>\n<meta property=\"og:description\" content=\"Le d\u00e9cret-loi n\u00b02023-9 du 8 mars 2023, paru mercredi 8 mars, au Journal officiel de la R\u00e9publique tunisienne (n\u00b024), a confi\u00e9 la gestion des affaires courantes...\" \/>\n<meta property=\"og:url\" content=\"https:\/\/www.webdo.tn\/fr\/actualite\/national\/municipalites-la-gestion-des-affaires-courantes-confiee-aux-secretaires-generaux\/203751\/\" \/>\n<meta property=\"og:site_name\" content=\"webdo\" \/>\n<meta property=\"article:publisher\" content=\"https:\/\/www.facebook.com\/webdotn\" \/>\n<meta property=\"article:published_time\" content=\"2023-03-09T20:17:00+00:00\" \/>\n<meta property=\"article:modified_time\" content=\"2025-05-20T22:49:27+00:00\" \/>\n<meta property=\"og:image\" content=\"https:\/\/www.webdo.tn\/fr\/wp-content\/uploads\/2023\/03\/a6b2095d9c1938cdf04767a94c6687a1.jpg\" \/>\n\t<meta property=\"og:image:width\" content=\"710\" \/>\n\t<meta property=\"og:image:height\" content=\"379\" \/>\n\t<meta property=\"og:image:type\" content=\"image\/jpeg\" \/>\n<meta name=\"author\" content=\"CL\" \/>\n<meta name=\"twitter:card\" content=\"summary_large_image\" \/>\n<meta name=\"twitter:creator\" content=\"@webdo_tn\" \/>\n<meta name=\"twitter:site\" content=\"@webdo_tn\" \/>\n<meta name=\"twitter:label1\" content=\"\u00c9crit par\" \/>\n\t<meta name=\"twitter:data1\" content=\"CL\" \/>\n\t<meta name=\"twitter:label2\" content=\"Dur\u00e9e de lecture estim\u00e9e\" \/>\n\t<meta name=\"twitter:data2\" content=\"1 minute\" \/>\n<script type=\"application\/ld+json\" class=\"yoast-schema-graph\">{\"@context\":\"https:\\\/\\\/schema.org\",\"@graph\":[{\"@type\":\"NewsArticle\",\"@id\":\"https:\\\/\\\/www.webdo.tn\\\/fr\\\/actualite\\\/national\\\/municipalites-la-gestion-des-affaires-courantes-confiee-aux-secretaires-generaux\\\/203751\\\/#article\",\"isPartOf\":{\"@id\":\"https:\\\/\\\/www.webdo.tn\\\/fr\\\/actualite\\\/national\\\/municipalites-la-gestion-des-affaires-courantes-confiee-aux-secretaires-generaux\\\/203751\\\/\"},\"author\":{\"name\":\"CL\",\"@id\":\"https:\\\/\\\/www.webdo.tn\\\/fr\\\/#\\\/schema\\\/person\\\/f35b42a42c5e2511bbd282959d6385cc\"},\"headline\":\"Municipalit\u00e9s : La gestion des affaires courantes confi\u00e9e aux secr\u00e9taires g\u00e9n\u00e9raux\",\"datePublished\":\"2023-03-09T20:17:00+00:00\",\"dateModified\":\"2025-05-20T22:49:27+00:00\",\"mainEntityOfPage\":{\"@id\":\"https:\\\/\\\/www.webdo.tn\\\/fr\\\/actualite\\\/national\\\/municipalites-la-gestion-des-affaires-courantes-confiee-aux-secretaires-generaux\\\/203751\\\/\"},\"wordCount\":155,\"commentCount\":0,\"publisher\":{\"@id\":\"https:\\\/\\\/www.webdo.tn\\\/fr\\\/#organization\"},\"image\":{\"@id\":\"https:\\\/\\\/www.webdo.tn\\\/fr\\\/actualite\\\/national\\\/municipalites-la-gestion-des-affaires-courantes-confiee-aux-secretaires-generaux\\\/203751\\\/#primaryimage\"},\"thumbnailUrl\":\"https:\\\/\\\/www.webdo.tn\\\/fr\\\/wp-content\\\/uploads\\\/2023\\\/03\\\/a6b2095d9c1938cdf04767a94c6687a1.jpg\",\"keywords\":[\"conseils municipaux\",\"Tunisie\"],\"articleSection\":[\"National\"],\"inLanguage\":\"fr-FR\"},{\"@type\":\"WebPage\",\"@id\":\"https:\\\/\\\/www.webdo.tn\\\/fr\\\/actualite\\\/national\\\/municipalites-la-gestion-des-affaires-courantes-confiee-aux-secretaires-generaux\\\/203751\\\/\",\"url\":\"https:\\\/\\\/www.webdo.tn\\\/fr\\\/actualite\\\/national\\\/municipalites-la-gestion-des-affaires-courantes-confiee-aux-secretaires-generaux\\\/203751\\\/\",\"name\":\"Municipalit\u00e9s : La gestion des affaires courantes confi\u00e9e aux secr\u00e9taires g\u00e9n\u00e9raux\",\"isPartOf\":{\"@id\":\"https:\\\/\\\/www.webdo.tn\\\/fr\\\/#website\"},\"primaryImageOfPage\":{\"@id\":\"https:\\\/\\\/www.webdo.tn\\\/fr\\\/actualite\\\/national\\\/municipalites-la-gestion-des-affaires-courantes-confiee-aux-secretaires-generaux\\\/203751\\\/#primaryimage\"},\"image\":{\"@id\":\"https:\\\/\\\/www.webdo.tn\\\/fr\\\/actualite\\\/national\\\/municipalites-la-gestion-des-affaires-courantes-confiee-aux-secretaires-generaux\\\/203751\\\/#primaryimage\"},\"thumbnailUrl\":\"https:\\\/\\\/www.webdo.tn\\\/fr\\\/wp-content\\\/uploads\\\/2023\\\/03\\\/a6b2095d9c1938cdf04767a94c6687a1.jpg\",\"datePublished\":\"2023-03-09T20:17:00+00:00\",\"dateModified\":\"2025-05-20T22:49:27+00:00\",\"description\":\"Le d\u00e9cret-loi n\u00b02023-9 du 8 mars 2023, paru mercredi 8 mars, au Journal officiel de la R\u00e9publique tunisienne (n\u00b024), a confi\u00e9 la gestion des affaires courantes...\",\"breadcrumb\":{\"@id\":\"https:\\\/\\\/www.webdo.tn\\\/fr\\\/actualite\\\/national\\\/municipalites-la-gestion-des-affaires-courantes-confiee-aux-secretaires-generaux\\\/203751\\\/#breadcrumb\"},\"inLanguage\":\"fr-FR\",\"potentialAction\":[{\"@type\":\"ReadAction\",\"target\":[\"https:\\\/\\\/www.webdo.tn\\\/fr\\\/actualite\\\/national\\\/municipalites-la-gestion-des-affaires-courantes-confiee-aux-secretaires-generaux\\\/203751\\\/\"]}]},{\"@type\":\"ImageObject\",\"inLanguage\":\"fr-FR\",\"@id\":\"https:\\\/\\\/www.webdo.tn\\\/fr\\\/actualite\\\/national\\\/municipalites-la-gestion-des-affaires-courantes-confiee-aux-secretaires-generaux\\\/203751\\\/#primaryimage\",\"url\":\"https:\\\/\\\/www.webdo.tn\\\/fr\\\/wp-content\\\/uploads\\\/2023\\\/03\\\/a6b2095d9c1938cdf04767a94c6687a1.jpg\",\"contentUrl\":\"https:\\\/\\\/www.webdo.tn\\\/fr\\\/wp-content\\\/uploads\\\/2023\\\/03\\\/a6b2095d9c1938cdf04767a94c6687a1.jpg\",\"width\":710,\"height\":379,\"caption\":\"Municipalit\u00e9\"},{\"@type\":\"BreadcrumbList\",\"@id\":\"https:\\\/\\\/www.webdo.tn\\\/fr\\\/actualite\\\/national\\\/municipalites-la-gestion-des-affaires-courantes-confiee-aux-secretaires-generaux\\\/203751\\\/#breadcrumb\",\"itemListElement\":[{\"@type\":\"ListItem\",\"position\":1,\"name\":\"Accueil\",\"item\":\"https:\\\/\\\/www.webdo.tn\\\/fr\\\/\"},{\"@type\":\"ListItem\",\"position\":2,\"name\":\"Municipalit\u00e9s : La gestion des affaires courantes confi\u00e9e aux secr\u00e9taires g\u00e9n\u00e9raux\"}]},{\"@type\":\"WebSite\",\"@id\":\"https:\\\/\\\/www.webdo.tn\\\/fr\\\/#website\",\"url\":\"https:\\\/\\\/www.webdo.tn\\\/fr\\\/\",\"name\":\"webdo\",\"description\":\"Tunisie - News en Tunisie et \u00e0 l&#039;international sur Webdo.tn\",\"publisher\":{\"@id\":\"https:\\\/\\\/www.webdo.tn\\\/fr\\\/#organization\"},\"potentialAction\":[{\"@type\":\"SearchAction\",\"target\":{\"@type\":\"EntryPoint\",\"urlTemplate\":\"https:\\\/\\\/www.webdo.tn\\\/fr\\\/?s={search_term_string}\"},\"query-input\":{\"@type\":\"PropertyValueSpecification\",\"valueRequired\":true,\"valueName\":\"search_term_string\"}}],\"inLanguage\":\"fr-FR\"},{\"@type\":\"Organization\",\"@id\":\"https:\\\/\\\/www.webdo.tn\\\/fr\\\/#organization\",\"name\":\"Webdo\",\"alternateName\":\"Webdo.tn\",\"url\":\"https:\\\/\\\/www.webdo.tn\\\/fr\\\/\",\"logo\":{\"@type\":\"ImageObject\",\"inLanguage\":\"fr-FR\",\"@id\":\"https:\\\/\\\/www.webdo.tn\\\/fr\\\/#\\\/schema\\\/logo\\\/image\\\/\",\"url\":\"https:\\\/\\\/www.webdo.tn\\\/fr\\\/wp-content\\\/uploads\\\/2025\\\/06\\\/Webdo-Tunisie_168377.jpg\",\"contentUrl\":\"https:\\\/\\\/www.webdo.tn\\\/fr\\\/wp-content\\\/uploads\\\/2025\\\/06\\\/Webdo-Tunisie_168377.jpg\",\"width\":301,\"height\":301,\"caption\":\"Webdo\"},\"image\":{\"@id\":\"https:\\\/\\\/www.webdo.tn\\\/fr\\\/#\\\/schema\\\/logo\\\/image\\\/\"},\"sameAs\":[\"https:\\\/\\\/www.facebook.com\\\/webdotn\",\"https:\\\/\\\/x.com\\\/webdo_tn\"],\"description\":\"Webdo est un m\u00e9dia num\u00e9rique tunisien fond\u00e9 en 2010, sp\u00e9cialis\u00e9 dans l\u2019actualit\u00e9 nationale et internationale, l\u2019\u00e9conomie, la soci\u00e9t\u00e9 et les analyses politiques. Le site s\u2019adresse \u00e0 un large public francophone et couvre l\u2019information tunisienne en temps r\u00e9el.\",\"email\":\"redac@webdo.tn\",\"legalName\":\"YNJ SARL\",\"foundingDate\":\"2010-09-06\",\"numberOfEmployees\":{\"@type\":\"QuantitativeValue\",\"minValue\":\"11\",\"maxValue\":\"50\"}},{\"@type\":\"Person\",\"@id\":\"https:\\\/\\\/www.webdo.tn\\\/fr\\\/#\\\/schema\\\/person\\\/f35b42a42c5e2511bbd282959d6385cc\",\"name\":\"CL\",\"image\":{\"@type\":\"ImageObject\",\"inLanguage\":\"fr-FR\",\"@id\":\"https:\\\/\\\/secure.gravatar.com\\\/avatar\\\/1447a49909b67aa657c488aec6512e1dd6143a480c1ecfee9b5b5cd74eb3b59e?s=96&d=mm&r=g\",\"url\":\"https:\\\/\\\/secure.gravatar.com\\\/avatar\\\/1447a49909b67aa657c488aec6512e1dd6143a480c1ecfee9b5b5cd74eb3b59e?s=96&d=mm&r=g\",\"contentUrl\":\"https:\\\/\\\/secure.gravatar.com\\\/avatar\\\/1447a49909b67aa657c488aec6512e1dd6143a480c1ecfee9b5b5cd74eb3b59e?s=96&d=mm&r=g\",\"caption\":\"CL\"},\"url\":\"https:\\\/\\\/www.webdo.tn\\\/fr\\\/actualite\\\/author\\\/cl\\\/\"}]}<\/script>\n<!-- \/ Yoast SEO Premium plugin. -->","yoast_head_json":{"title":"Municipalit\u00e9s : La gestion des affaires courantes confi\u00e9e aux secr\u00e9taires g\u00e9n\u00e9raux","description":"Le d\u00e9cret-loi n\u00b02023-9 du 8 mars 2023, paru mercredi 8 mars, au Journal officiel de la R\u00e9publique tunisienne (n\u00b024), a confi\u00e9 la gestion des affaires courantes...","canonical":"https:\/\/www.webdo.tn\/fr\/actualite\/national\/municipalites-la-gestion-des-affaires-courantes-confiee-aux-secretaires-generaux\/203751\/","og_locale":"fr_FR","og_type":"article","og_title":"Municipalit\u00e9s : La gestion des affaires courantes confi\u00e9e aux secr\u00e9taires g\u00e9n\u00e9raux","og_description":"Le d\u00e9cret-loi n\u00b02023-9 du 8 mars 2023, paru mercredi 8 mars, au Journal officiel de la R\u00e9publique tunisienne (n\u00b024), a confi\u00e9 la gestion des affaires courantes...","og_url":"https:\/\/www.webdo.tn\/fr\/actualite\/national\/municipalites-la-gestion-des-affaires-courantes-confiee-aux-secretaires-generaux\/203751\/","og_site_name":"webdo","article_publisher":"https:\/\/www.facebook.com\/webdotn","article_published_time":"2023-03-09T20:17:00+00:00","article_modified_time":"2025-05-20T22:49:27+00:00","og_image":[{"width":710,"height":379,"url":"https:\/\/www.webdo.tn\/fr\/wp-content\/uploads\/2023\/03\/a6b2095d9c1938cdf04767a94c6687a1.jpg","type":"image\/jpeg"}],"author":"CL","twitter_card":"summary_large_image","twitter_creator":"@webdo_tn","twitter_site":"@webdo_tn","twitter_misc":{"\u00c9crit par":"CL","Dur\u00e9e de lecture estim\u00e9e":"1 minute"},"schema":{"@context":"https:\/\/schema.org","@graph":[{"@type":"NewsArticle","@id":"https:\/\/www.webdo.tn\/fr\/actualite\/national\/municipalites-la-gestion-des-affaires-courantes-confiee-aux-secretaires-generaux\/203751\/#article","isPartOf":{"@id":"https:\/\/www.webdo.tn\/fr\/actualite\/national\/municipalites-la-gestion-des-affaires-courantes-confiee-aux-secretaires-generaux\/203751\/"},"author":{"name":"CL","@id":"https:\/\/www.webdo.tn\/fr\/#\/schema\/person\/f35b42a42c5e2511bbd282959d6385cc"},"headline":"Municipalit\u00e9s : La gestion des affaires courantes confi\u00e9e aux secr\u00e9taires g\u00e9n\u00e9raux","datePublished":"2023-03-09T20:17:00+00:00","dateModified":"2025-05-20T22:49:27+00:00","mainEntityOfPage":{"@id":"https:\/\/www.webdo.tn\/fr\/actualite\/national\/municipalites-la-gestion-des-affaires-courantes-confiee-aux-secretaires-generaux\/203751\/"},"wordCount":155,"commentCount":0,"publisher":{"@id":"https:\/\/www.webdo.tn\/fr\/#organization"},"image":{"@id":"https:\/\/www.webdo.tn\/fr\/actualite\/national\/municipalites-la-gestion-des-affaires-courantes-confiee-aux-secretaires-generaux\/203751\/#primaryimage"},"thumbnailUrl":"https:\/\/www.webdo.tn\/fr\/wp-content\/uploads\/2023\/03\/a6b2095d9c1938cdf04767a94c6687a1.jpg","keywords":["conseils municipaux","Tunisie"],"articleSection":["National"],"inLanguage":"fr-FR"},{"@type":"WebPage","@id":"https:\/\/www.webdo.tn\/fr\/actualite\/national\/municipalites-la-gestion-des-affaires-courantes-confiee-aux-secretaires-generaux\/203751\/","url":"https:\/\/www.webdo.tn\/fr\/actualite\/national\/municipalites-la-gestion-des-affaires-courantes-confiee-aux-secretaires-generaux\/203751\/","name":"Municipalit\u00e9s : La gestion des affaires courantes confi\u00e9e aux secr\u00e9taires g\u00e9n\u00e9raux","isPartOf":{"@id":"https:\/\/www.webdo.tn\/fr\/#website"},"primaryImageOfPage":{"@id":"https:\/\/www.webdo.tn\/fr\/actualite\/national\/municipalites-la-gestion-des-affaires-courantes-confiee-aux-secretaires-generaux\/203751\/#primaryimage"},"image":{"@id":"https:\/\/www.webdo.tn\/fr\/actualite\/national\/municipalites-la-gestion-des-affaires-courantes-confiee-aux-secretaires-generaux\/203751\/#primaryimage"},"thumbnailUrl":"https:\/\/www.webdo.tn\/fr\/wp-content\/uploads\/2023\/03\/a6b2095d9c1938cdf04767a94c6687a1.jpg","datePublished":"2023-03-09T20:17:00+00:00","dateModified":"2025-05-20T22:49:27+00:00","description":"Le d\u00e9cret-loi n\u00b02023-9 du 8 mars 2023, paru mercredi 8 mars, au Journal officiel de la R\u00e9publique tunisienne (n\u00b024), a confi\u00e9 la gestion des affaires courantes...","breadcrumb":{"@id":"https:\/\/www.webdo.tn\/fr\/actualite\/national\/municipalites-la-gestion-des-affaires-courantes-confiee-aux-secretaires-generaux\/203751\/#breadcrumb"},"inLanguage":"fr-FR","potentialAction":[{"@type":"ReadAction","target":["https:\/\/www.webdo.tn\/fr\/actualite\/national\/municipalites-la-gestion-des-affaires-courantes-confiee-aux-secretaires-generaux\/203751\/"]}]},{"@type":"ImageObject","inLanguage":"fr-FR","@id":"https:\/\/www.webdo.tn\/fr\/actualite\/national\/municipalites-la-gestion-des-affaires-courantes-confiee-aux-secretaires-generaux\/203751\/#primaryimage","url":"https:\/\/www.webdo.tn\/fr\/wp-content\/uploads\/2023\/03\/a6b2095d9c1938cdf04767a94c6687a1.jpg","contentUrl":"https:\/\/www.webdo.tn\/fr\/wp-content\/uploads\/2023\/03\/a6b2095d9c1938cdf04767a94c6687a1.jpg","width":710,"height":379,"caption":"Municipalit\u00e9"},{"@type":"BreadcrumbList","@id":"https:\/\/www.webdo.tn\/fr\/actualite\/national\/municipalites-la-gestion-des-affaires-courantes-confiee-aux-secretaires-generaux\/203751\/#breadcrumb","itemListElement":[{"@type":"ListItem","position":1,"name":"Accueil","item":"https:\/\/www.webdo.tn\/fr\/"},{"@type":"ListItem","position":2,"name":"Municipalit\u00e9s : La gestion des affaires courantes confi\u00e9e aux secr\u00e9taires g\u00e9n\u00e9raux"}]},{"@type":"WebSite","@id":"https:\/\/www.webdo.tn\/fr\/#website","url":"https:\/\/www.webdo.tn\/fr\/","name":"webdo","description":"Tunisie - News en Tunisie et \u00e0 l&#039;international sur Webdo.tn","publisher":{"@id":"https:\/\/www.webdo.tn\/fr\/#organization"},"potentialAction":[{"@type":"SearchAction","target":{"@type":"EntryPoint","urlTemplate":"https:\/\/www.webdo.tn\/fr\/?s={search_term_string}"},"query-input":{"@type":"PropertyValueSpecification","valueRequired":true,"valueName":"search_term_string"}}],"inLanguage":"fr-FR"},{"@type":"Organization","@id":"https:\/\/www.webdo.tn\/fr\/#organization","name":"Webdo","alternateName":"Webdo.tn","url":"https:\/\/www.webdo.tn\/fr\/","logo":{"@type":"ImageObject","inLanguage":"fr-FR","@id":"https:\/\/www.webdo.tn\/fr\/#\/schema\/logo\/image\/","url":"https:\/\/www.webdo.tn\/fr\/wp-content\/uploads\/2025\/06\/Webdo-Tunisie_168377.jpg","contentUrl":"https:\/\/www.webdo.tn\/fr\/wp-content\/uploads\/2025\/06\/Webdo-Tunisie_168377.jpg","width":301,"height":301,"caption":"Webdo"},"image":{"@id":"https:\/\/www.webdo.tn\/fr\/#\/schema\/logo\/image\/"},"sameAs":["https:\/\/www.facebook.com\/webdotn","https:\/\/x.com\/webdo_tn"],"description":"Webdo est un m\u00e9dia num\u00e9rique tunisien fond\u00e9 en 2010, sp\u00e9cialis\u00e9 dans l\u2019actualit\u00e9 nationale et internationale, l\u2019\u00e9conomie, la soci\u00e9t\u00e9 et les analyses politiques. Le site s\u2019adresse \u00e0 un large public francophone et couvre l\u2019information tunisienne en temps r\u00e9el.","email":"redac@webdo.tn","legalName":"YNJ SARL","foundingDate":"2010-09-06","numberOfEmployees":{"@type":"QuantitativeValue","minValue":"11","maxValue":"50"}},{"@type":"Person","@id":"https:\/\/www.webdo.tn\/fr\/#\/schema\/person\/f35b42a42c5e2511bbd282959d6385cc","name":"CL","image":{"@type":"ImageObject","inLanguage":"fr-FR","@id":"https:\/\/secure.gravatar.com\/avatar\/1447a49909b67aa657c488aec6512e1dd6143a480c1ecfee9b5b5cd74eb3b59e?s=96&d=mm&r=g","url":"https:\/\/secure.gravatar.com\/avatar\/1447a49909b67aa657c488aec6512e1dd6143a480c1ecfee9b5b5cd74eb3b59e?s=96&d=mm&r=g","contentUrl":"https:\/\/secure.gravatar.com\/avatar\/1447a49909b67aa657c488aec6512e1dd6143a480c1ecfee9b5b5cd74eb3b59e?s=96&d=mm&r=g","caption":"CL"},"url":"https:\/\/www.webdo.tn\/fr\/actualite\/author\/cl\/"}]}},"_links":{"self":[{"href":"https:\/\/www.webdo.tn\/fr\/wp-json\/wp\/v2\/posts\/203751","targetHints":{"allow":["GET"]}}],"collection":[{"href":"https:\/\/www.webdo.tn\/fr\/wp-json\/wp\/v2\/posts"}],"about":[{"href":"https:\/\/www.webdo.tn\/fr\/wp-json\/wp\/v2\/types\/post"}],"author":[{"embeddable":true,"href":"https:\/\/www.webdo.tn\/fr\/wp-json\/wp\/v2\/users\/3175"}],"replies":[{"embeddable":true,"href":"https:\/\/www.webdo.tn\/fr\/wp-json\/wp\/v2\/comments?post=203751"}],"version-history":[{"count":0,"href":"https:\/\/www.webdo.tn\/fr\/wp-json\/wp\/v2\/posts\/203751\/revisions"}],"wp:featuredmedia":[{"embeddable":true,"href":"https:\/\/www.webdo.tn\/fr\/wp-json\/wp\/v2\/media\/277885"}],"wp:attachment":[{"href":"https:\/\/www.webdo.tn\/fr\/wp-json\/wp\/v2\/media?parent=203751"}],"wp:term":[{"taxonomy":"category","embeddable":true,"href":"https:\/\/www.webdo.tn\/fr\/wp-json\/wp\/v2\/categories?post=203751"},{"taxonomy":"post_tag","embeddable":true,"href":"https:\/\/www.webdo.tn\/fr\/wp-json\/wp\/v2\/tags?post=203751"}],"curies":[{"name":"wp","href":"https:\/\/api.w.org\/{rel}","templated":true}]}}