{"id":203748,"date":"2023-03-09T18:43:00","date_gmt":"2023-03-09T18:43:00","guid":{"rendered":"https:\/\/www.webdo.tn\/fr\/blog\/le-gouverneur-de-tunis-appelle-a-securiser-les-municipalites\/203748\/"},"modified":"2025-05-20T22:49:26","modified_gmt":"2025-05-20T22:49:26","slug":"le-gouverneur-de-tunis-appelle-a-securiser-les-municipalites","status":"publish","type":"post","link":"https:\/\/www.webdo.tn\/fr\/actualite\/national\/le-gouverneur-de-tunis-appelle-a-securiser-les-municipalites\/203748\/","title":{"rendered":"Le gouverneur de Tunis appelle \u00e0 s\u00e9curiser les municipalit\u00e9s"},"content":{"rendered":"<p>Dans une correspondance adress\u00e9e aux parties s\u00e9curitaires, le gouverneur de Tunis a appel\u00e9 \u00e0 s\u00e9curiser les municipalit\u00e9s.<\/p>\n<p>\t\t\t\t\t\t\t\t\tSelon le document publi\u00e9 par le gouvernorat, on met en garde contre tout acte de violence contre ces structures mais aussi contre l\u2019endommagement de certains documents et archives.\u00a0<\/p>\n<p>\u00ab Tout d\u00e9passement sera poursuivi par la loi \u00bb, a-t-on averti.\u00a0<\/p>\n<p>Le pr\u00e9sident de la R\u00e9publique a d\u00e9cid\u00e9 de convoquer les nouveaux d\u00e9put\u00e9s \u00e0 une premi\u00e8re session au Parlement et de dissoudre les conseils municipaux.<\/p>\n<p>En marge d\u2019un conseil minist\u00e9riel qu\u2019il a pr\u00e9sid\u00e9 tard dans la soir\u00e9e de mercredi 8 mars 2023 au palais de Carthage, le pr\u00e9sident de la R\u00e9publique Kais Saied a annonc\u00e9 la publication prochaine d\u2019un d\u00e9cret faisant office de convocation des nouveaux d\u00e9put\u00e9s \u00e0 la premi\u00e8re session du Parlement.<\/p>\n<p>Lors de ce conseil minist\u00e9riel, un d\u00e9cret portant sur l\u2019amendement du Code des conseils municipaux a \u00e9t\u00e9 examin\u00e9. Un d\u00e9cret relatif \u00e0 l\u2019\u00e9lection du Conseil national des r\u00e9gions et des districts a \u00e9galement \u00e9t\u00e9 examin\u00e9.<\/p>\n<p>Comme il a annonc\u00e9 la dissolution des conseils municipaux et la d\u00e9signation de d\u00e9l\u00e9gations sp\u00e9ciales pour les remplacer.<\/p>\n","protected":false},"excerpt":{"rendered":"<p>Dans une correspondance adress\u00e9e aux parties s\u00e9curitaires, le gouverneur de Tunis a appel\u00e9 \u00e0 s\u00e9curiser les municipalit\u00e9s.<\/p>\n","protected":false},"author":3175,"featured_media":277884,"comment_status":"open","ping_status":"closed","sticky":false,"template":"","format":"standard","meta":{"footnotes":""},"categories":[44],"tags":[8714,2608],"class_list":["post-203748","post","type-post","status-publish","format-standard","has-post-thumbnail","hentry","category-national","tag-conseils-municipaux","tag-tunisie"],"yoast_head":"<!-- This site is optimized with the Yoast SEO Premium plugin v27.5 (Yoast SEO v27.5) - https:\/\/yoast.com\/product\/yoast-seo-premium-wordpress\/ -->\n<title>Le gouverneur de Tunis appelle \u00e0 s\u00e9curiser les municipalit\u00e9s<\/title>\n<meta name=\"description\" content=\"Dans une correspondance adress\u00e9e aux parties s\u00e9curitaires, le gouverneur de Tunis a appel\u00e9 \u00e0 s\u00e9curiser les municipalit\u00e9s.\" \/>\n<link rel=\"canonical\" href=\"https:\/\/www.webdo.tn\/fr\/actualite\/national\/le-gouverneur-de-tunis-appelle-a-securiser-les-municipalites\/203748\/\" \/>\n<meta property=\"og:locale\" content=\"fr_FR\" \/>\n<meta property=\"og:type\" content=\"article\" \/>\n<meta property=\"og:title\" content=\"Le gouverneur de Tunis appelle \u00e0 s\u00e9curiser les municipalit\u00e9s\" \/>\n<meta property=\"og:description\" content=\"Dans une correspondance adress\u00e9e aux parties s\u00e9curitaires, le gouverneur de Tunis a appel\u00e9 \u00e0 s\u00e9curiser les municipalit\u00e9s.\" \/>\n<meta property=\"og:url\" content=\"https:\/\/www.webdo.tn\/fr\/actualite\/national\/le-gouverneur-de-tunis-appelle-a-securiser-les-municipalites\/203748\/\" \/>\n<meta property=\"og:site_name\" content=\"webdo\" \/>\n<meta property=\"article:publisher\" content=\"https:\/\/www.facebook.com\/webdotn\" \/>\n<meta property=\"article:published_time\" content=\"2023-03-09T18:43:00+00:00\" \/>\n<meta property=\"article:modified_time\" content=\"2025-05-20T22:49:26+00:00\" \/>\n<meta property=\"og:image\" content=\"https:\/\/www.webdo.tn\/fr\/wp-content\/uploads\/2023\/03\/a766a4484b3fc4bb11775cf40ee8d8a1.jpg\" \/>\n\t<meta property=\"og:image:width\" content=\"750\" \/>\n\t<meta property=\"og:image:height\" content=\"400\" \/>\n\t<meta property=\"og:image:type\" content=\"image\/jpeg\" \/>\n<meta name=\"author\" content=\"CL\" \/>\n<meta name=\"twitter:card\" content=\"summary_large_image\" \/>\n<meta name=\"twitter:creator\" content=\"@webdo_tn\" \/>\n<meta name=\"twitter:site\" content=\"@webdo_tn\" \/>\n<meta name=\"twitter:label1\" content=\"\u00c9crit par\" \/>\n\t<meta name=\"twitter:data1\" content=\"CL\" \/>\n\t<meta name=\"twitter:label2\" content=\"Dur\u00e9e de lecture estim\u00e9e\" \/>\n\t<meta name=\"twitter:data2\" content=\"1 minute\" \/>\n<script type=\"application\/ld+json\" class=\"yoast-schema-graph\">{\"@context\":\"https:\\\/\\\/schema.org\",\"@graph\":[{\"@type\":\"NewsArticle\",\"@id\":\"https:\\\/\\\/www.webdo.tn\\\/fr\\\/actualite\\\/national\\\/le-gouverneur-de-tunis-appelle-a-securiser-les-municipalites\\\/203748\\\/#article\",\"isPartOf\":{\"@id\":\"https:\\\/\\\/www.webdo.tn\\\/fr\\\/actualite\\\/national\\\/le-gouverneur-de-tunis-appelle-a-securiser-les-municipalites\\\/203748\\\/\"},\"author\":{\"name\":\"CL\",\"@id\":\"https:\\\/\\\/www.webdo.tn\\\/fr\\\/#\\\/schema\\\/person\\\/f35b42a42c5e2511bbd282959d6385cc\"},\"headline\":\"Le gouverneur de Tunis appelle \u00e0 s\u00e9curiser les municipalit\u00e9s\",\"datePublished\":\"2023-03-09T18:43:00+00:00\",\"dateModified\":\"2025-05-20T22:49:26+00:00\",\"mainEntityOfPage\":{\"@id\":\"https:\\\/\\\/www.webdo.tn\\\/fr\\\/actualite\\\/national\\\/le-gouverneur-de-tunis-appelle-a-securiser-les-municipalites\\\/203748\\\/\"},\"wordCount\":217,\"commentCount\":0,\"publisher\":{\"@id\":\"https:\\\/\\\/www.webdo.tn\\\/fr\\\/#organization\"},\"image\":{\"@id\":\"https:\\\/\\\/www.webdo.tn\\\/fr\\\/actualite\\\/national\\\/le-gouverneur-de-tunis-appelle-a-securiser-les-municipalites\\\/203748\\\/#primaryimage\"},\"thumbnailUrl\":\"https:\\\/\\\/www.webdo.tn\\\/fr\\\/wp-content\\\/uploads\\\/2023\\\/03\\\/a766a4484b3fc4bb11775cf40ee8d8a1.jpg\",\"keywords\":[\"conseils municipaux\",\"Tunisie\"],\"articleSection\":[\"National\"],\"inLanguage\":\"fr-FR\"},{\"@type\":\"WebPage\",\"@id\":\"https:\\\/\\\/www.webdo.tn\\\/fr\\\/actualite\\\/national\\\/le-gouverneur-de-tunis-appelle-a-securiser-les-municipalites\\\/203748\\\/\",\"url\":\"https:\\\/\\\/www.webdo.tn\\\/fr\\\/actualite\\\/national\\\/le-gouverneur-de-tunis-appelle-a-securiser-les-municipalites\\\/203748\\\/\",\"name\":\"Le gouverneur de Tunis appelle \u00e0 s\u00e9curiser les municipalit\u00e9s\",\"isPartOf\":{\"@id\":\"https:\\\/\\\/www.webdo.tn\\\/fr\\\/#website\"},\"primaryImageOfPage\":{\"@id\":\"https:\\\/\\\/www.webdo.tn\\\/fr\\\/actualite\\\/national\\\/le-gouverneur-de-tunis-appelle-a-securiser-les-municipalites\\\/203748\\\/#primaryimage\"},\"image\":{\"@id\":\"https:\\\/\\\/www.webdo.tn\\\/fr\\\/actualite\\\/national\\\/le-gouverneur-de-tunis-appelle-a-securiser-les-municipalites\\\/203748\\\/#primaryimage\"},\"thumbnailUrl\":\"https:\\\/\\\/www.webdo.tn\\\/fr\\\/wp-content\\\/uploads\\\/2023\\\/03\\\/a766a4484b3fc4bb11775cf40ee8d8a1.jpg\",\"datePublished\":\"2023-03-09T18:43:00+00:00\",\"dateModified\":\"2025-05-20T22:49:26+00:00\",\"description\":\"Dans une correspondance adress\u00e9e aux parties s\u00e9curitaires, le gouverneur de Tunis a appel\u00e9 \u00e0 s\u00e9curiser les municipalit\u00e9s.\",\"breadcrumb\":{\"@id\":\"https:\\\/\\\/www.webdo.tn\\\/fr\\\/actualite\\\/national\\\/le-gouverneur-de-tunis-appelle-a-securiser-les-municipalites\\\/203748\\\/#breadcrumb\"},\"inLanguage\":\"fr-FR\",\"potentialAction\":[{\"@type\":\"ReadAction\",\"target\":[\"https:\\\/\\\/www.webdo.tn\\\/fr\\\/actualite\\\/national\\\/le-gouverneur-de-tunis-appelle-a-securiser-les-municipalites\\\/203748\\\/\"]}]},{\"@type\":\"ImageObject\",\"inLanguage\":\"fr-FR\",\"@id\":\"https:\\\/\\\/www.webdo.tn\\\/fr\\\/actualite\\\/national\\\/le-gouverneur-de-tunis-appelle-a-securiser-les-municipalites\\\/203748\\\/#primaryimage\",\"url\":\"https:\\\/\\\/www.webdo.tn\\\/fr\\\/wp-content\\\/uploads\\\/2023\\\/03\\\/a766a4484b3fc4bb11775cf40ee8d8a1.jpg\",\"contentUrl\":\"https:\\\/\\\/www.webdo.tn\\\/fr\\\/wp-content\\\/uploads\\\/2023\\\/03\\\/a766a4484b3fc4bb11775cf40ee8d8a1.jpg\",\"width\":750,\"height\":400,\"caption\":\"Municipalit\u00e9 de Tunis\"},{\"@type\":\"BreadcrumbList\",\"@id\":\"https:\\\/\\\/www.webdo.tn\\\/fr\\\/actualite\\\/national\\\/le-gouverneur-de-tunis-appelle-a-securiser-les-municipalites\\\/203748\\\/#breadcrumb\",\"itemListElement\":[{\"@type\":\"ListItem\",\"position\":1,\"name\":\"Accueil\",\"item\":\"https:\\\/\\\/www.webdo.tn\\\/fr\\\/\"},{\"@type\":\"ListItem\",\"position\":2,\"name\":\"Le gouverneur de Tunis appelle \u00e0 s\u00e9curiser les municipalit\u00e9s\"}]},{\"@type\":\"WebSite\",\"@id\":\"https:\\\/\\\/www.webdo.tn\\\/fr\\\/#website\",\"url\":\"https:\\\/\\\/www.webdo.tn\\\/fr\\\/\",\"name\":\"webdo\",\"description\":\"Tunisie - News en Tunisie et \u00e0 l&#039;international sur Webdo.tn\",\"publisher\":{\"@id\":\"https:\\\/\\\/www.webdo.tn\\\/fr\\\/#organization\"},\"potentialAction\":[{\"@type\":\"SearchAction\",\"target\":{\"@type\":\"EntryPoint\",\"urlTemplate\":\"https:\\\/\\\/www.webdo.tn\\\/fr\\\/?s={search_term_string}\"},\"query-input\":{\"@type\":\"PropertyValueSpecification\",\"valueRequired\":true,\"valueName\":\"search_term_string\"}}],\"inLanguage\":\"fr-FR\"},{\"@type\":\"Organization\",\"@id\":\"https:\\\/\\\/www.webdo.tn\\\/fr\\\/#organization\",\"name\":\"Webdo\",\"alternateName\":\"Webdo.tn\",\"url\":\"https:\\\/\\\/www.webdo.tn\\\/fr\\\/\",\"logo\":{\"@type\":\"ImageObject\",\"inLanguage\":\"fr-FR\",\"@id\":\"https:\\\/\\\/www.webdo.tn\\\/fr\\\/#\\\/schema\\\/logo\\\/image\\\/\",\"url\":\"https:\\\/\\\/www.webdo.tn\\\/fr\\\/wp-content\\\/uploads\\\/2025\\\/06\\\/Webdo-Tunisie_168377.jpg\",\"contentUrl\":\"https:\\\/\\\/www.webdo.tn\\\/fr\\\/wp-content\\\/uploads\\\/2025\\\/06\\\/Webdo-Tunisie_168377.jpg\",\"width\":301,\"height\":301,\"caption\":\"Webdo\"},\"image\":{\"@id\":\"https:\\\/\\\/www.webdo.tn\\\/fr\\\/#\\\/schema\\\/logo\\\/image\\\/\"},\"sameAs\":[\"https:\\\/\\\/www.facebook.com\\\/webdotn\",\"https:\\\/\\\/x.com\\\/webdo_tn\"],\"description\":\"Webdo est un m\u00e9dia num\u00e9rique tunisien fond\u00e9 en 2010, sp\u00e9cialis\u00e9 dans l\u2019actualit\u00e9 nationale et internationale, l\u2019\u00e9conomie, la soci\u00e9t\u00e9 et les analyses politiques. Le site s\u2019adresse \u00e0 un large public francophone et couvre l\u2019information tunisienne en temps r\u00e9el.\",\"email\":\"redac@webdo.tn\",\"legalName\":\"YNJ SARL\",\"foundingDate\":\"2010-09-06\",\"numberOfEmployees\":{\"@type\":\"QuantitativeValue\",\"minValue\":\"11\",\"maxValue\":\"50\"}},{\"@type\":\"Person\",\"@id\":\"https:\\\/\\\/www.webdo.tn\\\/fr\\\/#\\\/schema\\\/person\\\/f35b42a42c5e2511bbd282959d6385cc\",\"name\":\"CL\",\"image\":{\"@type\":\"ImageObject\",\"inLanguage\":\"fr-FR\",\"@id\":\"https:\\\/\\\/secure.gravatar.com\\\/avatar\\\/1447a49909b67aa657c488aec6512e1dd6143a480c1ecfee9b5b5cd74eb3b59e?s=96&d=mm&r=g\",\"url\":\"https:\\\/\\\/secure.gravatar.com\\\/avatar\\\/1447a49909b67aa657c488aec6512e1dd6143a480c1ecfee9b5b5cd74eb3b59e?s=96&d=mm&r=g\",\"contentUrl\":\"https:\\\/\\\/secure.gravatar.com\\\/avatar\\\/1447a49909b67aa657c488aec6512e1dd6143a480c1ecfee9b5b5cd74eb3b59e?s=96&d=mm&r=g\",\"caption\":\"CL\"},\"url\":\"https:\\\/\\\/www.webdo.tn\\\/fr\\\/actualite\\\/author\\\/cl\\\/\"}]}<\/script>\n<!-- \/ Yoast SEO Premium plugin. -->","yoast_head_json":{"title":"Le gouverneur de Tunis appelle \u00e0 s\u00e9curiser les municipalit\u00e9s","description":"Dans une correspondance adress\u00e9e aux parties s\u00e9curitaires, le gouverneur de Tunis a appel\u00e9 \u00e0 s\u00e9curiser les municipalit\u00e9s.","canonical":"https:\/\/www.webdo.tn\/fr\/actualite\/national\/le-gouverneur-de-tunis-appelle-a-securiser-les-municipalites\/203748\/","og_locale":"fr_FR","og_type":"article","og_title":"Le gouverneur de Tunis appelle \u00e0 s\u00e9curiser les municipalit\u00e9s","og_description":"Dans une correspondance adress\u00e9e aux parties s\u00e9curitaires, le gouverneur de Tunis a appel\u00e9 \u00e0 s\u00e9curiser les municipalit\u00e9s.","og_url":"https:\/\/www.webdo.tn\/fr\/actualite\/national\/le-gouverneur-de-tunis-appelle-a-securiser-les-municipalites\/203748\/","og_site_name":"webdo","article_publisher":"https:\/\/www.facebook.com\/webdotn","article_published_time":"2023-03-09T18:43:00+00:00","article_modified_time":"2025-05-20T22:49:26+00:00","og_image":[{"width":750,"height":400,"url":"https:\/\/www.webdo.tn\/fr\/wp-content\/uploads\/2023\/03\/a766a4484b3fc4bb11775cf40ee8d8a1.jpg","type":"image\/jpeg"}],"author":"CL","twitter_card":"summary_large_image","twitter_creator":"@webdo_tn","twitter_site":"@webdo_tn","twitter_misc":{"\u00c9crit par":"CL","Dur\u00e9e de lecture estim\u00e9e":"1 minute"},"schema":{"@context":"https:\/\/schema.org","@graph":[{"@type":"NewsArticle","@id":"https:\/\/www.webdo.tn\/fr\/actualite\/national\/le-gouverneur-de-tunis-appelle-a-securiser-les-municipalites\/203748\/#article","isPartOf":{"@id":"https:\/\/www.webdo.tn\/fr\/actualite\/national\/le-gouverneur-de-tunis-appelle-a-securiser-les-municipalites\/203748\/"},"author":{"name":"CL","@id":"https:\/\/www.webdo.tn\/fr\/#\/schema\/person\/f35b42a42c5e2511bbd282959d6385cc"},"headline":"Le gouverneur de Tunis appelle \u00e0 s\u00e9curiser les municipalit\u00e9s","datePublished":"2023-03-09T18:43:00+00:00","dateModified":"2025-05-20T22:49:26+00:00","mainEntityOfPage":{"@id":"https:\/\/www.webdo.tn\/fr\/actualite\/national\/le-gouverneur-de-tunis-appelle-a-securiser-les-municipalites\/203748\/"},"wordCount":217,"commentCount":0,"publisher":{"@id":"https:\/\/www.webdo.tn\/fr\/#organization"},"image":{"@id":"https:\/\/www.webdo.tn\/fr\/actualite\/national\/le-gouverneur-de-tunis-appelle-a-securiser-les-municipalites\/203748\/#primaryimage"},"thumbnailUrl":"https:\/\/www.webdo.tn\/fr\/wp-content\/uploads\/2023\/03\/a766a4484b3fc4bb11775cf40ee8d8a1.jpg","keywords":["conseils municipaux","Tunisie"],"articleSection":["National"],"inLanguage":"fr-FR"},{"@type":"WebPage","@id":"https:\/\/www.webdo.tn\/fr\/actualite\/national\/le-gouverneur-de-tunis-appelle-a-securiser-les-municipalites\/203748\/","url":"https:\/\/www.webdo.tn\/fr\/actualite\/national\/le-gouverneur-de-tunis-appelle-a-securiser-les-municipalites\/203748\/","name":"Le gouverneur de Tunis appelle \u00e0 s\u00e9curiser les municipalit\u00e9s","isPartOf":{"@id":"https:\/\/www.webdo.tn\/fr\/#website"},"primaryImageOfPage":{"@id":"https:\/\/www.webdo.tn\/fr\/actualite\/national\/le-gouverneur-de-tunis-appelle-a-securiser-les-municipalites\/203748\/#primaryimage"},"image":{"@id":"https:\/\/www.webdo.tn\/fr\/actualite\/national\/le-gouverneur-de-tunis-appelle-a-securiser-les-municipalites\/203748\/#primaryimage"},"thumbnailUrl":"https:\/\/www.webdo.tn\/fr\/wp-content\/uploads\/2023\/03\/a766a4484b3fc4bb11775cf40ee8d8a1.jpg","datePublished":"2023-03-09T18:43:00+00:00","dateModified":"2025-05-20T22:49:26+00:00","description":"Dans une correspondance adress\u00e9e aux parties s\u00e9curitaires, le gouverneur de Tunis a appel\u00e9 \u00e0 s\u00e9curiser les municipalit\u00e9s.","breadcrumb":{"@id":"https:\/\/www.webdo.tn\/fr\/actualite\/national\/le-gouverneur-de-tunis-appelle-a-securiser-les-municipalites\/203748\/#breadcrumb"},"inLanguage":"fr-FR","potentialAction":[{"@type":"ReadAction","target":["https:\/\/www.webdo.tn\/fr\/actualite\/national\/le-gouverneur-de-tunis-appelle-a-securiser-les-municipalites\/203748\/"]}]},{"@type":"ImageObject","inLanguage":"fr-FR","@id":"https:\/\/www.webdo.tn\/fr\/actualite\/national\/le-gouverneur-de-tunis-appelle-a-securiser-les-municipalites\/203748\/#primaryimage","url":"https:\/\/www.webdo.tn\/fr\/wp-content\/uploads\/2023\/03\/a766a4484b3fc4bb11775cf40ee8d8a1.jpg","contentUrl":"https:\/\/www.webdo.tn\/fr\/wp-content\/uploads\/2023\/03\/a766a4484b3fc4bb11775cf40ee8d8a1.jpg","width":750,"height":400,"caption":"Municipalit\u00e9 de Tunis"},{"@type":"BreadcrumbList","@id":"https:\/\/www.webdo.tn\/fr\/actualite\/national\/le-gouverneur-de-tunis-appelle-a-securiser-les-municipalites\/203748\/#breadcrumb","itemListElement":[{"@type":"ListItem","position":1,"name":"Accueil","item":"https:\/\/www.webdo.tn\/fr\/"},{"@type":"ListItem","position":2,"name":"Le gouverneur de Tunis appelle \u00e0 s\u00e9curiser les municipalit\u00e9s"}]},{"@type":"WebSite","@id":"https:\/\/www.webdo.tn\/fr\/#website","url":"https:\/\/www.webdo.tn\/fr\/","name":"webdo","description":"Tunisie - News en Tunisie et \u00e0 l&#039;international sur Webdo.tn","publisher":{"@id":"https:\/\/www.webdo.tn\/fr\/#organization"},"potentialAction":[{"@type":"SearchAction","target":{"@type":"EntryPoint","urlTemplate":"https:\/\/www.webdo.tn\/fr\/?s={search_term_string}"},"query-input":{"@type":"PropertyValueSpecification","valueRequired":true,"valueName":"search_term_string"}}],"inLanguage":"fr-FR"},{"@type":"Organization","@id":"https:\/\/www.webdo.tn\/fr\/#organization","name":"Webdo","alternateName":"Webdo.tn","url":"https:\/\/www.webdo.tn\/fr\/","logo":{"@type":"ImageObject","inLanguage":"fr-FR","@id":"https:\/\/www.webdo.tn\/fr\/#\/schema\/logo\/image\/","url":"https:\/\/www.webdo.tn\/fr\/wp-content\/uploads\/2025\/06\/Webdo-Tunisie_168377.jpg","contentUrl":"https:\/\/www.webdo.tn\/fr\/wp-content\/uploads\/2025\/06\/Webdo-Tunisie_168377.jpg","width":301,"height":301,"caption":"Webdo"},"image":{"@id":"https:\/\/www.webdo.tn\/fr\/#\/schema\/logo\/image\/"},"sameAs":["https:\/\/www.facebook.com\/webdotn","https:\/\/x.com\/webdo_tn"],"description":"Webdo est un m\u00e9dia num\u00e9rique tunisien fond\u00e9 en 2010, sp\u00e9cialis\u00e9 dans l\u2019actualit\u00e9 nationale et internationale, l\u2019\u00e9conomie, la soci\u00e9t\u00e9 et les analyses politiques. Le site s\u2019adresse \u00e0 un large public francophone et couvre l\u2019information tunisienne en temps r\u00e9el.","email":"redac@webdo.tn","legalName":"YNJ SARL","foundingDate":"2010-09-06","numberOfEmployees":{"@type":"QuantitativeValue","minValue":"11","maxValue":"50"}},{"@type":"Person","@id":"https:\/\/www.webdo.tn\/fr\/#\/schema\/person\/f35b42a42c5e2511bbd282959d6385cc","name":"CL","image":{"@type":"ImageObject","inLanguage":"fr-FR","@id":"https:\/\/secure.gravatar.com\/avatar\/1447a49909b67aa657c488aec6512e1dd6143a480c1ecfee9b5b5cd74eb3b59e?s=96&d=mm&r=g","url":"https:\/\/secure.gravatar.com\/avatar\/1447a49909b67aa657c488aec6512e1dd6143a480c1ecfee9b5b5cd74eb3b59e?s=96&d=mm&r=g","contentUrl":"https:\/\/secure.gravatar.com\/avatar\/1447a49909b67aa657c488aec6512e1dd6143a480c1ecfee9b5b5cd74eb3b59e?s=96&d=mm&r=g","caption":"CL"},"url":"https:\/\/www.webdo.tn\/fr\/actualite\/author\/cl\/"}]}},"_links":{"self":[{"href":"https:\/\/www.webdo.tn\/fr\/wp-json\/wp\/v2\/posts\/203748","targetHints":{"allow":["GET"]}}],"collection":[{"href":"https:\/\/www.webdo.tn\/fr\/wp-json\/wp\/v2\/posts"}],"about":[{"href":"https:\/\/www.webdo.tn\/fr\/wp-json\/wp\/v2\/types\/post"}],"author":[{"embeddable":true,"href":"https:\/\/www.webdo.tn\/fr\/wp-json\/wp\/v2\/users\/3175"}],"replies":[{"embeddable":true,"href":"https:\/\/www.webdo.tn\/fr\/wp-json\/wp\/v2\/comments?post=203748"}],"version-history":[{"count":0,"href":"https:\/\/www.webdo.tn\/fr\/wp-json\/wp\/v2\/posts\/203748\/revisions"}],"wp:featuredmedia":[{"embeddable":true,"href":"https:\/\/www.webdo.tn\/fr\/wp-json\/wp\/v2\/media\/277884"}],"wp:attachment":[{"href":"https:\/\/www.webdo.tn\/fr\/wp-json\/wp\/v2\/media?parent=203748"}],"wp:term":[{"taxonomy":"category","embeddable":true,"href":"https:\/\/www.webdo.tn\/fr\/wp-json\/wp\/v2\/categories?post=203748"},{"taxonomy":"post_tag","embeddable":true,"href":"https:\/\/www.webdo.tn\/fr\/wp-json\/wp\/v2\/tags?post=203748"}],"curies":[{"name":"wp","href":"https:\/\/api.w.org\/{rel}","templated":true}]}}