{"id":203742,"date":"2023-03-09T16:16:00","date_gmt":"2023-03-09T16:16:00","guid":{"rendered":"https:\/\/www.webdo.tn\/fr\/blog\/vente-de-cafe-mandat-de-depot-contre-le-suspect-accuse-de-monopole\/203742\/"},"modified":"2025-05-20T22:01:49","modified_gmt":"2025-05-20T22:01:49","slug":"vente-de-cafe-mandat-de-depot-contre-le-suspect-accuse-de-monopole","status":"publish","type":"post","link":"https:\/\/www.webdo.tn\/fr\/actualite\/national\/vente-de-cafe-mandat-de-depot-contre-le-suspect-accuse-de-monopole\/203742\/","title":{"rendered":"Vente de caf\u00e9 : Mandat de d\u00e9p\u00f4t contre le suspect accus\u00e9 de monopole"},"content":{"rendered":"<p>Il avait \u00e9t\u00e9 d\u00e9nonc\u00e9 par sa femme avant d\u2019\u00eatre arr\u00eat\u00e9 le 26 f\u00e9vrier dernier. Le propri\u00e9taire d\u2019une soci\u00e9t\u00e9 de commercialisation de caf\u00e9 a fait l\u2019objet d\u2019un mandat de d\u00e9p\u00f4t.<\/p>\n<p>\t\t\t\t\t\t\t\t\tLe juge d&rsquo;instruction du Tribunal de premi\u00e8re instance de l&rsquo;Ariana a \u00e9mis un mandat de d\u00e9p\u00f4t contre l\u2019homme d\u2019affaires en question qui avait \u00e9t\u00e9 arr\u00eat\u00e9 suite \u00e0 la saisie d&rsquo;environ 50 tonnes de caf\u00e9, une importante somme d&rsquo;argent, des montres et des voitures de luxe<\/p>\n<p>Rappelons qu\u2019il avait \u00e9t\u00e9 d\u00e9nonc\u00e9 par sa femme pour possession de quantit\u00e9 d\u2019or et de montres de grande valeur et qu\u2019il avait reconnu avoir d\u00e9cid\u00e9 de ne pas approvisionner le march\u00e9 en caf\u00e9, et ce suite \u00e0 un compromis avec une autre soci\u00e9t\u00e9.<\/p>\n<p>Dans le cadre du suivi de ce dossier, le p\u00e8re de l\u2019accus\u00e9 a \u00e9t\u00e9 maintenu en \u00e9tat de libert\u00e9 par le P\u00f4le judiciaire du lutte contre le terrorisme, rapporte Mosaique fm.<\/p>\n","protected":false},"excerpt":{"rendered":"<p>Il avait \u00e9t\u00e9 d\u00e9nonc\u00e9 par sa femme avant d\u2019\u00eatre arr\u00eat\u00e9 le 26 f\u00e9vrier dernier. Le propri\u00e9taire d\u2019une soci\u00e9t\u00e9 de commercialisation de caf\u00e9 a fait l\u2019objet d\u2019un mand&#8230;<\/p>\n","protected":false},"author":3162,"featured_media":251791,"comment_status":"open","ping_status":"closed","sticky":false,"template":"","format":"standard","meta":{"footnotes":""},"categories":[44],"tags":[3663,2886,4172],"class_list":["post-203742","post","type-post","status-publish","format-standard","has-post-thumbnail","hentry","category-national","tag-cafe","tag-mandat-de-depot","tag-monopole"],"yoast_head":"<!-- This site is optimized with the Yoast SEO Premium plugin v27.5 (Yoast SEO v27.5) - https:\/\/yoast.com\/product\/yoast-seo-premium-wordpress\/ -->\n<title>Vente de caf\u00e9 : Mandat de d\u00e9p\u00f4t contre le suspect accus\u00e9 de monopole<\/title>\n<meta name=\"description\" content=\"Il avait \u00e9t\u00e9 d\u00e9nonc\u00e9 par sa femme avant d\u2019\u00eatre arr\u00eat\u00e9 le 26 f\u00e9vrier dernier. Le propri\u00e9taire d\u2019une soci\u00e9t\u00e9 de commercialisation de caf\u00e9 a fait l\u2019objet d\u2019un mand...\" \/>\n<link rel=\"canonical\" href=\"https:\/\/www.webdo.tn\/fr\/actualite\/national\/vente-de-cafe-mandat-de-depot-contre-le-suspect-accuse-de-monopole\/203742\/\" \/>\n<meta property=\"og:locale\" content=\"fr_FR\" \/>\n<meta property=\"og:type\" content=\"article\" \/>\n<meta property=\"og:title\" content=\"Vente de caf\u00e9 : Mandat de d\u00e9p\u00f4t contre le suspect accus\u00e9 de monopole\" \/>\n<meta property=\"og:description\" content=\"Il avait \u00e9t\u00e9 d\u00e9nonc\u00e9 par sa femme avant d\u2019\u00eatre arr\u00eat\u00e9 le 26 f\u00e9vrier dernier. Le propri\u00e9taire d\u2019une soci\u00e9t\u00e9 de commercialisation de caf\u00e9 a fait l\u2019objet d\u2019un mand...\" \/>\n<meta property=\"og:url\" content=\"https:\/\/www.webdo.tn\/fr\/actualite\/national\/vente-de-cafe-mandat-de-depot-contre-le-suspect-accuse-de-monopole\/203742\/\" \/>\n<meta property=\"og:site_name\" content=\"webdo\" \/>\n<meta property=\"article:publisher\" content=\"https:\/\/www.facebook.com\/webdotn\" \/>\n<meta property=\"article:published_time\" content=\"2023-03-09T16:16:00+00:00\" \/>\n<meta property=\"article:modified_time\" content=\"2025-05-20T22:01:49+00:00\" \/>\n<meta property=\"og:image\" content=\"https:\/\/www.webdo.tn\/fr\/wp-content\/uploads\/2023\/03\/3c003a1f851c27cfe5bd2c0633a67b6d.jpg\" \/>\n\t<meta property=\"og:image:width\" content=\"680\" \/>\n\t<meta property=\"og:image:height\" content=\"363\" \/>\n\t<meta property=\"og:image:type\" content=\"image\/jpeg\" \/>\n<meta name=\"author\" content=\"MC\" \/>\n<meta name=\"twitter:card\" content=\"summary_large_image\" \/>\n<meta name=\"twitter:creator\" content=\"@webdo_tn\" \/>\n<meta name=\"twitter:site\" content=\"@webdo_tn\" \/>\n<meta name=\"twitter:label1\" content=\"\u00c9crit par\" \/>\n\t<meta name=\"twitter:data1\" content=\"MC\" \/>\n\t<meta name=\"twitter:label2\" content=\"Dur\u00e9e de lecture estim\u00e9e\" \/>\n\t<meta name=\"twitter:data2\" content=\"1 minute\" \/>\n<script type=\"application\/ld+json\" class=\"yoast-schema-graph\">{\"@context\":\"https:\\\/\\\/schema.org\",\"@graph\":[{\"@type\":\"NewsArticle\",\"@id\":\"https:\\\/\\\/www.webdo.tn\\\/fr\\\/actualite\\\/national\\\/vente-de-cafe-mandat-de-depot-contre-le-suspect-accuse-de-monopole\\\/203742\\\/#article\",\"isPartOf\":{\"@id\":\"https:\\\/\\\/www.webdo.tn\\\/fr\\\/actualite\\\/national\\\/vente-de-cafe-mandat-de-depot-contre-le-suspect-accuse-de-monopole\\\/203742\\\/\"},\"author\":{\"name\":\"MC\",\"@id\":\"https:\\\/\\\/www.webdo.tn\\\/fr\\\/#\\\/schema\\\/person\\\/2c4929cbf5a809e3bd38617c6ce150f6\"},\"headline\":\"Vente de caf\u00e9 : Mandat de d\u00e9p\u00f4t contre le suspect accus\u00e9 de monopole\",\"datePublished\":\"2023-03-09T16:16:00+00:00\",\"dateModified\":\"2025-05-20T22:01:49+00:00\",\"mainEntityOfPage\":{\"@id\":\"https:\\\/\\\/www.webdo.tn\\\/fr\\\/actualite\\\/national\\\/vente-de-cafe-mandat-de-depot-contre-le-suspect-accuse-de-monopole\\\/203742\\\/\"},\"wordCount\":188,\"commentCount\":0,\"publisher\":{\"@id\":\"https:\\\/\\\/www.webdo.tn\\\/fr\\\/#organization\"},\"image\":{\"@id\":\"https:\\\/\\\/www.webdo.tn\\\/fr\\\/actualite\\\/national\\\/vente-de-cafe-mandat-de-depot-contre-le-suspect-accuse-de-monopole\\\/203742\\\/#primaryimage\"},\"thumbnailUrl\":\"https:\\\/\\\/www.webdo.tn\\\/fr\\\/wp-content\\\/uploads\\\/2023\\\/03\\\/3c003a1f851c27cfe5bd2c0633a67b6d.jpg\",\"keywords\":[\"caf\u00e9\",\"mandat de d\u00e9p\u00f4t\",\"monopole\"],\"articleSection\":[\"National\"],\"inLanguage\":\"fr-FR\"},{\"@type\":\"WebPage\",\"@id\":\"https:\\\/\\\/www.webdo.tn\\\/fr\\\/actualite\\\/national\\\/vente-de-cafe-mandat-de-depot-contre-le-suspect-accuse-de-monopole\\\/203742\\\/\",\"url\":\"https:\\\/\\\/www.webdo.tn\\\/fr\\\/actualite\\\/national\\\/vente-de-cafe-mandat-de-depot-contre-le-suspect-accuse-de-monopole\\\/203742\\\/\",\"name\":\"Vente de caf\u00e9 : Mandat de d\u00e9p\u00f4t contre le suspect accus\u00e9 de monopole\",\"isPartOf\":{\"@id\":\"https:\\\/\\\/www.webdo.tn\\\/fr\\\/#website\"},\"primaryImageOfPage\":{\"@id\":\"https:\\\/\\\/www.webdo.tn\\\/fr\\\/actualite\\\/national\\\/vente-de-cafe-mandat-de-depot-contre-le-suspect-accuse-de-monopole\\\/203742\\\/#primaryimage\"},\"image\":{\"@id\":\"https:\\\/\\\/www.webdo.tn\\\/fr\\\/actualite\\\/national\\\/vente-de-cafe-mandat-de-depot-contre-le-suspect-accuse-de-monopole\\\/203742\\\/#primaryimage\"},\"thumbnailUrl\":\"https:\\\/\\\/www.webdo.tn\\\/fr\\\/wp-content\\\/uploads\\\/2023\\\/03\\\/3c003a1f851c27cfe5bd2c0633a67b6d.jpg\",\"datePublished\":\"2023-03-09T16:16:00+00:00\",\"dateModified\":\"2025-05-20T22:01:49+00:00\",\"description\":\"Il avait \u00e9t\u00e9 d\u00e9nonc\u00e9 par sa femme avant d\u2019\u00eatre arr\u00eat\u00e9 le 26 f\u00e9vrier dernier. Le propri\u00e9taire d\u2019une soci\u00e9t\u00e9 de commercialisation de caf\u00e9 a fait l\u2019objet d\u2019un mand...\",\"breadcrumb\":{\"@id\":\"https:\\\/\\\/www.webdo.tn\\\/fr\\\/actualite\\\/national\\\/vente-de-cafe-mandat-de-depot-contre-le-suspect-accuse-de-monopole\\\/203742\\\/#breadcrumb\"},\"inLanguage\":\"fr-FR\",\"potentialAction\":[{\"@type\":\"ReadAction\",\"target\":[\"https:\\\/\\\/www.webdo.tn\\\/fr\\\/actualite\\\/national\\\/vente-de-cafe-mandat-de-depot-contre-le-suspect-accuse-de-monopole\\\/203742\\\/\"]}]},{\"@type\":\"ImageObject\",\"inLanguage\":\"fr-FR\",\"@id\":\"https:\\\/\\\/www.webdo.tn\\\/fr\\\/actualite\\\/national\\\/vente-de-cafe-mandat-de-depot-contre-le-suspect-accuse-de-monopole\\\/203742\\\/#primaryimage\",\"url\":\"https:\\\/\\\/www.webdo.tn\\\/fr\\\/wp-content\\\/uploads\\\/2023\\\/03\\\/3c003a1f851c27cfe5bd2c0633a67b6d.jpg\",\"contentUrl\":\"https:\\\/\\\/www.webdo.tn\\\/fr\\\/wp-content\\\/uploads\\\/2023\\\/03\\\/3c003a1f851c27cfe5bd2c0633a67b6d.jpg\",\"width\":680,\"height\":363,\"caption\":\"Vente de caf\u00e9 : Mandat de d\u00e9p\u00f4t contre le suspect accus\u00e9 de monopole\"},{\"@type\":\"BreadcrumbList\",\"@id\":\"https:\\\/\\\/www.webdo.tn\\\/fr\\\/actualite\\\/national\\\/vente-de-cafe-mandat-de-depot-contre-le-suspect-accuse-de-monopole\\\/203742\\\/#breadcrumb\",\"itemListElement\":[{\"@type\":\"ListItem\",\"position\":1,\"name\":\"Accueil\",\"item\":\"https:\\\/\\\/www.webdo.tn\\\/fr\\\/\"},{\"@type\":\"ListItem\",\"position\":2,\"name\":\"Vente de caf\u00e9 : Mandat de d\u00e9p\u00f4t contre le suspect accus\u00e9 de monopole\"}]},{\"@type\":\"WebSite\",\"@id\":\"https:\\\/\\\/www.webdo.tn\\\/fr\\\/#website\",\"url\":\"https:\\\/\\\/www.webdo.tn\\\/fr\\\/\",\"name\":\"webdo\",\"description\":\"Tunisie - News en Tunisie et \u00e0 l&#039;international sur Webdo.tn\",\"publisher\":{\"@id\":\"https:\\\/\\\/www.webdo.tn\\\/fr\\\/#organization\"},\"potentialAction\":[{\"@type\":\"SearchAction\",\"target\":{\"@type\":\"EntryPoint\",\"urlTemplate\":\"https:\\\/\\\/www.webdo.tn\\\/fr\\\/?s={search_term_string}\"},\"query-input\":{\"@type\":\"PropertyValueSpecification\",\"valueRequired\":true,\"valueName\":\"search_term_string\"}}],\"inLanguage\":\"fr-FR\"},{\"@type\":\"Organization\",\"@id\":\"https:\\\/\\\/www.webdo.tn\\\/fr\\\/#organization\",\"name\":\"Webdo\",\"alternateName\":\"Webdo.tn\",\"url\":\"https:\\\/\\\/www.webdo.tn\\\/fr\\\/\",\"logo\":{\"@type\":\"ImageObject\",\"inLanguage\":\"fr-FR\",\"@id\":\"https:\\\/\\\/www.webdo.tn\\\/fr\\\/#\\\/schema\\\/logo\\\/image\\\/\",\"url\":\"https:\\\/\\\/www.webdo.tn\\\/fr\\\/wp-content\\\/uploads\\\/2025\\\/06\\\/Webdo-Tunisie_168377.jpg\",\"contentUrl\":\"https:\\\/\\\/www.webdo.tn\\\/fr\\\/wp-content\\\/uploads\\\/2025\\\/06\\\/Webdo-Tunisie_168377.jpg\",\"width\":301,\"height\":301,\"caption\":\"Webdo\"},\"image\":{\"@id\":\"https:\\\/\\\/www.webdo.tn\\\/fr\\\/#\\\/schema\\\/logo\\\/image\\\/\"},\"sameAs\":[\"https:\\\/\\\/www.facebook.com\\\/webdotn\",\"https:\\\/\\\/x.com\\\/webdo_tn\"],\"description\":\"Webdo est un m\u00e9dia num\u00e9rique tunisien fond\u00e9 en 2010, sp\u00e9cialis\u00e9 dans l\u2019actualit\u00e9 nationale et internationale, l\u2019\u00e9conomie, la soci\u00e9t\u00e9 et les analyses politiques. Le site s\u2019adresse \u00e0 un large public francophone et couvre l\u2019information tunisienne en temps r\u00e9el.\",\"email\":\"redac@webdo.tn\",\"legalName\":\"YNJ SARL\",\"foundingDate\":\"2010-09-06\",\"numberOfEmployees\":{\"@type\":\"QuantitativeValue\",\"minValue\":\"11\",\"maxValue\":\"50\"}},{\"@type\":\"Person\",\"@id\":\"https:\\\/\\\/www.webdo.tn\\\/fr\\\/#\\\/schema\\\/person\\\/2c4929cbf5a809e3bd38617c6ce150f6\",\"name\":\"MC\",\"image\":{\"@type\":\"ImageObject\",\"inLanguage\":\"fr-FR\",\"@id\":\"https:\\\/\\\/secure.gravatar.com\\\/avatar\\\/a545bbb6f84efdd5553dbbc2895e3ca8f1d12c5215e00a041c9670b54aa9b18a?s=96&d=mm&r=g\",\"url\":\"https:\\\/\\\/secure.gravatar.com\\\/avatar\\\/a545bbb6f84efdd5553dbbc2895e3ca8f1d12c5215e00a041c9670b54aa9b18a?s=96&d=mm&r=g\",\"contentUrl\":\"https:\\\/\\\/secure.gravatar.com\\\/avatar\\\/a545bbb6f84efdd5553dbbc2895e3ca8f1d12c5215e00a041c9670b54aa9b18a?s=96&d=mm&r=g\",\"caption\":\"MC\"},\"url\":\"https:\\\/\\\/www.webdo.tn\\\/fr\\\/actualite\\\/author\\\/mc\\\/\"}]}<\/script>\n<!-- \/ Yoast SEO Premium plugin. -->","yoast_head_json":{"title":"Vente de caf\u00e9 : Mandat de d\u00e9p\u00f4t contre le suspect accus\u00e9 de monopole","description":"Il avait \u00e9t\u00e9 d\u00e9nonc\u00e9 par sa femme avant d\u2019\u00eatre arr\u00eat\u00e9 le 26 f\u00e9vrier dernier. Le propri\u00e9taire d\u2019une soci\u00e9t\u00e9 de commercialisation de caf\u00e9 a fait l\u2019objet d\u2019un mand...","canonical":"https:\/\/www.webdo.tn\/fr\/actualite\/national\/vente-de-cafe-mandat-de-depot-contre-le-suspect-accuse-de-monopole\/203742\/","og_locale":"fr_FR","og_type":"article","og_title":"Vente de caf\u00e9 : Mandat de d\u00e9p\u00f4t contre le suspect accus\u00e9 de monopole","og_description":"Il avait \u00e9t\u00e9 d\u00e9nonc\u00e9 par sa femme avant d\u2019\u00eatre arr\u00eat\u00e9 le 26 f\u00e9vrier dernier. Le propri\u00e9taire d\u2019une soci\u00e9t\u00e9 de commercialisation de caf\u00e9 a fait l\u2019objet d\u2019un mand...","og_url":"https:\/\/www.webdo.tn\/fr\/actualite\/national\/vente-de-cafe-mandat-de-depot-contre-le-suspect-accuse-de-monopole\/203742\/","og_site_name":"webdo","article_publisher":"https:\/\/www.facebook.com\/webdotn","article_published_time":"2023-03-09T16:16:00+00:00","article_modified_time":"2025-05-20T22:01:49+00:00","og_image":[{"width":680,"height":363,"url":"https:\/\/www.webdo.tn\/fr\/wp-content\/uploads\/2023\/03\/3c003a1f851c27cfe5bd2c0633a67b6d.jpg","type":"image\/jpeg"}],"author":"MC","twitter_card":"summary_large_image","twitter_creator":"@webdo_tn","twitter_site":"@webdo_tn","twitter_misc":{"\u00c9crit par":"MC","Dur\u00e9e de lecture estim\u00e9e":"1 minute"},"schema":{"@context":"https:\/\/schema.org","@graph":[{"@type":"NewsArticle","@id":"https:\/\/www.webdo.tn\/fr\/actualite\/national\/vente-de-cafe-mandat-de-depot-contre-le-suspect-accuse-de-monopole\/203742\/#article","isPartOf":{"@id":"https:\/\/www.webdo.tn\/fr\/actualite\/national\/vente-de-cafe-mandat-de-depot-contre-le-suspect-accuse-de-monopole\/203742\/"},"author":{"name":"MC","@id":"https:\/\/www.webdo.tn\/fr\/#\/schema\/person\/2c4929cbf5a809e3bd38617c6ce150f6"},"headline":"Vente de caf\u00e9 : Mandat de d\u00e9p\u00f4t contre le suspect accus\u00e9 de monopole","datePublished":"2023-03-09T16:16:00+00:00","dateModified":"2025-05-20T22:01:49+00:00","mainEntityOfPage":{"@id":"https:\/\/www.webdo.tn\/fr\/actualite\/national\/vente-de-cafe-mandat-de-depot-contre-le-suspect-accuse-de-monopole\/203742\/"},"wordCount":188,"commentCount":0,"publisher":{"@id":"https:\/\/www.webdo.tn\/fr\/#organization"},"image":{"@id":"https:\/\/www.webdo.tn\/fr\/actualite\/national\/vente-de-cafe-mandat-de-depot-contre-le-suspect-accuse-de-monopole\/203742\/#primaryimage"},"thumbnailUrl":"https:\/\/www.webdo.tn\/fr\/wp-content\/uploads\/2023\/03\/3c003a1f851c27cfe5bd2c0633a67b6d.jpg","keywords":["caf\u00e9","mandat de d\u00e9p\u00f4t","monopole"],"articleSection":["National"],"inLanguage":"fr-FR"},{"@type":"WebPage","@id":"https:\/\/www.webdo.tn\/fr\/actualite\/national\/vente-de-cafe-mandat-de-depot-contre-le-suspect-accuse-de-monopole\/203742\/","url":"https:\/\/www.webdo.tn\/fr\/actualite\/national\/vente-de-cafe-mandat-de-depot-contre-le-suspect-accuse-de-monopole\/203742\/","name":"Vente de caf\u00e9 : Mandat de d\u00e9p\u00f4t contre le suspect accus\u00e9 de monopole","isPartOf":{"@id":"https:\/\/www.webdo.tn\/fr\/#website"},"primaryImageOfPage":{"@id":"https:\/\/www.webdo.tn\/fr\/actualite\/national\/vente-de-cafe-mandat-de-depot-contre-le-suspect-accuse-de-monopole\/203742\/#primaryimage"},"image":{"@id":"https:\/\/www.webdo.tn\/fr\/actualite\/national\/vente-de-cafe-mandat-de-depot-contre-le-suspect-accuse-de-monopole\/203742\/#primaryimage"},"thumbnailUrl":"https:\/\/www.webdo.tn\/fr\/wp-content\/uploads\/2023\/03\/3c003a1f851c27cfe5bd2c0633a67b6d.jpg","datePublished":"2023-03-09T16:16:00+00:00","dateModified":"2025-05-20T22:01:49+00:00","description":"Il avait \u00e9t\u00e9 d\u00e9nonc\u00e9 par sa femme avant d\u2019\u00eatre arr\u00eat\u00e9 le 26 f\u00e9vrier dernier. Le propri\u00e9taire d\u2019une soci\u00e9t\u00e9 de commercialisation de caf\u00e9 a fait l\u2019objet d\u2019un mand...","breadcrumb":{"@id":"https:\/\/www.webdo.tn\/fr\/actualite\/national\/vente-de-cafe-mandat-de-depot-contre-le-suspect-accuse-de-monopole\/203742\/#breadcrumb"},"inLanguage":"fr-FR","potentialAction":[{"@type":"ReadAction","target":["https:\/\/www.webdo.tn\/fr\/actualite\/national\/vente-de-cafe-mandat-de-depot-contre-le-suspect-accuse-de-monopole\/203742\/"]}]},{"@type":"ImageObject","inLanguage":"fr-FR","@id":"https:\/\/www.webdo.tn\/fr\/actualite\/national\/vente-de-cafe-mandat-de-depot-contre-le-suspect-accuse-de-monopole\/203742\/#primaryimage","url":"https:\/\/www.webdo.tn\/fr\/wp-content\/uploads\/2023\/03\/3c003a1f851c27cfe5bd2c0633a67b6d.jpg","contentUrl":"https:\/\/www.webdo.tn\/fr\/wp-content\/uploads\/2023\/03\/3c003a1f851c27cfe5bd2c0633a67b6d.jpg","width":680,"height":363,"caption":"Vente de caf\u00e9 : Mandat de d\u00e9p\u00f4t contre le suspect accus\u00e9 de monopole"},{"@type":"BreadcrumbList","@id":"https:\/\/www.webdo.tn\/fr\/actualite\/national\/vente-de-cafe-mandat-de-depot-contre-le-suspect-accuse-de-monopole\/203742\/#breadcrumb","itemListElement":[{"@type":"ListItem","position":1,"name":"Accueil","item":"https:\/\/www.webdo.tn\/fr\/"},{"@type":"ListItem","position":2,"name":"Vente de caf\u00e9 : Mandat de d\u00e9p\u00f4t contre le suspect accus\u00e9 de monopole"}]},{"@type":"WebSite","@id":"https:\/\/www.webdo.tn\/fr\/#website","url":"https:\/\/www.webdo.tn\/fr\/","name":"webdo","description":"Tunisie - News en Tunisie et \u00e0 l&#039;international sur Webdo.tn","publisher":{"@id":"https:\/\/www.webdo.tn\/fr\/#organization"},"potentialAction":[{"@type":"SearchAction","target":{"@type":"EntryPoint","urlTemplate":"https:\/\/www.webdo.tn\/fr\/?s={search_term_string}"},"query-input":{"@type":"PropertyValueSpecification","valueRequired":true,"valueName":"search_term_string"}}],"inLanguage":"fr-FR"},{"@type":"Organization","@id":"https:\/\/www.webdo.tn\/fr\/#organization","name":"Webdo","alternateName":"Webdo.tn","url":"https:\/\/www.webdo.tn\/fr\/","logo":{"@type":"ImageObject","inLanguage":"fr-FR","@id":"https:\/\/www.webdo.tn\/fr\/#\/schema\/logo\/image\/","url":"https:\/\/www.webdo.tn\/fr\/wp-content\/uploads\/2025\/06\/Webdo-Tunisie_168377.jpg","contentUrl":"https:\/\/www.webdo.tn\/fr\/wp-content\/uploads\/2025\/06\/Webdo-Tunisie_168377.jpg","width":301,"height":301,"caption":"Webdo"},"image":{"@id":"https:\/\/www.webdo.tn\/fr\/#\/schema\/logo\/image\/"},"sameAs":["https:\/\/www.facebook.com\/webdotn","https:\/\/x.com\/webdo_tn"],"description":"Webdo est un m\u00e9dia num\u00e9rique tunisien fond\u00e9 en 2010, sp\u00e9cialis\u00e9 dans l\u2019actualit\u00e9 nationale et internationale, l\u2019\u00e9conomie, la soci\u00e9t\u00e9 et les analyses politiques. Le site s\u2019adresse \u00e0 un large public francophone et couvre l\u2019information tunisienne en temps r\u00e9el.","email":"redac@webdo.tn","legalName":"YNJ SARL","foundingDate":"2010-09-06","numberOfEmployees":{"@type":"QuantitativeValue","minValue":"11","maxValue":"50"}},{"@type":"Person","@id":"https:\/\/www.webdo.tn\/fr\/#\/schema\/person\/2c4929cbf5a809e3bd38617c6ce150f6","name":"MC","image":{"@type":"ImageObject","inLanguage":"fr-FR","@id":"https:\/\/secure.gravatar.com\/avatar\/a545bbb6f84efdd5553dbbc2895e3ca8f1d12c5215e00a041c9670b54aa9b18a?s=96&d=mm&r=g","url":"https:\/\/secure.gravatar.com\/avatar\/a545bbb6f84efdd5553dbbc2895e3ca8f1d12c5215e00a041c9670b54aa9b18a?s=96&d=mm&r=g","contentUrl":"https:\/\/secure.gravatar.com\/avatar\/a545bbb6f84efdd5553dbbc2895e3ca8f1d12c5215e00a041c9670b54aa9b18a?s=96&d=mm&r=g","caption":"MC"},"url":"https:\/\/www.webdo.tn\/fr\/actualite\/author\/mc\/"}]}},"_links":{"self":[{"href":"https:\/\/www.webdo.tn\/fr\/wp-json\/wp\/v2\/posts\/203742","targetHints":{"allow":["GET"]}}],"collection":[{"href":"https:\/\/www.webdo.tn\/fr\/wp-json\/wp\/v2\/posts"}],"about":[{"href":"https:\/\/www.webdo.tn\/fr\/wp-json\/wp\/v2\/types\/post"}],"author":[{"embeddable":true,"href":"https:\/\/www.webdo.tn\/fr\/wp-json\/wp\/v2\/users\/3162"}],"replies":[{"embeddable":true,"href":"https:\/\/www.webdo.tn\/fr\/wp-json\/wp\/v2\/comments?post=203742"}],"version-history":[{"count":0,"href":"https:\/\/www.webdo.tn\/fr\/wp-json\/wp\/v2\/posts\/203742\/revisions"}],"wp:featuredmedia":[{"embeddable":true,"href":"https:\/\/www.webdo.tn\/fr\/wp-json\/wp\/v2\/media\/251791"}],"wp:attachment":[{"href":"https:\/\/www.webdo.tn\/fr\/wp-json\/wp\/v2\/media?parent=203742"}],"wp:term":[{"taxonomy":"category","embeddable":true,"href":"https:\/\/www.webdo.tn\/fr\/wp-json\/wp\/v2\/categories?post=203742"},{"taxonomy":"post_tag","embeddable":true,"href":"https:\/\/www.webdo.tn\/fr\/wp-json\/wp\/v2\/tags?post=203742"}],"curies":[{"name":"wp","href":"https:\/\/api.w.org\/{rel}","templated":true}]}}