{"id":203738,"date":"2023-03-09T14:35:00","date_gmt":"2023-03-09T14:35:00","guid":{"rendered":"https:\/\/www.webdo.tn\/fr\/blog\/loi-contre-l-immigration-irreguliere-londres-serre-la-vis\/203738\/"},"modified":"2025-05-20T22:58:40","modified_gmt":"2025-05-20T22:58:40","slug":"loi-contre-l-immigration-irreguliere-londres-serre-la-vis","status":"publish","type":"post","link":"https:\/\/www.webdo.tn\/fr\/actualite\/international\/loi-contre-l-immigration-irreguliere-londres-serre-la-vis\/203738\/","title":{"rendered":"Loi contre l\u2019immigration irr\u00e9guli\u00e8re : Londres serre la vis"},"content":{"rendered":"<p>Le gouvernement britannique a pr\u00e9sent\u00e9, mardi 7 mars, son projet de loi contre l\u2019immigration irr\u00e9guli\u00e8re qui pr\u00e9voit d\u2019interdire aux migrants qui arrivent par la Manche de demander l\u2019asile au Royaume-Uni.<\/p>\n<p>\t\t\t\t\t\t\t\t\tMalgr\u00e9 son caract\u00e8re tr\u00e8s contraignant, le projet de loi contre l\u2019immigration irr\u00e9guli\u00e8re au Royaume-Uni n\u2019a suscit\u00e9 ni l\u2019\u00e9motion des organisations des droits de l\u2019homme ni provoqu\u00e9 des campagnes de presse comme l\u2019a appris \u00e0 ses d\u00e9pens la Tunisie.<\/p>\n<p>Pourtant, le projet de loi du gouvernement britannique est \u00e9minemment raciste au vu de la teneur de ses dispositions.<\/p>\n<p>En effet, le texte interdit aux migrants arriv\u00e9s ill\u00e9galement de s\u2019installer au Royaume-Uni ou de demander la nationalit\u00e9 britannique. Il facilite la d\u00e9tention des migrants jusqu\u2019\u00e0 leur expulsion vers un pays tiers jug\u00e9 s\u00fbr. Il restreint, par ailleurs, \u00ab\u00a0radicalement\u00a0\u00bb la possibilit\u00e9 d\u2019appels contre les expulsions.<\/p>\n<p>Le Premier ministre Rishi Sunak n\u2019y va pas avec le dos de la cuill\u00e8re. Dans le quotidien The Sun, il envoie un message clair : \u00ab\u00a0Ceux qui viennent ici dans des petites embarcations ne peuvent pas demander l\u2019asile ici\u00a0\u00bb.<\/p>\n<p>Dans d\u2019autres pays, un tel message aurait provoqu\u00e9 un toll\u00e9.<\/p>\n","protected":false},"excerpt":{"rendered":"<p>Le gouvernement britannique a pr\u00e9sent\u00e9, mardi 7 mars, son projet de loi contre l\u2019immigration irr\u00e9guli\u00e8re&#8230;<\/p>\n","protected":false},"author":3188,"featured_media":251790,"comment_status":"open","ping_status":"closed","sticky":false,"template":"","format":"standard","meta":{"footnotes":""},"categories":[2598],"tags":[8678,3033,3900],"class_list":["post-203738","post","type-post","status-publish","format-standard","has-post-thumbnail","hentry","category-international","tag-immigration-irreguliere","tag-loi","tag-royaume-uni"],"yoast_head":"<!-- This site is optimized with the Yoast SEO Premium plugin v27.5 (Yoast SEO v27.5) - https:\/\/yoast.com\/product\/yoast-seo-premium-wordpress\/ -->\n<title>Loi contre l\u2019immigration irr\u00e9guli\u00e8re : Londres serre la vis<\/title>\n<meta name=\"description\" content=\"Le gouvernement britannique a pr\u00e9sent\u00e9, mardi 7 mars, son projet de loi contre l\u2019immigration irr\u00e9guli\u00e8re...\" \/>\n<link rel=\"canonical\" href=\"https:\/\/www.webdo.tn\/fr\/actualite\/international\/loi-contre-l-immigration-irreguliere-londres-serre-la-vis\/203738\/\" \/>\n<meta property=\"og:locale\" content=\"fr_FR\" \/>\n<meta property=\"og:type\" content=\"article\" \/>\n<meta property=\"og:title\" content=\"Loi contre l\u2019immigration irr\u00e9guli\u00e8re : Londres serre la vis\" \/>\n<meta property=\"og:description\" content=\"Le gouvernement britannique a pr\u00e9sent\u00e9, mardi 7 mars, son projet de loi contre l\u2019immigration irr\u00e9guli\u00e8re...\" \/>\n<meta property=\"og:url\" content=\"https:\/\/www.webdo.tn\/fr\/actualite\/international\/loi-contre-l-immigration-irreguliere-londres-serre-la-vis\/203738\/\" \/>\n<meta property=\"og:site_name\" content=\"webdo\" \/>\n<meta property=\"article:publisher\" content=\"https:\/\/www.facebook.com\/webdotn\" \/>\n<meta property=\"article:published_time\" content=\"2023-03-09T14:35:00+00:00\" \/>\n<meta property=\"article:modified_time\" content=\"2025-05-20T22:58:40+00:00\" \/>\n<meta property=\"og:image\" content=\"https:\/\/www.webdo.tn\/fr\/wp-content\/uploads\/2023\/03\/78e7a60f8a146de6f5ca18b1f6531007.jpg\" \/>\n\t<meta property=\"og:image:width\" content=\"750\" \/>\n\t<meta property=\"og:image:height\" content=\"400\" \/>\n\t<meta property=\"og:image:type\" content=\"image\/jpeg\" \/>\n<meta name=\"author\" content=\"Ramzi\" \/>\n<meta name=\"twitter:card\" content=\"summary_large_image\" \/>\n<meta name=\"twitter:creator\" content=\"@webdo_tn\" \/>\n<meta name=\"twitter:site\" content=\"@webdo_tn\" \/>\n<meta name=\"twitter:label1\" content=\"\u00c9crit par\" \/>\n\t<meta name=\"twitter:data1\" content=\"Ramzi\" \/>\n\t<meta name=\"twitter:label2\" content=\"Dur\u00e9e de lecture estim\u00e9e\" \/>\n\t<meta name=\"twitter:data2\" content=\"1 minute\" \/>\n<script type=\"application\/ld+json\" class=\"yoast-schema-graph\">{\"@context\":\"https:\\\/\\\/schema.org\",\"@graph\":[{\"@type\":\"NewsArticle\",\"@id\":\"https:\\\/\\\/www.webdo.tn\\\/fr\\\/actualite\\\/international\\\/loi-contre-l-immigration-irreguliere-londres-serre-la-vis\\\/203738\\\/#article\",\"isPartOf\":{\"@id\":\"https:\\\/\\\/www.webdo.tn\\\/fr\\\/actualite\\\/international\\\/loi-contre-l-immigration-irreguliere-londres-serre-la-vis\\\/203738\\\/\"},\"author\":{\"name\":\"Ramzi\",\"@id\":\"https:\\\/\\\/www.webdo.tn\\\/fr\\\/#\\\/schema\\\/person\\\/590cb5f81adcfde6385530fdbdf468e2\"},\"headline\":\"Loi contre l\u2019immigration irr\u00e9guli\u00e8re : Londres serre la vis\",\"datePublished\":\"2023-03-09T14:35:00+00:00\",\"dateModified\":\"2025-05-20T22:58:40+00:00\",\"mainEntityOfPage\":{\"@id\":\"https:\\\/\\\/www.webdo.tn\\\/fr\\\/actualite\\\/international\\\/loi-contre-l-immigration-irreguliere-londres-serre-la-vis\\\/203738\\\/\"},\"wordCount\":216,\"commentCount\":0,\"publisher\":{\"@id\":\"https:\\\/\\\/www.webdo.tn\\\/fr\\\/#organization\"},\"image\":{\"@id\":\"https:\\\/\\\/www.webdo.tn\\\/fr\\\/actualite\\\/international\\\/loi-contre-l-immigration-irreguliere-londres-serre-la-vis\\\/203738\\\/#primaryimage\"},\"thumbnailUrl\":\"https:\\\/\\\/www.webdo.tn\\\/fr\\\/wp-content\\\/uploads\\\/2023\\\/03\\\/78e7a60f8a146de6f5ca18b1f6531007.jpg\",\"keywords\":[\"immigration irr\u00e9guli\u00e8re\",\"loi\",\"royaume-uni\"],\"articleSection\":[\"International\"],\"inLanguage\":\"fr-FR\"},{\"@type\":\"WebPage\",\"@id\":\"https:\\\/\\\/www.webdo.tn\\\/fr\\\/actualite\\\/international\\\/loi-contre-l-immigration-irreguliere-londres-serre-la-vis\\\/203738\\\/\",\"url\":\"https:\\\/\\\/www.webdo.tn\\\/fr\\\/actualite\\\/international\\\/loi-contre-l-immigration-irreguliere-londres-serre-la-vis\\\/203738\\\/\",\"name\":\"Loi contre l\u2019immigration irr\u00e9guli\u00e8re : Londres serre la vis\",\"isPartOf\":{\"@id\":\"https:\\\/\\\/www.webdo.tn\\\/fr\\\/#website\"},\"primaryImageOfPage\":{\"@id\":\"https:\\\/\\\/www.webdo.tn\\\/fr\\\/actualite\\\/international\\\/loi-contre-l-immigration-irreguliere-londres-serre-la-vis\\\/203738\\\/#primaryimage\"},\"image\":{\"@id\":\"https:\\\/\\\/www.webdo.tn\\\/fr\\\/actualite\\\/international\\\/loi-contre-l-immigration-irreguliere-londres-serre-la-vis\\\/203738\\\/#primaryimage\"},\"thumbnailUrl\":\"https:\\\/\\\/www.webdo.tn\\\/fr\\\/wp-content\\\/uploads\\\/2023\\\/03\\\/78e7a60f8a146de6f5ca18b1f6531007.jpg\",\"datePublished\":\"2023-03-09T14:35:00+00:00\",\"dateModified\":\"2025-05-20T22:58:40+00:00\",\"description\":\"Le gouvernement britannique a pr\u00e9sent\u00e9, mardi 7 mars, son projet de loi contre l\u2019immigration irr\u00e9guli\u00e8re...\",\"breadcrumb\":{\"@id\":\"https:\\\/\\\/www.webdo.tn\\\/fr\\\/actualite\\\/international\\\/loi-contre-l-immigration-irreguliere-londres-serre-la-vis\\\/203738\\\/#breadcrumb\"},\"inLanguage\":\"fr-FR\",\"potentialAction\":[{\"@type\":\"ReadAction\",\"target\":[\"https:\\\/\\\/www.webdo.tn\\\/fr\\\/actualite\\\/international\\\/loi-contre-l-immigration-irreguliere-londres-serre-la-vis\\\/203738\\\/\"]}]},{\"@type\":\"ImageObject\",\"inLanguage\":\"fr-FR\",\"@id\":\"https:\\\/\\\/www.webdo.tn\\\/fr\\\/actualite\\\/international\\\/loi-contre-l-immigration-irreguliere-londres-serre-la-vis\\\/203738\\\/#primaryimage\",\"url\":\"https:\\\/\\\/www.webdo.tn\\\/fr\\\/wp-content\\\/uploads\\\/2023\\\/03\\\/78e7a60f8a146de6f5ca18b1f6531007.jpg\",\"contentUrl\":\"https:\\\/\\\/www.webdo.tn\\\/fr\\\/wp-content\\\/uploads\\\/2023\\\/03\\\/78e7a60f8a146de6f5ca18b1f6531007.jpg\",\"width\":750,\"height\":400,\"caption\":\"Loi contre l\u2019immigration irr\u00e9guli\u00e8re : Londres serre la vis\"},{\"@type\":\"BreadcrumbList\",\"@id\":\"https:\\\/\\\/www.webdo.tn\\\/fr\\\/actualite\\\/international\\\/loi-contre-l-immigration-irreguliere-londres-serre-la-vis\\\/203738\\\/#breadcrumb\",\"itemListElement\":[{\"@type\":\"ListItem\",\"position\":1,\"name\":\"Accueil\",\"item\":\"https:\\\/\\\/www.webdo.tn\\\/fr\\\/\"},{\"@type\":\"ListItem\",\"position\":2,\"name\":\"Loi contre l\u2019immigration irr\u00e9guli\u00e8re : Londres serre la vis\"}]},{\"@type\":\"WebSite\",\"@id\":\"https:\\\/\\\/www.webdo.tn\\\/fr\\\/#website\",\"url\":\"https:\\\/\\\/www.webdo.tn\\\/fr\\\/\",\"name\":\"webdo\",\"description\":\"Tunisie - News en Tunisie et \u00e0 l&#039;international sur Webdo.tn\",\"publisher\":{\"@id\":\"https:\\\/\\\/www.webdo.tn\\\/fr\\\/#organization\"},\"potentialAction\":[{\"@type\":\"SearchAction\",\"target\":{\"@type\":\"EntryPoint\",\"urlTemplate\":\"https:\\\/\\\/www.webdo.tn\\\/fr\\\/?s={search_term_string}\"},\"query-input\":{\"@type\":\"PropertyValueSpecification\",\"valueRequired\":true,\"valueName\":\"search_term_string\"}}],\"inLanguage\":\"fr-FR\"},{\"@type\":\"Organization\",\"@id\":\"https:\\\/\\\/www.webdo.tn\\\/fr\\\/#organization\",\"name\":\"Webdo\",\"alternateName\":\"Webdo.tn\",\"url\":\"https:\\\/\\\/www.webdo.tn\\\/fr\\\/\",\"logo\":{\"@type\":\"ImageObject\",\"inLanguage\":\"fr-FR\",\"@id\":\"https:\\\/\\\/www.webdo.tn\\\/fr\\\/#\\\/schema\\\/logo\\\/image\\\/\",\"url\":\"https:\\\/\\\/www.webdo.tn\\\/fr\\\/wp-content\\\/uploads\\\/2025\\\/06\\\/Webdo-Tunisie_168377.jpg\",\"contentUrl\":\"https:\\\/\\\/www.webdo.tn\\\/fr\\\/wp-content\\\/uploads\\\/2025\\\/06\\\/Webdo-Tunisie_168377.jpg\",\"width\":301,\"height\":301,\"caption\":\"Webdo\"},\"image\":{\"@id\":\"https:\\\/\\\/www.webdo.tn\\\/fr\\\/#\\\/schema\\\/logo\\\/image\\\/\"},\"sameAs\":[\"https:\\\/\\\/www.facebook.com\\\/webdotn\",\"https:\\\/\\\/x.com\\\/webdo_tn\"],\"description\":\"Webdo est un m\u00e9dia num\u00e9rique tunisien fond\u00e9 en 2010, sp\u00e9cialis\u00e9 dans l\u2019actualit\u00e9 nationale et internationale, l\u2019\u00e9conomie, la soci\u00e9t\u00e9 et les analyses politiques. Le site s\u2019adresse \u00e0 un large public francophone et couvre l\u2019information tunisienne en temps r\u00e9el.\",\"email\":\"redac@webdo.tn\",\"legalName\":\"YNJ SARL\",\"foundingDate\":\"2010-09-06\",\"numberOfEmployees\":{\"@type\":\"QuantitativeValue\",\"minValue\":\"11\",\"maxValue\":\"50\"}},{\"@type\":\"Person\",\"@id\":\"https:\\\/\\\/www.webdo.tn\\\/fr\\\/#\\\/schema\\\/person\\\/590cb5f81adcfde6385530fdbdf468e2\",\"name\":\"Ramzi\",\"image\":{\"@type\":\"ImageObject\",\"inLanguage\":\"fr-FR\",\"@id\":\"https:\\\/\\\/secure.gravatar.com\\\/avatar\\\/48df7d18915e10cf866ba8e27604c81ff9243fd52704a1d210c3e387e1cb8d87?s=96&d=mm&r=g\",\"url\":\"https:\\\/\\\/secure.gravatar.com\\\/avatar\\\/48df7d18915e10cf866ba8e27604c81ff9243fd52704a1d210c3e387e1cb8d87?s=96&d=mm&r=g\",\"contentUrl\":\"https:\\\/\\\/secure.gravatar.com\\\/avatar\\\/48df7d18915e10cf866ba8e27604c81ff9243fd52704a1d210c3e387e1cb8d87?s=96&d=mm&r=g\",\"caption\":\"Ramzi\"},\"url\":\"https:\\\/\\\/www.webdo.tn\\\/fr\\\/actualite\\\/author\\\/ramzi\\\/\"}]}<\/script>\n<!-- \/ Yoast SEO Premium plugin. -->","yoast_head_json":{"title":"Loi contre l\u2019immigration irr\u00e9guli\u00e8re : Londres serre la vis","description":"Le gouvernement britannique a pr\u00e9sent\u00e9, mardi 7 mars, son projet de loi contre l\u2019immigration irr\u00e9guli\u00e8re...","canonical":"https:\/\/www.webdo.tn\/fr\/actualite\/international\/loi-contre-l-immigration-irreguliere-londres-serre-la-vis\/203738\/","og_locale":"fr_FR","og_type":"article","og_title":"Loi contre l\u2019immigration irr\u00e9guli\u00e8re : Londres serre la vis","og_description":"Le gouvernement britannique a pr\u00e9sent\u00e9, mardi 7 mars, son projet de loi contre l\u2019immigration irr\u00e9guli\u00e8re...","og_url":"https:\/\/www.webdo.tn\/fr\/actualite\/international\/loi-contre-l-immigration-irreguliere-londres-serre-la-vis\/203738\/","og_site_name":"webdo","article_publisher":"https:\/\/www.facebook.com\/webdotn","article_published_time":"2023-03-09T14:35:00+00:00","article_modified_time":"2025-05-20T22:58:40+00:00","og_image":[{"width":750,"height":400,"url":"https:\/\/www.webdo.tn\/fr\/wp-content\/uploads\/2023\/03\/78e7a60f8a146de6f5ca18b1f6531007.jpg","type":"image\/jpeg"}],"author":"Ramzi","twitter_card":"summary_large_image","twitter_creator":"@webdo_tn","twitter_site":"@webdo_tn","twitter_misc":{"\u00c9crit par":"Ramzi","Dur\u00e9e de lecture estim\u00e9e":"1 minute"},"schema":{"@context":"https:\/\/schema.org","@graph":[{"@type":"NewsArticle","@id":"https:\/\/www.webdo.tn\/fr\/actualite\/international\/loi-contre-l-immigration-irreguliere-londres-serre-la-vis\/203738\/#article","isPartOf":{"@id":"https:\/\/www.webdo.tn\/fr\/actualite\/international\/loi-contre-l-immigration-irreguliere-londres-serre-la-vis\/203738\/"},"author":{"name":"Ramzi","@id":"https:\/\/www.webdo.tn\/fr\/#\/schema\/person\/590cb5f81adcfde6385530fdbdf468e2"},"headline":"Loi contre l\u2019immigration irr\u00e9guli\u00e8re : Londres serre la vis","datePublished":"2023-03-09T14:35:00+00:00","dateModified":"2025-05-20T22:58:40+00:00","mainEntityOfPage":{"@id":"https:\/\/www.webdo.tn\/fr\/actualite\/international\/loi-contre-l-immigration-irreguliere-londres-serre-la-vis\/203738\/"},"wordCount":216,"commentCount":0,"publisher":{"@id":"https:\/\/www.webdo.tn\/fr\/#organization"},"image":{"@id":"https:\/\/www.webdo.tn\/fr\/actualite\/international\/loi-contre-l-immigration-irreguliere-londres-serre-la-vis\/203738\/#primaryimage"},"thumbnailUrl":"https:\/\/www.webdo.tn\/fr\/wp-content\/uploads\/2023\/03\/78e7a60f8a146de6f5ca18b1f6531007.jpg","keywords":["immigration irr\u00e9guli\u00e8re","loi","royaume-uni"],"articleSection":["International"],"inLanguage":"fr-FR"},{"@type":"WebPage","@id":"https:\/\/www.webdo.tn\/fr\/actualite\/international\/loi-contre-l-immigration-irreguliere-londres-serre-la-vis\/203738\/","url":"https:\/\/www.webdo.tn\/fr\/actualite\/international\/loi-contre-l-immigration-irreguliere-londres-serre-la-vis\/203738\/","name":"Loi contre l\u2019immigration irr\u00e9guli\u00e8re : Londres serre la vis","isPartOf":{"@id":"https:\/\/www.webdo.tn\/fr\/#website"},"primaryImageOfPage":{"@id":"https:\/\/www.webdo.tn\/fr\/actualite\/international\/loi-contre-l-immigration-irreguliere-londres-serre-la-vis\/203738\/#primaryimage"},"image":{"@id":"https:\/\/www.webdo.tn\/fr\/actualite\/international\/loi-contre-l-immigration-irreguliere-londres-serre-la-vis\/203738\/#primaryimage"},"thumbnailUrl":"https:\/\/www.webdo.tn\/fr\/wp-content\/uploads\/2023\/03\/78e7a60f8a146de6f5ca18b1f6531007.jpg","datePublished":"2023-03-09T14:35:00+00:00","dateModified":"2025-05-20T22:58:40+00:00","description":"Le gouvernement britannique a pr\u00e9sent\u00e9, mardi 7 mars, son projet de loi contre l\u2019immigration irr\u00e9guli\u00e8re...","breadcrumb":{"@id":"https:\/\/www.webdo.tn\/fr\/actualite\/international\/loi-contre-l-immigration-irreguliere-londres-serre-la-vis\/203738\/#breadcrumb"},"inLanguage":"fr-FR","potentialAction":[{"@type":"ReadAction","target":["https:\/\/www.webdo.tn\/fr\/actualite\/international\/loi-contre-l-immigration-irreguliere-londres-serre-la-vis\/203738\/"]}]},{"@type":"ImageObject","inLanguage":"fr-FR","@id":"https:\/\/www.webdo.tn\/fr\/actualite\/international\/loi-contre-l-immigration-irreguliere-londres-serre-la-vis\/203738\/#primaryimage","url":"https:\/\/www.webdo.tn\/fr\/wp-content\/uploads\/2023\/03\/78e7a60f8a146de6f5ca18b1f6531007.jpg","contentUrl":"https:\/\/www.webdo.tn\/fr\/wp-content\/uploads\/2023\/03\/78e7a60f8a146de6f5ca18b1f6531007.jpg","width":750,"height":400,"caption":"Loi contre l\u2019immigration irr\u00e9guli\u00e8re : Londres serre la vis"},{"@type":"BreadcrumbList","@id":"https:\/\/www.webdo.tn\/fr\/actualite\/international\/loi-contre-l-immigration-irreguliere-londres-serre-la-vis\/203738\/#breadcrumb","itemListElement":[{"@type":"ListItem","position":1,"name":"Accueil","item":"https:\/\/www.webdo.tn\/fr\/"},{"@type":"ListItem","position":2,"name":"Loi contre l\u2019immigration irr\u00e9guli\u00e8re : Londres serre la vis"}]},{"@type":"WebSite","@id":"https:\/\/www.webdo.tn\/fr\/#website","url":"https:\/\/www.webdo.tn\/fr\/","name":"webdo","description":"Tunisie - News en Tunisie et \u00e0 l&#039;international sur Webdo.tn","publisher":{"@id":"https:\/\/www.webdo.tn\/fr\/#organization"},"potentialAction":[{"@type":"SearchAction","target":{"@type":"EntryPoint","urlTemplate":"https:\/\/www.webdo.tn\/fr\/?s={search_term_string}"},"query-input":{"@type":"PropertyValueSpecification","valueRequired":true,"valueName":"search_term_string"}}],"inLanguage":"fr-FR"},{"@type":"Organization","@id":"https:\/\/www.webdo.tn\/fr\/#organization","name":"Webdo","alternateName":"Webdo.tn","url":"https:\/\/www.webdo.tn\/fr\/","logo":{"@type":"ImageObject","inLanguage":"fr-FR","@id":"https:\/\/www.webdo.tn\/fr\/#\/schema\/logo\/image\/","url":"https:\/\/www.webdo.tn\/fr\/wp-content\/uploads\/2025\/06\/Webdo-Tunisie_168377.jpg","contentUrl":"https:\/\/www.webdo.tn\/fr\/wp-content\/uploads\/2025\/06\/Webdo-Tunisie_168377.jpg","width":301,"height":301,"caption":"Webdo"},"image":{"@id":"https:\/\/www.webdo.tn\/fr\/#\/schema\/logo\/image\/"},"sameAs":["https:\/\/www.facebook.com\/webdotn","https:\/\/x.com\/webdo_tn"],"description":"Webdo est un m\u00e9dia num\u00e9rique tunisien fond\u00e9 en 2010, sp\u00e9cialis\u00e9 dans l\u2019actualit\u00e9 nationale et internationale, l\u2019\u00e9conomie, la soci\u00e9t\u00e9 et les analyses politiques. Le site s\u2019adresse \u00e0 un large public francophone et couvre l\u2019information tunisienne en temps r\u00e9el.","email":"redac@webdo.tn","legalName":"YNJ SARL","foundingDate":"2010-09-06","numberOfEmployees":{"@type":"QuantitativeValue","minValue":"11","maxValue":"50"}},{"@type":"Person","@id":"https:\/\/www.webdo.tn\/fr\/#\/schema\/person\/590cb5f81adcfde6385530fdbdf468e2","name":"Ramzi","image":{"@type":"ImageObject","inLanguage":"fr-FR","@id":"https:\/\/secure.gravatar.com\/avatar\/48df7d18915e10cf866ba8e27604c81ff9243fd52704a1d210c3e387e1cb8d87?s=96&d=mm&r=g","url":"https:\/\/secure.gravatar.com\/avatar\/48df7d18915e10cf866ba8e27604c81ff9243fd52704a1d210c3e387e1cb8d87?s=96&d=mm&r=g","contentUrl":"https:\/\/secure.gravatar.com\/avatar\/48df7d18915e10cf866ba8e27604c81ff9243fd52704a1d210c3e387e1cb8d87?s=96&d=mm&r=g","caption":"Ramzi"},"url":"https:\/\/www.webdo.tn\/fr\/actualite\/author\/ramzi\/"}]}},"_links":{"self":[{"href":"https:\/\/www.webdo.tn\/fr\/wp-json\/wp\/v2\/posts\/203738","targetHints":{"allow":["GET"]}}],"collection":[{"href":"https:\/\/www.webdo.tn\/fr\/wp-json\/wp\/v2\/posts"}],"about":[{"href":"https:\/\/www.webdo.tn\/fr\/wp-json\/wp\/v2\/types\/post"}],"author":[{"embeddable":true,"href":"https:\/\/www.webdo.tn\/fr\/wp-json\/wp\/v2\/users\/3188"}],"replies":[{"embeddable":true,"href":"https:\/\/www.webdo.tn\/fr\/wp-json\/wp\/v2\/comments?post=203738"}],"version-history":[{"count":0,"href":"https:\/\/www.webdo.tn\/fr\/wp-json\/wp\/v2\/posts\/203738\/revisions"}],"wp:featuredmedia":[{"embeddable":true,"href":"https:\/\/www.webdo.tn\/fr\/wp-json\/wp\/v2\/media\/251790"}],"wp:attachment":[{"href":"https:\/\/www.webdo.tn\/fr\/wp-json\/wp\/v2\/media?parent=203738"}],"wp:term":[{"taxonomy":"category","embeddable":true,"href":"https:\/\/www.webdo.tn\/fr\/wp-json\/wp\/v2\/categories?post=203738"},{"taxonomy":"post_tag","embeddable":true,"href":"https:\/\/www.webdo.tn\/fr\/wp-json\/wp\/v2\/tags?post=203738"}],"curies":[{"name":"wp","href":"https:\/\/api.w.org\/{rel}","templated":true}]}}