{"id":203737,"date":"2023-03-09T14:18:00","date_gmt":"2023-03-09T14:18:00","guid":{"rendered":"https:\/\/www.webdo.tn\/fr\/blog\/emigration-irreguliere-14-corps-repeches-a-sfax\/203737\/"},"modified":"2025-05-20T22:01:49","modified_gmt":"2025-05-20T22:01:49","slug":"emigration-irreguliere-14-corps-repeches-a-sfax","status":"publish","type":"post","link":"https:\/\/www.webdo.tn\/fr\/actualite\/national\/emigration-irreguliere-14-corps-repeches-a-sfax\/203737\/","title":{"rendered":"Emigration irr\u00e9guli\u00e8re : 14 corps rep\u00each\u00e9s \u00e0 Sfax"},"content":{"rendered":"<p>Quatorze corps de migrants irr\u00e9guliers ont \u00e9t\u00e9 rep\u00each\u00e9s alors que 54 autres migrants ont \u00e9t\u00e9 secourus, dans la nuit d\u2019hier.<\/p>\n<p>\t\t\t\t\t\t\t\t\tLes unit\u00e9s de la Garde maritime \u00e0 Sfax sont parvenues, dans la nuit de mercredi 8 \u00e0 jeudi 9 mars, \u00e0 secourir 54 migrants irr\u00e9guliers, tous subsahariens apr\u00e8s le naufrage de leur embarcation. Lors de cette op\u00e9ration de sauvetage, 14 corps ont \u00e9t\u00e9 rep\u00each\u00e9s.<\/p>\n<p>Par ailleurs, les unit\u00e9s de la Garde maritime \u00e0 Sfax, Kerkennah et Mahdia et Monastir, ont d\u00e9jou\u00e9 14 tentatives d\u2019\u00e9migration irr\u00e9guli\u00e8re et secouru 435 migrants dont 9 Tunisiens et 426 Subsahariens, la nuit derni\u00e8re, a rapport\u00e9 aujourd\u2019hui le porte-parole de la Garde nationale.<\/p>\n<p>Enfin, les autorit\u00e9s italiennes ont annonc\u00e9, aujourd\u2019hui, l&rsquo;arriv\u00e9e de 1175 migrants sur l&rsquo;\u00eele de Lampedusa au cours des derni\u00e8res 24 heures, qui \u00e9taient partis des c\u00f4tes de Sfax.<\/p>\n","protected":false},"excerpt":{"rendered":"<p>Quatorze corps de migrants irr\u00e9guliers ont \u00e9t\u00e9 rep\u00each\u00e9s alors que 54 autres migrants ont \u00e9t\u00e9 secourus, dans la nuit d\u2019hier.<\/p>\n","protected":false},"author":3162,"featured_media":251792,"comment_status":"open","ping_status":"closed","sticky":false,"template":"","format":"standard","meta":{"footnotes":""},"categories":[44],"tags":[7055,2660,3594,2895,2675],"class_list":["post-203737","post","type-post","status-publish","format-standard","has-post-thumbnail","hentry","category-national","tag-emigration-irreguliere","tag-italie","tag-naufrage","tag-sauvetage","tag-sfax"],"yoast_head":"<!-- This site is optimized with the Yoast SEO Premium plugin v27.5 (Yoast SEO v27.5) - https:\/\/yoast.com\/product\/yoast-seo-premium-wordpress\/ -->\n<title>Emigration irr\u00e9guli\u00e8re : 14 corps rep\u00each\u00e9s \u00e0 Sfax<\/title>\n<meta name=\"description\" content=\"Quatorze corps de migrants irr\u00e9guliers ont \u00e9t\u00e9 rep\u00each\u00e9s alors que 54 autres migrants ont \u00e9t\u00e9 secourus, dans la nuit d\u2019hier.\" \/>\n<link rel=\"canonical\" href=\"https:\/\/www.webdo.tn\/fr\/actualite\/national\/emigration-irreguliere-14-corps-repeches-a-sfax\/203737\/\" \/>\n<meta property=\"og:locale\" content=\"fr_FR\" \/>\n<meta property=\"og:type\" content=\"article\" \/>\n<meta property=\"og:title\" content=\"Emigration irr\u00e9guli\u00e8re : 14 corps rep\u00each\u00e9s \u00e0 Sfax\" \/>\n<meta property=\"og:description\" content=\"Quatorze corps de migrants irr\u00e9guliers ont \u00e9t\u00e9 rep\u00each\u00e9s alors que 54 autres migrants ont \u00e9t\u00e9 secourus, dans la nuit d\u2019hier.\" \/>\n<meta property=\"og:url\" content=\"https:\/\/www.webdo.tn\/fr\/actualite\/national\/emigration-irreguliere-14-corps-repeches-a-sfax\/203737\/\" \/>\n<meta property=\"og:site_name\" content=\"webdo\" \/>\n<meta property=\"article:publisher\" content=\"https:\/\/www.facebook.com\/webdotn\" \/>\n<meta property=\"article:published_time\" content=\"2023-03-09T14:18:00+00:00\" \/>\n<meta property=\"article:modified_time\" content=\"2025-05-20T22:01:49+00:00\" \/>\n<meta property=\"og:image\" content=\"https:\/\/www.webdo.tn\/fr\/wp-content\/uploads\/2023\/03\/72263155b1428781a86b45a916012516.jpg\" \/>\n\t<meta property=\"og:image:width\" content=\"626\" \/>\n\t<meta property=\"og:image:height\" content=\"334\" \/>\n\t<meta property=\"og:image:type\" content=\"image\/jpeg\" \/>\n<meta name=\"author\" content=\"MC\" \/>\n<meta name=\"twitter:card\" content=\"summary_large_image\" \/>\n<meta name=\"twitter:creator\" content=\"@webdo_tn\" \/>\n<meta name=\"twitter:site\" content=\"@webdo_tn\" \/>\n<meta name=\"twitter:label1\" content=\"\u00c9crit par\" \/>\n\t<meta name=\"twitter:data1\" content=\"MC\" \/>\n\t<meta name=\"twitter:label2\" content=\"Dur\u00e9e de lecture estim\u00e9e\" \/>\n\t<meta name=\"twitter:data2\" content=\"1 minute\" \/>\n<script type=\"application\/ld+json\" class=\"yoast-schema-graph\">{\"@context\":\"https:\\\/\\\/schema.org\",\"@graph\":[{\"@type\":\"NewsArticle\",\"@id\":\"https:\\\/\\\/www.webdo.tn\\\/fr\\\/actualite\\\/national\\\/emigration-irreguliere-14-corps-repeches-a-sfax\\\/203737\\\/#article\",\"isPartOf\":{\"@id\":\"https:\\\/\\\/www.webdo.tn\\\/fr\\\/actualite\\\/national\\\/emigration-irreguliere-14-corps-repeches-a-sfax\\\/203737\\\/\"},\"author\":{\"name\":\"MC\",\"@id\":\"https:\\\/\\\/www.webdo.tn\\\/fr\\\/#\\\/schema\\\/person\\\/2c4929cbf5a809e3bd38617c6ce150f6\"},\"headline\":\"Emigration irr\u00e9guli\u00e8re : 14 corps rep\u00each\u00e9s \u00e0 Sfax\",\"datePublished\":\"2023-03-09T14:18:00+00:00\",\"dateModified\":\"2025-05-20T22:01:49+00:00\",\"mainEntityOfPage\":{\"@id\":\"https:\\\/\\\/www.webdo.tn\\\/fr\\\/actualite\\\/national\\\/emigration-irreguliere-14-corps-repeches-a-sfax\\\/203737\\\/\"},\"wordCount\":153,\"commentCount\":0,\"publisher\":{\"@id\":\"https:\\\/\\\/www.webdo.tn\\\/fr\\\/#organization\"},\"image\":{\"@id\":\"https:\\\/\\\/www.webdo.tn\\\/fr\\\/actualite\\\/national\\\/emigration-irreguliere-14-corps-repeches-a-sfax\\\/203737\\\/#primaryimage\"},\"thumbnailUrl\":\"https:\\\/\\\/www.webdo.tn\\\/fr\\\/wp-content\\\/uploads\\\/2023\\\/03\\\/72263155b1428781a86b45a916012516.jpg\",\"keywords\":[\"\u00e9migration irr\u00e9guli\u00e8re\",\"Italie\",\"naufrage\",\"sauvetage\",\"Sfax\"],\"articleSection\":[\"National\"],\"inLanguage\":\"fr-FR\"},{\"@type\":\"WebPage\",\"@id\":\"https:\\\/\\\/www.webdo.tn\\\/fr\\\/actualite\\\/national\\\/emigration-irreguliere-14-corps-repeches-a-sfax\\\/203737\\\/\",\"url\":\"https:\\\/\\\/www.webdo.tn\\\/fr\\\/actualite\\\/national\\\/emigration-irreguliere-14-corps-repeches-a-sfax\\\/203737\\\/\",\"name\":\"Emigration irr\u00e9guli\u00e8re : 14 corps rep\u00each\u00e9s \u00e0 Sfax\",\"isPartOf\":{\"@id\":\"https:\\\/\\\/www.webdo.tn\\\/fr\\\/#website\"},\"primaryImageOfPage\":{\"@id\":\"https:\\\/\\\/www.webdo.tn\\\/fr\\\/actualite\\\/national\\\/emigration-irreguliere-14-corps-repeches-a-sfax\\\/203737\\\/#primaryimage\"},\"image\":{\"@id\":\"https:\\\/\\\/www.webdo.tn\\\/fr\\\/actualite\\\/national\\\/emigration-irreguliere-14-corps-repeches-a-sfax\\\/203737\\\/#primaryimage\"},\"thumbnailUrl\":\"https:\\\/\\\/www.webdo.tn\\\/fr\\\/wp-content\\\/uploads\\\/2023\\\/03\\\/72263155b1428781a86b45a916012516.jpg\",\"datePublished\":\"2023-03-09T14:18:00+00:00\",\"dateModified\":\"2025-05-20T22:01:49+00:00\",\"description\":\"Quatorze corps de migrants irr\u00e9guliers ont \u00e9t\u00e9 rep\u00each\u00e9s alors que 54 autres migrants ont \u00e9t\u00e9 secourus, dans la nuit d\u2019hier.\",\"breadcrumb\":{\"@id\":\"https:\\\/\\\/www.webdo.tn\\\/fr\\\/actualite\\\/national\\\/emigration-irreguliere-14-corps-repeches-a-sfax\\\/203737\\\/#breadcrumb\"},\"inLanguage\":\"fr-FR\",\"potentialAction\":[{\"@type\":\"ReadAction\",\"target\":[\"https:\\\/\\\/www.webdo.tn\\\/fr\\\/actualite\\\/national\\\/emigration-irreguliere-14-corps-repeches-a-sfax\\\/203737\\\/\"]}]},{\"@type\":\"ImageObject\",\"inLanguage\":\"fr-FR\",\"@id\":\"https:\\\/\\\/www.webdo.tn\\\/fr\\\/actualite\\\/national\\\/emigration-irreguliere-14-corps-repeches-a-sfax\\\/203737\\\/#primaryimage\",\"url\":\"https:\\\/\\\/www.webdo.tn\\\/fr\\\/wp-content\\\/uploads\\\/2023\\\/03\\\/72263155b1428781a86b45a916012516.jpg\",\"contentUrl\":\"https:\\\/\\\/www.webdo.tn\\\/fr\\\/wp-content\\\/uploads\\\/2023\\\/03\\\/72263155b1428781a86b45a916012516.jpg\",\"width\":626,\"height\":334,\"caption\":\"Emigration irr\u00e9guli\u00e8re : 14 corps rep\u00each\u00e9s \u00e0 Sfax\"},{\"@type\":\"BreadcrumbList\",\"@id\":\"https:\\\/\\\/www.webdo.tn\\\/fr\\\/actualite\\\/national\\\/emigration-irreguliere-14-corps-repeches-a-sfax\\\/203737\\\/#breadcrumb\",\"itemListElement\":[{\"@type\":\"ListItem\",\"position\":1,\"name\":\"Accueil\",\"item\":\"https:\\\/\\\/www.webdo.tn\\\/fr\\\/\"},{\"@type\":\"ListItem\",\"position\":2,\"name\":\"Emigration irr\u00e9guli\u00e8re : 14 corps rep\u00each\u00e9s \u00e0 Sfax\"}]},{\"@type\":\"WebSite\",\"@id\":\"https:\\\/\\\/www.webdo.tn\\\/fr\\\/#website\",\"url\":\"https:\\\/\\\/www.webdo.tn\\\/fr\\\/\",\"name\":\"webdo\",\"description\":\"Tunisie - News en Tunisie et \u00e0 l&#039;international sur Webdo.tn\",\"publisher\":{\"@id\":\"https:\\\/\\\/www.webdo.tn\\\/fr\\\/#organization\"},\"potentialAction\":[{\"@type\":\"SearchAction\",\"target\":{\"@type\":\"EntryPoint\",\"urlTemplate\":\"https:\\\/\\\/www.webdo.tn\\\/fr\\\/?s={search_term_string}\"},\"query-input\":{\"@type\":\"PropertyValueSpecification\",\"valueRequired\":true,\"valueName\":\"search_term_string\"}}],\"inLanguage\":\"fr-FR\"},{\"@type\":\"Organization\",\"@id\":\"https:\\\/\\\/www.webdo.tn\\\/fr\\\/#organization\",\"name\":\"Webdo\",\"alternateName\":\"Webdo.tn\",\"url\":\"https:\\\/\\\/www.webdo.tn\\\/fr\\\/\",\"logo\":{\"@type\":\"ImageObject\",\"inLanguage\":\"fr-FR\",\"@id\":\"https:\\\/\\\/www.webdo.tn\\\/fr\\\/#\\\/schema\\\/logo\\\/image\\\/\",\"url\":\"https:\\\/\\\/www.webdo.tn\\\/fr\\\/wp-content\\\/uploads\\\/2025\\\/06\\\/Webdo-Tunisie_168377.jpg\",\"contentUrl\":\"https:\\\/\\\/www.webdo.tn\\\/fr\\\/wp-content\\\/uploads\\\/2025\\\/06\\\/Webdo-Tunisie_168377.jpg\",\"width\":301,\"height\":301,\"caption\":\"Webdo\"},\"image\":{\"@id\":\"https:\\\/\\\/www.webdo.tn\\\/fr\\\/#\\\/schema\\\/logo\\\/image\\\/\"},\"sameAs\":[\"https:\\\/\\\/www.facebook.com\\\/webdotn\",\"https:\\\/\\\/x.com\\\/webdo_tn\"],\"description\":\"Webdo est un m\u00e9dia num\u00e9rique tunisien fond\u00e9 en 2010, sp\u00e9cialis\u00e9 dans l\u2019actualit\u00e9 nationale et internationale, l\u2019\u00e9conomie, la soci\u00e9t\u00e9 et les analyses politiques. Le site s\u2019adresse \u00e0 un large public francophone et couvre l\u2019information tunisienne en temps r\u00e9el.\",\"email\":\"redac@webdo.tn\",\"legalName\":\"YNJ SARL\",\"foundingDate\":\"2010-09-06\",\"numberOfEmployees\":{\"@type\":\"QuantitativeValue\",\"minValue\":\"11\",\"maxValue\":\"50\"}},{\"@type\":\"Person\",\"@id\":\"https:\\\/\\\/www.webdo.tn\\\/fr\\\/#\\\/schema\\\/person\\\/2c4929cbf5a809e3bd38617c6ce150f6\",\"name\":\"MC\",\"image\":{\"@type\":\"ImageObject\",\"inLanguage\":\"fr-FR\",\"@id\":\"https:\\\/\\\/secure.gravatar.com\\\/avatar\\\/a545bbb6f84efdd5553dbbc2895e3ca8f1d12c5215e00a041c9670b54aa9b18a?s=96&d=mm&r=g\",\"url\":\"https:\\\/\\\/secure.gravatar.com\\\/avatar\\\/a545bbb6f84efdd5553dbbc2895e3ca8f1d12c5215e00a041c9670b54aa9b18a?s=96&d=mm&r=g\",\"contentUrl\":\"https:\\\/\\\/secure.gravatar.com\\\/avatar\\\/a545bbb6f84efdd5553dbbc2895e3ca8f1d12c5215e00a041c9670b54aa9b18a?s=96&d=mm&r=g\",\"caption\":\"MC\"},\"url\":\"https:\\\/\\\/www.webdo.tn\\\/fr\\\/actualite\\\/author\\\/mc\\\/\"}]}<\/script>\n<!-- \/ Yoast SEO Premium plugin. -->","yoast_head_json":{"title":"Emigration irr\u00e9guli\u00e8re : 14 corps rep\u00each\u00e9s \u00e0 Sfax","description":"Quatorze corps de migrants irr\u00e9guliers ont \u00e9t\u00e9 rep\u00each\u00e9s alors que 54 autres migrants ont \u00e9t\u00e9 secourus, dans la nuit d\u2019hier.","canonical":"https:\/\/www.webdo.tn\/fr\/actualite\/national\/emigration-irreguliere-14-corps-repeches-a-sfax\/203737\/","og_locale":"fr_FR","og_type":"article","og_title":"Emigration irr\u00e9guli\u00e8re : 14 corps rep\u00each\u00e9s \u00e0 Sfax","og_description":"Quatorze corps de migrants irr\u00e9guliers ont \u00e9t\u00e9 rep\u00each\u00e9s alors que 54 autres migrants ont \u00e9t\u00e9 secourus, dans la nuit d\u2019hier.","og_url":"https:\/\/www.webdo.tn\/fr\/actualite\/national\/emigration-irreguliere-14-corps-repeches-a-sfax\/203737\/","og_site_name":"webdo","article_publisher":"https:\/\/www.facebook.com\/webdotn","article_published_time":"2023-03-09T14:18:00+00:00","article_modified_time":"2025-05-20T22:01:49+00:00","og_image":[{"width":626,"height":334,"url":"https:\/\/www.webdo.tn\/fr\/wp-content\/uploads\/2023\/03\/72263155b1428781a86b45a916012516.jpg","type":"image\/jpeg"}],"author":"MC","twitter_card":"summary_large_image","twitter_creator":"@webdo_tn","twitter_site":"@webdo_tn","twitter_misc":{"\u00c9crit par":"MC","Dur\u00e9e de lecture estim\u00e9e":"1 minute"},"schema":{"@context":"https:\/\/schema.org","@graph":[{"@type":"NewsArticle","@id":"https:\/\/www.webdo.tn\/fr\/actualite\/national\/emigration-irreguliere-14-corps-repeches-a-sfax\/203737\/#article","isPartOf":{"@id":"https:\/\/www.webdo.tn\/fr\/actualite\/national\/emigration-irreguliere-14-corps-repeches-a-sfax\/203737\/"},"author":{"name":"MC","@id":"https:\/\/www.webdo.tn\/fr\/#\/schema\/person\/2c4929cbf5a809e3bd38617c6ce150f6"},"headline":"Emigration irr\u00e9guli\u00e8re : 14 corps rep\u00each\u00e9s \u00e0 Sfax","datePublished":"2023-03-09T14:18:00+00:00","dateModified":"2025-05-20T22:01:49+00:00","mainEntityOfPage":{"@id":"https:\/\/www.webdo.tn\/fr\/actualite\/national\/emigration-irreguliere-14-corps-repeches-a-sfax\/203737\/"},"wordCount":153,"commentCount":0,"publisher":{"@id":"https:\/\/www.webdo.tn\/fr\/#organization"},"image":{"@id":"https:\/\/www.webdo.tn\/fr\/actualite\/national\/emigration-irreguliere-14-corps-repeches-a-sfax\/203737\/#primaryimage"},"thumbnailUrl":"https:\/\/www.webdo.tn\/fr\/wp-content\/uploads\/2023\/03\/72263155b1428781a86b45a916012516.jpg","keywords":["\u00e9migration irr\u00e9guli\u00e8re","Italie","naufrage","sauvetage","Sfax"],"articleSection":["National"],"inLanguage":"fr-FR"},{"@type":"WebPage","@id":"https:\/\/www.webdo.tn\/fr\/actualite\/national\/emigration-irreguliere-14-corps-repeches-a-sfax\/203737\/","url":"https:\/\/www.webdo.tn\/fr\/actualite\/national\/emigration-irreguliere-14-corps-repeches-a-sfax\/203737\/","name":"Emigration irr\u00e9guli\u00e8re : 14 corps rep\u00each\u00e9s \u00e0 Sfax","isPartOf":{"@id":"https:\/\/www.webdo.tn\/fr\/#website"},"primaryImageOfPage":{"@id":"https:\/\/www.webdo.tn\/fr\/actualite\/national\/emigration-irreguliere-14-corps-repeches-a-sfax\/203737\/#primaryimage"},"image":{"@id":"https:\/\/www.webdo.tn\/fr\/actualite\/national\/emigration-irreguliere-14-corps-repeches-a-sfax\/203737\/#primaryimage"},"thumbnailUrl":"https:\/\/www.webdo.tn\/fr\/wp-content\/uploads\/2023\/03\/72263155b1428781a86b45a916012516.jpg","datePublished":"2023-03-09T14:18:00+00:00","dateModified":"2025-05-20T22:01:49+00:00","description":"Quatorze corps de migrants irr\u00e9guliers ont \u00e9t\u00e9 rep\u00each\u00e9s alors que 54 autres migrants ont \u00e9t\u00e9 secourus, dans la nuit d\u2019hier.","breadcrumb":{"@id":"https:\/\/www.webdo.tn\/fr\/actualite\/national\/emigration-irreguliere-14-corps-repeches-a-sfax\/203737\/#breadcrumb"},"inLanguage":"fr-FR","potentialAction":[{"@type":"ReadAction","target":["https:\/\/www.webdo.tn\/fr\/actualite\/national\/emigration-irreguliere-14-corps-repeches-a-sfax\/203737\/"]}]},{"@type":"ImageObject","inLanguage":"fr-FR","@id":"https:\/\/www.webdo.tn\/fr\/actualite\/national\/emigration-irreguliere-14-corps-repeches-a-sfax\/203737\/#primaryimage","url":"https:\/\/www.webdo.tn\/fr\/wp-content\/uploads\/2023\/03\/72263155b1428781a86b45a916012516.jpg","contentUrl":"https:\/\/www.webdo.tn\/fr\/wp-content\/uploads\/2023\/03\/72263155b1428781a86b45a916012516.jpg","width":626,"height":334,"caption":"Emigration irr\u00e9guli\u00e8re : 14 corps rep\u00each\u00e9s \u00e0 Sfax"},{"@type":"BreadcrumbList","@id":"https:\/\/www.webdo.tn\/fr\/actualite\/national\/emigration-irreguliere-14-corps-repeches-a-sfax\/203737\/#breadcrumb","itemListElement":[{"@type":"ListItem","position":1,"name":"Accueil","item":"https:\/\/www.webdo.tn\/fr\/"},{"@type":"ListItem","position":2,"name":"Emigration irr\u00e9guli\u00e8re : 14 corps rep\u00each\u00e9s \u00e0 Sfax"}]},{"@type":"WebSite","@id":"https:\/\/www.webdo.tn\/fr\/#website","url":"https:\/\/www.webdo.tn\/fr\/","name":"webdo","description":"Tunisie - News en Tunisie et \u00e0 l&#039;international sur Webdo.tn","publisher":{"@id":"https:\/\/www.webdo.tn\/fr\/#organization"},"potentialAction":[{"@type":"SearchAction","target":{"@type":"EntryPoint","urlTemplate":"https:\/\/www.webdo.tn\/fr\/?s={search_term_string}"},"query-input":{"@type":"PropertyValueSpecification","valueRequired":true,"valueName":"search_term_string"}}],"inLanguage":"fr-FR"},{"@type":"Organization","@id":"https:\/\/www.webdo.tn\/fr\/#organization","name":"Webdo","alternateName":"Webdo.tn","url":"https:\/\/www.webdo.tn\/fr\/","logo":{"@type":"ImageObject","inLanguage":"fr-FR","@id":"https:\/\/www.webdo.tn\/fr\/#\/schema\/logo\/image\/","url":"https:\/\/www.webdo.tn\/fr\/wp-content\/uploads\/2025\/06\/Webdo-Tunisie_168377.jpg","contentUrl":"https:\/\/www.webdo.tn\/fr\/wp-content\/uploads\/2025\/06\/Webdo-Tunisie_168377.jpg","width":301,"height":301,"caption":"Webdo"},"image":{"@id":"https:\/\/www.webdo.tn\/fr\/#\/schema\/logo\/image\/"},"sameAs":["https:\/\/www.facebook.com\/webdotn","https:\/\/x.com\/webdo_tn"],"description":"Webdo est un m\u00e9dia num\u00e9rique tunisien fond\u00e9 en 2010, sp\u00e9cialis\u00e9 dans l\u2019actualit\u00e9 nationale et internationale, l\u2019\u00e9conomie, la soci\u00e9t\u00e9 et les analyses politiques. Le site s\u2019adresse \u00e0 un large public francophone et couvre l\u2019information tunisienne en temps r\u00e9el.","email":"redac@webdo.tn","legalName":"YNJ SARL","foundingDate":"2010-09-06","numberOfEmployees":{"@type":"QuantitativeValue","minValue":"11","maxValue":"50"}},{"@type":"Person","@id":"https:\/\/www.webdo.tn\/fr\/#\/schema\/person\/2c4929cbf5a809e3bd38617c6ce150f6","name":"MC","image":{"@type":"ImageObject","inLanguage":"fr-FR","@id":"https:\/\/secure.gravatar.com\/avatar\/a545bbb6f84efdd5553dbbc2895e3ca8f1d12c5215e00a041c9670b54aa9b18a?s=96&d=mm&r=g","url":"https:\/\/secure.gravatar.com\/avatar\/a545bbb6f84efdd5553dbbc2895e3ca8f1d12c5215e00a041c9670b54aa9b18a?s=96&d=mm&r=g","contentUrl":"https:\/\/secure.gravatar.com\/avatar\/a545bbb6f84efdd5553dbbc2895e3ca8f1d12c5215e00a041c9670b54aa9b18a?s=96&d=mm&r=g","caption":"MC"},"url":"https:\/\/www.webdo.tn\/fr\/actualite\/author\/mc\/"}]}},"_links":{"self":[{"href":"https:\/\/www.webdo.tn\/fr\/wp-json\/wp\/v2\/posts\/203737","targetHints":{"allow":["GET"]}}],"collection":[{"href":"https:\/\/www.webdo.tn\/fr\/wp-json\/wp\/v2\/posts"}],"about":[{"href":"https:\/\/www.webdo.tn\/fr\/wp-json\/wp\/v2\/types\/post"}],"author":[{"embeddable":true,"href":"https:\/\/www.webdo.tn\/fr\/wp-json\/wp\/v2\/users\/3162"}],"replies":[{"embeddable":true,"href":"https:\/\/www.webdo.tn\/fr\/wp-json\/wp\/v2\/comments?post=203737"}],"version-history":[{"count":0,"href":"https:\/\/www.webdo.tn\/fr\/wp-json\/wp\/v2\/posts\/203737\/revisions"}],"wp:featuredmedia":[{"embeddable":true,"href":"https:\/\/www.webdo.tn\/fr\/wp-json\/wp\/v2\/media\/251792"}],"wp:attachment":[{"href":"https:\/\/www.webdo.tn\/fr\/wp-json\/wp\/v2\/media?parent=203737"}],"wp:term":[{"taxonomy":"category","embeddable":true,"href":"https:\/\/www.webdo.tn\/fr\/wp-json\/wp\/v2\/categories?post=203737"},{"taxonomy":"post_tag","embeddable":true,"href":"https:\/\/www.webdo.tn\/fr\/wp-json\/wp\/v2\/tags?post=203737"}],"curies":[{"name":"wp","href":"https:\/\/api.w.org\/{rel}","templated":true}]}}