{"id":203719,"date":"2023-03-08T20:00:00","date_gmt":"2023-03-08T20:00:00","guid":{"rendered":"https:\/\/www.webdo.tn\/fr\/blog\/taoufik-charfeddine-appele-a-presenter-des-excuses-par-un-collectif-d-associations-et-d-organisations\/203719\/"},"modified":"2023-03-08T20:00:00","modified_gmt":"2023-03-08T20:00:00","slug":"taoufik-charfeddine-appele-a-presenter-des-excuses-par-un-collectif-d-associations-et-d-organisations","status":"publish","type":"post","link":"https:\/\/www.webdo.tn\/fr\/actualite\/national\/taoufik-charfeddine-appele-a-presenter-des-excuses-par-un-collectif-d-associations-et-d-organisations\/203719\/","title":{"rendered":"Taoufik Charfeddine appel\u00e9 \u00e0 pr\u00e9senter des excuses par un collectif d&rsquo;associations et d&rsquo;organisations"},"content":{"rendered":"<p>Les d\u00e9clarations donn\u00e9es par le ministre de l&rsquo;Int\u00e9rieur, Taoufik Charfeddine, en marge de sa visite, le mardi 7 mars 2023, \u00e0 Ben Guerdane, dans le cadre de la comm\u00e9moration du 7e anniversaire de l&rsquo;\u00e9pop\u00e9e du 7 mars, ont provoqu\u00e9 un toll\u00e9 parmi un collectif d&rsquo;associations et d&rsquo;organisations, selon la TAP.<\/p>\n<p>\t\t\t\t\t\t\t\t\tAinsi, les signataires ont demand\u00e9, dans une d\u00e9claration commune,\u00a0au ministre de l&rsquo;Int\u00e9rieur de pr\u00e9senter des excuses officielles sur fond de ses propos \u00ab\u00a0violents, dangereux et h\u00e2tifs\u00a0\u00bb, appelant \u00e0 les supprimer des pages officielles du minist\u00e8re de l&rsquo;int\u00e9rieur sur les r\u00e9seaux sociaux.<\/p>\n<p>Parmi les composantes de la soci\u00e9t\u00e9 civile signataires de cette d\u00e9claration commune, figurent l&rsquo;Union g\u00e9n\u00e9rale tunisienne du travail (UGTT), la Ligue tunisienne de d\u00e9fense des droits de l&rsquo;homme (LTDH), l&rsquo;Association tunisienne des femmes d\u00e9mocrates (ATFD), le Syndicat national des journalistes tunisiens (SNJT), le Forum tunisien des droits \u00e9conomiques et sociaux, l&rsquo;Association tunisienne pour la d\u00e9fense des libert\u00e9s individuelles et l&rsquo;Organisation tunisienne contre la torture.<\/p>\n<p>Il est \u00e0 rappeler que\u00a0Taoufik Charfeddine\u00a0avait d\u00e9clar\u00e9, \u00e0 Ben Guerdane, que \u00ab\u00a0ceux qui nous font tympaniser les oreilles \u00e0 travers les slogans de l&rsquo;immunit\u00e9 parlementaire, de l&rsquo;immunit\u00e9 judiciaire et qui brandissent \u00e0 cor et \u00e0 cri le sacr\u00e9 devoir incombant aux m\u00e9dias et aux syndicalistes, sont bien loin de faire office de bon juge, de bon syndicaliste ou encore de bon journaliste\u00a0\u00bb.<\/p>\n<p>Le collectif\u00a0a \u00e9galement fait porter la pleine et enti\u00e8re responsabilit\u00e9 des retomb\u00e9es de son discours sur la s\u00e9curit\u00e9 des journalistes, des militants syndicaux, des civils et des hommes politiques.<\/p>\n","protected":false},"excerpt":{"rendered":"<p>Les d\u00e9clarations donn\u00e9es par le ministre de l&rsquo;Int\u00e9rieur, Taoufik Charfeddine, en marge de sa visite, le mardi 7 mars 2023, \u00e0 Ben Guerdane, dans le cadre de la c&#8230;<\/p>\n","protected":false},"author":3169,"featured_media":251785,"comment_status":"open","ping_status":"closed","sticky":false,"template":"","format":"standard","meta":{"footnotes":""},"categories":[44],"tags":[8717,6503,8716,2608],"class_list":["post-203719","post","type-post","status-publish","format-standard","has-post-thumbnail","hentry","category-national","tag-excuses","tag-societe-civile","tag-taoufik-charfeddine","tag-tunisie"],"yoast_head":"<!-- This site is optimized with the Yoast SEO Premium plugin v27.4 (Yoast SEO v27.5) - https:\/\/yoast.com\/product\/yoast-seo-premium-wordpress\/ -->\n<title>Taoufik Charfeddine appel\u00e9 \u00e0 pr\u00e9senter des excuses par un collectif d&#039;associations et d&#039;organisations<\/title>\n<meta name=\"description\" content=\"Les d\u00e9clarations donn\u00e9es par le ministre de l&#039;Int\u00e9rieur, Taoufik Charfeddine, en marge de sa visite, le mardi 7 mars 2023, \u00e0 Ben Guerdane, dans le cadre de la c...\" \/>\n<link rel=\"canonical\" href=\"https:\/\/www.webdo.tn\/fr\/actualite\/national\/taoufik-charfeddine-appele-a-presenter-des-excuses-par-un-collectif-d-associations-et-d-organisations\/203719\/\" \/>\n<meta property=\"og:locale\" content=\"fr_FR\" \/>\n<meta property=\"og:type\" content=\"article\" \/>\n<meta property=\"og:title\" content=\"Taoufik Charfeddine appel\u00e9 \u00e0 pr\u00e9senter des excuses par un collectif d&#039;associations et d&#039;organisations\" \/>\n<meta property=\"og:description\" content=\"Les d\u00e9clarations donn\u00e9es par le ministre de l&#039;Int\u00e9rieur, Taoufik Charfeddine, en marge de sa visite, le mardi 7 mars 2023, \u00e0 Ben Guerdane, dans le cadre de la c...\" \/>\n<meta property=\"og:url\" content=\"https:\/\/www.webdo.tn\/fr\/actualite\/national\/taoufik-charfeddine-appele-a-presenter-des-excuses-par-un-collectif-d-associations-et-d-organisations\/203719\/\" \/>\n<meta property=\"og:site_name\" content=\"webdo\" \/>\n<meta property=\"article:publisher\" content=\"https:\/\/www.facebook.com\/webdotn\" \/>\n<meta property=\"article:published_time\" content=\"2023-03-08T20:00:00+00:00\" \/>\n<meta property=\"og:image\" content=\"https:\/\/www.webdo.tn\/fr\/wp-content\/uploads\/2023\/03\/60bd948b0f9b44f17ac8182e00689ac8.jpg\" \/>\n\t<meta property=\"og:image:width\" content=\"676\" \/>\n\t<meta property=\"og:image:height\" content=\"361\" \/>\n\t<meta property=\"og:image:type\" content=\"image\/jpeg\" \/>\n<meta name=\"author\" content=\"Webdo\" \/>\n<meta name=\"twitter:card\" content=\"summary_large_image\" \/>\n<meta name=\"twitter:creator\" content=\"@webdo_tn\" \/>\n<meta name=\"twitter:site\" content=\"@webdo_tn\" \/>\n<meta name=\"twitter:label1\" content=\"\u00c9crit par\" \/>\n\t<meta name=\"twitter:data1\" content=\"Webdo\" \/>\n\t<meta name=\"twitter:label2\" content=\"Dur\u00e9e de lecture estim\u00e9e\" \/>\n\t<meta name=\"twitter:data2\" content=\"1 minute\" \/>\n<script type=\"application\/ld+json\" class=\"yoast-schema-graph\">{\"@context\":\"https:\\\/\\\/schema.org\",\"@graph\":[{\"@type\":\"NewsArticle\",\"@id\":\"https:\\\/\\\/www.webdo.tn\\\/fr\\\/actualite\\\/national\\\/taoufik-charfeddine-appele-a-presenter-des-excuses-par-un-collectif-d-associations-et-d-organisations\\\/203719\\\/#article\",\"isPartOf\":{\"@id\":\"https:\\\/\\\/www.webdo.tn\\\/fr\\\/actualite\\\/national\\\/taoufik-charfeddine-appele-a-presenter-des-excuses-par-un-collectif-d-associations-et-d-organisations\\\/203719\\\/\"},\"author\":{\"name\":\"Webdo\",\"@id\":\"https:\\\/\\\/www.webdo.tn\\\/fr\\\/#\\\/schema\\\/person\\\/1f4e491e0907b413d61089e8eb573acc\"},\"headline\":\"Taoufik Charfeddine appel\u00e9 \u00e0 pr\u00e9senter des excuses par un collectif d&rsquo;associations et d&rsquo;organisations\",\"datePublished\":\"2023-03-08T20:00:00+00:00\",\"mainEntityOfPage\":{\"@id\":\"https:\\\/\\\/www.webdo.tn\\\/fr\\\/actualite\\\/national\\\/taoufik-charfeddine-appele-a-presenter-des-excuses-par-un-collectif-d-associations-et-d-organisations\\\/203719\\\/\"},\"wordCount\":293,\"commentCount\":0,\"publisher\":{\"@id\":\"https:\\\/\\\/www.webdo.tn\\\/fr\\\/#organization\"},\"image\":{\"@id\":\"https:\\\/\\\/www.webdo.tn\\\/fr\\\/actualite\\\/national\\\/taoufik-charfeddine-appele-a-presenter-des-excuses-par-un-collectif-d-associations-et-d-organisations\\\/203719\\\/#primaryimage\"},\"thumbnailUrl\":\"https:\\\/\\\/www.webdo.tn\\\/fr\\\/wp-content\\\/uploads\\\/2023\\\/03\\\/60bd948b0f9b44f17ac8182e00689ac8.jpg\",\"keywords\":[\"excuses\",\"soci\u00e9t\u00e9 civile\",\"Taoufik Charfeddine\",\"Tunisie\"],\"articleSection\":[\"National\"],\"inLanguage\":\"fr-FR\"},{\"@type\":\"WebPage\",\"@id\":\"https:\\\/\\\/www.webdo.tn\\\/fr\\\/actualite\\\/national\\\/taoufik-charfeddine-appele-a-presenter-des-excuses-par-un-collectif-d-associations-et-d-organisations\\\/203719\\\/\",\"url\":\"https:\\\/\\\/www.webdo.tn\\\/fr\\\/actualite\\\/national\\\/taoufik-charfeddine-appele-a-presenter-des-excuses-par-un-collectif-d-associations-et-d-organisations\\\/203719\\\/\",\"name\":\"Taoufik Charfeddine appel\u00e9 \u00e0 pr\u00e9senter des excuses par un collectif d'associations et d'organisations\",\"isPartOf\":{\"@id\":\"https:\\\/\\\/www.webdo.tn\\\/fr\\\/#website\"},\"primaryImageOfPage\":{\"@id\":\"https:\\\/\\\/www.webdo.tn\\\/fr\\\/actualite\\\/national\\\/taoufik-charfeddine-appele-a-presenter-des-excuses-par-un-collectif-d-associations-et-d-organisations\\\/203719\\\/#primaryimage\"},\"image\":{\"@id\":\"https:\\\/\\\/www.webdo.tn\\\/fr\\\/actualite\\\/national\\\/taoufik-charfeddine-appele-a-presenter-des-excuses-par-un-collectif-d-associations-et-d-organisations\\\/203719\\\/#primaryimage\"},\"thumbnailUrl\":\"https:\\\/\\\/www.webdo.tn\\\/fr\\\/wp-content\\\/uploads\\\/2023\\\/03\\\/60bd948b0f9b44f17ac8182e00689ac8.jpg\",\"datePublished\":\"2023-03-08T20:00:00+00:00\",\"description\":\"Les d\u00e9clarations donn\u00e9es par le ministre de l'Int\u00e9rieur, Taoufik Charfeddine, en marge de sa visite, le mardi 7 mars 2023, \u00e0 Ben Guerdane, dans le cadre de la c...\",\"breadcrumb\":{\"@id\":\"https:\\\/\\\/www.webdo.tn\\\/fr\\\/actualite\\\/national\\\/taoufik-charfeddine-appele-a-presenter-des-excuses-par-un-collectif-d-associations-et-d-organisations\\\/203719\\\/#breadcrumb\"},\"inLanguage\":\"fr-FR\",\"potentialAction\":[{\"@type\":\"ReadAction\",\"target\":[\"https:\\\/\\\/www.webdo.tn\\\/fr\\\/actualite\\\/national\\\/taoufik-charfeddine-appele-a-presenter-des-excuses-par-un-collectif-d-associations-et-d-organisations\\\/203719\\\/\"]}]},{\"@type\":\"ImageObject\",\"inLanguage\":\"fr-FR\",\"@id\":\"https:\\\/\\\/www.webdo.tn\\\/fr\\\/actualite\\\/national\\\/taoufik-charfeddine-appele-a-presenter-des-excuses-par-un-collectif-d-associations-et-d-organisations\\\/203719\\\/#primaryimage\",\"url\":\"https:\\\/\\\/www.webdo.tn\\\/fr\\\/wp-content\\\/uploads\\\/2023\\\/03\\\/60bd948b0f9b44f17ac8182e00689ac8.jpg\",\"contentUrl\":\"https:\\\/\\\/www.webdo.tn\\\/fr\\\/wp-content\\\/uploads\\\/2023\\\/03\\\/60bd948b0f9b44f17ac8182e00689ac8.jpg\",\"width\":676,\"height\":361,\"caption\":\"Taoufik Charfeddine appel\u00e9 \u00e0 pr\u00e9senter des excuses par un collectif d'associations et d'organisations\"},{\"@type\":\"BreadcrumbList\",\"@id\":\"https:\\\/\\\/www.webdo.tn\\\/fr\\\/actualite\\\/national\\\/taoufik-charfeddine-appele-a-presenter-des-excuses-par-un-collectif-d-associations-et-d-organisations\\\/203719\\\/#breadcrumb\",\"itemListElement\":[{\"@type\":\"ListItem\",\"position\":1,\"name\":\"Accueil\",\"item\":\"https:\\\/\\\/www.webdo.tn\\\/fr\\\/\"},{\"@type\":\"ListItem\",\"position\":2,\"name\":\"Taoufik Charfeddine appel\u00e9 \u00e0 pr\u00e9senter des excuses par un collectif d&#8217;associations et d&#8217;organisations\"}]},{\"@type\":\"WebSite\",\"@id\":\"https:\\\/\\\/www.webdo.tn\\\/fr\\\/#website\",\"url\":\"https:\\\/\\\/www.webdo.tn\\\/fr\\\/\",\"name\":\"webdo\",\"description\":\"Tunisie - News en Tunisie et \u00e0 l&#039;international sur Webdo.tn\",\"publisher\":{\"@id\":\"https:\\\/\\\/www.webdo.tn\\\/fr\\\/#organization\"},\"potentialAction\":[{\"@type\":\"SearchAction\",\"target\":{\"@type\":\"EntryPoint\",\"urlTemplate\":\"https:\\\/\\\/www.webdo.tn\\\/fr\\\/?s={search_term_string}\"},\"query-input\":{\"@type\":\"PropertyValueSpecification\",\"valueRequired\":true,\"valueName\":\"search_term_string\"}}],\"inLanguage\":\"fr-FR\"},{\"@type\":\"Organization\",\"@id\":\"https:\\\/\\\/www.webdo.tn\\\/fr\\\/#organization\",\"name\":\"Webdo\",\"alternateName\":\"Webdo.tn\",\"url\":\"https:\\\/\\\/www.webdo.tn\\\/fr\\\/\",\"logo\":{\"@type\":\"ImageObject\",\"inLanguage\":\"fr-FR\",\"@id\":\"https:\\\/\\\/www.webdo.tn\\\/fr\\\/#\\\/schema\\\/logo\\\/image\\\/\",\"url\":\"https:\\\/\\\/www.webdo.tn\\\/fr\\\/wp-content\\\/uploads\\\/2025\\\/06\\\/Webdo-Tunisie_168377.jpg\",\"contentUrl\":\"https:\\\/\\\/www.webdo.tn\\\/fr\\\/wp-content\\\/uploads\\\/2025\\\/06\\\/Webdo-Tunisie_168377.jpg\",\"width\":301,\"height\":301,\"caption\":\"Webdo\"},\"image\":{\"@id\":\"https:\\\/\\\/www.webdo.tn\\\/fr\\\/#\\\/schema\\\/logo\\\/image\\\/\"},\"sameAs\":[\"https:\\\/\\\/www.facebook.com\\\/webdotn\",\"https:\\\/\\\/x.com\\\/webdo_tn\"],\"description\":\"Webdo est un m\u00e9dia num\u00e9rique tunisien fond\u00e9 en 2010, sp\u00e9cialis\u00e9 dans l\u2019actualit\u00e9 nationale et internationale, l\u2019\u00e9conomie, la soci\u00e9t\u00e9 et les analyses politiques. Le site s\u2019adresse \u00e0 un large public francophone et couvre l\u2019information tunisienne en temps r\u00e9el.\",\"email\":\"redac@webdo.tn\",\"legalName\":\"YNJ SARL\",\"foundingDate\":\"2010-09-06\",\"numberOfEmployees\":{\"@type\":\"QuantitativeValue\",\"minValue\":\"11\",\"maxValue\":\"50\"}},{\"@type\":\"Person\",\"@id\":\"https:\\\/\\\/www.webdo.tn\\\/fr\\\/#\\\/schema\\\/person\\\/1f4e491e0907b413d61089e8eb573acc\",\"name\":\"Webdo\",\"image\":{\"@type\":\"ImageObject\",\"inLanguage\":\"fr-FR\",\"@id\":\"https:\\\/\\\/secure.gravatar.com\\\/avatar\\\/de97aeec1bb80978a9dbb127e47dfc88aaacb2f3c29aac907d8d3222e3495d49?s=96&d=mm&r=g\",\"url\":\"https:\\\/\\\/secure.gravatar.com\\\/avatar\\\/de97aeec1bb80978a9dbb127e47dfc88aaacb2f3c29aac907d8d3222e3495d49?s=96&d=mm&r=g\",\"contentUrl\":\"https:\\\/\\\/secure.gravatar.com\\\/avatar\\\/de97aeec1bb80978a9dbb127e47dfc88aaacb2f3c29aac907d8d3222e3495d49?s=96&d=mm&r=g\",\"caption\":\"Webdo\"},\"url\":\"https:\\\/\\\/www.webdo.tn\\\/fr\\\/actualite\\\/author\\\/webdo\\\/\"}]}<\/script>\n<!-- \/ Yoast SEO Premium plugin. -->","yoast_head_json":{"title":"Taoufik Charfeddine appel\u00e9 \u00e0 pr\u00e9senter des excuses par un collectif d'associations et d'organisations","description":"Les d\u00e9clarations donn\u00e9es par le ministre de l'Int\u00e9rieur, Taoufik Charfeddine, en marge de sa visite, le mardi 7 mars 2023, \u00e0 Ben Guerdane, dans le cadre de la c...","canonical":"https:\/\/www.webdo.tn\/fr\/actualite\/national\/taoufik-charfeddine-appele-a-presenter-des-excuses-par-un-collectif-d-associations-et-d-organisations\/203719\/","og_locale":"fr_FR","og_type":"article","og_title":"Taoufik Charfeddine appel\u00e9 \u00e0 pr\u00e9senter des excuses par un collectif d'associations et d'organisations","og_description":"Les d\u00e9clarations donn\u00e9es par le ministre de l'Int\u00e9rieur, Taoufik Charfeddine, en marge de sa visite, le mardi 7 mars 2023, \u00e0 Ben Guerdane, dans le cadre de la c...","og_url":"https:\/\/www.webdo.tn\/fr\/actualite\/national\/taoufik-charfeddine-appele-a-presenter-des-excuses-par-un-collectif-d-associations-et-d-organisations\/203719\/","og_site_name":"webdo","article_publisher":"https:\/\/www.facebook.com\/webdotn","article_published_time":"2023-03-08T20:00:00+00:00","og_image":[{"width":676,"height":361,"url":"https:\/\/www.webdo.tn\/fr\/wp-content\/uploads\/2023\/03\/60bd948b0f9b44f17ac8182e00689ac8.jpg","type":"image\/jpeg"}],"author":"Webdo","twitter_card":"summary_large_image","twitter_creator":"@webdo_tn","twitter_site":"@webdo_tn","twitter_misc":{"\u00c9crit par":"Webdo","Dur\u00e9e de lecture estim\u00e9e":"1 minute"},"schema":{"@context":"https:\/\/schema.org","@graph":[{"@type":"NewsArticle","@id":"https:\/\/www.webdo.tn\/fr\/actualite\/national\/taoufik-charfeddine-appele-a-presenter-des-excuses-par-un-collectif-d-associations-et-d-organisations\/203719\/#article","isPartOf":{"@id":"https:\/\/www.webdo.tn\/fr\/actualite\/national\/taoufik-charfeddine-appele-a-presenter-des-excuses-par-un-collectif-d-associations-et-d-organisations\/203719\/"},"author":{"name":"Webdo","@id":"https:\/\/www.webdo.tn\/fr\/#\/schema\/person\/1f4e491e0907b413d61089e8eb573acc"},"headline":"Taoufik Charfeddine appel\u00e9 \u00e0 pr\u00e9senter des excuses par un collectif d&rsquo;associations et d&rsquo;organisations","datePublished":"2023-03-08T20:00:00+00:00","mainEntityOfPage":{"@id":"https:\/\/www.webdo.tn\/fr\/actualite\/national\/taoufik-charfeddine-appele-a-presenter-des-excuses-par-un-collectif-d-associations-et-d-organisations\/203719\/"},"wordCount":293,"commentCount":0,"publisher":{"@id":"https:\/\/www.webdo.tn\/fr\/#organization"},"image":{"@id":"https:\/\/www.webdo.tn\/fr\/actualite\/national\/taoufik-charfeddine-appele-a-presenter-des-excuses-par-un-collectif-d-associations-et-d-organisations\/203719\/#primaryimage"},"thumbnailUrl":"https:\/\/www.webdo.tn\/fr\/wp-content\/uploads\/2023\/03\/60bd948b0f9b44f17ac8182e00689ac8.jpg","keywords":["excuses","soci\u00e9t\u00e9 civile","Taoufik Charfeddine","Tunisie"],"articleSection":["National"],"inLanguage":"fr-FR"},{"@type":"WebPage","@id":"https:\/\/www.webdo.tn\/fr\/actualite\/national\/taoufik-charfeddine-appele-a-presenter-des-excuses-par-un-collectif-d-associations-et-d-organisations\/203719\/","url":"https:\/\/www.webdo.tn\/fr\/actualite\/national\/taoufik-charfeddine-appele-a-presenter-des-excuses-par-un-collectif-d-associations-et-d-organisations\/203719\/","name":"Taoufik Charfeddine appel\u00e9 \u00e0 pr\u00e9senter des excuses par un collectif d'associations et d'organisations","isPartOf":{"@id":"https:\/\/www.webdo.tn\/fr\/#website"},"primaryImageOfPage":{"@id":"https:\/\/www.webdo.tn\/fr\/actualite\/national\/taoufik-charfeddine-appele-a-presenter-des-excuses-par-un-collectif-d-associations-et-d-organisations\/203719\/#primaryimage"},"image":{"@id":"https:\/\/www.webdo.tn\/fr\/actualite\/national\/taoufik-charfeddine-appele-a-presenter-des-excuses-par-un-collectif-d-associations-et-d-organisations\/203719\/#primaryimage"},"thumbnailUrl":"https:\/\/www.webdo.tn\/fr\/wp-content\/uploads\/2023\/03\/60bd948b0f9b44f17ac8182e00689ac8.jpg","datePublished":"2023-03-08T20:00:00+00:00","description":"Les d\u00e9clarations donn\u00e9es par le ministre de l'Int\u00e9rieur, Taoufik Charfeddine, en marge de sa visite, le mardi 7 mars 2023, \u00e0 Ben Guerdane, dans le cadre de la c...","breadcrumb":{"@id":"https:\/\/www.webdo.tn\/fr\/actualite\/national\/taoufik-charfeddine-appele-a-presenter-des-excuses-par-un-collectif-d-associations-et-d-organisations\/203719\/#breadcrumb"},"inLanguage":"fr-FR","potentialAction":[{"@type":"ReadAction","target":["https:\/\/www.webdo.tn\/fr\/actualite\/national\/taoufik-charfeddine-appele-a-presenter-des-excuses-par-un-collectif-d-associations-et-d-organisations\/203719\/"]}]},{"@type":"ImageObject","inLanguage":"fr-FR","@id":"https:\/\/www.webdo.tn\/fr\/actualite\/national\/taoufik-charfeddine-appele-a-presenter-des-excuses-par-un-collectif-d-associations-et-d-organisations\/203719\/#primaryimage","url":"https:\/\/www.webdo.tn\/fr\/wp-content\/uploads\/2023\/03\/60bd948b0f9b44f17ac8182e00689ac8.jpg","contentUrl":"https:\/\/www.webdo.tn\/fr\/wp-content\/uploads\/2023\/03\/60bd948b0f9b44f17ac8182e00689ac8.jpg","width":676,"height":361,"caption":"Taoufik Charfeddine appel\u00e9 \u00e0 pr\u00e9senter des excuses par un collectif d'associations et d'organisations"},{"@type":"BreadcrumbList","@id":"https:\/\/www.webdo.tn\/fr\/actualite\/national\/taoufik-charfeddine-appele-a-presenter-des-excuses-par-un-collectif-d-associations-et-d-organisations\/203719\/#breadcrumb","itemListElement":[{"@type":"ListItem","position":1,"name":"Accueil","item":"https:\/\/www.webdo.tn\/fr\/"},{"@type":"ListItem","position":2,"name":"Taoufik Charfeddine appel\u00e9 \u00e0 pr\u00e9senter des excuses par un collectif d&#8217;associations et d&#8217;organisations"}]},{"@type":"WebSite","@id":"https:\/\/www.webdo.tn\/fr\/#website","url":"https:\/\/www.webdo.tn\/fr\/","name":"webdo","description":"Tunisie - News en Tunisie et \u00e0 l&#039;international sur Webdo.tn","publisher":{"@id":"https:\/\/www.webdo.tn\/fr\/#organization"},"potentialAction":[{"@type":"SearchAction","target":{"@type":"EntryPoint","urlTemplate":"https:\/\/www.webdo.tn\/fr\/?s={search_term_string}"},"query-input":{"@type":"PropertyValueSpecification","valueRequired":true,"valueName":"search_term_string"}}],"inLanguage":"fr-FR"},{"@type":"Organization","@id":"https:\/\/www.webdo.tn\/fr\/#organization","name":"Webdo","alternateName":"Webdo.tn","url":"https:\/\/www.webdo.tn\/fr\/","logo":{"@type":"ImageObject","inLanguage":"fr-FR","@id":"https:\/\/www.webdo.tn\/fr\/#\/schema\/logo\/image\/","url":"https:\/\/www.webdo.tn\/fr\/wp-content\/uploads\/2025\/06\/Webdo-Tunisie_168377.jpg","contentUrl":"https:\/\/www.webdo.tn\/fr\/wp-content\/uploads\/2025\/06\/Webdo-Tunisie_168377.jpg","width":301,"height":301,"caption":"Webdo"},"image":{"@id":"https:\/\/www.webdo.tn\/fr\/#\/schema\/logo\/image\/"},"sameAs":["https:\/\/www.facebook.com\/webdotn","https:\/\/x.com\/webdo_tn"],"description":"Webdo est un m\u00e9dia num\u00e9rique tunisien fond\u00e9 en 2010, sp\u00e9cialis\u00e9 dans l\u2019actualit\u00e9 nationale et internationale, l\u2019\u00e9conomie, la soci\u00e9t\u00e9 et les analyses politiques. Le site s\u2019adresse \u00e0 un large public francophone et couvre l\u2019information tunisienne en temps r\u00e9el.","email":"redac@webdo.tn","legalName":"YNJ SARL","foundingDate":"2010-09-06","numberOfEmployees":{"@type":"QuantitativeValue","minValue":"11","maxValue":"50"}},{"@type":"Person","@id":"https:\/\/www.webdo.tn\/fr\/#\/schema\/person\/1f4e491e0907b413d61089e8eb573acc","name":"Webdo","image":{"@type":"ImageObject","inLanguage":"fr-FR","@id":"https:\/\/secure.gravatar.com\/avatar\/de97aeec1bb80978a9dbb127e47dfc88aaacb2f3c29aac907d8d3222e3495d49?s=96&d=mm&r=g","url":"https:\/\/secure.gravatar.com\/avatar\/de97aeec1bb80978a9dbb127e47dfc88aaacb2f3c29aac907d8d3222e3495d49?s=96&d=mm&r=g","contentUrl":"https:\/\/secure.gravatar.com\/avatar\/de97aeec1bb80978a9dbb127e47dfc88aaacb2f3c29aac907d8d3222e3495d49?s=96&d=mm&r=g","caption":"Webdo"},"url":"https:\/\/www.webdo.tn\/fr\/actualite\/author\/webdo\/"}]}},"_links":{"self":[{"href":"https:\/\/www.webdo.tn\/fr\/wp-json\/wp\/v2\/posts\/203719","targetHints":{"allow":["GET"]}}],"collection":[{"href":"https:\/\/www.webdo.tn\/fr\/wp-json\/wp\/v2\/posts"}],"about":[{"href":"https:\/\/www.webdo.tn\/fr\/wp-json\/wp\/v2\/types\/post"}],"author":[{"embeddable":true,"href":"https:\/\/www.webdo.tn\/fr\/wp-json\/wp\/v2\/users\/3169"}],"replies":[{"embeddable":true,"href":"https:\/\/www.webdo.tn\/fr\/wp-json\/wp\/v2\/comments?post=203719"}],"version-history":[{"count":0,"href":"https:\/\/www.webdo.tn\/fr\/wp-json\/wp\/v2\/posts\/203719\/revisions"}],"wp:featuredmedia":[{"embeddable":true,"href":"https:\/\/www.webdo.tn\/fr\/wp-json\/wp\/v2\/media\/251785"}],"wp:attachment":[{"href":"https:\/\/www.webdo.tn\/fr\/wp-json\/wp\/v2\/media?parent=203719"}],"wp:term":[{"taxonomy":"category","embeddable":true,"href":"https:\/\/www.webdo.tn\/fr\/wp-json\/wp\/v2\/categories?post=203719"},{"taxonomy":"post_tag","embeddable":true,"href":"https:\/\/www.webdo.tn\/fr\/wp-json\/wp\/v2\/tags?post=203719"}],"curies":[{"name":"wp","href":"https:\/\/api.w.org\/{rel}","templated":true}]}}