{"id":203714,"date":"2023-03-08T18:35:00","date_gmt":"2023-03-08T18:35:00","guid":{"rendered":"https:\/\/www.webdo.tn\/fr\/blog\/la-presse-de-tunisie-quand-une-institution-risque-la-disparition\/203714\/"},"modified":"2025-05-20T22:45:00","modified_gmt":"2025-05-20T22:45:00","slug":"la-presse-de-tunisie-quand-une-institution-risque-la-disparition","status":"publish","type":"post","link":"https:\/\/www.webdo.tn\/fr\/actualite\/national\/la-presse-de-tunisie-quand-une-institution-risque-la-disparition\/203714\/","title":{"rendered":"La Presse de Tunisie : Quand une institution risque la disparition !"},"content":{"rendered":"<p>Le cri d\u2019alerte a \u00e9t\u00e9 lanc\u00e9 par le personnel de cette entreprise m\u00e9diatique publique. Sans salaires, sans couverture sociale ni sanitaire, les journalistes, techniques et employ\u00e9s de Snipe \u2013 La Presse \u2013 Assahafa crient au scandale.<\/p>\n<p>\t\t\t\t\t\t\t\t\tLa situation est tellement grave, que le climat social au sein de l\u2019entreprise risque l\u2019explosion \u00e0 tout moment, d\u2019autant plus que les salaires du mois de f\u00e9vrier n\u2019ont pas \u00e9t\u00e9 vers\u00e9s, ni les primes.\u00a0<\/p>\n<p>La UNE du journal La Presse de ce mercredi 8 mars 2023, tout en noir, r\u00e9sume parfaitement la situation. On est all\u00e9 jusqu\u2019\u00e0 estimer que cette \u00e9cole du journalisme risque la disparition sous silence de l\u2019Etat.\u00a0<\/p>\n<p>En effet, \u00e0 quelques jours de son anniversaire, o\u00f9 La Presse soufflera le 12 mars prochain sa 87e bougie, ce journal consid\u00e9r\u00e9 comme un patrimoine national risque la disparition, un coup dur pour le paysage m\u00e9diatique, mais aussi pour un Etat qui dit pr\u00e9server son histoire. \u00a0<\/p>\n<p>\u00ab Fid\u00e8le \u00e0 son identit\u00e9, La Presse se doit aujourd\u2019hui de demeurer un journal de r\u00e9f\u00e9rence. Pour cela, le Chef de l\u2019Etat et la Cheffe du gouvernement sont appel\u00e9s \u00e0 venir \u00e0 sa rescousse en soutenant financi\u00e8rement l\u2019entreprise et en acc\u00e9l\u00e9rant la mise en \u0153uvre des r\u00e9formes soumises \u00bb, c\u2019est un message adress\u00e9 surtout au pr\u00e9sident de la R\u00e9publique qui n\u2019a m\u00eame pas un clin d\u2019\u0153il pour d\u00e9bloquer la situation.<\/p>\n","protected":false},"excerpt":{"rendered":"<p>Le cri d\u2019alerte a \u00e9t\u00e9 lanc\u00e9 par le personnel de cette entreprise m\u00e9diatique publique. Sans salaires, sans couverture sociale ni sanitaire, les journalistes, tec&#8230;<\/p>\n","protected":false},"author":3175,"featured_media":251781,"comment_status":"open","ping_status":"closed","sticky":false,"template":"","format":"standard","meta":{"footnotes":""},"categories":[44],"tags":[8698,6777,8014,2608],"class_list":["post-203714","post","type-post","status-publish","format-standard","has-post-thumbnail","hentry","category-national","tag-journal","tag-la-presse","tag-media","tag-tunisie"],"yoast_head":"<!-- This site is optimized with the Yoast SEO Premium plugin v27.4 (Yoast SEO v27.5) - https:\/\/yoast.com\/product\/yoast-seo-premium-wordpress\/ -->\n<title>La Presse de Tunisie : Quand une institution risque la disparition !<\/title>\n<meta name=\"description\" content=\"Le cri d\u2019alerte a \u00e9t\u00e9 lanc\u00e9 par le personnel de cette entreprise m\u00e9diatique publique. Sans salaires, sans couverture sociale ni sanitaire, les journalistes, tec...\" \/>\n<link rel=\"canonical\" href=\"https:\/\/www.webdo.tn\/fr\/actualite\/national\/la-presse-de-tunisie-quand-une-institution-risque-la-disparition\/203714\/\" \/>\n<meta property=\"og:locale\" content=\"fr_FR\" \/>\n<meta property=\"og:type\" content=\"article\" \/>\n<meta property=\"og:title\" content=\"La Presse de Tunisie : Quand une institution risque la disparition !\" \/>\n<meta property=\"og:description\" content=\"Le cri d\u2019alerte a \u00e9t\u00e9 lanc\u00e9 par le personnel de cette entreprise m\u00e9diatique publique. Sans salaires, sans couverture sociale ni sanitaire, les journalistes, tec...\" \/>\n<meta property=\"og:url\" content=\"https:\/\/www.webdo.tn\/fr\/actualite\/national\/la-presse-de-tunisie-quand-une-institution-risque-la-disparition\/203714\/\" \/>\n<meta property=\"og:site_name\" content=\"webdo\" \/>\n<meta property=\"article:publisher\" content=\"https:\/\/www.facebook.com\/webdotn\" \/>\n<meta property=\"article:published_time\" content=\"2023-03-08T18:35:00+00:00\" \/>\n<meta property=\"article:modified_time\" content=\"2025-05-20T22:45:00+00:00\" \/>\n<meta property=\"og:image\" content=\"https:\/\/www.webdo.tn\/fr\/wp-content\/uploads\/2023\/03\/24402605e15bb4168ee35ab476cee12c.png\" \/>\n\t<meta property=\"og:image:width\" content=\"750\" \/>\n\t<meta property=\"og:image:height\" content=\"400\" \/>\n\t<meta property=\"og:image:type\" content=\"image\/png\" \/>\n<meta name=\"author\" content=\"CL\" \/>\n<meta name=\"twitter:card\" content=\"summary_large_image\" \/>\n<meta name=\"twitter:creator\" content=\"@webdo_tn\" \/>\n<meta name=\"twitter:site\" content=\"@webdo_tn\" \/>\n<meta name=\"twitter:label1\" content=\"\u00c9crit par\" \/>\n\t<meta name=\"twitter:data1\" content=\"CL\" \/>\n\t<meta name=\"twitter:label2\" content=\"Dur\u00e9e de lecture estim\u00e9e\" \/>\n\t<meta name=\"twitter:data2\" content=\"1 minute\" \/>\n<script type=\"application\/ld+json\" class=\"yoast-schema-graph\">{\"@context\":\"https:\\\/\\\/schema.org\",\"@graph\":[{\"@type\":\"NewsArticle\",\"@id\":\"https:\\\/\\\/www.webdo.tn\\\/fr\\\/actualite\\\/national\\\/la-presse-de-tunisie-quand-une-institution-risque-la-disparition\\\/203714\\\/#article\",\"isPartOf\":{\"@id\":\"https:\\\/\\\/www.webdo.tn\\\/fr\\\/actualite\\\/national\\\/la-presse-de-tunisie-quand-une-institution-risque-la-disparition\\\/203714\\\/\"},\"author\":{\"name\":\"CL\",\"@id\":\"https:\\\/\\\/www.webdo.tn\\\/fr\\\/#\\\/schema\\\/person\\\/f35b42a42c5e2511bbd282959d6385cc\"},\"headline\":\"La Presse de Tunisie : Quand une institution risque la disparition !\",\"datePublished\":\"2023-03-08T18:35:00+00:00\",\"dateModified\":\"2025-05-20T22:45:00+00:00\",\"mainEntityOfPage\":{\"@id\":\"https:\\\/\\\/www.webdo.tn\\\/fr\\\/actualite\\\/national\\\/la-presse-de-tunisie-quand-une-institution-risque-la-disparition\\\/203714\\\/\"},\"wordCount\":252,\"commentCount\":0,\"publisher\":{\"@id\":\"https:\\\/\\\/www.webdo.tn\\\/fr\\\/#organization\"},\"image\":{\"@id\":\"https:\\\/\\\/www.webdo.tn\\\/fr\\\/actualite\\\/national\\\/la-presse-de-tunisie-quand-une-institution-risque-la-disparition\\\/203714\\\/#primaryimage\"},\"thumbnailUrl\":\"https:\\\/\\\/www.webdo.tn\\\/fr\\\/wp-content\\\/uploads\\\/2023\\\/03\\\/24402605e15bb4168ee35ab476cee12c.png\",\"keywords\":[\"Journal\",\"la presse\",\"M\u00e9dia\",\"Tunisie\"],\"articleSection\":[\"National\"],\"inLanguage\":\"fr-FR\"},{\"@type\":\"WebPage\",\"@id\":\"https:\\\/\\\/www.webdo.tn\\\/fr\\\/actualite\\\/national\\\/la-presse-de-tunisie-quand-une-institution-risque-la-disparition\\\/203714\\\/\",\"url\":\"https:\\\/\\\/www.webdo.tn\\\/fr\\\/actualite\\\/national\\\/la-presse-de-tunisie-quand-une-institution-risque-la-disparition\\\/203714\\\/\",\"name\":\"La Presse de Tunisie : Quand une institution risque la disparition !\",\"isPartOf\":{\"@id\":\"https:\\\/\\\/www.webdo.tn\\\/fr\\\/#website\"},\"primaryImageOfPage\":{\"@id\":\"https:\\\/\\\/www.webdo.tn\\\/fr\\\/actualite\\\/national\\\/la-presse-de-tunisie-quand-une-institution-risque-la-disparition\\\/203714\\\/#primaryimage\"},\"image\":{\"@id\":\"https:\\\/\\\/www.webdo.tn\\\/fr\\\/actualite\\\/national\\\/la-presse-de-tunisie-quand-une-institution-risque-la-disparition\\\/203714\\\/#primaryimage\"},\"thumbnailUrl\":\"https:\\\/\\\/www.webdo.tn\\\/fr\\\/wp-content\\\/uploads\\\/2023\\\/03\\\/24402605e15bb4168ee35ab476cee12c.png\",\"datePublished\":\"2023-03-08T18:35:00+00:00\",\"dateModified\":\"2025-05-20T22:45:00+00:00\",\"description\":\"Le cri d\u2019alerte a \u00e9t\u00e9 lanc\u00e9 par le personnel de cette entreprise m\u00e9diatique publique. Sans salaires, sans couverture sociale ni sanitaire, les journalistes, tec...\",\"breadcrumb\":{\"@id\":\"https:\\\/\\\/www.webdo.tn\\\/fr\\\/actualite\\\/national\\\/la-presse-de-tunisie-quand-une-institution-risque-la-disparition\\\/203714\\\/#breadcrumb\"},\"inLanguage\":\"fr-FR\",\"potentialAction\":[{\"@type\":\"ReadAction\",\"target\":[\"https:\\\/\\\/www.webdo.tn\\\/fr\\\/actualite\\\/national\\\/la-presse-de-tunisie-quand-une-institution-risque-la-disparition\\\/203714\\\/\"]}]},{\"@type\":\"ImageObject\",\"inLanguage\":\"fr-FR\",\"@id\":\"https:\\\/\\\/www.webdo.tn\\\/fr\\\/actualite\\\/national\\\/la-presse-de-tunisie-quand-une-institution-risque-la-disparition\\\/203714\\\/#primaryimage\",\"url\":\"https:\\\/\\\/www.webdo.tn\\\/fr\\\/wp-content\\\/uploads\\\/2023\\\/03\\\/24402605e15bb4168ee35ab476cee12c.png\",\"contentUrl\":\"https:\\\/\\\/www.webdo.tn\\\/fr\\\/wp-content\\\/uploads\\\/2023\\\/03\\\/24402605e15bb4168ee35ab476cee12c.png\",\"width\":750,\"height\":400,\"caption\":\"La Presse\"},{\"@type\":\"BreadcrumbList\",\"@id\":\"https:\\\/\\\/www.webdo.tn\\\/fr\\\/actualite\\\/national\\\/la-presse-de-tunisie-quand-une-institution-risque-la-disparition\\\/203714\\\/#breadcrumb\",\"itemListElement\":[{\"@type\":\"ListItem\",\"position\":1,\"name\":\"Accueil\",\"item\":\"https:\\\/\\\/www.webdo.tn\\\/fr\\\/\"},{\"@type\":\"ListItem\",\"position\":2,\"name\":\"La Presse de Tunisie : Quand une institution risque la disparition !\"}]},{\"@type\":\"WebSite\",\"@id\":\"https:\\\/\\\/www.webdo.tn\\\/fr\\\/#website\",\"url\":\"https:\\\/\\\/www.webdo.tn\\\/fr\\\/\",\"name\":\"webdo\",\"description\":\"Tunisie - News en Tunisie et \u00e0 l&#039;international sur Webdo.tn\",\"publisher\":{\"@id\":\"https:\\\/\\\/www.webdo.tn\\\/fr\\\/#organization\"},\"potentialAction\":[{\"@type\":\"SearchAction\",\"target\":{\"@type\":\"EntryPoint\",\"urlTemplate\":\"https:\\\/\\\/www.webdo.tn\\\/fr\\\/?s={search_term_string}\"},\"query-input\":{\"@type\":\"PropertyValueSpecification\",\"valueRequired\":true,\"valueName\":\"search_term_string\"}}],\"inLanguage\":\"fr-FR\"},{\"@type\":\"Organization\",\"@id\":\"https:\\\/\\\/www.webdo.tn\\\/fr\\\/#organization\",\"name\":\"Webdo\",\"alternateName\":\"Webdo.tn\",\"url\":\"https:\\\/\\\/www.webdo.tn\\\/fr\\\/\",\"logo\":{\"@type\":\"ImageObject\",\"inLanguage\":\"fr-FR\",\"@id\":\"https:\\\/\\\/www.webdo.tn\\\/fr\\\/#\\\/schema\\\/logo\\\/image\\\/\",\"url\":\"https:\\\/\\\/www.webdo.tn\\\/fr\\\/wp-content\\\/uploads\\\/2025\\\/06\\\/Webdo-Tunisie_168377.jpg\",\"contentUrl\":\"https:\\\/\\\/www.webdo.tn\\\/fr\\\/wp-content\\\/uploads\\\/2025\\\/06\\\/Webdo-Tunisie_168377.jpg\",\"width\":301,\"height\":301,\"caption\":\"Webdo\"},\"image\":{\"@id\":\"https:\\\/\\\/www.webdo.tn\\\/fr\\\/#\\\/schema\\\/logo\\\/image\\\/\"},\"sameAs\":[\"https:\\\/\\\/www.facebook.com\\\/webdotn\",\"https:\\\/\\\/x.com\\\/webdo_tn\"],\"description\":\"Webdo est un m\u00e9dia num\u00e9rique tunisien fond\u00e9 en 2010, sp\u00e9cialis\u00e9 dans l\u2019actualit\u00e9 nationale et internationale, l\u2019\u00e9conomie, la soci\u00e9t\u00e9 et les analyses politiques. Le site s\u2019adresse \u00e0 un large public francophone et couvre l\u2019information tunisienne en temps r\u00e9el.\",\"email\":\"redac@webdo.tn\",\"legalName\":\"YNJ SARL\",\"foundingDate\":\"2010-09-06\",\"numberOfEmployees\":{\"@type\":\"QuantitativeValue\",\"minValue\":\"11\",\"maxValue\":\"50\"}},{\"@type\":\"Person\",\"@id\":\"https:\\\/\\\/www.webdo.tn\\\/fr\\\/#\\\/schema\\\/person\\\/f35b42a42c5e2511bbd282959d6385cc\",\"name\":\"CL\",\"image\":{\"@type\":\"ImageObject\",\"inLanguage\":\"fr-FR\",\"@id\":\"https:\\\/\\\/secure.gravatar.com\\\/avatar\\\/1447a49909b67aa657c488aec6512e1dd6143a480c1ecfee9b5b5cd74eb3b59e?s=96&d=mm&r=g\",\"url\":\"https:\\\/\\\/secure.gravatar.com\\\/avatar\\\/1447a49909b67aa657c488aec6512e1dd6143a480c1ecfee9b5b5cd74eb3b59e?s=96&d=mm&r=g\",\"contentUrl\":\"https:\\\/\\\/secure.gravatar.com\\\/avatar\\\/1447a49909b67aa657c488aec6512e1dd6143a480c1ecfee9b5b5cd74eb3b59e?s=96&d=mm&r=g\",\"caption\":\"CL\"},\"url\":\"https:\\\/\\\/www.webdo.tn\\\/fr\\\/actualite\\\/author\\\/cl\\\/\"}]}<\/script>\n<!-- \/ Yoast SEO Premium plugin. -->","yoast_head_json":{"title":"La Presse de Tunisie : Quand une institution risque la disparition !","description":"Le cri d\u2019alerte a \u00e9t\u00e9 lanc\u00e9 par le personnel de cette entreprise m\u00e9diatique publique. Sans salaires, sans couverture sociale ni sanitaire, les journalistes, tec...","canonical":"https:\/\/www.webdo.tn\/fr\/actualite\/national\/la-presse-de-tunisie-quand-une-institution-risque-la-disparition\/203714\/","og_locale":"fr_FR","og_type":"article","og_title":"La Presse de Tunisie : Quand une institution risque la disparition !","og_description":"Le cri d\u2019alerte a \u00e9t\u00e9 lanc\u00e9 par le personnel de cette entreprise m\u00e9diatique publique. Sans salaires, sans couverture sociale ni sanitaire, les journalistes, tec...","og_url":"https:\/\/www.webdo.tn\/fr\/actualite\/national\/la-presse-de-tunisie-quand-une-institution-risque-la-disparition\/203714\/","og_site_name":"webdo","article_publisher":"https:\/\/www.facebook.com\/webdotn","article_published_time":"2023-03-08T18:35:00+00:00","article_modified_time":"2025-05-20T22:45:00+00:00","og_image":[{"width":750,"height":400,"url":"https:\/\/www.webdo.tn\/fr\/wp-content\/uploads\/2023\/03\/24402605e15bb4168ee35ab476cee12c.png","type":"image\/png"}],"author":"CL","twitter_card":"summary_large_image","twitter_creator":"@webdo_tn","twitter_site":"@webdo_tn","twitter_misc":{"\u00c9crit par":"CL","Dur\u00e9e de lecture estim\u00e9e":"1 minute"},"schema":{"@context":"https:\/\/schema.org","@graph":[{"@type":"NewsArticle","@id":"https:\/\/www.webdo.tn\/fr\/actualite\/national\/la-presse-de-tunisie-quand-une-institution-risque-la-disparition\/203714\/#article","isPartOf":{"@id":"https:\/\/www.webdo.tn\/fr\/actualite\/national\/la-presse-de-tunisie-quand-une-institution-risque-la-disparition\/203714\/"},"author":{"name":"CL","@id":"https:\/\/www.webdo.tn\/fr\/#\/schema\/person\/f35b42a42c5e2511bbd282959d6385cc"},"headline":"La Presse de Tunisie : Quand une institution risque la disparition !","datePublished":"2023-03-08T18:35:00+00:00","dateModified":"2025-05-20T22:45:00+00:00","mainEntityOfPage":{"@id":"https:\/\/www.webdo.tn\/fr\/actualite\/national\/la-presse-de-tunisie-quand-une-institution-risque-la-disparition\/203714\/"},"wordCount":252,"commentCount":0,"publisher":{"@id":"https:\/\/www.webdo.tn\/fr\/#organization"},"image":{"@id":"https:\/\/www.webdo.tn\/fr\/actualite\/national\/la-presse-de-tunisie-quand-une-institution-risque-la-disparition\/203714\/#primaryimage"},"thumbnailUrl":"https:\/\/www.webdo.tn\/fr\/wp-content\/uploads\/2023\/03\/24402605e15bb4168ee35ab476cee12c.png","keywords":["Journal","la presse","M\u00e9dia","Tunisie"],"articleSection":["National"],"inLanguage":"fr-FR"},{"@type":"WebPage","@id":"https:\/\/www.webdo.tn\/fr\/actualite\/national\/la-presse-de-tunisie-quand-une-institution-risque-la-disparition\/203714\/","url":"https:\/\/www.webdo.tn\/fr\/actualite\/national\/la-presse-de-tunisie-quand-une-institution-risque-la-disparition\/203714\/","name":"La Presse de Tunisie : Quand une institution risque la disparition !","isPartOf":{"@id":"https:\/\/www.webdo.tn\/fr\/#website"},"primaryImageOfPage":{"@id":"https:\/\/www.webdo.tn\/fr\/actualite\/national\/la-presse-de-tunisie-quand-une-institution-risque-la-disparition\/203714\/#primaryimage"},"image":{"@id":"https:\/\/www.webdo.tn\/fr\/actualite\/national\/la-presse-de-tunisie-quand-une-institution-risque-la-disparition\/203714\/#primaryimage"},"thumbnailUrl":"https:\/\/www.webdo.tn\/fr\/wp-content\/uploads\/2023\/03\/24402605e15bb4168ee35ab476cee12c.png","datePublished":"2023-03-08T18:35:00+00:00","dateModified":"2025-05-20T22:45:00+00:00","description":"Le cri d\u2019alerte a \u00e9t\u00e9 lanc\u00e9 par le personnel de cette entreprise m\u00e9diatique publique. Sans salaires, sans couverture sociale ni sanitaire, les journalistes, tec...","breadcrumb":{"@id":"https:\/\/www.webdo.tn\/fr\/actualite\/national\/la-presse-de-tunisie-quand-une-institution-risque-la-disparition\/203714\/#breadcrumb"},"inLanguage":"fr-FR","potentialAction":[{"@type":"ReadAction","target":["https:\/\/www.webdo.tn\/fr\/actualite\/national\/la-presse-de-tunisie-quand-une-institution-risque-la-disparition\/203714\/"]}]},{"@type":"ImageObject","inLanguage":"fr-FR","@id":"https:\/\/www.webdo.tn\/fr\/actualite\/national\/la-presse-de-tunisie-quand-une-institution-risque-la-disparition\/203714\/#primaryimage","url":"https:\/\/www.webdo.tn\/fr\/wp-content\/uploads\/2023\/03\/24402605e15bb4168ee35ab476cee12c.png","contentUrl":"https:\/\/www.webdo.tn\/fr\/wp-content\/uploads\/2023\/03\/24402605e15bb4168ee35ab476cee12c.png","width":750,"height":400,"caption":"La Presse"},{"@type":"BreadcrumbList","@id":"https:\/\/www.webdo.tn\/fr\/actualite\/national\/la-presse-de-tunisie-quand-une-institution-risque-la-disparition\/203714\/#breadcrumb","itemListElement":[{"@type":"ListItem","position":1,"name":"Accueil","item":"https:\/\/www.webdo.tn\/fr\/"},{"@type":"ListItem","position":2,"name":"La Presse de Tunisie : Quand une institution risque la disparition !"}]},{"@type":"WebSite","@id":"https:\/\/www.webdo.tn\/fr\/#website","url":"https:\/\/www.webdo.tn\/fr\/","name":"webdo","description":"Tunisie - News en Tunisie et \u00e0 l&#039;international sur Webdo.tn","publisher":{"@id":"https:\/\/www.webdo.tn\/fr\/#organization"},"potentialAction":[{"@type":"SearchAction","target":{"@type":"EntryPoint","urlTemplate":"https:\/\/www.webdo.tn\/fr\/?s={search_term_string}"},"query-input":{"@type":"PropertyValueSpecification","valueRequired":true,"valueName":"search_term_string"}}],"inLanguage":"fr-FR"},{"@type":"Organization","@id":"https:\/\/www.webdo.tn\/fr\/#organization","name":"Webdo","alternateName":"Webdo.tn","url":"https:\/\/www.webdo.tn\/fr\/","logo":{"@type":"ImageObject","inLanguage":"fr-FR","@id":"https:\/\/www.webdo.tn\/fr\/#\/schema\/logo\/image\/","url":"https:\/\/www.webdo.tn\/fr\/wp-content\/uploads\/2025\/06\/Webdo-Tunisie_168377.jpg","contentUrl":"https:\/\/www.webdo.tn\/fr\/wp-content\/uploads\/2025\/06\/Webdo-Tunisie_168377.jpg","width":301,"height":301,"caption":"Webdo"},"image":{"@id":"https:\/\/www.webdo.tn\/fr\/#\/schema\/logo\/image\/"},"sameAs":["https:\/\/www.facebook.com\/webdotn","https:\/\/x.com\/webdo_tn"],"description":"Webdo est un m\u00e9dia num\u00e9rique tunisien fond\u00e9 en 2010, sp\u00e9cialis\u00e9 dans l\u2019actualit\u00e9 nationale et internationale, l\u2019\u00e9conomie, la soci\u00e9t\u00e9 et les analyses politiques. Le site s\u2019adresse \u00e0 un large public francophone et couvre l\u2019information tunisienne en temps r\u00e9el.","email":"redac@webdo.tn","legalName":"YNJ SARL","foundingDate":"2010-09-06","numberOfEmployees":{"@type":"QuantitativeValue","minValue":"11","maxValue":"50"}},{"@type":"Person","@id":"https:\/\/www.webdo.tn\/fr\/#\/schema\/person\/f35b42a42c5e2511bbd282959d6385cc","name":"CL","image":{"@type":"ImageObject","inLanguage":"fr-FR","@id":"https:\/\/secure.gravatar.com\/avatar\/1447a49909b67aa657c488aec6512e1dd6143a480c1ecfee9b5b5cd74eb3b59e?s=96&d=mm&r=g","url":"https:\/\/secure.gravatar.com\/avatar\/1447a49909b67aa657c488aec6512e1dd6143a480c1ecfee9b5b5cd74eb3b59e?s=96&d=mm&r=g","contentUrl":"https:\/\/secure.gravatar.com\/avatar\/1447a49909b67aa657c488aec6512e1dd6143a480c1ecfee9b5b5cd74eb3b59e?s=96&d=mm&r=g","caption":"CL"},"url":"https:\/\/www.webdo.tn\/fr\/actualite\/author\/cl\/"}]}},"_links":{"self":[{"href":"https:\/\/www.webdo.tn\/fr\/wp-json\/wp\/v2\/posts\/203714","targetHints":{"allow":["GET"]}}],"collection":[{"href":"https:\/\/www.webdo.tn\/fr\/wp-json\/wp\/v2\/posts"}],"about":[{"href":"https:\/\/www.webdo.tn\/fr\/wp-json\/wp\/v2\/types\/post"}],"author":[{"embeddable":true,"href":"https:\/\/www.webdo.tn\/fr\/wp-json\/wp\/v2\/users\/3175"}],"replies":[{"embeddable":true,"href":"https:\/\/www.webdo.tn\/fr\/wp-json\/wp\/v2\/comments?post=203714"}],"version-history":[{"count":0,"href":"https:\/\/www.webdo.tn\/fr\/wp-json\/wp\/v2\/posts\/203714\/revisions"}],"wp:featuredmedia":[{"embeddable":true,"href":"https:\/\/www.webdo.tn\/fr\/wp-json\/wp\/v2\/media\/251781"}],"wp:attachment":[{"href":"https:\/\/www.webdo.tn\/fr\/wp-json\/wp\/v2\/media?parent=203714"}],"wp:term":[{"taxonomy":"category","embeddable":true,"href":"https:\/\/www.webdo.tn\/fr\/wp-json\/wp\/v2\/categories?post=203714"},{"taxonomy":"post_tag","embeddable":true,"href":"https:\/\/www.webdo.tn\/fr\/wp-json\/wp\/v2\/tags?post=203714"}],"curies":[{"name":"wp","href":"https:\/\/api.w.org\/{rel}","templated":true}]}}