{"id":203708,"date":"2023-03-08T14:55:00","date_gmt":"2023-03-08T14:55:00","guid":{"rendered":"https:\/\/www.webdo.tn\/fr\/blog\/les-employes-de-snipe-la-presse-en-sit-in-vers-l-escalade\/203708\/"},"modified":"2025-05-20T22:07:56","modified_gmt":"2025-05-20T22:07:56","slug":"les-employes-de-snipe-la-presse-en-sit-in-vers-l-escalade","status":"publish","type":"post","link":"https:\/\/www.webdo.tn\/fr\/actualite\/national\/les-employes-de-snipe-la-presse-en-sit-in-vers-l-escalade\/203708\/","title":{"rendered":"Les employ\u00e9s de \u00ab\u00a0Snipe &#8211; La Presse\u00a0\u00bb en sit-in : vers l\u2019escalade !"},"content":{"rendered":"<p>A l\u2019heure o\u00f9 cette institution m\u00e9diatique est sur le point de f\u00eater ses 87 ans d\u2019existence, la situation est critique pour le quotidien \u00ab\u00a0La Presse\u00a0\u00bb. Employ\u00e9s sans salaires et sans primes, la tension est \u00e0 son comble au sein de \u00ab\u00a0Snipe &#8211; La Presse\u00a0\u00bb.<\/p>\n<p>\t\t\t\t\t\t\t\t\tC\u2019est le 12 mars prochain que \u00ab\u00a0La presse\u00a0\u00bb f\u00eatera ses 87 ans. A quelques jours de cet anniversaire les employ\u00e9s de \u00ab\u00a0Snipe &#8211; La Presse\u00a0\u00bb se d\u00e9battent dans des probl\u00e8mes mat\u00e9riels.<\/p>\n<p>Au jour d\u2019aujourd\u2019hui, ils restent sans salaires, sans primes, sans couverture sociale, etc. Et si rien n\u2019est fait de la part des autorit\u00e9s, le journal risque bien de dispara\u00eetre des kiosques.<\/p>\n<p>\u00ab\u00a0Snipe-La Presse\u00a0\u00bb, l\u2019entreprise publique \u00e9ditrice des journaux La Presse et Assahafa, sous tutelle de la pr\u00e9sidence du gouvernement, vit, en effet, depuis 2011 une crise qui s\u2019est amplifi\u00e9e avec les ann\u00e9es. L\u2019Etat, de son c\u00f4t\u00e9 n\u2019a pas daign\u00e9 intervenir ni pour r\u00e9former l\u2019entreprise ni pour la soutenir.<\/p>\n<p>Cette accumulation de probl\u00e8mes a atteint son point culminant lorsque les employ\u00e9s de l\u2019entreprise ont constat\u00e9 qu\u2019ils n\u2019avaient pas re\u00e7u leur dernier salaire.<\/p>\n<p>Lundi 6 mars, ils ont exprim\u00e9 dans une d\u00e9claration commune cosign\u00e9e par le syndicat de base de l&rsquo;entreprise et la section du Syndicat national des journalistes tunisiens (SNJT), \u00ab\u00a0leur rejet cat\u00e9gorique des atteintes \u00e0 ses droits p\u00e9cuniaires garantis par la loi, r\u00e9clamant en contrepartie le paiement imm\u00e9diat des salaires ainsi que de l&rsquo;ensemble des droits financiers au titre de l&rsquo;ann\u00e9e 2022\u00a0\u00bb.<\/p>\n<p>Le SNJT a \u00e9galement appel\u00e9 le gouvernement \u00e0 r\u00e9agir pour \u00e9viter une aggravation de la situation au sein de l&rsquo;entreprise, soulignant que les autorit\u00e9s assument la pleine responsabilit\u00e9 des tensions que conna\u00eet l&rsquo;entreprise, et appelant au paiement imm\u00e9diat des salaires et des arri\u00e9r\u00e9s financiers des employ\u00e9s. Il a, \u00e9galement, plaid\u00e9 pour la mise en place d&rsquo;un plan de sauvetage pour ce m\u00e9dia.<\/p>\n<p>Le syndicat des journalistes a, en outre, d\u00e9nonc\u00e9 la politique d&rsquo;atermoiement du gouvernement ainsi que le non-respect de ses engagements de payer les salaires de f\u00e9vrier, contrairement \u00e0 ce qui a \u00e9t\u00e9 annonc\u00e9 \u00e0 plusieurs reprises depuis une semaine.<\/p>\n<p>Il y a une semaine, le minist\u00e8re des Finances s\u2019\u00e9tait engag\u00e9 \u00e0 d\u00e9bloquer sans retard les salaires impay\u00e9s du personnel de l\u2019entreprise. Grande f\u00fbt sa surprise de voir que le d\u00e9partement des Finances ne pas tenu cet engagement de payer l\u2019int\u00e9gralit\u00e9 des salaires.<\/p>\n<p>Les employ\u00e9s de \u00ab\u00a0Snipe \u2013 La presse\u00a0\u00bb ont \u00e9galement d\u00e9nonc\u00e9 la nouvelle offre financi\u00e8re pr\u00e9sent\u00e9e par le d\u00e9partement des Finances qui consiste \u00e0 se contenter de payer les salaires du personnel sans les indemnit\u00e9s pr\u00e9vues par la loi, jug\u00e9es non justifi\u00e9es.<\/p>\n<p>Aujourd\u2019hui, alors que la tension est \u00e0 son comble, le syndicat de base de l\u2019entreprise et le SNJT \u00e9tudient des mesures d\u2019escalade (port du brassard rouge, sit-in illimit\u00e9 au sein du si\u00e8ge de l\u2019entreprise, etc.).<\/p>\n","protected":false},"excerpt":{"rendered":"<p>A l\u2019heure o\u00f9 cette institution m\u00e9diatique est sur le point de f\u00eater ses 87 ans d\u2019existence, la situation est critique pour les quotidiens  La Presse  et  Assaha&#8230;<\/p>\n","protected":false},"author":3162,"featured_media":277881,"comment_status":"open","ping_status":"closed","sticky":false,"template":"","format":"standard","meta":{"footnotes":""},"categories":[44],"tags":[9382,6777,6686,3190,6776,2759],"class_list":["post-203708","post","type-post","status-publish","format-standard","has-post-thumbnail","hentry","category-national","tag-essahafa","tag-la-presse","tag-salaires","tag-sit-in","tag-snipe","tag-snjt"],"yoast_head":"<!-- This site is optimized with the Yoast SEO Premium plugin v27.4 (Yoast SEO v27.5) - https:\/\/yoast.com\/product\/yoast-seo-premium-wordpress\/ -->\n<title>Les employ\u00e9s de Snipe - La Presse en sit-in : vers l\u2019escalade !<\/title>\n<meta name=\"description\" content=\"A l\u2019heure o\u00f9 cette institution m\u00e9diatique est sur le point de f\u00eater ses 87 ans d\u2019existence, la situation est critique pour les quotidiens La Presse et Assaha...\" \/>\n<link rel=\"canonical\" href=\"https:\/\/www.webdo.tn\/fr\/actualite\/national\/les-employes-de-snipe-la-presse-en-sit-in-vers-l-escalade\/203708\/\" \/>\n<meta property=\"og:locale\" content=\"fr_FR\" \/>\n<meta property=\"og:type\" content=\"article\" \/>\n<meta property=\"og:title\" content=\"Les employ\u00e9s de &quot;Snipe - La Presse&quot; en sit-in : vers l\u2019escalade !\" \/>\n<meta property=\"og:description\" content=\"A l\u2019heure o\u00f9 cette institution m\u00e9diatique est sur le point de f\u00eater ses 87 ans d\u2019existence, la situation est critique pour les quotidiens La Presse et Assaha...\" \/>\n<meta property=\"og:url\" content=\"https:\/\/www.webdo.tn\/fr\/actualite\/national\/les-employes-de-snipe-la-presse-en-sit-in-vers-l-escalade\/203708\/\" \/>\n<meta property=\"og:site_name\" content=\"webdo\" \/>\n<meta property=\"article:publisher\" content=\"https:\/\/www.facebook.com\/webdotn\" \/>\n<meta property=\"article:published_time\" content=\"2023-03-08T14:55:00+00:00\" \/>\n<meta property=\"article:modified_time\" content=\"2025-05-20T22:07:56+00:00\" \/>\n<meta property=\"og:image\" content=\"https:\/\/www.webdo.tn\/fr\/wp-content\/uploads\/2023\/03\/7dce50ccf6c99e520e421d311caf2379.jpg\" \/>\n\t<meta property=\"og:image:width\" content=\"750\" \/>\n\t<meta property=\"og:image:height\" content=\"400\" \/>\n\t<meta property=\"og:image:type\" content=\"image\/jpeg\" \/>\n<meta name=\"author\" content=\"MC\" \/>\n<meta name=\"twitter:card\" content=\"summary_large_image\" \/>\n<meta name=\"twitter:creator\" content=\"@webdo_tn\" \/>\n<meta name=\"twitter:site\" content=\"@webdo_tn\" \/>\n<meta name=\"twitter:label1\" content=\"\u00c9crit par\" \/>\n\t<meta name=\"twitter:data1\" content=\"MC\" \/>\n\t<meta name=\"twitter:label2\" content=\"Dur\u00e9e de lecture estim\u00e9e\" \/>\n\t<meta name=\"twitter:data2\" content=\"3 minutes\" \/>\n<script type=\"application\/ld+json\" class=\"yoast-schema-graph\">{\"@context\":\"https:\\\/\\\/schema.org\",\"@graph\":[{\"@type\":\"NewsArticle\",\"@id\":\"https:\\\/\\\/www.webdo.tn\\\/fr\\\/actualite\\\/national\\\/les-employes-de-snipe-la-presse-en-sit-in-vers-l-escalade\\\/203708\\\/#article\",\"isPartOf\":{\"@id\":\"https:\\\/\\\/www.webdo.tn\\\/fr\\\/actualite\\\/national\\\/les-employes-de-snipe-la-presse-en-sit-in-vers-l-escalade\\\/203708\\\/\"},\"author\":{\"name\":\"MC\",\"@id\":\"https:\\\/\\\/www.webdo.tn\\\/fr\\\/#\\\/schema\\\/person\\\/2c4929cbf5a809e3bd38617c6ce150f6\"},\"headline\":\"Les employ\u00e9s de \u00ab\u00a0Snipe &#8211; La Presse\u00a0\u00bb en sit-in : vers l\u2019escalade !\",\"datePublished\":\"2023-03-08T14:55:00+00:00\",\"dateModified\":\"2025-05-20T22:07:56+00:00\",\"mainEntityOfPage\":{\"@id\":\"https:\\\/\\\/www.webdo.tn\\\/fr\\\/actualite\\\/national\\\/les-employes-de-snipe-la-presse-en-sit-in-vers-l-escalade\\\/203708\\\/\"},\"wordCount\":535,\"commentCount\":0,\"publisher\":{\"@id\":\"https:\\\/\\\/www.webdo.tn\\\/fr\\\/#organization\"},\"image\":{\"@id\":\"https:\\\/\\\/www.webdo.tn\\\/fr\\\/actualite\\\/national\\\/les-employes-de-snipe-la-presse-en-sit-in-vers-l-escalade\\\/203708\\\/#primaryimage\"},\"thumbnailUrl\":\"https:\\\/\\\/www.webdo.tn\\\/fr\\\/wp-content\\\/uploads\\\/2023\\\/03\\\/7dce50ccf6c99e520e421d311caf2379.jpg\",\"keywords\":[\"essahafa\",\"la presse\",\"Salaires\",\"sit-in\",\"snipe\",\"snjt\"],\"articleSection\":[\"National\"],\"inLanguage\":\"fr-FR\"},{\"@type\":\"WebPage\",\"@id\":\"https:\\\/\\\/www.webdo.tn\\\/fr\\\/actualite\\\/national\\\/les-employes-de-snipe-la-presse-en-sit-in-vers-l-escalade\\\/203708\\\/\",\"url\":\"https:\\\/\\\/www.webdo.tn\\\/fr\\\/actualite\\\/national\\\/les-employes-de-snipe-la-presse-en-sit-in-vers-l-escalade\\\/203708\\\/\",\"name\":\"Les employ\u00e9s de Snipe - La Presse en sit-in : vers l\u2019escalade !\",\"isPartOf\":{\"@id\":\"https:\\\/\\\/www.webdo.tn\\\/fr\\\/#website\"},\"primaryImageOfPage\":{\"@id\":\"https:\\\/\\\/www.webdo.tn\\\/fr\\\/actualite\\\/national\\\/les-employes-de-snipe-la-presse-en-sit-in-vers-l-escalade\\\/203708\\\/#primaryimage\"},\"image\":{\"@id\":\"https:\\\/\\\/www.webdo.tn\\\/fr\\\/actualite\\\/national\\\/les-employes-de-snipe-la-presse-en-sit-in-vers-l-escalade\\\/203708\\\/#primaryimage\"},\"thumbnailUrl\":\"https:\\\/\\\/www.webdo.tn\\\/fr\\\/wp-content\\\/uploads\\\/2023\\\/03\\\/7dce50ccf6c99e520e421d311caf2379.jpg\",\"datePublished\":\"2023-03-08T14:55:00+00:00\",\"dateModified\":\"2025-05-20T22:07:56+00:00\",\"description\":\"A l\u2019heure o\u00f9 cette institution m\u00e9diatique est sur le point de f\u00eater ses 87 ans d\u2019existence, la situation est critique pour les quotidiens La Presse et Assaha...\",\"breadcrumb\":{\"@id\":\"https:\\\/\\\/www.webdo.tn\\\/fr\\\/actualite\\\/national\\\/les-employes-de-snipe-la-presse-en-sit-in-vers-l-escalade\\\/203708\\\/#breadcrumb\"},\"inLanguage\":\"fr-FR\",\"potentialAction\":[{\"@type\":\"ReadAction\",\"target\":[\"https:\\\/\\\/www.webdo.tn\\\/fr\\\/actualite\\\/national\\\/les-employes-de-snipe-la-presse-en-sit-in-vers-l-escalade\\\/203708\\\/\"]}]},{\"@type\":\"ImageObject\",\"inLanguage\":\"fr-FR\",\"@id\":\"https:\\\/\\\/www.webdo.tn\\\/fr\\\/actualite\\\/national\\\/les-employes-de-snipe-la-presse-en-sit-in-vers-l-escalade\\\/203708\\\/#primaryimage\",\"url\":\"https:\\\/\\\/www.webdo.tn\\\/fr\\\/wp-content\\\/uploads\\\/2023\\\/03\\\/7dce50ccf6c99e520e421d311caf2379.jpg\",\"contentUrl\":\"https:\\\/\\\/www.webdo.tn\\\/fr\\\/wp-content\\\/uploads\\\/2023\\\/03\\\/7dce50ccf6c99e520e421d311caf2379.jpg\",\"width\":750,\"height\":400,\"caption\":\"Les employ\u00e9s de \\\"Snipe - La Presse\\\" en sit-in : vers l\u2019escalade !\"},{\"@type\":\"BreadcrumbList\",\"@id\":\"https:\\\/\\\/www.webdo.tn\\\/fr\\\/actualite\\\/national\\\/les-employes-de-snipe-la-presse-en-sit-in-vers-l-escalade\\\/203708\\\/#breadcrumb\",\"itemListElement\":[{\"@type\":\"ListItem\",\"position\":1,\"name\":\"Accueil\",\"item\":\"https:\\\/\\\/www.webdo.tn\\\/fr\\\/\"},{\"@type\":\"ListItem\",\"position\":2,\"name\":\"Les employ\u00e9s de \u00ab\u00a0Snipe &#8211; La Presse\u00a0\u00bb en sit-in : vers l\u2019escalade !\"}]},{\"@type\":\"WebSite\",\"@id\":\"https:\\\/\\\/www.webdo.tn\\\/fr\\\/#website\",\"url\":\"https:\\\/\\\/www.webdo.tn\\\/fr\\\/\",\"name\":\"webdo\",\"description\":\"Tunisie - News en Tunisie et \u00e0 l&#039;international sur Webdo.tn\",\"publisher\":{\"@id\":\"https:\\\/\\\/www.webdo.tn\\\/fr\\\/#organization\"},\"potentialAction\":[{\"@type\":\"SearchAction\",\"target\":{\"@type\":\"EntryPoint\",\"urlTemplate\":\"https:\\\/\\\/www.webdo.tn\\\/fr\\\/?s={search_term_string}\"},\"query-input\":{\"@type\":\"PropertyValueSpecification\",\"valueRequired\":true,\"valueName\":\"search_term_string\"}}],\"inLanguage\":\"fr-FR\"},{\"@type\":\"Organization\",\"@id\":\"https:\\\/\\\/www.webdo.tn\\\/fr\\\/#organization\",\"name\":\"Webdo\",\"alternateName\":\"Webdo.tn\",\"url\":\"https:\\\/\\\/www.webdo.tn\\\/fr\\\/\",\"logo\":{\"@type\":\"ImageObject\",\"inLanguage\":\"fr-FR\",\"@id\":\"https:\\\/\\\/www.webdo.tn\\\/fr\\\/#\\\/schema\\\/logo\\\/image\\\/\",\"url\":\"https:\\\/\\\/www.webdo.tn\\\/fr\\\/wp-content\\\/uploads\\\/2025\\\/06\\\/Webdo-Tunisie_168377.jpg\",\"contentUrl\":\"https:\\\/\\\/www.webdo.tn\\\/fr\\\/wp-content\\\/uploads\\\/2025\\\/06\\\/Webdo-Tunisie_168377.jpg\",\"width\":301,\"height\":301,\"caption\":\"Webdo\"},\"image\":{\"@id\":\"https:\\\/\\\/www.webdo.tn\\\/fr\\\/#\\\/schema\\\/logo\\\/image\\\/\"},\"sameAs\":[\"https:\\\/\\\/www.facebook.com\\\/webdotn\",\"https:\\\/\\\/x.com\\\/webdo_tn\"],\"description\":\"Webdo est un m\u00e9dia num\u00e9rique tunisien fond\u00e9 en 2010, sp\u00e9cialis\u00e9 dans l\u2019actualit\u00e9 nationale et internationale, l\u2019\u00e9conomie, la soci\u00e9t\u00e9 et les analyses politiques. Le site s\u2019adresse \u00e0 un large public francophone et couvre l\u2019information tunisienne en temps r\u00e9el.\",\"email\":\"redac@webdo.tn\",\"legalName\":\"YNJ SARL\",\"foundingDate\":\"2010-09-06\",\"numberOfEmployees\":{\"@type\":\"QuantitativeValue\",\"minValue\":\"11\",\"maxValue\":\"50\"}},{\"@type\":\"Person\",\"@id\":\"https:\\\/\\\/www.webdo.tn\\\/fr\\\/#\\\/schema\\\/person\\\/2c4929cbf5a809e3bd38617c6ce150f6\",\"name\":\"MC\",\"image\":{\"@type\":\"ImageObject\",\"inLanguage\":\"fr-FR\",\"@id\":\"https:\\\/\\\/secure.gravatar.com\\\/avatar\\\/a545bbb6f84efdd5553dbbc2895e3ca8f1d12c5215e00a041c9670b54aa9b18a?s=96&d=mm&r=g\",\"url\":\"https:\\\/\\\/secure.gravatar.com\\\/avatar\\\/a545bbb6f84efdd5553dbbc2895e3ca8f1d12c5215e00a041c9670b54aa9b18a?s=96&d=mm&r=g\",\"contentUrl\":\"https:\\\/\\\/secure.gravatar.com\\\/avatar\\\/a545bbb6f84efdd5553dbbc2895e3ca8f1d12c5215e00a041c9670b54aa9b18a?s=96&d=mm&r=g\",\"caption\":\"MC\"},\"url\":\"https:\\\/\\\/www.webdo.tn\\\/fr\\\/actualite\\\/author\\\/mc\\\/\"}]}<\/script>\n<!-- \/ Yoast SEO Premium plugin. -->","yoast_head_json":{"title":"Les employ\u00e9s de Snipe - La Presse en sit-in : vers l\u2019escalade !","description":"A l\u2019heure o\u00f9 cette institution m\u00e9diatique est sur le point de f\u00eater ses 87 ans d\u2019existence, la situation est critique pour les quotidiens La Presse et Assaha...","canonical":"https:\/\/www.webdo.tn\/fr\/actualite\/national\/les-employes-de-snipe-la-presse-en-sit-in-vers-l-escalade\/203708\/","og_locale":"fr_FR","og_type":"article","og_title":"Les employ\u00e9s de \"Snipe - La Presse\" en sit-in : vers l\u2019escalade !","og_description":"A l\u2019heure o\u00f9 cette institution m\u00e9diatique est sur le point de f\u00eater ses 87 ans d\u2019existence, la situation est critique pour les quotidiens La Presse et Assaha...","og_url":"https:\/\/www.webdo.tn\/fr\/actualite\/national\/les-employes-de-snipe-la-presse-en-sit-in-vers-l-escalade\/203708\/","og_site_name":"webdo","article_publisher":"https:\/\/www.facebook.com\/webdotn","article_published_time":"2023-03-08T14:55:00+00:00","article_modified_time":"2025-05-20T22:07:56+00:00","og_image":[{"width":750,"height":400,"url":"https:\/\/www.webdo.tn\/fr\/wp-content\/uploads\/2023\/03\/7dce50ccf6c99e520e421d311caf2379.jpg","type":"image\/jpeg"}],"author":"MC","twitter_card":"summary_large_image","twitter_creator":"@webdo_tn","twitter_site":"@webdo_tn","twitter_misc":{"\u00c9crit par":"MC","Dur\u00e9e de lecture estim\u00e9e":"3 minutes"},"schema":{"@context":"https:\/\/schema.org","@graph":[{"@type":"NewsArticle","@id":"https:\/\/www.webdo.tn\/fr\/actualite\/national\/les-employes-de-snipe-la-presse-en-sit-in-vers-l-escalade\/203708\/#article","isPartOf":{"@id":"https:\/\/www.webdo.tn\/fr\/actualite\/national\/les-employes-de-snipe-la-presse-en-sit-in-vers-l-escalade\/203708\/"},"author":{"name":"MC","@id":"https:\/\/www.webdo.tn\/fr\/#\/schema\/person\/2c4929cbf5a809e3bd38617c6ce150f6"},"headline":"Les employ\u00e9s de \u00ab\u00a0Snipe &#8211; La Presse\u00a0\u00bb en sit-in : vers l\u2019escalade !","datePublished":"2023-03-08T14:55:00+00:00","dateModified":"2025-05-20T22:07:56+00:00","mainEntityOfPage":{"@id":"https:\/\/www.webdo.tn\/fr\/actualite\/national\/les-employes-de-snipe-la-presse-en-sit-in-vers-l-escalade\/203708\/"},"wordCount":535,"commentCount":0,"publisher":{"@id":"https:\/\/www.webdo.tn\/fr\/#organization"},"image":{"@id":"https:\/\/www.webdo.tn\/fr\/actualite\/national\/les-employes-de-snipe-la-presse-en-sit-in-vers-l-escalade\/203708\/#primaryimage"},"thumbnailUrl":"https:\/\/www.webdo.tn\/fr\/wp-content\/uploads\/2023\/03\/7dce50ccf6c99e520e421d311caf2379.jpg","keywords":["essahafa","la presse","Salaires","sit-in","snipe","snjt"],"articleSection":["National"],"inLanguage":"fr-FR"},{"@type":"WebPage","@id":"https:\/\/www.webdo.tn\/fr\/actualite\/national\/les-employes-de-snipe-la-presse-en-sit-in-vers-l-escalade\/203708\/","url":"https:\/\/www.webdo.tn\/fr\/actualite\/national\/les-employes-de-snipe-la-presse-en-sit-in-vers-l-escalade\/203708\/","name":"Les employ\u00e9s de Snipe - La Presse en sit-in : vers l\u2019escalade !","isPartOf":{"@id":"https:\/\/www.webdo.tn\/fr\/#website"},"primaryImageOfPage":{"@id":"https:\/\/www.webdo.tn\/fr\/actualite\/national\/les-employes-de-snipe-la-presse-en-sit-in-vers-l-escalade\/203708\/#primaryimage"},"image":{"@id":"https:\/\/www.webdo.tn\/fr\/actualite\/national\/les-employes-de-snipe-la-presse-en-sit-in-vers-l-escalade\/203708\/#primaryimage"},"thumbnailUrl":"https:\/\/www.webdo.tn\/fr\/wp-content\/uploads\/2023\/03\/7dce50ccf6c99e520e421d311caf2379.jpg","datePublished":"2023-03-08T14:55:00+00:00","dateModified":"2025-05-20T22:07:56+00:00","description":"A l\u2019heure o\u00f9 cette institution m\u00e9diatique est sur le point de f\u00eater ses 87 ans d\u2019existence, la situation est critique pour les quotidiens La Presse et Assaha...","breadcrumb":{"@id":"https:\/\/www.webdo.tn\/fr\/actualite\/national\/les-employes-de-snipe-la-presse-en-sit-in-vers-l-escalade\/203708\/#breadcrumb"},"inLanguage":"fr-FR","potentialAction":[{"@type":"ReadAction","target":["https:\/\/www.webdo.tn\/fr\/actualite\/national\/les-employes-de-snipe-la-presse-en-sit-in-vers-l-escalade\/203708\/"]}]},{"@type":"ImageObject","inLanguage":"fr-FR","@id":"https:\/\/www.webdo.tn\/fr\/actualite\/national\/les-employes-de-snipe-la-presse-en-sit-in-vers-l-escalade\/203708\/#primaryimage","url":"https:\/\/www.webdo.tn\/fr\/wp-content\/uploads\/2023\/03\/7dce50ccf6c99e520e421d311caf2379.jpg","contentUrl":"https:\/\/www.webdo.tn\/fr\/wp-content\/uploads\/2023\/03\/7dce50ccf6c99e520e421d311caf2379.jpg","width":750,"height":400,"caption":"Les employ\u00e9s de \"Snipe - La Presse\" en sit-in : vers l\u2019escalade !"},{"@type":"BreadcrumbList","@id":"https:\/\/www.webdo.tn\/fr\/actualite\/national\/les-employes-de-snipe-la-presse-en-sit-in-vers-l-escalade\/203708\/#breadcrumb","itemListElement":[{"@type":"ListItem","position":1,"name":"Accueil","item":"https:\/\/www.webdo.tn\/fr\/"},{"@type":"ListItem","position":2,"name":"Les employ\u00e9s de \u00ab\u00a0Snipe &#8211; La Presse\u00a0\u00bb en sit-in : vers l\u2019escalade !"}]},{"@type":"WebSite","@id":"https:\/\/www.webdo.tn\/fr\/#website","url":"https:\/\/www.webdo.tn\/fr\/","name":"webdo","description":"Tunisie - News en Tunisie et \u00e0 l&#039;international sur Webdo.tn","publisher":{"@id":"https:\/\/www.webdo.tn\/fr\/#organization"},"potentialAction":[{"@type":"SearchAction","target":{"@type":"EntryPoint","urlTemplate":"https:\/\/www.webdo.tn\/fr\/?s={search_term_string}"},"query-input":{"@type":"PropertyValueSpecification","valueRequired":true,"valueName":"search_term_string"}}],"inLanguage":"fr-FR"},{"@type":"Organization","@id":"https:\/\/www.webdo.tn\/fr\/#organization","name":"Webdo","alternateName":"Webdo.tn","url":"https:\/\/www.webdo.tn\/fr\/","logo":{"@type":"ImageObject","inLanguage":"fr-FR","@id":"https:\/\/www.webdo.tn\/fr\/#\/schema\/logo\/image\/","url":"https:\/\/www.webdo.tn\/fr\/wp-content\/uploads\/2025\/06\/Webdo-Tunisie_168377.jpg","contentUrl":"https:\/\/www.webdo.tn\/fr\/wp-content\/uploads\/2025\/06\/Webdo-Tunisie_168377.jpg","width":301,"height":301,"caption":"Webdo"},"image":{"@id":"https:\/\/www.webdo.tn\/fr\/#\/schema\/logo\/image\/"},"sameAs":["https:\/\/www.facebook.com\/webdotn","https:\/\/x.com\/webdo_tn"],"description":"Webdo est un m\u00e9dia num\u00e9rique tunisien fond\u00e9 en 2010, sp\u00e9cialis\u00e9 dans l\u2019actualit\u00e9 nationale et internationale, l\u2019\u00e9conomie, la soci\u00e9t\u00e9 et les analyses politiques. Le site s\u2019adresse \u00e0 un large public francophone et couvre l\u2019information tunisienne en temps r\u00e9el.","email":"redac@webdo.tn","legalName":"YNJ SARL","foundingDate":"2010-09-06","numberOfEmployees":{"@type":"QuantitativeValue","minValue":"11","maxValue":"50"}},{"@type":"Person","@id":"https:\/\/www.webdo.tn\/fr\/#\/schema\/person\/2c4929cbf5a809e3bd38617c6ce150f6","name":"MC","image":{"@type":"ImageObject","inLanguage":"fr-FR","@id":"https:\/\/secure.gravatar.com\/avatar\/a545bbb6f84efdd5553dbbc2895e3ca8f1d12c5215e00a041c9670b54aa9b18a?s=96&d=mm&r=g","url":"https:\/\/secure.gravatar.com\/avatar\/a545bbb6f84efdd5553dbbc2895e3ca8f1d12c5215e00a041c9670b54aa9b18a?s=96&d=mm&r=g","contentUrl":"https:\/\/secure.gravatar.com\/avatar\/a545bbb6f84efdd5553dbbc2895e3ca8f1d12c5215e00a041c9670b54aa9b18a?s=96&d=mm&r=g","caption":"MC"},"url":"https:\/\/www.webdo.tn\/fr\/actualite\/author\/mc\/"}]}},"_links":{"self":[{"href":"https:\/\/www.webdo.tn\/fr\/wp-json\/wp\/v2\/posts\/203708","targetHints":{"allow":["GET"]}}],"collection":[{"href":"https:\/\/www.webdo.tn\/fr\/wp-json\/wp\/v2\/posts"}],"about":[{"href":"https:\/\/www.webdo.tn\/fr\/wp-json\/wp\/v2\/types\/post"}],"author":[{"embeddable":true,"href":"https:\/\/www.webdo.tn\/fr\/wp-json\/wp\/v2\/users\/3162"}],"replies":[{"embeddable":true,"href":"https:\/\/www.webdo.tn\/fr\/wp-json\/wp\/v2\/comments?post=203708"}],"version-history":[{"count":0,"href":"https:\/\/www.webdo.tn\/fr\/wp-json\/wp\/v2\/posts\/203708\/revisions"}],"wp:featuredmedia":[{"embeddable":true,"href":"https:\/\/www.webdo.tn\/fr\/wp-json\/wp\/v2\/media\/277881"}],"wp:attachment":[{"href":"https:\/\/www.webdo.tn\/fr\/wp-json\/wp\/v2\/media?parent=203708"}],"wp:term":[{"taxonomy":"category","embeddable":true,"href":"https:\/\/www.webdo.tn\/fr\/wp-json\/wp\/v2\/categories?post=203708"},{"taxonomy":"post_tag","embeddable":true,"href":"https:\/\/www.webdo.tn\/fr\/wp-json\/wp\/v2\/tags?post=203708"}],"curies":[{"name":"wp","href":"https:\/\/api.w.org\/{rel}","templated":true}]}}