{"id":203706,"date":"2023-03-08T13:23:00","date_gmt":"2023-03-08T13:23:00","guid":{"rendered":"https:\/\/www.webdo.tn\/fr\/blog\/aucun-aeroport-tunisien-dans-le-classement-des-meilleurs-d-afrique\/203706\/"},"modified":"2025-05-20T22:59:18","modified_gmt":"2025-05-20T22:59:18","slug":"aucun-aeroport-tunisien-dans-le-classement-des-meilleurs-d-afrique","status":"publish","type":"post","link":"https:\/\/www.webdo.tn\/fr\/actualite\/national\/aucun-aeroport-tunisien-dans-le-classement-des-meilleurs-d-afrique\/203706\/","title":{"rendered":"Aucun a\u00e9roport tunisien dans le classement des meilleurs d\u2019Afrique !"},"content":{"rendered":"<p>Le classement mondial ASQ 2022 n\u2019a mentionn\u00e9 aucun a\u00e9roport tunisien parmi les meilleurs d\u2019Afrique. Le contraire nous aurait surpris !<\/p>\n<p>\t\t\t\t\t\t\t\t\tCe que nous publions, c\u2019est tout sauf un scoop. Le classement mondial ASQ 2022 n\u2019a comport\u00e9 aucun a\u00e9roport tunisien parmi les meilleurs d\u2019Afrique.<\/p>\n<p>Comment y pouvait \u00eatre autrement quand notre \u00ab porte-drapeau \u00bb en la mati\u00e8re, en l\u2019occurrence l\u2019a\u00e9roport Tunis-Carthage, d\u00e9pourvu au passage du terme International, souffre d\u2019une d\u00e9sorganisation ambiante \u00e0 tous les niveaux : retard des vols, dysfonctionnements au niveau de l\u2019accueil des passagers, de l\u2019enregistrement des bagages, sans parler des vols et autres griefs qui sont devenus, malheureusement, le pain quotidien de voyageurs en partance ou en provenance de l\u2019\u00e9tranger.<\/p>\n<p>Nous avons \u00e9crit, r\u00e9cemment, \u00ab\u00a0A quand une approche \u00ab\u00a0Lean Six Sigma\u00a0\u00bb \u00e0 l\u2019a\u00e9roport Tunis-Carthage !?\u00a0\u00bb \u00e0 l\u2019instar de ce qui ce passe un peu partout dans le monde ?<\/p>\n<p>En ce qui concerne le classement des meilleurs a\u00e9roports d\u2019Afrique, ont \u00e9t\u00e9 nomin\u00e9s les a\u00e9roports internationaux de Casablanca, de l\u2019\u00cele Maurice, de Dakar et de Mombasa.<\/p>\n<p>L\u2019a\u00e9roport Mohammed-V de Casablanca, au Maroc, a \u00e9t\u00e9 d\u00e9sign\u00e9 le meilleur dans la cat\u00e9gorie des a\u00e9roports accueillant de cinq \u00e0 quinze millions de voyageurs par an.<\/p>\n<p>L\u2019a\u00e9roport international SSR de l\u2019\u00cele Maurice, qui est retenu pour la deuxi\u00e8me ann\u00e9e cons\u00e9cutive, ainsi que l\u2019a\u00e9roport international Blaise-Diagne de Dakar, au S\u00e9n\u00e9gal, ont \u00e9t\u00e9 nomm\u00e9s les meilleurs du continent parmi ceux accueillant annuellement de deux \u00e0 cinq millions de passagers.<\/p>\n<p>L\u2019a\u00e9roport international Moi de Mombasa, au Kenya, est le meilleur d\u2019Afrique parmi ceux accueillant moins de deux millions de passagers par an.<\/p>\n<p>Le classement mondial ASQ 2022 (Airport Service Quality) de l\u2019ACI \u00e9value les a\u00e9roports selon ses prestations au niveau international. L\u2019opinion des passagers y joue un r\u00f4le crucial. Via des questionnaires distribu\u00e9s durant toute l\u2019ann\u00e9e, ils \u00e9valuent les sites sur la base d\u2019une trentaine de crit\u00e8res.<\/p>\n","protected":false},"excerpt":{"rendered":"<p>Le classement mondial ASQ 2022 n\u2019a mentionn\u00e9 aucun a\u00e9roport tunisien parmi les meilleurs d\u2019Afrique<\/p>\n","protected":false},"author":3188,"featured_media":277875,"comment_status":"open","ping_status":"closed","sticky":false,"template":"","format":"standard","meta":{"footnotes":""},"categories":[44],"tags":[3974,9380,3458],"class_list":["post-203706","post","type-post","status-publish","format-standard","has-post-thumbnail","hentry","category-national","tag-aeroport","tag-classement-mondial-asq","tag-tunis-carthage"],"yoast_head":"<!-- This site is optimized with the Yoast SEO Premium plugin v27.5 (Yoast SEO v27.5) - https:\/\/yoast.com\/product\/yoast-seo-premium-wordpress\/ -->\n<title>Aucun a\u00e9roport tunisien dans le classement des meilleurs d\u2019Afrique !<\/title>\n<meta name=\"description\" content=\"Le classement mondial ASQ 2022 n\u2019a mentionn\u00e9 aucun a\u00e9roport tunisien parmi les meilleurs d\u2019Afrique\" \/>\n<link rel=\"canonical\" href=\"https:\/\/www.webdo.tn\/fr\/actualite\/national\/aucun-aeroport-tunisien-dans-le-classement-des-meilleurs-d-afrique\/203706\/\" \/>\n<meta property=\"og:locale\" content=\"fr_FR\" \/>\n<meta property=\"og:type\" content=\"article\" \/>\n<meta property=\"og:title\" content=\"Aucun a\u00e9roport tunisien dans le classement des meilleurs d\u2019Afrique !\" \/>\n<meta property=\"og:description\" content=\"Le classement mondial ASQ 2022 n\u2019a mentionn\u00e9 aucun a\u00e9roport tunisien parmi les meilleurs d\u2019Afrique\" \/>\n<meta property=\"og:url\" content=\"https:\/\/www.webdo.tn\/fr\/actualite\/national\/aucun-aeroport-tunisien-dans-le-classement-des-meilleurs-d-afrique\/203706\/\" \/>\n<meta property=\"og:site_name\" content=\"webdo\" \/>\n<meta property=\"article:publisher\" content=\"https:\/\/www.facebook.com\/webdotn\" \/>\n<meta property=\"article:published_time\" content=\"2023-03-08T13:23:00+00:00\" \/>\n<meta property=\"article:modified_time\" content=\"2025-05-20T22:59:18+00:00\" \/>\n<meta property=\"og:image\" content=\"https:\/\/www.webdo.tn\/fr\/wp-content\/uploads\/2023\/03\/055141f8c66f6dece4536aef394e3831.jpg\" \/>\n\t<meta property=\"og:image:width\" content=\"750\" \/>\n\t<meta property=\"og:image:height\" content=\"400\" \/>\n\t<meta property=\"og:image:type\" content=\"image\/jpeg\" \/>\n<meta name=\"author\" content=\"Ramzi\" \/>\n<meta name=\"twitter:card\" content=\"summary_large_image\" \/>\n<meta name=\"twitter:creator\" content=\"@webdo_tn\" \/>\n<meta name=\"twitter:site\" content=\"@webdo_tn\" \/>\n<meta name=\"twitter:label1\" content=\"\u00c9crit par\" \/>\n\t<meta name=\"twitter:data1\" content=\"Ramzi\" \/>\n\t<meta name=\"twitter:label2\" content=\"Dur\u00e9e de lecture estim\u00e9e\" \/>\n\t<meta name=\"twitter:data2\" content=\"2 minutes\" \/>\n<script type=\"application\/ld+json\" class=\"yoast-schema-graph\">{\"@context\":\"https:\\\/\\\/schema.org\",\"@graph\":[{\"@type\":\"NewsArticle\",\"@id\":\"https:\\\/\\\/www.webdo.tn\\\/fr\\\/actualite\\\/national\\\/aucun-aeroport-tunisien-dans-le-classement-des-meilleurs-d-afrique\\\/203706\\\/#article\",\"isPartOf\":{\"@id\":\"https:\\\/\\\/www.webdo.tn\\\/fr\\\/actualite\\\/national\\\/aucun-aeroport-tunisien-dans-le-classement-des-meilleurs-d-afrique\\\/203706\\\/\"},\"author\":{\"name\":\"Ramzi\",\"@id\":\"https:\\\/\\\/www.webdo.tn\\\/fr\\\/#\\\/schema\\\/person\\\/590cb5f81adcfde6385530fdbdf468e2\"},\"headline\":\"Aucun a\u00e9roport tunisien dans le classement des meilleurs d\u2019Afrique !\",\"datePublished\":\"2023-03-08T13:23:00+00:00\",\"dateModified\":\"2025-05-20T22:59:18+00:00\",\"mainEntityOfPage\":{\"@id\":\"https:\\\/\\\/www.webdo.tn\\\/fr\\\/actualite\\\/national\\\/aucun-aeroport-tunisien-dans-le-classement-des-meilleurs-d-afrique\\\/203706\\\/\"},\"wordCount\":352,\"commentCount\":0,\"publisher\":{\"@id\":\"https:\\\/\\\/www.webdo.tn\\\/fr\\\/#organization\"},\"image\":{\"@id\":\"https:\\\/\\\/www.webdo.tn\\\/fr\\\/actualite\\\/national\\\/aucun-aeroport-tunisien-dans-le-classement-des-meilleurs-d-afrique\\\/203706\\\/#primaryimage\"},\"thumbnailUrl\":\"https:\\\/\\\/www.webdo.tn\\\/fr\\\/wp-content\\\/uploads\\\/2023\\\/03\\\/055141f8c66f6dece4536aef394e3831.jpg\",\"keywords\":[\"a\u00e9roport\",\"classement mondial ASQ\",\"Tunis-Carthage\"],\"articleSection\":[\"National\"],\"inLanguage\":\"fr-FR\"},{\"@type\":\"WebPage\",\"@id\":\"https:\\\/\\\/www.webdo.tn\\\/fr\\\/actualite\\\/national\\\/aucun-aeroport-tunisien-dans-le-classement-des-meilleurs-d-afrique\\\/203706\\\/\",\"url\":\"https:\\\/\\\/www.webdo.tn\\\/fr\\\/actualite\\\/national\\\/aucun-aeroport-tunisien-dans-le-classement-des-meilleurs-d-afrique\\\/203706\\\/\",\"name\":\"Aucun a\u00e9roport tunisien dans le classement des meilleurs d\u2019Afrique !\",\"isPartOf\":{\"@id\":\"https:\\\/\\\/www.webdo.tn\\\/fr\\\/#website\"},\"primaryImageOfPage\":{\"@id\":\"https:\\\/\\\/www.webdo.tn\\\/fr\\\/actualite\\\/national\\\/aucun-aeroport-tunisien-dans-le-classement-des-meilleurs-d-afrique\\\/203706\\\/#primaryimage\"},\"image\":{\"@id\":\"https:\\\/\\\/www.webdo.tn\\\/fr\\\/actualite\\\/national\\\/aucun-aeroport-tunisien-dans-le-classement-des-meilleurs-d-afrique\\\/203706\\\/#primaryimage\"},\"thumbnailUrl\":\"https:\\\/\\\/www.webdo.tn\\\/fr\\\/wp-content\\\/uploads\\\/2023\\\/03\\\/055141f8c66f6dece4536aef394e3831.jpg\",\"datePublished\":\"2023-03-08T13:23:00+00:00\",\"dateModified\":\"2025-05-20T22:59:18+00:00\",\"description\":\"Le classement mondial ASQ 2022 n\u2019a mentionn\u00e9 aucun a\u00e9roport tunisien parmi les meilleurs d\u2019Afrique\",\"breadcrumb\":{\"@id\":\"https:\\\/\\\/www.webdo.tn\\\/fr\\\/actualite\\\/national\\\/aucun-aeroport-tunisien-dans-le-classement-des-meilleurs-d-afrique\\\/203706\\\/#breadcrumb\"},\"inLanguage\":\"fr-FR\",\"potentialAction\":[{\"@type\":\"ReadAction\",\"target\":[\"https:\\\/\\\/www.webdo.tn\\\/fr\\\/actualite\\\/national\\\/aucun-aeroport-tunisien-dans-le-classement-des-meilleurs-d-afrique\\\/203706\\\/\"]}]},{\"@type\":\"ImageObject\",\"inLanguage\":\"fr-FR\",\"@id\":\"https:\\\/\\\/www.webdo.tn\\\/fr\\\/actualite\\\/national\\\/aucun-aeroport-tunisien-dans-le-classement-des-meilleurs-d-afrique\\\/203706\\\/#primaryimage\",\"url\":\"https:\\\/\\\/www.webdo.tn\\\/fr\\\/wp-content\\\/uploads\\\/2023\\\/03\\\/055141f8c66f6dece4536aef394e3831.jpg\",\"contentUrl\":\"https:\\\/\\\/www.webdo.tn\\\/fr\\\/wp-content\\\/uploads\\\/2023\\\/03\\\/055141f8c66f6dece4536aef394e3831.jpg\",\"width\":750,\"height\":400,\"caption\":\"Aucun a\u00e9roport tunisien dans le classement des meilleurs d\u2019Afrique !\"},{\"@type\":\"BreadcrumbList\",\"@id\":\"https:\\\/\\\/www.webdo.tn\\\/fr\\\/actualite\\\/national\\\/aucun-aeroport-tunisien-dans-le-classement-des-meilleurs-d-afrique\\\/203706\\\/#breadcrumb\",\"itemListElement\":[{\"@type\":\"ListItem\",\"position\":1,\"name\":\"Accueil\",\"item\":\"https:\\\/\\\/www.webdo.tn\\\/fr\\\/\"},{\"@type\":\"ListItem\",\"position\":2,\"name\":\"Aucun a\u00e9roport tunisien dans le classement des meilleurs d\u2019Afrique !\"}]},{\"@type\":\"WebSite\",\"@id\":\"https:\\\/\\\/www.webdo.tn\\\/fr\\\/#website\",\"url\":\"https:\\\/\\\/www.webdo.tn\\\/fr\\\/\",\"name\":\"webdo\",\"description\":\"Tunisie - News en Tunisie et \u00e0 l&#039;international sur Webdo.tn\",\"publisher\":{\"@id\":\"https:\\\/\\\/www.webdo.tn\\\/fr\\\/#organization\"},\"potentialAction\":[{\"@type\":\"SearchAction\",\"target\":{\"@type\":\"EntryPoint\",\"urlTemplate\":\"https:\\\/\\\/www.webdo.tn\\\/fr\\\/?s={search_term_string}\"},\"query-input\":{\"@type\":\"PropertyValueSpecification\",\"valueRequired\":true,\"valueName\":\"search_term_string\"}}],\"inLanguage\":\"fr-FR\"},{\"@type\":\"Organization\",\"@id\":\"https:\\\/\\\/www.webdo.tn\\\/fr\\\/#organization\",\"name\":\"Webdo\",\"alternateName\":\"Webdo.tn\",\"url\":\"https:\\\/\\\/www.webdo.tn\\\/fr\\\/\",\"logo\":{\"@type\":\"ImageObject\",\"inLanguage\":\"fr-FR\",\"@id\":\"https:\\\/\\\/www.webdo.tn\\\/fr\\\/#\\\/schema\\\/logo\\\/image\\\/\",\"url\":\"https:\\\/\\\/www.webdo.tn\\\/fr\\\/wp-content\\\/uploads\\\/2025\\\/06\\\/Webdo-Tunisie_168377.jpg\",\"contentUrl\":\"https:\\\/\\\/www.webdo.tn\\\/fr\\\/wp-content\\\/uploads\\\/2025\\\/06\\\/Webdo-Tunisie_168377.jpg\",\"width\":301,\"height\":301,\"caption\":\"Webdo\"},\"image\":{\"@id\":\"https:\\\/\\\/www.webdo.tn\\\/fr\\\/#\\\/schema\\\/logo\\\/image\\\/\"},\"sameAs\":[\"https:\\\/\\\/www.facebook.com\\\/webdotn\",\"https:\\\/\\\/x.com\\\/webdo_tn\"],\"description\":\"Webdo est un m\u00e9dia num\u00e9rique tunisien fond\u00e9 en 2010, sp\u00e9cialis\u00e9 dans l\u2019actualit\u00e9 nationale et internationale, l\u2019\u00e9conomie, la soci\u00e9t\u00e9 et les analyses politiques. Le site s\u2019adresse \u00e0 un large public francophone et couvre l\u2019information tunisienne en temps r\u00e9el.\",\"email\":\"redac@webdo.tn\",\"legalName\":\"YNJ SARL\",\"foundingDate\":\"2010-09-06\",\"numberOfEmployees\":{\"@type\":\"QuantitativeValue\",\"minValue\":\"11\",\"maxValue\":\"50\"}},{\"@type\":\"Person\",\"@id\":\"https:\\\/\\\/www.webdo.tn\\\/fr\\\/#\\\/schema\\\/person\\\/590cb5f81adcfde6385530fdbdf468e2\",\"name\":\"Ramzi\",\"image\":{\"@type\":\"ImageObject\",\"inLanguage\":\"fr-FR\",\"@id\":\"https:\\\/\\\/secure.gravatar.com\\\/avatar\\\/48df7d18915e10cf866ba8e27604c81ff9243fd52704a1d210c3e387e1cb8d87?s=96&d=mm&r=g\",\"url\":\"https:\\\/\\\/secure.gravatar.com\\\/avatar\\\/48df7d18915e10cf866ba8e27604c81ff9243fd52704a1d210c3e387e1cb8d87?s=96&d=mm&r=g\",\"contentUrl\":\"https:\\\/\\\/secure.gravatar.com\\\/avatar\\\/48df7d18915e10cf866ba8e27604c81ff9243fd52704a1d210c3e387e1cb8d87?s=96&d=mm&r=g\",\"caption\":\"Ramzi\"},\"url\":\"https:\\\/\\\/www.webdo.tn\\\/fr\\\/actualite\\\/author\\\/ramzi\\\/\"}]}<\/script>\n<!-- \/ Yoast SEO Premium plugin. -->","yoast_head_json":{"title":"Aucun a\u00e9roport tunisien dans le classement des meilleurs d\u2019Afrique !","description":"Le classement mondial ASQ 2022 n\u2019a mentionn\u00e9 aucun a\u00e9roport tunisien parmi les meilleurs d\u2019Afrique","canonical":"https:\/\/www.webdo.tn\/fr\/actualite\/national\/aucun-aeroport-tunisien-dans-le-classement-des-meilleurs-d-afrique\/203706\/","og_locale":"fr_FR","og_type":"article","og_title":"Aucun a\u00e9roport tunisien dans le classement des meilleurs d\u2019Afrique !","og_description":"Le classement mondial ASQ 2022 n\u2019a mentionn\u00e9 aucun a\u00e9roport tunisien parmi les meilleurs d\u2019Afrique","og_url":"https:\/\/www.webdo.tn\/fr\/actualite\/national\/aucun-aeroport-tunisien-dans-le-classement-des-meilleurs-d-afrique\/203706\/","og_site_name":"webdo","article_publisher":"https:\/\/www.facebook.com\/webdotn","article_published_time":"2023-03-08T13:23:00+00:00","article_modified_time":"2025-05-20T22:59:18+00:00","og_image":[{"width":750,"height":400,"url":"https:\/\/www.webdo.tn\/fr\/wp-content\/uploads\/2023\/03\/055141f8c66f6dece4536aef394e3831.jpg","type":"image\/jpeg"}],"author":"Ramzi","twitter_card":"summary_large_image","twitter_creator":"@webdo_tn","twitter_site":"@webdo_tn","twitter_misc":{"\u00c9crit par":"Ramzi","Dur\u00e9e de lecture estim\u00e9e":"2 minutes"},"schema":{"@context":"https:\/\/schema.org","@graph":[{"@type":"NewsArticle","@id":"https:\/\/www.webdo.tn\/fr\/actualite\/national\/aucun-aeroport-tunisien-dans-le-classement-des-meilleurs-d-afrique\/203706\/#article","isPartOf":{"@id":"https:\/\/www.webdo.tn\/fr\/actualite\/national\/aucun-aeroport-tunisien-dans-le-classement-des-meilleurs-d-afrique\/203706\/"},"author":{"name":"Ramzi","@id":"https:\/\/www.webdo.tn\/fr\/#\/schema\/person\/590cb5f81adcfde6385530fdbdf468e2"},"headline":"Aucun a\u00e9roport tunisien dans le classement des meilleurs d\u2019Afrique !","datePublished":"2023-03-08T13:23:00+00:00","dateModified":"2025-05-20T22:59:18+00:00","mainEntityOfPage":{"@id":"https:\/\/www.webdo.tn\/fr\/actualite\/national\/aucun-aeroport-tunisien-dans-le-classement-des-meilleurs-d-afrique\/203706\/"},"wordCount":352,"commentCount":0,"publisher":{"@id":"https:\/\/www.webdo.tn\/fr\/#organization"},"image":{"@id":"https:\/\/www.webdo.tn\/fr\/actualite\/national\/aucun-aeroport-tunisien-dans-le-classement-des-meilleurs-d-afrique\/203706\/#primaryimage"},"thumbnailUrl":"https:\/\/www.webdo.tn\/fr\/wp-content\/uploads\/2023\/03\/055141f8c66f6dece4536aef394e3831.jpg","keywords":["a\u00e9roport","classement mondial ASQ","Tunis-Carthage"],"articleSection":["National"],"inLanguage":"fr-FR"},{"@type":"WebPage","@id":"https:\/\/www.webdo.tn\/fr\/actualite\/national\/aucun-aeroport-tunisien-dans-le-classement-des-meilleurs-d-afrique\/203706\/","url":"https:\/\/www.webdo.tn\/fr\/actualite\/national\/aucun-aeroport-tunisien-dans-le-classement-des-meilleurs-d-afrique\/203706\/","name":"Aucun a\u00e9roport tunisien dans le classement des meilleurs d\u2019Afrique !","isPartOf":{"@id":"https:\/\/www.webdo.tn\/fr\/#website"},"primaryImageOfPage":{"@id":"https:\/\/www.webdo.tn\/fr\/actualite\/national\/aucun-aeroport-tunisien-dans-le-classement-des-meilleurs-d-afrique\/203706\/#primaryimage"},"image":{"@id":"https:\/\/www.webdo.tn\/fr\/actualite\/national\/aucun-aeroport-tunisien-dans-le-classement-des-meilleurs-d-afrique\/203706\/#primaryimage"},"thumbnailUrl":"https:\/\/www.webdo.tn\/fr\/wp-content\/uploads\/2023\/03\/055141f8c66f6dece4536aef394e3831.jpg","datePublished":"2023-03-08T13:23:00+00:00","dateModified":"2025-05-20T22:59:18+00:00","description":"Le classement mondial ASQ 2022 n\u2019a mentionn\u00e9 aucun a\u00e9roport tunisien parmi les meilleurs d\u2019Afrique","breadcrumb":{"@id":"https:\/\/www.webdo.tn\/fr\/actualite\/national\/aucun-aeroport-tunisien-dans-le-classement-des-meilleurs-d-afrique\/203706\/#breadcrumb"},"inLanguage":"fr-FR","potentialAction":[{"@type":"ReadAction","target":["https:\/\/www.webdo.tn\/fr\/actualite\/national\/aucun-aeroport-tunisien-dans-le-classement-des-meilleurs-d-afrique\/203706\/"]}]},{"@type":"ImageObject","inLanguage":"fr-FR","@id":"https:\/\/www.webdo.tn\/fr\/actualite\/national\/aucun-aeroport-tunisien-dans-le-classement-des-meilleurs-d-afrique\/203706\/#primaryimage","url":"https:\/\/www.webdo.tn\/fr\/wp-content\/uploads\/2023\/03\/055141f8c66f6dece4536aef394e3831.jpg","contentUrl":"https:\/\/www.webdo.tn\/fr\/wp-content\/uploads\/2023\/03\/055141f8c66f6dece4536aef394e3831.jpg","width":750,"height":400,"caption":"Aucun a\u00e9roport tunisien dans le classement des meilleurs d\u2019Afrique !"},{"@type":"BreadcrumbList","@id":"https:\/\/www.webdo.tn\/fr\/actualite\/national\/aucun-aeroport-tunisien-dans-le-classement-des-meilleurs-d-afrique\/203706\/#breadcrumb","itemListElement":[{"@type":"ListItem","position":1,"name":"Accueil","item":"https:\/\/www.webdo.tn\/fr\/"},{"@type":"ListItem","position":2,"name":"Aucun a\u00e9roport tunisien dans le classement des meilleurs d\u2019Afrique !"}]},{"@type":"WebSite","@id":"https:\/\/www.webdo.tn\/fr\/#website","url":"https:\/\/www.webdo.tn\/fr\/","name":"webdo","description":"Tunisie - News en Tunisie et \u00e0 l&#039;international sur Webdo.tn","publisher":{"@id":"https:\/\/www.webdo.tn\/fr\/#organization"},"potentialAction":[{"@type":"SearchAction","target":{"@type":"EntryPoint","urlTemplate":"https:\/\/www.webdo.tn\/fr\/?s={search_term_string}"},"query-input":{"@type":"PropertyValueSpecification","valueRequired":true,"valueName":"search_term_string"}}],"inLanguage":"fr-FR"},{"@type":"Organization","@id":"https:\/\/www.webdo.tn\/fr\/#organization","name":"Webdo","alternateName":"Webdo.tn","url":"https:\/\/www.webdo.tn\/fr\/","logo":{"@type":"ImageObject","inLanguage":"fr-FR","@id":"https:\/\/www.webdo.tn\/fr\/#\/schema\/logo\/image\/","url":"https:\/\/www.webdo.tn\/fr\/wp-content\/uploads\/2025\/06\/Webdo-Tunisie_168377.jpg","contentUrl":"https:\/\/www.webdo.tn\/fr\/wp-content\/uploads\/2025\/06\/Webdo-Tunisie_168377.jpg","width":301,"height":301,"caption":"Webdo"},"image":{"@id":"https:\/\/www.webdo.tn\/fr\/#\/schema\/logo\/image\/"},"sameAs":["https:\/\/www.facebook.com\/webdotn","https:\/\/x.com\/webdo_tn"],"description":"Webdo est un m\u00e9dia num\u00e9rique tunisien fond\u00e9 en 2010, sp\u00e9cialis\u00e9 dans l\u2019actualit\u00e9 nationale et internationale, l\u2019\u00e9conomie, la soci\u00e9t\u00e9 et les analyses politiques. Le site s\u2019adresse \u00e0 un large public francophone et couvre l\u2019information tunisienne en temps r\u00e9el.","email":"redac@webdo.tn","legalName":"YNJ SARL","foundingDate":"2010-09-06","numberOfEmployees":{"@type":"QuantitativeValue","minValue":"11","maxValue":"50"}},{"@type":"Person","@id":"https:\/\/www.webdo.tn\/fr\/#\/schema\/person\/590cb5f81adcfde6385530fdbdf468e2","name":"Ramzi","image":{"@type":"ImageObject","inLanguage":"fr-FR","@id":"https:\/\/secure.gravatar.com\/avatar\/48df7d18915e10cf866ba8e27604c81ff9243fd52704a1d210c3e387e1cb8d87?s=96&d=mm&r=g","url":"https:\/\/secure.gravatar.com\/avatar\/48df7d18915e10cf866ba8e27604c81ff9243fd52704a1d210c3e387e1cb8d87?s=96&d=mm&r=g","contentUrl":"https:\/\/secure.gravatar.com\/avatar\/48df7d18915e10cf866ba8e27604c81ff9243fd52704a1d210c3e387e1cb8d87?s=96&d=mm&r=g","caption":"Ramzi"},"url":"https:\/\/www.webdo.tn\/fr\/actualite\/author\/ramzi\/"}]}},"_links":{"self":[{"href":"https:\/\/www.webdo.tn\/fr\/wp-json\/wp\/v2\/posts\/203706","targetHints":{"allow":["GET"]}}],"collection":[{"href":"https:\/\/www.webdo.tn\/fr\/wp-json\/wp\/v2\/posts"}],"about":[{"href":"https:\/\/www.webdo.tn\/fr\/wp-json\/wp\/v2\/types\/post"}],"author":[{"embeddable":true,"href":"https:\/\/www.webdo.tn\/fr\/wp-json\/wp\/v2\/users\/3188"}],"replies":[{"embeddable":true,"href":"https:\/\/www.webdo.tn\/fr\/wp-json\/wp\/v2\/comments?post=203706"}],"version-history":[{"count":0,"href":"https:\/\/www.webdo.tn\/fr\/wp-json\/wp\/v2\/posts\/203706\/revisions"}],"wp:featuredmedia":[{"embeddable":true,"href":"https:\/\/www.webdo.tn\/fr\/wp-json\/wp\/v2\/media\/277875"}],"wp:attachment":[{"href":"https:\/\/www.webdo.tn\/fr\/wp-json\/wp\/v2\/media?parent=203706"}],"wp:term":[{"taxonomy":"category","embeddable":true,"href":"https:\/\/www.webdo.tn\/fr\/wp-json\/wp\/v2\/categories?post=203706"},{"taxonomy":"post_tag","embeddable":true,"href":"https:\/\/www.webdo.tn\/fr\/wp-json\/wp\/v2\/tags?post=203706"}],"curies":[{"name":"wp","href":"https:\/\/api.w.org\/{rel}","templated":true}]}}