{"id":203702,"date":"2023-03-08T11:55:00","date_gmt":"2023-03-08T11:55:00","guid":{"rendered":"https:\/\/www.webdo.tn\/fr\/blog\/ue-entree-en-service-hier-du-nouveau-systeme-d-information-schengen\/203702\/"},"modified":"2025-05-20T22:59:17","modified_gmt":"2025-05-20T22:59:17","slug":"ue-entree-en-service-hier-du-nouveau-systeme-d-information-schengen","status":"publish","type":"post","link":"https:\/\/www.webdo.tn\/fr\/actualite\/international\/ue-entree-en-service-hier-du-nouveau-systeme-d-information-schengen\/203702\/","title":{"rendered":"UE : Entr\u00e9e en service hier du nouveau syst\u00e8me d&rsquo;information Schengen"},"content":{"rendered":"<p>Mis \u00e0 niveau, le syst\u00e8me d&rsquo;information Schengen (SIS) est entr\u00e9 en service, hier, mardi 7 mars 2023. Il est consid\u00e9r\u00e9 par la Commission europ\u00e9enne comme \u00e9tant le plus grand syst\u00e8me de partage d&rsquo;informations pour la s\u00e9curit\u00e9 et la gestion des fronti\u00e8res en Europe.<\/p>\n<p>\t\t\t\t\t\t\t\t\tLa Commission pr\u00e9cise, dans un communiqu\u00e9, que ce nouveau syst\u00e8me fournit des informations sur les personnes recherch\u00e9es ou disparues, les ressortissants de pays tiers sans droit l\u00e9gal de s\u00e9jour dans l&rsquo;Union et les objets perdus ou vol\u00e9s.<\/p>\n<p>\u00ab\u00a0Le SIS renouvel\u00e9 est le fondement du syst\u00e8me de gestion des fronti\u00e8res le plus avanc\u00e9 au monde que nous construisons\u00a0\u00bb, s\u2019est f\u00e9licit\u00e9e la Commission, notant que le SIS fera partie de l&rsquo;architecture d&rsquo;interop\u00e9rabilit\u00e9, aux c\u00f4t\u00e9s du syst\u00e8me d&rsquo;entr\u00e9e\/sortie (EES) et du syst\u00e8me europ\u00e9en d&rsquo;information et d&rsquo;autorisation de voyage (ETIAS).<\/p>\n<p>Le nouveau SIS est en cours d&rsquo;am\u00e9lioration pour inclure de nouvelles cat\u00e9gories d&rsquo;alertes, des donn\u00e9es biom\u00e9triques telles que les empreintes palmaires, les empreintes digitales et les enregistrements ADN des personnes disparues, ainsi que des outils suppl\u00e9mentaires pour lutter contre la criminalit\u00e9 et le terrorisme.<\/p>\n<p>Selon la Commission, cette mise \u00e0 niveau est importante car elle permettra \u00e9galement des alertes pr\u00e9ventives pour prot\u00e9ger les personnes vuln\u00e9rables et d\u00e9terminer la migration irr\u00e9guli\u00e8re. Des mises \u00e0 niveau qui visent \u00e0 fournir aux autorit\u00e9s nationales des informations plus compl\u00e8tes et plus fiables pour am\u00e9liorer la s\u00e9curit\u00e9 et la gestion des fronti\u00e8res en Europe.<\/p>\n<p>Le SIS a \u00e9t\u00e9 cr\u00e9\u00e9 en 1995 \u00e0 la suite de la suppression des contr\u00f4les aux fronti\u00e8res int\u00e9rieures de l&rsquo;UE. Selon le communiqu\u00e9, l&rsquo;\u00e9valuation du syst\u00e8me en 2016 a confirm\u00e9 son succ\u00e8s remarquable, mais a aussi identifi\u00e9 des possibilit\u00e9s d&rsquo;am\u00e9liorer encore l&rsquo;efficacit\u00e9 et l&rsquo;efficience du SIS, afin de mieux relever les d\u00e9fis de s\u00e9curit\u00e9 de plus en plus complexes.<\/p>\n<p>Maintenant, la question qu\u2019on doit se poser nous autres Tunisiens : ce nouveau syst\u00e8me d\u2019information durcira-t-il davantage les conditions d\u2019octroi de visas Schengen pour nos ressortissants ? Il n\u2019y a aucun doute \u00e0 cela d\u2019autant que le SIS est li\u00e9 \u00e0 d&rsquo;autres syst\u00e8mes (Eurodac et le syst\u00e8me d&rsquo;information des visas (VIS), qui d\u00e9tiennent les empreintes digitales des demandeurs de visas et d&rsquo;asile), et qui est utilis\u00e9 comme outil d&rsquo;enqu\u00eate polici\u00e8re, d&rsquo;antiterrorisme et de contr\u00f4le de l&rsquo;immigration.<\/p>\n","protected":false},"excerpt":{"rendered":"<p>Le syst\u00e8me d&rsquo;information Schengen (SIS) est entr\u00e9 en service, hier.<\/p>\n","protected":false},"author":3188,"featured_media":277874,"comment_status":"open","ping_status":"closed","sticky":false,"template":"","format":"standard","meta":{"footnotes":""},"categories":[2598],"tags":[3571,9379,9378,2897],"class_list":["post-203702","post","type-post","status-publish","format-standard","has-post-thumbnail","hentry","category-international","tag-frontieres","tag-sis","tag-systeme-dinformation-schengen","tag-ue"],"yoast_head":"<!-- This site is optimized with the Yoast SEO Premium plugin v27.5 (Yoast SEO v27.5) - https:\/\/yoast.com\/product\/yoast-seo-premium-wordpress\/ -->\n<title>UE : Entr\u00e9e en service hier du nouveau syst\u00e8me d&#039;information Schengen<\/title>\n<meta name=\"description\" content=\"Le syst\u00e8me d&#039;information Schengen (SIS) est entr\u00e9 en service, hier.\" \/>\n<link rel=\"canonical\" href=\"https:\/\/www.webdo.tn\/fr\/actualite\/international\/ue-entree-en-service-hier-du-nouveau-systeme-d-information-schengen\/203702\/\" \/>\n<meta property=\"og:locale\" content=\"fr_FR\" \/>\n<meta property=\"og:type\" content=\"article\" \/>\n<meta property=\"og:title\" content=\"UE : Entr\u00e9e en service hier du nouveau syst\u00e8me d&#039;information Schengen\" \/>\n<meta property=\"og:description\" content=\"Le syst\u00e8me d&#039;information Schengen (SIS) est entr\u00e9 en service, hier.\" \/>\n<meta property=\"og:url\" content=\"https:\/\/www.webdo.tn\/fr\/actualite\/international\/ue-entree-en-service-hier-du-nouveau-systeme-d-information-schengen\/203702\/\" \/>\n<meta property=\"og:site_name\" content=\"webdo\" \/>\n<meta property=\"article:publisher\" content=\"https:\/\/www.facebook.com\/webdotn\" \/>\n<meta property=\"article:published_time\" content=\"2023-03-08T11:55:00+00:00\" \/>\n<meta property=\"article:modified_time\" content=\"2025-05-20T22:59:17+00:00\" \/>\n<meta property=\"og:image\" content=\"https:\/\/www.webdo.tn\/fr\/wp-content\/uploads\/2023\/03\/2dd7c4ecf7e8ddf65163d653d7a6753f.jpg\" \/>\n\t<meta property=\"og:image:width\" content=\"750\" \/>\n\t<meta property=\"og:image:height\" content=\"400\" \/>\n\t<meta property=\"og:image:type\" content=\"image\/jpeg\" \/>\n<meta name=\"author\" content=\"Ramzi\" \/>\n<meta name=\"twitter:card\" content=\"summary_large_image\" \/>\n<meta name=\"twitter:creator\" content=\"@webdo_tn\" \/>\n<meta name=\"twitter:site\" content=\"@webdo_tn\" \/>\n<meta name=\"twitter:label1\" content=\"\u00c9crit par\" \/>\n\t<meta name=\"twitter:data1\" content=\"Ramzi\" \/>\n\t<meta name=\"twitter:label2\" content=\"Dur\u00e9e de lecture estim\u00e9e\" \/>\n\t<meta name=\"twitter:data2\" content=\"2 minutes\" \/>\n<script type=\"application\/ld+json\" class=\"yoast-schema-graph\">{\"@context\":\"https:\\\/\\\/schema.org\",\"@graph\":[{\"@type\":\"NewsArticle\",\"@id\":\"https:\\\/\\\/www.webdo.tn\\\/fr\\\/actualite\\\/international\\\/ue-entree-en-service-hier-du-nouveau-systeme-d-information-schengen\\\/203702\\\/#article\",\"isPartOf\":{\"@id\":\"https:\\\/\\\/www.webdo.tn\\\/fr\\\/actualite\\\/international\\\/ue-entree-en-service-hier-du-nouveau-systeme-d-information-schengen\\\/203702\\\/\"},\"author\":{\"name\":\"Ramzi\",\"@id\":\"https:\\\/\\\/www.webdo.tn\\\/fr\\\/#\\\/schema\\\/person\\\/590cb5f81adcfde6385530fdbdf468e2\"},\"headline\":\"UE : Entr\u00e9e en service hier du nouveau syst\u00e8me d&rsquo;information Schengen\",\"datePublished\":\"2023-03-08T11:55:00+00:00\",\"dateModified\":\"2025-05-20T22:59:17+00:00\",\"mainEntityOfPage\":{\"@id\":\"https:\\\/\\\/www.webdo.tn\\\/fr\\\/actualite\\\/international\\\/ue-entree-en-service-hier-du-nouveau-systeme-d-information-schengen\\\/203702\\\/\"},\"wordCount\":446,\"commentCount\":0,\"publisher\":{\"@id\":\"https:\\\/\\\/www.webdo.tn\\\/fr\\\/#organization\"},\"image\":{\"@id\":\"https:\\\/\\\/www.webdo.tn\\\/fr\\\/actualite\\\/international\\\/ue-entree-en-service-hier-du-nouveau-systeme-d-information-schengen\\\/203702\\\/#primaryimage\"},\"thumbnailUrl\":\"https:\\\/\\\/www.webdo.tn\\\/fr\\\/wp-content\\\/uploads\\\/2023\\\/03\\\/2dd7c4ecf7e8ddf65163d653d7a6753f.jpg\",\"keywords\":[\"fronti\u00e8res\",\"SIS\",\"syst\u00e8me d'information Schengen\",\"UE\"],\"articleSection\":[\"International\"],\"inLanguage\":\"fr-FR\"},{\"@type\":\"WebPage\",\"@id\":\"https:\\\/\\\/www.webdo.tn\\\/fr\\\/actualite\\\/international\\\/ue-entree-en-service-hier-du-nouveau-systeme-d-information-schengen\\\/203702\\\/\",\"url\":\"https:\\\/\\\/www.webdo.tn\\\/fr\\\/actualite\\\/international\\\/ue-entree-en-service-hier-du-nouveau-systeme-d-information-schengen\\\/203702\\\/\",\"name\":\"UE : Entr\u00e9e en service hier du nouveau syst\u00e8me d'information Schengen\",\"isPartOf\":{\"@id\":\"https:\\\/\\\/www.webdo.tn\\\/fr\\\/#website\"},\"primaryImageOfPage\":{\"@id\":\"https:\\\/\\\/www.webdo.tn\\\/fr\\\/actualite\\\/international\\\/ue-entree-en-service-hier-du-nouveau-systeme-d-information-schengen\\\/203702\\\/#primaryimage\"},\"image\":{\"@id\":\"https:\\\/\\\/www.webdo.tn\\\/fr\\\/actualite\\\/international\\\/ue-entree-en-service-hier-du-nouveau-systeme-d-information-schengen\\\/203702\\\/#primaryimage\"},\"thumbnailUrl\":\"https:\\\/\\\/www.webdo.tn\\\/fr\\\/wp-content\\\/uploads\\\/2023\\\/03\\\/2dd7c4ecf7e8ddf65163d653d7a6753f.jpg\",\"datePublished\":\"2023-03-08T11:55:00+00:00\",\"dateModified\":\"2025-05-20T22:59:17+00:00\",\"description\":\"Le syst\u00e8me d'information Schengen (SIS) est entr\u00e9 en service, hier.\",\"breadcrumb\":{\"@id\":\"https:\\\/\\\/www.webdo.tn\\\/fr\\\/actualite\\\/international\\\/ue-entree-en-service-hier-du-nouveau-systeme-d-information-schengen\\\/203702\\\/#breadcrumb\"},\"inLanguage\":\"fr-FR\",\"potentialAction\":[{\"@type\":\"ReadAction\",\"target\":[\"https:\\\/\\\/www.webdo.tn\\\/fr\\\/actualite\\\/international\\\/ue-entree-en-service-hier-du-nouveau-systeme-d-information-schengen\\\/203702\\\/\"]}]},{\"@type\":\"ImageObject\",\"inLanguage\":\"fr-FR\",\"@id\":\"https:\\\/\\\/www.webdo.tn\\\/fr\\\/actualite\\\/international\\\/ue-entree-en-service-hier-du-nouveau-systeme-d-information-schengen\\\/203702\\\/#primaryimage\",\"url\":\"https:\\\/\\\/www.webdo.tn\\\/fr\\\/wp-content\\\/uploads\\\/2023\\\/03\\\/2dd7c4ecf7e8ddf65163d653d7a6753f.jpg\",\"contentUrl\":\"https:\\\/\\\/www.webdo.tn\\\/fr\\\/wp-content\\\/uploads\\\/2023\\\/03\\\/2dd7c4ecf7e8ddf65163d653d7a6753f.jpg\",\"width\":750,\"height\":400,\"caption\":\"UE : Entr\u00e9e en service hier du nouveau syst\u00e8me d'information Schengen\"},{\"@type\":\"BreadcrumbList\",\"@id\":\"https:\\\/\\\/www.webdo.tn\\\/fr\\\/actualite\\\/international\\\/ue-entree-en-service-hier-du-nouveau-systeme-d-information-schengen\\\/203702\\\/#breadcrumb\",\"itemListElement\":[{\"@type\":\"ListItem\",\"position\":1,\"name\":\"Accueil\",\"item\":\"https:\\\/\\\/www.webdo.tn\\\/fr\\\/\"},{\"@type\":\"ListItem\",\"position\":2,\"name\":\"UE : Entr\u00e9e en service hier du nouveau syst\u00e8me d&rsquo;information Schengen\"}]},{\"@type\":\"WebSite\",\"@id\":\"https:\\\/\\\/www.webdo.tn\\\/fr\\\/#website\",\"url\":\"https:\\\/\\\/www.webdo.tn\\\/fr\\\/\",\"name\":\"webdo\",\"description\":\"Tunisie - News en Tunisie et \u00e0 l&#039;international sur Webdo.tn\",\"publisher\":{\"@id\":\"https:\\\/\\\/www.webdo.tn\\\/fr\\\/#organization\"},\"potentialAction\":[{\"@type\":\"SearchAction\",\"target\":{\"@type\":\"EntryPoint\",\"urlTemplate\":\"https:\\\/\\\/www.webdo.tn\\\/fr\\\/?s={search_term_string}\"},\"query-input\":{\"@type\":\"PropertyValueSpecification\",\"valueRequired\":true,\"valueName\":\"search_term_string\"}}],\"inLanguage\":\"fr-FR\"},{\"@type\":\"Organization\",\"@id\":\"https:\\\/\\\/www.webdo.tn\\\/fr\\\/#organization\",\"name\":\"Webdo\",\"alternateName\":\"Webdo.tn\",\"url\":\"https:\\\/\\\/www.webdo.tn\\\/fr\\\/\",\"logo\":{\"@type\":\"ImageObject\",\"inLanguage\":\"fr-FR\",\"@id\":\"https:\\\/\\\/www.webdo.tn\\\/fr\\\/#\\\/schema\\\/logo\\\/image\\\/\",\"url\":\"https:\\\/\\\/www.webdo.tn\\\/fr\\\/wp-content\\\/uploads\\\/2025\\\/06\\\/Webdo-Tunisie_168377.jpg\",\"contentUrl\":\"https:\\\/\\\/www.webdo.tn\\\/fr\\\/wp-content\\\/uploads\\\/2025\\\/06\\\/Webdo-Tunisie_168377.jpg\",\"width\":301,\"height\":301,\"caption\":\"Webdo\"},\"image\":{\"@id\":\"https:\\\/\\\/www.webdo.tn\\\/fr\\\/#\\\/schema\\\/logo\\\/image\\\/\"},\"sameAs\":[\"https:\\\/\\\/www.facebook.com\\\/webdotn\",\"https:\\\/\\\/x.com\\\/webdo_tn\"],\"description\":\"Webdo est un m\u00e9dia num\u00e9rique tunisien fond\u00e9 en 2010, sp\u00e9cialis\u00e9 dans l\u2019actualit\u00e9 nationale et internationale, l\u2019\u00e9conomie, la soci\u00e9t\u00e9 et les analyses politiques. Le site s\u2019adresse \u00e0 un large public francophone et couvre l\u2019information tunisienne en temps r\u00e9el.\",\"email\":\"redac@webdo.tn\",\"legalName\":\"YNJ SARL\",\"foundingDate\":\"2010-09-06\",\"numberOfEmployees\":{\"@type\":\"QuantitativeValue\",\"minValue\":\"11\",\"maxValue\":\"50\"}},{\"@type\":\"Person\",\"@id\":\"https:\\\/\\\/www.webdo.tn\\\/fr\\\/#\\\/schema\\\/person\\\/590cb5f81adcfde6385530fdbdf468e2\",\"name\":\"Ramzi\",\"image\":{\"@type\":\"ImageObject\",\"inLanguage\":\"fr-FR\",\"@id\":\"https:\\\/\\\/secure.gravatar.com\\\/avatar\\\/48df7d18915e10cf866ba8e27604c81ff9243fd52704a1d210c3e387e1cb8d87?s=96&d=mm&r=g\",\"url\":\"https:\\\/\\\/secure.gravatar.com\\\/avatar\\\/48df7d18915e10cf866ba8e27604c81ff9243fd52704a1d210c3e387e1cb8d87?s=96&d=mm&r=g\",\"contentUrl\":\"https:\\\/\\\/secure.gravatar.com\\\/avatar\\\/48df7d18915e10cf866ba8e27604c81ff9243fd52704a1d210c3e387e1cb8d87?s=96&d=mm&r=g\",\"caption\":\"Ramzi\"},\"url\":\"https:\\\/\\\/www.webdo.tn\\\/fr\\\/actualite\\\/author\\\/ramzi\\\/\"}]}<\/script>\n<!-- \/ Yoast SEO Premium plugin. -->","yoast_head_json":{"title":"UE : Entr\u00e9e en service hier du nouveau syst\u00e8me d'information Schengen","description":"Le syst\u00e8me d'information Schengen (SIS) est entr\u00e9 en service, hier.","canonical":"https:\/\/www.webdo.tn\/fr\/actualite\/international\/ue-entree-en-service-hier-du-nouveau-systeme-d-information-schengen\/203702\/","og_locale":"fr_FR","og_type":"article","og_title":"UE : Entr\u00e9e en service hier du nouveau syst\u00e8me d'information Schengen","og_description":"Le syst\u00e8me d'information Schengen (SIS) est entr\u00e9 en service, hier.","og_url":"https:\/\/www.webdo.tn\/fr\/actualite\/international\/ue-entree-en-service-hier-du-nouveau-systeme-d-information-schengen\/203702\/","og_site_name":"webdo","article_publisher":"https:\/\/www.facebook.com\/webdotn","article_published_time":"2023-03-08T11:55:00+00:00","article_modified_time":"2025-05-20T22:59:17+00:00","og_image":[{"width":750,"height":400,"url":"https:\/\/www.webdo.tn\/fr\/wp-content\/uploads\/2023\/03\/2dd7c4ecf7e8ddf65163d653d7a6753f.jpg","type":"image\/jpeg"}],"author":"Ramzi","twitter_card":"summary_large_image","twitter_creator":"@webdo_tn","twitter_site":"@webdo_tn","twitter_misc":{"\u00c9crit par":"Ramzi","Dur\u00e9e de lecture estim\u00e9e":"2 minutes"},"schema":{"@context":"https:\/\/schema.org","@graph":[{"@type":"NewsArticle","@id":"https:\/\/www.webdo.tn\/fr\/actualite\/international\/ue-entree-en-service-hier-du-nouveau-systeme-d-information-schengen\/203702\/#article","isPartOf":{"@id":"https:\/\/www.webdo.tn\/fr\/actualite\/international\/ue-entree-en-service-hier-du-nouveau-systeme-d-information-schengen\/203702\/"},"author":{"name":"Ramzi","@id":"https:\/\/www.webdo.tn\/fr\/#\/schema\/person\/590cb5f81adcfde6385530fdbdf468e2"},"headline":"UE : Entr\u00e9e en service hier du nouveau syst\u00e8me d&rsquo;information Schengen","datePublished":"2023-03-08T11:55:00+00:00","dateModified":"2025-05-20T22:59:17+00:00","mainEntityOfPage":{"@id":"https:\/\/www.webdo.tn\/fr\/actualite\/international\/ue-entree-en-service-hier-du-nouveau-systeme-d-information-schengen\/203702\/"},"wordCount":446,"commentCount":0,"publisher":{"@id":"https:\/\/www.webdo.tn\/fr\/#organization"},"image":{"@id":"https:\/\/www.webdo.tn\/fr\/actualite\/international\/ue-entree-en-service-hier-du-nouveau-systeme-d-information-schengen\/203702\/#primaryimage"},"thumbnailUrl":"https:\/\/www.webdo.tn\/fr\/wp-content\/uploads\/2023\/03\/2dd7c4ecf7e8ddf65163d653d7a6753f.jpg","keywords":["fronti\u00e8res","SIS","syst\u00e8me d'information Schengen","UE"],"articleSection":["International"],"inLanguage":"fr-FR"},{"@type":"WebPage","@id":"https:\/\/www.webdo.tn\/fr\/actualite\/international\/ue-entree-en-service-hier-du-nouveau-systeme-d-information-schengen\/203702\/","url":"https:\/\/www.webdo.tn\/fr\/actualite\/international\/ue-entree-en-service-hier-du-nouveau-systeme-d-information-schengen\/203702\/","name":"UE : Entr\u00e9e en service hier du nouveau syst\u00e8me d'information Schengen","isPartOf":{"@id":"https:\/\/www.webdo.tn\/fr\/#website"},"primaryImageOfPage":{"@id":"https:\/\/www.webdo.tn\/fr\/actualite\/international\/ue-entree-en-service-hier-du-nouveau-systeme-d-information-schengen\/203702\/#primaryimage"},"image":{"@id":"https:\/\/www.webdo.tn\/fr\/actualite\/international\/ue-entree-en-service-hier-du-nouveau-systeme-d-information-schengen\/203702\/#primaryimage"},"thumbnailUrl":"https:\/\/www.webdo.tn\/fr\/wp-content\/uploads\/2023\/03\/2dd7c4ecf7e8ddf65163d653d7a6753f.jpg","datePublished":"2023-03-08T11:55:00+00:00","dateModified":"2025-05-20T22:59:17+00:00","description":"Le syst\u00e8me d'information Schengen (SIS) est entr\u00e9 en service, hier.","breadcrumb":{"@id":"https:\/\/www.webdo.tn\/fr\/actualite\/international\/ue-entree-en-service-hier-du-nouveau-systeme-d-information-schengen\/203702\/#breadcrumb"},"inLanguage":"fr-FR","potentialAction":[{"@type":"ReadAction","target":["https:\/\/www.webdo.tn\/fr\/actualite\/international\/ue-entree-en-service-hier-du-nouveau-systeme-d-information-schengen\/203702\/"]}]},{"@type":"ImageObject","inLanguage":"fr-FR","@id":"https:\/\/www.webdo.tn\/fr\/actualite\/international\/ue-entree-en-service-hier-du-nouveau-systeme-d-information-schengen\/203702\/#primaryimage","url":"https:\/\/www.webdo.tn\/fr\/wp-content\/uploads\/2023\/03\/2dd7c4ecf7e8ddf65163d653d7a6753f.jpg","contentUrl":"https:\/\/www.webdo.tn\/fr\/wp-content\/uploads\/2023\/03\/2dd7c4ecf7e8ddf65163d653d7a6753f.jpg","width":750,"height":400,"caption":"UE : Entr\u00e9e en service hier du nouveau syst\u00e8me d'information Schengen"},{"@type":"BreadcrumbList","@id":"https:\/\/www.webdo.tn\/fr\/actualite\/international\/ue-entree-en-service-hier-du-nouveau-systeme-d-information-schengen\/203702\/#breadcrumb","itemListElement":[{"@type":"ListItem","position":1,"name":"Accueil","item":"https:\/\/www.webdo.tn\/fr\/"},{"@type":"ListItem","position":2,"name":"UE : Entr\u00e9e en service hier du nouveau syst\u00e8me d&rsquo;information Schengen"}]},{"@type":"WebSite","@id":"https:\/\/www.webdo.tn\/fr\/#website","url":"https:\/\/www.webdo.tn\/fr\/","name":"webdo","description":"Tunisie - News en Tunisie et \u00e0 l&#039;international sur Webdo.tn","publisher":{"@id":"https:\/\/www.webdo.tn\/fr\/#organization"},"potentialAction":[{"@type":"SearchAction","target":{"@type":"EntryPoint","urlTemplate":"https:\/\/www.webdo.tn\/fr\/?s={search_term_string}"},"query-input":{"@type":"PropertyValueSpecification","valueRequired":true,"valueName":"search_term_string"}}],"inLanguage":"fr-FR"},{"@type":"Organization","@id":"https:\/\/www.webdo.tn\/fr\/#organization","name":"Webdo","alternateName":"Webdo.tn","url":"https:\/\/www.webdo.tn\/fr\/","logo":{"@type":"ImageObject","inLanguage":"fr-FR","@id":"https:\/\/www.webdo.tn\/fr\/#\/schema\/logo\/image\/","url":"https:\/\/www.webdo.tn\/fr\/wp-content\/uploads\/2025\/06\/Webdo-Tunisie_168377.jpg","contentUrl":"https:\/\/www.webdo.tn\/fr\/wp-content\/uploads\/2025\/06\/Webdo-Tunisie_168377.jpg","width":301,"height":301,"caption":"Webdo"},"image":{"@id":"https:\/\/www.webdo.tn\/fr\/#\/schema\/logo\/image\/"},"sameAs":["https:\/\/www.facebook.com\/webdotn","https:\/\/x.com\/webdo_tn"],"description":"Webdo est un m\u00e9dia num\u00e9rique tunisien fond\u00e9 en 2010, sp\u00e9cialis\u00e9 dans l\u2019actualit\u00e9 nationale et internationale, l\u2019\u00e9conomie, la soci\u00e9t\u00e9 et les analyses politiques. Le site s\u2019adresse \u00e0 un large public francophone et couvre l\u2019information tunisienne en temps r\u00e9el.","email":"redac@webdo.tn","legalName":"YNJ SARL","foundingDate":"2010-09-06","numberOfEmployees":{"@type":"QuantitativeValue","minValue":"11","maxValue":"50"}},{"@type":"Person","@id":"https:\/\/www.webdo.tn\/fr\/#\/schema\/person\/590cb5f81adcfde6385530fdbdf468e2","name":"Ramzi","image":{"@type":"ImageObject","inLanguage":"fr-FR","@id":"https:\/\/secure.gravatar.com\/avatar\/48df7d18915e10cf866ba8e27604c81ff9243fd52704a1d210c3e387e1cb8d87?s=96&d=mm&r=g","url":"https:\/\/secure.gravatar.com\/avatar\/48df7d18915e10cf866ba8e27604c81ff9243fd52704a1d210c3e387e1cb8d87?s=96&d=mm&r=g","contentUrl":"https:\/\/secure.gravatar.com\/avatar\/48df7d18915e10cf866ba8e27604c81ff9243fd52704a1d210c3e387e1cb8d87?s=96&d=mm&r=g","caption":"Ramzi"},"url":"https:\/\/www.webdo.tn\/fr\/actualite\/author\/ramzi\/"}]}},"_links":{"self":[{"href":"https:\/\/www.webdo.tn\/fr\/wp-json\/wp\/v2\/posts\/203702","targetHints":{"allow":["GET"]}}],"collection":[{"href":"https:\/\/www.webdo.tn\/fr\/wp-json\/wp\/v2\/posts"}],"about":[{"href":"https:\/\/www.webdo.tn\/fr\/wp-json\/wp\/v2\/types\/post"}],"author":[{"embeddable":true,"href":"https:\/\/www.webdo.tn\/fr\/wp-json\/wp\/v2\/users\/3188"}],"replies":[{"embeddable":true,"href":"https:\/\/www.webdo.tn\/fr\/wp-json\/wp\/v2\/comments?post=203702"}],"version-history":[{"count":0,"href":"https:\/\/www.webdo.tn\/fr\/wp-json\/wp\/v2\/posts\/203702\/revisions"}],"wp:featuredmedia":[{"embeddable":true,"href":"https:\/\/www.webdo.tn\/fr\/wp-json\/wp\/v2\/media\/277874"}],"wp:attachment":[{"href":"https:\/\/www.webdo.tn\/fr\/wp-json\/wp\/v2\/media?parent=203702"}],"wp:term":[{"taxonomy":"category","embeddable":true,"href":"https:\/\/www.webdo.tn\/fr\/wp-json\/wp\/v2\/categories?post=203702"},{"taxonomy":"post_tag","embeddable":true,"href":"https:\/\/www.webdo.tn\/fr\/wp-json\/wp\/v2\/tags?post=203702"}],"curies":[{"name":"wp","href":"https:\/\/api.w.org\/{rel}","templated":true}]}}