{"id":203696,"date":"2023-03-08T09:49:00","date_gmt":"2023-03-08T09:49:00","guid":{"rendered":"https:\/\/www.webdo.tn\/fr\/blog\/xenophobes-et-racistes-ne-meritent-pas-de-la-tunisie\/203696\/"},"modified":"2025-05-17T21:04:47","modified_gmt":"2025-05-17T21:04:47","slug":"xenophobes-et-racistes-ne-meritent-pas-de-la-tunisie","status":"publish","type":"post","link":"https:\/\/www.webdo.tn\/fr\/actualite\/chroniques\/xenophobes-et-racistes-ne-meritent-pas-de-la-tunisie\/203696\/","title":{"rendered":"X\u00e9nophobes et racistes ne m\u00e9ritent pas de la Tunisie"},"content":{"rendered":"<p>La Tunisie est en train de payer la ran\u00e7on de ses quatre millions d&rsquo;analphab\u00e8tes et d&rsquo;illettr\u00e9s.<\/p>\n<p>\t\t\t\t\t\t\t\t\tLa fiction d&rsquo;un pays singulier, moderniste, constituant une exception dans le monde arabe et musulman, est en train de s&rsquo;effondrer sous les coups de boutoir des atavismes qui remontent \u00e0 la surface.<\/p>\n<p>La pouss\u00e9e de fi\u00e8vre haineuse prenant pour cible la communaut\u00e9 africaine subsaharienne a \u00e9t\u00e9 odieusement manipul\u00e9e par des mains coupables qui en aucun cas, ne m\u00e9ritent de la Tunisie.<\/p>\n<p>Sommes-nous devenus ainsi ou l&rsquo;\u00e9tions-nous sans le reconna\u00eetre ? Je reviens du c\u0153ur de l&rsquo;Afrique o\u00f9 je viens de passer une semaine. Pour la premi\u00e8re fois, j&rsquo;ai du subir des remarques in\u00e9dites quant au racisme av\u00e9r\u00e9 de mon pays.<\/p>\n<p>Sur un autre plan, des amis qui vivent et travaillent en Afrique de l&rsquo;ouest, ne sortent plus de chez eux depuis plusieurs jours.<\/p>\n<p>Ils essaient d&rsquo;\u00e9viter les critiques et qui sait, une r\u00e9ciprocit\u00e9 qui reste toujours \u00e0 craindre. Ces amis sont en g\u00e9n\u00e9ral dans les travaux publics mais d&rsquo;autres investisseurs tunisiens sont pr\u00e9sents, des universitaires viennent donner des cours, des commerciaux tentent de gagner des march\u00e9s.<\/p>\n<p>Tout cela a \u00e9t\u00e9 torpill\u00e9 par la d\u00e9ferlante haineuse qui nous vaut d&rsquo;\u00eatre mis au ban des humanistes. En Guin\u00e9e, en C\u00f4te d&rsquo;Ivoire et dans plusieurs autres pays, la Tunisie n&rsquo;a plus bonne presse.<\/p>\n<p>Il va falloir des ann\u00e9es pour panser cette nouvelle blessure qui nous coupe d&rsquo;un espace vital que d&rsquo;autres se bousculent pour l&rsquo;investir.<\/p>\n<p>Toute cette affaire de migrants clandestins et d&rsquo;ill\u00e9gaux, aurait pu \u00eatre g\u00e9r\u00e9e diff\u00e9remment, sans porter atteinte \u00e0 l&rsquo;honneur d&rsquo;un pays irr\u00e9prochable, hier encore cit\u00e9 en exemple.<\/p>\n<p>L&rsquo;hospitalit\u00e9 n&rsquo;est pas un vain mot et nous sommes en train de l&rsquo;apprendre \u00e0 nos d\u00e9pens. La gestion des flux migratoires dans le respect des droits humains s&rsquo;apprend et, malgr\u00e9 notre expertise, nous sommes tomb\u00e9s dans le panneau autant par l&rsquo;aveuglement des uns que par le populisme de ceux qui les manipulent.<\/p>\n<p>Du temps de Bourguiba, on r\u00e9p\u00e9tait \u00e0 l&rsquo;envi que les lois du pays \u00e9taient en avance sur certains secteurs de la population. Et par cons\u00e9quent, on travaillait \u00e0 la promotion morale et mat\u00e9rielle du peuple. Avec succ\u00e8s et aussi d&rsquo;\u00e9normes ratages.<\/p>\n<p>Aujourd&rsquo;hui, les actes x\u00e9nophobes et les propos racistes tombent sous le coup de la loi mais, malgr\u00e9 les mobilisations, il est difficile d&rsquo;\u00e9chapper aux \u00e9thiques d\u00e9faillantes et aux ressentiments ordinaires envers des migrants si fragiles, si vuln\u00e9rables et pour certains si confiants en nous.<\/p>\n<p>Bien s\u00fbr\u00a0 cet \u00e9pisode scabreux fait partie d&rsquo;un feuilleton plus touffu o\u00f9 les rapports de force ne sont pas clairement \u00e9nonc\u00e9s. Qualifi\u00e9e de \u00ab\u00a0cul-de-sac de la forteresse Europe\u00a0\u00bb, la Tunisie saura-t-elle rationaliser et structurer sa relation aux migrants d&rsquo;o\u00f9 qu&rsquo;ils viennent et o\u00f9 qu&rsquo;ils aillent ?<\/p>\n<p>Pour l&rsquo;heure, il s&rsquo;agit de revenir \u00e0 certains fondamentaux qui ne devraient en aucun cas \u00eatre remis en question. Et que la loi prime ne fait aucun doute. Mais toujours dans le respect de l&rsquo;\u00e9thique, de l&rsquo;\u00e9quit\u00e9 et de la n\u00e9cessaire hospitalit\u00e9.<\/p>\n","protected":false},"excerpt":{"rendered":"<p>La Tunisie est en train de payer la ran\u00e7on de ses quatre millions d&rsquo;analphab\u00e8tes et d&rsquo;illettr\u00e9s.<\/p>\n","protected":false},"author":3229,"featured_media":277870,"comment_status":"open","ping_status":"closed","sticky":false,"template":"","format":"standard","meta":{"footnotes":""},"categories":[2596],"tags":[3632,8242,3377,2608],"class_list":["post-203696","post","type-post","status-publish","format-standard","has-post-thumbnail","hentry","category-chroniques","tag-immigration","tag-racisme","tag-subsahariens","tag-tunisie"],"yoast_head":"<!-- This site is optimized with the Yoast SEO Premium plugin v27.5 (Yoast SEO v27.5) - https:\/\/yoast.com\/product\/yoast-seo-premium-wordpress\/ -->\n<title>X\u00e9nophobes et racistes ne m\u00e9ritent pas de la Tunisie<\/title>\n<meta name=\"description\" content=\"La Tunisie est en train de payer la ran\u00e7on de ses quatre millions d&#039;analphab\u00e8tes et d&#039;illettr\u00e9s.\" \/>\n<link rel=\"canonical\" href=\"https:\/\/www.webdo.tn\/fr\/actualite\/chroniques\/xenophobes-et-racistes-ne-meritent-pas-de-la-tunisie\/203696\/\" \/>\n<meta property=\"og:locale\" content=\"fr_FR\" \/>\n<meta property=\"og:type\" content=\"article\" \/>\n<meta property=\"og:title\" content=\"X\u00e9nophobes et racistes ne m\u00e9ritent pas de la Tunisie\" \/>\n<meta property=\"og:description\" content=\"La Tunisie est en train de payer la ran\u00e7on de ses quatre millions d&#039;analphab\u00e8tes et d&#039;illettr\u00e9s.\" \/>\n<meta property=\"og:url\" content=\"https:\/\/www.webdo.tn\/fr\/actualite\/chroniques\/xenophobes-et-racistes-ne-meritent-pas-de-la-tunisie\/203696\/\" \/>\n<meta property=\"og:site_name\" content=\"webdo\" \/>\n<meta property=\"article:publisher\" content=\"https:\/\/www.facebook.com\/webdotn\" \/>\n<meta property=\"article:author\" content=\"https:\/\/www.facebook.com\/hatem.bourial.2025\" \/>\n<meta property=\"article:published_time\" content=\"2023-03-08T09:49:00+00:00\" \/>\n<meta property=\"article:modified_time\" content=\"2025-05-17T21:04:47+00:00\" \/>\n<meta property=\"og:image\" content=\"https:\/\/www.webdo.tn\/fr\/wp-content\/uploads\/2023\/03\/46b4e421d68cc2c2c51a9e6d0c8dabb7.jpg\" \/>\n\t<meta property=\"og:image:width\" content=\"750\" \/>\n\t<meta property=\"og:image:height\" content=\"400\" \/>\n\t<meta property=\"og:image:type\" content=\"image\/jpeg\" \/>\n<meta name=\"author\" content=\"Hatem Bourial\" \/>\n<meta name=\"twitter:card\" content=\"summary_large_image\" \/>\n<meta name=\"twitter:creator\" content=\"@webdo_tn\" \/>\n<meta name=\"twitter:site\" content=\"@webdo_tn\" \/>\n<meta name=\"twitter:label1\" content=\"\u00c9crit par\" \/>\n\t<meta name=\"twitter:data1\" content=\"Hatem Bourial\" \/>\n\t<meta name=\"twitter:label2\" content=\"Dur\u00e9e de lecture estim\u00e9e\" \/>\n\t<meta name=\"twitter:data2\" content=\"3 minutes\" \/>\n<script type=\"application\/ld+json\" class=\"yoast-schema-graph\">{\"@context\":\"https:\\\/\\\/schema.org\",\"@graph\":[{\"@type\":\"NewsArticle\",\"@id\":\"https:\\\/\\\/www.webdo.tn\\\/fr\\\/actualite\\\/chroniques\\\/xenophobes-et-racistes-ne-meritent-pas-de-la-tunisie\\\/203696\\\/#article\",\"isPartOf\":{\"@id\":\"https:\\\/\\\/www.webdo.tn\\\/fr\\\/actualite\\\/chroniques\\\/xenophobes-et-racistes-ne-meritent-pas-de-la-tunisie\\\/203696\\\/\"},\"author\":{\"name\":\"Hatem Bourial\",\"@id\":\"https:\\\/\\\/www.webdo.tn\\\/fr\\\/#\\\/schema\\\/person\\\/6bc0beba2cd23aec27cb5df85ca2554f\"},\"headline\":\"X\u00e9nophobes et racistes ne m\u00e9ritent pas de la Tunisie\",\"datePublished\":\"2023-03-08T09:49:00+00:00\",\"dateModified\":\"2025-05-17T21:04:47+00:00\",\"mainEntityOfPage\":{\"@id\":\"https:\\\/\\\/www.webdo.tn\\\/fr\\\/actualite\\\/chroniques\\\/xenophobes-et-racistes-ne-meritent-pas-de-la-tunisie\\\/203696\\\/\"},\"wordCount\":567,\"commentCount\":0,\"publisher\":{\"@id\":\"https:\\\/\\\/www.webdo.tn\\\/fr\\\/#organization\"},\"image\":{\"@id\":\"https:\\\/\\\/www.webdo.tn\\\/fr\\\/actualite\\\/chroniques\\\/xenophobes-et-racistes-ne-meritent-pas-de-la-tunisie\\\/203696\\\/#primaryimage\"},\"thumbnailUrl\":\"https:\\\/\\\/www.webdo.tn\\\/fr\\\/wp-content\\\/uploads\\\/2023\\\/03\\\/46b4e421d68cc2c2c51a9e6d0c8dabb7.jpg\",\"keywords\":[\"immigration\",\"racisme\",\"Subsahariens\",\"Tunisie\"],\"articleSection\":[\"Chroniques\"],\"inLanguage\":\"fr-FR\"},{\"@type\":\"WebPage\",\"@id\":\"https:\\\/\\\/www.webdo.tn\\\/fr\\\/actualite\\\/chroniques\\\/xenophobes-et-racistes-ne-meritent-pas-de-la-tunisie\\\/203696\\\/\",\"url\":\"https:\\\/\\\/www.webdo.tn\\\/fr\\\/actualite\\\/chroniques\\\/xenophobes-et-racistes-ne-meritent-pas-de-la-tunisie\\\/203696\\\/\",\"name\":\"X\u00e9nophobes et racistes ne m\u00e9ritent pas de la Tunisie\",\"isPartOf\":{\"@id\":\"https:\\\/\\\/www.webdo.tn\\\/fr\\\/#website\"},\"primaryImageOfPage\":{\"@id\":\"https:\\\/\\\/www.webdo.tn\\\/fr\\\/actualite\\\/chroniques\\\/xenophobes-et-racistes-ne-meritent-pas-de-la-tunisie\\\/203696\\\/#primaryimage\"},\"image\":{\"@id\":\"https:\\\/\\\/www.webdo.tn\\\/fr\\\/actualite\\\/chroniques\\\/xenophobes-et-racistes-ne-meritent-pas-de-la-tunisie\\\/203696\\\/#primaryimage\"},\"thumbnailUrl\":\"https:\\\/\\\/www.webdo.tn\\\/fr\\\/wp-content\\\/uploads\\\/2023\\\/03\\\/46b4e421d68cc2c2c51a9e6d0c8dabb7.jpg\",\"datePublished\":\"2023-03-08T09:49:00+00:00\",\"dateModified\":\"2025-05-17T21:04:47+00:00\",\"description\":\"La Tunisie est en train de payer la ran\u00e7on de ses quatre millions d'analphab\u00e8tes et d'illettr\u00e9s.\",\"breadcrumb\":{\"@id\":\"https:\\\/\\\/www.webdo.tn\\\/fr\\\/actualite\\\/chroniques\\\/xenophobes-et-racistes-ne-meritent-pas-de-la-tunisie\\\/203696\\\/#breadcrumb\"},\"inLanguage\":\"fr-FR\",\"potentialAction\":[{\"@type\":\"ReadAction\",\"target\":[\"https:\\\/\\\/www.webdo.tn\\\/fr\\\/actualite\\\/chroniques\\\/xenophobes-et-racistes-ne-meritent-pas-de-la-tunisie\\\/203696\\\/\"]}]},{\"@type\":\"ImageObject\",\"inLanguage\":\"fr-FR\",\"@id\":\"https:\\\/\\\/www.webdo.tn\\\/fr\\\/actualite\\\/chroniques\\\/xenophobes-et-racistes-ne-meritent-pas-de-la-tunisie\\\/203696\\\/#primaryimage\",\"url\":\"https:\\\/\\\/www.webdo.tn\\\/fr\\\/wp-content\\\/uploads\\\/2023\\\/03\\\/46b4e421d68cc2c2c51a9e6d0c8dabb7.jpg\",\"contentUrl\":\"https:\\\/\\\/www.webdo.tn\\\/fr\\\/wp-content\\\/uploads\\\/2023\\\/03\\\/46b4e421d68cc2c2c51a9e6d0c8dabb7.jpg\",\"width\":750,\"height\":400,\"caption\":\"X\u00e9nophobes et racistes ne m\u00e9ritent pas de la Tunisie\"},{\"@type\":\"BreadcrumbList\",\"@id\":\"https:\\\/\\\/www.webdo.tn\\\/fr\\\/actualite\\\/chroniques\\\/xenophobes-et-racistes-ne-meritent-pas-de-la-tunisie\\\/203696\\\/#breadcrumb\",\"itemListElement\":[{\"@type\":\"ListItem\",\"position\":1,\"name\":\"Accueil\",\"item\":\"https:\\\/\\\/www.webdo.tn\\\/fr\\\/\"},{\"@type\":\"ListItem\",\"position\":2,\"name\":\"X\u00e9nophobes et racistes ne m\u00e9ritent pas de la Tunisie\"}]},{\"@type\":\"WebSite\",\"@id\":\"https:\\\/\\\/www.webdo.tn\\\/fr\\\/#website\",\"url\":\"https:\\\/\\\/www.webdo.tn\\\/fr\\\/\",\"name\":\"webdo\",\"description\":\"Tunisie - News en Tunisie et \u00e0 l&#039;international sur Webdo.tn\",\"publisher\":{\"@id\":\"https:\\\/\\\/www.webdo.tn\\\/fr\\\/#organization\"},\"potentialAction\":[{\"@type\":\"SearchAction\",\"target\":{\"@type\":\"EntryPoint\",\"urlTemplate\":\"https:\\\/\\\/www.webdo.tn\\\/fr\\\/?s={search_term_string}\"},\"query-input\":{\"@type\":\"PropertyValueSpecification\",\"valueRequired\":true,\"valueName\":\"search_term_string\"}}],\"inLanguage\":\"fr-FR\"},{\"@type\":\"Organization\",\"@id\":\"https:\\\/\\\/www.webdo.tn\\\/fr\\\/#organization\",\"name\":\"Webdo\",\"alternateName\":\"Webdo.tn\",\"url\":\"https:\\\/\\\/www.webdo.tn\\\/fr\\\/\",\"logo\":{\"@type\":\"ImageObject\",\"inLanguage\":\"fr-FR\",\"@id\":\"https:\\\/\\\/www.webdo.tn\\\/fr\\\/#\\\/schema\\\/logo\\\/image\\\/\",\"url\":\"https:\\\/\\\/www.webdo.tn\\\/fr\\\/wp-content\\\/uploads\\\/2025\\\/06\\\/Webdo-Tunisie_168377.jpg\",\"contentUrl\":\"https:\\\/\\\/www.webdo.tn\\\/fr\\\/wp-content\\\/uploads\\\/2025\\\/06\\\/Webdo-Tunisie_168377.jpg\",\"width\":301,\"height\":301,\"caption\":\"Webdo\"},\"image\":{\"@id\":\"https:\\\/\\\/www.webdo.tn\\\/fr\\\/#\\\/schema\\\/logo\\\/image\\\/\"},\"sameAs\":[\"https:\\\/\\\/www.facebook.com\\\/webdotn\",\"https:\\\/\\\/x.com\\\/webdo_tn\"],\"description\":\"Webdo est un m\u00e9dia num\u00e9rique tunisien fond\u00e9 en 2010, sp\u00e9cialis\u00e9 dans l\u2019actualit\u00e9 nationale et internationale, l\u2019\u00e9conomie, la soci\u00e9t\u00e9 et les analyses politiques. Le site s\u2019adresse \u00e0 un large public francophone et couvre l\u2019information tunisienne en temps r\u00e9el.\",\"email\":\"redac@webdo.tn\",\"legalName\":\"YNJ SARL\",\"foundingDate\":\"2010-09-06\",\"numberOfEmployees\":{\"@type\":\"QuantitativeValue\",\"minValue\":\"11\",\"maxValue\":\"50\"}},{\"@type\":\"Person\",\"@id\":\"https:\\\/\\\/www.webdo.tn\\\/fr\\\/#\\\/schema\\\/person\\\/6bc0beba2cd23aec27cb5df85ca2554f\",\"name\":\"Hatem Bourial\",\"image\":{\"@type\":\"ImageObject\",\"inLanguage\":\"fr-FR\",\"@id\":\"https:\\\/\\\/www.webdo.tn\\\/fr\\\/wp-content\\\/uploads\\\/2026\\\/04\\\/hatem-bourial_avatar-96x96.jpg\",\"url\":\"https:\\\/\\\/www.webdo.tn\\\/fr\\\/wp-content\\\/uploads\\\/2026\\\/04\\\/hatem-bourial_avatar-96x96.jpg\",\"contentUrl\":\"https:\\\/\\\/www.webdo.tn\\\/fr\\\/wp-content\\\/uploads\\\/2026\\\/04\\\/hatem-bourial_avatar-96x96.jpg\",\"caption\":\"Hatem Bourial\"},\"description\":\"Hatem Bourial est journaliste, \u00e9crivain et chroniqueur tunisien. Actif depuis plusieurs d\u00e9cennies, il s\u2019est impos\u00e9 comme un observateur attentif de la soci\u00e9t\u00e9 tunisienne, m\u00ealant dans ses \u00e9crits m\u00e9moire, culture et analyse du quotidien. Auteur de nombreux ouvrages, il d\u00e9veloppe une \u0153uvre \u00e0 la crois\u00e9e du r\u00e9cit, de la po\u00e9sie et de l\u2019observation sociologique. Parall\u00e8lement \u00e0 ses contributions dans la presse, il intervient r\u00e9guli\u00e8rement \u00e0 la radio et dans des espaces culturels, o\u00f9 il explore les enjeux li\u00e9s au patrimoine, \u00e0 l\u2019identit\u00e9 et aux transformations du monde contemporain. \u00c0 travers ses chroniques, Hatem Bourial propose une lecture sensible et approfondie de l\u2019actualit\u00e9, nourrie par une exp\u00e9rience journalistique et litt\u00e9raire reconnue. \ud83d\udd17 Facebook : https:\\\/\\\/www.facebook.com\\\/hatem.bourial.2025\",\"sameAs\":[\"https:\\\/\\\/www.facebook.com\\\/hatem.bourial.2025\",\"https:\\\/\\\/fr.wikipedia.org\\\/wiki\\\/Fichier:Hatem_Bourial.jpg\"],\"knowsAbout\":[\"Culture & patrimoine tunisien\",\"Chronique soci\u00e9tale\",\"Litt\u00e9rature & m\u00e9moire\",\"Cin\u00e9ma & critique culturelle\",\"Identit\u00e9 & mutations sociales\"],\"knowsLanguage\":[\"Arabe\",\"Fran\u00e7ais\",\"Anglais\",\"Italien\",\"Polonais\"],\"jobTitle\":\"Journaliste, \u00e9crivain et chroniqueur culturel\",\"worksFor\":\"Webdo\",\"url\":\"https:\\\/\\\/www.webdo.tn\\\/fr\\\/actualite\\\/author\\\/hatem-bourial-2\\\/\"}]}<\/script>\n<!-- \/ Yoast SEO Premium plugin. -->","yoast_head_json":{"title":"X\u00e9nophobes et racistes ne m\u00e9ritent pas de la Tunisie","description":"La Tunisie est en train de payer la ran\u00e7on de ses quatre millions d'analphab\u00e8tes et d'illettr\u00e9s.","canonical":"https:\/\/www.webdo.tn\/fr\/actualite\/chroniques\/xenophobes-et-racistes-ne-meritent-pas-de-la-tunisie\/203696\/","og_locale":"fr_FR","og_type":"article","og_title":"X\u00e9nophobes et racistes ne m\u00e9ritent pas de la Tunisie","og_description":"La Tunisie est en train de payer la ran\u00e7on de ses quatre millions d'analphab\u00e8tes et d'illettr\u00e9s.","og_url":"https:\/\/www.webdo.tn\/fr\/actualite\/chroniques\/xenophobes-et-racistes-ne-meritent-pas-de-la-tunisie\/203696\/","og_site_name":"webdo","article_publisher":"https:\/\/www.facebook.com\/webdotn","article_author":"https:\/\/www.facebook.com\/hatem.bourial.2025","article_published_time":"2023-03-08T09:49:00+00:00","article_modified_time":"2025-05-17T21:04:47+00:00","og_image":[{"width":750,"height":400,"url":"https:\/\/www.webdo.tn\/fr\/wp-content\/uploads\/2023\/03\/46b4e421d68cc2c2c51a9e6d0c8dabb7.jpg","type":"image\/jpeg"}],"author":"Hatem Bourial","twitter_card":"summary_large_image","twitter_creator":"@webdo_tn","twitter_site":"@webdo_tn","twitter_misc":{"\u00c9crit par":"Hatem Bourial","Dur\u00e9e de lecture estim\u00e9e":"3 minutes"},"schema":{"@context":"https:\/\/schema.org","@graph":[{"@type":"NewsArticle","@id":"https:\/\/www.webdo.tn\/fr\/actualite\/chroniques\/xenophobes-et-racistes-ne-meritent-pas-de-la-tunisie\/203696\/#article","isPartOf":{"@id":"https:\/\/www.webdo.tn\/fr\/actualite\/chroniques\/xenophobes-et-racistes-ne-meritent-pas-de-la-tunisie\/203696\/"},"author":{"name":"Hatem Bourial","@id":"https:\/\/www.webdo.tn\/fr\/#\/schema\/person\/6bc0beba2cd23aec27cb5df85ca2554f"},"headline":"X\u00e9nophobes et racistes ne m\u00e9ritent pas de la Tunisie","datePublished":"2023-03-08T09:49:00+00:00","dateModified":"2025-05-17T21:04:47+00:00","mainEntityOfPage":{"@id":"https:\/\/www.webdo.tn\/fr\/actualite\/chroniques\/xenophobes-et-racistes-ne-meritent-pas-de-la-tunisie\/203696\/"},"wordCount":567,"commentCount":0,"publisher":{"@id":"https:\/\/www.webdo.tn\/fr\/#organization"},"image":{"@id":"https:\/\/www.webdo.tn\/fr\/actualite\/chroniques\/xenophobes-et-racistes-ne-meritent-pas-de-la-tunisie\/203696\/#primaryimage"},"thumbnailUrl":"https:\/\/www.webdo.tn\/fr\/wp-content\/uploads\/2023\/03\/46b4e421d68cc2c2c51a9e6d0c8dabb7.jpg","keywords":["immigration","racisme","Subsahariens","Tunisie"],"articleSection":["Chroniques"],"inLanguage":"fr-FR"},{"@type":"WebPage","@id":"https:\/\/www.webdo.tn\/fr\/actualite\/chroniques\/xenophobes-et-racistes-ne-meritent-pas-de-la-tunisie\/203696\/","url":"https:\/\/www.webdo.tn\/fr\/actualite\/chroniques\/xenophobes-et-racistes-ne-meritent-pas-de-la-tunisie\/203696\/","name":"X\u00e9nophobes et racistes ne m\u00e9ritent pas de la Tunisie","isPartOf":{"@id":"https:\/\/www.webdo.tn\/fr\/#website"},"primaryImageOfPage":{"@id":"https:\/\/www.webdo.tn\/fr\/actualite\/chroniques\/xenophobes-et-racistes-ne-meritent-pas-de-la-tunisie\/203696\/#primaryimage"},"image":{"@id":"https:\/\/www.webdo.tn\/fr\/actualite\/chroniques\/xenophobes-et-racistes-ne-meritent-pas-de-la-tunisie\/203696\/#primaryimage"},"thumbnailUrl":"https:\/\/www.webdo.tn\/fr\/wp-content\/uploads\/2023\/03\/46b4e421d68cc2c2c51a9e6d0c8dabb7.jpg","datePublished":"2023-03-08T09:49:00+00:00","dateModified":"2025-05-17T21:04:47+00:00","description":"La Tunisie est en train de payer la ran\u00e7on de ses quatre millions d'analphab\u00e8tes et d'illettr\u00e9s.","breadcrumb":{"@id":"https:\/\/www.webdo.tn\/fr\/actualite\/chroniques\/xenophobes-et-racistes-ne-meritent-pas-de-la-tunisie\/203696\/#breadcrumb"},"inLanguage":"fr-FR","potentialAction":[{"@type":"ReadAction","target":["https:\/\/www.webdo.tn\/fr\/actualite\/chroniques\/xenophobes-et-racistes-ne-meritent-pas-de-la-tunisie\/203696\/"]}]},{"@type":"ImageObject","inLanguage":"fr-FR","@id":"https:\/\/www.webdo.tn\/fr\/actualite\/chroniques\/xenophobes-et-racistes-ne-meritent-pas-de-la-tunisie\/203696\/#primaryimage","url":"https:\/\/www.webdo.tn\/fr\/wp-content\/uploads\/2023\/03\/46b4e421d68cc2c2c51a9e6d0c8dabb7.jpg","contentUrl":"https:\/\/www.webdo.tn\/fr\/wp-content\/uploads\/2023\/03\/46b4e421d68cc2c2c51a9e6d0c8dabb7.jpg","width":750,"height":400,"caption":"X\u00e9nophobes et racistes ne m\u00e9ritent pas de la Tunisie"},{"@type":"BreadcrumbList","@id":"https:\/\/www.webdo.tn\/fr\/actualite\/chroniques\/xenophobes-et-racistes-ne-meritent-pas-de-la-tunisie\/203696\/#breadcrumb","itemListElement":[{"@type":"ListItem","position":1,"name":"Accueil","item":"https:\/\/www.webdo.tn\/fr\/"},{"@type":"ListItem","position":2,"name":"X\u00e9nophobes et racistes ne m\u00e9ritent pas de la Tunisie"}]},{"@type":"WebSite","@id":"https:\/\/www.webdo.tn\/fr\/#website","url":"https:\/\/www.webdo.tn\/fr\/","name":"webdo","description":"Tunisie - News en Tunisie et \u00e0 l&#039;international sur Webdo.tn","publisher":{"@id":"https:\/\/www.webdo.tn\/fr\/#organization"},"potentialAction":[{"@type":"SearchAction","target":{"@type":"EntryPoint","urlTemplate":"https:\/\/www.webdo.tn\/fr\/?s={search_term_string}"},"query-input":{"@type":"PropertyValueSpecification","valueRequired":true,"valueName":"search_term_string"}}],"inLanguage":"fr-FR"},{"@type":"Organization","@id":"https:\/\/www.webdo.tn\/fr\/#organization","name":"Webdo","alternateName":"Webdo.tn","url":"https:\/\/www.webdo.tn\/fr\/","logo":{"@type":"ImageObject","inLanguage":"fr-FR","@id":"https:\/\/www.webdo.tn\/fr\/#\/schema\/logo\/image\/","url":"https:\/\/www.webdo.tn\/fr\/wp-content\/uploads\/2025\/06\/Webdo-Tunisie_168377.jpg","contentUrl":"https:\/\/www.webdo.tn\/fr\/wp-content\/uploads\/2025\/06\/Webdo-Tunisie_168377.jpg","width":301,"height":301,"caption":"Webdo"},"image":{"@id":"https:\/\/www.webdo.tn\/fr\/#\/schema\/logo\/image\/"},"sameAs":["https:\/\/www.facebook.com\/webdotn","https:\/\/x.com\/webdo_tn"],"description":"Webdo est un m\u00e9dia num\u00e9rique tunisien fond\u00e9 en 2010, sp\u00e9cialis\u00e9 dans l\u2019actualit\u00e9 nationale et internationale, l\u2019\u00e9conomie, la soci\u00e9t\u00e9 et les analyses politiques. Le site s\u2019adresse \u00e0 un large public francophone et couvre l\u2019information tunisienne en temps r\u00e9el.","email":"redac@webdo.tn","legalName":"YNJ SARL","foundingDate":"2010-09-06","numberOfEmployees":{"@type":"QuantitativeValue","minValue":"11","maxValue":"50"}},{"@type":"Person","@id":"https:\/\/www.webdo.tn\/fr\/#\/schema\/person\/6bc0beba2cd23aec27cb5df85ca2554f","name":"Hatem Bourial","image":{"@type":"ImageObject","inLanguage":"fr-FR","@id":"https:\/\/www.webdo.tn\/fr\/wp-content\/uploads\/2026\/04\/hatem-bourial_avatar-96x96.jpg","url":"https:\/\/www.webdo.tn\/fr\/wp-content\/uploads\/2026\/04\/hatem-bourial_avatar-96x96.jpg","contentUrl":"https:\/\/www.webdo.tn\/fr\/wp-content\/uploads\/2026\/04\/hatem-bourial_avatar-96x96.jpg","caption":"Hatem Bourial"},"description":"Hatem Bourial est journaliste, \u00e9crivain et chroniqueur tunisien. Actif depuis plusieurs d\u00e9cennies, il s\u2019est impos\u00e9 comme un observateur attentif de la soci\u00e9t\u00e9 tunisienne, m\u00ealant dans ses \u00e9crits m\u00e9moire, culture et analyse du quotidien. Auteur de nombreux ouvrages, il d\u00e9veloppe une \u0153uvre \u00e0 la crois\u00e9e du r\u00e9cit, de la po\u00e9sie et de l\u2019observation sociologique. Parall\u00e8lement \u00e0 ses contributions dans la presse, il intervient r\u00e9guli\u00e8rement \u00e0 la radio et dans des espaces culturels, o\u00f9 il explore les enjeux li\u00e9s au patrimoine, \u00e0 l\u2019identit\u00e9 et aux transformations du monde contemporain. \u00c0 travers ses chroniques, Hatem Bourial propose une lecture sensible et approfondie de l\u2019actualit\u00e9, nourrie par une exp\u00e9rience journalistique et litt\u00e9raire reconnue. \ud83d\udd17 Facebook : https:\/\/www.facebook.com\/hatem.bourial.2025","sameAs":["https:\/\/www.facebook.com\/hatem.bourial.2025","https:\/\/fr.wikipedia.org\/wiki\/Fichier:Hatem_Bourial.jpg"],"knowsAbout":["Culture & patrimoine tunisien","Chronique soci\u00e9tale","Litt\u00e9rature & m\u00e9moire","Cin\u00e9ma & critique culturelle","Identit\u00e9 & mutations sociales"],"knowsLanguage":["Arabe","Fran\u00e7ais","Anglais","Italien","Polonais"],"jobTitle":"Journaliste, \u00e9crivain et chroniqueur culturel","worksFor":"Webdo","url":"https:\/\/www.webdo.tn\/fr\/actualite\/author\/hatem-bourial-2\/"}]}},"_links":{"self":[{"href":"https:\/\/www.webdo.tn\/fr\/wp-json\/wp\/v2\/posts\/203696","targetHints":{"allow":["GET"]}}],"collection":[{"href":"https:\/\/www.webdo.tn\/fr\/wp-json\/wp\/v2\/posts"}],"about":[{"href":"https:\/\/www.webdo.tn\/fr\/wp-json\/wp\/v2\/types\/post"}],"author":[{"embeddable":true,"href":"https:\/\/www.webdo.tn\/fr\/wp-json\/wp\/v2\/users\/3229"}],"replies":[{"embeddable":true,"href":"https:\/\/www.webdo.tn\/fr\/wp-json\/wp\/v2\/comments?post=203696"}],"version-history":[{"count":0,"href":"https:\/\/www.webdo.tn\/fr\/wp-json\/wp\/v2\/posts\/203696\/revisions"}],"wp:featuredmedia":[{"embeddable":true,"href":"https:\/\/www.webdo.tn\/fr\/wp-json\/wp\/v2\/media\/277870"}],"wp:attachment":[{"href":"https:\/\/www.webdo.tn\/fr\/wp-json\/wp\/v2\/media?parent=203696"}],"wp:term":[{"taxonomy":"category","embeddable":true,"href":"https:\/\/www.webdo.tn\/fr\/wp-json\/wp\/v2\/categories?post=203696"},{"taxonomy":"post_tag","embeddable":true,"href":"https:\/\/www.webdo.tn\/fr\/wp-json\/wp\/v2\/tags?post=203696"}],"curies":[{"name":"wp","href":"https:\/\/api.w.org\/{rel}","templated":true}]}}