{"id":203693,"date":"2023-03-07T22:48:00","date_gmt":"2023-03-07T22:48:00","guid":{"rendered":"https:\/\/www.webdo.tn\/fr\/blog\/affaire-bechir-akremi-rached-ghannouchi-et-ali-laarayedh-bientot-auditionnes\/203693\/"},"modified":"2025-05-20T22:07:54","modified_gmt":"2025-05-20T22:07:54","slug":"affaire-bechir-akremi-rached-ghannouchi-et-ali-laarayedh-bientot-auditionnes","status":"publish","type":"post","link":"https:\/\/www.webdo.tn\/fr\/actualite\/national\/affaire-bechir-akremi-rached-ghannouchi-et-ali-laarayedh-bientot-auditionnes\/203693\/","title":{"rendered":"Affaire Bechir Akremi : Rached Ghannouchi et Ali La\u00e2rayedh bient\u00f4t auditionn\u00e9s"},"content":{"rendered":"<p>Rached Ghannouchi, Ali La\u00e2rayedh et un ancien cadre au minist\u00e8re de l\u2019Int\u00e9rieur seront bient\u00f4t auditionn\u00e9s dans l&rsquo;affaire Bechir Akremi sur d\u00e9cision du minist\u00e8re public au P\u00f4le judiciaire de lutte contre le terrorisme.<\/p>\n<p>\t\t\t\t\t\t\t\t\tLe minist\u00e8re public au P\u00f4le judiciaire de lutte contre le terrorisme a en effet donn\u00e9 son feu vert pour les interroger concernant l&rsquo;affaire de l\u2019ancien procureur de la R\u00e9publique au Tribunal de premi\u00e8re instance de Tunis, Bechir Akremi.<\/p>\n<p>Ce dernier, actuellement en d\u00e9tention, a vu sa garde \u00e0 vue prolong\u00e9e de cinq jours, lundi 6 mars, conform\u00e9ment aux articles de la loi de lutte contre le terrorisme et le blanchiment d\u2019argent. Le magistrat r\u00e9voqu\u00e9 serait accus\u00e9 d&rsquo;avoir tent\u00e9 de changer le statut d\u2019un accus\u00e9 dans une affaire terroriste.<\/p>\n<p>Une source judiciaire a rapport\u00e9 \u00e0 la radio Mosaique fm que la garde \u00e0 vue de Bechir Akremi a \u00e9t\u00e9 prolong\u00e9e afin d\u2019auditionner Rached Ghannouchi,Ali\u00a0 La\u00e2rayedh et un ancien cadre au minist\u00e8re de l\u2019Int\u00e9rieur.<\/p>\n","protected":false},"excerpt":{"rendered":"<p>Rached Ghannouchi, Ali La\u00e2rayedh et un ancien cadre au minist\u00e8re de l\u2019Int\u00e9rieur seront bient\u00f4t auditionn\u00e9s dans l&rsquo;affaire Bechir Akremi.<\/p>\n","protected":false},"author":3162,"featured_media":277868,"comment_status":"open","ping_status":"closed","sticky":false,"template":"","format":"standard","meta":{"footnotes":""},"categories":[44],"tags":[3694,5457,5644],"class_list":["post-203693","post","type-post","status-publish","format-standard","has-post-thumbnail","hentry","category-national","tag-ali-laarayedh","tag-bechir-akremi","tag-rached-ghannouchi"],"yoast_head":"<!-- This site is optimized with the Yoast SEO Premium plugin v27.4 (Yoast SEO v27.5) - https:\/\/yoast.com\/product\/yoast-seo-premium-wordpress\/ -->\n<title>Affaire Bechir Akremi : Rached Ghannouchi et Ali La\u00e2rayedh bient\u00f4t auditionn\u00e9s<\/title>\n<meta name=\"description\" content=\"Rached Ghannouchi, Ali La\u00e2rayedh et un ancien cadre au minist\u00e8re de l\u2019Int\u00e9rieur seront bient\u00f4t auditionn\u00e9s dans l&#039;affaire Bechir Akremi.\" \/>\n<link rel=\"canonical\" href=\"https:\/\/www.webdo.tn\/fr\/actualite\/national\/affaire-bechir-akremi-rached-ghannouchi-et-ali-laarayedh-bientot-auditionnes\/203693\/\" \/>\n<meta property=\"og:locale\" content=\"fr_FR\" \/>\n<meta property=\"og:type\" content=\"article\" \/>\n<meta property=\"og:title\" content=\"Affaire Bechir Akremi : Rached Ghannouchi et Ali La\u00e2rayedh bient\u00f4t auditionn\u00e9s\" \/>\n<meta property=\"og:description\" content=\"Rached Ghannouchi, Ali La\u00e2rayedh et un ancien cadre au minist\u00e8re de l\u2019Int\u00e9rieur seront bient\u00f4t auditionn\u00e9s dans l&#039;affaire Bechir Akremi.\" \/>\n<meta property=\"og:url\" content=\"https:\/\/www.webdo.tn\/fr\/actualite\/national\/affaire-bechir-akremi-rached-ghannouchi-et-ali-laarayedh-bientot-auditionnes\/203693\/\" \/>\n<meta property=\"og:site_name\" content=\"webdo\" \/>\n<meta property=\"article:publisher\" content=\"https:\/\/www.facebook.com\/webdotn\" \/>\n<meta property=\"article:published_time\" content=\"2023-03-07T22:48:00+00:00\" \/>\n<meta property=\"article:modified_time\" content=\"2025-05-20T22:07:54+00:00\" \/>\n<meta property=\"og:image\" content=\"https:\/\/www.webdo.tn\/fr\/wp-content\/uploads\/2023\/03\/3b0327fcd442f196d6893792eaa1c93a.jpg\" \/>\n\t<meta property=\"og:image:width\" content=\"750\" \/>\n\t<meta property=\"og:image:height\" content=\"400\" \/>\n\t<meta property=\"og:image:type\" content=\"image\/jpeg\" \/>\n<meta name=\"author\" content=\"MC\" \/>\n<meta name=\"twitter:card\" content=\"summary_large_image\" \/>\n<meta name=\"twitter:creator\" content=\"@webdo_tn\" \/>\n<meta name=\"twitter:site\" content=\"@webdo_tn\" \/>\n<meta name=\"twitter:label1\" content=\"\u00c9crit par\" \/>\n\t<meta name=\"twitter:data1\" content=\"MC\" \/>\n\t<meta name=\"twitter:label2\" content=\"Dur\u00e9e de lecture estim\u00e9e\" \/>\n\t<meta name=\"twitter:data2\" content=\"1 minute\" \/>\n<script type=\"application\/ld+json\" class=\"yoast-schema-graph\">{\"@context\":\"https:\\\/\\\/schema.org\",\"@graph\":[{\"@type\":\"NewsArticle\",\"@id\":\"https:\\\/\\\/www.webdo.tn\\\/fr\\\/actualite\\\/national\\\/affaire-bechir-akremi-rached-ghannouchi-et-ali-laarayedh-bientot-auditionnes\\\/203693\\\/#article\",\"isPartOf\":{\"@id\":\"https:\\\/\\\/www.webdo.tn\\\/fr\\\/actualite\\\/national\\\/affaire-bechir-akremi-rached-ghannouchi-et-ali-laarayedh-bientot-auditionnes\\\/203693\\\/\"},\"author\":{\"name\":\"MC\",\"@id\":\"https:\\\/\\\/www.webdo.tn\\\/fr\\\/#\\\/schema\\\/person\\\/2c4929cbf5a809e3bd38617c6ce150f6\"},\"headline\":\"Affaire Bechir Akremi : Rached Ghannouchi et Ali La\u00e2rayedh bient\u00f4t auditionn\u00e9s\",\"datePublished\":\"2023-03-07T22:48:00+00:00\",\"dateModified\":\"2025-05-20T22:07:54+00:00\",\"mainEntityOfPage\":{\"@id\":\"https:\\\/\\\/www.webdo.tn\\\/fr\\\/actualite\\\/national\\\/affaire-bechir-akremi-rached-ghannouchi-et-ali-laarayedh-bientot-auditionnes\\\/203693\\\/\"},\"wordCount\":193,\"commentCount\":0,\"publisher\":{\"@id\":\"https:\\\/\\\/www.webdo.tn\\\/fr\\\/#organization\"},\"image\":{\"@id\":\"https:\\\/\\\/www.webdo.tn\\\/fr\\\/actualite\\\/national\\\/affaire-bechir-akremi-rached-ghannouchi-et-ali-laarayedh-bientot-auditionnes\\\/203693\\\/#primaryimage\"},\"thumbnailUrl\":\"https:\\\/\\\/www.webdo.tn\\\/fr\\\/wp-content\\\/uploads\\\/2023\\\/03\\\/3b0327fcd442f196d6893792eaa1c93a.jpg\",\"keywords\":[\"Ali La\u00e2rayedh\",\"bechir akremi\",\"Rached Ghannouchi\"],\"articleSection\":[\"National\"],\"inLanguage\":\"fr-FR\"},{\"@type\":\"WebPage\",\"@id\":\"https:\\\/\\\/www.webdo.tn\\\/fr\\\/actualite\\\/national\\\/affaire-bechir-akremi-rached-ghannouchi-et-ali-laarayedh-bientot-auditionnes\\\/203693\\\/\",\"url\":\"https:\\\/\\\/www.webdo.tn\\\/fr\\\/actualite\\\/national\\\/affaire-bechir-akremi-rached-ghannouchi-et-ali-laarayedh-bientot-auditionnes\\\/203693\\\/\",\"name\":\"Affaire Bechir Akremi : Rached Ghannouchi et Ali La\u00e2rayedh bient\u00f4t auditionn\u00e9s\",\"isPartOf\":{\"@id\":\"https:\\\/\\\/www.webdo.tn\\\/fr\\\/#website\"},\"primaryImageOfPage\":{\"@id\":\"https:\\\/\\\/www.webdo.tn\\\/fr\\\/actualite\\\/national\\\/affaire-bechir-akremi-rached-ghannouchi-et-ali-laarayedh-bientot-auditionnes\\\/203693\\\/#primaryimage\"},\"image\":{\"@id\":\"https:\\\/\\\/www.webdo.tn\\\/fr\\\/actualite\\\/national\\\/affaire-bechir-akremi-rached-ghannouchi-et-ali-laarayedh-bientot-auditionnes\\\/203693\\\/#primaryimage\"},\"thumbnailUrl\":\"https:\\\/\\\/www.webdo.tn\\\/fr\\\/wp-content\\\/uploads\\\/2023\\\/03\\\/3b0327fcd442f196d6893792eaa1c93a.jpg\",\"datePublished\":\"2023-03-07T22:48:00+00:00\",\"dateModified\":\"2025-05-20T22:07:54+00:00\",\"description\":\"Rached Ghannouchi, Ali La\u00e2rayedh et un ancien cadre au minist\u00e8re de l\u2019Int\u00e9rieur seront bient\u00f4t auditionn\u00e9s dans l'affaire Bechir Akremi.\",\"breadcrumb\":{\"@id\":\"https:\\\/\\\/www.webdo.tn\\\/fr\\\/actualite\\\/national\\\/affaire-bechir-akremi-rached-ghannouchi-et-ali-laarayedh-bientot-auditionnes\\\/203693\\\/#breadcrumb\"},\"inLanguage\":\"fr-FR\",\"potentialAction\":[{\"@type\":\"ReadAction\",\"target\":[\"https:\\\/\\\/www.webdo.tn\\\/fr\\\/actualite\\\/national\\\/affaire-bechir-akremi-rached-ghannouchi-et-ali-laarayedh-bientot-auditionnes\\\/203693\\\/\"]}]},{\"@type\":\"ImageObject\",\"inLanguage\":\"fr-FR\",\"@id\":\"https:\\\/\\\/www.webdo.tn\\\/fr\\\/actualite\\\/national\\\/affaire-bechir-akremi-rached-ghannouchi-et-ali-laarayedh-bientot-auditionnes\\\/203693\\\/#primaryimage\",\"url\":\"https:\\\/\\\/www.webdo.tn\\\/fr\\\/wp-content\\\/uploads\\\/2023\\\/03\\\/3b0327fcd442f196d6893792eaa1c93a.jpg\",\"contentUrl\":\"https:\\\/\\\/www.webdo.tn\\\/fr\\\/wp-content\\\/uploads\\\/2023\\\/03\\\/3b0327fcd442f196d6893792eaa1c93a.jpg\",\"width\":750,\"height\":400,\"caption\":\"Affaire Bechir Akremi : Rached Ghannouchi et Ali La\u00e2rayedh bient\u00f4t auditionn\u00e9s\"},{\"@type\":\"BreadcrumbList\",\"@id\":\"https:\\\/\\\/www.webdo.tn\\\/fr\\\/actualite\\\/national\\\/affaire-bechir-akremi-rached-ghannouchi-et-ali-laarayedh-bientot-auditionnes\\\/203693\\\/#breadcrumb\",\"itemListElement\":[{\"@type\":\"ListItem\",\"position\":1,\"name\":\"Accueil\",\"item\":\"https:\\\/\\\/www.webdo.tn\\\/fr\\\/\"},{\"@type\":\"ListItem\",\"position\":2,\"name\":\"Affaire Bechir Akremi : Rached Ghannouchi et Ali La\u00e2rayedh bient\u00f4t auditionn\u00e9s\"}]},{\"@type\":\"WebSite\",\"@id\":\"https:\\\/\\\/www.webdo.tn\\\/fr\\\/#website\",\"url\":\"https:\\\/\\\/www.webdo.tn\\\/fr\\\/\",\"name\":\"webdo\",\"description\":\"Tunisie - News en Tunisie et \u00e0 l&#039;international sur Webdo.tn\",\"publisher\":{\"@id\":\"https:\\\/\\\/www.webdo.tn\\\/fr\\\/#organization\"},\"potentialAction\":[{\"@type\":\"SearchAction\",\"target\":{\"@type\":\"EntryPoint\",\"urlTemplate\":\"https:\\\/\\\/www.webdo.tn\\\/fr\\\/?s={search_term_string}\"},\"query-input\":{\"@type\":\"PropertyValueSpecification\",\"valueRequired\":true,\"valueName\":\"search_term_string\"}}],\"inLanguage\":\"fr-FR\"},{\"@type\":\"Organization\",\"@id\":\"https:\\\/\\\/www.webdo.tn\\\/fr\\\/#organization\",\"name\":\"Webdo\",\"alternateName\":\"Webdo.tn\",\"url\":\"https:\\\/\\\/www.webdo.tn\\\/fr\\\/\",\"logo\":{\"@type\":\"ImageObject\",\"inLanguage\":\"fr-FR\",\"@id\":\"https:\\\/\\\/www.webdo.tn\\\/fr\\\/#\\\/schema\\\/logo\\\/image\\\/\",\"url\":\"https:\\\/\\\/www.webdo.tn\\\/fr\\\/wp-content\\\/uploads\\\/2025\\\/06\\\/Webdo-Tunisie_168377.jpg\",\"contentUrl\":\"https:\\\/\\\/www.webdo.tn\\\/fr\\\/wp-content\\\/uploads\\\/2025\\\/06\\\/Webdo-Tunisie_168377.jpg\",\"width\":301,\"height\":301,\"caption\":\"Webdo\"},\"image\":{\"@id\":\"https:\\\/\\\/www.webdo.tn\\\/fr\\\/#\\\/schema\\\/logo\\\/image\\\/\"},\"sameAs\":[\"https:\\\/\\\/www.facebook.com\\\/webdotn\",\"https:\\\/\\\/x.com\\\/webdo_tn\"],\"description\":\"Webdo est un m\u00e9dia num\u00e9rique tunisien fond\u00e9 en 2010, sp\u00e9cialis\u00e9 dans l\u2019actualit\u00e9 nationale et internationale, l\u2019\u00e9conomie, la soci\u00e9t\u00e9 et les analyses politiques. Le site s\u2019adresse \u00e0 un large public francophone et couvre l\u2019information tunisienne en temps r\u00e9el.\",\"email\":\"redac@webdo.tn\",\"legalName\":\"YNJ SARL\",\"foundingDate\":\"2010-09-06\",\"numberOfEmployees\":{\"@type\":\"QuantitativeValue\",\"minValue\":\"11\",\"maxValue\":\"50\"}},{\"@type\":\"Person\",\"@id\":\"https:\\\/\\\/www.webdo.tn\\\/fr\\\/#\\\/schema\\\/person\\\/2c4929cbf5a809e3bd38617c6ce150f6\",\"name\":\"MC\",\"image\":{\"@type\":\"ImageObject\",\"inLanguage\":\"fr-FR\",\"@id\":\"https:\\\/\\\/secure.gravatar.com\\\/avatar\\\/a545bbb6f84efdd5553dbbc2895e3ca8f1d12c5215e00a041c9670b54aa9b18a?s=96&d=mm&r=g\",\"url\":\"https:\\\/\\\/secure.gravatar.com\\\/avatar\\\/a545bbb6f84efdd5553dbbc2895e3ca8f1d12c5215e00a041c9670b54aa9b18a?s=96&d=mm&r=g\",\"contentUrl\":\"https:\\\/\\\/secure.gravatar.com\\\/avatar\\\/a545bbb6f84efdd5553dbbc2895e3ca8f1d12c5215e00a041c9670b54aa9b18a?s=96&d=mm&r=g\",\"caption\":\"MC\"},\"url\":\"https:\\\/\\\/www.webdo.tn\\\/fr\\\/actualite\\\/author\\\/mc\\\/\"}]}<\/script>\n<!-- \/ Yoast SEO Premium plugin. -->","yoast_head_json":{"title":"Affaire Bechir Akremi : Rached Ghannouchi et Ali La\u00e2rayedh bient\u00f4t auditionn\u00e9s","description":"Rached Ghannouchi, Ali La\u00e2rayedh et un ancien cadre au minist\u00e8re de l\u2019Int\u00e9rieur seront bient\u00f4t auditionn\u00e9s dans l'affaire Bechir Akremi.","canonical":"https:\/\/www.webdo.tn\/fr\/actualite\/national\/affaire-bechir-akremi-rached-ghannouchi-et-ali-laarayedh-bientot-auditionnes\/203693\/","og_locale":"fr_FR","og_type":"article","og_title":"Affaire Bechir Akremi : Rached Ghannouchi et Ali La\u00e2rayedh bient\u00f4t auditionn\u00e9s","og_description":"Rached Ghannouchi, Ali La\u00e2rayedh et un ancien cadre au minist\u00e8re de l\u2019Int\u00e9rieur seront bient\u00f4t auditionn\u00e9s dans l'affaire Bechir Akremi.","og_url":"https:\/\/www.webdo.tn\/fr\/actualite\/national\/affaire-bechir-akremi-rached-ghannouchi-et-ali-laarayedh-bientot-auditionnes\/203693\/","og_site_name":"webdo","article_publisher":"https:\/\/www.facebook.com\/webdotn","article_published_time":"2023-03-07T22:48:00+00:00","article_modified_time":"2025-05-20T22:07:54+00:00","og_image":[{"width":750,"height":400,"url":"https:\/\/www.webdo.tn\/fr\/wp-content\/uploads\/2023\/03\/3b0327fcd442f196d6893792eaa1c93a.jpg","type":"image\/jpeg"}],"author":"MC","twitter_card":"summary_large_image","twitter_creator":"@webdo_tn","twitter_site":"@webdo_tn","twitter_misc":{"\u00c9crit par":"MC","Dur\u00e9e de lecture estim\u00e9e":"1 minute"},"schema":{"@context":"https:\/\/schema.org","@graph":[{"@type":"NewsArticle","@id":"https:\/\/www.webdo.tn\/fr\/actualite\/national\/affaire-bechir-akremi-rached-ghannouchi-et-ali-laarayedh-bientot-auditionnes\/203693\/#article","isPartOf":{"@id":"https:\/\/www.webdo.tn\/fr\/actualite\/national\/affaire-bechir-akremi-rached-ghannouchi-et-ali-laarayedh-bientot-auditionnes\/203693\/"},"author":{"name":"MC","@id":"https:\/\/www.webdo.tn\/fr\/#\/schema\/person\/2c4929cbf5a809e3bd38617c6ce150f6"},"headline":"Affaire Bechir Akremi : Rached Ghannouchi et Ali La\u00e2rayedh bient\u00f4t auditionn\u00e9s","datePublished":"2023-03-07T22:48:00+00:00","dateModified":"2025-05-20T22:07:54+00:00","mainEntityOfPage":{"@id":"https:\/\/www.webdo.tn\/fr\/actualite\/national\/affaire-bechir-akremi-rached-ghannouchi-et-ali-laarayedh-bientot-auditionnes\/203693\/"},"wordCount":193,"commentCount":0,"publisher":{"@id":"https:\/\/www.webdo.tn\/fr\/#organization"},"image":{"@id":"https:\/\/www.webdo.tn\/fr\/actualite\/national\/affaire-bechir-akremi-rached-ghannouchi-et-ali-laarayedh-bientot-auditionnes\/203693\/#primaryimage"},"thumbnailUrl":"https:\/\/www.webdo.tn\/fr\/wp-content\/uploads\/2023\/03\/3b0327fcd442f196d6893792eaa1c93a.jpg","keywords":["Ali La\u00e2rayedh","bechir akremi","Rached Ghannouchi"],"articleSection":["National"],"inLanguage":"fr-FR"},{"@type":"WebPage","@id":"https:\/\/www.webdo.tn\/fr\/actualite\/national\/affaire-bechir-akremi-rached-ghannouchi-et-ali-laarayedh-bientot-auditionnes\/203693\/","url":"https:\/\/www.webdo.tn\/fr\/actualite\/national\/affaire-bechir-akremi-rached-ghannouchi-et-ali-laarayedh-bientot-auditionnes\/203693\/","name":"Affaire Bechir Akremi : Rached Ghannouchi et Ali La\u00e2rayedh bient\u00f4t auditionn\u00e9s","isPartOf":{"@id":"https:\/\/www.webdo.tn\/fr\/#website"},"primaryImageOfPage":{"@id":"https:\/\/www.webdo.tn\/fr\/actualite\/national\/affaire-bechir-akremi-rached-ghannouchi-et-ali-laarayedh-bientot-auditionnes\/203693\/#primaryimage"},"image":{"@id":"https:\/\/www.webdo.tn\/fr\/actualite\/national\/affaire-bechir-akremi-rached-ghannouchi-et-ali-laarayedh-bientot-auditionnes\/203693\/#primaryimage"},"thumbnailUrl":"https:\/\/www.webdo.tn\/fr\/wp-content\/uploads\/2023\/03\/3b0327fcd442f196d6893792eaa1c93a.jpg","datePublished":"2023-03-07T22:48:00+00:00","dateModified":"2025-05-20T22:07:54+00:00","description":"Rached Ghannouchi, Ali La\u00e2rayedh et un ancien cadre au minist\u00e8re de l\u2019Int\u00e9rieur seront bient\u00f4t auditionn\u00e9s dans l'affaire Bechir Akremi.","breadcrumb":{"@id":"https:\/\/www.webdo.tn\/fr\/actualite\/national\/affaire-bechir-akremi-rached-ghannouchi-et-ali-laarayedh-bientot-auditionnes\/203693\/#breadcrumb"},"inLanguage":"fr-FR","potentialAction":[{"@type":"ReadAction","target":["https:\/\/www.webdo.tn\/fr\/actualite\/national\/affaire-bechir-akremi-rached-ghannouchi-et-ali-laarayedh-bientot-auditionnes\/203693\/"]}]},{"@type":"ImageObject","inLanguage":"fr-FR","@id":"https:\/\/www.webdo.tn\/fr\/actualite\/national\/affaire-bechir-akremi-rached-ghannouchi-et-ali-laarayedh-bientot-auditionnes\/203693\/#primaryimage","url":"https:\/\/www.webdo.tn\/fr\/wp-content\/uploads\/2023\/03\/3b0327fcd442f196d6893792eaa1c93a.jpg","contentUrl":"https:\/\/www.webdo.tn\/fr\/wp-content\/uploads\/2023\/03\/3b0327fcd442f196d6893792eaa1c93a.jpg","width":750,"height":400,"caption":"Affaire Bechir Akremi : Rached Ghannouchi et Ali La\u00e2rayedh bient\u00f4t auditionn\u00e9s"},{"@type":"BreadcrumbList","@id":"https:\/\/www.webdo.tn\/fr\/actualite\/national\/affaire-bechir-akremi-rached-ghannouchi-et-ali-laarayedh-bientot-auditionnes\/203693\/#breadcrumb","itemListElement":[{"@type":"ListItem","position":1,"name":"Accueil","item":"https:\/\/www.webdo.tn\/fr\/"},{"@type":"ListItem","position":2,"name":"Affaire Bechir Akremi : Rached Ghannouchi et Ali La\u00e2rayedh bient\u00f4t auditionn\u00e9s"}]},{"@type":"WebSite","@id":"https:\/\/www.webdo.tn\/fr\/#website","url":"https:\/\/www.webdo.tn\/fr\/","name":"webdo","description":"Tunisie - News en Tunisie et \u00e0 l&#039;international sur Webdo.tn","publisher":{"@id":"https:\/\/www.webdo.tn\/fr\/#organization"},"potentialAction":[{"@type":"SearchAction","target":{"@type":"EntryPoint","urlTemplate":"https:\/\/www.webdo.tn\/fr\/?s={search_term_string}"},"query-input":{"@type":"PropertyValueSpecification","valueRequired":true,"valueName":"search_term_string"}}],"inLanguage":"fr-FR"},{"@type":"Organization","@id":"https:\/\/www.webdo.tn\/fr\/#organization","name":"Webdo","alternateName":"Webdo.tn","url":"https:\/\/www.webdo.tn\/fr\/","logo":{"@type":"ImageObject","inLanguage":"fr-FR","@id":"https:\/\/www.webdo.tn\/fr\/#\/schema\/logo\/image\/","url":"https:\/\/www.webdo.tn\/fr\/wp-content\/uploads\/2025\/06\/Webdo-Tunisie_168377.jpg","contentUrl":"https:\/\/www.webdo.tn\/fr\/wp-content\/uploads\/2025\/06\/Webdo-Tunisie_168377.jpg","width":301,"height":301,"caption":"Webdo"},"image":{"@id":"https:\/\/www.webdo.tn\/fr\/#\/schema\/logo\/image\/"},"sameAs":["https:\/\/www.facebook.com\/webdotn","https:\/\/x.com\/webdo_tn"],"description":"Webdo est un m\u00e9dia num\u00e9rique tunisien fond\u00e9 en 2010, sp\u00e9cialis\u00e9 dans l\u2019actualit\u00e9 nationale et internationale, l\u2019\u00e9conomie, la soci\u00e9t\u00e9 et les analyses politiques. Le site s\u2019adresse \u00e0 un large public francophone et couvre l\u2019information tunisienne en temps r\u00e9el.","email":"redac@webdo.tn","legalName":"YNJ SARL","foundingDate":"2010-09-06","numberOfEmployees":{"@type":"QuantitativeValue","minValue":"11","maxValue":"50"}},{"@type":"Person","@id":"https:\/\/www.webdo.tn\/fr\/#\/schema\/person\/2c4929cbf5a809e3bd38617c6ce150f6","name":"MC","image":{"@type":"ImageObject","inLanguage":"fr-FR","@id":"https:\/\/secure.gravatar.com\/avatar\/a545bbb6f84efdd5553dbbc2895e3ca8f1d12c5215e00a041c9670b54aa9b18a?s=96&d=mm&r=g","url":"https:\/\/secure.gravatar.com\/avatar\/a545bbb6f84efdd5553dbbc2895e3ca8f1d12c5215e00a041c9670b54aa9b18a?s=96&d=mm&r=g","contentUrl":"https:\/\/secure.gravatar.com\/avatar\/a545bbb6f84efdd5553dbbc2895e3ca8f1d12c5215e00a041c9670b54aa9b18a?s=96&d=mm&r=g","caption":"MC"},"url":"https:\/\/www.webdo.tn\/fr\/actualite\/author\/mc\/"}]}},"_links":{"self":[{"href":"https:\/\/www.webdo.tn\/fr\/wp-json\/wp\/v2\/posts\/203693","targetHints":{"allow":["GET"]}}],"collection":[{"href":"https:\/\/www.webdo.tn\/fr\/wp-json\/wp\/v2\/posts"}],"about":[{"href":"https:\/\/www.webdo.tn\/fr\/wp-json\/wp\/v2\/types\/post"}],"author":[{"embeddable":true,"href":"https:\/\/www.webdo.tn\/fr\/wp-json\/wp\/v2\/users\/3162"}],"replies":[{"embeddable":true,"href":"https:\/\/www.webdo.tn\/fr\/wp-json\/wp\/v2\/comments?post=203693"}],"version-history":[{"count":0,"href":"https:\/\/www.webdo.tn\/fr\/wp-json\/wp\/v2\/posts\/203693\/revisions"}],"wp:featuredmedia":[{"embeddable":true,"href":"https:\/\/www.webdo.tn\/fr\/wp-json\/wp\/v2\/media\/277868"}],"wp:attachment":[{"href":"https:\/\/www.webdo.tn\/fr\/wp-json\/wp\/v2\/media?parent=203693"}],"wp:term":[{"taxonomy":"category","embeddable":true,"href":"https:\/\/www.webdo.tn\/fr\/wp-json\/wp\/v2\/categories?post=203693"},{"taxonomy":"post_tag","embeddable":true,"href":"https:\/\/www.webdo.tn\/fr\/wp-json\/wp\/v2\/tags?post=203693"}],"curies":[{"name":"wp","href":"https:\/\/api.w.org\/{rel}","templated":true}]}}