{"id":203685,"date":"2023-03-07T20:03:00","date_gmt":"2023-03-07T20:03:00","guid":{"rendered":"https:\/\/www.webdo.tn\/fr\/blog\/amnesty-international-s-inquiete-des-arrestations\/203685\/"},"modified":"2025-05-20T22:01:50","modified_gmt":"2025-05-20T22:01:50","slug":"amnesty-international-s-inquiete-des-arrestations","status":"publish","type":"post","link":"https:\/\/www.webdo.tn\/fr\/actualite\/national\/amnesty-international-s-inquiete-des-arrestations\/203685\/","title":{"rendered":"Amnesty International \u00ab\u00a0s\u2019inqui\u00e8te\u00a0\u00bb des arrestations"},"content":{"rendered":"<p>Le Bureau de Tunis de l&rsquo;organisation Amnesty International a exprim\u00e9, aujourd\u2019hui, \u00ab\u00a0une grande inqui\u00e9tude quant \u00e0 la vague des derni\u00e8res arrestations ayant pris pour cible des opposants au pr\u00e9sident de la R\u00e9publique, Kais Saied\u00a0\u00bb.<\/p>\n<p>\t\t\t\t\t\t\t\t\t\u00ab\u00a0Nous sommes pr\u00e9occup\u00e9s par l&rsquo;usage de l&rsquo;arsenal juridique pour faire taire les critiques, particuli\u00e8rement le d\u00e9cret-loi n\u00b02022-54 relatif \u00e0 la lutte contre les infractions se rapportant aux syst\u00e8mes d&rsquo;information et de communication\u00a0\u00bb, explique l&rsquo;organisation.<\/p>\n<p>\u00ab\u00a0Ce d\u00e9cret constitue une menace pour la libert\u00e9 d&rsquo;expression et le droit \u00e0 la vie priv\u00e9e\u00a0\u00bb, a-t-elle estim\u00e9, \u00e9voquant \u00e9galement sa crainte \u00e0 l&rsquo;\u00e9gard de l&rsquo;usage de la loi organique n\u00b02015-26 relative \u00e0 la lutte contre le terrorisme et la r\u00e9pression du blanchiment d&rsquo;argent ainsi que d&rsquo;autres articles du code p\u00e9nal.<\/p>\n<p>Amnesty International a appel\u00e9 les autorit\u00e9s tunisiennes \u00e0 \u00ab\u00a0cesser toutes les mesures l\u00e9gales prises contre des activistes pour avoir utilis\u00e9 leurs droits humains fondamentaux, particuli\u00e8rement leur droit \u00e0 exprimer leurs opinions librement et de mani\u00e8re pacifique\u00a0\u00bb.<\/p>\n<p>Elle a soulign\u00e9 l&rsquo;imp\u00e9ratif de ne plus traduire des personnes critiquant ouvertement le pouvoir devant les tribunaux militaires, insistant sur \u00ab\u00a0la n\u00e9cessit\u00e9 de respecter les droits de l&rsquo;Homme et les libert\u00e9s fondamentales\u00a0\u00bb.<\/p>\n<p>Le 25 f\u00e9vrier 2023, des mandats de d\u00e9p\u00f4t en prison ont \u00e9t\u00e9 \u00e9mis contre neuf accus\u00e9s dans l&rsquo;affaire du complot contre la s\u00fbret\u00e9 de l&rsquo;\u00c9tat. Il s&rsquo;agit de Kamel Letaief, Khayem Turki, Abdelhamid Jelassi, Issam\u00a0 Chebbi, Jawher Ben Mbarek, Chaima Issa, Ghazi Chaouachi, Ridha Belhadj et un neuvi\u00e8me accus\u00e9 originaire de la r\u00e9gion de Sousse.<\/p>\n<p>A ces neuf personnes, il faut ajouter le leader du mouvement Ennahda, Noureddine Bhiri, et le directeur de la radio Mosa\u00efque FM, Noureddine Boutar, eux aussi, concern\u00e9s par un mandat de d\u00e9p\u00f4t.<\/p>\n","protected":false},"excerpt":{"rendered":"<p>Le Bureau de Tunis de l&rsquo;organisation Amnesty International a exprim\u00e9, aujourd\u2019hui,  une grande inqui\u00e9tude quant \u00e0 la vague des derni\u00e8res arrestations&#8230; <\/p>\n","protected":false},"author":3162,"featured_media":251798,"comment_status":"open","ping_status":"closed","sticky":false,"template":"","format":"standard","meta":{"footnotes":""},"categories":[44],"tags":[6764,8721,2619],"class_list":["post-203685","post","type-post","status-publish","format-standard","has-post-thumbnail","hentry","category-national","tag-amnesty-international","tag-arrestattions","tag-justice"],"yoast_head":"<!-- This site is optimized with the Yoast SEO Premium plugin v27.5 (Yoast SEO v27.5) - https:\/\/yoast.com\/product\/yoast-seo-premium-wordpress\/ -->\n<title>Amnesty International s\u2019inqui\u00e8te des arrestations<\/title>\n<meta name=\"description\" content=\"Le Bureau de Tunis de l&#039;organisation Amnesty International a exprim\u00e9, aujourd\u2019hui, une grande inqui\u00e9tude quant \u00e0 la vague des derni\u00e8res arrestations...\" \/>\n<link rel=\"canonical\" href=\"https:\/\/www.webdo.tn\/fr\/actualite\/national\/amnesty-international-s-inquiete-des-arrestations\/203685\/\" \/>\n<meta property=\"og:locale\" content=\"fr_FR\" \/>\n<meta property=\"og:type\" content=\"article\" \/>\n<meta property=\"og:title\" content=\"Amnesty International &quot;s\u2019inqui\u00e8te&quot; des arrestations\" \/>\n<meta property=\"og:description\" content=\"Le Bureau de Tunis de l&#039;organisation Amnesty International a exprim\u00e9, aujourd\u2019hui, une grande inqui\u00e9tude quant \u00e0 la vague des derni\u00e8res arrestations...\" \/>\n<meta property=\"og:url\" content=\"https:\/\/www.webdo.tn\/fr\/actualite\/national\/amnesty-international-s-inquiete-des-arrestations\/203685\/\" \/>\n<meta property=\"og:site_name\" content=\"webdo\" \/>\n<meta property=\"article:publisher\" content=\"https:\/\/www.facebook.com\/webdotn\" \/>\n<meta property=\"article:published_time\" content=\"2023-03-07T20:03:00+00:00\" \/>\n<meta property=\"article:modified_time\" content=\"2025-05-20T22:01:50+00:00\" \/>\n<meta property=\"og:image\" content=\"https:\/\/www.webdo.tn\/fr\/wp-content\/uploads\/2023\/03\/2767d1237a532c0553fbdb32796b76bc.jpg\" \/>\n\t<meta property=\"og:image:width\" content=\"750\" \/>\n\t<meta property=\"og:image:height\" content=\"400\" \/>\n\t<meta property=\"og:image:type\" content=\"image\/jpeg\" \/>\n<meta name=\"author\" content=\"MC\" \/>\n<meta name=\"twitter:card\" content=\"summary_large_image\" \/>\n<meta name=\"twitter:creator\" content=\"@webdo_tn\" \/>\n<meta name=\"twitter:site\" content=\"@webdo_tn\" \/>\n<meta name=\"twitter:label1\" content=\"\u00c9crit par\" \/>\n\t<meta name=\"twitter:data1\" content=\"MC\" \/>\n\t<meta name=\"twitter:label2\" content=\"Dur\u00e9e de lecture estim\u00e9e\" \/>\n\t<meta name=\"twitter:data2\" content=\"2 minutes\" \/>\n<script type=\"application\/ld+json\" class=\"yoast-schema-graph\">{\"@context\":\"https:\\\/\\\/schema.org\",\"@graph\":[{\"@type\":\"NewsArticle\",\"@id\":\"https:\\\/\\\/www.webdo.tn\\\/fr\\\/actualite\\\/national\\\/amnesty-international-s-inquiete-des-arrestations\\\/203685\\\/#article\",\"isPartOf\":{\"@id\":\"https:\\\/\\\/www.webdo.tn\\\/fr\\\/actualite\\\/national\\\/amnesty-international-s-inquiete-des-arrestations\\\/203685\\\/\"},\"author\":{\"name\":\"MC\",\"@id\":\"https:\\\/\\\/www.webdo.tn\\\/fr\\\/#\\\/schema\\\/person\\\/2c4929cbf5a809e3bd38617c6ce150f6\"},\"headline\":\"Amnesty International \u00ab\u00a0s\u2019inqui\u00e8te\u00a0\u00bb des arrestations\",\"datePublished\":\"2023-03-07T20:03:00+00:00\",\"dateModified\":\"2025-05-20T22:01:50+00:00\",\"mainEntityOfPage\":{\"@id\":\"https:\\\/\\\/www.webdo.tn\\\/fr\\\/actualite\\\/national\\\/amnesty-international-s-inquiete-des-arrestations\\\/203685\\\/\"},\"wordCount\":321,\"commentCount\":0,\"publisher\":{\"@id\":\"https:\\\/\\\/www.webdo.tn\\\/fr\\\/#organization\"},\"image\":{\"@id\":\"https:\\\/\\\/www.webdo.tn\\\/fr\\\/actualite\\\/national\\\/amnesty-international-s-inquiete-des-arrestations\\\/203685\\\/#primaryimage\"},\"thumbnailUrl\":\"https:\\\/\\\/www.webdo.tn\\\/fr\\\/wp-content\\\/uploads\\\/2023\\\/03\\\/2767d1237a532c0553fbdb32796b76bc.jpg\",\"keywords\":[\"Amnesty international\",\"arrestattions\",\"justice\"],\"articleSection\":[\"National\"],\"inLanguage\":\"fr-FR\"},{\"@type\":\"WebPage\",\"@id\":\"https:\\\/\\\/www.webdo.tn\\\/fr\\\/actualite\\\/national\\\/amnesty-international-s-inquiete-des-arrestations\\\/203685\\\/\",\"url\":\"https:\\\/\\\/www.webdo.tn\\\/fr\\\/actualite\\\/national\\\/amnesty-international-s-inquiete-des-arrestations\\\/203685\\\/\",\"name\":\"Amnesty International s\u2019inqui\u00e8te des arrestations\",\"isPartOf\":{\"@id\":\"https:\\\/\\\/www.webdo.tn\\\/fr\\\/#website\"},\"primaryImageOfPage\":{\"@id\":\"https:\\\/\\\/www.webdo.tn\\\/fr\\\/actualite\\\/national\\\/amnesty-international-s-inquiete-des-arrestations\\\/203685\\\/#primaryimage\"},\"image\":{\"@id\":\"https:\\\/\\\/www.webdo.tn\\\/fr\\\/actualite\\\/national\\\/amnesty-international-s-inquiete-des-arrestations\\\/203685\\\/#primaryimage\"},\"thumbnailUrl\":\"https:\\\/\\\/www.webdo.tn\\\/fr\\\/wp-content\\\/uploads\\\/2023\\\/03\\\/2767d1237a532c0553fbdb32796b76bc.jpg\",\"datePublished\":\"2023-03-07T20:03:00+00:00\",\"dateModified\":\"2025-05-20T22:01:50+00:00\",\"description\":\"Le Bureau de Tunis de l'organisation Amnesty International a exprim\u00e9, aujourd\u2019hui, une grande inqui\u00e9tude quant \u00e0 la vague des derni\u00e8res arrestations...\",\"breadcrumb\":{\"@id\":\"https:\\\/\\\/www.webdo.tn\\\/fr\\\/actualite\\\/national\\\/amnesty-international-s-inquiete-des-arrestations\\\/203685\\\/#breadcrumb\"},\"inLanguage\":\"fr-FR\",\"potentialAction\":[{\"@type\":\"ReadAction\",\"target\":[\"https:\\\/\\\/www.webdo.tn\\\/fr\\\/actualite\\\/national\\\/amnesty-international-s-inquiete-des-arrestations\\\/203685\\\/\"]}]},{\"@type\":\"ImageObject\",\"inLanguage\":\"fr-FR\",\"@id\":\"https:\\\/\\\/www.webdo.tn\\\/fr\\\/actualite\\\/national\\\/amnesty-international-s-inquiete-des-arrestations\\\/203685\\\/#primaryimage\",\"url\":\"https:\\\/\\\/www.webdo.tn\\\/fr\\\/wp-content\\\/uploads\\\/2023\\\/03\\\/2767d1237a532c0553fbdb32796b76bc.jpg\",\"contentUrl\":\"https:\\\/\\\/www.webdo.tn\\\/fr\\\/wp-content\\\/uploads\\\/2023\\\/03\\\/2767d1237a532c0553fbdb32796b76bc.jpg\",\"width\":750,\"height\":400,\"caption\":\"Amnesty International \\\"s\u2019inqui\u00e8te\\\" des arrestations\"},{\"@type\":\"BreadcrumbList\",\"@id\":\"https:\\\/\\\/www.webdo.tn\\\/fr\\\/actualite\\\/national\\\/amnesty-international-s-inquiete-des-arrestations\\\/203685\\\/#breadcrumb\",\"itemListElement\":[{\"@type\":\"ListItem\",\"position\":1,\"name\":\"Accueil\",\"item\":\"https:\\\/\\\/www.webdo.tn\\\/fr\\\/\"},{\"@type\":\"ListItem\",\"position\":2,\"name\":\"Amnesty International &#8220;s\u2019inqui\u00e8te&#8221; des arrestations\"}]},{\"@type\":\"WebSite\",\"@id\":\"https:\\\/\\\/www.webdo.tn\\\/fr\\\/#website\",\"url\":\"https:\\\/\\\/www.webdo.tn\\\/fr\\\/\",\"name\":\"webdo\",\"description\":\"Tunisie - News en Tunisie et \u00e0 l&#039;international sur Webdo.tn\",\"publisher\":{\"@id\":\"https:\\\/\\\/www.webdo.tn\\\/fr\\\/#organization\"},\"potentialAction\":[{\"@type\":\"SearchAction\",\"target\":{\"@type\":\"EntryPoint\",\"urlTemplate\":\"https:\\\/\\\/www.webdo.tn\\\/fr\\\/?s={search_term_string}\"},\"query-input\":{\"@type\":\"PropertyValueSpecification\",\"valueRequired\":true,\"valueName\":\"search_term_string\"}}],\"inLanguage\":\"fr-FR\"},{\"@type\":\"Organization\",\"@id\":\"https:\\\/\\\/www.webdo.tn\\\/fr\\\/#organization\",\"name\":\"Webdo\",\"alternateName\":\"Webdo.tn\",\"url\":\"https:\\\/\\\/www.webdo.tn\\\/fr\\\/\",\"logo\":{\"@type\":\"ImageObject\",\"inLanguage\":\"fr-FR\",\"@id\":\"https:\\\/\\\/www.webdo.tn\\\/fr\\\/#\\\/schema\\\/logo\\\/image\\\/\",\"url\":\"https:\\\/\\\/www.webdo.tn\\\/fr\\\/wp-content\\\/uploads\\\/2025\\\/06\\\/Webdo-Tunisie_168377.jpg\",\"contentUrl\":\"https:\\\/\\\/www.webdo.tn\\\/fr\\\/wp-content\\\/uploads\\\/2025\\\/06\\\/Webdo-Tunisie_168377.jpg\",\"width\":301,\"height\":301,\"caption\":\"Webdo\"},\"image\":{\"@id\":\"https:\\\/\\\/www.webdo.tn\\\/fr\\\/#\\\/schema\\\/logo\\\/image\\\/\"},\"sameAs\":[\"https:\\\/\\\/www.facebook.com\\\/webdotn\",\"https:\\\/\\\/x.com\\\/webdo_tn\"],\"description\":\"Webdo est un m\u00e9dia num\u00e9rique tunisien fond\u00e9 en 2010, sp\u00e9cialis\u00e9 dans l\u2019actualit\u00e9 nationale et internationale, l\u2019\u00e9conomie, la soci\u00e9t\u00e9 et les analyses politiques. Le site s\u2019adresse \u00e0 un large public francophone et couvre l\u2019information tunisienne en temps r\u00e9el.\",\"email\":\"redac@webdo.tn\",\"legalName\":\"YNJ SARL\",\"foundingDate\":\"2010-09-06\",\"numberOfEmployees\":{\"@type\":\"QuantitativeValue\",\"minValue\":\"11\",\"maxValue\":\"50\"}},{\"@type\":\"Person\",\"@id\":\"https:\\\/\\\/www.webdo.tn\\\/fr\\\/#\\\/schema\\\/person\\\/2c4929cbf5a809e3bd38617c6ce150f6\",\"name\":\"MC\",\"image\":{\"@type\":\"ImageObject\",\"inLanguage\":\"fr-FR\",\"@id\":\"https:\\\/\\\/secure.gravatar.com\\\/avatar\\\/a545bbb6f84efdd5553dbbc2895e3ca8f1d12c5215e00a041c9670b54aa9b18a?s=96&d=mm&r=g\",\"url\":\"https:\\\/\\\/secure.gravatar.com\\\/avatar\\\/a545bbb6f84efdd5553dbbc2895e3ca8f1d12c5215e00a041c9670b54aa9b18a?s=96&d=mm&r=g\",\"contentUrl\":\"https:\\\/\\\/secure.gravatar.com\\\/avatar\\\/a545bbb6f84efdd5553dbbc2895e3ca8f1d12c5215e00a041c9670b54aa9b18a?s=96&d=mm&r=g\",\"caption\":\"MC\"},\"url\":\"https:\\\/\\\/www.webdo.tn\\\/fr\\\/actualite\\\/author\\\/mc\\\/\"}]}<\/script>\n<!-- \/ Yoast SEO Premium plugin. -->","yoast_head_json":{"title":"Amnesty International s\u2019inqui\u00e8te des arrestations","description":"Le Bureau de Tunis de l'organisation Amnesty International a exprim\u00e9, aujourd\u2019hui, une grande inqui\u00e9tude quant \u00e0 la vague des derni\u00e8res arrestations...","canonical":"https:\/\/www.webdo.tn\/fr\/actualite\/national\/amnesty-international-s-inquiete-des-arrestations\/203685\/","og_locale":"fr_FR","og_type":"article","og_title":"Amnesty International \"s\u2019inqui\u00e8te\" des arrestations","og_description":"Le Bureau de Tunis de l'organisation Amnesty International a exprim\u00e9, aujourd\u2019hui, une grande inqui\u00e9tude quant \u00e0 la vague des derni\u00e8res arrestations...","og_url":"https:\/\/www.webdo.tn\/fr\/actualite\/national\/amnesty-international-s-inquiete-des-arrestations\/203685\/","og_site_name":"webdo","article_publisher":"https:\/\/www.facebook.com\/webdotn","article_published_time":"2023-03-07T20:03:00+00:00","article_modified_time":"2025-05-20T22:01:50+00:00","og_image":[{"width":750,"height":400,"url":"https:\/\/www.webdo.tn\/fr\/wp-content\/uploads\/2023\/03\/2767d1237a532c0553fbdb32796b76bc.jpg","type":"image\/jpeg"}],"author":"MC","twitter_card":"summary_large_image","twitter_creator":"@webdo_tn","twitter_site":"@webdo_tn","twitter_misc":{"\u00c9crit par":"MC","Dur\u00e9e de lecture estim\u00e9e":"2 minutes"},"schema":{"@context":"https:\/\/schema.org","@graph":[{"@type":"NewsArticle","@id":"https:\/\/www.webdo.tn\/fr\/actualite\/national\/amnesty-international-s-inquiete-des-arrestations\/203685\/#article","isPartOf":{"@id":"https:\/\/www.webdo.tn\/fr\/actualite\/national\/amnesty-international-s-inquiete-des-arrestations\/203685\/"},"author":{"name":"MC","@id":"https:\/\/www.webdo.tn\/fr\/#\/schema\/person\/2c4929cbf5a809e3bd38617c6ce150f6"},"headline":"Amnesty International \u00ab\u00a0s\u2019inqui\u00e8te\u00a0\u00bb des arrestations","datePublished":"2023-03-07T20:03:00+00:00","dateModified":"2025-05-20T22:01:50+00:00","mainEntityOfPage":{"@id":"https:\/\/www.webdo.tn\/fr\/actualite\/national\/amnesty-international-s-inquiete-des-arrestations\/203685\/"},"wordCount":321,"commentCount":0,"publisher":{"@id":"https:\/\/www.webdo.tn\/fr\/#organization"},"image":{"@id":"https:\/\/www.webdo.tn\/fr\/actualite\/national\/amnesty-international-s-inquiete-des-arrestations\/203685\/#primaryimage"},"thumbnailUrl":"https:\/\/www.webdo.tn\/fr\/wp-content\/uploads\/2023\/03\/2767d1237a532c0553fbdb32796b76bc.jpg","keywords":["Amnesty international","arrestattions","justice"],"articleSection":["National"],"inLanguage":"fr-FR"},{"@type":"WebPage","@id":"https:\/\/www.webdo.tn\/fr\/actualite\/national\/amnesty-international-s-inquiete-des-arrestations\/203685\/","url":"https:\/\/www.webdo.tn\/fr\/actualite\/national\/amnesty-international-s-inquiete-des-arrestations\/203685\/","name":"Amnesty International s\u2019inqui\u00e8te des arrestations","isPartOf":{"@id":"https:\/\/www.webdo.tn\/fr\/#website"},"primaryImageOfPage":{"@id":"https:\/\/www.webdo.tn\/fr\/actualite\/national\/amnesty-international-s-inquiete-des-arrestations\/203685\/#primaryimage"},"image":{"@id":"https:\/\/www.webdo.tn\/fr\/actualite\/national\/amnesty-international-s-inquiete-des-arrestations\/203685\/#primaryimage"},"thumbnailUrl":"https:\/\/www.webdo.tn\/fr\/wp-content\/uploads\/2023\/03\/2767d1237a532c0553fbdb32796b76bc.jpg","datePublished":"2023-03-07T20:03:00+00:00","dateModified":"2025-05-20T22:01:50+00:00","description":"Le Bureau de Tunis de l'organisation Amnesty International a exprim\u00e9, aujourd\u2019hui, une grande inqui\u00e9tude quant \u00e0 la vague des derni\u00e8res arrestations...","breadcrumb":{"@id":"https:\/\/www.webdo.tn\/fr\/actualite\/national\/amnesty-international-s-inquiete-des-arrestations\/203685\/#breadcrumb"},"inLanguage":"fr-FR","potentialAction":[{"@type":"ReadAction","target":["https:\/\/www.webdo.tn\/fr\/actualite\/national\/amnesty-international-s-inquiete-des-arrestations\/203685\/"]}]},{"@type":"ImageObject","inLanguage":"fr-FR","@id":"https:\/\/www.webdo.tn\/fr\/actualite\/national\/amnesty-international-s-inquiete-des-arrestations\/203685\/#primaryimage","url":"https:\/\/www.webdo.tn\/fr\/wp-content\/uploads\/2023\/03\/2767d1237a532c0553fbdb32796b76bc.jpg","contentUrl":"https:\/\/www.webdo.tn\/fr\/wp-content\/uploads\/2023\/03\/2767d1237a532c0553fbdb32796b76bc.jpg","width":750,"height":400,"caption":"Amnesty International \"s\u2019inqui\u00e8te\" des arrestations"},{"@type":"BreadcrumbList","@id":"https:\/\/www.webdo.tn\/fr\/actualite\/national\/amnesty-international-s-inquiete-des-arrestations\/203685\/#breadcrumb","itemListElement":[{"@type":"ListItem","position":1,"name":"Accueil","item":"https:\/\/www.webdo.tn\/fr\/"},{"@type":"ListItem","position":2,"name":"Amnesty International &#8220;s\u2019inqui\u00e8te&#8221; des arrestations"}]},{"@type":"WebSite","@id":"https:\/\/www.webdo.tn\/fr\/#website","url":"https:\/\/www.webdo.tn\/fr\/","name":"webdo","description":"Tunisie - News en Tunisie et \u00e0 l&#039;international sur Webdo.tn","publisher":{"@id":"https:\/\/www.webdo.tn\/fr\/#organization"},"potentialAction":[{"@type":"SearchAction","target":{"@type":"EntryPoint","urlTemplate":"https:\/\/www.webdo.tn\/fr\/?s={search_term_string}"},"query-input":{"@type":"PropertyValueSpecification","valueRequired":true,"valueName":"search_term_string"}}],"inLanguage":"fr-FR"},{"@type":"Organization","@id":"https:\/\/www.webdo.tn\/fr\/#organization","name":"Webdo","alternateName":"Webdo.tn","url":"https:\/\/www.webdo.tn\/fr\/","logo":{"@type":"ImageObject","inLanguage":"fr-FR","@id":"https:\/\/www.webdo.tn\/fr\/#\/schema\/logo\/image\/","url":"https:\/\/www.webdo.tn\/fr\/wp-content\/uploads\/2025\/06\/Webdo-Tunisie_168377.jpg","contentUrl":"https:\/\/www.webdo.tn\/fr\/wp-content\/uploads\/2025\/06\/Webdo-Tunisie_168377.jpg","width":301,"height":301,"caption":"Webdo"},"image":{"@id":"https:\/\/www.webdo.tn\/fr\/#\/schema\/logo\/image\/"},"sameAs":["https:\/\/www.facebook.com\/webdotn","https:\/\/x.com\/webdo_tn"],"description":"Webdo est un m\u00e9dia num\u00e9rique tunisien fond\u00e9 en 2010, sp\u00e9cialis\u00e9 dans l\u2019actualit\u00e9 nationale et internationale, l\u2019\u00e9conomie, la soci\u00e9t\u00e9 et les analyses politiques. Le site s\u2019adresse \u00e0 un large public francophone et couvre l\u2019information tunisienne en temps r\u00e9el.","email":"redac@webdo.tn","legalName":"YNJ SARL","foundingDate":"2010-09-06","numberOfEmployees":{"@type":"QuantitativeValue","minValue":"11","maxValue":"50"}},{"@type":"Person","@id":"https:\/\/www.webdo.tn\/fr\/#\/schema\/person\/2c4929cbf5a809e3bd38617c6ce150f6","name":"MC","image":{"@type":"ImageObject","inLanguage":"fr-FR","@id":"https:\/\/secure.gravatar.com\/avatar\/a545bbb6f84efdd5553dbbc2895e3ca8f1d12c5215e00a041c9670b54aa9b18a?s=96&d=mm&r=g","url":"https:\/\/secure.gravatar.com\/avatar\/a545bbb6f84efdd5553dbbc2895e3ca8f1d12c5215e00a041c9670b54aa9b18a?s=96&d=mm&r=g","contentUrl":"https:\/\/secure.gravatar.com\/avatar\/a545bbb6f84efdd5553dbbc2895e3ca8f1d12c5215e00a041c9670b54aa9b18a?s=96&d=mm&r=g","caption":"MC"},"url":"https:\/\/www.webdo.tn\/fr\/actualite\/author\/mc\/"}]}},"_links":{"self":[{"href":"https:\/\/www.webdo.tn\/fr\/wp-json\/wp\/v2\/posts\/203685","targetHints":{"allow":["GET"]}}],"collection":[{"href":"https:\/\/www.webdo.tn\/fr\/wp-json\/wp\/v2\/posts"}],"about":[{"href":"https:\/\/www.webdo.tn\/fr\/wp-json\/wp\/v2\/types\/post"}],"author":[{"embeddable":true,"href":"https:\/\/www.webdo.tn\/fr\/wp-json\/wp\/v2\/users\/3162"}],"replies":[{"embeddable":true,"href":"https:\/\/www.webdo.tn\/fr\/wp-json\/wp\/v2\/comments?post=203685"}],"version-history":[{"count":0,"href":"https:\/\/www.webdo.tn\/fr\/wp-json\/wp\/v2\/posts\/203685\/revisions"}],"wp:featuredmedia":[{"embeddable":true,"href":"https:\/\/www.webdo.tn\/fr\/wp-json\/wp\/v2\/media\/251798"}],"wp:attachment":[{"href":"https:\/\/www.webdo.tn\/fr\/wp-json\/wp\/v2\/media?parent=203685"}],"wp:term":[{"taxonomy":"category","embeddable":true,"href":"https:\/\/www.webdo.tn\/fr\/wp-json\/wp\/v2\/categories?post=203685"},{"taxonomy":"post_tag","embeddable":true,"href":"https:\/\/www.webdo.tn\/fr\/wp-json\/wp\/v2\/tags?post=203685"}],"curies":[{"name":"wp","href":"https:\/\/api.w.org\/{rel}","templated":true}]}}