{"id":203673,"date":"2023-03-07T13:41:00","date_gmt":"2023-03-07T13:41:00","guid":{"rendered":"https:\/\/www.webdo.tn\/fr\/blog\/taboubi-l-inapplication-des-conventions-point-discorde-avec-le-gouvernement\/203673\/"},"modified":"2025-05-20T22:45:02","modified_gmt":"2025-05-20T22:45:02","slug":"taboubi-l-inapplication-des-conventions-point-discorde-avec-le-gouvernement","status":"publish","type":"post","link":"https:\/\/www.webdo.tn\/fr\/actualite\/national\/taboubi-l-inapplication-des-conventions-point-discorde-avec-le-gouvernement\/203673\/","title":{"rendered":"Taboubi : \u00a0\u00bb L\u2019inapplication des conventions, point discorde avec le gouvernement \u00ab\u00a0"},"content":{"rendered":"<p>\u00a0\u00bb L\u2019inapplication des conventions est la pomme de discorde avec le gouvernement \u00ab\u00a0, a soulign\u00e9 mardi Noureddine Taboubi, secr\u00e9taire g\u00e9n\u00e9ral de l\u2019Union g\u00e9n\u00e9rale tunisienne du travail (UGTT).<\/p>\n<p>\t\t\t\t\t\t\t\t\t\u00a0\u00bb Nous d\u00e9non\u00e7ons \u00e9galement la publication par la cheffe du gouvernement de notes qui ont cr\u00e9\u00e9 une tension sociale et pouss\u00e9 certains corps du secteur public \u00e0 observer des mouvements de protestation pour revendiquer leurs droits \u00ab\u00a0, a-t-il indiqu\u00e9 \u00e0 l\u2019ouverture de la r\u00e9union du bureau ex\u00e9cutif \u00e9largi de l\u2019organisation syndicale \u00e0 Hammamet.<br \/>\nTaboubi a fait remarquer que le gouvernement n\u2019a pas respect\u00e9 ses engagements stipul\u00e9s dans l\u2019accord du 06 f\u00e9vrier malgr\u00e9 les correspondances qui lui ont \u00e9t\u00e9 adress\u00e9es pour n\u00e9gocier.<\/p>\n<p>Il a, par ailleurs, estim\u00e9 que le lancement par l\u2019UGTT d\u2019une initiative nationale pour sauver le pays de la crise n\u2019est pas non plus un crime faisant remarquer que l\u2019initiative sera ult\u00e9rieurement pr\u00e9sent\u00e9e \u00e0 la pr\u00e9sidence de la r\u00e9publique.<\/p>\n<p>\u00a0\u00bb L\u2019UGTT n\u2019est pas en concurrence pour le pouvoir mais elle contre l\u2019injustice et les arrestations politiques \u00ab\u00a0, a-t-il ajout\u00e9 signalant que l\u2019organisation syndicale a une mission nationale et les campagnes de d\u00e9nigrement ne la dissuaderont pas \u00e0 d\u00e9fendre le pays.<\/p>\n<p>Dans ce contexte, il a appel\u00e9 toutes les forces nationales \u00e0 avoir confiance en l\u2019UGTT afin qu\u2019elle puisse remplir son r\u00f4le et d\u00e9fendre le pays.<\/p>\n<p>Taboubi a signal\u00e9 que toutes les d\u00e9cisions de l\u2019UGTT sont prises par les bases dans le cadre d\u2019un processus d\u00e9mocratique.<\/p>\n<p>Il a, en outre salu\u00e9 la solidarit\u00e9 des organisations syndicales internationales avec l\u2019UGTT.<\/p>\n","protected":false},"excerpt":{"rendered":"<p>  L\u2019inapplication des conventions est la pomme de discorde avec le gouvernement  , a soulign\u00e9 mardi Noureddine Taboubi, secr\u00e9taire g\u00e9n\u00e9ral de l\u2019Union g\u00e9n\u00e9rale t&#8230;<\/p>\n","protected":false},"author":3175,"featured_media":251797,"comment_status":"open","ping_status":"closed","sticky":false,"template":"","format":"standard","meta":{"footnotes":""},"categories":[44],"tags":[4341,2608,2649],"class_list":["post-203673","post","type-post","status-publish","format-standard","has-post-thumbnail","hentry","category-national","tag-taboubi","tag-tunisie","tag-ugtt"],"yoast_head":"<!-- This site is optimized with the Yoast SEO Premium plugin v27.4 (Yoast SEO v27.4) - https:\/\/yoast.com\/product\/yoast-seo-premium-wordpress\/ -->\n<title>Taboubi : L\u2019inapplication des conventions, point discorde avec le gouvernement<\/title>\n<meta name=\"description\" content=\"L\u2019inapplication des conventions est la pomme de discorde avec le gouvernement , a soulign\u00e9 mardi Noureddine Taboubi, secr\u00e9taire g\u00e9n\u00e9ral de l\u2019Union g\u00e9n\u00e9rale t...\" \/>\n<link rel=\"canonical\" href=\"https:\/\/www.webdo.tn\/fr\/actualite\/national\/taboubi-l-inapplication-des-conventions-point-discorde-avec-le-gouvernement\/203673\/\" \/>\n<meta property=\"og:locale\" content=\"fr_FR\" \/>\n<meta property=\"og:type\" content=\"article\" \/>\n<meta property=\"og:title\" content=\"Taboubi : &quot; L\u2019inapplication des conventions, point discorde avec le gouvernement &quot;\" \/>\n<meta property=\"og:description\" content=\"L\u2019inapplication des conventions est la pomme de discorde avec le gouvernement , a soulign\u00e9 mardi Noureddine Taboubi, secr\u00e9taire g\u00e9n\u00e9ral de l\u2019Union g\u00e9n\u00e9rale t...\" \/>\n<meta property=\"og:url\" content=\"https:\/\/www.webdo.tn\/fr\/actualite\/national\/taboubi-l-inapplication-des-conventions-point-discorde-avec-le-gouvernement\/203673\/\" \/>\n<meta property=\"og:site_name\" content=\"webdo\" \/>\n<meta property=\"article:publisher\" content=\"https:\/\/www.facebook.com\/webdotn\" \/>\n<meta property=\"article:published_time\" content=\"2023-03-07T13:41:00+00:00\" \/>\n<meta property=\"article:modified_time\" content=\"2025-05-20T22:45:02+00:00\" \/>\n<meta property=\"og:image\" content=\"https:\/\/www.webdo.tn\/fr\/wp-content\/uploads\/2023\/03\/2d01c12e4ef725dd3f5732d147cbbd40.jpg\" \/>\n\t<meta property=\"og:image:width\" content=\"750\" \/>\n\t<meta property=\"og:image:height\" content=\"400\" \/>\n\t<meta property=\"og:image:type\" content=\"image\/jpeg\" \/>\n<meta name=\"author\" content=\"CL\" \/>\n<meta name=\"twitter:card\" content=\"summary_large_image\" \/>\n<meta name=\"twitter:creator\" content=\"@webdo_tn\" \/>\n<meta name=\"twitter:site\" content=\"@webdo_tn\" \/>\n<meta name=\"twitter:label1\" content=\"\u00c9crit par\" \/>\n\t<meta name=\"twitter:data1\" content=\"CL\" \/>\n\t<meta name=\"twitter:label2\" content=\"Dur\u00e9e de lecture estim\u00e9e\" \/>\n\t<meta name=\"twitter:data2\" content=\"1 minute\" \/>\n<script type=\"application\/ld+json\" class=\"yoast-schema-graph\">{\"@context\":\"https:\\\/\\\/schema.org\",\"@graph\":[{\"@type\":\"NewsArticle\",\"@id\":\"https:\\\/\\\/www.webdo.tn\\\/fr\\\/actualite\\\/national\\\/taboubi-l-inapplication-des-conventions-point-discorde-avec-le-gouvernement\\\/203673\\\/#article\",\"isPartOf\":{\"@id\":\"https:\\\/\\\/www.webdo.tn\\\/fr\\\/actualite\\\/national\\\/taboubi-l-inapplication-des-conventions-point-discorde-avec-le-gouvernement\\\/203673\\\/\"},\"author\":{\"name\":\"CL\",\"@id\":\"https:\\\/\\\/www.webdo.tn\\\/fr\\\/#\\\/schema\\\/person\\\/f35b42a42c5e2511bbd282959d6385cc\"},\"headline\":\"Taboubi : \u00a0\u00bb L\u2019inapplication des conventions, point discorde avec le gouvernement \u00ab\u00a0\",\"datePublished\":\"2023-03-07T13:41:00+00:00\",\"dateModified\":\"2025-05-20T22:45:02+00:00\",\"mainEntityOfPage\":{\"@id\":\"https:\\\/\\\/www.webdo.tn\\\/fr\\\/actualite\\\/national\\\/taboubi-l-inapplication-des-conventions-point-discorde-avec-le-gouvernement\\\/203673\\\/\"},\"wordCount\":286,\"commentCount\":0,\"publisher\":{\"@id\":\"https:\\\/\\\/www.webdo.tn\\\/fr\\\/#organization\"},\"image\":{\"@id\":\"https:\\\/\\\/www.webdo.tn\\\/fr\\\/actualite\\\/national\\\/taboubi-l-inapplication-des-conventions-point-discorde-avec-le-gouvernement\\\/203673\\\/#primaryimage\"},\"thumbnailUrl\":\"https:\\\/\\\/www.webdo.tn\\\/fr\\\/wp-content\\\/uploads\\\/2023\\\/03\\\/2d01c12e4ef725dd3f5732d147cbbd40.jpg\",\"keywords\":[\"Taboubi\",\"Tunisie\",\"UGTT\"],\"articleSection\":[\"National\"],\"inLanguage\":\"fr-FR\"},{\"@type\":\"WebPage\",\"@id\":\"https:\\\/\\\/www.webdo.tn\\\/fr\\\/actualite\\\/national\\\/taboubi-l-inapplication-des-conventions-point-discorde-avec-le-gouvernement\\\/203673\\\/\",\"url\":\"https:\\\/\\\/www.webdo.tn\\\/fr\\\/actualite\\\/national\\\/taboubi-l-inapplication-des-conventions-point-discorde-avec-le-gouvernement\\\/203673\\\/\",\"name\":\"Taboubi : L\u2019inapplication des conventions, point discorde avec le gouvernement\",\"isPartOf\":{\"@id\":\"https:\\\/\\\/www.webdo.tn\\\/fr\\\/#website\"},\"primaryImageOfPage\":{\"@id\":\"https:\\\/\\\/www.webdo.tn\\\/fr\\\/actualite\\\/national\\\/taboubi-l-inapplication-des-conventions-point-discorde-avec-le-gouvernement\\\/203673\\\/#primaryimage\"},\"image\":{\"@id\":\"https:\\\/\\\/www.webdo.tn\\\/fr\\\/actualite\\\/national\\\/taboubi-l-inapplication-des-conventions-point-discorde-avec-le-gouvernement\\\/203673\\\/#primaryimage\"},\"thumbnailUrl\":\"https:\\\/\\\/www.webdo.tn\\\/fr\\\/wp-content\\\/uploads\\\/2023\\\/03\\\/2d01c12e4ef725dd3f5732d147cbbd40.jpg\",\"datePublished\":\"2023-03-07T13:41:00+00:00\",\"dateModified\":\"2025-05-20T22:45:02+00:00\",\"description\":\"L\u2019inapplication des conventions est la pomme de discorde avec le gouvernement , a soulign\u00e9 mardi Noureddine Taboubi, secr\u00e9taire g\u00e9n\u00e9ral de l\u2019Union g\u00e9n\u00e9rale t...\",\"breadcrumb\":{\"@id\":\"https:\\\/\\\/www.webdo.tn\\\/fr\\\/actualite\\\/national\\\/taboubi-l-inapplication-des-conventions-point-discorde-avec-le-gouvernement\\\/203673\\\/#breadcrumb\"},\"inLanguage\":\"fr-FR\",\"potentialAction\":[{\"@type\":\"ReadAction\",\"target\":[\"https:\\\/\\\/www.webdo.tn\\\/fr\\\/actualite\\\/national\\\/taboubi-l-inapplication-des-conventions-point-discorde-avec-le-gouvernement\\\/203673\\\/\"]}]},{\"@type\":\"ImageObject\",\"inLanguage\":\"fr-FR\",\"@id\":\"https:\\\/\\\/www.webdo.tn\\\/fr\\\/actualite\\\/national\\\/taboubi-l-inapplication-des-conventions-point-discorde-avec-le-gouvernement\\\/203673\\\/#primaryimage\",\"url\":\"https:\\\/\\\/www.webdo.tn\\\/fr\\\/wp-content\\\/uploads\\\/2023\\\/03\\\/2d01c12e4ef725dd3f5732d147cbbd40.jpg\",\"contentUrl\":\"https:\\\/\\\/www.webdo.tn\\\/fr\\\/wp-content\\\/uploads\\\/2023\\\/03\\\/2d01c12e4ef725dd3f5732d147cbbd40.jpg\",\"width\":750,\"height\":400,\"caption\":\"UGTT\"},{\"@type\":\"BreadcrumbList\",\"@id\":\"https:\\\/\\\/www.webdo.tn\\\/fr\\\/actualite\\\/national\\\/taboubi-l-inapplication-des-conventions-point-discorde-avec-le-gouvernement\\\/203673\\\/#breadcrumb\",\"itemListElement\":[{\"@type\":\"ListItem\",\"position\":1,\"name\":\"Accueil\",\"item\":\"https:\\\/\\\/www.webdo.tn\\\/fr\\\/\"},{\"@type\":\"ListItem\",\"position\":2,\"name\":\"Taboubi : &#8221; L\u2019inapplication des conventions, point discorde avec le gouvernement &#8220;\"}]},{\"@type\":\"WebSite\",\"@id\":\"https:\\\/\\\/www.webdo.tn\\\/fr\\\/#website\",\"url\":\"https:\\\/\\\/www.webdo.tn\\\/fr\\\/\",\"name\":\"webdo\",\"description\":\"Tunisie - News en Tunisie et \u00e0 l&#039;international sur Webdo.tn\",\"publisher\":{\"@id\":\"https:\\\/\\\/www.webdo.tn\\\/fr\\\/#organization\"},\"potentialAction\":[{\"@type\":\"SearchAction\",\"target\":{\"@type\":\"EntryPoint\",\"urlTemplate\":\"https:\\\/\\\/www.webdo.tn\\\/fr\\\/?s={search_term_string}\"},\"query-input\":{\"@type\":\"PropertyValueSpecification\",\"valueRequired\":true,\"valueName\":\"search_term_string\"}}],\"inLanguage\":\"fr-FR\"},{\"@type\":\"Organization\",\"@id\":\"https:\\\/\\\/www.webdo.tn\\\/fr\\\/#organization\",\"name\":\"Webdo\",\"alternateName\":\"Webdo.tn\",\"url\":\"https:\\\/\\\/www.webdo.tn\\\/fr\\\/\",\"logo\":{\"@type\":\"ImageObject\",\"inLanguage\":\"fr-FR\",\"@id\":\"https:\\\/\\\/www.webdo.tn\\\/fr\\\/#\\\/schema\\\/logo\\\/image\\\/\",\"url\":\"https:\\\/\\\/www.webdo.tn\\\/fr\\\/wp-content\\\/uploads\\\/2025\\\/06\\\/Webdo-Tunisie_168377.jpg\",\"contentUrl\":\"https:\\\/\\\/www.webdo.tn\\\/fr\\\/wp-content\\\/uploads\\\/2025\\\/06\\\/Webdo-Tunisie_168377.jpg\",\"width\":301,\"height\":301,\"caption\":\"Webdo\"},\"image\":{\"@id\":\"https:\\\/\\\/www.webdo.tn\\\/fr\\\/#\\\/schema\\\/logo\\\/image\\\/\"},\"sameAs\":[\"https:\\\/\\\/www.facebook.com\\\/webdotn\",\"https:\\\/\\\/x.com\\\/webdo_tn\"],\"description\":\"Webdo est un m\u00e9dia num\u00e9rique tunisien fond\u00e9 en 2010, sp\u00e9cialis\u00e9 dans l\u2019actualit\u00e9 nationale et internationale, l\u2019\u00e9conomie, la soci\u00e9t\u00e9 et les analyses politiques. Le site s\u2019adresse \u00e0 un large public francophone et couvre l\u2019information tunisienne en temps r\u00e9el.\",\"email\":\"redac@webdo.tn\",\"legalName\":\"YNJ SARL\",\"foundingDate\":\"2010-09-06\",\"numberOfEmployees\":{\"@type\":\"QuantitativeValue\",\"minValue\":\"11\",\"maxValue\":\"50\"}},{\"@type\":\"Person\",\"@id\":\"https:\\\/\\\/www.webdo.tn\\\/fr\\\/#\\\/schema\\\/person\\\/f35b42a42c5e2511bbd282959d6385cc\",\"name\":\"CL\",\"image\":{\"@type\":\"ImageObject\",\"inLanguage\":\"fr-FR\",\"@id\":\"https:\\\/\\\/secure.gravatar.com\\\/avatar\\\/1447a49909b67aa657c488aec6512e1dd6143a480c1ecfee9b5b5cd74eb3b59e?s=96&d=mm&r=g\",\"url\":\"https:\\\/\\\/secure.gravatar.com\\\/avatar\\\/1447a49909b67aa657c488aec6512e1dd6143a480c1ecfee9b5b5cd74eb3b59e?s=96&d=mm&r=g\",\"contentUrl\":\"https:\\\/\\\/secure.gravatar.com\\\/avatar\\\/1447a49909b67aa657c488aec6512e1dd6143a480c1ecfee9b5b5cd74eb3b59e?s=96&d=mm&r=g\",\"caption\":\"CL\"},\"url\":\"https:\\\/\\\/www.webdo.tn\\\/fr\\\/actualite\\\/author\\\/cl\\\/\"}]}<\/script>\n<!-- \/ Yoast SEO Premium plugin. -->","yoast_head_json":{"title":"Taboubi : L\u2019inapplication des conventions, point discorde avec le gouvernement","description":"L\u2019inapplication des conventions est la pomme de discorde avec le gouvernement , a soulign\u00e9 mardi Noureddine Taboubi, secr\u00e9taire g\u00e9n\u00e9ral de l\u2019Union g\u00e9n\u00e9rale t...","canonical":"https:\/\/www.webdo.tn\/fr\/actualite\/national\/taboubi-l-inapplication-des-conventions-point-discorde-avec-le-gouvernement\/203673\/","og_locale":"fr_FR","og_type":"article","og_title":"Taboubi : \" L\u2019inapplication des conventions, point discorde avec le gouvernement \"","og_description":"L\u2019inapplication des conventions est la pomme de discorde avec le gouvernement , a soulign\u00e9 mardi Noureddine Taboubi, secr\u00e9taire g\u00e9n\u00e9ral de l\u2019Union g\u00e9n\u00e9rale t...","og_url":"https:\/\/www.webdo.tn\/fr\/actualite\/national\/taboubi-l-inapplication-des-conventions-point-discorde-avec-le-gouvernement\/203673\/","og_site_name":"webdo","article_publisher":"https:\/\/www.facebook.com\/webdotn","article_published_time":"2023-03-07T13:41:00+00:00","article_modified_time":"2025-05-20T22:45:02+00:00","og_image":[{"width":750,"height":400,"url":"https:\/\/www.webdo.tn\/fr\/wp-content\/uploads\/2023\/03\/2d01c12e4ef725dd3f5732d147cbbd40.jpg","type":"image\/jpeg"}],"author":"CL","twitter_card":"summary_large_image","twitter_creator":"@webdo_tn","twitter_site":"@webdo_tn","twitter_misc":{"\u00c9crit par":"CL","Dur\u00e9e de lecture estim\u00e9e":"1 minute"},"schema":{"@context":"https:\/\/schema.org","@graph":[{"@type":"NewsArticle","@id":"https:\/\/www.webdo.tn\/fr\/actualite\/national\/taboubi-l-inapplication-des-conventions-point-discorde-avec-le-gouvernement\/203673\/#article","isPartOf":{"@id":"https:\/\/www.webdo.tn\/fr\/actualite\/national\/taboubi-l-inapplication-des-conventions-point-discorde-avec-le-gouvernement\/203673\/"},"author":{"name":"CL","@id":"https:\/\/www.webdo.tn\/fr\/#\/schema\/person\/f35b42a42c5e2511bbd282959d6385cc"},"headline":"Taboubi : \u00a0\u00bb L\u2019inapplication des conventions, point discorde avec le gouvernement \u00ab\u00a0","datePublished":"2023-03-07T13:41:00+00:00","dateModified":"2025-05-20T22:45:02+00:00","mainEntityOfPage":{"@id":"https:\/\/www.webdo.tn\/fr\/actualite\/national\/taboubi-l-inapplication-des-conventions-point-discorde-avec-le-gouvernement\/203673\/"},"wordCount":286,"commentCount":0,"publisher":{"@id":"https:\/\/www.webdo.tn\/fr\/#organization"},"image":{"@id":"https:\/\/www.webdo.tn\/fr\/actualite\/national\/taboubi-l-inapplication-des-conventions-point-discorde-avec-le-gouvernement\/203673\/#primaryimage"},"thumbnailUrl":"https:\/\/www.webdo.tn\/fr\/wp-content\/uploads\/2023\/03\/2d01c12e4ef725dd3f5732d147cbbd40.jpg","keywords":["Taboubi","Tunisie","UGTT"],"articleSection":["National"],"inLanguage":"fr-FR"},{"@type":"WebPage","@id":"https:\/\/www.webdo.tn\/fr\/actualite\/national\/taboubi-l-inapplication-des-conventions-point-discorde-avec-le-gouvernement\/203673\/","url":"https:\/\/www.webdo.tn\/fr\/actualite\/national\/taboubi-l-inapplication-des-conventions-point-discorde-avec-le-gouvernement\/203673\/","name":"Taboubi : L\u2019inapplication des conventions, point discorde avec le gouvernement","isPartOf":{"@id":"https:\/\/www.webdo.tn\/fr\/#website"},"primaryImageOfPage":{"@id":"https:\/\/www.webdo.tn\/fr\/actualite\/national\/taboubi-l-inapplication-des-conventions-point-discorde-avec-le-gouvernement\/203673\/#primaryimage"},"image":{"@id":"https:\/\/www.webdo.tn\/fr\/actualite\/national\/taboubi-l-inapplication-des-conventions-point-discorde-avec-le-gouvernement\/203673\/#primaryimage"},"thumbnailUrl":"https:\/\/www.webdo.tn\/fr\/wp-content\/uploads\/2023\/03\/2d01c12e4ef725dd3f5732d147cbbd40.jpg","datePublished":"2023-03-07T13:41:00+00:00","dateModified":"2025-05-20T22:45:02+00:00","description":"L\u2019inapplication des conventions est la pomme de discorde avec le gouvernement , a soulign\u00e9 mardi Noureddine Taboubi, secr\u00e9taire g\u00e9n\u00e9ral de l\u2019Union g\u00e9n\u00e9rale t...","breadcrumb":{"@id":"https:\/\/www.webdo.tn\/fr\/actualite\/national\/taboubi-l-inapplication-des-conventions-point-discorde-avec-le-gouvernement\/203673\/#breadcrumb"},"inLanguage":"fr-FR","potentialAction":[{"@type":"ReadAction","target":["https:\/\/www.webdo.tn\/fr\/actualite\/national\/taboubi-l-inapplication-des-conventions-point-discorde-avec-le-gouvernement\/203673\/"]}]},{"@type":"ImageObject","inLanguage":"fr-FR","@id":"https:\/\/www.webdo.tn\/fr\/actualite\/national\/taboubi-l-inapplication-des-conventions-point-discorde-avec-le-gouvernement\/203673\/#primaryimage","url":"https:\/\/www.webdo.tn\/fr\/wp-content\/uploads\/2023\/03\/2d01c12e4ef725dd3f5732d147cbbd40.jpg","contentUrl":"https:\/\/www.webdo.tn\/fr\/wp-content\/uploads\/2023\/03\/2d01c12e4ef725dd3f5732d147cbbd40.jpg","width":750,"height":400,"caption":"UGTT"},{"@type":"BreadcrumbList","@id":"https:\/\/www.webdo.tn\/fr\/actualite\/national\/taboubi-l-inapplication-des-conventions-point-discorde-avec-le-gouvernement\/203673\/#breadcrumb","itemListElement":[{"@type":"ListItem","position":1,"name":"Accueil","item":"https:\/\/www.webdo.tn\/fr\/"},{"@type":"ListItem","position":2,"name":"Taboubi : &#8221; L\u2019inapplication des conventions, point discorde avec le gouvernement &#8220;"}]},{"@type":"WebSite","@id":"https:\/\/www.webdo.tn\/fr\/#website","url":"https:\/\/www.webdo.tn\/fr\/","name":"webdo","description":"Tunisie - News en Tunisie et \u00e0 l&#039;international sur Webdo.tn","publisher":{"@id":"https:\/\/www.webdo.tn\/fr\/#organization"},"potentialAction":[{"@type":"SearchAction","target":{"@type":"EntryPoint","urlTemplate":"https:\/\/www.webdo.tn\/fr\/?s={search_term_string}"},"query-input":{"@type":"PropertyValueSpecification","valueRequired":true,"valueName":"search_term_string"}}],"inLanguage":"fr-FR"},{"@type":"Organization","@id":"https:\/\/www.webdo.tn\/fr\/#organization","name":"Webdo","alternateName":"Webdo.tn","url":"https:\/\/www.webdo.tn\/fr\/","logo":{"@type":"ImageObject","inLanguage":"fr-FR","@id":"https:\/\/www.webdo.tn\/fr\/#\/schema\/logo\/image\/","url":"https:\/\/www.webdo.tn\/fr\/wp-content\/uploads\/2025\/06\/Webdo-Tunisie_168377.jpg","contentUrl":"https:\/\/www.webdo.tn\/fr\/wp-content\/uploads\/2025\/06\/Webdo-Tunisie_168377.jpg","width":301,"height":301,"caption":"Webdo"},"image":{"@id":"https:\/\/www.webdo.tn\/fr\/#\/schema\/logo\/image\/"},"sameAs":["https:\/\/www.facebook.com\/webdotn","https:\/\/x.com\/webdo_tn"],"description":"Webdo est un m\u00e9dia num\u00e9rique tunisien fond\u00e9 en 2010, sp\u00e9cialis\u00e9 dans l\u2019actualit\u00e9 nationale et internationale, l\u2019\u00e9conomie, la soci\u00e9t\u00e9 et les analyses politiques. Le site s\u2019adresse \u00e0 un large public francophone et couvre l\u2019information tunisienne en temps r\u00e9el.","email":"redac@webdo.tn","legalName":"YNJ SARL","foundingDate":"2010-09-06","numberOfEmployees":{"@type":"QuantitativeValue","minValue":"11","maxValue":"50"}},{"@type":"Person","@id":"https:\/\/www.webdo.tn\/fr\/#\/schema\/person\/f35b42a42c5e2511bbd282959d6385cc","name":"CL","image":{"@type":"ImageObject","inLanguage":"fr-FR","@id":"https:\/\/secure.gravatar.com\/avatar\/1447a49909b67aa657c488aec6512e1dd6143a480c1ecfee9b5b5cd74eb3b59e?s=96&d=mm&r=g","url":"https:\/\/secure.gravatar.com\/avatar\/1447a49909b67aa657c488aec6512e1dd6143a480c1ecfee9b5b5cd74eb3b59e?s=96&d=mm&r=g","contentUrl":"https:\/\/secure.gravatar.com\/avatar\/1447a49909b67aa657c488aec6512e1dd6143a480c1ecfee9b5b5cd74eb3b59e?s=96&d=mm&r=g","caption":"CL"},"url":"https:\/\/www.webdo.tn\/fr\/actualite\/author\/cl\/"}]}},"_links":{"self":[{"href":"https:\/\/www.webdo.tn\/fr\/wp-json\/wp\/v2\/posts\/203673","targetHints":{"allow":["GET"]}}],"collection":[{"href":"https:\/\/www.webdo.tn\/fr\/wp-json\/wp\/v2\/posts"}],"about":[{"href":"https:\/\/www.webdo.tn\/fr\/wp-json\/wp\/v2\/types\/post"}],"author":[{"embeddable":true,"href":"https:\/\/www.webdo.tn\/fr\/wp-json\/wp\/v2\/users\/3175"}],"replies":[{"embeddable":true,"href":"https:\/\/www.webdo.tn\/fr\/wp-json\/wp\/v2\/comments?post=203673"}],"version-history":[{"count":0,"href":"https:\/\/www.webdo.tn\/fr\/wp-json\/wp\/v2\/posts\/203673\/revisions"}],"wp:featuredmedia":[{"embeddable":true,"href":"https:\/\/www.webdo.tn\/fr\/wp-json\/wp\/v2\/media\/251797"}],"wp:attachment":[{"href":"https:\/\/www.webdo.tn\/fr\/wp-json\/wp\/v2\/media?parent=203673"}],"wp:term":[{"taxonomy":"category","embeddable":true,"href":"https:\/\/www.webdo.tn\/fr\/wp-json\/wp\/v2\/categories?post=203673"},{"taxonomy":"post_tag","embeddable":true,"href":"https:\/\/www.webdo.tn\/fr\/wp-json\/wp\/v2\/tags?post=203673"}],"curies":[{"name":"wp","href":"https:\/\/api.w.org\/{rel}","templated":true}]}}