{"id":203655,"date":"2023-03-07T09:10:00","date_gmt":"2023-03-07T09:10:00","guid":{"rendered":"https:\/\/www.webdo.tn\/fr\/blog\/il-y-a-dix-huit-siecles-en-tunisie-le-martyre-de-deux-saintes-chretiennes\/203655\/"},"modified":"2025-05-17T21:04:42","modified_gmt":"2025-05-17T21:04:42","slug":"il-y-a-dix-huit-siecles-en-tunisie-le-martyre-de-deux-saintes-chretiennes","status":"publish","type":"post","link":"https:\/\/www.webdo.tn\/fr\/actualite\/chroniques\/il-y-a-dix-huit-siecles-en-tunisie-le-martyre-de-deux-saintes-chretiennes\/203655\/","title":{"rendered":"Il y a dix-huit si\u00e8cles en Tunisie : Le martyre de deux saintes chr\u00e9tiennes"},"content":{"rendered":"<p>Chaque 7 mars, le souvenir de Sainte-Perp\u00e9tue et Sainte-F\u00e9licit\u00e9 rejaillit dans notre m\u00e9moire tunisienne.<\/p>\n<p>\t\t\t\t\t\t\t\t\tC&rsquo;est en l&rsquo;an 203, il y a 1820 ann\u00e9es, que ces deux femmes originaires de Tebourba avaient \u00e9t\u00e9 supplici\u00e9es par les Romains.<\/p>\n<p>En ce temps, la ville de Tebourba au nord de Tunis, portait le nom de Thuburbo Minus et \u00e9tait reli\u00e9e \u00e0 une autre ville qui non loin de Zaghouan, se nommait Thuburbo Majus, autrement dit, la petite et la grande Thuburbo.<\/p>\n<p>Convaincues de professer la foi chr\u00e9tienne, ce qui \u00e9tait en ce temps, \u00e9tait objet de pers\u00e9cution, les deux femmes ont \u00e9t\u00e9 livr\u00e9es aux b\u00eates.<\/p>\n<p>D&rsquo;autres chr\u00e9tiens avaient simultan\u00e9ment subi le m\u00eame sort que les deux martyres \u00e0 l&rsquo;amphith\u00e9\u00e2tre de Carthage, selon la plupart des r\u00e9cits historiques.<\/p>\n<p>Depuis cette lointaine \u00e9poque, Perp\u00e9tue et F\u00e9licit\u00e9 ont \u00e9t\u00e9 sanctifi\u00e9es par l&rsquo;\u00c9glise catholique et plusieurs paroisses portent leur nom, \u00e0 travers le monde et notamment au Canada.<\/p>\n<p>Ces deux saintes tunisiennes comptent parmi les premiers martyrs de l&rsquo;\u00e9glise et c&rsquo;est pour cela que lors de sa visite en Tunisie, le pape Jean-Paul II s&rsquo;\u00e9tait recueilli \u00e0 l&rsquo;amphith\u00e9\u00e2tre de Carthage pour honorer leur m\u00e9moire.<\/p>\n<p>Notons que dans le sous-sol de cet amphith\u00e9\u00e2tre se trouve une chapelle qui a \u00e9t\u00e9 am\u00e9nag\u00e9e en 1903 en hommage aux deux saintes.<\/p>\n<p>Durant le Protectorat fran\u00e7ais, une procession se rendait de cette chapelle \u00e0 la cath\u00e9drale Saint-Louis pour saluer le souvenir de Perp\u00e9tue et F\u00e9licit\u00e9.<\/p>\n","protected":false},"excerpt":{"rendered":"<p>Chaque 7 mars, le souvenir de Sainte-Perp\u00e9tue et Sainte-F\u00e9licit\u00e9 rejaillit dans notre m\u00e9moire tunisienne.<\/p>\n","protected":false},"author":3229,"featured_media":277856,"comment_status":"open","ping_status":"closed","sticky":false,"template":"","format":"standard","meta":{"footnotes":""},"categories":[2596],"tags":[9369,9368,9370],"class_list":["post-203655","post","type-post","status-publish","format-standard","has-post-thumbnail","hentry","category-chroniques","tag-felicite","tag-perpetue","tag-saintes-tunisiennes"],"yoast_head":"<!-- This site is optimized with the Yoast SEO Premium plugin v27.5 (Yoast SEO v27.5) - https:\/\/yoast.com\/product\/yoast-seo-premium-wordpress\/ -->\n<title>Il y a dix-huit si\u00e8cles en Tunisie : Le martyre de deux saintes chr\u00e9tiennes<\/title>\n<meta name=\"description\" content=\"Chaque 7 mars, le souvenir de Sainte-Perp\u00e9tue et Sainte-F\u00e9licit\u00e9 rejaillit dans notre m\u00e9moire tunisienne.\" \/>\n<link rel=\"canonical\" href=\"https:\/\/www.webdo.tn\/fr\/actualite\/chroniques\/il-y-a-dix-huit-siecles-en-tunisie-le-martyre-de-deux-saintes-chretiennes\/203655\/\" \/>\n<meta property=\"og:locale\" content=\"fr_FR\" \/>\n<meta property=\"og:type\" content=\"article\" \/>\n<meta property=\"og:title\" content=\"Il y a dix-huit si\u00e8cles en Tunisie : Le martyre de deux saintes chr\u00e9tiennes\" \/>\n<meta property=\"og:description\" content=\"Chaque 7 mars, le souvenir de Sainte-Perp\u00e9tue et Sainte-F\u00e9licit\u00e9 rejaillit dans notre m\u00e9moire tunisienne.\" \/>\n<meta property=\"og:url\" content=\"https:\/\/www.webdo.tn\/fr\/actualite\/chroniques\/il-y-a-dix-huit-siecles-en-tunisie-le-martyre-de-deux-saintes-chretiennes\/203655\/\" \/>\n<meta property=\"og:site_name\" content=\"webdo\" \/>\n<meta property=\"article:publisher\" content=\"https:\/\/www.facebook.com\/webdotn\" \/>\n<meta property=\"article:author\" content=\"https:\/\/www.facebook.com\/hatem.bourial.2025\" \/>\n<meta property=\"article:published_time\" content=\"2023-03-07T09:10:00+00:00\" \/>\n<meta property=\"article:modified_time\" content=\"2025-05-17T21:04:42+00:00\" \/>\n<meta property=\"og:image\" content=\"https:\/\/www.webdo.tn\/fr\/wp-content\/uploads\/2023\/03\/bd7305a916e59be1f929e166a93b0a20.jpg\" \/>\n\t<meta property=\"og:image:width\" content=\"582\" \/>\n\t<meta property=\"og:image:height\" content=\"310\" \/>\n\t<meta property=\"og:image:type\" content=\"image\/jpeg\" \/>\n<meta name=\"author\" content=\"Hatem Bourial\" \/>\n<meta name=\"twitter:card\" content=\"summary_large_image\" \/>\n<meta name=\"twitter:creator\" content=\"@webdo_tn\" \/>\n<meta name=\"twitter:site\" content=\"@webdo_tn\" \/>\n<meta name=\"twitter:label1\" content=\"\u00c9crit par\" \/>\n\t<meta name=\"twitter:data1\" content=\"Hatem Bourial\" \/>\n\t<meta name=\"twitter:label2\" content=\"Dur\u00e9e de lecture estim\u00e9e\" \/>\n\t<meta name=\"twitter:data2\" content=\"1 minute\" \/>\n<script type=\"application\/ld+json\" class=\"yoast-schema-graph\">{\"@context\":\"https:\\\/\\\/schema.org\",\"@graph\":[{\"@type\":\"NewsArticle\",\"@id\":\"https:\\\/\\\/www.webdo.tn\\\/fr\\\/actualite\\\/chroniques\\\/il-y-a-dix-huit-siecles-en-tunisie-le-martyre-de-deux-saintes-chretiennes\\\/203655\\\/#article\",\"isPartOf\":{\"@id\":\"https:\\\/\\\/www.webdo.tn\\\/fr\\\/actualite\\\/chroniques\\\/il-y-a-dix-huit-siecles-en-tunisie-le-martyre-de-deux-saintes-chretiennes\\\/203655\\\/\"},\"author\":{\"name\":\"Hatem Bourial\",\"@id\":\"https:\\\/\\\/www.webdo.tn\\\/fr\\\/#\\\/schema\\\/person\\\/6bc0beba2cd23aec27cb5df85ca2554f\"},\"headline\":\"Il y a dix-huit si\u00e8cles en Tunisie : Le martyre de deux saintes chr\u00e9tiennes\",\"datePublished\":\"2023-03-07T09:10:00+00:00\",\"dateModified\":\"2025-05-17T21:04:42+00:00\",\"mainEntityOfPage\":{\"@id\":\"https:\\\/\\\/www.webdo.tn\\\/fr\\\/actualite\\\/chroniques\\\/il-y-a-dix-huit-siecles-en-tunisie-le-martyre-de-deux-saintes-chretiennes\\\/203655\\\/\"},\"wordCount\":274,\"commentCount\":0,\"publisher\":{\"@id\":\"https:\\\/\\\/www.webdo.tn\\\/fr\\\/#organization\"},\"image\":{\"@id\":\"https:\\\/\\\/www.webdo.tn\\\/fr\\\/actualite\\\/chroniques\\\/il-y-a-dix-huit-siecles-en-tunisie-le-martyre-de-deux-saintes-chretiennes\\\/203655\\\/#primaryimage\"},\"thumbnailUrl\":\"https:\\\/\\\/www.webdo.tn\\\/fr\\\/wp-content\\\/uploads\\\/2023\\\/03\\\/bd7305a916e59be1f929e166a93b0a20.jpg\",\"keywords\":[\"F\u00e9licit\u00e9\",\"Perp\u00e9tue\",\"saintes tunisiennes\"],\"articleSection\":[\"Chroniques\"],\"inLanguage\":\"fr-FR\"},{\"@type\":\"WebPage\",\"@id\":\"https:\\\/\\\/www.webdo.tn\\\/fr\\\/actualite\\\/chroniques\\\/il-y-a-dix-huit-siecles-en-tunisie-le-martyre-de-deux-saintes-chretiennes\\\/203655\\\/\",\"url\":\"https:\\\/\\\/www.webdo.tn\\\/fr\\\/actualite\\\/chroniques\\\/il-y-a-dix-huit-siecles-en-tunisie-le-martyre-de-deux-saintes-chretiennes\\\/203655\\\/\",\"name\":\"Il y a dix-huit si\u00e8cles en Tunisie : Le martyre de deux saintes chr\u00e9tiennes\",\"isPartOf\":{\"@id\":\"https:\\\/\\\/www.webdo.tn\\\/fr\\\/#website\"},\"primaryImageOfPage\":{\"@id\":\"https:\\\/\\\/www.webdo.tn\\\/fr\\\/actualite\\\/chroniques\\\/il-y-a-dix-huit-siecles-en-tunisie-le-martyre-de-deux-saintes-chretiennes\\\/203655\\\/#primaryimage\"},\"image\":{\"@id\":\"https:\\\/\\\/www.webdo.tn\\\/fr\\\/actualite\\\/chroniques\\\/il-y-a-dix-huit-siecles-en-tunisie-le-martyre-de-deux-saintes-chretiennes\\\/203655\\\/#primaryimage\"},\"thumbnailUrl\":\"https:\\\/\\\/www.webdo.tn\\\/fr\\\/wp-content\\\/uploads\\\/2023\\\/03\\\/bd7305a916e59be1f929e166a93b0a20.jpg\",\"datePublished\":\"2023-03-07T09:10:00+00:00\",\"dateModified\":\"2025-05-17T21:04:42+00:00\",\"description\":\"Chaque 7 mars, le souvenir de Sainte-Perp\u00e9tue et Sainte-F\u00e9licit\u00e9 rejaillit dans notre m\u00e9moire tunisienne.\",\"breadcrumb\":{\"@id\":\"https:\\\/\\\/www.webdo.tn\\\/fr\\\/actualite\\\/chroniques\\\/il-y-a-dix-huit-siecles-en-tunisie-le-martyre-de-deux-saintes-chretiennes\\\/203655\\\/#breadcrumb\"},\"inLanguage\":\"fr-FR\",\"potentialAction\":[{\"@type\":\"ReadAction\",\"target\":[\"https:\\\/\\\/www.webdo.tn\\\/fr\\\/actualite\\\/chroniques\\\/il-y-a-dix-huit-siecles-en-tunisie-le-martyre-de-deux-saintes-chretiennes\\\/203655\\\/\"]}]},{\"@type\":\"ImageObject\",\"inLanguage\":\"fr-FR\",\"@id\":\"https:\\\/\\\/www.webdo.tn\\\/fr\\\/actualite\\\/chroniques\\\/il-y-a-dix-huit-siecles-en-tunisie-le-martyre-de-deux-saintes-chretiennes\\\/203655\\\/#primaryimage\",\"url\":\"https:\\\/\\\/www.webdo.tn\\\/fr\\\/wp-content\\\/uploads\\\/2023\\\/03\\\/bd7305a916e59be1f929e166a93b0a20.jpg\",\"contentUrl\":\"https:\\\/\\\/www.webdo.tn\\\/fr\\\/wp-content\\\/uploads\\\/2023\\\/03\\\/bd7305a916e59be1f929e166a93b0a20.jpg\",\"width\":582,\"height\":310,\"caption\":\"Il y a dix-huit si\u00e8cles en Tunisie : Le martyre de deux saintes chr\u00e9tiennes\"},{\"@type\":\"BreadcrumbList\",\"@id\":\"https:\\\/\\\/www.webdo.tn\\\/fr\\\/actualite\\\/chroniques\\\/il-y-a-dix-huit-siecles-en-tunisie-le-martyre-de-deux-saintes-chretiennes\\\/203655\\\/#breadcrumb\",\"itemListElement\":[{\"@type\":\"ListItem\",\"position\":1,\"name\":\"Accueil\",\"item\":\"https:\\\/\\\/www.webdo.tn\\\/fr\\\/\"},{\"@type\":\"ListItem\",\"position\":2,\"name\":\"Il y a dix-huit si\u00e8cles en Tunisie : Le martyre de deux saintes chr\u00e9tiennes\"}]},{\"@type\":\"WebSite\",\"@id\":\"https:\\\/\\\/www.webdo.tn\\\/fr\\\/#website\",\"url\":\"https:\\\/\\\/www.webdo.tn\\\/fr\\\/\",\"name\":\"webdo\",\"description\":\"Tunisie - News en Tunisie et \u00e0 l&#039;international sur Webdo.tn\",\"publisher\":{\"@id\":\"https:\\\/\\\/www.webdo.tn\\\/fr\\\/#organization\"},\"potentialAction\":[{\"@type\":\"SearchAction\",\"target\":{\"@type\":\"EntryPoint\",\"urlTemplate\":\"https:\\\/\\\/www.webdo.tn\\\/fr\\\/?s={search_term_string}\"},\"query-input\":{\"@type\":\"PropertyValueSpecification\",\"valueRequired\":true,\"valueName\":\"search_term_string\"}}],\"inLanguage\":\"fr-FR\"},{\"@type\":\"Organization\",\"@id\":\"https:\\\/\\\/www.webdo.tn\\\/fr\\\/#organization\",\"name\":\"Webdo\",\"alternateName\":\"Webdo.tn\",\"url\":\"https:\\\/\\\/www.webdo.tn\\\/fr\\\/\",\"logo\":{\"@type\":\"ImageObject\",\"inLanguage\":\"fr-FR\",\"@id\":\"https:\\\/\\\/www.webdo.tn\\\/fr\\\/#\\\/schema\\\/logo\\\/image\\\/\",\"url\":\"https:\\\/\\\/www.webdo.tn\\\/fr\\\/wp-content\\\/uploads\\\/2025\\\/06\\\/Webdo-Tunisie_168377.jpg\",\"contentUrl\":\"https:\\\/\\\/www.webdo.tn\\\/fr\\\/wp-content\\\/uploads\\\/2025\\\/06\\\/Webdo-Tunisie_168377.jpg\",\"width\":301,\"height\":301,\"caption\":\"Webdo\"},\"image\":{\"@id\":\"https:\\\/\\\/www.webdo.tn\\\/fr\\\/#\\\/schema\\\/logo\\\/image\\\/\"},\"sameAs\":[\"https:\\\/\\\/www.facebook.com\\\/webdotn\",\"https:\\\/\\\/x.com\\\/webdo_tn\"],\"description\":\"Webdo est un m\u00e9dia num\u00e9rique tunisien fond\u00e9 en 2010, sp\u00e9cialis\u00e9 dans l\u2019actualit\u00e9 nationale et internationale, l\u2019\u00e9conomie, la soci\u00e9t\u00e9 et les analyses politiques. Le site s\u2019adresse \u00e0 un large public francophone et couvre l\u2019information tunisienne en temps r\u00e9el.\",\"email\":\"redac@webdo.tn\",\"legalName\":\"YNJ SARL\",\"foundingDate\":\"2010-09-06\",\"numberOfEmployees\":{\"@type\":\"QuantitativeValue\",\"minValue\":\"11\",\"maxValue\":\"50\"}},{\"@type\":\"Person\",\"@id\":\"https:\\\/\\\/www.webdo.tn\\\/fr\\\/#\\\/schema\\\/person\\\/6bc0beba2cd23aec27cb5df85ca2554f\",\"name\":\"Hatem Bourial\",\"image\":{\"@type\":\"ImageObject\",\"inLanguage\":\"fr-FR\",\"@id\":\"https:\\\/\\\/www.webdo.tn\\\/fr\\\/wp-content\\\/uploads\\\/2026\\\/04\\\/hatem-bourial_avatar-96x96.jpg\",\"url\":\"https:\\\/\\\/www.webdo.tn\\\/fr\\\/wp-content\\\/uploads\\\/2026\\\/04\\\/hatem-bourial_avatar-96x96.jpg\",\"contentUrl\":\"https:\\\/\\\/www.webdo.tn\\\/fr\\\/wp-content\\\/uploads\\\/2026\\\/04\\\/hatem-bourial_avatar-96x96.jpg\",\"caption\":\"Hatem Bourial\"},\"description\":\"Hatem Bourial est journaliste, \u00e9crivain et chroniqueur tunisien. Actif depuis plusieurs d\u00e9cennies, il s\u2019est impos\u00e9 comme un observateur attentif de la soci\u00e9t\u00e9 tunisienne, m\u00ealant dans ses \u00e9crits m\u00e9moire, culture et analyse du quotidien. Auteur de nombreux ouvrages, il d\u00e9veloppe une \u0153uvre \u00e0 la crois\u00e9e du r\u00e9cit, de la po\u00e9sie et de l\u2019observation sociologique. Parall\u00e8lement \u00e0 ses contributions dans la presse, il intervient r\u00e9guli\u00e8rement \u00e0 la radio et dans des espaces culturels, o\u00f9 il explore les enjeux li\u00e9s au patrimoine, \u00e0 l\u2019identit\u00e9 et aux transformations du monde contemporain. \u00c0 travers ses chroniques, Hatem Bourial propose une lecture sensible et approfondie de l\u2019actualit\u00e9, nourrie par une exp\u00e9rience journalistique et litt\u00e9raire reconnue. \ud83d\udd17 Facebook : https:\\\/\\\/www.facebook.com\\\/hatem.bourial.2025\",\"sameAs\":[\"https:\\\/\\\/www.facebook.com\\\/hatem.bourial.2025\",\"https:\\\/\\\/fr.wikipedia.org\\\/wiki\\\/Fichier:Hatem_Bourial.jpg\"],\"knowsAbout\":[\"Culture & patrimoine tunisien\",\"Chronique soci\u00e9tale\",\"Litt\u00e9rature & m\u00e9moire\",\"Cin\u00e9ma & critique culturelle\",\"Identit\u00e9 & mutations sociales\"],\"knowsLanguage\":[\"Arabe\",\"Fran\u00e7ais\",\"Anglais\",\"Italien\",\"Polonais\"],\"jobTitle\":\"Journaliste, \u00e9crivain et chroniqueur culturel\",\"worksFor\":\"Webdo\",\"url\":\"https:\\\/\\\/www.webdo.tn\\\/fr\\\/actualite\\\/author\\\/hatem-bourial-2\\\/\"}]}<\/script>\n<!-- \/ Yoast SEO Premium plugin. -->","yoast_head_json":{"title":"Il y a dix-huit si\u00e8cles en Tunisie : Le martyre de deux saintes chr\u00e9tiennes","description":"Chaque 7 mars, le souvenir de Sainte-Perp\u00e9tue et Sainte-F\u00e9licit\u00e9 rejaillit dans notre m\u00e9moire tunisienne.","canonical":"https:\/\/www.webdo.tn\/fr\/actualite\/chroniques\/il-y-a-dix-huit-siecles-en-tunisie-le-martyre-de-deux-saintes-chretiennes\/203655\/","og_locale":"fr_FR","og_type":"article","og_title":"Il y a dix-huit si\u00e8cles en Tunisie : Le martyre de deux saintes chr\u00e9tiennes","og_description":"Chaque 7 mars, le souvenir de Sainte-Perp\u00e9tue et Sainte-F\u00e9licit\u00e9 rejaillit dans notre m\u00e9moire tunisienne.","og_url":"https:\/\/www.webdo.tn\/fr\/actualite\/chroniques\/il-y-a-dix-huit-siecles-en-tunisie-le-martyre-de-deux-saintes-chretiennes\/203655\/","og_site_name":"webdo","article_publisher":"https:\/\/www.facebook.com\/webdotn","article_author":"https:\/\/www.facebook.com\/hatem.bourial.2025","article_published_time":"2023-03-07T09:10:00+00:00","article_modified_time":"2025-05-17T21:04:42+00:00","og_image":[{"width":582,"height":310,"url":"https:\/\/www.webdo.tn\/fr\/wp-content\/uploads\/2023\/03\/bd7305a916e59be1f929e166a93b0a20.jpg","type":"image\/jpeg"}],"author":"Hatem Bourial","twitter_card":"summary_large_image","twitter_creator":"@webdo_tn","twitter_site":"@webdo_tn","twitter_misc":{"\u00c9crit par":"Hatem Bourial","Dur\u00e9e de lecture estim\u00e9e":"1 minute"},"schema":{"@context":"https:\/\/schema.org","@graph":[{"@type":"NewsArticle","@id":"https:\/\/www.webdo.tn\/fr\/actualite\/chroniques\/il-y-a-dix-huit-siecles-en-tunisie-le-martyre-de-deux-saintes-chretiennes\/203655\/#article","isPartOf":{"@id":"https:\/\/www.webdo.tn\/fr\/actualite\/chroniques\/il-y-a-dix-huit-siecles-en-tunisie-le-martyre-de-deux-saintes-chretiennes\/203655\/"},"author":{"name":"Hatem Bourial","@id":"https:\/\/www.webdo.tn\/fr\/#\/schema\/person\/6bc0beba2cd23aec27cb5df85ca2554f"},"headline":"Il y a dix-huit si\u00e8cles en Tunisie : Le martyre de deux saintes chr\u00e9tiennes","datePublished":"2023-03-07T09:10:00+00:00","dateModified":"2025-05-17T21:04:42+00:00","mainEntityOfPage":{"@id":"https:\/\/www.webdo.tn\/fr\/actualite\/chroniques\/il-y-a-dix-huit-siecles-en-tunisie-le-martyre-de-deux-saintes-chretiennes\/203655\/"},"wordCount":274,"commentCount":0,"publisher":{"@id":"https:\/\/www.webdo.tn\/fr\/#organization"},"image":{"@id":"https:\/\/www.webdo.tn\/fr\/actualite\/chroniques\/il-y-a-dix-huit-siecles-en-tunisie-le-martyre-de-deux-saintes-chretiennes\/203655\/#primaryimage"},"thumbnailUrl":"https:\/\/www.webdo.tn\/fr\/wp-content\/uploads\/2023\/03\/bd7305a916e59be1f929e166a93b0a20.jpg","keywords":["F\u00e9licit\u00e9","Perp\u00e9tue","saintes tunisiennes"],"articleSection":["Chroniques"],"inLanguage":"fr-FR"},{"@type":"WebPage","@id":"https:\/\/www.webdo.tn\/fr\/actualite\/chroniques\/il-y-a-dix-huit-siecles-en-tunisie-le-martyre-de-deux-saintes-chretiennes\/203655\/","url":"https:\/\/www.webdo.tn\/fr\/actualite\/chroniques\/il-y-a-dix-huit-siecles-en-tunisie-le-martyre-de-deux-saintes-chretiennes\/203655\/","name":"Il y a dix-huit si\u00e8cles en Tunisie : Le martyre de deux saintes chr\u00e9tiennes","isPartOf":{"@id":"https:\/\/www.webdo.tn\/fr\/#website"},"primaryImageOfPage":{"@id":"https:\/\/www.webdo.tn\/fr\/actualite\/chroniques\/il-y-a-dix-huit-siecles-en-tunisie-le-martyre-de-deux-saintes-chretiennes\/203655\/#primaryimage"},"image":{"@id":"https:\/\/www.webdo.tn\/fr\/actualite\/chroniques\/il-y-a-dix-huit-siecles-en-tunisie-le-martyre-de-deux-saintes-chretiennes\/203655\/#primaryimage"},"thumbnailUrl":"https:\/\/www.webdo.tn\/fr\/wp-content\/uploads\/2023\/03\/bd7305a916e59be1f929e166a93b0a20.jpg","datePublished":"2023-03-07T09:10:00+00:00","dateModified":"2025-05-17T21:04:42+00:00","description":"Chaque 7 mars, le souvenir de Sainte-Perp\u00e9tue et Sainte-F\u00e9licit\u00e9 rejaillit dans notre m\u00e9moire tunisienne.","breadcrumb":{"@id":"https:\/\/www.webdo.tn\/fr\/actualite\/chroniques\/il-y-a-dix-huit-siecles-en-tunisie-le-martyre-de-deux-saintes-chretiennes\/203655\/#breadcrumb"},"inLanguage":"fr-FR","potentialAction":[{"@type":"ReadAction","target":["https:\/\/www.webdo.tn\/fr\/actualite\/chroniques\/il-y-a-dix-huit-siecles-en-tunisie-le-martyre-de-deux-saintes-chretiennes\/203655\/"]}]},{"@type":"ImageObject","inLanguage":"fr-FR","@id":"https:\/\/www.webdo.tn\/fr\/actualite\/chroniques\/il-y-a-dix-huit-siecles-en-tunisie-le-martyre-de-deux-saintes-chretiennes\/203655\/#primaryimage","url":"https:\/\/www.webdo.tn\/fr\/wp-content\/uploads\/2023\/03\/bd7305a916e59be1f929e166a93b0a20.jpg","contentUrl":"https:\/\/www.webdo.tn\/fr\/wp-content\/uploads\/2023\/03\/bd7305a916e59be1f929e166a93b0a20.jpg","width":582,"height":310,"caption":"Il y a dix-huit si\u00e8cles en Tunisie : Le martyre de deux saintes chr\u00e9tiennes"},{"@type":"BreadcrumbList","@id":"https:\/\/www.webdo.tn\/fr\/actualite\/chroniques\/il-y-a-dix-huit-siecles-en-tunisie-le-martyre-de-deux-saintes-chretiennes\/203655\/#breadcrumb","itemListElement":[{"@type":"ListItem","position":1,"name":"Accueil","item":"https:\/\/www.webdo.tn\/fr\/"},{"@type":"ListItem","position":2,"name":"Il y a dix-huit si\u00e8cles en Tunisie : Le martyre de deux saintes chr\u00e9tiennes"}]},{"@type":"WebSite","@id":"https:\/\/www.webdo.tn\/fr\/#website","url":"https:\/\/www.webdo.tn\/fr\/","name":"webdo","description":"Tunisie - News en Tunisie et \u00e0 l&#039;international sur Webdo.tn","publisher":{"@id":"https:\/\/www.webdo.tn\/fr\/#organization"},"potentialAction":[{"@type":"SearchAction","target":{"@type":"EntryPoint","urlTemplate":"https:\/\/www.webdo.tn\/fr\/?s={search_term_string}"},"query-input":{"@type":"PropertyValueSpecification","valueRequired":true,"valueName":"search_term_string"}}],"inLanguage":"fr-FR"},{"@type":"Organization","@id":"https:\/\/www.webdo.tn\/fr\/#organization","name":"Webdo","alternateName":"Webdo.tn","url":"https:\/\/www.webdo.tn\/fr\/","logo":{"@type":"ImageObject","inLanguage":"fr-FR","@id":"https:\/\/www.webdo.tn\/fr\/#\/schema\/logo\/image\/","url":"https:\/\/www.webdo.tn\/fr\/wp-content\/uploads\/2025\/06\/Webdo-Tunisie_168377.jpg","contentUrl":"https:\/\/www.webdo.tn\/fr\/wp-content\/uploads\/2025\/06\/Webdo-Tunisie_168377.jpg","width":301,"height":301,"caption":"Webdo"},"image":{"@id":"https:\/\/www.webdo.tn\/fr\/#\/schema\/logo\/image\/"},"sameAs":["https:\/\/www.facebook.com\/webdotn","https:\/\/x.com\/webdo_tn"],"description":"Webdo est un m\u00e9dia num\u00e9rique tunisien fond\u00e9 en 2010, sp\u00e9cialis\u00e9 dans l\u2019actualit\u00e9 nationale et internationale, l\u2019\u00e9conomie, la soci\u00e9t\u00e9 et les analyses politiques. Le site s\u2019adresse \u00e0 un large public francophone et couvre l\u2019information tunisienne en temps r\u00e9el.","email":"redac@webdo.tn","legalName":"YNJ SARL","foundingDate":"2010-09-06","numberOfEmployees":{"@type":"QuantitativeValue","minValue":"11","maxValue":"50"}},{"@type":"Person","@id":"https:\/\/www.webdo.tn\/fr\/#\/schema\/person\/6bc0beba2cd23aec27cb5df85ca2554f","name":"Hatem Bourial","image":{"@type":"ImageObject","inLanguage":"fr-FR","@id":"https:\/\/www.webdo.tn\/fr\/wp-content\/uploads\/2026\/04\/hatem-bourial_avatar-96x96.jpg","url":"https:\/\/www.webdo.tn\/fr\/wp-content\/uploads\/2026\/04\/hatem-bourial_avatar-96x96.jpg","contentUrl":"https:\/\/www.webdo.tn\/fr\/wp-content\/uploads\/2026\/04\/hatem-bourial_avatar-96x96.jpg","caption":"Hatem Bourial"},"description":"Hatem Bourial est journaliste, \u00e9crivain et chroniqueur tunisien. Actif depuis plusieurs d\u00e9cennies, il s\u2019est impos\u00e9 comme un observateur attentif de la soci\u00e9t\u00e9 tunisienne, m\u00ealant dans ses \u00e9crits m\u00e9moire, culture et analyse du quotidien. Auteur de nombreux ouvrages, il d\u00e9veloppe une \u0153uvre \u00e0 la crois\u00e9e du r\u00e9cit, de la po\u00e9sie et de l\u2019observation sociologique. Parall\u00e8lement \u00e0 ses contributions dans la presse, il intervient r\u00e9guli\u00e8rement \u00e0 la radio et dans des espaces culturels, o\u00f9 il explore les enjeux li\u00e9s au patrimoine, \u00e0 l\u2019identit\u00e9 et aux transformations du monde contemporain. \u00c0 travers ses chroniques, Hatem Bourial propose une lecture sensible et approfondie de l\u2019actualit\u00e9, nourrie par une exp\u00e9rience journalistique et litt\u00e9raire reconnue. \ud83d\udd17 Facebook : https:\/\/www.facebook.com\/hatem.bourial.2025","sameAs":["https:\/\/www.facebook.com\/hatem.bourial.2025","https:\/\/fr.wikipedia.org\/wiki\/Fichier:Hatem_Bourial.jpg"],"knowsAbout":["Culture & patrimoine tunisien","Chronique soci\u00e9tale","Litt\u00e9rature & m\u00e9moire","Cin\u00e9ma & critique culturelle","Identit\u00e9 & mutations sociales"],"knowsLanguage":["Arabe","Fran\u00e7ais","Anglais","Italien","Polonais"],"jobTitle":"Journaliste, \u00e9crivain et chroniqueur culturel","worksFor":"Webdo","url":"https:\/\/www.webdo.tn\/fr\/actualite\/author\/hatem-bourial-2\/"}]}},"_links":{"self":[{"href":"https:\/\/www.webdo.tn\/fr\/wp-json\/wp\/v2\/posts\/203655","targetHints":{"allow":["GET"]}}],"collection":[{"href":"https:\/\/www.webdo.tn\/fr\/wp-json\/wp\/v2\/posts"}],"about":[{"href":"https:\/\/www.webdo.tn\/fr\/wp-json\/wp\/v2\/types\/post"}],"author":[{"embeddable":true,"href":"https:\/\/www.webdo.tn\/fr\/wp-json\/wp\/v2\/users\/3229"}],"replies":[{"embeddable":true,"href":"https:\/\/www.webdo.tn\/fr\/wp-json\/wp\/v2\/comments?post=203655"}],"version-history":[{"count":0,"href":"https:\/\/www.webdo.tn\/fr\/wp-json\/wp\/v2\/posts\/203655\/revisions"}],"wp:featuredmedia":[{"embeddable":true,"href":"https:\/\/www.webdo.tn\/fr\/wp-json\/wp\/v2\/media\/277856"}],"wp:attachment":[{"href":"https:\/\/www.webdo.tn\/fr\/wp-json\/wp\/v2\/media?parent=203655"}],"wp:term":[{"taxonomy":"category","embeddable":true,"href":"https:\/\/www.webdo.tn\/fr\/wp-json\/wp\/v2\/categories?post=203655"},{"taxonomy":"post_tag","embeddable":true,"href":"https:\/\/www.webdo.tn\/fr\/wp-json\/wp\/v2\/tags?post=203655"}],"curies":[{"name":"wp","href":"https:\/\/api.w.org\/{rel}","templated":true}]}}