{"id":203651,"date":"2023-03-07T07:47:00","date_gmt":"2023-03-07T07:47:00","guid":{"rendered":"https:\/\/www.webdo.tn\/fr\/blog\/la-detention-de-bechir-akermi-prolongee-de-cinq-jours\/203651\/"},"modified":"2025-05-20T22:45:07","modified_gmt":"2025-05-20T22:45:07","slug":"la-detention-de-bechir-akermi-prolongee-de-cinq-jours","status":"publish","type":"post","link":"https:\/\/www.webdo.tn\/fr\/actualite\/national\/la-detention-de-bechir-akermi-prolongee-de-cinq-jours\/203651\/","title":{"rendered":"La d\u00e9tention de Bechir Akermi prolong\u00e9e de cinq jours"},"content":{"rendered":"<p>Le minist\u00e8re public au P\u00f4le judiciaire de lutte contre le terrorisme a autoris\u00e9 hier lundi 6 mars, de prolonger de cinq jours la d\u00e9tention de l\u2019ancien procureur de la R\u00e9publique au Tribunal de premi\u00e8re instance de Tunis, le magistrat r\u00e9voqu\u00e9 B\u00e9chir Akremi.<\/p>\n<p>\t\t\t\t\t\t\t\t\tB\u00e9chir Akremi a \u00e9t\u00e9 admis \u00e0 l\u2019h\u00f4pital psychiatrique Errazi suite \u00e0 une crise. Il a \u00e9t\u00e9 ensuite replac\u00e9 en d\u00e9tention.\u00a0<\/p>\n<p>Selon des sources judiciaires, il serait accus\u00e9 de vouloir changer le statut d\u2019un accus\u00e9 dans une affaire terroriste.<\/p>\n","protected":false},"excerpt":{"rendered":"<p>Le minist\u00e8re public au P\u00f4le judiciaire de lutte contre le terrorisme a autoris\u00e9 hier lundi 6 mars, de prolonger de cinq jours la d\u00e9tention de l\u2019ancien procureur&#8230;<\/p>\n","protected":false},"author":3175,"featured_media":251815,"comment_status":"open","ping_status":"closed","sticky":false,"template":"","format":"standard","meta":{"footnotes":""},"categories":[44],"tags":[8730,2619,2608],"class_list":["post-203651","post","type-post","status-publish","format-standard","has-post-thumbnail","hentry","category-national","tag-bechir-akermi","tag-justice","tag-tunisie"],"yoast_head":"<!-- This site is optimized with the Yoast SEO Premium plugin v27.4 (Yoast SEO v27.4) - https:\/\/yoast.com\/product\/yoast-seo-premium-wordpress\/ -->\n<title>La d\u00e9tention de Bechir Akermi prolong\u00e9e de cinq jours<\/title>\n<meta name=\"description\" content=\"Le minist\u00e8re public au P\u00f4le judiciaire de lutte contre le terrorisme a autoris\u00e9 hier lundi 6 mars, de prolonger de cinq jours la d\u00e9tention de l\u2019ancien procureur...\" \/>\n<link rel=\"canonical\" href=\"https:\/\/www.webdo.tn\/fr\/actualite\/national\/la-detention-de-bechir-akermi-prolongee-de-cinq-jours\/203651\/\" \/>\n<meta property=\"og:locale\" content=\"fr_FR\" \/>\n<meta property=\"og:type\" content=\"article\" \/>\n<meta property=\"og:title\" content=\"La d\u00e9tention de Bechir Akermi prolong\u00e9e de cinq jours\" \/>\n<meta property=\"og:description\" content=\"Le minist\u00e8re public au P\u00f4le judiciaire de lutte contre le terrorisme a autoris\u00e9 hier lundi 6 mars, de prolonger de cinq jours la d\u00e9tention de l\u2019ancien procureur...\" \/>\n<meta property=\"og:url\" content=\"https:\/\/www.webdo.tn\/fr\/actualite\/national\/la-detention-de-bechir-akermi-prolongee-de-cinq-jours\/203651\/\" \/>\n<meta property=\"og:site_name\" content=\"webdo\" \/>\n<meta property=\"article:publisher\" content=\"https:\/\/www.facebook.com\/webdotn\" \/>\n<meta property=\"article:published_time\" content=\"2023-03-07T07:47:00+00:00\" \/>\n<meta property=\"article:modified_time\" content=\"2025-05-20T22:45:07+00:00\" \/>\n<meta property=\"og:image\" content=\"https:\/\/www.webdo.tn\/fr\/wp-content\/uploads\/2023\/03\/a69f3669025e33e8dab21046c9893588.png\" \/>\n\t<meta property=\"og:image:width\" content=\"750\" \/>\n\t<meta property=\"og:image:height\" content=\"400\" \/>\n\t<meta property=\"og:image:type\" content=\"image\/png\" \/>\n<meta name=\"author\" content=\"CL\" \/>\n<meta name=\"twitter:card\" content=\"summary_large_image\" \/>\n<meta name=\"twitter:creator\" content=\"@webdo_tn\" \/>\n<meta name=\"twitter:site\" content=\"@webdo_tn\" \/>\n<meta name=\"twitter:label1\" content=\"\u00c9crit par\" \/>\n\t<meta name=\"twitter:data1\" content=\"CL\" \/>\n<script type=\"application\/ld+json\" class=\"yoast-schema-graph\">{\"@context\":\"https:\\\/\\\/schema.org\",\"@graph\":[{\"@type\":\"NewsArticle\",\"@id\":\"https:\\\/\\\/www.webdo.tn\\\/fr\\\/actualite\\\/national\\\/la-detention-de-bechir-akermi-prolongee-de-cinq-jours\\\/203651\\\/#article\",\"isPartOf\":{\"@id\":\"https:\\\/\\\/www.webdo.tn\\\/fr\\\/actualite\\\/national\\\/la-detention-de-bechir-akermi-prolongee-de-cinq-jours\\\/203651\\\/\"},\"author\":{\"name\":\"CL\",\"@id\":\"https:\\\/\\\/www.webdo.tn\\\/fr\\\/#\\\/schema\\\/person\\\/f35b42a42c5e2511bbd282959d6385cc\"},\"headline\":\"La d\u00e9tention de Bechir Akermi prolong\u00e9e de cinq jours\",\"datePublished\":\"2023-03-07T07:47:00+00:00\",\"dateModified\":\"2025-05-20T22:45:07+00:00\",\"mainEntityOfPage\":{\"@id\":\"https:\\\/\\\/www.webdo.tn\\\/fr\\\/actualite\\\/national\\\/la-detention-de-bechir-akermi-prolongee-de-cinq-jours\\\/203651\\\/\"},\"wordCount\":101,\"commentCount\":0,\"publisher\":{\"@id\":\"https:\\\/\\\/www.webdo.tn\\\/fr\\\/#organization\"},\"image\":{\"@id\":\"https:\\\/\\\/www.webdo.tn\\\/fr\\\/actualite\\\/national\\\/la-detention-de-bechir-akermi-prolongee-de-cinq-jours\\\/203651\\\/#primaryimage\"},\"thumbnailUrl\":\"https:\\\/\\\/www.webdo.tn\\\/fr\\\/wp-content\\\/uploads\\\/2023\\\/03\\\/a69f3669025e33e8dab21046c9893588.png\",\"keywords\":[\"B\u00e9chir Akermi\",\"justice\",\"Tunisie\"],\"articleSection\":[\"National\"],\"inLanguage\":\"fr-FR\"},{\"@type\":\"WebPage\",\"@id\":\"https:\\\/\\\/www.webdo.tn\\\/fr\\\/actualite\\\/national\\\/la-detention-de-bechir-akermi-prolongee-de-cinq-jours\\\/203651\\\/\",\"url\":\"https:\\\/\\\/www.webdo.tn\\\/fr\\\/actualite\\\/national\\\/la-detention-de-bechir-akermi-prolongee-de-cinq-jours\\\/203651\\\/\",\"name\":\"La d\u00e9tention de Bechir Akermi prolong\u00e9e de cinq jours\",\"isPartOf\":{\"@id\":\"https:\\\/\\\/www.webdo.tn\\\/fr\\\/#website\"},\"primaryImageOfPage\":{\"@id\":\"https:\\\/\\\/www.webdo.tn\\\/fr\\\/actualite\\\/national\\\/la-detention-de-bechir-akermi-prolongee-de-cinq-jours\\\/203651\\\/#primaryimage\"},\"image\":{\"@id\":\"https:\\\/\\\/www.webdo.tn\\\/fr\\\/actualite\\\/national\\\/la-detention-de-bechir-akermi-prolongee-de-cinq-jours\\\/203651\\\/#primaryimage\"},\"thumbnailUrl\":\"https:\\\/\\\/www.webdo.tn\\\/fr\\\/wp-content\\\/uploads\\\/2023\\\/03\\\/a69f3669025e33e8dab21046c9893588.png\",\"datePublished\":\"2023-03-07T07:47:00+00:00\",\"dateModified\":\"2025-05-20T22:45:07+00:00\",\"description\":\"Le minist\u00e8re public au P\u00f4le judiciaire de lutte contre le terrorisme a autoris\u00e9 hier lundi 6 mars, de prolonger de cinq jours la d\u00e9tention de l\u2019ancien procureur...\",\"breadcrumb\":{\"@id\":\"https:\\\/\\\/www.webdo.tn\\\/fr\\\/actualite\\\/national\\\/la-detention-de-bechir-akermi-prolongee-de-cinq-jours\\\/203651\\\/#breadcrumb\"},\"inLanguage\":\"fr-FR\",\"potentialAction\":[{\"@type\":\"ReadAction\",\"target\":[\"https:\\\/\\\/www.webdo.tn\\\/fr\\\/actualite\\\/national\\\/la-detention-de-bechir-akermi-prolongee-de-cinq-jours\\\/203651\\\/\"]}]},{\"@type\":\"ImageObject\",\"inLanguage\":\"fr-FR\",\"@id\":\"https:\\\/\\\/www.webdo.tn\\\/fr\\\/actualite\\\/national\\\/la-detention-de-bechir-akermi-prolongee-de-cinq-jours\\\/203651\\\/#primaryimage\",\"url\":\"https:\\\/\\\/www.webdo.tn\\\/fr\\\/wp-content\\\/uploads\\\/2023\\\/03\\\/a69f3669025e33e8dab21046c9893588.png\",\"contentUrl\":\"https:\\\/\\\/www.webdo.tn\\\/fr\\\/wp-content\\\/uploads\\\/2023\\\/03\\\/a69f3669025e33e8dab21046c9893588.png\",\"width\":750,\"height\":400,\"caption\":\"Bechir Akermi\"},{\"@type\":\"BreadcrumbList\",\"@id\":\"https:\\\/\\\/www.webdo.tn\\\/fr\\\/actualite\\\/national\\\/la-detention-de-bechir-akermi-prolongee-de-cinq-jours\\\/203651\\\/#breadcrumb\",\"itemListElement\":[{\"@type\":\"ListItem\",\"position\":1,\"name\":\"Accueil\",\"item\":\"https:\\\/\\\/www.webdo.tn\\\/fr\\\/\"},{\"@type\":\"ListItem\",\"position\":2,\"name\":\"La d\u00e9tention de Bechir Akermi prolong\u00e9e de cinq jours\"}]},{\"@type\":\"WebSite\",\"@id\":\"https:\\\/\\\/www.webdo.tn\\\/fr\\\/#website\",\"url\":\"https:\\\/\\\/www.webdo.tn\\\/fr\\\/\",\"name\":\"webdo\",\"description\":\"Tunisie - News en Tunisie et \u00e0 l&#039;international sur Webdo.tn\",\"publisher\":{\"@id\":\"https:\\\/\\\/www.webdo.tn\\\/fr\\\/#organization\"},\"potentialAction\":[{\"@type\":\"SearchAction\",\"target\":{\"@type\":\"EntryPoint\",\"urlTemplate\":\"https:\\\/\\\/www.webdo.tn\\\/fr\\\/?s={search_term_string}\"},\"query-input\":{\"@type\":\"PropertyValueSpecification\",\"valueRequired\":true,\"valueName\":\"search_term_string\"}}],\"inLanguage\":\"fr-FR\"},{\"@type\":\"Organization\",\"@id\":\"https:\\\/\\\/www.webdo.tn\\\/fr\\\/#organization\",\"name\":\"Webdo\",\"alternateName\":\"Webdo.tn\",\"url\":\"https:\\\/\\\/www.webdo.tn\\\/fr\\\/\",\"logo\":{\"@type\":\"ImageObject\",\"inLanguage\":\"fr-FR\",\"@id\":\"https:\\\/\\\/www.webdo.tn\\\/fr\\\/#\\\/schema\\\/logo\\\/image\\\/\",\"url\":\"https:\\\/\\\/www.webdo.tn\\\/fr\\\/wp-content\\\/uploads\\\/2025\\\/06\\\/Webdo-Tunisie_168377.jpg\",\"contentUrl\":\"https:\\\/\\\/www.webdo.tn\\\/fr\\\/wp-content\\\/uploads\\\/2025\\\/06\\\/Webdo-Tunisie_168377.jpg\",\"width\":301,\"height\":301,\"caption\":\"Webdo\"},\"image\":{\"@id\":\"https:\\\/\\\/www.webdo.tn\\\/fr\\\/#\\\/schema\\\/logo\\\/image\\\/\"},\"sameAs\":[\"https:\\\/\\\/www.facebook.com\\\/webdotn\",\"https:\\\/\\\/x.com\\\/webdo_tn\"],\"description\":\"Webdo est un m\u00e9dia num\u00e9rique tunisien fond\u00e9 en 2010, sp\u00e9cialis\u00e9 dans l\u2019actualit\u00e9 nationale et internationale, l\u2019\u00e9conomie, la soci\u00e9t\u00e9 et les analyses politiques. Le site s\u2019adresse \u00e0 un large public francophone et couvre l\u2019information tunisienne en temps r\u00e9el.\",\"email\":\"redac@webdo.tn\",\"legalName\":\"YNJ SARL\",\"foundingDate\":\"2010-09-06\",\"numberOfEmployees\":{\"@type\":\"QuantitativeValue\",\"minValue\":\"11\",\"maxValue\":\"50\"}},{\"@type\":\"Person\",\"@id\":\"https:\\\/\\\/www.webdo.tn\\\/fr\\\/#\\\/schema\\\/person\\\/f35b42a42c5e2511bbd282959d6385cc\",\"name\":\"CL\",\"image\":{\"@type\":\"ImageObject\",\"inLanguage\":\"fr-FR\",\"@id\":\"https:\\\/\\\/secure.gravatar.com\\\/avatar\\\/1447a49909b67aa657c488aec6512e1dd6143a480c1ecfee9b5b5cd74eb3b59e?s=96&d=mm&r=g\",\"url\":\"https:\\\/\\\/secure.gravatar.com\\\/avatar\\\/1447a49909b67aa657c488aec6512e1dd6143a480c1ecfee9b5b5cd74eb3b59e?s=96&d=mm&r=g\",\"contentUrl\":\"https:\\\/\\\/secure.gravatar.com\\\/avatar\\\/1447a49909b67aa657c488aec6512e1dd6143a480c1ecfee9b5b5cd74eb3b59e?s=96&d=mm&r=g\",\"caption\":\"CL\"},\"url\":\"https:\\\/\\\/www.webdo.tn\\\/fr\\\/actualite\\\/author\\\/cl\\\/\"}]}<\/script>\n<!-- \/ Yoast SEO Premium plugin. -->","yoast_head_json":{"title":"La d\u00e9tention de Bechir Akermi prolong\u00e9e de cinq jours","description":"Le minist\u00e8re public au P\u00f4le judiciaire de lutte contre le terrorisme a autoris\u00e9 hier lundi 6 mars, de prolonger de cinq jours la d\u00e9tention de l\u2019ancien procureur...","canonical":"https:\/\/www.webdo.tn\/fr\/actualite\/national\/la-detention-de-bechir-akermi-prolongee-de-cinq-jours\/203651\/","og_locale":"fr_FR","og_type":"article","og_title":"La d\u00e9tention de Bechir Akermi prolong\u00e9e de cinq jours","og_description":"Le minist\u00e8re public au P\u00f4le judiciaire de lutte contre le terrorisme a autoris\u00e9 hier lundi 6 mars, de prolonger de cinq jours la d\u00e9tention de l\u2019ancien procureur...","og_url":"https:\/\/www.webdo.tn\/fr\/actualite\/national\/la-detention-de-bechir-akermi-prolongee-de-cinq-jours\/203651\/","og_site_name":"webdo","article_publisher":"https:\/\/www.facebook.com\/webdotn","article_published_time":"2023-03-07T07:47:00+00:00","article_modified_time":"2025-05-20T22:45:07+00:00","og_image":[{"width":750,"height":400,"url":"https:\/\/www.webdo.tn\/fr\/wp-content\/uploads\/2023\/03\/a69f3669025e33e8dab21046c9893588.png","type":"image\/png"}],"author":"CL","twitter_card":"summary_large_image","twitter_creator":"@webdo_tn","twitter_site":"@webdo_tn","twitter_misc":{"\u00c9crit par":"CL"},"schema":{"@context":"https:\/\/schema.org","@graph":[{"@type":"NewsArticle","@id":"https:\/\/www.webdo.tn\/fr\/actualite\/national\/la-detention-de-bechir-akermi-prolongee-de-cinq-jours\/203651\/#article","isPartOf":{"@id":"https:\/\/www.webdo.tn\/fr\/actualite\/national\/la-detention-de-bechir-akermi-prolongee-de-cinq-jours\/203651\/"},"author":{"name":"CL","@id":"https:\/\/www.webdo.tn\/fr\/#\/schema\/person\/f35b42a42c5e2511bbd282959d6385cc"},"headline":"La d\u00e9tention de Bechir Akermi prolong\u00e9e de cinq jours","datePublished":"2023-03-07T07:47:00+00:00","dateModified":"2025-05-20T22:45:07+00:00","mainEntityOfPage":{"@id":"https:\/\/www.webdo.tn\/fr\/actualite\/national\/la-detention-de-bechir-akermi-prolongee-de-cinq-jours\/203651\/"},"wordCount":101,"commentCount":0,"publisher":{"@id":"https:\/\/www.webdo.tn\/fr\/#organization"},"image":{"@id":"https:\/\/www.webdo.tn\/fr\/actualite\/national\/la-detention-de-bechir-akermi-prolongee-de-cinq-jours\/203651\/#primaryimage"},"thumbnailUrl":"https:\/\/www.webdo.tn\/fr\/wp-content\/uploads\/2023\/03\/a69f3669025e33e8dab21046c9893588.png","keywords":["B\u00e9chir Akermi","justice","Tunisie"],"articleSection":["National"],"inLanguage":"fr-FR"},{"@type":"WebPage","@id":"https:\/\/www.webdo.tn\/fr\/actualite\/national\/la-detention-de-bechir-akermi-prolongee-de-cinq-jours\/203651\/","url":"https:\/\/www.webdo.tn\/fr\/actualite\/national\/la-detention-de-bechir-akermi-prolongee-de-cinq-jours\/203651\/","name":"La d\u00e9tention de Bechir Akermi prolong\u00e9e de cinq jours","isPartOf":{"@id":"https:\/\/www.webdo.tn\/fr\/#website"},"primaryImageOfPage":{"@id":"https:\/\/www.webdo.tn\/fr\/actualite\/national\/la-detention-de-bechir-akermi-prolongee-de-cinq-jours\/203651\/#primaryimage"},"image":{"@id":"https:\/\/www.webdo.tn\/fr\/actualite\/national\/la-detention-de-bechir-akermi-prolongee-de-cinq-jours\/203651\/#primaryimage"},"thumbnailUrl":"https:\/\/www.webdo.tn\/fr\/wp-content\/uploads\/2023\/03\/a69f3669025e33e8dab21046c9893588.png","datePublished":"2023-03-07T07:47:00+00:00","dateModified":"2025-05-20T22:45:07+00:00","description":"Le minist\u00e8re public au P\u00f4le judiciaire de lutte contre le terrorisme a autoris\u00e9 hier lundi 6 mars, de prolonger de cinq jours la d\u00e9tention de l\u2019ancien procureur...","breadcrumb":{"@id":"https:\/\/www.webdo.tn\/fr\/actualite\/national\/la-detention-de-bechir-akermi-prolongee-de-cinq-jours\/203651\/#breadcrumb"},"inLanguage":"fr-FR","potentialAction":[{"@type":"ReadAction","target":["https:\/\/www.webdo.tn\/fr\/actualite\/national\/la-detention-de-bechir-akermi-prolongee-de-cinq-jours\/203651\/"]}]},{"@type":"ImageObject","inLanguage":"fr-FR","@id":"https:\/\/www.webdo.tn\/fr\/actualite\/national\/la-detention-de-bechir-akermi-prolongee-de-cinq-jours\/203651\/#primaryimage","url":"https:\/\/www.webdo.tn\/fr\/wp-content\/uploads\/2023\/03\/a69f3669025e33e8dab21046c9893588.png","contentUrl":"https:\/\/www.webdo.tn\/fr\/wp-content\/uploads\/2023\/03\/a69f3669025e33e8dab21046c9893588.png","width":750,"height":400,"caption":"Bechir Akermi"},{"@type":"BreadcrumbList","@id":"https:\/\/www.webdo.tn\/fr\/actualite\/national\/la-detention-de-bechir-akermi-prolongee-de-cinq-jours\/203651\/#breadcrumb","itemListElement":[{"@type":"ListItem","position":1,"name":"Accueil","item":"https:\/\/www.webdo.tn\/fr\/"},{"@type":"ListItem","position":2,"name":"La d\u00e9tention de Bechir Akermi prolong\u00e9e de cinq jours"}]},{"@type":"WebSite","@id":"https:\/\/www.webdo.tn\/fr\/#website","url":"https:\/\/www.webdo.tn\/fr\/","name":"webdo","description":"Tunisie - News en Tunisie et \u00e0 l&#039;international sur Webdo.tn","publisher":{"@id":"https:\/\/www.webdo.tn\/fr\/#organization"},"potentialAction":[{"@type":"SearchAction","target":{"@type":"EntryPoint","urlTemplate":"https:\/\/www.webdo.tn\/fr\/?s={search_term_string}"},"query-input":{"@type":"PropertyValueSpecification","valueRequired":true,"valueName":"search_term_string"}}],"inLanguage":"fr-FR"},{"@type":"Organization","@id":"https:\/\/www.webdo.tn\/fr\/#organization","name":"Webdo","alternateName":"Webdo.tn","url":"https:\/\/www.webdo.tn\/fr\/","logo":{"@type":"ImageObject","inLanguage":"fr-FR","@id":"https:\/\/www.webdo.tn\/fr\/#\/schema\/logo\/image\/","url":"https:\/\/www.webdo.tn\/fr\/wp-content\/uploads\/2025\/06\/Webdo-Tunisie_168377.jpg","contentUrl":"https:\/\/www.webdo.tn\/fr\/wp-content\/uploads\/2025\/06\/Webdo-Tunisie_168377.jpg","width":301,"height":301,"caption":"Webdo"},"image":{"@id":"https:\/\/www.webdo.tn\/fr\/#\/schema\/logo\/image\/"},"sameAs":["https:\/\/www.facebook.com\/webdotn","https:\/\/x.com\/webdo_tn"],"description":"Webdo est un m\u00e9dia num\u00e9rique tunisien fond\u00e9 en 2010, sp\u00e9cialis\u00e9 dans l\u2019actualit\u00e9 nationale et internationale, l\u2019\u00e9conomie, la soci\u00e9t\u00e9 et les analyses politiques. Le site s\u2019adresse \u00e0 un large public francophone et couvre l\u2019information tunisienne en temps r\u00e9el.","email":"redac@webdo.tn","legalName":"YNJ SARL","foundingDate":"2010-09-06","numberOfEmployees":{"@type":"QuantitativeValue","minValue":"11","maxValue":"50"}},{"@type":"Person","@id":"https:\/\/www.webdo.tn\/fr\/#\/schema\/person\/f35b42a42c5e2511bbd282959d6385cc","name":"CL","image":{"@type":"ImageObject","inLanguage":"fr-FR","@id":"https:\/\/secure.gravatar.com\/avatar\/1447a49909b67aa657c488aec6512e1dd6143a480c1ecfee9b5b5cd74eb3b59e?s=96&d=mm&r=g","url":"https:\/\/secure.gravatar.com\/avatar\/1447a49909b67aa657c488aec6512e1dd6143a480c1ecfee9b5b5cd74eb3b59e?s=96&d=mm&r=g","contentUrl":"https:\/\/secure.gravatar.com\/avatar\/1447a49909b67aa657c488aec6512e1dd6143a480c1ecfee9b5b5cd74eb3b59e?s=96&d=mm&r=g","caption":"CL"},"url":"https:\/\/www.webdo.tn\/fr\/actualite\/author\/cl\/"}]}},"_links":{"self":[{"href":"https:\/\/www.webdo.tn\/fr\/wp-json\/wp\/v2\/posts\/203651","targetHints":{"allow":["GET"]}}],"collection":[{"href":"https:\/\/www.webdo.tn\/fr\/wp-json\/wp\/v2\/posts"}],"about":[{"href":"https:\/\/www.webdo.tn\/fr\/wp-json\/wp\/v2\/types\/post"}],"author":[{"embeddable":true,"href":"https:\/\/www.webdo.tn\/fr\/wp-json\/wp\/v2\/users\/3175"}],"replies":[{"embeddable":true,"href":"https:\/\/www.webdo.tn\/fr\/wp-json\/wp\/v2\/comments?post=203651"}],"version-history":[{"count":0,"href":"https:\/\/www.webdo.tn\/fr\/wp-json\/wp\/v2\/posts\/203651\/revisions"}],"wp:featuredmedia":[{"embeddable":true,"href":"https:\/\/www.webdo.tn\/fr\/wp-json\/wp\/v2\/media\/251815"}],"wp:attachment":[{"href":"https:\/\/www.webdo.tn\/fr\/wp-json\/wp\/v2\/media?parent=203651"}],"wp:term":[{"taxonomy":"category","embeddable":true,"href":"https:\/\/www.webdo.tn\/fr\/wp-json\/wp\/v2\/categories?post=203651"},{"taxonomy":"post_tag","embeddable":true,"href":"https:\/\/www.webdo.tn\/fr\/wp-json\/wp\/v2\/tags?post=203651"}],"curies":[{"name":"wp","href":"https:\/\/api.w.org\/{rel}","templated":true}]}}