{"id":203645,"date":"2023-03-06T20:15:00","date_gmt":"2023-03-06T20:15:00","guid":{"rendered":"https:\/\/www.webdo.tn\/fr\/blog\/nabil-ammar-il-est-aussi-bien-etonnant-que-drole-d-accuser-la-tunisie-de-racisme\/203645\/"},"modified":"2025-05-20T22:45:06","modified_gmt":"2025-05-20T22:45:06","slug":"nabil-ammar-il-est-aussi-bien-etonnant-que-drole-d-accuser-la-tunisie-de-racisme","status":"publish","type":"post","link":"https:\/\/www.webdo.tn\/fr\/actualite\/national\/nabil-ammar-il-est-aussi-bien-etonnant-que-drole-d-accuser-la-tunisie-de-racisme\/203645\/","title":{"rendered":"Nabil Ammar : \u00ab\u00a0Il est aussi bien \u00e9tonnant que dr\u00f4le d&rsquo;accuser la Tunisie de racisme \u00ab\u00a0"},"content":{"rendered":"<p>Le ministre des Affaires \u00e9trang\u00e8res, Nabil Ammar, s&rsquo;est adress\u00e9 ce lundi 6 mars 2023 aux m\u00e9dias locaux et \u00e9trangers pour \u00e9clairer sur les mesures prises par les autorit\u00e9s tunisiennes en mati\u00e8re de gestion de l&rsquo;immigration, notamment l&rsquo;immigration irr\u00e9guli\u00e8re.<\/p>\n<p>\t\t\t\t\t\t\t\t\tLa conf\u00e9rence de presse organis\u00e9e par le chef de la diplomatie tunisienne a eu lieu en pr\u00e9sence des repr\u00e9sentants des minist\u00e8res de l&rsquo;Int\u00e9rieur, des Affaires sociales, et de l&rsquo;Enseignement sup\u00e9rieur et de la Recherche scientifique.<\/p>\n<p>\u00ab\u00a0Il est aussi bien \u00e9tonnant que dr\u00f4le d&rsquo;accuser la Tunisie d&rsquo;Etat raciste\u00a0\u00bb, a-t-il dit.\u00a0<\/p>\n<p>Il a insist\u00e9, dans ce sens, que la Tunisie \u00ab\u00a0a abrit\u00e9 durant des ann\u00e9es des r\u00e9sidents et des migrants de plusieurs nationalit\u00e9s (&#8230;) Le minist\u00e8re des Affaires \u00e9trang\u00e8res ainsi que celui de l&rsquo;Int\u00e9rieur ont arr\u00eat\u00e9 tous ceux qui ont commis des agressions, avec preuves \u00e0 l&rsquo;appui, suite \u00e0 des enregistrements diffus\u00e9s sur les r\u00e9seaux sociaux ou suite \u00e0 des plaintes d\u00e9pos\u00e9es par des Subsahariens en Tunisie\u00a0\u00bb.<\/p>\n","protected":false},"excerpt":{"rendered":"<p>Le ministre des Affaires \u00e9trang\u00e8res, Nabil Ammar, s&rsquo;est adress\u00e9 ce lundi 6 mars 2023 aux m\u00e9dias locaux et \u00e9trangers pour \u00e9clairer sur les mesures prises par les&#8230;<\/p>\n","protected":false},"author":3175,"featured_media":251813,"comment_status":"open","ping_status":"closed","sticky":false,"template":"","format":"standard","meta":{"footnotes":""},"categories":[44],"tags":[5912,8242,3377,2608],"class_list":["post-203645","post","type-post","status-publish","format-standard","has-post-thumbnail","hentry","category-national","tag-nabil-ammar","tag-racisme","tag-subsahariens","tag-tunisie"],"yoast_head":"<!-- This site is optimized with the Yoast SEO Premium plugin v27.4 (Yoast SEO v27.4) - https:\/\/yoast.com\/product\/yoast-seo-premium-wordpress\/ -->\n<title>Nabil Ammar : Il est aussi bien \u00e9tonnant que dr\u00f4le d&#039;accuser la Tunisie de racisme<\/title>\n<meta name=\"description\" content=\"Le ministre des Affaires \u00e9trang\u00e8res, Nabil Ammar, s&#039;est adress\u00e9 ce lundi 6 mars 2023 aux m\u00e9dias locaux et \u00e9trangers pour \u00e9clairer sur les mesures prises par les...\" \/>\n<link rel=\"canonical\" href=\"https:\/\/www.webdo.tn\/fr\/actualite\/national\/nabil-ammar-il-est-aussi-bien-etonnant-que-drole-d-accuser-la-tunisie-de-racisme\/203645\/\" \/>\n<meta property=\"og:locale\" content=\"fr_FR\" \/>\n<meta property=\"og:type\" content=\"article\" \/>\n<meta property=\"og:title\" content=\"Nabil Ammar : &quot;Il est aussi bien \u00e9tonnant que dr\u00f4le d&#039;accuser la Tunisie de racisme &quot;\" \/>\n<meta property=\"og:description\" content=\"Le ministre des Affaires \u00e9trang\u00e8res, Nabil Ammar, s&#039;est adress\u00e9 ce lundi 6 mars 2023 aux m\u00e9dias locaux et \u00e9trangers pour \u00e9clairer sur les mesures prises par les...\" \/>\n<meta property=\"og:url\" content=\"https:\/\/www.webdo.tn\/fr\/actualite\/national\/nabil-ammar-il-est-aussi-bien-etonnant-que-drole-d-accuser-la-tunisie-de-racisme\/203645\/\" \/>\n<meta property=\"og:site_name\" content=\"webdo\" \/>\n<meta property=\"article:publisher\" content=\"https:\/\/www.facebook.com\/webdotn\" \/>\n<meta property=\"article:published_time\" content=\"2023-03-06T20:15:00+00:00\" \/>\n<meta property=\"article:modified_time\" content=\"2025-05-20T22:45:06+00:00\" \/>\n<meta property=\"og:image\" content=\"https:\/\/www.webdo.tn\/fr\/wp-content\/uploads\/2023\/03\/bccc660f04b55234865905927614c63c.jpg\" \/>\n\t<meta property=\"og:image:width\" content=\"750\" \/>\n\t<meta property=\"og:image:height\" content=\"400\" \/>\n\t<meta property=\"og:image:type\" content=\"image\/jpeg\" \/>\n<meta name=\"author\" content=\"CL\" \/>\n<meta name=\"twitter:card\" content=\"summary_large_image\" \/>\n<meta name=\"twitter:creator\" content=\"@webdo_tn\" \/>\n<meta name=\"twitter:site\" content=\"@webdo_tn\" \/>\n<meta name=\"twitter:label1\" content=\"\u00c9crit par\" \/>\n\t<meta name=\"twitter:data1\" content=\"CL\" \/>\n\t<meta name=\"twitter:label2\" content=\"Dur\u00e9e de lecture estim\u00e9e\" \/>\n\t<meta name=\"twitter:data2\" content=\"1 minute\" \/>\n<script type=\"application\/ld+json\" class=\"yoast-schema-graph\">{\"@context\":\"https:\\\/\\\/schema.org\",\"@graph\":[{\"@type\":\"NewsArticle\",\"@id\":\"https:\\\/\\\/www.webdo.tn\\\/fr\\\/actualite\\\/national\\\/nabil-ammar-il-est-aussi-bien-etonnant-que-drole-d-accuser-la-tunisie-de-racisme\\\/203645\\\/#article\",\"isPartOf\":{\"@id\":\"https:\\\/\\\/www.webdo.tn\\\/fr\\\/actualite\\\/national\\\/nabil-ammar-il-est-aussi-bien-etonnant-que-drole-d-accuser-la-tunisie-de-racisme\\\/203645\\\/\"},\"author\":{\"name\":\"CL\",\"@id\":\"https:\\\/\\\/www.webdo.tn\\\/fr\\\/#\\\/schema\\\/person\\\/f35b42a42c5e2511bbd282959d6385cc\"},\"headline\":\"Nabil Ammar : \u00ab\u00a0Il est aussi bien \u00e9tonnant que dr\u00f4le d&rsquo;accuser la Tunisie de racisme \u00ab\u00a0\",\"datePublished\":\"2023-03-06T20:15:00+00:00\",\"dateModified\":\"2025-05-20T22:45:06+00:00\",\"mainEntityOfPage\":{\"@id\":\"https:\\\/\\\/www.webdo.tn\\\/fr\\\/actualite\\\/national\\\/nabil-ammar-il-est-aussi-bien-etonnant-que-drole-d-accuser-la-tunisie-de-racisme\\\/203645\\\/\"},\"wordCount\":197,\"commentCount\":0,\"publisher\":{\"@id\":\"https:\\\/\\\/www.webdo.tn\\\/fr\\\/#organization\"},\"image\":{\"@id\":\"https:\\\/\\\/www.webdo.tn\\\/fr\\\/actualite\\\/national\\\/nabil-ammar-il-est-aussi-bien-etonnant-que-drole-d-accuser-la-tunisie-de-racisme\\\/203645\\\/#primaryimage\"},\"thumbnailUrl\":\"https:\\\/\\\/www.webdo.tn\\\/fr\\\/wp-content\\\/uploads\\\/2023\\\/03\\\/bccc660f04b55234865905927614c63c.jpg\",\"keywords\":[\"Nabil Ammar\",\"racisme\",\"Subsahariens\",\"Tunisie\"],\"articleSection\":[\"National\"],\"inLanguage\":\"fr-FR\"},{\"@type\":\"WebPage\",\"@id\":\"https:\\\/\\\/www.webdo.tn\\\/fr\\\/actualite\\\/national\\\/nabil-ammar-il-est-aussi-bien-etonnant-que-drole-d-accuser-la-tunisie-de-racisme\\\/203645\\\/\",\"url\":\"https:\\\/\\\/www.webdo.tn\\\/fr\\\/actualite\\\/national\\\/nabil-ammar-il-est-aussi-bien-etonnant-que-drole-d-accuser-la-tunisie-de-racisme\\\/203645\\\/\",\"name\":\"Nabil Ammar : Il est aussi bien \u00e9tonnant que dr\u00f4le d'accuser la Tunisie de racisme\",\"isPartOf\":{\"@id\":\"https:\\\/\\\/www.webdo.tn\\\/fr\\\/#website\"},\"primaryImageOfPage\":{\"@id\":\"https:\\\/\\\/www.webdo.tn\\\/fr\\\/actualite\\\/national\\\/nabil-ammar-il-est-aussi-bien-etonnant-que-drole-d-accuser-la-tunisie-de-racisme\\\/203645\\\/#primaryimage\"},\"image\":{\"@id\":\"https:\\\/\\\/www.webdo.tn\\\/fr\\\/actualite\\\/national\\\/nabil-ammar-il-est-aussi-bien-etonnant-que-drole-d-accuser-la-tunisie-de-racisme\\\/203645\\\/#primaryimage\"},\"thumbnailUrl\":\"https:\\\/\\\/www.webdo.tn\\\/fr\\\/wp-content\\\/uploads\\\/2023\\\/03\\\/bccc660f04b55234865905927614c63c.jpg\",\"datePublished\":\"2023-03-06T20:15:00+00:00\",\"dateModified\":\"2025-05-20T22:45:06+00:00\",\"description\":\"Le ministre des Affaires \u00e9trang\u00e8res, Nabil Ammar, s'est adress\u00e9 ce lundi 6 mars 2023 aux m\u00e9dias locaux et \u00e9trangers pour \u00e9clairer sur les mesures prises par les...\",\"breadcrumb\":{\"@id\":\"https:\\\/\\\/www.webdo.tn\\\/fr\\\/actualite\\\/national\\\/nabil-ammar-il-est-aussi-bien-etonnant-que-drole-d-accuser-la-tunisie-de-racisme\\\/203645\\\/#breadcrumb\"},\"inLanguage\":\"fr-FR\",\"potentialAction\":[{\"@type\":\"ReadAction\",\"target\":[\"https:\\\/\\\/www.webdo.tn\\\/fr\\\/actualite\\\/national\\\/nabil-ammar-il-est-aussi-bien-etonnant-que-drole-d-accuser-la-tunisie-de-racisme\\\/203645\\\/\"]}]},{\"@type\":\"ImageObject\",\"inLanguage\":\"fr-FR\",\"@id\":\"https:\\\/\\\/www.webdo.tn\\\/fr\\\/actualite\\\/national\\\/nabil-ammar-il-est-aussi-bien-etonnant-que-drole-d-accuser-la-tunisie-de-racisme\\\/203645\\\/#primaryimage\",\"url\":\"https:\\\/\\\/www.webdo.tn\\\/fr\\\/wp-content\\\/uploads\\\/2023\\\/03\\\/bccc660f04b55234865905927614c63c.jpg\",\"contentUrl\":\"https:\\\/\\\/www.webdo.tn\\\/fr\\\/wp-content\\\/uploads\\\/2023\\\/03\\\/bccc660f04b55234865905927614c63c.jpg\",\"width\":750,\"height\":400,\"caption\":\"Nabil Ammar\"},{\"@type\":\"BreadcrumbList\",\"@id\":\"https:\\\/\\\/www.webdo.tn\\\/fr\\\/actualite\\\/national\\\/nabil-ammar-il-est-aussi-bien-etonnant-que-drole-d-accuser-la-tunisie-de-racisme\\\/203645\\\/#breadcrumb\",\"itemListElement\":[{\"@type\":\"ListItem\",\"position\":1,\"name\":\"Accueil\",\"item\":\"https:\\\/\\\/www.webdo.tn\\\/fr\\\/\"},{\"@type\":\"ListItem\",\"position\":2,\"name\":\"Nabil Ammar : &#8220;Il est aussi bien \u00e9tonnant que dr\u00f4le d&#8217;accuser la Tunisie de racisme &#8220;\"}]},{\"@type\":\"WebSite\",\"@id\":\"https:\\\/\\\/www.webdo.tn\\\/fr\\\/#website\",\"url\":\"https:\\\/\\\/www.webdo.tn\\\/fr\\\/\",\"name\":\"webdo\",\"description\":\"Tunisie - News en Tunisie et \u00e0 l&#039;international sur Webdo.tn\",\"publisher\":{\"@id\":\"https:\\\/\\\/www.webdo.tn\\\/fr\\\/#organization\"},\"potentialAction\":[{\"@type\":\"SearchAction\",\"target\":{\"@type\":\"EntryPoint\",\"urlTemplate\":\"https:\\\/\\\/www.webdo.tn\\\/fr\\\/?s={search_term_string}\"},\"query-input\":{\"@type\":\"PropertyValueSpecification\",\"valueRequired\":true,\"valueName\":\"search_term_string\"}}],\"inLanguage\":\"fr-FR\"},{\"@type\":\"Organization\",\"@id\":\"https:\\\/\\\/www.webdo.tn\\\/fr\\\/#organization\",\"name\":\"Webdo\",\"alternateName\":\"Webdo.tn\",\"url\":\"https:\\\/\\\/www.webdo.tn\\\/fr\\\/\",\"logo\":{\"@type\":\"ImageObject\",\"inLanguage\":\"fr-FR\",\"@id\":\"https:\\\/\\\/www.webdo.tn\\\/fr\\\/#\\\/schema\\\/logo\\\/image\\\/\",\"url\":\"https:\\\/\\\/www.webdo.tn\\\/fr\\\/wp-content\\\/uploads\\\/2025\\\/06\\\/Webdo-Tunisie_168377.jpg\",\"contentUrl\":\"https:\\\/\\\/www.webdo.tn\\\/fr\\\/wp-content\\\/uploads\\\/2025\\\/06\\\/Webdo-Tunisie_168377.jpg\",\"width\":301,\"height\":301,\"caption\":\"Webdo\"},\"image\":{\"@id\":\"https:\\\/\\\/www.webdo.tn\\\/fr\\\/#\\\/schema\\\/logo\\\/image\\\/\"},\"sameAs\":[\"https:\\\/\\\/www.facebook.com\\\/webdotn\",\"https:\\\/\\\/x.com\\\/webdo_tn\"],\"description\":\"Webdo est un m\u00e9dia num\u00e9rique tunisien fond\u00e9 en 2010, sp\u00e9cialis\u00e9 dans l\u2019actualit\u00e9 nationale et internationale, l\u2019\u00e9conomie, la soci\u00e9t\u00e9 et les analyses politiques. Le site s\u2019adresse \u00e0 un large public francophone et couvre l\u2019information tunisienne en temps r\u00e9el.\",\"email\":\"redac@webdo.tn\",\"legalName\":\"YNJ SARL\",\"foundingDate\":\"2010-09-06\",\"numberOfEmployees\":{\"@type\":\"QuantitativeValue\",\"minValue\":\"11\",\"maxValue\":\"50\"}},{\"@type\":\"Person\",\"@id\":\"https:\\\/\\\/www.webdo.tn\\\/fr\\\/#\\\/schema\\\/person\\\/f35b42a42c5e2511bbd282959d6385cc\",\"name\":\"CL\",\"image\":{\"@type\":\"ImageObject\",\"inLanguage\":\"fr-FR\",\"@id\":\"https:\\\/\\\/secure.gravatar.com\\\/avatar\\\/1447a49909b67aa657c488aec6512e1dd6143a480c1ecfee9b5b5cd74eb3b59e?s=96&d=mm&r=g\",\"url\":\"https:\\\/\\\/secure.gravatar.com\\\/avatar\\\/1447a49909b67aa657c488aec6512e1dd6143a480c1ecfee9b5b5cd74eb3b59e?s=96&d=mm&r=g\",\"contentUrl\":\"https:\\\/\\\/secure.gravatar.com\\\/avatar\\\/1447a49909b67aa657c488aec6512e1dd6143a480c1ecfee9b5b5cd74eb3b59e?s=96&d=mm&r=g\",\"caption\":\"CL\"},\"url\":\"https:\\\/\\\/www.webdo.tn\\\/fr\\\/actualite\\\/author\\\/cl\\\/\"}]}<\/script>\n<!-- \/ Yoast SEO Premium plugin. -->","yoast_head_json":{"title":"Nabil Ammar : Il est aussi bien \u00e9tonnant que dr\u00f4le d'accuser la Tunisie de racisme","description":"Le ministre des Affaires \u00e9trang\u00e8res, Nabil Ammar, s'est adress\u00e9 ce lundi 6 mars 2023 aux m\u00e9dias locaux et \u00e9trangers pour \u00e9clairer sur les mesures prises par les...","canonical":"https:\/\/www.webdo.tn\/fr\/actualite\/national\/nabil-ammar-il-est-aussi-bien-etonnant-que-drole-d-accuser-la-tunisie-de-racisme\/203645\/","og_locale":"fr_FR","og_type":"article","og_title":"Nabil Ammar : \"Il est aussi bien \u00e9tonnant que dr\u00f4le d'accuser la Tunisie de racisme \"","og_description":"Le ministre des Affaires \u00e9trang\u00e8res, Nabil Ammar, s'est adress\u00e9 ce lundi 6 mars 2023 aux m\u00e9dias locaux et \u00e9trangers pour \u00e9clairer sur les mesures prises par les...","og_url":"https:\/\/www.webdo.tn\/fr\/actualite\/national\/nabil-ammar-il-est-aussi-bien-etonnant-que-drole-d-accuser-la-tunisie-de-racisme\/203645\/","og_site_name":"webdo","article_publisher":"https:\/\/www.facebook.com\/webdotn","article_published_time":"2023-03-06T20:15:00+00:00","article_modified_time":"2025-05-20T22:45:06+00:00","og_image":[{"width":750,"height":400,"url":"https:\/\/www.webdo.tn\/fr\/wp-content\/uploads\/2023\/03\/bccc660f04b55234865905927614c63c.jpg","type":"image\/jpeg"}],"author":"CL","twitter_card":"summary_large_image","twitter_creator":"@webdo_tn","twitter_site":"@webdo_tn","twitter_misc":{"\u00c9crit par":"CL","Dur\u00e9e de lecture estim\u00e9e":"1 minute"},"schema":{"@context":"https:\/\/schema.org","@graph":[{"@type":"NewsArticle","@id":"https:\/\/www.webdo.tn\/fr\/actualite\/national\/nabil-ammar-il-est-aussi-bien-etonnant-que-drole-d-accuser-la-tunisie-de-racisme\/203645\/#article","isPartOf":{"@id":"https:\/\/www.webdo.tn\/fr\/actualite\/national\/nabil-ammar-il-est-aussi-bien-etonnant-que-drole-d-accuser-la-tunisie-de-racisme\/203645\/"},"author":{"name":"CL","@id":"https:\/\/www.webdo.tn\/fr\/#\/schema\/person\/f35b42a42c5e2511bbd282959d6385cc"},"headline":"Nabil Ammar : \u00ab\u00a0Il est aussi bien \u00e9tonnant que dr\u00f4le d&rsquo;accuser la Tunisie de racisme \u00ab\u00a0","datePublished":"2023-03-06T20:15:00+00:00","dateModified":"2025-05-20T22:45:06+00:00","mainEntityOfPage":{"@id":"https:\/\/www.webdo.tn\/fr\/actualite\/national\/nabil-ammar-il-est-aussi-bien-etonnant-que-drole-d-accuser-la-tunisie-de-racisme\/203645\/"},"wordCount":197,"commentCount":0,"publisher":{"@id":"https:\/\/www.webdo.tn\/fr\/#organization"},"image":{"@id":"https:\/\/www.webdo.tn\/fr\/actualite\/national\/nabil-ammar-il-est-aussi-bien-etonnant-que-drole-d-accuser-la-tunisie-de-racisme\/203645\/#primaryimage"},"thumbnailUrl":"https:\/\/www.webdo.tn\/fr\/wp-content\/uploads\/2023\/03\/bccc660f04b55234865905927614c63c.jpg","keywords":["Nabil Ammar","racisme","Subsahariens","Tunisie"],"articleSection":["National"],"inLanguage":"fr-FR"},{"@type":"WebPage","@id":"https:\/\/www.webdo.tn\/fr\/actualite\/national\/nabil-ammar-il-est-aussi-bien-etonnant-que-drole-d-accuser-la-tunisie-de-racisme\/203645\/","url":"https:\/\/www.webdo.tn\/fr\/actualite\/national\/nabil-ammar-il-est-aussi-bien-etonnant-que-drole-d-accuser-la-tunisie-de-racisme\/203645\/","name":"Nabil Ammar : Il est aussi bien \u00e9tonnant que dr\u00f4le d'accuser la Tunisie de racisme","isPartOf":{"@id":"https:\/\/www.webdo.tn\/fr\/#website"},"primaryImageOfPage":{"@id":"https:\/\/www.webdo.tn\/fr\/actualite\/national\/nabil-ammar-il-est-aussi-bien-etonnant-que-drole-d-accuser-la-tunisie-de-racisme\/203645\/#primaryimage"},"image":{"@id":"https:\/\/www.webdo.tn\/fr\/actualite\/national\/nabil-ammar-il-est-aussi-bien-etonnant-que-drole-d-accuser-la-tunisie-de-racisme\/203645\/#primaryimage"},"thumbnailUrl":"https:\/\/www.webdo.tn\/fr\/wp-content\/uploads\/2023\/03\/bccc660f04b55234865905927614c63c.jpg","datePublished":"2023-03-06T20:15:00+00:00","dateModified":"2025-05-20T22:45:06+00:00","description":"Le ministre des Affaires \u00e9trang\u00e8res, Nabil Ammar, s'est adress\u00e9 ce lundi 6 mars 2023 aux m\u00e9dias locaux et \u00e9trangers pour \u00e9clairer sur les mesures prises par les...","breadcrumb":{"@id":"https:\/\/www.webdo.tn\/fr\/actualite\/national\/nabil-ammar-il-est-aussi-bien-etonnant-que-drole-d-accuser-la-tunisie-de-racisme\/203645\/#breadcrumb"},"inLanguage":"fr-FR","potentialAction":[{"@type":"ReadAction","target":["https:\/\/www.webdo.tn\/fr\/actualite\/national\/nabil-ammar-il-est-aussi-bien-etonnant-que-drole-d-accuser-la-tunisie-de-racisme\/203645\/"]}]},{"@type":"ImageObject","inLanguage":"fr-FR","@id":"https:\/\/www.webdo.tn\/fr\/actualite\/national\/nabil-ammar-il-est-aussi-bien-etonnant-que-drole-d-accuser-la-tunisie-de-racisme\/203645\/#primaryimage","url":"https:\/\/www.webdo.tn\/fr\/wp-content\/uploads\/2023\/03\/bccc660f04b55234865905927614c63c.jpg","contentUrl":"https:\/\/www.webdo.tn\/fr\/wp-content\/uploads\/2023\/03\/bccc660f04b55234865905927614c63c.jpg","width":750,"height":400,"caption":"Nabil Ammar"},{"@type":"BreadcrumbList","@id":"https:\/\/www.webdo.tn\/fr\/actualite\/national\/nabil-ammar-il-est-aussi-bien-etonnant-que-drole-d-accuser-la-tunisie-de-racisme\/203645\/#breadcrumb","itemListElement":[{"@type":"ListItem","position":1,"name":"Accueil","item":"https:\/\/www.webdo.tn\/fr\/"},{"@type":"ListItem","position":2,"name":"Nabil Ammar : &#8220;Il est aussi bien \u00e9tonnant que dr\u00f4le d&#8217;accuser la Tunisie de racisme &#8220;"}]},{"@type":"WebSite","@id":"https:\/\/www.webdo.tn\/fr\/#website","url":"https:\/\/www.webdo.tn\/fr\/","name":"webdo","description":"Tunisie - News en Tunisie et \u00e0 l&#039;international sur Webdo.tn","publisher":{"@id":"https:\/\/www.webdo.tn\/fr\/#organization"},"potentialAction":[{"@type":"SearchAction","target":{"@type":"EntryPoint","urlTemplate":"https:\/\/www.webdo.tn\/fr\/?s={search_term_string}"},"query-input":{"@type":"PropertyValueSpecification","valueRequired":true,"valueName":"search_term_string"}}],"inLanguage":"fr-FR"},{"@type":"Organization","@id":"https:\/\/www.webdo.tn\/fr\/#organization","name":"Webdo","alternateName":"Webdo.tn","url":"https:\/\/www.webdo.tn\/fr\/","logo":{"@type":"ImageObject","inLanguage":"fr-FR","@id":"https:\/\/www.webdo.tn\/fr\/#\/schema\/logo\/image\/","url":"https:\/\/www.webdo.tn\/fr\/wp-content\/uploads\/2025\/06\/Webdo-Tunisie_168377.jpg","contentUrl":"https:\/\/www.webdo.tn\/fr\/wp-content\/uploads\/2025\/06\/Webdo-Tunisie_168377.jpg","width":301,"height":301,"caption":"Webdo"},"image":{"@id":"https:\/\/www.webdo.tn\/fr\/#\/schema\/logo\/image\/"},"sameAs":["https:\/\/www.facebook.com\/webdotn","https:\/\/x.com\/webdo_tn"],"description":"Webdo est un m\u00e9dia num\u00e9rique tunisien fond\u00e9 en 2010, sp\u00e9cialis\u00e9 dans l\u2019actualit\u00e9 nationale et internationale, l\u2019\u00e9conomie, la soci\u00e9t\u00e9 et les analyses politiques. Le site s\u2019adresse \u00e0 un large public francophone et couvre l\u2019information tunisienne en temps r\u00e9el.","email":"redac@webdo.tn","legalName":"YNJ SARL","foundingDate":"2010-09-06","numberOfEmployees":{"@type":"QuantitativeValue","minValue":"11","maxValue":"50"}},{"@type":"Person","@id":"https:\/\/www.webdo.tn\/fr\/#\/schema\/person\/f35b42a42c5e2511bbd282959d6385cc","name":"CL","image":{"@type":"ImageObject","inLanguage":"fr-FR","@id":"https:\/\/secure.gravatar.com\/avatar\/1447a49909b67aa657c488aec6512e1dd6143a480c1ecfee9b5b5cd74eb3b59e?s=96&d=mm&r=g","url":"https:\/\/secure.gravatar.com\/avatar\/1447a49909b67aa657c488aec6512e1dd6143a480c1ecfee9b5b5cd74eb3b59e?s=96&d=mm&r=g","contentUrl":"https:\/\/secure.gravatar.com\/avatar\/1447a49909b67aa657c488aec6512e1dd6143a480c1ecfee9b5b5cd74eb3b59e?s=96&d=mm&r=g","caption":"CL"},"url":"https:\/\/www.webdo.tn\/fr\/actualite\/author\/cl\/"}]}},"_links":{"self":[{"href":"https:\/\/www.webdo.tn\/fr\/wp-json\/wp\/v2\/posts\/203645","targetHints":{"allow":["GET"]}}],"collection":[{"href":"https:\/\/www.webdo.tn\/fr\/wp-json\/wp\/v2\/posts"}],"about":[{"href":"https:\/\/www.webdo.tn\/fr\/wp-json\/wp\/v2\/types\/post"}],"author":[{"embeddable":true,"href":"https:\/\/www.webdo.tn\/fr\/wp-json\/wp\/v2\/users\/3175"}],"replies":[{"embeddable":true,"href":"https:\/\/www.webdo.tn\/fr\/wp-json\/wp\/v2\/comments?post=203645"}],"version-history":[{"count":0,"href":"https:\/\/www.webdo.tn\/fr\/wp-json\/wp\/v2\/posts\/203645\/revisions"}],"wp:featuredmedia":[{"embeddable":true,"href":"https:\/\/www.webdo.tn\/fr\/wp-json\/wp\/v2\/media\/251813"}],"wp:attachment":[{"href":"https:\/\/www.webdo.tn\/fr\/wp-json\/wp\/v2\/media?parent=203645"}],"wp:term":[{"taxonomy":"category","embeddable":true,"href":"https:\/\/www.webdo.tn\/fr\/wp-json\/wp\/v2\/categories?post=203645"},{"taxonomy":"post_tag","embeddable":true,"href":"https:\/\/www.webdo.tn\/fr\/wp-json\/wp\/v2\/tags?post=203645"}],"curies":[{"name":"wp","href":"https:\/\/api.w.org\/{rel}","templated":true}]}}