{"id":203640,"date":"2023-03-06T18:51:00","date_gmt":"2023-03-06T18:51:00","guid":{"rendered":"https:\/\/www.webdo.tn\/fr\/blog\/oranges-rappelees-en-france-gifruits-tunisie-precise\/203640\/"},"modified":"2025-05-20T22:45:05","modified_gmt":"2025-05-20T22:45:05","slug":"oranges-rappelees-en-france-gifruits-tunisie-precise","status":"publish","type":"post","link":"https:\/\/www.webdo.tn\/fr\/actualite\/national\/oranges-rappelees-en-france-gifruits-tunisie-precise\/203640\/","title":{"rendered":"Oranges rappel\u00e9es en France : GIFruits Tunisie pr\u00e9cise"},"content":{"rendered":"<p>Le Groupement Interprofessionnel des Fruits (GIFruits) a fait savoir, lundi 6 mars 2023, qu&rsquo;une seule remorque d&rsquo;oranges maltaises de 20 tonnes a \u00e9t\u00e9 refoul\u00e9e du march\u00e9 fran\u00e7ais, tout au long de la campagne d\u2019exportation actuelle, et ce, en raison de la d\u00e9tection d&rsquo;une maladie des taches noires des agrumes, appel\u00e9e \u00ab\u00a0Citrus Black Spot CBS\u00a0\u00bb.<\/p>\n<p>\t\t\t\t\t\t\t\t\tSeulement certaines enseignes fran\u00e7aises ont retir\u00e9 quelques quantit\u00e9s commercialis\u00e9es, \u00e0 savoir 10 palettes de calibre 8, suite \u00e0 des analyses r\u00e9alis\u00e9es par leurs services de contr\u00f4le de la qualit\u00e9 qui ont d\u00e9tect\u00e9 des taux \u00ab\u00a0consid\u00e9r\u00e9s importants\u00a0\u00bb de limite maximale de r\u00e9sidus (LMR), a encore ajout\u00e9 le groupement dans un communiqu\u00e9.<\/p>\n<p>Ces pr\u00e9cisions interviennent suite \u00e0 une alerte publi\u00e9e le 3 mars courant par le site gouvernemental fran\u00e7ais \u00ab\u00a0Rappel Conso\u00a0\u00bb, sur le retrait de certains lots d&rsquo;oranges mataises tunisiennes du march\u00e9 fran\u00e7ais car elles contenaient des niveaux \u00e9lev\u00e9s de limite maximale de r\u00e9sidus.<\/p>\n<p>Selon Gifruits, la proc\u00e9dure de retrait reste \u00ab\u00a0tr\u00e8s fr\u00e9quente\u00a0\u00bb et \u00ab\u00a0touche tous les produits d&rsquo;origine v\u00e9g\u00e9tale de n&rsquo;importe quelle destination m\u00eame les produits fran\u00e7ais\u00a0\u00bb&#8230;.\u00a0\u00bbLe rappel des produit en se r\u00e9f\u00e9rant \u00e0 leur tra\u00e7abilit\u00e9 (N\u00b0 lot), se fait automatiquement sans pour autant toucher \u00e0 la notori\u00e9t\u00e9 du produit ou interdire sa commercialisation. En cas de suspicion d&rsquo;existence de r\u00e9sidus chimiques, les exportateurs tunisiens font des analyses de LMR aupr\u00e8s des laboratoires sp\u00e9cialis\u00e9s pour s&rsquo;assurer de la conformit\u00e9 du produit, avant chaque exp\u00e9dition\u00a0\u00bb.<\/p>\n<p>Depuis le d\u00e9marrage de la campagne d&rsquo;exportation des oranges maltaises, le 7 janvier 2023, les quantit\u00e9s export\u00e9es on atteint 6130 tonnes, jusqu&rsquo;au 6 mars 2023, contre 6884 tonnes, durant la m\u00eame p\u00e9riode de l&rsquo;ann\u00e9e \u00e9coul\u00e9e, soit une baisse de 11% en quantit\u00e9s.<\/p>\n","protected":false},"excerpt":{"rendered":"<p>Le Groupement Interprofessionnel des Fruits (GIFruits) a fait savoir, lundi 6 mars 2023, qu&rsquo;une seule remorque d&rsquo;oranges maltaises de 20 tonnes a \u00e9t\u00e9 refoul\u00e9e d&#8230;<\/p>\n","protected":false},"author":3175,"featured_media":251811,"comment_status":"open","ping_status":"closed","sticky":false,"template":"","format":"standard","meta":{"footnotes":""},"categories":[44],"tags":[2998,6814,6813,2608],"class_list":["post-203640","post","type-post","status-publish","format-standard","has-post-thumbnail","hentry","category-national","tag-france","tag-maltaises","tag-oranges","tag-tunisie"],"yoast_head":"<!-- This site is optimized with the Yoast SEO Premium plugin v27.5 (Yoast SEO v27.5) - https:\/\/yoast.com\/product\/yoast-seo-premium-wordpress\/ -->\n<title>Oranges rappel\u00e9es en France : GIFruits Tunisie pr\u00e9cise<\/title>\n<meta name=\"description\" content=\"Le Groupement Interprofessionnel des Fruits (GIFruits) a fait savoir, lundi 6 mars 2023, qu&#039;une seule remorque d&#039;oranges maltaises de 20 tonnes a \u00e9t\u00e9 refoul\u00e9e d...\" \/>\n<link rel=\"canonical\" href=\"https:\/\/www.webdo.tn\/fr\/actualite\/national\/oranges-rappelees-en-france-gifruits-tunisie-precise\/203640\/\" \/>\n<meta property=\"og:locale\" content=\"fr_FR\" \/>\n<meta property=\"og:type\" content=\"article\" \/>\n<meta property=\"og:title\" content=\"Oranges rappel\u00e9es en France : GIFruits Tunisie pr\u00e9cise\" \/>\n<meta property=\"og:description\" content=\"Le Groupement Interprofessionnel des Fruits (GIFruits) a fait savoir, lundi 6 mars 2023, qu&#039;une seule remorque d&#039;oranges maltaises de 20 tonnes a \u00e9t\u00e9 refoul\u00e9e d...\" \/>\n<meta property=\"og:url\" content=\"https:\/\/www.webdo.tn\/fr\/actualite\/national\/oranges-rappelees-en-france-gifruits-tunisie-precise\/203640\/\" \/>\n<meta property=\"og:site_name\" content=\"webdo\" \/>\n<meta property=\"article:publisher\" content=\"https:\/\/www.facebook.com\/webdotn\" \/>\n<meta property=\"article:published_time\" content=\"2023-03-06T18:51:00+00:00\" \/>\n<meta property=\"article:modified_time\" content=\"2025-05-20T22:45:05+00:00\" \/>\n<meta property=\"og:image\" content=\"https:\/\/www.webdo.tn\/fr\/wp-content\/uploads\/2023\/03\/e4d6fe6314bd002700ea750062611b50.jpg\" \/>\n\t<meta property=\"og:image:width\" content=\"750\" \/>\n\t<meta property=\"og:image:height\" content=\"400\" \/>\n\t<meta property=\"og:image:type\" content=\"image\/jpeg\" \/>\n<meta name=\"author\" content=\"CL\" \/>\n<meta name=\"twitter:card\" content=\"summary_large_image\" \/>\n<meta name=\"twitter:creator\" content=\"@webdo_tn\" \/>\n<meta name=\"twitter:site\" content=\"@webdo_tn\" \/>\n<meta name=\"twitter:label1\" content=\"\u00c9crit par\" \/>\n\t<meta name=\"twitter:data1\" content=\"CL\" \/>\n\t<meta name=\"twitter:label2\" content=\"Dur\u00e9e de lecture estim\u00e9e\" \/>\n\t<meta name=\"twitter:data2\" content=\"1 minute\" \/>\n<script type=\"application\/ld+json\" class=\"yoast-schema-graph\">{\"@context\":\"https:\\\/\\\/schema.org\",\"@graph\":[{\"@type\":\"NewsArticle\",\"@id\":\"https:\\\/\\\/www.webdo.tn\\\/fr\\\/actualite\\\/national\\\/oranges-rappelees-en-france-gifruits-tunisie-precise\\\/203640\\\/#article\",\"isPartOf\":{\"@id\":\"https:\\\/\\\/www.webdo.tn\\\/fr\\\/actualite\\\/national\\\/oranges-rappelees-en-france-gifruits-tunisie-precise\\\/203640\\\/\"},\"author\":{\"name\":\"CL\",\"@id\":\"https:\\\/\\\/www.webdo.tn\\\/fr\\\/#\\\/schema\\\/person\\\/f35b42a42c5e2511bbd282959d6385cc\"},\"headline\":\"Oranges rappel\u00e9es en France : GIFruits Tunisie pr\u00e9cise\",\"datePublished\":\"2023-03-06T18:51:00+00:00\",\"dateModified\":\"2025-05-20T22:45:05+00:00\",\"mainEntityOfPage\":{\"@id\":\"https:\\\/\\\/www.webdo.tn\\\/fr\\\/actualite\\\/national\\\/oranges-rappelees-en-france-gifruits-tunisie-precise\\\/203640\\\/\"},\"wordCount\":317,\"commentCount\":0,\"publisher\":{\"@id\":\"https:\\\/\\\/www.webdo.tn\\\/fr\\\/#organization\"},\"image\":{\"@id\":\"https:\\\/\\\/www.webdo.tn\\\/fr\\\/actualite\\\/national\\\/oranges-rappelees-en-france-gifruits-tunisie-precise\\\/203640\\\/#primaryimage\"},\"thumbnailUrl\":\"https:\\\/\\\/www.webdo.tn\\\/fr\\\/wp-content\\\/uploads\\\/2023\\\/03\\\/e4d6fe6314bd002700ea750062611b50.jpg\",\"keywords\":[\"france\",\"Maltaises\",\"oranges\",\"Tunisie\"],\"articleSection\":[\"National\"],\"inLanguage\":\"fr-FR\"},{\"@type\":\"WebPage\",\"@id\":\"https:\\\/\\\/www.webdo.tn\\\/fr\\\/actualite\\\/national\\\/oranges-rappelees-en-france-gifruits-tunisie-precise\\\/203640\\\/\",\"url\":\"https:\\\/\\\/www.webdo.tn\\\/fr\\\/actualite\\\/national\\\/oranges-rappelees-en-france-gifruits-tunisie-precise\\\/203640\\\/\",\"name\":\"Oranges rappel\u00e9es en France : GIFruits Tunisie pr\u00e9cise\",\"isPartOf\":{\"@id\":\"https:\\\/\\\/www.webdo.tn\\\/fr\\\/#website\"},\"primaryImageOfPage\":{\"@id\":\"https:\\\/\\\/www.webdo.tn\\\/fr\\\/actualite\\\/national\\\/oranges-rappelees-en-france-gifruits-tunisie-precise\\\/203640\\\/#primaryimage\"},\"image\":{\"@id\":\"https:\\\/\\\/www.webdo.tn\\\/fr\\\/actualite\\\/national\\\/oranges-rappelees-en-france-gifruits-tunisie-precise\\\/203640\\\/#primaryimage\"},\"thumbnailUrl\":\"https:\\\/\\\/www.webdo.tn\\\/fr\\\/wp-content\\\/uploads\\\/2023\\\/03\\\/e4d6fe6314bd002700ea750062611b50.jpg\",\"datePublished\":\"2023-03-06T18:51:00+00:00\",\"dateModified\":\"2025-05-20T22:45:05+00:00\",\"description\":\"Le Groupement Interprofessionnel des Fruits (GIFruits) a fait savoir, lundi 6 mars 2023, qu'une seule remorque d'oranges maltaises de 20 tonnes a \u00e9t\u00e9 refoul\u00e9e d...\",\"breadcrumb\":{\"@id\":\"https:\\\/\\\/www.webdo.tn\\\/fr\\\/actualite\\\/national\\\/oranges-rappelees-en-france-gifruits-tunisie-precise\\\/203640\\\/#breadcrumb\"},\"inLanguage\":\"fr-FR\",\"potentialAction\":[{\"@type\":\"ReadAction\",\"target\":[\"https:\\\/\\\/www.webdo.tn\\\/fr\\\/actualite\\\/national\\\/oranges-rappelees-en-france-gifruits-tunisie-precise\\\/203640\\\/\"]}]},{\"@type\":\"ImageObject\",\"inLanguage\":\"fr-FR\",\"@id\":\"https:\\\/\\\/www.webdo.tn\\\/fr\\\/actualite\\\/national\\\/oranges-rappelees-en-france-gifruits-tunisie-precise\\\/203640\\\/#primaryimage\",\"url\":\"https:\\\/\\\/www.webdo.tn\\\/fr\\\/wp-content\\\/uploads\\\/2023\\\/03\\\/e4d6fe6314bd002700ea750062611b50.jpg\",\"contentUrl\":\"https:\\\/\\\/www.webdo.tn\\\/fr\\\/wp-content\\\/uploads\\\/2023\\\/03\\\/e4d6fe6314bd002700ea750062611b50.jpg\",\"width\":750,\"height\":400,\"caption\":\"Oranges\"},{\"@type\":\"BreadcrumbList\",\"@id\":\"https:\\\/\\\/www.webdo.tn\\\/fr\\\/actualite\\\/national\\\/oranges-rappelees-en-france-gifruits-tunisie-precise\\\/203640\\\/#breadcrumb\",\"itemListElement\":[{\"@type\":\"ListItem\",\"position\":1,\"name\":\"Accueil\",\"item\":\"https:\\\/\\\/www.webdo.tn\\\/fr\\\/\"},{\"@type\":\"ListItem\",\"position\":2,\"name\":\"Oranges rappel\u00e9es en France : GIFruits Tunisie pr\u00e9cise\"}]},{\"@type\":\"WebSite\",\"@id\":\"https:\\\/\\\/www.webdo.tn\\\/fr\\\/#website\",\"url\":\"https:\\\/\\\/www.webdo.tn\\\/fr\\\/\",\"name\":\"webdo\",\"description\":\"Tunisie - News en Tunisie et \u00e0 l&#039;international sur Webdo.tn\",\"publisher\":{\"@id\":\"https:\\\/\\\/www.webdo.tn\\\/fr\\\/#organization\"},\"potentialAction\":[{\"@type\":\"SearchAction\",\"target\":{\"@type\":\"EntryPoint\",\"urlTemplate\":\"https:\\\/\\\/www.webdo.tn\\\/fr\\\/?s={search_term_string}\"},\"query-input\":{\"@type\":\"PropertyValueSpecification\",\"valueRequired\":true,\"valueName\":\"search_term_string\"}}],\"inLanguage\":\"fr-FR\"},{\"@type\":\"Organization\",\"@id\":\"https:\\\/\\\/www.webdo.tn\\\/fr\\\/#organization\",\"name\":\"Webdo\",\"alternateName\":\"Webdo.tn\",\"url\":\"https:\\\/\\\/www.webdo.tn\\\/fr\\\/\",\"logo\":{\"@type\":\"ImageObject\",\"inLanguage\":\"fr-FR\",\"@id\":\"https:\\\/\\\/www.webdo.tn\\\/fr\\\/#\\\/schema\\\/logo\\\/image\\\/\",\"url\":\"https:\\\/\\\/www.webdo.tn\\\/fr\\\/wp-content\\\/uploads\\\/2025\\\/06\\\/Webdo-Tunisie_168377.jpg\",\"contentUrl\":\"https:\\\/\\\/www.webdo.tn\\\/fr\\\/wp-content\\\/uploads\\\/2025\\\/06\\\/Webdo-Tunisie_168377.jpg\",\"width\":301,\"height\":301,\"caption\":\"Webdo\"},\"image\":{\"@id\":\"https:\\\/\\\/www.webdo.tn\\\/fr\\\/#\\\/schema\\\/logo\\\/image\\\/\"},\"sameAs\":[\"https:\\\/\\\/www.facebook.com\\\/webdotn\",\"https:\\\/\\\/x.com\\\/webdo_tn\"],\"description\":\"Webdo est un m\u00e9dia num\u00e9rique tunisien fond\u00e9 en 2010, sp\u00e9cialis\u00e9 dans l\u2019actualit\u00e9 nationale et internationale, l\u2019\u00e9conomie, la soci\u00e9t\u00e9 et les analyses politiques. Le site s\u2019adresse \u00e0 un large public francophone et couvre l\u2019information tunisienne en temps r\u00e9el.\",\"email\":\"redac@webdo.tn\",\"legalName\":\"YNJ SARL\",\"foundingDate\":\"2010-09-06\",\"numberOfEmployees\":{\"@type\":\"QuantitativeValue\",\"minValue\":\"11\",\"maxValue\":\"50\"}},{\"@type\":\"Person\",\"@id\":\"https:\\\/\\\/www.webdo.tn\\\/fr\\\/#\\\/schema\\\/person\\\/f35b42a42c5e2511bbd282959d6385cc\",\"name\":\"CL\",\"image\":{\"@type\":\"ImageObject\",\"inLanguage\":\"fr-FR\",\"@id\":\"https:\\\/\\\/secure.gravatar.com\\\/avatar\\\/1447a49909b67aa657c488aec6512e1dd6143a480c1ecfee9b5b5cd74eb3b59e?s=96&d=mm&r=g\",\"url\":\"https:\\\/\\\/secure.gravatar.com\\\/avatar\\\/1447a49909b67aa657c488aec6512e1dd6143a480c1ecfee9b5b5cd74eb3b59e?s=96&d=mm&r=g\",\"contentUrl\":\"https:\\\/\\\/secure.gravatar.com\\\/avatar\\\/1447a49909b67aa657c488aec6512e1dd6143a480c1ecfee9b5b5cd74eb3b59e?s=96&d=mm&r=g\",\"caption\":\"CL\"},\"url\":\"https:\\\/\\\/www.webdo.tn\\\/fr\\\/actualite\\\/author\\\/cl\\\/\"}]}<\/script>\n<!-- \/ Yoast SEO Premium plugin. -->","yoast_head_json":{"title":"Oranges rappel\u00e9es en France : GIFruits Tunisie pr\u00e9cise","description":"Le Groupement Interprofessionnel des Fruits (GIFruits) a fait savoir, lundi 6 mars 2023, qu'une seule remorque d'oranges maltaises de 20 tonnes a \u00e9t\u00e9 refoul\u00e9e d...","canonical":"https:\/\/www.webdo.tn\/fr\/actualite\/national\/oranges-rappelees-en-france-gifruits-tunisie-precise\/203640\/","og_locale":"fr_FR","og_type":"article","og_title":"Oranges rappel\u00e9es en France : GIFruits Tunisie pr\u00e9cise","og_description":"Le Groupement Interprofessionnel des Fruits (GIFruits) a fait savoir, lundi 6 mars 2023, qu'une seule remorque d'oranges maltaises de 20 tonnes a \u00e9t\u00e9 refoul\u00e9e d...","og_url":"https:\/\/www.webdo.tn\/fr\/actualite\/national\/oranges-rappelees-en-france-gifruits-tunisie-precise\/203640\/","og_site_name":"webdo","article_publisher":"https:\/\/www.facebook.com\/webdotn","article_published_time":"2023-03-06T18:51:00+00:00","article_modified_time":"2025-05-20T22:45:05+00:00","og_image":[{"width":750,"height":400,"url":"https:\/\/www.webdo.tn\/fr\/wp-content\/uploads\/2023\/03\/e4d6fe6314bd002700ea750062611b50.jpg","type":"image\/jpeg"}],"author":"CL","twitter_card":"summary_large_image","twitter_creator":"@webdo_tn","twitter_site":"@webdo_tn","twitter_misc":{"\u00c9crit par":"CL","Dur\u00e9e de lecture estim\u00e9e":"1 minute"},"schema":{"@context":"https:\/\/schema.org","@graph":[{"@type":"NewsArticle","@id":"https:\/\/www.webdo.tn\/fr\/actualite\/national\/oranges-rappelees-en-france-gifruits-tunisie-precise\/203640\/#article","isPartOf":{"@id":"https:\/\/www.webdo.tn\/fr\/actualite\/national\/oranges-rappelees-en-france-gifruits-tunisie-precise\/203640\/"},"author":{"name":"CL","@id":"https:\/\/www.webdo.tn\/fr\/#\/schema\/person\/f35b42a42c5e2511bbd282959d6385cc"},"headline":"Oranges rappel\u00e9es en France : GIFruits Tunisie pr\u00e9cise","datePublished":"2023-03-06T18:51:00+00:00","dateModified":"2025-05-20T22:45:05+00:00","mainEntityOfPage":{"@id":"https:\/\/www.webdo.tn\/fr\/actualite\/national\/oranges-rappelees-en-france-gifruits-tunisie-precise\/203640\/"},"wordCount":317,"commentCount":0,"publisher":{"@id":"https:\/\/www.webdo.tn\/fr\/#organization"},"image":{"@id":"https:\/\/www.webdo.tn\/fr\/actualite\/national\/oranges-rappelees-en-france-gifruits-tunisie-precise\/203640\/#primaryimage"},"thumbnailUrl":"https:\/\/www.webdo.tn\/fr\/wp-content\/uploads\/2023\/03\/e4d6fe6314bd002700ea750062611b50.jpg","keywords":["france","Maltaises","oranges","Tunisie"],"articleSection":["National"],"inLanguage":"fr-FR"},{"@type":"WebPage","@id":"https:\/\/www.webdo.tn\/fr\/actualite\/national\/oranges-rappelees-en-france-gifruits-tunisie-precise\/203640\/","url":"https:\/\/www.webdo.tn\/fr\/actualite\/national\/oranges-rappelees-en-france-gifruits-tunisie-precise\/203640\/","name":"Oranges rappel\u00e9es en France : GIFruits Tunisie pr\u00e9cise","isPartOf":{"@id":"https:\/\/www.webdo.tn\/fr\/#website"},"primaryImageOfPage":{"@id":"https:\/\/www.webdo.tn\/fr\/actualite\/national\/oranges-rappelees-en-france-gifruits-tunisie-precise\/203640\/#primaryimage"},"image":{"@id":"https:\/\/www.webdo.tn\/fr\/actualite\/national\/oranges-rappelees-en-france-gifruits-tunisie-precise\/203640\/#primaryimage"},"thumbnailUrl":"https:\/\/www.webdo.tn\/fr\/wp-content\/uploads\/2023\/03\/e4d6fe6314bd002700ea750062611b50.jpg","datePublished":"2023-03-06T18:51:00+00:00","dateModified":"2025-05-20T22:45:05+00:00","description":"Le Groupement Interprofessionnel des Fruits (GIFruits) a fait savoir, lundi 6 mars 2023, qu'une seule remorque d'oranges maltaises de 20 tonnes a \u00e9t\u00e9 refoul\u00e9e d...","breadcrumb":{"@id":"https:\/\/www.webdo.tn\/fr\/actualite\/national\/oranges-rappelees-en-france-gifruits-tunisie-precise\/203640\/#breadcrumb"},"inLanguage":"fr-FR","potentialAction":[{"@type":"ReadAction","target":["https:\/\/www.webdo.tn\/fr\/actualite\/national\/oranges-rappelees-en-france-gifruits-tunisie-precise\/203640\/"]}]},{"@type":"ImageObject","inLanguage":"fr-FR","@id":"https:\/\/www.webdo.tn\/fr\/actualite\/national\/oranges-rappelees-en-france-gifruits-tunisie-precise\/203640\/#primaryimage","url":"https:\/\/www.webdo.tn\/fr\/wp-content\/uploads\/2023\/03\/e4d6fe6314bd002700ea750062611b50.jpg","contentUrl":"https:\/\/www.webdo.tn\/fr\/wp-content\/uploads\/2023\/03\/e4d6fe6314bd002700ea750062611b50.jpg","width":750,"height":400,"caption":"Oranges"},{"@type":"BreadcrumbList","@id":"https:\/\/www.webdo.tn\/fr\/actualite\/national\/oranges-rappelees-en-france-gifruits-tunisie-precise\/203640\/#breadcrumb","itemListElement":[{"@type":"ListItem","position":1,"name":"Accueil","item":"https:\/\/www.webdo.tn\/fr\/"},{"@type":"ListItem","position":2,"name":"Oranges rappel\u00e9es en France : GIFruits Tunisie pr\u00e9cise"}]},{"@type":"WebSite","@id":"https:\/\/www.webdo.tn\/fr\/#website","url":"https:\/\/www.webdo.tn\/fr\/","name":"webdo","description":"Tunisie - News en Tunisie et \u00e0 l&#039;international sur Webdo.tn","publisher":{"@id":"https:\/\/www.webdo.tn\/fr\/#organization"},"potentialAction":[{"@type":"SearchAction","target":{"@type":"EntryPoint","urlTemplate":"https:\/\/www.webdo.tn\/fr\/?s={search_term_string}"},"query-input":{"@type":"PropertyValueSpecification","valueRequired":true,"valueName":"search_term_string"}}],"inLanguage":"fr-FR"},{"@type":"Organization","@id":"https:\/\/www.webdo.tn\/fr\/#organization","name":"Webdo","alternateName":"Webdo.tn","url":"https:\/\/www.webdo.tn\/fr\/","logo":{"@type":"ImageObject","inLanguage":"fr-FR","@id":"https:\/\/www.webdo.tn\/fr\/#\/schema\/logo\/image\/","url":"https:\/\/www.webdo.tn\/fr\/wp-content\/uploads\/2025\/06\/Webdo-Tunisie_168377.jpg","contentUrl":"https:\/\/www.webdo.tn\/fr\/wp-content\/uploads\/2025\/06\/Webdo-Tunisie_168377.jpg","width":301,"height":301,"caption":"Webdo"},"image":{"@id":"https:\/\/www.webdo.tn\/fr\/#\/schema\/logo\/image\/"},"sameAs":["https:\/\/www.facebook.com\/webdotn","https:\/\/x.com\/webdo_tn"],"description":"Webdo est un m\u00e9dia num\u00e9rique tunisien fond\u00e9 en 2010, sp\u00e9cialis\u00e9 dans l\u2019actualit\u00e9 nationale et internationale, l\u2019\u00e9conomie, la soci\u00e9t\u00e9 et les analyses politiques. Le site s\u2019adresse \u00e0 un large public francophone et couvre l\u2019information tunisienne en temps r\u00e9el.","email":"redac@webdo.tn","legalName":"YNJ SARL","foundingDate":"2010-09-06","numberOfEmployees":{"@type":"QuantitativeValue","minValue":"11","maxValue":"50"}},{"@type":"Person","@id":"https:\/\/www.webdo.tn\/fr\/#\/schema\/person\/f35b42a42c5e2511bbd282959d6385cc","name":"CL","image":{"@type":"ImageObject","inLanguage":"fr-FR","@id":"https:\/\/secure.gravatar.com\/avatar\/1447a49909b67aa657c488aec6512e1dd6143a480c1ecfee9b5b5cd74eb3b59e?s=96&d=mm&r=g","url":"https:\/\/secure.gravatar.com\/avatar\/1447a49909b67aa657c488aec6512e1dd6143a480c1ecfee9b5b5cd74eb3b59e?s=96&d=mm&r=g","contentUrl":"https:\/\/secure.gravatar.com\/avatar\/1447a49909b67aa657c488aec6512e1dd6143a480c1ecfee9b5b5cd74eb3b59e?s=96&d=mm&r=g","caption":"CL"},"url":"https:\/\/www.webdo.tn\/fr\/actualite\/author\/cl\/"}]}},"_links":{"self":[{"href":"https:\/\/www.webdo.tn\/fr\/wp-json\/wp\/v2\/posts\/203640","targetHints":{"allow":["GET"]}}],"collection":[{"href":"https:\/\/www.webdo.tn\/fr\/wp-json\/wp\/v2\/posts"}],"about":[{"href":"https:\/\/www.webdo.tn\/fr\/wp-json\/wp\/v2\/types\/post"}],"author":[{"embeddable":true,"href":"https:\/\/www.webdo.tn\/fr\/wp-json\/wp\/v2\/users\/3175"}],"replies":[{"embeddable":true,"href":"https:\/\/www.webdo.tn\/fr\/wp-json\/wp\/v2\/comments?post=203640"}],"version-history":[{"count":0,"href":"https:\/\/www.webdo.tn\/fr\/wp-json\/wp\/v2\/posts\/203640\/revisions"}],"wp:featuredmedia":[{"embeddable":true,"href":"https:\/\/www.webdo.tn\/fr\/wp-json\/wp\/v2\/media\/251811"}],"wp:attachment":[{"href":"https:\/\/www.webdo.tn\/fr\/wp-json\/wp\/v2\/media?parent=203640"}],"wp:term":[{"taxonomy":"category","embeddable":true,"href":"https:\/\/www.webdo.tn\/fr\/wp-json\/wp\/v2\/categories?post=203640"},{"taxonomy":"post_tag","embeddable":true,"href":"https:\/\/www.webdo.tn\/fr\/wp-json\/wp\/v2\/tags?post=203640"}],"curies":[{"name":"wp","href":"https:\/\/api.w.org\/{rel}","templated":true}]}}