{"id":203634,"date":"2023-03-06T15:40:00","date_gmt":"2023-03-06T15:40:00","guid":{"rendered":"https:\/\/www.webdo.tn\/fr\/blog\/complot-contre-l-etat-l-identite-de-l-informateur-ne-sera-pas-revelee\/203634\/"},"modified":"2025-05-20T22:01:53","modified_gmt":"2025-05-20T22:01:53","slug":"complot-contre-l-etat-l-identite-de-l-informateur-ne-sera-pas-revelee","status":"publish","type":"post","link":"https:\/\/www.webdo.tn\/fr\/actualite\/national\/complot-contre-l-etat-l-identite-de-l-informateur-ne-sera-pas-revelee\/203634\/","title":{"rendered":"Complot contre l\u2019Etat : L&rsquo;identit\u00e9 de l&rsquo;informateur ne sera pas r\u00e9v\u00e9l\u00e9e !"},"content":{"rendered":"<p>L\u2019identit\u00e9 de l\u2019informateur et d\u2019un t\u00e9moin dans l\u2019affaire de complot contre la s\u00fbret\u00e9 de l\u2019Etat suite \u00e0 laquelle de nombreuses personnes sont en d\u00e9tention, ne seront pas r\u00e9v\u00e9l\u00e9es.<\/p>\n<p>\t\t\t\t\t\t\t\t\tC\u2019est ce qu\u2019a d\u00e9cid\u00e9 le juge d&rsquo;instruction du bureau num\u00e9ro 36 du P\u00f4le judiciaire de lutte contre le terrorisme, rejetant \u00a0\u00bbimplicitement\u00a0\u00bb la demande des avocats des personnes accus\u00e9es, de r\u00e9v\u00e9ler l&rsquo;identit\u00e9 de \u00ab\u00a0l&rsquo;informateur et du t\u00e9moin\u00a0\u00bb, dans cette affaire, rapporte Mosaique fm.<\/p>\n<p>Le collectif de d\u00e9fense avait pr\u00e9sent\u00e9 une demande au juge d&rsquo;instruction pour leur permettre de conna\u00eetre l&rsquo;identit\u00e9 de \u00ab\u00a0l&rsquo;informateur et du t\u00e9moin\u00a0\u00bb, mais le juge a rejet\u00e9 cette demande en raison de l&rsquo;expiration du d\u00e9lai de quatre jours \u00e0 compter de la date du d\u00e9p\u00f4t de la demande, sans rendre une d\u00e9cision \u00e0 cet \u00e9gard.<\/p>\n<p>Les avocats du collectif, estiment que dans cette affaire, le dossier est d\u00e9pourvu de preuves, notant que tous les documents sont des captures d\u2019\u00e9crans de t\u00e9l\u00e9phone de conversations sur WhatsApp entre les accus\u00e9s.<\/p>\n<p>Le 27 f\u00e9vrier dernier, l&rsquo;avocate Dalila Msaddek a r\u00e9v\u00e9l\u00e9, en marge d&rsquo;une conf\u00e9rence de presse tenue par le Front de salut national, que les informateurs \u00e0 l\u2019origine des r\u00e9centes arrestations sont deux personnes, qui sont \u00e9galement impliqu\u00e9es dans des affaires de complot contre la s\u00fbret\u00e9 de l&rsquo;\u00c9tat, notant que l&rsquo;un d&rsquo;entre eux purge actuellement une peine de prison et l&rsquo;autre est en libert\u00e9 mais est interdit de voyage.<\/p>\n<p>Samedi 25 f\u00e9vrier 2023, des mandats de d\u00e9p\u00f4t en prison ont \u00e9t\u00e9 \u00e9mis contre neuf accus\u00e9s dans l&rsquo;affaire du complot contre la s\u00fbret\u00e9 de l&rsquo;\u00c9tat. Il s&rsquo;agit de Kamel Letaief, Khayem Turki, Abdelhamid Jelassi, Issam\u00a0 Chebbi, Jawher Ben Mbarek, Chaima Issa, Ghazi Chaouachi, Ridha Belhadj et un neuvi\u00e8me accus\u00e9 originaire de la r\u00e9gion de Sousse.<\/p>\n<p>A ces neuf personnes, il faut ajouter le leader du mouvement Ennahda, Noureddine Bhiri, et le directeur de la radio Mosa\u00efque FM, Noureddine Boutar, eux aussi, concern\u00e9s par un mandat de d\u00e9p\u00f4t.<\/p>\n","protected":false},"excerpt":{"rendered":"<p>L\u2019identit\u00e9 de l\u2019informateur et d\u2019un t\u00e9moin dans l\u2019affaire de complot contre la s\u00fbret\u00e9 de l\u2019Etat suite \u00e0 laquelle de nombreuses personnes sont en d\u00e9tention, ne s&#8230;<\/p>\n","protected":false},"author":3162,"featured_media":251808,"comment_status":"open","ping_status":"closed","sticky":false,"template":"","format":"standard","meta":{"footnotes":""},"categories":[44],"tags":[8728,3784,8729,5346],"class_list":["post-203634","post","type-post","status-publish","format-standard","has-post-thumbnail","hentry","category-national","tag-collectif-de-defense","tag-complot","tag-informateur","tag-surete-de-letat"],"yoast_head":"<!-- This site is optimized with the Yoast SEO Premium plugin v27.4 (Yoast SEO v27.5) - https:\/\/yoast.com\/product\/yoast-seo-premium-wordpress\/ -->\n<title>Complot contre l\u2019Etat : L&#039;identit\u00e9 de l&#039;informateur ne sera pas r\u00e9v\u00e9l\u00e9e !<\/title>\n<meta name=\"description\" content=\"L\u2019identit\u00e9 de l\u2019informateur et d\u2019un t\u00e9moin dans l\u2019affaire de complot contre la s\u00fbret\u00e9 de l\u2019Etat suite \u00e0 laquelle de nombreuses personnes sont en d\u00e9tention, ne s...\" \/>\n<link rel=\"canonical\" href=\"https:\/\/www.webdo.tn\/fr\/actualite\/national\/complot-contre-l-etat-l-identite-de-l-informateur-ne-sera-pas-revelee\/203634\/\" \/>\n<meta property=\"og:locale\" content=\"fr_FR\" \/>\n<meta property=\"og:type\" content=\"article\" \/>\n<meta property=\"og:title\" content=\"Complot contre l\u2019Etat : L&#039;identit\u00e9 de l&#039;informateur ne sera pas r\u00e9v\u00e9l\u00e9e !\" \/>\n<meta property=\"og:description\" content=\"L\u2019identit\u00e9 de l\u2019informateur et d\u2019un t\u00e9moin dans l\u2019affaire de complot contre la s\u00fbret\u00e9 de l\u2019Etat suite \u00e0 laquelle de nombreuses personnes sont en d\u00e9tention, ne s...\" \/>\n<meta property=\"og:url\" content=\"https:\/\/www.webdo.tn\/fr\/actualite\/national\/complot-contre-l-etat-l-identite-de-l-informateur-ne-sera-pas-revelee\/203634\/\" \/>\n<meta property=\"og:site_name\" content=\"webdo\" \/>\n<meta property=\"article:publisher\" content=\"https:\/\/www.facebook.com\/webdotn\" \/>\n<meta property=\"article:published_time\" content=\"2023-03-06T15:40:00+00:00\" \/>\n<meta property=\"article:modified_time\" content=\"2025-05-20T22:01:53+00:00\" \/>\n<meta property=\"og:image\" content=\"https:\/\/www.webdo.tn\/fr\/wp-content\/uploads\/2023\/03\/12c064b22ca2d8105c468963d3ac1fac.jpg\" \/>\n\t<meta property=\"og:image:width\" content=\"750\" \/>\n\t<meta property=\"og:image:height\" content=\"400\" \/>\n\t<meta property=\"og:image:type\" content=\"image\/jpeg\" \/>\n<meta name=\"author\" content=\"MC\" \/>\n<meta name=\"twitter:card\" content=\"summary_large_image\" \/>\n<meta name=\"twitter:creator\" content=\"@webdo_tn\" \/>\n<meta name=\"twitter:site\" content=\"@webdo_tn\" \/>\n<meta name=\"twitter:label1\" content=\"\u00c9crit par\" \/>\n\t<meta name=\"twitter:data1\" content=\"MC\" \/>\n\t<meta name=\"twitter:label2\" content=\"Dur\u00e9e de lecture estim\u00e9e\" \/>\n\t<meta name=\"twitter:data2\" content=\"2 minutes\" \/>\n<script type=\"application\/ld+json\" class=\"yoast-schema-graph\">{\"@context\":\"https:\\\/\\\/schema.org\",\"@graph\":[{\"@type\":\"NewsArticle\",\"@id\":\"https:\\\/\\\/www.webdo.tn\\\/fr\\\/actualite\\\/national\\\/complot-contre-l-etat-l-identite-de-l-informateur-ne-sera-pas-revelee\\\/203634\\\/#article\",\"isPartOf\":{\"@id\":\"https:\\\/\\\/www.webdo.tn\\\/fr\\\/actualite\\\/national\\\/complot-contre-l-etat-l-identite-de-l-informateur-ne-sera-pas-revelee\\\/203634\\\/\"},\"author\":{\"name\":\"MC\",\"@id\":\"https:\\\/\\\/www.webdo.tn\\\/fr\\\/#\\\/schema\\\/person\\\/2c4929cbf5a809e3bd38617c6ce150f6\"},\"headline\":\"Complot contre l\u2019Etat : L&rsquo;identit\u00e9 de l&rsquo;informateur ne sera pas r\u00e9v\u00e9l\u00e9e !\",\"datePublished\":\"2023-03-06T15:40:00+00:00\",\"dateModified\":\"2025-05-20T22:01:53+00:00\",\"mainEntityOfPage\":{\"@id\":\"https:\\\/\\\/www.webdo.tn\\\/fr\\\/actualite\\\/national\\\/complot-contre-l-etat-l-identite-de-l-informateur-ne-sera-pas-revelee\\\/203634\\\/\"},\"wordCount\":389,\"commentCount\":0,\"publisher\":{\"@id\":\"https:\\\/\\\/www.webdo.tn\\\/fr\\\/#organization\"},\"image\":{\"@id\":\"https:\\\/\\\/www.webdo.tn\\\/fr\\\/actualite\\\/national\\\/complot-contre-l-etat-l-identite-de-l-informateur-ne-sera-pas-revelee\\\/203634\\\/#primaryimage\"},\"thumbnailUrl\":\"https:\\\/\\\/www.webdo.tn\\\/fr\\\/wp-content\\\/uploads\\\/2023\\\/03\\\/12c064b22ca2d8105c468963d3ac1fac.jpg\",\"keywords\":[\"collectif de d\u00e9fense\",\"complot\",\"informateur\",\"s\u00fbret\u00e9 de l'\u00e9tat\"],\"articleSection\":[\"National\"],\"inLanguage\":\"fr-FR\"},{\"@type\":\"WebPage\",\"@id\":\"https:\\\/\\\/www.webdo.tn\\\/fr\\\/actualite\\\/national\\\/complot-contre-l-etat-l-identite-de-l-informateur-ne-sera-pas-revelee\\\/203634\\\/\",\"url\":\"https:\\\/\\\/www.webdo.tn\\\/fr\\\/actualite\\\/national\\\/complot-contre-l-etat-l-identite-de-l-informateur-ne-sera-pas-revelee\\\/203634\\\/\",\"name\":\"Complot contre l\u2019Etat : L'identit\u00e9 de l'informateur ne sera pas r\u00e9v\u00e9l\u00e9e !\",\"isPartOf\":{\"@id\":\"https:\\\/\\\/www.webdo.tn\\\/fr\\\/#website\"},\"primaryImageOfPage\":{\"@id\":\"https:\\\/\\\/www.webdo.tn\\\/fr\\\/actualite\\\/national\\\/complot-contre-l-etat-l-identite-de-l-informateur-ne-sera-pas-revelee\\\/203634\\\/#primaryimage\"},\"image\":{\"@id\":\"https:\\\/\\\/www.webdo.tn\\\/fr\\\/actualite\\\/national\\\/complot-contre-l-etat-l-identite-de-l-informateur-ne-sera-pas-revelee\\\/203634\\\/#primaryimage\"},\"thumbnailUrl\":\"https:\\\/\\\/www.webdo.tn\\\/fr\\\/wp-content\\\/uploads\\\/2023\\\/03\\\/12c064b22ca2d8105c468963d3ac1fac.jpg\",\"datePublished\":\"2023-03-06T15:40:00+00:00\",\"dateModified\":\"2025-05-20T22:01:53+00:00\",\"description\":\"L\u2019identit\u00e9 de l\u2019informateur et d\u2019un t\u00e9moin dans l\u2019affaire de complot contre la s\u00fbret\u00e9 de l\u2019Etat suite \u00e0 laquelle de nombreuses personnes sont en d\u00e9tention, ne s...\",\"breadcrumb\":{\"@id\":\"https:\\\/\\\/www.webdo.tn\\\/fr\\\/actualite\\\/national\\\/complot-contre-l-etat-l-identite-de-l-informateur-ne-sera-pas-revelee\\\/203634\\\/#breadcrumb\"},\"inLanguage\":\"fr-FR\",\"potentialAction\":[{\"@type\":\"ReadAction\",\"target\":[\"https:\\\/\\\/www.webdo.tn\\\/fr\\\/actualite\\\/national\\\/complot-contre-l-etat-l-identite-de-l-informateur-ne-sera-pas-revelee\\\/203634\\\/\"]}]},{\"@type\":\"ImageObject\",\"inLanguage\":\"fr-FR\",\"@id\":\"https:\\\/\\\/www.webdo.tn\\\/fr\\\/actualite\\\/national\\\/complot-contre-l-etat-l-identite-de-l-informateur-ne-sera-pas-revelee\\\/203634\\\/#primaryimage\",\"url\":\"https:\\\/\\\/www.webdo.tn\\\/fr\\\/wp-content\\\/uploads\\\/2023\\\/03\\\/12c064b22ca2d8105c468963d3ac1fac.jpg\",\"contentUrl\":\"https:\\\/\\\/www.webdo.tn\\\/fr\\\/wp-content\\\/uploads\\\/2023\\\/03\\\/12c064b22ca2d8105c468963d3ac1fac.jpg\",\"width\":750,\"height\":400,\"caption\":\"Complot contre l\u2019Etat : L'identit\u00e9 de l'informateur ne sera pas r\u00e9v\u00e9l\u00e9e !\"},{\"@type\":\"BreadcrumbList\",\"@id\":\"https:\\\/\\\/www.webdo.tn\\\/fr\\\/actualite\\\/national\\\/complot-contre-l-etat-l-identite-de-l-informateur-ne-sera-pas-revelee\\\/203634\\\/#breadcrumb\",\"itemListElement\":[{\"@type\":\"ListItem\",\"position\":1,\"name\":\"Accueil\",\"item\":\"https:\\\/\\\/www.webdo.tn\\\/fr\\\/\"},{\"@type\":\"ListItem\",\"position\":2,\"name\":\"Complot contre l\u2019Etat : L&#8217;identit\u00e9 de l&#8217;informateur ne sera pas r\u00e9v\u00e9l\u00e9e !\"}]},{\"@type\":\"WebSite\",\"@id\":\"https:\\\/\\\/www.webdo.tn\\\/fr\\\/#website\",\"url\":\"https:\\\/\\\/www.webdo.tn\\\/fr\\\/\",\"name\":\"webdo\",\"description\":\"Tunisie - News en Tunisie et \u00e0 l&#039;international sur Webdo.tn\",\"publisher\":{\"@id\":\"https:\\\/\\\/www.webdo.tn\\\/fr\\\/#organization\"},\"potentialAction\":[{\"@type\":\"SearchAction\",\"target\":{\"@type\":\"EntryPoint\",\"urlTemplate\":\"https:\\\/\\\/www.webdo.tn\\\/fr\\\/?s={search_term_string}\"},\"query-input\":{\"@type\":\"PropertyValueSpecification\",\"valueRequired\":true,\"valueName\":\"search_term_string\"}}],\"inLanguage\":\"fr-FR\"},{\"@type\":\"Organization\",\"@id\":\"https:\\\/\\\/www.webdo.tn\\\/fr\\\/#organization\",\"name\":\"Webdo\",\"alternateName\":\"Webdo.tn\",\"url\":\"https:\\\/\\\/www.webdo.tn\\\/fr\\\/\",\"logo\":{\"@type\":\"ImageObject\",\"inLanguage\":\"fr-FR\",\"@id\":\"https:\\\/\\\/www.webdo.tn\\\/fr\\\/#\\\/schema\\\/logo\\\/image\\\/\",\"url\":\"https:\\\/\\\/www.webdo.tn\\\/fr\\\/wp-content\\\/uploads\\\/2025\\\/06\\\/Webdo-Tunisie_168377.jpg\",\"contentUrl\":\"https:\\\/\\\/www.webdo.tn\\\/fr\\\/wp-content\\\/uploads\\\/2025\\\/06\\\/Webdo-Tunisie_168377.jpg\",\"width\":301,\"height\":301,\"caption\":\"Webdo\"},\"image\":{\"@id\":\"https:\\\/\\\/www.webdo.tn\\\/fr\\\/#\\\/schema\\\/logo\\\/image\\\/\"},\"sameAs\":[\"https:\\\/\\\/www.facebook.com\\\/webdotn\",\"https:\\\/\\\/x.com\\\/webdo_tn\"],\"description\":\"Webdo est un m\u00e9dia num\u00e9rique tunisien fond\u00e9 en 2010, sp\u00e9cialis\u00e9 dans l\u2019actualit\u00e9 nationale et internationale, l\u2019\u00e9conomie, la soci\u00e9t\u00e9 et les analyses politiques. Le site s\u2019adresse \u00e0 un large public francophone et couvre l\u2019information tunisienne en temps r\u00e9el.\",\"email\":\"redac@webdo.tn\",\"legalName\":\"YNJ SARL\",\"foundingDate\":\"2010-09-06\",\"numberOfEmployees\":{\"@type\":\"QuantitativeValue\",\"minValue\":\"11\",\"maxValue\":\"50\"}},{\"@type\":\"Person\",\"@id\":\"https:\\\/\\\/www.webdo.tn\\\/fr\\\/#\\\/schema\\\/person\\\/2c4929cbf5a809e3bd38617c6ce150f6\",\"name\":\"MC\",\"image\":{\"@type\":\"ImageObject\",\"inLanguage\":\"fr-FR\",\"@id\":\"https:\\\/\\\/secure.gravatar.com\\\/avatar\\\/a545bbb6f84efdd5553dbbc2895e3ca8f1d12c5215e00a041c9670b54aa9b18a?s=96&d=mm&r=g\",\"url\":\"https:\\\/\\\/secure.gravatar.com\\\/avatar\\\/a545bbb6f84efdd5553dbbc2895e3ca8f1d12c5215e00a041c9670b54aa9b18a?s=96&d=mm&r=g\",\"contentUrl\":\"https:\\\/\\\/secure.gravatar.com\\\/avatar\\\/a545bbb6f84efdd5553dbbc2895e3ca8f1d12c5215e00a041c9670b54aa9b18a?s=96&d=mm&r=g\",\"caption\":\"MC\"},\"url\":\"https:\\\/\\\/www.webdo.tn\\\/fr\\\/actualite\\\/author\\\/mc\\\/\"}]}<\/script>\n<!-- \/ Yoast SEO Premium plugin. -->","yoast_head_json":{"title":"Complot contre l\u2019Etat : L'identit\u00e9 de l'informateur ne sera pas r\u00e9v\u00e9l\u00e9e !","description":"L\u2019identit\u00e9 de l\u2019informateur et d\u2019un t\u00e9moin dans l\u2019affaire de complot contre la s\u00fbret\u00e9 de l\u2019Etat suite \u00e0 laquelle de nombreuses personnes sont en d\u00e9tention, ne s...","canonical":"https:\/\/www.webdo.tn\/fr\/actualite\/national\/complot-contre-l-etat-l-identite-de-l-informateur-ne-sera-pas-revelee\/203634\/","og_locale":"fr_FR","og_type":"article","og_title":"Complot contre l\u2019Etat : L'identit\u00e9 de l'informateur ne sera pas r\u00e9v\u00e9l\u00e9e !","og_description":"L\u2019identit\u00e9 de l\u2019informateur et d\u2019un t\u00e9moin dans l\u2019affaire de complot contre la s\u00fbret\u00e9 de l\u2019Etat suite \u00e0 laquelle de nombreuses personnes sont en d\u00e9tention, ne s...","og_url":"https:\/\/www.webdo.tn\/fr\/actualite\/national\/complot-contre-l-etat-l-identite-de-l-informateur-ne-sera-pas-revelee\/203634\/","og_site_name":"webdo","article_publisher":"https:\/\/www.facebook.com\/webdotn","article_published_time":"2023-03-06T15:40:00+00:00","article_modified_time":"2025-05-20T22:01:53+00:00","og_image":[{"width":750,"height":400,"url":"https:\/\/www.webdo.tn\/fr\/wp-content\/uploads\/2023\/03\/12c064b22ca2d8105c468963d3ac1fac.jpg","type":"image\/jpeg"}],"author":"MC","twitter_card":"summary_large_image","twitter_creator":"@webdo_tn","twitter_site":"@webdo_tn","twitter_misc":{"\u00c9crit par":"MC","Dur\u00e9e de lecture estim\u00e9e":"2 minutes"},"schema":{"@context":"https:\/\/schema.org","@graph":[{"@type":"NewsArticle","@id":"https:\/\/www.webdo.tn\/fr\/actualite\/national\/complot-contre-l-etat-l-identite-de-l-informateur-ne-sera-pas-revelee\/203634\/#article","isPartOf":{"@id":"https:\/\/www.webdo.tn\/fr\/actualite\/national\/complot-contre-l-etat-l-identite-de-l-informateur-ne-sera-pas-revelee\/203634\/"},"author":{"name":"MC","@id":"https:\/\/www.webdo.tn\/fr\/#\/schema\/person\/2c4929cbf5a809e3bd38617c6ce150f6"},"headline":"Complot contre l\u2019Etat : L&rsquo;identit\u00e9 de l&rsquo;informateur ne sera pas r\u00e9v\u00e9l\u00e9e !","datePublished":"2023-03-06T15:40:00+00:00","dateModified":"2025-05-20T22:01:53+00:00","mainEntityOfPage":{"@id":"https:\/\/www.webdo.tn\/fr\/actualite\/national\/complot-contre-l-etat-l-identite-de-l-informateur-ne-sera-pas-revelee\/203634\/"},"wordCount":389,"commentCount":0,"publisher":{"@id":"https:\/\/www.webdo.tn\/fr\/#organization"},"image":{"@id":"https:\/\/www.webdo.tn\/fr\/actualite\/national\/complot-contre-l-etat-l-identite-de-l-informateur-ne-sera-pas-revelee\/203634\/#primaryimage"},"thumbnailUrl":"https:\/\/www.webdo.tn\/fr\/wp-content\/uploads\/2023\/03\/12c064b22ca2d8105c468963d3ac1fac.jpg","keywords":["collectif de d\u00e9fense","complot","informateur","s\u00fbret\u00e9 de l'\u00e9tat"],"articleSection":["National"],"inLanguage":"fr-FR"},{"@type":"WebPage","@id":"https:\/\/www.webdo.tn\/fr\/actualite\/national\/complot-contre-l-etat-l-identite-de-l-informateur-ne-sera-pas-revelee\/203634\/","url":"https:\/\/www.webdo.tn\/fr\/actualite\/national\/complot-contre-l-etat-l-identite-de-l-informateur-ne-sera-pas-revelee\/203634\/","name":"Complot contre l\u2019Etat : L'identit\u00e9 de l'informateur ne sera pas r\u00e9v\u00e9l\u00e9e !","isPartOf":{"@id":"https:\/\/www.webdo.tn\/fr\/#website"},"primaryImageOfPage":{"@id":"https:\/\/www.webdo.tn\/fr\/actualite\/national\/complot-contre-l-etat-l-identite-de-l-informateur-ne-sera-pas-revelee\/203634\/#primaryimage"},"image":{"@id":"https:\/\/www.webdo.tn\/fr\/actualite\/national\/complot-contre-l-etat-l-identite-de-l-informateur-ne-sera-pas-revelee\/203634\/#primaryimage"},"thumbnailUrl":"https:\/\/www.webdo.tn\/fr\/wp-content\/uploads\/2023\/03\/12c064b22ca2d8105c468963d3ac1fac.jpg","datePublished":"2023-03-06T15:40:00+00:00","dateModified":"2025-05-20T22:01:53+00:00","description":"L\u2019identit\u00e9 de l\u2019informateur et d\u2019un t\u00e9moin dans l\u2019affaire de complot contre la s\u00fbret\u00e9 de l\u2019Etat suite \u00e0 laquelle de nombreuses personnes sont en d\u00e9tention, ne s...","breadcrumb":{"@id":"https:\/\/www.webdo.tn\/fr\/actualite\/national\/complot-contre-l-etat-l-identite-de-l-informateur-ne-sera-pas-revelee\/203634\/#breadcrumb"},"inLanguage":"fr-FR","potentialAction":[{"@type":"ReadAction","target":["https:\/\/www.webdo.tn\/fr\/actualite\/national\/complot-contre-l-etat-l-identite-de-l-informateur-ne-sera-pas-revelee\/203634\/"]}]},{"@type":"ImageObject","inLanguage":"fr-FR","@id":"https:\/\/www.webdo.tn\/fr\/actualite\/national\/complot-contre-l-etat-l-identite-de-l-informateur-ne-sera-pas-revelee\/203634\/#primaryimage","url":"https:\/\/www.webdo.tn\/fr\/wp-content\/uploads\/2023\/03\/12c064b22ca2d8105c468963d3ac1fac.jpg","contentUrl":"https:\/\/www.webdo.tn\/fr\/wp-content\/uploads\/2023\/03\/12c064b22ca2d8105c468963d3ac1fac.jpg","width":750,"height":400,"caption":"Complot contre l\u2019Etat : L'identit\u00e9 de l'informateur ne sera pas r\u00e9v\u00e9l\u00e9e !"},{"@type":"BreadcrumbList","@id":"https:\/\/www.webdo.tn\/fr\/actualite\/national\/complot-contre-l-etat-l-identite-de-l-informateur-ne-sera-pas-revelee\/203634\/#breadcrumb","itemListElement":[{"@type":"ListItem","position":1,"name":"Accueil","item":"https:\/\/www.webdo.tn\/fr\/"},{"@type":"ListItem","position":2,"name":"Complot contre l\u2019Etat : L&#8217;identit\u00e9 de l&#8217;informateur ne sera pas r\u00e9v\u00e9l\u00e9e !"}]},{"@type":"WebSite","@id":"https:\/\/www.webdo.tn\/fr\/#website","url":"https:\/\/www.webdo.tn\/fr\/","name":"webdo","description":"Tunisie - News en Tunisie et \u00e0 l&#039;international sur Webdo.tn","publisher":{"@id":"https:\/\/www.webdo.tn\/fr\/#organization"},"potentialAction":[{"@type":"SearchAction","target":{"@type":"EntryPoint","urlTemplate":"https:\/\/www.webdo.tn\/fr\/?s={search_term_string}"},"query-input":{"@type":"PropertyValueSpecification","valueRequired":true,"valueName":"search_term_string"}}],"inLanguage":"fr-FR"},{"@type":"Organization","@id":"https:\/\/www.webdo.tn\/fr\/#organization","name":"Webdo","alternateName":"Webdo.tn","url":"https:\/\/www.webdo.tn\/fr\/","logo":{"@type":"ImageObject","inLanguage":"fr-FR","@id":"https:\/\/www.webdo.tn\/fr\/#\/schema\/logo\/image\/","url":"https:\/\/www.webdo.tn\/fr\/wp-content\/uploads\/2025\/06\/Webdo-Tunisie_168377.jpg","contentUrl":"https:\/\/www.webdo.tn\/fr\/wp-content\/uploads\/2025\/06\/Webdo-Tunisie_168377.jpg","width":301,"height":301,"caption":"Webdo"},"image":{"@id":"https:\/\/www.webdo.tn\/fr\/#\/schema\/logo\/image\/"},"sameAs":["https:\/\/www.facebook.com\/webdotn","https:\/\/x.com\/webdo_tn"],"description":"Webdo est un m\u00e9dia num\u00e9rique tunisien fond\u00e9 en 2010, sp\u00e9cialis\u00e9 dans l\u2019actualit\u00e9 nationale et internationale, l\u2019\u00e9conomie, la soci\u00e9t\u00e9 et les analyses politiques. Le site s\u2019adresse \u00e0 un large public francophone et couvre l\u2019information tunisienne en temps r\u00e9el.","email":"redac@webdo.tn","legalName":"YNJ SARL","foundingDate":"2010-09-06","numberOfEmployees":{"@type":"QuantitativeValue","minValue":"11","maxValue":"50"}},{"@type":"Person","@id":"https:\/\/www.webdo.tn\/fr\/#\/schema\/person\/2c4929cbf5a809e3bd38617c6ce150f6","name":"MC","image":{"@type":"ImageObject","inLanguage":"fr-FR","@id":"https:\/\/secure.gravatar.com\/avatar\/a545bbb6f84efdd5553dbbc2895e3ca8f1d12c5215e00a041c9670b54aa9b18a?s=96&d=mm&r=g","url":"https:\/\/secure.gravatar.com\/avatar\/a545bbb6f84efdd5553dbbc2895e3ca8f1d12c5215e00a041c9670b54aa9b18a?s=96&d=mm&r=g","contentUrl":"https:\/\/secure.gravatar.com\/avatar\/a545bbb6f84efdd5553dbbc2895e3ca8f1d12c5215e00a041c9670b54aa9b18a?s=96&d=mm&r=g","caption":"MC"},"url":"https:\/\/www.webdo.tn\/fr\/actualite\/author\/mc\/"}]}},"_links":{"self":[{"href":"https:\/\/www.webdo.tn\/fr\/wp-json\/wp\/v2\/posts\/203634","targetHints":{"allow":["GET"]}}],"collection":[{"href":"https:\/\/www.webdo.tn\/fr\/wp-json\/wp\/v2\/posts"}],"about":[{"href":"https:\/\/www.webdo.tn\/fr\/wp-json\/wp\/v2\/types\/post"}],"author":[{"embeddable":true,"href":"https:\/\/www.webdo.tn\/fr\/wp-json\/wp\/v2\/users\/3162"}],"replies":[{"embeddable":true,"href":"https:\/\/www.webdo.tn\/fr\/wp-json\/wp\/v2\/comments?post=203634"}],"version-history":[{"count":0,"href":"https:\/\/www.webdo.tn\/fr\/wp-json\/wp\/v2\/posts\/203634\/revisions"}],"wp:featuredmedia":[{"embeddable":true,"href":"https:\/\/www.webdo.tn\/fr\/wp-json\/wp\/v2\/media\/251808"}],"wp:attachment":[{"href":"https:\/\/www.webdo.tn\/fr\/wp-json\/wp\/v2\/media?parent=203634"}],"wp:term":[{"taxonomy":"category","embeddable":true,"href":"https:\/\/www.webdo.tn\/fr\/wp-json\/wp\/v2\/categories?post=203634"},{"taxonomy":"post_tag","embeddable":true,"href":"https:\/\/www.webdo.tn\/fr\/wp-json\/wp\/v2\/tags?post=203634"}],"curies":[{"name":"wp","href":"https:\/\/api.w.org\/{rel}","templated":true}]}}