{"id":203626,"date":"2023-03-06T11:37:00","date_gmt":"2023-03-06T11:37:00","guid":{"rendered":"https:\/\/www.webdo.tn\/fr\/blog\/un-faux-labo-pharmaceutique-decouvert-a-l-ariana\/203626\/"},"modified":"2025-05-20T22:45:03","modified_gmt":"2025-05-20T22:45:03","slug":"un-faux-labo-pharmaceutique-decouvert-a-l-ariana","status":"publish","type":"post","link":"https:\/\/www.webdo.tn\/fr\/actualite\/national\/un-faux-labo-pharmaceutique-decouvert-a-l-ariana\/203626\/","title":{"rendered":"Un faux labo pharmaceutique d\u00e9couvert \u00e0 l\u2019Ariana !"},"content":{"rendered":"<p>Relevant de la garde nationale, une brigade anti-explosif et produits chimiques est parvenue \u00e0 d\u00e9voiler l\u2019existence d\u2019un faux labo pharmaceutique \u00e0 l\u2019Ariana.<\/p>\n<p>\t\t\t\t\t\t\t\t\tSelon Mosa\u00efque FM, qui cite des sources s\u00e9curitaires, son propri\u00e9taire a \u00e9t\u00e9 imm\u00e9diatement arr\u00eat\u00e9 pour activit\u00e9s ill\u00e9gales.\u00a0<\/p>\n<p>Des quantit\u00e9s de m\u00e9dicaments destin\u00e9s aux enfants ont \u00e9t\u00e9 saisies dans ce caf\u00e9, transform\u00e9 en faux laboratoire pharmaceutique.\u00a0<\/p>\n<p>\u00ab De la glyc\u00e9rine et de l\u2019alcool \u00bb, a reconnu le propri\u00e9taire en \u00e9voquant les produits qu\u2019il utilisait pour fabriquer ces faux m\u00e9dicaments.\u00a0<\/p>\n<p>On note \u00e9galement que le propri\u00e9taire d\u2019une usine qui fournissait ces produits a \u00e9t\u00e9 \u00e9galement arr\u00eat\u00e9.<\/p>\n","protected":false},"excerpt":{"rendered":"<p>Relevant de la garde nationale, une brigade anti-explosif et produits chimiques est parvenue \u00e0 d\u00e9voiler l\u2019existence d\u2019un faux labo pharmaceutique \u00e0 l\u2019Ariana.<\/p>\n","protected":false},"author":3175,"featured_media":251806,"comment_status":"open","ping_status":"closed","sticky":false,"template":"","format":"standard","meta":{"footnotes":""},"categories":[44],"tags":[3463,6979,3479,2608],"class_list":["post-203626","post","type-post","status-publish","format-standard","has-post-thumbnail","hentry","category-national","tag-ariana","tag-labo","tag-medicaments","tag-tunisie"],"yoast_head":"<!-- This site is optimized with the Yoast SEO Premium plugin v27.4 (Yoast SEO v27.4) - https:\/\/yoast.com\/product\/yoast-seo-premium-wordpress\/ -->\n<title>Un faux labo pharmaceutique d\u00e9couvert \u00e0 l\u2019Ariana !<\/title>\n<meta name=\"description\" content=\"Relevant de la garde nationale, une brigade anti-explosif et produits chimiques est parvenue \u00e0 d\u00e9voiler l\u2019existence d\u2019un faux labo pharmaceutique \u00e0 l\u2019Ariana.\" \/>\n<link rel=\"canonical\" href=\"https:\/\/www.webdo.tn\/fr\/actualite\/national\/un-faux-labo-pharmaceutique-decouvert-a-l-ariana\/203626\/\" \/>\n<meta property=\"og:locale\" content=\"fr_FR\" \/>\n<meta property=\"og:type\" content=\"article\" \/>\n<meta property=\"og:title\" content=\"Un faux labo pharmaceutique d\u00e9couvert \u00e0 l\u2019Ariana !\" \/>\n<meta property=\"og:description\" content=\"Relevant de la garde nationale, une brigade anti-explosif et produits chimiques est parvenue \u00e0 d\u00e9voiler l\u2019existence d\u2019un faux labo pharmaceutique \u00e0 l\u2019Ariana.\" \/>\n<meta property=\"og:url\" content=\"https:\/\/www.webdo.tn\/fr\/actualite\/national\/un-faux-labo-pharmaceutique-decouvert-a-l-ariana\/203626\/\" \/>\n<meta property=\"og:site_name\" content=\"webdo\" \/>\n<meta property=\"article:publisher\" content=\"https:\/\/www.facebook.com\/webdotn\" \/>\n<meta property=\"article:published_time\" content=\"2023-03-06T11:37:00+00:00\" \/>\n<meta property=\"article:modified_time\" content=\"2025-05-20T22:45:03+00:00\" \/>\n<meta property=\"og:image\" content=\"https:\/\/www.webdo.tn\/fr\/wp-content\/uploads\/2023\/03\/c3cc294b0c950d27a3632657c7196966.jpg\" \/>\n\t<meta property=\"og:image:width\" content=\"750\" \/>\n\t<meta property=\"og:image:height\" content=\"400\" \/>\n\t<meta property=\"og:image:type\" content=\"image\/jpeg\" \/>\n<meta name=\"author\" content=\"CL\" \/>\n<meta name=\"twitter:card\" content=\"summary_large_image\" \/>\n<meta name=\"twitter:creator\" content=\"@webdo_tn\" \/>\n<meta name=\"twitter:site\" content=\"@webdo_tn\" \/>\n<meta name=\"twitter:label1\" content=\"\u00c9crit par\" \/>\n\t<meta name=\"twitter:data1\" content=\"CL\" \/>\n\t<meta name=\"twitter:label2\" content=\"Dur\u00e9e de lecture estim\u00e9e\" \/>\n\t<meta name=\"twitter:data2\" content=\"1 minute\" \/>\n<script type=\"application\/ld+json\" class=\"yoast-schema-graph\">{\"@context\":\"https:\\\/\\\/schema.org\",\"@graph\":[{\"@type\":\"NewsArticle\",\"@id\":\"https:\\\/\\\/www.webdo.tn\\\/fr\\\/actualite\\\/national\\\/un-faux-labo-pharmaceutique-decouvert-a-l-ariana\\\/203626\\\/#article\",\"isPartOf\":{\"@id\":\"https:\\\/\\\/www.webdo.tn\\\/fr\\\/actualite\\\/national\\\/un-faux-labo-pharmaceutique-decouvert-a-l-ariana\\\/203626\\\/\"},\"author\":{\"name\":\"CL\",\"@id\":\"https:\\\/\\\/www.webdo.tn\\\/fr\\\/#\\\/schema\\\/person\\\/f35b42a42c5e2511bbd282959d6385cc\"},\"headline\":\"Un faux labo pharmaceutique d\u00e9couvert \u00e0 l\u2019Ariana !\",\"datePublished\":\"2023-03-06T11:37:00+00:00\",\"dateModified\":\"2025-05-20T22:45:03+00:00\",\"mainEntityOfPage\":{\"@id\":\"https:\\\/\\\/www.webdo.tn\\\/fr\\\/actualite\\\/national\\\/un-faux-labo-pharmaceutique-decouvert-a-l-ariana\\\/203626\\\/\"},\"wordCount\":122,\"commentCount\":0,\"publisher\":{\"@id\":\"https:\\\/\\\/www.webdo.tn\\\/fr\\\/#organization\"},\"image\":{\"@id\":\"https:\\\/\\\/www.webdo.tn\\\/fr\\\/actualite\\\/national\\\/un-faux-labo-pharmaceutique-decouvert-a-l-ariana\\\/203626\\\/#primaryimage\"},\"thumbnailUrl\":\"https:\\\/\\\/www.webdo.tn\\\/fr\\\/wp-content\\\/uploads\\\/2023\\\/03\\\/c3cc294b0c950d27a3632657c7196966.jpg\",\"keywords\":[\"ariana\",\"Labo\",\"m\u00e9dicaments\",\"Tunisie\"],\"articleSection\":[\"National\"],\"inLanguage\":\"fr-FR\"},{\"@type\":\"WebPage\",\"@id\":\"https:\\\/\\\/www.webdo.tn\\\/fr\\\/actualite\\\/national\\\/un-faux-labo-pharmaceutique-decouvert-a-l-ariana\\\/203626\\\/\",\"url\":\"https:\\\/\\\/www.webdo.tn\\\/fr\\\/actualite\\\/national\\\/un-faux-labo-pharmaceutique-decouvert-a-l-ariana\\\/203626\\\/\",\"name\":\"Un faux labo pharmaceutique d\u00e9couvert \u00e0 l\u2019Ariana !\",\"isPartOf\":{\"@id\":\"https:\\\/\\\/www.webdo.tn\\\/fr\\\/#website\"},\"primaryImageOfPage\":{\"@id\":\"https:\\\/\\\/www.webdo.tn\\\/fr\\\/actualite\\\/national\\\/un-faux-labo-pharmaceutique-decouvert-a-l-ariana\\\/203626\\\/#primaryimage\"},\"image\":{\"@id\":\"https:\\\/\\\/www.webdo.tn\\\/fr\\\/actualite\\\/national\\\/un-faux-labo-pharmaceutique-decouvert-a-l-ariana\\\/203626\\\/#primaryimage\"},\"thumbnailUrl\":\"https:\\\/\\\/www.webdo.tn\\\/fr\\\/wp-content\\\/uploads\\\/2023\\\/03\\\/c3cc294b0c950d27a3632657c7196966.jpg\",\"datePublished\":\"2023-03-06T11:37:00+00:00\",\"dateModified\":\"2025-05-20T22:45:03+00:00\",\"description\":\"Relevant de la garde nationale, une brigade anti-explosif et produits chimiques est parvenue \u00e0 d\u00e9voiler l\u2019existence d\u2019un faux labo pharmaceutique \u00e0 l\u2019Ariana.\",\"breadcrumb\":{\"@id\":\"https:\\\/\\\/www.webdo.tn\\\/fr\\\/actualite\\\/national\\\/un-faux-labo-pharmaceutique-decouvert-a-l-ariana\\\/203626\\\/#breadcrumb\"},\"inLanguage\":\"fr-FR\",\"potentialAction\":[{\"@type\":\"ReadAction\",\"target\":[\"https:\\\/\\\/www.webdo.tn\\\/fr\\\/actualite\\\/national\\\/un-faux-labo-pharmaceutique-decouvert-a-l-ariana\\\/203626\\\/\"]}]},{\"@type\":\"ImageObject\",\"inLanguage\":\"fr-FR\",\"@id\":\"https:\\\/\\\/www.webdo.tn\\\/fr\\\/actualite\\\/national\\\/un-faux-labo-pharmaceutique-decouvert-a-l-ariana\\\/203626\\\/#primaryimage\",\"url\":\"https:\\\/\\\/www.webdo.tn\\\/fr\\\/wp-content\\\/uploads\\\/2023\\\/03\\\/c3cc294b0c950d27a3632657c7196966.jpg\",\"contentUrl\":\"https:\\\/\\\/www.webdo.tn\\\/fr\\\/wp-content\\\/uploads\\\/2023\\\/03\\\/c3cc294b0c950d27a3632657c7196966.jpg\",\"width\":750,\"height\":400,\"caption\":\"Faux Labo\"},{\"@type\":\"BreadcrumbList\",\"@id\":\"https:\\\/\\\/www.webdo.tn\\\/fr\\\/actualite\\\/national\\\/un-faux-labo-pharmaceutique-decouvert-a-l-ariana\\\/203626\\\/#breadcrumb\",\"itemListElement\":[{\"@type\":\"ListItem\",\"position\":1,\"name\":\"Accueil\",\"item\":\"https:\\\/\\\/www.webdo.tn\\\/fr\\\/\"},{\"@type\":\"ListItem\",\"position\":2,\"name\":\"Un faux labo pharmaceutique d\u00e9couvert \u00e0 l\u2019Ariana !\"}]},{\"@type\":\"WebSite\",\"@id\":\"https:\\\/\\\/www.webdo.tn\\\/fr\\\/#website\",\"url\":\"https:\\\/\\\/www.webdo.tn\\\/fr\\\/\",\"name\":\"webdo\",\"description\":\"Tunisie - News en Tunisie et \u00e0 l&#039;international sur Webdo.tn\",\"publisher\":{\"@id\":\"https:\\\/\\\/www.webdo.tn\\\/fr\\\/#organization\"},\"potentialAction\":[{\"@type\":\"SearchAction\",\"target\":{\"@type\":\"EntryPoint\",\"urlTemplate\":\"https:\\\/\\\/www.webdo.tn\\\/fr\\\/?s={search_term_string}\"},\"query-input\":{\"@type\":\"PropertyValueSpecification\",\"valueRequired\":true,\"valueName\":\"search_term_string\"}}],\"inLanguage\":\"fr-FR\"},{\"@type\":\"Organization\",\"@id\":\"https:\\\/\\\/www.webdo.tn\\\/fr\\\/#organization\",\"name\":\"Webdo\",\"alternateName\":\"Webdo.tn\",\"url\":\"https:\\\/\\\/www.webdo.tn\\\/fr\\\/\",\"logo\":{\"@type\":\"ImageObject\",\"inLanguage\":\"fr-FR\",\"@id\":\"https:\\\/\\\/www.webdo.tn\\\/fr\\\/#\\\/schema\\\/logo\\\/image\\\/\",\"url\":\"https:\\\/\\\/www.webdo.tn\\\/fr\\\/wp-content\\\/uploads\\\/2025\\\/06\\\/Webdo-Tunisie_168377.jpg\",\"contentUrl\":\"https:\\\/\\\/www.webdo.tn\\\/fr\\\/wp-content\\\/uploads\\\/2025\\\/06\\\/Webdo-Tunisie_168377.jpg\",\"width\":301,\"height\":301,\"caption\":\"Webdo\"},\"image\":{\"@id\":\"https:\\\/\\\/www.webdo.tn\\\/fr\\\/#\\\/schema\\\/logo\\\/image\\\/\"},\"sameAs\":[\"https:\\\/\\\/www.facebook.com\\\/webdotn\",\"https:\\\/\\\/x.com\\\/webdo_tn\"],\"description\":\"Webdo est un m\u00e9dia num\u00e9rique tunisien fond\u00e9 en 2010, sp\u00e9cialis\u00e9 dans l\u2019actualit\u00e9 nationale et internationale, l\u2019\u00e9conomie, la soci\u00e9t\u00e9 et les analyses politiques. Le site s\u2019adresse \u00e0 un large public francophone et couvre l\u2019information tunisienne en temps r\u00e9el.\",\"email\":\"redac@webdo.tn\",\"legalName\":\"YNJ SARL\",\"foundingDate\":\"2010-09-06\",\"numberOfEmployees\":{\"@type\":\"QuantitativeValue\",\"minValue\":\"11\",\"maxValue\":\"50\"}},{\"@type\":\"Person\",\"@id\":\"https:\\\/\\\/www.webdo.tn\\\/fr\\\/#\\\/schema\\\/person\\\/f35b42a42c5e2511bbd282959d6385cc\",\"name\":\"CL\",\"image\":{\"@type\":\"ImageObject\",\"inLanguage\":\"fr-FR\",\"@id\":\"https:\\\/\\\/secure.gravatar.com\\\/avatar\\\/1447a49909b67aa657c488aec6512e1dd6143a480c1ecfee9b5b5cd74eb3b59e?s=96&d=mm&r=g\",\"url\":\"https:\\\/\\\/secure.gravatar.com\\\/avatar\\\/1447a49909b67aa657c488aec6512e1dd6143a480c1ecfee9b5b5cd74eb3b59e?s=96&d=mm&r=g\",\"contentUrl\":\"https:\\\/\\\/secure.gravatar.com\\\/avatar\\\/1447a49909b67aa657c488aec6512e1dd6143a480c1ecfee9b5b5cd74eb3b59e?s=96&d=mm&r=g\",\"caption\":\"CL\"},\"url\":\"https:\\\/\\\/www.webdo.tn\\\/fr\\\/actualite\\\/author\\\/cl\\\/\"}]}<\/script>\n<!-- \/ Yoast SEO Premium plugin. -->","yoast_head_json":{"title":"Un faux labo pharmaceutique d\u00e9couvert \u00e0 l\u2019Ariana !","description":"Relevant de la garde nationale, une brigade anti-explosif et produits chimiques est parvenue \u00e0 d\u00e9voiler l\u2019existence d\u2019un faux labo pharmaceutique \u00e0 l\u2019Ariana.","canonical":"https:\/\/www.webdo.tn\/fr\/actualite\/national\/un-faux-labo-pharmaceutique-decouvert-a-l-ariana\/203626\/","og_locale":"fr_FR","og_type":"article","og_title":"Un faux labo pharmaceutique d\u00e9couvert \u00e0 l\u2019Ariana !","og_description":"Relevant de la garde nationale, une brigade anti-explosif et produits chimiques est parvenue \u00e0 d\u00e9voiler l\u2019existence d\u2019un faux labo pharmaceutique \u00e0 l\u2019Ariana.","og_url":"https:\/\/www.webdo.tn\/fr\/actualite\/national\/un-faux-labo-pharmaceutique-decouvert-a-l-ariana\/203626\/","og_site_name":"webdo","article_publisher":"https:\/\/www.facebook.com\/webdotn","article_published_time":"2023-03-06T11:37:00+00:00","article_modified_time":"2025-05-20T22:45:03+00:00","og_image":[{"width":750,"height":400,"url":"https:\/\/www.webdo.tn\/fr\/wp-content\/uploads\/2023\/03\/c3cc294b0c950d27a3632657c7196966.jpg","type":"image\/jpeg"}],"author":"CL","twitter_card":"summary_large_image","twitter_creator":"@webdo_tn","twitter_site":"@webdo_tn","twitter_misc":{"\u00c9crit par":"CL","Dur\u00e9e de lecture estim\u00e9e":"1 minute"},"schema":{"@context":"https:\/\/schema.org","@graph":[{"@type":"NewsArticle","@id":"https:\/\/www.webdo.tn\/fr\/actualite\/national\/un-faux-labo-pharmaceutique-decouvert-a-l-ariana\/203626\/#article","isPartOf":{"@id":"https:\/\/www.webdo.tn\/fr\/actualite\/national\/un-faux-labo-pharmaceutique-decouvert-a-l-ariana\/203626\/"},"author":{"name":"CL","@id":"https:\/\/www.webdo.tn\/fr\/#\/schema\/person\/f35b42a42c5e2511bbd282959d6385cc"},"headline":"Un faux labo pharmaceutique d\u00e9couvert \u00e0 l\u2019Ariana !","datePublished":"2023-03-06T11:37:00+00:00","dateModified":"2025-05-20T22:45:03+00:00","mainEntityOfPage":{"@id":"https:\/\/www.webdo.tn\/fr\/actualite\/national\/un-faux-labo-pharmaceutique-decouvert-a-l-ariana\/203626\/"},"wordCount":122,"commentCount":0,"publisher":{"@id":"https:\/\/www.webdo.tn\/fr\/#organization"},"image":{"@id":"https:\/\/www.webdo.tn\/fr\/actualite\/national\/un-faux-labo-pharmaceutique-decouvert-a-l-ariana\/203626\/#primaryimage"},"thumbnailUrl":"https:\/\/www.webdo.tn\/fr\/wp-content\/uploads\/2023\/03\/c3cc294b0c950d27a3632657c7196966.jpg","keywords":["ariana","Labo","m\u00e9dicaments","Tunisie"],"articleSection":["National"],"inLanguage":"fr-FR"},{"@type":"WebPage","@id":"https:\/\/www.webdo.tn\/fr\/actualite\/national\/un-faux-labo-pharmaceutique-decouvert-a-l-ariana\/203626\/","url":"https:\/\/www.webdo.tn\/fr\/actualite\/national\/un-faux-labo-pharmaceutique-decouvert-a-l-ariana\/203626\/","name":"Un faux labo pharmaceutique d\u00e9couvert \u00e0 l\u2019Ariana !","isPartOf":{"@id":"https:\/\/www.webdo.tn\/fr\/#website"},"primaryImageOfPage":{"@id":"https:\/\/www.webdo.tn\/fr\/actualite\/national\/un-faux-labo-pharmaceutique-decouvert-a-l-ariana\/203626\/#primaryimage"},"image":{"@id":"https:\/\/www.webdo.tn\/fr\/actualite\/national\/un-faux-labo-pharmaceutique-decouvert-a-l-ariana\/203626\/#primaryimage"},"thumbnailUrl":"https:\/\/www.webdo.tn\/fr\/wp-content\/uploads\/2023\/03\/c3cc294b0c950d27a3632657c7196966.jpg","datePublished":"2023-03-06T11:37:00+00:00","dateModified":"2025-05-20T22:45:03+00:00","description":"Relevant de la garde nationale, une brigade anti-explosif et produits chimiques est parvenue \u00e0 d\u00e9voiler l\u2019existence d\u2019un faux labo pharmaceutique \u00e0 l\u2019Ariana.","breadcrumb":{"@id":"https:\/\/www.webdo.tn\/fr\/actualite\/national\/un-faux-labo-pharmaceutique-decouvert-a-l-ariana\/203626\/#breadcrumb"},"inLanguage":"fr-FR","potentialAction":[{"@type":"ReadAction","target":["https:\/\/www.webdo.tn\/fr\/actualite\/national\/un-faux-labo-pharmaceutique-decouvert-a-l-ariana\/203626\/"]}]},{"@type":"ImageObject","inLanguage":"fr-FR","@id":"https:\/\/www.webdo.tn\/fr\/actualite\/national\/un-faux-labo-pharmaceutique-decouvert-a-l-ariana\/203626\/#primaryimage","url":"https:\/\/www.webdo.tn\/fr\/wp-content\/uploads\/2023\/03\/c3cc294b0c950d27a3632657c7196966.jpg","contentUrl":"https:\/\/www.webdo.tn\/fr\/wp-content\/uploads\/2023\/03\/c3cc294b0c950d27a3632657c7196966.jpg","width":750,"height":400,"caption":"Faux Labo"},{"@type":"BreadcrumbList","@id":"https:\/\/www.webdo.tn\/fr\/actualite\/national\/un-faux-labo-pharmaceutique-decouvert-a-l-ariana\/203626\/#breadcrumb","itemListElement":[{"@type":"ListItem","position":1,"name":"Accueil","item":"https:\/\/www.webdo.tn\/fr\/"},{"@type":"ListItem","position":2,"name":"Un faux labo pharmaceutique d\u00e9couvert \u00e0 l\u2019Ariana !"}]},{"@type":"WebSite","@id":"https:\/\/www.webdo.tn\/fr\/#website","url":"https:\/\/www.webdo.tn\/fr\/","name":"webdo","description":"Tunisie - News en Tunisie et \u00e0 l&#039;international sur Webdo.tn","publisher":{"@id":"https:\/\/www.webdo.tn\/fr\/#organization"},"potentialAction":[{"@type":"SearchAction","target":{"@type":"EntryPoint","urlTemplate":"https:\/\/www.webdo.tn\/fr\/?s={search_term_string}"},"query-input":{"@type":"PropertyValueSpecification","valueRequired":true,"valueName":"search_term_string"}}],"inLanguage":"fr-FR"},{"@type":"Organization","@id":"https:\/\/www.webdo.tn\/fr\/#organization","name":"Webdo","alternateName":"Webdo.tn","url":"https:\/\/www.webdo.tn\/fr\/","logo":{"@type":"ImageObject","inLanguage":"fr-FR","@id":"https:\/\/www.webdo.tn\/fr\/#\/schema\/logo\/image\/","url":"https:\/\/www.webdo.tn\/fr\/wp-content\/uploads\/2025\/06\/Webdo-Tunisie_168377.jpg","contentUrl":"https:\/\/www.webdo.tn\/fr\/wp-content\/uploads\/2025\/06\/Webdo-Tunisie_168377.jpg","width":301,"height":301,"caption":"Webdo"},"image":{"@id":"https:\/\/www.webdo.tn\/fr\/#\/schema\/logo\/image\/"},"sameAs":["https:\/\/www.facebook.com\/webdotn","https:\/\/x.com\/webdo_tn"],"description":"Webdo est un m\u00e9dia num\u00e9rique tunisien fond\u00e9 en 2010, sp\u00e9cialis\u00e9 dans l\u2019actualit\u00e9 nationale et internationale, l\u2019\u00e9conomie, la soci\u00e9t\u00e9 et les analyses politiques. Le site s\u2019adresse \u00e0 un large public francophone et couvre l\u2019information tunisienne en temps r\u00e9el.","email":"redac@webdo.tn","legalName":"YNJ SARL","foundingDate":"2010-09-06","numberOfEmployees":{"@type":"QuantitativeValue","minValue":"11","maxValue":"50"}},{"@type":"Person","@id":"https:\/\/www.webdo.tn\/fr\/#\/schema\/person\/f35b42a42c5e2511bbd282959d6385cc","name":"CL","image":{"@type":"ImageObject","inLanguage":"fr-FR","@id":"https:\/\/secure.gravatar.com\/avatar\/1447a49909b67aa657c488aec6512e1dd6143a480c1ecfee9b5b5cd74eb3b59e?s=96&d=mm&r=g","url":"https:\/\/secure.gravatar.com\/avatar\/1447a49909b67aa657c488aec6512e1dd6143a480c1ecfee9b5b5cd74eb3b59e?s=96&d=mm&r=g","contentUrl":"https:\/\/secure.gravatar.com\/avatar\/1447a49909b67aa657c488aec6512e1dd6143a480c1ecfee9b5b5cd74eb3b59e?s=96&d=mm&r=g","caption":"CL"},"url":"https:\/\/www.webdo.tn\/fr\/actualite\/author\/cl\/"}]}},"_links":{"self":[{"href":"https:\/\/www.webdo.tn\/fr\/wp-json\/wp\/v2\/posts\/203626","targetHints":{"allow":["GET"]}}],"collection":[{"href":"https:\/\/www.webdo.tn\/fr\/wp-json\/wp\/v2\/posts"}],"about":[{"href":"https:\/\/www.webdo.tn\/fr\/wp-json\/wp\/v2\/types\/post"}],"author":[{"embeddable":true,"href":"https:\/\/www.webdo.tn\/fr\/wp-json\/wp\/v2\/users\/3175"}],"replies":[{"embeddable":true,"href":"https:\/\/www.webdo.tn\/fr\/wp-json\/wp\/v2\/comments?post=203626"}],"version-history":[{"count":0,"href":"https:\/\/www.webdo.tn\/fr\/wp-json\/wp\/v2\/posts\/203626\/revisions"}],"wp:featuredmedia":[{"embeddable":true,"href":"https:\/\/www.webdo.tn\/fr\/wp-json\/wp\/v2\/media\/251806"}],"wp:attachment":[{"href":"https:\/\/www.webdo.tn\/fr\/wp-json\/wp\/v2\/media?parent=203626"}],"wp:term":[{"taxonomy":"category","embeddable":true,"href":"https:\/\/www.webdo.tn\/fr\/wp-json\/wp\/v2\/categories?post=203626"},{"taxonomy":"post_tag","embeddable":true,"href":"https:\/\/www.webdo.tn\/fr\/wp-json\/wp\/v2\/tags?post=203626"}],"curies":[{"name":"wp","href":"https:\/\/api.w.org\/{rel}","templated":true}]}}