{"id":203620,"date":"2023-03-06T10:17:00","date_gmt":"2023-03-06T10:17:00","guid":{"rendered":"https:\/\/www.webdo.tn\/fr\/blog\/france-des-maltaises-tunisiennes-rappelees-45-tonnes-refusees\/203620\/"},"modified":"2025-05-20T22:49:25","modified_gmt":"2025-05-20T22:49:25","slug":"france-des-maltaises-tunisiennes-rappelees-45-tonnes-refusees","status":"publish","type":"post","link":"https:\/\/www.webdo.tn\/fr\/actualite\/national\/france-des-maltaises-tunisiennes-rappelees-45-tonnes-refusees\/203620\/","title":{"rendered":"France : Des maltaises tunisiennes rappel\u00e9es, 45 tonnes refus\u00e9es !"},"content":{"rendered":"<p>L\u2019affaire fait actuellement pol\u00e9mique en France. Plus de 40 tonnes d\u2019oranges maltaises tunisiennes ont \u00e9t\u00e9 refus\u00e9es en France et redirig\u00e9es vers la Tunisie. D\u2019autres quantit\u00e9s ont \u00e9t\u00e9 rappel\u00e9es et retir\u00e9es du march\u00e9. Des associations ont m\u00eame appel\u00e9 \u00e0 boycotter ce produit agricole tunisien.<\/p>\n<p>\t\t\t\t\t\t\t\t\tSelon le site gouvernemental fran\u00e7ais \u2018Rappel Conso\u2019, le motif de cette d\u00e9cision n\u2019est autre qu\u2019un taux \u00e9lev\u00e9 de r\u00e9sidus de pesticides que pr\u00e9sente le produit en question, commercialis\u00e9 sous la marque Orsero en vrac.\u00a0<\/p>\n<p>Le site pr\u00e9cise \u00e9galement que tous les clients doivent rapporter le produit au point de vente ou le d\u00e9truire pour risque d\u2019intoxication par des produits chimiques.\u00a0<\/p>\n<p>En Tunisie, on avances\u00a0d&rsquo;autres\u00a0d\u00e9tails. L\u2019Union r\u00e9gional de l\u2019Agriculture \u00e0 Nabeul reconnait dans ce sens qu\u2019environ 45 tonnes de maltaises ont \u00e9t\u00e9 refus\u00e9es en France et redirig\u00e9es en Tunisie.<\/p>\n<p>Cependant, dans des d\u00e9clarations m\u00e9diatiques, cette source pr\u00e9cise que ces quantit\u00e9s ont \u00e9t\u00e9 refus\u00e9es \u00e0 cause de la maladie des taches noires des agrumes ou Citrus Black Spot (CBS) qui est caus\u00e9 par le champignon Phyllosticta citricarpa.\u00a0<\/p>\n<p>On pr\u00e9cise que cette maladie n\u2019est pas dangereuse et a \u00e9t\u00e9 observ\u00e9e pour la premi\u00e8re fois en Australie en 1895. On reconnait \u00e9galement que les motifs seraient li\u00e9s \u00e0 des r\u00e9sidus chimiques \u00e9lev\u00e9s.\u00a0<\/p>\n<p>Pourtant, selon les statistiques publi\u00e9es par le Groupement Interprofessionnel de fruits la France demeure le plus grand importateur d\u2019oranges maltaises. Seulement le 6 f\u00e9vrier dernier, 116 tonnes ont \u00e9t\u00e9 import\u00e9es.\u00a0<\/p>\n<p>Il faut rappeler tout de m\u00eame que les exportations d\u2019agrumes ont chut\u00e9, entre 14 janvier 2023, et le 6 f\u00e9vrier 2023, de 272 tonnes.<\/p>\n","protected":false},"excerpt":{"rendered":"<p>L\u2019affaire fait actuellement pol\u00e9mique en France. 45 tonnes d\u2019oranges maltaises tunisiennes ont \u00e9t\u00e9 refus\u00e9es en France et redirig\u00e9es vers la Tunisie<\/p>\n","protected":false},"author":3175,"featured_media":277858,"comment_status":"open","ping_status":"closed","sticky":false,"template":"","format":"standard","meta":{"footnotes":""},"categories":[44],"tags":[2998,6814,6813,2608],"class_list":["post-203620","post","type-post","status-publish","format-standard","has-post-thumbnail","hentry","category-national","tag-france","tag-maltaises","tag-oranges","tag-tunisie"],"yoast_head":"<!-- This site is optimized with the Yoast SEO Premium plugin v27.5 (Yoast SEO v27.5) - https:\/\/yoast.com\/product\/yoast-seo-premium-wordpress\/ -->\n<title>France : Des maltaises tunisiennes rappel\u00e9es, 45 tonnes refus\u00e9es !<\/title>\n<meta name=\"description\" content=\"L\u2019affaire fait actuellement pol\u00e9mique en France. 45 tonnes d\u2019oranges maltaises tunisiennes ont \u00e9t\u00e9 refus\u00e9es en France et redirig\u00e9es vers la Tunisie\" \/>\n<link rel=\"canonical\" href=\"https:\/\/www.webdo.tn\/fr\/actualite\/national\/france-des-maltaises-tunisiennes-rappelees-45-tonnes-refusees\/203620\/\" \/>\n<meta property=\"og:locale\" content=\"fr_FR\" \/>\n<meta property=\"og:type\" content=\"article\" \/>\n<meta property=\"og:title\" content=\"France : Des maltaises tunisiennes rappel\u00e9es, 45 tonnes refus\u00e9es !\" \/>\n<meta property=\"og:description\" content=\"L\u2019affaire fait actuellement pol\u00e9mique en France. 45 tonnes d\u2019oranges maltaises tunisiennes ont \u00e9t\u00e9 refus\u00e9es en France et redirig\u00e9es vers la Tunisie\" \/>\n<meta property=\"og:url\" content=\"https:\/\/www.webdo.tn\/fr\/actualite\/national\/france-des-maltaises-tunisiennes-rappelees-45-tonnes-refusees\/203620\/\" \/>\n<meta property=\"og:site_name\" content=\"webdo\" \/>\n<meta property=\"article:publisher\" content=\"https:\/\/www.facebook.com\/webdotn\" \/>\n<meta property=\"article:published_time\" content=\"2023-03-06T10:17:00+00:00\" \/>\n<meta property=\"article:modified_time\" content=\"2025-05-20T22:49:25+00:00\" \/>\n<meta property=\"og:image\" content=\"https:\/\/www.webdo.tn\/fr\/wp-content\/uploads\/2023\/03\/1cc7b5bd95d7a40a0edd7098337167a0.jpg\" \/>\n\t<meta property=\"og:image:width\" content=\"750\" \/>\n\t<meta property=\"og:image:height\" content=\"400\" \/>\n\t<meta property=\"og:image:type\" content=\"image\/jpeg\" \/>\n<meta name=\"author\" content=\"CL\" \/>\n<meta name=\"twitter:card\" content=\"summary_large_image\" \/>\n<meta name=\"twitter:creator\" content=\"@webdo_tn\" \/>\n<meta name=\"twitter:site\" content=\"@webdo_tn\" \/>\n<meta name=\"twitter:label1\" content=\"\u00c9crit par\" \/>\n\t<meta name=\"twitter:data1\" content=\"CL\" \/>\n\t<meta name=\"twitter:label2\" content=\"Dur\u00e9e de lecture estim\u00e9e\" \/>\n\t<meta name=\"twitter:data2\" content=\"1 minute\" \/>\n<script type=\"application\/ld+json\" class=\"yoast-schema-graph\">{\"@context\":\"https:\\\/\\\/schema.org\",\"@graph\":[{\"@type\":\"NewsArticle\",\"@id\":\"https:\\\/\\\/www.webdo.tn\\\/fr\\\/actualite\\\/national\\\/france-des-maltaises-tunisiennes-rappelees-45-tonnes-refusees\\\/203620\\\/#article\",\"isPartOf\":{\"@id\":\"https:\\\/\\\/www.webdo.tn\\\/fr\\\/actualite\\\/national\\\/france-des-maltaises-tunisiennes-rappelees-45-tonnes-refusees\\\/203620\\\/\"},\"author\":{\"name\":\"CL\",\"@id\":\"https:\\\/\\\/www.webdo.tn\\\/fr\\\/#\\\/schema\\\/person\\\/f35b42a42c5e2511bbd282959d6385cc\"},\"headline\":\"France : Des maltaises tunisiennes rappel\u00e9es, 45 tonnes refus\u00e9es !\",\"datePublished\":\"2023-03-06T10:17:00+00:00\",\"dateModified\":\"2025-05-20T22:49:25+00:00\",\"mainEntityOfPage\":{\"@id\":\"https:\\\/\\\/www.webdo.tn\\\/fr\\\/actualite\\\/national\\\/france-des-maltaises-tunisiennes-rappelees-45-tonnes-refusees\\\/203620\\\/\"},\"wordCount\":298,\"commentCount\":0,\"publisher\":{\"@id\":\"https:\\\/\\\/www.webdo.tn\\\/fr\\\/#organization\"},\"image\":{\"@id\":\"https:\\\/\\\/www.webdo.tn\\\/fr\\\/actualite\\\/national\\\/france-des-maltaises-tunisiennes-rappelees-45-tonnes-refusees\\\/203620\\\/#primaryimage\"},\"thumbnailUrl\":\"https:\\\/\\\/www.webdo.tn\\\/fr\\\/wp-content\\\/uploads\\\/2023\\\/03\\\/1cc7b5bd95d7a40a0edd7098337167a0.jpg\",\"keywords\":[\"france\",\"Maltaises\",\"oranges\",\"Tunisie\"],\"articleSection\":[\"National\"],\"inLanguage\":\"fr-FR\"},{\"@type\":\"WebPage\",\"@id\":\"https:\\\/\\\/www.webdo.tn\\\/fr\\\/actualite\\\/national\\\/france-des-maltaises-tunisiennes-rappelees-45-tonnes-refusees\\\/203620\\\/\",\"url\":\"https:\\\/\\\/www.webdo.tn\\\/fr\\\/actualite\\\/national\\\/france-des-maltaises-tunisiennes-rappelees-45-tonnes-refusees\\\/203620\\\/\",\"name\":\"France : Des maltaises tunisiennes rappel\u00e9es, 45 tonnes refus\u00e9es !\",\"isPartOf\":{\"@id\":\"https:\\\/\\\/www.webdo.tn\\\/fr\\\/#website\"},\"primaryImageOfPage\":{\"@id\":\"https:\\\/\\\/www.webdo.tn\\\/fr\\\/actualite\\\/national\\\/france-des-maltaises-tunisiennes-rappelees-45-tonnes-refusees\\\/203620\\\/#primaryimage\"},\"image\":{\"@id\":\"https:\\\/\\\/www.webdo.tn\\\/fr\\\/actualite\\\/national\\\/france-des-maltaises-tunisiennes-rappelees-45-tonnes-refusees\\\/203620\\\/#primaryimage\"},\"thumbnailUrl\":\"https:\\\/\\\/www.webdo.tn\\\/fr\\\/wp-content\\\/uploads\\\/2023\\\/03\\\/1cc7b5bd95d7a40a0edd7098337167a0.jpg\",\"datePublished\":\"2023-03-06T10:17:00+00:00\",\"dateModified\":\"2025-05-20T22:49:25+00:00\",\"description\":\"L\u2019affaire fait actuellement pol\u00e9mique en France. 45 tonnes d\u2019oranges maltaises tunisiennes ont \u00e9t\u00e9 refus\u00e9es en France et redirig\u00e9es vers la Tunisie\",\"breadcrumb\":{\"@id\":\"https:\\\/\\\/www.webdo.tn\\\/fr\\\/actualite\\\/national\\\/france-des-maltaises-tunisiennes-rappelees-45-tonnes-refusees\\\/203620\\\/#breadcrumb\"},\"inLanguage\":\"fr-FR\",\"potentialAction\":[{\"@type\":\"ReadAction\",\"target\":[\"https:\\\/\\\/www.webdo.tn\\\/fr\\\/actualite\\\/national\\\/france-des-maltaises-tunisiennes-rappelees-45-tonnes-refusees\\\/203620\\\/\"]}]},{\"@type\":\"ImageObject\",\"inLanguage\":\"fr-FR\",\"@id\":\"https:\\\/\\\/www.webdo.tn\\\/fr\\\/actualite\\\/national\\\/france-des-maltaises-tunisiennes-rappelees-45-tonnes-refusees\\\/203620\\\/#primaryimage\",\"url\":\"https:\\\/\\\/www.webdo.tn\\\/fr\\\/wp-content\\\/uploads\\\/2023\\\/03\\\/1cc7b5bd95d7a40a0edd7098337167a0.jpg\",\"contentUrl\":\"https:\\\/\\\/www.webdo.tn\\\/fr\\\/wp-content\\\/uploads\\\/2023\\\/03\\\/1cc7b5bd95d7a40a0edd7098337167a0.jpg\",\"width\":750,\"height\":400,\"caption\":\"Oranges maltaises tunisiennes\"},{\"@type\":\"BreadcrumbList\",\"@id\":\"https:\\\/\\\/www.webdo.tn\\\/fr\\\/actualite\\\/national\\\/france-des-maltaises-tunisiennes-rappelees-45-tonnes-refusees\\\/203620\\\/#breadcrumb\",\"itemListElement\":[{\"@type\":\"ListItem\",\"position\":1,\"name\":\"Accueil\",\"item\":\"https:\\\/\\\/www.webdo.tn\\\/fr\\\/\"},{\"@type\":\"ListItem\",\"position\":2,\"name\":\"France : Des maltaises tunisiennes rappel\u00e9es, 45 tonnes refus\u00e9es !\"}]},{\"@type\":\"WebSite\",\"@id\":\"https:\\\/\\\/www.webdo.tn\\\/fr\\\/#website\",\"url\":\"https:\\\/\\\/www.webdo.tn\\\/fr\\\/\",\"name\":\"webdo\",\"description\":\"Tunisie - News en Tunisie et \u00e0 l&#039;international sur Webdo.tn\",\"publisher\":{\"@id\":\"https:\\\/\\\/www.webdo.tn\\\/fr\\\/#organization\"},\"potentialAction\":[{\"@type\":\"SearchAction\",\"target\":{\"@type\":\"EntryPoint\",\"urlTemplate\":\"https:\\\/\\\/www.webdo.tn\\\/fr\\\/?s={search_term_string}\"},\"query-input\":{\"@type\":\"PropertyValueSpecification\",\"valueRequired\":true,\"valueName\":\"search_term_string\"}}],\"inLanguage\":\"fr-FR\"},{\"@type\":\"Organization\",\"@id\":\"https:\\\/\\\/www.webdo.tn\\\/fr\\\/#organization\",\"name\":\"Webdo\",\"alternateName\":\"Webdo.tn\",\"url\":\"https:\\\/\\\/www.webdo.tn\\\/fr\\\/\",\"logo\":{\"@type\":\"ImageObject\",\"inLanguage\":\"fr-FR\",\"@id\":\"https:\\\/\\\/www.webdo.tn\\\/fr\\\/#\\\/schema\\\/logo\\\/image\\\/\",\"url\":\"https:\\\/\\\/www.webdo.tn\\\/fr\\\/wp-content\\\/uploads\\\/2025\\\/06\\\/Webdo-Tunisie_168377.jpg\",\"contentUrl\":\"https:\\\/\\\/www.webdo.tn\\\/fr\\\/wp-content\\\/uploads\\\/2025\\\/06\\\/Webdo-Tunisie_168377.jpg\",\"width\":301,\"height\":301,\"caption\":\"Webdo\"},\"image\":{\"@id\":\"https:\\\/\\\/www.webdo.tn\\\/fr\\\/#\\\/schema\\\/logo\\\/image\\\/\"},\"sameAs\":[\"https:\\\/\\\/www.facebook.com\\\/webdotn\",\"https:\\\/\\\/x.com\\\/webdo_tn\"],\"description\":\"Webdo est un m\u00e9dia num\u00e9rique tunisien fond\u00e9 en 2010, sp\u00e9cialis\u00e9 dans l\u2019actualit\u00e9 nationale et internationale, l\u2019\u00e9conomie, la soci\u00e9t\u00e9 et les analyses politiques. Le site s\u2019adresse \u00e0 un large public francophone et couvre l\u2019information tunisienne en temps r\u00e9el.\",\"email\":\"redac@webdo.tn\",\"legalName\":\"YNJ SARL\",\"foundingDate\":\"2010-09-06\",\"numberOfEmployees\":{\"@type\":\"QuantitativeValue\",\"minValue\":\"11\",\"maxValue\":\"50\"}},{\"@type\":\"Person\",\"@id\":\"https:\\\/\\\/www.webdo.tn\\\/fr\\\/#\\\/schema\\\/person\\\/f35b42a42c5e2511bbd282959d6385cc\",\"name\":\"CL\",\"image\":{\"@type\":\"ImageObject\",\"inLanguage\":\"fr-FR\",\"@id\":\"https:\\\/\\\/secure.gravatar.com\\\/avatar\\\/1447a49909b67aa657c488aec6512e1dd6143a480c1ecfee9b5b5cd74eb3b59e?s=96&d=mm&r=g\",\"url\":\"https:\\\/\\\/secure.gravatar.com\\\/avatar\\\/1447a49909b67aa657c488aec6512e1dd6143a480c1ecfee9b5b5cd74eb3b59e?s=96&d=mm&r=g\",\"contentUrl\":\"https:\\\/\\\/secure.gravatar.com\\\/avatar\\\/1447a49909b67aa657c488aec6512e1dd6143a480c1ecfee9b5b5cd74eb3b59e?s=96&d=mm&r=g\",\"caption\":\"CL\"},\"url\":\"https:\\\/\\\/www.webdo.tn\\\/fr\\\/actualite\\\/author\\\/cl\\\/\"}]}<\/script>\n<!-- \/ Yoast SEO Premium plugin. -->","yoast_head_json":{"title":"France : Des maltaises tunisiennes rappel\u00e9es, 45 tonnes refus\u00e9es !","description":"L\u2019affaire fait actuellement pol\u00e9mique en France. 45 tonnes d\u2019oranges maltaises tunisiennes ont \u00e9t\u00e9 refus\u00e9es en France et redirig\u00e9es vers la Tunisie","canonical":"https:\/\/www.webdo.tn\/fr\/actualite\/national\/france-des-maltaises-tunisiennes-rappelees-45-tonnes-refusees\/203620\/","og_locale":"fr_FR","og_type":"article","og_title":"France : Des maltaises tunisiennes rappel\u00e9es, 45 tonnes refus\u00e9es !","og_description":"L\u2019affaire fait actuellement pol\u00e9mique en France. 45 tonnes d\u2019oranges maltaises tunisiennes ont \u00e9t\u00e9 refus\u00e9es en France et redirig\u00e9es vers la Tunisie","og_url":"https:\/\/www.webdo.tn\/fr\/actualite\/national\/france-des-maltaises-tunisiennes-rappelees-45-tonnes-refusees\/203620\/","og_site_name":"webdo","article_publisher":"https:\/\/www.facebook.com\/webdotn","article_published_time":"2023-03-06T10:17:00+00:00","article_modified_time":"2025-05-20T22:49:25+00:00","og_image":[{"width":750,"height":400,"url":"https:\/\/www.webdo.tn\/fr\/wp-content\/uploads\/2023\/03\/1cc7b5bd95d7a40a0edd7098337167a0.jpg","type":"image\/jpeg"}],"author":"CL","twitter_card":"summary_large_image","twitter_creator":"@webdo_tn","twitter_site":"@webdo_tn","twitter_misc":{"\u00c9crit par":"CL","Dur\u00e9e de lecture estim\u00e9e":"1 minute"},"schema":{"@context":"https:\/\/schema.org","@graph":[{"@type":"NewsArticle","@id":"https:\/\/www.webdo.tn\/fr\/actualite\/national\/france-des-maltaises-tunisiennes-rappelees-45-tonnes-refusees\/203620\/#article","isPartOf":{"@id":"https:\/\/www.webdo.tn\/fr\/actualite\/national\/france-des-maltaises-tunisiennes-rappelees-45-tonnes-refusees\/203620\/"},"author":{"name":"CL","@id":"https:\/\/www.webdo.tn\/fr\/#\/schema\/person\/f35b42a42c5e2511bbd282959d6385cc"},"headline":"France : Des maltaises tunisiennes rappel\u00e9es, 45 tonnes refus\u00e9es !","datePublished":"2023-03-06T10:17:00+00:00","dateModified":"2025-05-20T22:49:25+00:00","mainEntityOfPage":{"@id":"https:\/\/www.webdo.tn\/fr\/actualite\/national\/france-des-maltaises-tunisiennes-rappelees-45-tonnes-refusees\/203620\/"},"wordCount":298,"commentCount":0,"publisher":{"@id":"https:\/\/www.webdo.tn\/fr\/#organization"},"image":{"@id":"https:\/\/www.webdo.tn\/fr\/actualite\/national\/france-des-maltaises-tunisiennes-rappelees-45-tonnes-refusees\/203620\/#primaryimage"},"thumbnailUrl":"https:\/\/www.webdo.tn\/fr\/wp-content\/uploads\/2023\/03\/1cc7b5bd95d7a40a0edd7098337167a0.jpg","keywords":["france","Maltaises","oranges","Tunisie"],"articleSection":["National"],"inLanguage":"fr-FR"},{"@type":"WebPage","@id":"https:\/\/www.webdo.tn\/fr\/actualite\/national\/france-des-maltaises-tunisiennes-rappelees-45-tonnes-refusees\/203620\/","url":"https:\/\/www.webdo.tn\/fr\/actualite\/national\/france-des-maltaises-tunisiennes-rappelees-45-tonnes-refusees\/203620\/","name":"France : Des maltaises tunisiennes rappel\u00e9es, 45 tonnes refus\u00e9es !","isPartOf":{"@id":"https:\/\/www.webdo.tn\/fr\/#website"},"primaryImageOfPage":{"@id":"https:\/\/www.webdo.tn\/fr\/actualite\/national\/france-des-maltaises-tunisiennes-rappelees-45-tonnes-refusees\/203620\/#primaryimage"},"image":{"@id":"https:\/\/www.webdo.tn\/fr\/actualite\/national\/france-des-maltaises-tunisiennes-rappelees-45-tonnes-refusees\/203620\/#primaryimage"},"thumbnailUrl":"https:\/\/www.webdo.tn\/fr\/wp-content\/uploads\/2023\/03\/1cc7b5bd95d7a40a0edd7098337167a0.jpg","datePublished":"2023-03-06T10:17:00+00:00","dateModified":"2025-05-20T22:49:25+00:00","description":"L\u2019affaire fait actuellement pol\u00e9mique en France. 45 tonnes d\u2019oranges maltaises tunisiennes ont \u00e9t\u00e9 refus\u00e9es en France et redirig\u00e9es vers la Tunisie","breadcrumb":{"@id":"https:\/\/www.webdo.tn\/fr\/actualite\/national\/france-des-maltaises-tunisiennes-rappelees-45-tonnes-refusees\/203620\/#breadcrumb"},"inLanguage":"fr-FR","potentialAction":[{"@type":"ReadAction","target":["https:\/\/www.webdo.tn\/fr\/actualite\/national\/france-des-maltaises-tunisiennes-rappelees-45-tonnes-refusees\/203620\/"]}]},{"@type":"ImageObject","inLanguage":"fr-FR","@id":"https:\/\/www.webdo.tn\/fr\/actualite\/national\/france-des-maltaises-tunisiennes-rappelees-45-tonnes-refusees\/203620\/#primaryimage","url":"https:\/\/www.webdo.tn\/fr\/wp-content\/uploads\/2023\/03\/1cc7b5bd95d7a40a0edd7098337167a0.jpg","contentUrl":"https:\/\/www.webdo.tn\/fr\/wp-content\/uploads\/2023\/03\/1cc7b5bd95d7a40a0edd7098337167a0.jpg","width":750,"height":400,"caption":"Oranges maltaises tunisiennes"},{"@type":"BreadcrumbList","@id":"https:\/\/www.webdo.tn\/fr\/actualite\/national\/france-des-maltaises-tunisiennes-rappelees-45-tonnes-refusees\/203620\/#breadcrumb","itemListElement":[{"@type":"ListItem","position":1,"name":"Accueil","item":"https:\/\/www.webdo.tn\/fr\/"},{"@type":"ListItem","position":2,"name":"France : Des maltaises tunisiennes rappel\u00e9es, 45 tonnes refus\u00e9es !"}]},{"@type":"WebSite","@id":"https:\/\/www.webdo.tn\/fr\/#website","url":"https:\/\/www.webdo.tn\/fr\/","name":"webdo","description":"Tunisie - News en Tunisie et \u00e0 l&#039;international sur Webdo.tn","publisher":{"@id":"https:\/\/www.webdo.tn\/fr\/#organization"},"potentialAction":[{"@type":"SearchAction","target":{"@type":"EntryPoint","urlTemplate":"https:\/\/www.webdo.tn\/fr\/?s={search_term_string}"},"query-input":{"@type":"PropertyValueSpecification","valueRequired":true,"valueName":"search_term_string"}}],"inLanguage":"fr-FR"},{"@type":"Organization","@id":"https:\/\/www.webdo.tn\/fr\/#organization","name":"Webdo","alternateName":"Webdo.tn","url":"https:\/\/www.webdo.tn\/fr\/","logo":{"@type":"ImageObject","inLanguage":"fr-FR","@id":"https:\/\/www.webdo.tn\/fr\/#\/schema\/logo\/image\/","url":"https:\/\/www.webdo.tn\/fr\/wp-content\/uploads\/2025\/06\/Webdo-Tunisie_168377.jpg","contentUrl":"https:\/\/www.webdo.tn\/fr\/wp-content\/uploads\/2025\/06\/Webdo-Tunisie_168377.jpg","width":301,"height":301,"caption":"Webdo"},"image":{"@id":"https:\/\/www.webdo.tn\/fr\/#\/schema\/logo\/image\/"},"sameAs":["https:\/\/www.facebook.com\/webdotn","https:\/\/x.com\/webdo_tn"],"description":"Webdo est un m\u00e9dia num\u00e9rique tunisien fond\u00e9 en 2010, sp\u00e9cialis\u00e9 dans l\u2019actualit\u00e9 nationale et internationale, l\u2019\u00e9conomie, la soci\u00e9t\u00e9 et les analyses politiques. Le site s\u2019adresse \u00e0 un large public francophone et couvre l\u2019information tunisienne en temps r\u00e9el.","email":"redac@webdo.tn","legalName":"YNJ SARL","foundingDate":"2010-09-06","numberOfEmployees":{"@type":"QuantitativeValue","minValue":"11","maxValue":"50"}},{"@type":"Person","@id":"https:\/\/www.webdo.tn\/fr\/#\/schema\/person\/f35b42a42c5e2511bbd282959d6385cc","name":"CL","image":{"@type":"ImageObject","inLanguage":"fr-FR","@id":"https:\/\/secure.gravatar.com\/avatar\/1447a49909b67aa657c488aec6512e1dd6143a480c1ecfee9b5b5cd74eb3b59e?s=96&d=mm&r=g","url":"https:\/\/secure.gravatar.com\/avatar\/1447a49909b67aa657c488aec6512e1dd6143a480c1ecfee9b5b5cd74eb3b59e?s=96&d=mm&r=g","contentUrl":"https:\/\/secure.gravatar.com\/avatar\/1447a49909b67aa657c488aec6512e1dd6143a480c1ecfee9b5b5cd74eb3b59e?s=96&d=mm&r=g","caption":"CL"},"url":"https:\/\/www.webdo.tn\/fr\/actualite\/author\/cl\/"}]}},"_links":{"self":[{"href":"https:\/\/www.webdo.tn\/fr\/wp-json\/wp\/v2\/posts\/203620","targetHints":{"allow":["GET"]}}],"collection":[{"href":"https:\/\/www.webdo.tn\/fr\/wp-json\/wp\/v2\/posts"}],"about":[{"href":"https:\/\/www.webdo.tn\/fr\/wp-json\/wp\/v2\/types\/post"}],"author":[{"embeddable":true,"href":"https:\/\/www.webdo.tn\/fr\/wp-json\/wp\/v2\/users\/3175"}],"replies":[{"embeddable":true,"href":"https:\/\/www.webdo.tn\/fr\/wp-json\/wp\/v2\/comments?post=203620"}],"version-history":[{"count":0,"href":"https:\/\/www.webdo.tn\/fr\/wp-json\/wp\/v2\/posts\/203620\/revisions"}],"wp:featuredmedia":[{"embeddable":true,"href":"https:\/\/www.webdo.tn\/fr\/wp-json\/wp\/v2\/media\/277858"}],"wp:attachment":[{"href":"https:\/\/www.webdo.tn\/fr\/wp-json\/wp\/v2\/media?parent=203620"}],"wp:term":[{"taxonomy":"category","embeddable":true,"href":"https:\/\/www.webdo.tn\/fr\/wp-json\/wp\/v2\/categories?post=203620"},{"taxonomy":"post_tag","embeddable":true,"href":"https:\/\/www.webdo.tn\/fr\/wp-json\/wp\/v2\/tags?post=203620"}],"curies":[{"name":"wp","href":"https:\/\/api.w.org\/{rel}","templated":true}]}}