{"id":203614,"date":"2023-03-06T08:43:00","date_gmt":"2023-03-06T08:43:00","guid":{"rendered":"https:\/\/www.webdo.tn\/fr\/blog\/hommage-a-salma-baccar-lors-de-la-ceremonie-d-ouverture-du-festival-international-de-la-femme-d-assouan\/203614\/"},"modified":"2025-05-17T21:04:41","modified_gmt":"2025-05-17T21:04:41","slug":"hommage-a-salma-baccar-lors-de-la-ceremonie-d-ouverture-du-festival-international-de-la-femme-d-assouan","status":"publish","type":"post","link":"https:\/\/www.webdo.tn\/fr\/actualite\/culture\/hommage-a-salma-baccar-lors-de-la-ceremonie-d-ouverture-du-festival-international-de-la-femme-d-assouan\/203614\/","title":{"rendered":"Hommage \u00e0 Salma Baccar au Festival International du Film de la Femme d&rsquo;Assouan"},"content":{"rendered":"<div class=\"single-body entry-content typography-copy\" itemprop=\"articleBody\">\n<p style=\"font-weight: bold; text-align: justify\">\n\t\t\t\t\t\t\t\t\tLa septi\u00e8me \u00e9dition du Festival International du Film de la Femme d&rsquo;Assouan, qui se d\u00e9roule du 5 au 10 mars 2023, a d\u00e9but\u00e9 hier soir en \u00c9gypte. Cette ann\u00e9e, le hasard du calendrier a fait que le festival se tient pendant la p\u00e9riode de la Journ\u00e9e Internationale de la Femme, qui est c\u00e9l\u00e9br\u00e9e chaque 8 mars pour mettre en valeur les r\u00e9alisations des femmes dans le monde entier et souligner la n\u00e9cessit\u00e9 d&rsquo;atteindre l&rsquo;\u00e9galit\u00e9 des sexes. Cette co\u00efncidence met en avant l&rsquo;importance de la place des femmes dans la soci\u00e9t\u00e9 \u00e9gyptienne et internationale, renfor\u00e7ant l&rsquo;engagement du festival \u00e0 promouvoir l&rsquo;\u00e9mancipation des femmes dans tous les domaines.\n\t\t\t\t\t\t\t\t<\/p>\n<div class=\"coprs\" style=\"text-align: center\"><\/div>\n<div class=\"coprs\" style=\"text-align: justify\">\n<p><span><span>La c\u00e9r\u00e9monie d&rsquo;ouverture a commenc\u00e9 par la pr\u00e9sentation des membres des diff\u00e9rents jurys, suivie de discours soulignant divers aspects importants du festival. Plusieurs personnalit\u00e9s ont mis en avant l&rsquo;importance du festival pour les femmes du monde entier en g\u00e9n\u00e9ral et pour celles de la r\u00e9gion en particulier. En effet, ce festival offre une plateforme pour les femmes de diff\u00e9rents pays pour partager leur vision artistique et leurs id\u00e9es \u00e0 travers le cin\u00e9ma. Il permet \u00e9galement de sensibiliser le public aux droits des femmes, \u00e0 l&rsquo;\u00e9galit\u00e9 des sexes et \u00e0 l&rsquo;importance de l&rsquo;inclusion et de la diversit\u00e9 dans l&rsquo;industrie cin\u00e9matographique. Mais son but principal est de favoriser la formation et le d\u00e9veloppement des jeunes talents locaux.<\/span><\/span><\/p>\n<p><span><span>Depuis sa cr\u00e9ation, le festival a mis tous ses efforts pour former les jeunes de la r\u00e9gion aux m\u00e9tiers du cin\u00e9ma. Gr\u00e2ce \u00e0 la collaboration de l&rsquo;association NUT, une \u00e9cole a \u00e9t\u00e9 fond\u00e9e pour former les enfants et les jeunes dans la fabrication de films. Les ateliers techniques tels que le dessin anim\u00e9, ainsi que des ateliers d&rsquo;interpr\u00e9tation, de r\u00e9alisation et d&rsquo;autres formes d&rsquo;art tels que les arts plastiques sont enseign\u00e9s aux jeunes gar\u00e7ons et filles. D\u2019ailleurs ces jeunes ont r\u00e9alis\u00e9 plusieurs courts m\u00e9trages, dont certains ont \u00e9t\u00e9 s\u00e9lectionn\u00e9s dans des festivals de cin\u00e9ma tels que les Journ\u00e9es Cin\u00e9matographiques de Carthage. Environ 220 jeunes gar\u00e7ons et filles b\u00e9n\u00e9ficient de cette formation chaque ann\u00e9e.<\/span><\/span><\/p>\n<p><span><span>Le festival contribue \u00e9galement \u00e0 promouvoir la ville\u00a0 en tant que destination touristique. Le gouverneur d&rsquo;Assouan a soulign\u00e9 l&rsquo;importance du festival pour la ville, affirmant qu&rsquo;il permettait de la faire encore plus connaitre\u00a0\u00e0 l&rsquo;\u00e9chelle mondiale. La ville d&rsquo;Assouan, connue pour son patrimoine culturel et historique, est \u00e9galement devenue une destination pris\u00e9e pour les tournages de films et d&rsquo;\u00e9missions de t\u00e9l\u00e9vision.<\/span><\/span><\/p>\n<p><span><span>La c\u00e9r\u00e9monie d&rsquo;ouverture a \u00e9galement \u00e9t\u00e9 l&rsquo;occasion de rendre hommage \u00e0 de grandes artistes femmes qui ont marqu\u00e9 l&rsquo;histoire du cin\u00e9ma et de la t\u00e9l\u00e9vision, comme <a href=\"https:\/\/www.webdo.tn\/fr\/actualite\/culture\/le-festival-international-du-film-de-la-femme-d-assouan-rend-hommage-a-l-actrice-nabilah-obeid\/203183\">l&rsquo;actrice \u00e9gyptienne Nabila Obeid<\/a>, la pr\u00e9sentatrice de t\u00e9l\u00e9vision \u00e9gyptienne Doria Achraf, l<a href=\"https:\/\/www.webdo.tn\/fr\/actualite\/culture\/le-festival-international-du-film-de-femmes-d-assouan-rend-hommage-a-la-realisatrice-tunisienne-salma-baccar\/203370\">a r\u00e9alisatrice et productrice tunisienne Salma Baccar<\/a>, l&rsquo;actrice espagnole Cuca Escribano, et la sc\u00e9nariste, r\u00e9alisatrice et productrice hollandaise Mijke De Jong. Ces hommages ont soulign\u00e9 la contribution importante de ces femmes dans le monde du cin\u00e9ma et de la culture, ainsi que leur r\u00f4le de mod\u00e8les pour les jeunes filles et les femmes de la r\u00e9gion.<\/span><\/span><\/p>\n<p><span><span>Salma Baccar a remerci\u00e9 la direction du festival dans son discours, exprimant sa gratitude et sa fiert\u00e9 pour l&rsquo;hommage qui lui est rendu.<\/span><\/span><\/p>\n<p><span><span>Elle \u00e9tait v\u00eatue d&rsquo;une longue robe traditionnelle tunisienne et d&rsquo;un burnous, tous deux cr\u00e9\u00e9s et r\u00e9alis\u00e9s par la maison de couture Elissar. Cette tenue inspir\u00e9e du patrimoine tunisien a ajout\u00e9 une touche d&rsquo;\u00e9l\u00e9gance \u00e0 la c\u00e9r\u00e9monie, tout en refl\u00e9tant la fiert\u00e9 de Salma Baccar pour son h\u00e9ritage culturel.<\/span><\/span><\/p>\n<p><iframe allowfullscreen=\"true\" frameborder=\"0\" height=\"314\" scrolling=\"no\" src=\"https:\/\/www.facebook.com\/plugins\/video.php?height=314&amp;href=https%3A%2F%2Fwww.facebook.com%2Fmassir.destiniii%2Fvideos%2F170387225754539%2F&amp;show_text=false&amp;width=560&amp;t=0\" width=\"560\"><\/iframe><\/p>\n<p>\u00a0<\/p>\n<p><span><span>Au cours de sa carri\u00e8re, Salma Baccar a r\u00e9alis\u00e9 de nombreux films qui ont \u00e9t\u00e9 salu\u00e9s par la critique et le public. Elle est \u00e9galement connue pour son engagement en faveur des droits des femmes et pour sa participation active \u00e0 la vie culturelle et politique de la Tunisie. Cet hommage rendu \u00e0 Salma Baccar lors de la c\u00e9r\u00e9monie d&rsquo;ouverture de la septi\u00e8me \u00e9dition du festival d&rsquo;Assouan est une reconnaissance bien m\u00e9rit\u00e9e de sa contribution \u00e0 l&rsquo;industrie cin\u00e9matographique et culturelle du pays.<\/span><\/span><\/p>\n<div>\n<figure class=\"image\"><img decoding=\"async\" alt=\"\" height=\"675\" src=\"\/assets\/uploads\/images\/\/Neila\/IMG_5412.JPG\" width=\"900\"><figcaption>Les artistes honor\u00e9es et les dirigeants du festival.<\/figcaption><\/figure>\n<\/div>\n<p><span><span>La c\u00e9r\u00e9monie d&rsquo;ouverture s&rsquo;est conclue par la projection en premi\u00e8re mondiale du moyen m\u00e9trage \u00ab\u00a0L&rsquo;anniversaire de Sarah\u00a0\u00bb r\u00e9alis\u00e9 par Yasser Shafiey et produit par les partenaires du festival Plan International Egypt et NCW Egypt. Le film aborde un sujet douloureux et important, celui de l&rsquo;excision, dans un contexte familial. La projection de ce film a soulign\u00e9 l&rsquo;importance du cin\u00e9ma dans la sensibilisation et la lutte contre les violences faites aux femmes et aux filles.<\/span><\/span><\/p>\n<p><strong><span><span>Ne\u00efla Driss<\/span><\/span><\/strong><\/p>\n<p>\u00a0<\/p>\n<p>\u00a0<\/p>\n<\/p><\/div>\n<div class=\"coprs\" style=\"text-align: center\"><\/div><\/div>\n","protected":false},"excerpt":{"rendered":"<p>La septi\u00e8me \u00e9dition du Festival International du Film de la Femme d&rsquo;Assouan, qui se d\u00e9roule du 5 au 10 mars 2023, a d\u00e9but\u00e9 hier soir en \u00c9gypte. Cette ann\u00e9e, le&#8230;<\/p>\n","protected":false},"author":3164,"featured_media":277848,"comment_status":"open","ping_status":"closed","sticky":false,"template":"","format":"standard","meta":{"footnotes":""},"categories":[2594],"tags":[2626,2628,8688,8687],"class_list":["post-203614","post","type-post","status-publish","format-standard","has-post-thumbnail","hentry","category-culture","tag-cinema","tag-festival","tag-festival-international-du-film-de-la-femme-dassouan","tag-salma-baccar"],"yoast_head":"<!-- This site is optimized with the Yoast SEO Premium plugin v27.5 (Yoast SEO v27.5) - https:\/\/yoast.com\/product\/yoast-seo-premium-wordpress\/ -->\n<title>Hommage \u00e0 Salma Baccar au Festival International du Film de la Femme d&#039;Assouan<\/title>\n<meta name=\"description\" content=\"La septi\u00e8me \u00e9dition du Festival International du Film de la Femme d&#039;Assouan, qui se d\u00e9roule du 5 au 10 mars 2023, a d\u00e9but\u00e9 hier soir en \u00c9gypte. Cette ann\u00e9e, le...\" \/>\n<link rel=\"canonical\" href=\"https:\/\/www.webdo.tn\/fr\/actualite\/culture\/hommage-a-salma-baccar-lors-de-la-ceremonie-d-ouverture-du-festival-international-de-la-femme-d-assouan\/203614\/\" \/>\n<meta property=\"og:locale\" content=\"fr_FR\" \/>\n<meta property=\"og:type\" content=\"article\" \/>\n<meta property=\"og:title\" content=\"Hommage \u00e0 Salma Baccar au Festival International du Film de la Femme d&#039;Assouan\" \/>\n<meta property=\"og:description\" content=\"La septi\u00e8me \u00e9dition du Festival International du Film de la Femme d&#039;Assouan, qui se d\u00e9roule du 5 au 10 mars 2023, a d\u00e9but\u00e9 hier soir en \u00c9gypte. Cette ann\u00e9e, le...\" \/>\n<meta property=\"og:url\" content=\"https:\/\/www.webdo.tn\/fr\/actualite\/culture\/hommage-a-salma-baccar-lors-de-la-ceremonie-d-ouverture-du-festival-international-de-la-femme-d-assouan\/203614\/\" \/>\n<meta property=\"og:site_name\" content=\"webdo\" \/>\n<meta property=\"article:publisher\" content=\"https:\/\/www.facebook.com\/webdotn\" \/>\n<meta property=\"article:author\" content=\"https:\/\/www.facebook.com\/massir.destiniii\/\" \/>\n<meta property=\"article:published_time\" content=\"2023-03-06T08:43:00+00:00\" \/>\n<meta property=\"article:modified_time\" content=\"2025-05-17T21:04:41+00:00\" \/>\n<meta property=\"og:image\" content=\"https:\/\/www.webdo.tn\/fr\/wp-content\/uploads\/2023\/03\/0aa1989bd203aeee172a3d157187a93b.jpg\" \/>\n\t<meta property=\"og:image:width\" content=\"750\" \/>\n\t<meta property=\"og:image:height\" content=\"400\" \/>\n\t<meta property=\"og:image:type\" content=\"image\/jpeg\" \/>\n<meta name=\"author\" content=\"Ne\u00efla DRISS\" \/>\n<meta name=\"twitter:card\" content=\"summary_large_image\" \/>\n<meta name=\"twitter:creator\" content=\"@https:\/\/x.com\/MassirDestin\" \/>\n<meta name=\"twitter:site\" content=\"@webdo_tn\" \/>\n<meta name=\"twitter:label1\" content=\"\u00c9crit par\" \/>\n\t<meta name=\"twitter:data1\" content=\"Ne\u00efla DRISS\" \/>\n\t<meta name=\"twitter:label2\" content=\"Dur\u00e9e de lecture estim\u00e9e\" \/>\n\t<meta name=\"twitter:data2\" content=\"4 minutes\" \/>\n<script type=\"application\/ld+json\" class=\"yoast-schema-graph\">{\"@context\":\"https:\\\/\\\/schema.org\",\"@graph\":[{\"@type\":\"NewsArticle\",\"@id\":\"https:\\\/\\\/www.webdo.tn\\\/fr\\\/actualite\\\/culture\\\/hommage-a-salma-baccar-lors-de-la-ceremonie-d-ouverture-du-festival-international-de-la-femme-d-assouan\\\/203614\\\/#article\",\"isPartOf\":{\"@id\":\"https:\\\/\\\/www.webdo.tn\\\/fr\\\/actualite\\\/culture\\\/hommage-a-salma-baccar-lors-de-la-ceremonie-d-ouverture-du-festival-international-de-la-femme-d-assouan\\\/203614\\\/\"},\"author\":{\"name\":\"Ne\u00efla DRISS\",\"@id\":\"https:\\\/\\\/www.webdo.tn\\\/fr\\\/#\\\/schema\\\/person\\\/60d5ba619ed3f58783b0dc82b7dada80\"},\"headline\":\"Hommage \u00e0 Salma Baccar au Festival International du Film de la Femme d&rsquo;Assouan\",\"datePublished\":\"2023-03-06T08:43:00+00:00\",\"dateModified\":\"2025-05-17T21:04:41+00:00\",\"mainEntityOfPage\":{\"@id\":\"https:\\\/\\\/www.webdo.tn\\\/fr\\\/actualite\\\/culture\\\/hommage-a-salma-baccar-lors-de-la-ceremonie-d-ouverture-du-festival-international-de-la-femme-d-assouan\\\/203614\\\/\"},\"wordCount\":854,\"commentCount\":0,\"publisher\":{\"@id\":\"https:\\\/\\\/www.webdo.tn\\\/fr\\\/#organization\"},\"image\":{\"@id\":\"https:\\\/\\\/www.webdo.tn\\\/fr\\\/actualite\\\/culture\\\/hommage-a-salma-baccar-lors-de-la-ceremonie-d-ouverture-du-festival-international-de-la-femme-d-assouan\\\/203614\\\/#primaryimage\"},\"thumbnailUrl\":\"https:\\\/\\\/www.webdo.tn\\\/fr\\\/wp-content\\\/uploads\\\/2023\\\/03\\\/0aa1989bd203aeee172a3d157187a93b.jpg\",\"keywords\":[\"Cin\u00e9ma\",\"Festival\",\"Festival international du Film de la Femme d'Assouan\",\"Salma Baccar\"],\"articleSection\":[\"Culture\"],\"inLanguage\":\"fr-FR\"},{\"@type\":\"WebPage\",\"@id\":\"https:\\\/\\\/www.webdo.tn\\\/fr\\\/actualite\\\/culture\\\/hommage-a-salma-baccar-lors-de-la-ceremonie-d-ouverture-du-festival-international-de-la-femme-d-assouan\\\/203614\\\/\",\"url\":\"https:\\\/\\\/www.webdo.tn\\\/fr\\\/actualite\\\/culture\\\/hommage-a-salma-baccar-lors-de-la-ceremonie-d-ouverture-du-festival-international-de-la-femme-d-assouan\\\/203614\\\/\",\"name\":\"Hommage \u00e0 Salma Baccar au Festival International du Film de la Femme d'Assouan\",\"isPartOf\":{\"@id\":\"https:\\\/\\\/www.webdo.tn\\\/fr\\\/#website\"},\"primaryImageOfPage\":{\"@id\":\"https:\\\/\\\/www.webdo.tn\\\/fr\\\/actualite\\\/culture\\\/hommage-a-salma-baccar-lors-de-la-ceremonie-d-ouverture-du-festival-international-de-la-femme-d-assouan\\\/203614\\\/#primaryimage\"},\"image\":{\"@id\":\"https:\\\/\\\/www.webdo.tn\\\/fr\\\/actualite\\\/culture\\\/hommage-a-salma-baccar-lors-de-la-ceremonie-d-ouverture-du-festival-international-de-la-femme-d-assouan\\\/203614\\\/#primaryimage\"},\"thumbnailUrl\":\"https:\\\/\\\/www.webdo.tn\\\/fr\\\/wp-content\\\/uploads\\\/2023\\\/03\\\/0aa1989bd203aeee172a3d157187a93b.jpg\",\"datePublished\":\"2023-03-06T08:43:00+00:00\",\"dateModified\":\"2025-05-17T21:04:41+00:00\",\"description\":\"La septi\u00e8me \u00e9dition du Festival International du Film de la Femme d'Assouan, qui se d\u00e9roule du 5 au 10 mars 2023, a d\u00e9but\u00e9 hier soir en \u00c9gypte. Cette ann\u00e9e, le...\",\"breadcrumb\":{\"@id\":\"https:\\\/\\\/www.webdo.tn\\\/fr\\\/actualite\\\/culture\\\/hommage-a-salma-baccar-lors-de-la-ceremonie-d-ouverture-du-festival-international-de-la-femme-d-assouan\\\/203614\\\/#breadcrumb\"},\"inLanguage\":\"fr-FR\",\"potentialAction\":[{\"@type\":\"ReadAction\",\"target\":[\"https:\\\/\\\/www.webdo.tn\\\/fr\\\/actualite\\\/culture\\\/hommage-a-salma-baccar-lors-de-la-ceremonie-d-ouverture-du-festival-international-de-la-femme-d-assouan\\\/203614\\\/\"]}]},{\"@type\":\"ImageObject\",\"inLanguage\":\"fr-FR\",\"@id\":\"https:\\\/\\\/www.webdo.tn\\\/fr\\\/actualite\\\/culture\\\/hommage-a-salma-baccar-lors-de-la-ceremonie-d-ouverture-du-festival-international-de-la-femme-d-assouan\\\/203614\\\/#primaryimage\",\"url\":\"https:\\\/\\\/www.webdo.tn\\\/fr\\\/wp-content\\\/uploads\\\/2023\\\/03\\\/0aa1989bd203aeee172a3d157187a93b.jpg\",\"contentUrl\":\"https:\\\/\\\/www.webdo.tn\\\/fr\\\/wp-content\\\/uploads\\\/2023\\\/03\\\/0aa1989bd203aeee172a3d157187a93b.jpg\",\"width\":750,\"height\":400,\"caption\":\"Hommage \u00e0 Salma Baccar lors de la c\u00e9r\u00e9monie d'ouverture du Festival International du Film de la Femme d'Assouan.\"},{\"@type\":\"BreadcrumbList\",\"@id\":\"https:\\\/\\\/www.webdo.tn\\\/fr\\\/actualite\\\/culture\\\/hommage-a-salma-baccar-lors-de-la-ceremonie-d-ouverture-du-festival-international-de-la-femme-d-assouan\\\/203614\\\/#breadcrumb\",\"itemListElement\":[{\"@type\":\"ListItem\",\"position\":1,\"name\":\"Accueil\",\"item\":\"https:\\\/\\\/www.webdo.tn\\\/fr\\\/\"},{\"@type\":\"ListItem\",\"position\":2,\"name\":\"Hommage \u00e0 Salma Baccar au Festival International du Film de la Femme d&rsquo;Assouan\"}]},{\"@type\":\"WebSite\",\"@id\":\"https:\\\/\\\/www.webdo.tn\\\/fr\\\/#website\",\"url\":\"https:\\\/\\\/www.webdo.tn\\\/fr\\\/\",\"name\":\"webdo\",\"description\":\"Tunisie - News en Tunisie et \u00e0 l&#039;international sur Webdo.tn\",\"publisher\":{\"@id\":\"https:\\\/\\\/www.webdo.tn\\\/fr\\\/#organization\"},\"potentialAction\":[{\"@type\":\"SearchAction\",\"target\":{\"@type\":\"EntryPoint\",\"urlTemplate\":\"https:\\\/\\\/www.webdo.tn\\\/fr\\\/?s={search_term_string}\"},\"query-input\":{\"@type\":\"PropertyValueSpecification\",\"valueRequired\":true,\"valueName\":\"search_term_string\"}}],\"inLanguage\":\"fr-FR\"},{\"@type\":\"Organization\",\"@id\":\"https:\\\/\\\/www.webdo.tn\\\/fr\\\/#organization\",\"name\":\"Webdo\",\"alternateName\":\"Webdo.tn\",\"url\":\"https:\\\/\\\/www.webdo.tn\\\/fr\\\/\",\"logo\":{\"@type\":\"ImageObject\",\"inLanguage\":\"fr-FR\",\"@id\":\"https:\\\/\\\/www.webdo.tn\\\/fr\\\/#\\\/schema\\\/logo\\\/image\\\/\",\"url\":\"https:\\\/\\\/www.webdo.tn\\\/fr\\\/wp-content\\\/uploads\\\/2025\\\/06\\\/Webdo-Tunisie_168377.jpg\",\"contentUrl\":\"https:\\\/\\\/www.webdo.tn\\\/fr\\\/wp-content\\\/uploads\\\/2025\\\/06\\\/Webdo-Tunisie_168377.jpg\",\"width\":301,\"height\":301,\"caption\":\"Webdo\"},\"image\":{\"@id\":\"https:\\\/\\\/www.webdo.tn\\\/fr\\\/#\\\/schema\\\/logo\\\/image\\\/\"},\"sameAs\":[\"https:\\\/\\\/www.facebook.com\\\/webdotn\",\"https:\\\/\\\/x.com\\\/webdo_tn\"],\"description\":\"Webdo est un m\u00e9dia num\u00e9rique tunisien fond\u00e9 en 2010, sp\u00e9cialis\u00e9 dans l\u2019actualit\u00e9 nationale et internationale, l\u2019\u00e9conomie, la soci\u00e9t\u00e9 et les analyses politiques. Le site s\u2019adresse \u00e0 un large public francophone et couvre l\u2019information tunisienne en temps r\u00e9el.\",\"email\":\"redac@webdo.tn\",\"legalName\":\"YNJ SARL\",\"foundingDate\":\"2010-09-06\",\"numberOfEmployees\":{\"@type\":\"QuantitativeValue\",\"minValue\":\"11\",\"maxValue\":\"50\"}},{\"@type\":\"Person\",\"@id\":\"https:\\\/\\\/www.webdo.tn\\\/fr\\\/#\\\/schema\\\/person\\\/60d5ba619ed3f58783b0dc82b7dada80\",\"name\":\"Ne\u00efla DRISS\",\"image\":{\"@type\":\"ImageObject\",\"inLanguage\":\"fr-FR\",\"@id\":\"https:\\\/\\\/www.webdo.tn\\\/fr\\\/wp-content\\\/uploads\\\/2026\\\/04\\\/neila-driss_avatar-96x96.jpg\",\"url\":\"https:\\\/\\\/www.webdo.tn\\\/fr\\\/wp-content\\\/uploads\\\/2026\\\/04\\\/neila-driss_avatar-96x96.jpg\",\"contentUrl\":\"https:\\\/\\\/www.webdo.tn\\\/fr\\\/wp-content\\\/uploads\\\/2026\\\/04\\\/neila-driss_avatar-96x96.jpg\",\"caption\":\"Ne\u00efla DRISS\"},\"description\":\"Ne\u00efla Driss est juriste, journaliste culturelle et critique de cin\u00e9ma tunisienne. Titulaire d\u2019un DEA en droit priv\u00e9 de l\u2019Universit\u00e9 Paris II et d\u2019un DESS de l\u2019IHEC Carthage, elle d\u00e9bute sa carri\u00e8re comme juriste sp\u00e9cialis\u00e9e en gestion de patrimoine immobilier. Elle s\u2019oriente ensuite vers l\u2019\u00e9criture en ligne, o\u00f9 elle se distingue d\u00e8s 2006 aux Tunisia Blog Awards, avant de se consacrer au journalisme culturel, avec une sp\u00e9cialisation dans la critique cin\u00e9matographique. Elle couvre r\u00e9guli\u00e8rement les grands festivals internationaux, notamment le Festival de Cannes, les Journ\u00e9es Cin\u00e9matographiques de Carthage et le Festival du film du Caire. Membre de l\u2019ATPCC et de la FIPRESCI, elle participe \u00e0 des jurys et initiatives internationales de critique. Depuis 2024, elle est \u00e9lectrice internationale aux Golden Globes. Facebook : https:\\\/\\\/www.facebook.com\\\/massir.destiniii\\\/ X : https:\\\/\\\/x.com\\\/MassirDestin\",\"sameAs\":[\"https:\\\/\\\/www.facebook.com\\\/massir.destiniii\\\/\",\"https:\\\/\\\/www.instagram.com\\\/neila.driss\\\/?hl=fr\",\"https:\\\/\\\/www.linkedin.com\\\/in\\\/neila-driss-22606a80\\\/\",\"https:\\\/\\\/x.com\\\/https:\\\/\\\/x.com\\\/MassirDestin\"],\"knowsAbout\":[\"Cin\u00e9ma international\",\"critique cin\u00e9matographique\",\"festivals de cin\u00e9ma\",\"journalisme culturel\"],\"knowsLanguage\":[\"Fran\u00e7ais\",\"Arabe\",\"Anglais\"],\"jobTitle\":\"Journaliste culturelle et critique de cin\u00e9ma\",\"worksFor\":\"Webdo\",\"url\":\"https:\\\/\\\/www.webdo.tn\\\/fr\\\/actualite\\\/author\\\/neila-driss\\\/\"}]}<\/script>\n<!-- \/ Yoast SEO Premium plugin. -->","yoast_head_json":{"title":"Hommage \u00e0 Salma Baccar au Festival International du Film de la Femme d'Assouan","description":"La septi\u00e8me \u00e9dition du Festival International du Film de la Femme d'Assouan, qui se d\u00e9roule du 5 au 10 mars 2023, a d\u00e9but\u00e9 hier soir en \u00c9gypte. Cette ann\u00e9e, le...","canonical":"https:\/\/www.webdo.tn\/fr\/actualite\/culture\/hommage-a-salma-baccar-lors-de-la-ceremonie-d-ouverture-du-festival-international-de-la-femme-d-assouan\/203614\/","og_locale":"fr_FR","og_type":"article","og_title":"Hommage \u00e0 Salma Baccar au Festival International du Film de la Femme d'Assouan","og_description":"La septi\u00e8me \u00e9dition du Festival International du Film de la Femme d'Assouan, qui se d\u00e9roule du 5 au 10 mars 2023, a d\u00e9but\u00e9 hier soir en \u00c9gypte. Cette ann\u00e9e, le...","og_url":"https:\/\/www.webdo.tn\/fr\/actualite\/culture\/hommage-a-salma-baccar-lors-de-la-ceremonie-d-ouverture-du-festival-international-de-la-femme-d-assouan\/203614\/","og_site_name":"webdo","article_publisher":"https:\/\/www.facebook.com\/webdotn","article_author":"https:\/\/www.facebook.com\/massir.destiniii\/","article_published_time":"2023-03-06T08:43:00+00:00","article_modified_time":"2025-05-17T21:04:41+00:00","og_image":[{"width":750,"height":400,"url":"https:\/\/www.webdo.tn\/fr\/wp-content\/uploads\/2023\/03\/0aa1989bd203aeee172a3d157187a93b.jpg","type":"image\/jpeg"}],"author":"Ne\u00efla DRISS","twitter_card":"summary_large_image","twitter_creator":"@https:\/\/x.com\/MassirDestin","twitter_site":"@webdo_tn","twitter_misc":{"\u00c9crit par":"Ne\u00efla DRISS","Dur\u00e9e de lecture estim\u00e9e":"4 minutes"},"schema":{"@context":"https:\/\/schema.org","@graph":[{"@type":"NewsArticle","@id":"https:\/\/www.webdo.tn\/fr\/actualite\/culture\/hommage-a-salma-baccar-lors-de-la-ceremonie-d-ouverture-du-festival-international-de-la-femme-d-assouan\/203614\/#article","isPartOf":{"@id":"https:\/\/www.webdo.tn\/fr\/actualite\/culture\/hommage-a-salma-baccar-lors-de-la-ceremonie-d-ouverture-du-festival-international-de-la-femme-d-assouan\/203614\/"},"author":{"name":"Ne\u00efla DRISS","@id":"https:\/\/www.webdo.tn\/fr\/#\/schema\/person\/60d5ba619ed3f58783b0dc82b7dada80"},"headline":"Hommage \u00e0 Salma Baccar au Festival International du Film de la Femme d&rsquo;Assouan","datePublished":"2023-03-06T08:43:00+00:00","dateModified":"2025-05-17T21:04:41+00:00","mainEntityOfPage":{"@id":"https:\/\/www.webdo.tn\/fr\/actualite\/culture\/hommage-a-salma-baccar-lors-de-la-ceremonie-d-ouverture-du-festival-international-de-la-femme-d-assouan\/203614\/"},"wordCount":854,"commentCount":0,"publisher":{"@id":"https:\/\/www.webdo.tn\/fr\/#organization"},"image":{"@id":"https:\/\/www.webdo.tn\/fr\/actualite\/culture\/hommage-a-salma-baccar-lors-de-la-ceremonie-d-ouverture-du-festival-international-de-la-femme-d-assouan\/203614\/#primaryimage"},"thumbnailUrl":"https:\/\/www.webdo.tn\/fr\/wp-content\/uploads\/2023\/03\/0aa1989bd203aeee172a3d157187a93b.jpg","keywords":["Cin\u00e9ma","Festival","Festival international du Film de la Femme d'Assouan","Salma Baccar"],"articleSection":["Culture"],"inLanguage":"fr-FR"},{"@type":"WebPage","@id":"https:\/\/www.webdo.tn\/fr\/actualite\/culture\/hommage-a-salma-baccar-lors-de-la-ceremonie-d-ouverture-du-festival-international-de-la-femme-d-assouan\/203614\/","url":"https:\/\/www.webdo.tn\/fr\/actualite\/culture\/hommage-a-salma-baccar-lors-de-la-ceremonie-d-ouverture-du-festival-international-de-la-femme-d-assouan\/203614\/","name":"Hommage \u00e0 Salma Baccar au Festival International du Film de la Femme d'Assouan","isPartOf":{"@id":"https:\/\/www.webdo.tn\/fr\/#website"},"primaryImageOfPage":{"@id":"https:\/\/www.webdo.tn\/fr\/actualite\/culture\/hommage-a-salma-baccar-lors-de-la-ceremonie-d-ouverture-du-festival-international-de-la-femme-d-assouan\/203614\/#primaryimage"},"image":{"@id":"https:\/\/www.webdo.tn\/fr\/actualite\/culture\/hommage-a-salma-baccar-lors-de-la-ceremonie-d-ouverture-du-festival-international-de-la-femme-d-assouan\/203614\/#primaryimage"},"thumbnailUrl":"https:\/\/www.webdo.tn\/fr\/wp-content\/uploads\/2023\/03\/0aa1989bd203aeee172a3d157187a93b.jpg","datePublished":"2023-03-06T08:43:00+00:00","dateModified":"2025-05-17T21:04:41+00:00","description":"La septi\u00e8me \u00e9dition du Festival International du Film de la Femme d'Assouan, qui se d\u00e9roule du 5 au 10 mars 2023, a d\u00e9but\u00e9 hier soir en \u00c9gypte. Cette ann\u00e9e, le...","breadcrumb":{"@id":"https:\/\/www.webdo.tn\/fr\/actualite\/culture\/hommage-a-salma-baccar-lors-de-la-ceremonie-d-ouverture-du-festival-international-de-la-femme-d-assouan\/203614\/#breadcrumb"},"inLanguage":"fr-FR","potentialAction":[{"@type":"ReadAction","target":["https:\/\/www.webdo.tn\/fr\/actualite\/culture\/hommage-a-salma-baccar-lors-de-la-ceremonie-d-ouverture-du-festival-international-de-la-femme-d-assouan\/203614\/"]}]},{"@type":"ImageObject","inLanguage":"fr-FR","@id":"https:\/\/www.webdo.tn\/fr\/actualite\/culture\/hommage-a-salma-baccar-lors-de-la-ceremonie-d-ouverture-du-festival-international-de-la-femme-d-assouan\/203614\/#primaryimage","url":"https:\/\/www.webdo.tn\/fr\/wp-content\/uploads\/2023\/03\/0aa1989bd203aeee172a3d157187a93b.jpg","contentUrl":"https:\/\/www.webdo.tn\/fr\/wp-content\/uploads\/2023\/03\/0aa1989bd203aeee172a3d157187a93b.jpg","width":750,"height":400,"caption":"Hommage \u00e0 Salma Baccar lors de la c\u00e9r\u00e9monie d'ouverture du Festival International du Film de la Femme d'Assouan."},{"@type":"BreadcrumbList","@id":"https:\/\/www.webdo.tn\/fr\/actualite\/culture\/hommage-a-salma-baccar-lors-de-la-ceremonie-d-ouverture-du-festival-international-de-la-femme-d-assouan\/203614\/#breadcrumb","itemListElement":[{"@type":"ListItem","position":1,"name":"Accueil","item":"https:\/\/www.webdo.tn\/fr\/"},{"@type":"ListItem","position":2,"name":"Hommage \u00e0 Salma Baccar au Festival International du Film de la Femme d&rsquo;Assouan"}]},{"@type":"WebSite","@id":"https:\/\/www.webdo.tn\/fr\/#website","url":"https:\/\/www.webdo.tn\/fr\/","name":"webdo","description":"Tunisie - News en Tunisie et \u00e0 l&#039;international sur Webdo.tn","publisher":{"@id":"https:\/\/www.webdo.tn\/fr\/#organization"},"potentialAction":[{"@type":"SearchAction","target":{"@type":"EntryPoint","urlTemplate":"https:\/\/www.webdo.tn\/fr\/?s={search_term_string}"},"query-input":{"@type":"PropertyValueSpecification","valueRequired":true,"valueName":"search_term_string"}}],"inLanguage":"fr-FR"},{"@type":"Organization","@id":"https:\/\/www.webdo.tn\/fr\/#organization","name":"Webdo","alternateName":"Webdo.tn","url":"https:\/\/www.webdo.tn\/fr\/","logo":{"@type":"ImageObject","inLanguage":"fr-FR","@id":"https:\/\/www.webdo.tn\/fr\/#\/schema\/logo\/image\/","url":"https:\/\/www.webdo.tn\/fr\/wp-content\/uploads\/2025\/06\/Webdo-Tunisie_168377.jpg","contentUrl":"https:\/\/www.webdo.tn\/fr\/wp-content\/uploads\/2025\/06\/Webdo-Tunisie_168377.jpg","width":301,"height":301,"caption":"Webdo"},"image":{"@id":"https:\/\/www.webdo.tn\/fr\/#\/schema\/logo\/image\/"},"sameAs":["https:\/\/www.facebook.com\/webdotn","https:\/\/x.com\/webdo_tn"],"description":"Webdo est un m\u00e9dia num\u00e9rique tunisien fond\u00e9 en 2010, sp\u00e9cialis\u00e9 dans l\u2019actualit\u00e9 nationale et internationale, l\u2019\u00e9conomie, la soci\u00e9t\u00e9 et les analyses politiques. Le site s\u2019adresse \u00e0 un large public francophone et couvre l\u2019information tunisienne en temps r\u00e9el.","email":"redac@webdo.tn","legalName":"YNJ SARL","foundingDate":"2010-09-06","numberOfEmployees":{"@type":"QuantitativeValue","minValue":"11","maxValue":"50"}},{"@type":"Person","@id":"https:\/\/www.webdo.tn\/fr\/#\/schema\/person\/60d5ba619ed3f58783b0dc82b7dada80","name":"Ne\u00efla DRISS","image":{"@type":"ImageObject","inLanguage":"fr-FR","@id":"https:\/\/www.webdo.tn\/fr\/wp-content\/uploads\/2026\/04\/neila-driss_avatar-96x96.jpg","url":"https:\/\/www.webdo.tn\/fr\/wp-content\/uploads\/2026\/04\/neila-driss_avatar-96x96.jpg","contentUrl":"https:\/\/www.webdo.tn\/fr\/wp-content\/uploads\/2026\/04\/neila-driss_avatar-96x96.jpg","caption":"Ne\u00efla DRISS"},"description":"Ne\u00efla Driss est juriste, journaliste culturelle et critique de cin\u00e9ma tunisienne. Titulaire d\u2019un DEA en droit priv\u00e9 de l\u2019Universit\u00e9 Paris II et d\u2019un DESS de l\u2019IHEC Carthage, elle d\u00e9bute sa carri\u00e8re comme juriste sp\u00e9cialis\u00e9e en gestion de patrimoine immobilier. Elle s\u2019oriente ensuite vers l\u2019\u00e9criture en ligne, o\u00f9 elle se distingue d\u00e8s 2006 aux Tunisia Blog Awards, avant de se consacrer au journalisme culturel, avec une sp\u00e9cialisation dans la critique cin\u00e9matographique. Elle couvre r\u00e9guli\u00e8rement les grands festivals internationaux, notamment le Festival de Cannes, les Journ\u00e9es Cin\u00e9matographiques de Carthage et le Festival du film du Caire. Membre de l\u2019ATPCC et de la FIPRESCI, elle participe \u00e0 des jurys et initiatives internationales de critique. Depuis 2024, elle est \u00e9lectrice internationale aux Golden Globes. Facebook : https:\/\/www.facebook.com\/massir.destiniii\/ X : https:\/\/x.com\/MassirDestin","sameAs":["https:\/\/www.facebook.com\/massir.destiniii\/","https:\/\/www.instagram.com\/neila.driss\/?hl=fr","https:\/\/www.linkedin.com\/in\/neila-driss-22606a80\/","https:\/\/x.com\/https:\/\/x.com\/MassirDestin"],"knowsAbout":["Cin\u00e9ma international","critique cin\u00e9matographique","festivals de cin\u00e9ma","journalisme culturel"],"knowsLanguage":["Fran\u00e7ais","Arabe","Anglais"],"jobTitle":"Journaliste culturelle et critique de cin\u00e9ma","worksFor":"Webdo","url":"https:\/\/www.webdo.tn\/fr\/actualite\/author\/neila-driss\/"}]}},"_links":{"self":[{"href":"https:\/\/www.webdo.tn\/fr\/wp-json\/wp\/v2\/posts\/203614","targetHints":{"allow":["GET"]}}],"collection":[{"href":"https:\/\/www.webdo.tn\/fr\/wp-json\/wp\/v2\/posts"}],"about":[{"href":"https:\/\/www.webdo.tn\/fr\/wp-json\/wp\/v2\/types\/post"}],"author":[{"embeddable":true,"href":"https:\/\/www.webdo.tn\/fr\/wp-json\/wp\/v2\/users\/3164"}],"replies":[{"embeddable":true,"href":"https:\/\/www.webdo.tn\/fr\/wp-json\/wp\/v2\/comments?post=203614"}],"version-history":[{"count":0,"href":"https:\/\/www.webdo.tn\/fr\/wp-json\/wp\/v2\/posts\/203614\/revisions"}],"wp:featuredmedia":[{"embeddable":true,"href":"https:\/\/www.webdo.tn\/fr\/wp-json\/wp\/v2\/media\/277848"}],"wp:attachment":[{"href":"https:\/\/www.webdo.tn\/fr\/wp-json\/wp\/v2\/media?parent=203614"}],"wp:term":[{"taxonomy":"category","embeddable":true,"href":"https:\/\/www.webdo.tn\/fr\/wp-json\/wp\/v2\/categories?post=203614"},{"taxonomy":"post_tag","embeddable":true,"href":"https:\/\/www.webdo.tn\/fr\/wp-json\/wp\/v2\/tags?post=203614"}],"curies":[{"name":"wp","href":"https:\/\/api.w.org\/{rel}","templated":true}]}}