{"id":203605,"date":"2023-03-05T15:00:00","date_gmt":"2023-03-05T15:00:00","guid":{"rendered":"https:\/\/www.webdo.tn\/fr\/blog\/energie-renouvelables-la-tunisie-accelere-la-cadence\/203605\/"},"modified":"2025-05-17T21:04:38","modified_gmt":"2025-05-17T21:04:38","slug":"energie-renouvelables-la-tunisie-accelere-la-cadence","status":"publish","type":"post","link":"https:\/\/www.webdo.tn\/fr\/actualite\/national\/energie-renouvelables-la-tunisie-accelere-la-cadence\/203605\/","title":{"rendered":"Energie renouvelables : La Tunisie acc\u00e9l\u00e8re la cadence"},"content":{"rendered":"<p>Une ligne \u00e9lectrique a\u00e9rienne de haute tension de 225 Kilovolt verra le jour prochainement, selon un arr\u00eat\u00e9 \u00e9mis par le minist\u00e8re de l\u2019Industrie, des Mines et de l\u2019Energie.<\/p>\n<p>\t\t\t\t\t\t\t\t\tCette ligne \u00e9lectrique a\u00e9rienne\u00a0fera la jonction entre le poste de la centrale photovolta\u00efque de Borj Bourguiba et celui de Tataouine.<\/p>\n<p>L&rsquo;arr\u00eat\u00e9 a ainsi \u00a0fix\u00e9 le cadre de ce projet dans le Journal Officiel de la R\u00e9publique paru le 3 mars 2023.<\/p>\n<p>Il est \u00e0 noter que la Tunisie a d\u00e9cid\u00e9 d&rsquo;acc\u00e9l\u00e9rer la cadence en terme d&rsquo;energies renouvelables en revoyant \u00e0 la hausse\u00a0ses ambitions pour atteindre 35% dans la production globale d\u2019\u00e9lectricit\u00e9 \u00e0 l\u2019horizon 2030. Pr\u00e8s de 90% de cette \u00e9nergie renouvelable seront produits dans l\u2019\u00e9olien et le solaire photovolta\u00efque, selon l\u2019Agence Nationale de Ma\u00eetrise de l\u2019Energie.<\/p>\n","protected":false},"excerpt":{"rendered":"<p>Une ligne \u00e9lectrique a\u00e9rienne de haute tension de 225 Kilovolt verra le jour prochainement, selon un arr\u00eat\u00e9 \u00e9mis par le minist\u00e8re de l\u2019Industrie, des Mines et d&#8230;<\/p>\n","protected":false},"author":3169,"featured_media":277836,"comment_status":"open","ping_status":"closed","sticky":false,"template":"","format":"standard","meta":{"footnotes":""},"categories":[44],"tags":[3763,6005,9358,2608],"class_list":["post-203605","post","type-post","status-publish","format-standard","has-post-thumbnail","hentry","category-national","tag-energie","tag-photovoltaique","tag-renouovelable","tag-tunisie"],"yoast_head":"<!-- This site is optimized with the Yoast SEO Premium plugin v27.4 (Yoast SEO v27.5) - https:\/\/yoast.com\/product\/yoast-seo-premium-wordpress\/ -->\n<title>Energie renouvelables : La Tunisie acc\u00e9l\u00e8re la cadence<\/title>\n<meta name=\"description\" content=\"Une ligne \u00e9lectrique a\u00e9rienne de haute tension de 225 Kilovolt verra le jour prochainement, selon un arr\u00eat\u00e9 \u00e9mis par le minist\u00e8re de l\u2019Industrie, des Mines et d...\" \/>\n<link rel=\"canonical\" href=\"https:\/\/www.webdo.tn\/fr\/actualite\/national\/energie-renouvelables-la-tunisie-accelere-la-cadence\/203605\/\" \/>\n<meta property=\"og:locale\" content=\"fr_FR\" \/>\n<meta property=\"og:type\" content=\"article\" \/>\n<meta property=\"og:title\" content=\"Energie renouvelables : La Tunisie acc\u00e9l\u00e8re la cadence\" \/>\n<meta property=\"og:description\" content=\"Une ligne \u00e9lectrique a\u00e9rienne de haute tension de 225 Kilovolt verra le jour prochainement, selon un arr\u00eat\u00e9 \u00e9mis par le minist\u00e8re de l\u2019Industrie, des Mines et d...\" \/>\n<meta property=\"og:url\" content=\"https:\/\/www.webdo.tn\/fr\/actualite\/national\/energie-renouvelables-la-tunisie-accelere-la-cadence\/203605\/\" \/>\n<meta property=\"og:site_name\" content=\"webdo\" \/>\n<meta property=\"article:publisher\" content=\"https:\/\/www.facebook.com\/webdotn\" \/>\n<meta property=\"article:published_time\" content=\"2023-03-05T15:00:00+00:00\" \/>\n<meta property=\"article:modified_time\" content=\"2025-05-17T21:04:38+00:00\" \/>\n<meta property=\"og:image\" content=\"https:\/\/www.webdo.tn\/fr\/wp-content\/uploads\/2023\/03\/d1ea4b4d218c199c2d540f20bb8ca30e.jpg\" \/>\n\t<meta property=\"og:image:width\" content=\"638\" \/>\n\t<meta property=\"og:image:height\" content=\"340\" \/>\n\t<meta property=\"og:image:type\" content=\"image\/jpeg\" \/>\n<meta name=\"author\" content=\"Webdo\" \/>\n<meta name=\"twitter:card\" content=\"summary_large_image\" \/>\n<meta name=\"twitter:creator\" content=\"@webdo_tn\" \/>\n<meta name=\"twitter:site\" content=\"@webdo_tn\" \/>\n<meta name=\"twitter:label1\" content=\"\u00c9crit par\" \/>\n\t<meta name=\"twitter:data1\" content=\"Webdo\" \/>\n\t<meta name=\"twitter:label2\" content=\"Dur\u00e9e de lecture estim\u00e9e\" \/>\n\t<meta name=\"twitter:data2\" content=\"1 minute\" \/>\n<script type=\"application\/ld+json\" class=\"yoast-schema-graph\">{\"@context\":\"https:\\\/\\\/schema.org\",\"@graph\":[{\"@type\":\"NewsArticle\",\"@id\":\"https:\\\/\\\/www.webdo.tn\\\/fr\\\/actualite\\\/national\\\/energie-renouvelables-la-tunisie-accelere-la-cadence\\\/203605\\\/#article\",\"isPartOf\":{\"@id\":\"https:\\\/\\\/www.webdo.tn\\\/fr\\\/actualite\\\/national\\\/energie-renouvelables-la-tunisie-accelere-la-cadence\\\/203605\\\/\"},\"author\":{\"name\":\"Webdo\",\"@id\":\"https:\\\/\\\/www.webdo.tn\\\/fr\\\/#\\\/schema\\\/person\\\/1f4e491e0907b413d61089e8eb573acc\"},\"headline\":\"Energie renouvelables : La Tunisie acc\u00e9l\u00e8re la cadence\",\"datePublished\":\"2023-03-05T15:00:00+00:00\",\"dateModified\":\"2025-05-17T21:04:38+00:00\",\"mainEntityOfPage\":{\"@id\":\"https:\\\/\\\/www.webdo.tn\\\/fr\\\/actualite\\\/national\\\/energie-renouvelables-la-tunisie-accelere-la-cadence\\\/203605\\\/\"},\"wordCount\":149,\"commentCount\":0,\"publisher\":{\"@id\":\"https:\\\/\\\/www.webdo.tn\\\/fr\\\/#organization\"},\"image\":{\"@id\":\"https:\\\/\\\/www.webdo.tn\\\/fr\\\/actualite\\\/national\\\/energie-renouvelables-la-tunisie-accelere-la-cadence\\\/203605\\\/#primaryimage\"},\"thumbnailUrl\":\"https:\\\/\\\/www.webdo.tn\\\/fr\\\/wp-content\\\/uploads\\\/2023\\\/03\\\/d1ea4b4d218c199c2d540f20bb8ca30e.jpg\",\"keywords\":[\"\u00e9nergie\",\"photovolta\u00efque\",\"renouovelable\",\"Tunisie\"],\"articleSection\":[\"National\"],\"inLanguage\":\"fr-FR\"},{\"@type\":\"WebPage\",\"@id\":\"https:\\\/\\\/www.webdo.tn\\\/fr\\\/actualite\\\/national\\\/energie-renouvelables-la-tunisie-accelere-la-cadence\\\/203605\\\/\",\"url\":\"https:\\\/\\\/www.webdo.tn\\\/fr\\\/actualite\\\/national\\\/energie-renouvelables-la-tunisie-accelere-la-cadence\\\/203605\\\/\",\"name\":\"Energie renouvelables : La Tunisie acc\u00e9l\u00e8re la cadence\",\"isPartOf\":{\"@id\":\"https:\\\/\\\/www.webdo.tn\\\/fr\\\/#website\"},\"primaryImageOfPage\":{\"@id\":\"https:\\\/\\\/www.webdo.tn\\\/fr\\\/actualite\\\/national\\\/energie-renouvelables-la-tunisie-accelere-la-cadence\\\/203605\\\/#primaryimage\"},\"image\":{\"@id\":\"https:\\\/\\\/www.webdo.tn\\\/fr\\\/actualite\\\/national\\\/energie-renouvelables-la-tunisie-accelere-la-cadence\\\/203605\\\/#primaryimage\"},\"thumbnailUrl\":\"https:\\\/\\\/www.webdo.tn\\\/fr\\\/wp-content\\\/uploads\\\/2023\\\/03\\\/d1ea4b4d218c199c2d540f20bb8ca30e.jpg\",\"datePublished\":\"2023-03-05T15:00:00+00:00\",\"dateModified\":\"2025-05-17T21:04:38+00:00\",\"description\":\"Une ligne \u00e9lectrique a\u00e9rienne de haute tension de 225 Kilovolt verra le jour prochainement, selon un arr\u00eat\u00e9 \u00e9mis par le minist\u00e8re de l\u2019Industrie, des Mines et d...\",\"breadcrumb\":{\"@id\":\"https:\\\/\\\/www.webdo.tn\\\/fr\\\/actualite\\\/national\\\/energie-renouvelables-la-tunisie-accelere-la-cadence\\\/203605\\\/#breadcrumb\"},\"inLanguage\":\"fr-FR\",\"potentialAction\":[{\"@type\":\"ReadAction\",\"target\":[\"https:\\\/\\\/www.webdo.tn\\\/fr\\\/actualite\\\/national\\\/energie-renouvelables-la-tunisie-accelere-la-cadence\\\/203605\\\/\"]}]},{\"@type\":\"ImageObject\",\"inLanguage\":\"fr-FR\",\"@id\":\"https:\\\/\\\/www.webdo.tn\\\/fr\\\/actualite\\\/national\\\/energie-renouvelables-la-tunisie-accelere-la-cadence\\\/203605\\\/#primaryimage\",\"url\":\"https:\\\/\\\/www.webdo.tn\\\/fr\\\/wp-content\\\/uploads\\\/2023\\\/03\\\/d1ea4b4d218c199c2d540f20bb8ca30e.jpg\",\"contentUrl\":\"https:\\\/\\\/www.webdo.tn\\\/fr\\\/wp-content\\\/uploads\\\/2023\\\/03\\\/d1ea4b4d218c199c2d540f20bb8ca30e.jpg\",\"width\":638,\"height\":340,\"caption\":\"Energie renouvelables : La Tunisie acc\u00e9l\u00e8re la cadence\"},{\"@type\":\"BreadcrumbList\",\"@id\":\"https:\\\/\\\/www.webdo.tn\\\/fr\\\/actualite\\\/national\\\/energie-renouvelables-la-tunisie-accelere-la-cadence\\\/203605\\\/#breadcrumb\",\"itemListElement\":[{\"@type\":\"ListItem\",\"position\":1,\"name\":\"Accueil\",\"item\":\"https:\\\/\\\/www.webdo.tn\\\/fr\\\/\"},{\"@type\":\"ListItem\",\"position\":2,\"name\":\"Energie renouvelables : La Tunisie acc\u00e9l\u00e8re la cadence\"}]},{\"@type\":\"WebSite\",\"@id\":\"https:\\\/\\\/www.webdo.tn\\\/fr\\\/#website\",\"url\":\"https:\\\/\\\/www.webdo.tn\\\/fr\\\/\",\"name\":\"webdo\",\"description\":\"Tunisie - News en Tunisie et \u00e0 l&#039;international sur Webdo.tn\",\"publisher\":{\"@id\":\"https:\\\/\\\/www.webdo.tn\\\/fr\\\/#organization\"},\"potentialAction\":[{\"@type\":\"SearchAction\",\"target\":{\"@type\":\"EntryPoint\",\"urlTemplate\":\"https:\\\/\\\/www.webdo.tn\\\/fr\\\/?s={search_term_string}\"},\"query-input\":{\"@type\":\"PropertyValueSpecification\",\"valueRequired\":true,\"valueName\":\"search_term_string\"}}],\"inLanguage\":\"fr-FR\"},{\"@type\":\"Organization\",\"@id\":\"https:\\\/\\\/www.webdo.tn\\\/fr\\\/#organization\",\"name\":\"Webdo\",\"alternateName\":\"Webdo.tn\",\"url\":\"https:\\\/\\\/www.webdo.tn\\\/fr\\\/\",\"logo\":{\"@type\":\"ImageObject\",\"inLanguage\":\"fr-FR\",\"@id\":\"https:\\\/\\\/www.webdo.tn\\\/fr\\\/#\\\/schema\\\/logo\\\/image\\\/\",\"url\":\"https:\\\/\\\/www.webdo.tn\\\/fr\\\/wp-content\\\/uploads\\\/2025\\\/06\\\/Webdo-Tunisie_168377.jpg\",\"contentUrl\":\"https:\\\/\\\/www.webdo.tn\\\/fr\\\/wp-content\\\/uploads\\\/2025\\\/06\\\/Webdo-Tunisie_168377.jpg\",\"width\":301,\"height\":301,\"caption\":\"Webdo\"},\"image\":{\"@id\":\"https:\\\/\\\/www.webdo.tn\\\/fr\\\/#\\\/schema\\\/logo\\\/image\\\/\"},\"sameAs\":[\"https:\\\/\\\/www.facebook.com\\\/webdotn\",\"https:\\\/\\\/x.com\\\/webdo_tn\"],\"description\":\"Webdo est un m\u00e9dia num\u00e9rique tunisien fond\u00e9 en 2010, sp\u00e9cialis\u00e9 dans l\u2019actualit\u00e9 nationale et internationale, l\u2019\u00e9conomie, la soci\u00e9t\u00e9 et les analyses politiques. Le site s\u2019adresse \u00e0 un large public francophone et couvre l\u2019information tunisienne en temps r\u00e9el.\",\"email\":\"redac@webdo.tn\",\"legalName\":\"YNJ SARL\",\"foundingDate\":\"2010-09-06\",\"numberOfEmployees\":{\"@type\":\"QuantitativeValue\",\"minValue\":\"11\",\"maxValue\":\"50\"}},{\"@type\":\"Person\",\"@id\":\"https:\\\/\\\/www.webdo.tn\\\/fr\\\/#\\\/schema\\\/person\\\/1f4e491e0907b413d61089e8eb573acc\",\"name\":\"Webdo\",\"image\":{\"@type\":\"ImageObject\",\"inLanguage\":\"fr-FR\",\"@id\":\"https:\\\/\\\/secure.gravatar.com\\\/avatar\\\/de97aeec1bb80978a9dbb127e47dfc88aaacb2f3c29aac907d8d3222e3495d49?s=96&d=mm&r=g\",\"url\":\"https:\\\/\\\/secure.gravatar.com\\\/avatar\\\/de97aeec1bb80978a9dbb127e47dfc88aaacb2f3c29aac907d8d3222e3495d49?s=96&d=mm&r=g\",\"contentUrl\":\"https:\\\/\\\/secure.gravatar.com\\\/avatar\\\/de97aeec1bb80978a9dbb127e47dfc88aaacb2f3c29aac907d8d3222e3495d49?s=96&d=mm&r=g\",\"caption\":\"Webdo\"},\"url\":\"https:\\\/\\\/www.webdo.tn\\\/fr\\\/actualite\\\/author\\\/webdo\\\/\"}]}<\/script>\n<!-- \/ Yoast SEO Premium plugin. -->","yoast_head_json":{"title":"Energie renouvelables : La Tunisie acc\u00e9l\u00e8re la cadence","description":"Une ligne \u00e9lectrique a\u00e9rienne de haute tension de 225 Kilovolt verra le jour prochainement, selon un arr\u00eat\u00e9 \u00e9mis par le minist\u00e8re de l\u2019Industrie, des Mines et d...","canonical":"https:\/\/www.webdo.tn\/fr\/actualite\/national\/energie-renouvelables-la-tunisie-accelere-la-cadence\/203605\/","og_locale":"fr_FR","og_type":"article","og_title":"Energie renouvelables : La Tunisie acc\u00e9l\u00e8re la cadence","og_description":"Une ligne \u00e9lectrique a\u00e9rienne de haute tension de 225 Kilovolt verra le jour prochainement, selon un arr\u00eat\u00e9 \u00e9mis par le minist\u00e8re de l\u2019Industrie, des Mines et d...","og_url":"https:\/\/www.webdo.tn\/fr\/actualite\/national\/energie-renouvelables-la-tunisie-accelere-la-cadence\/203605\/","og_site_name":"webdo","article_publisher":"https:\/\/www.facebook.com\/webdotn","article_published_time":"2023-03-05T15:00:00+00:00","article_modified_time":"2025-05-17T21:04:38+00:00","og_image":[{"width":638,"height":340,"url":"https:\/\/www.webdo.tn\/fr\/wp-content\/uploads\/2023\/03\/d1ea4b4d218c199c2d540f20bb8ca30e.jpg","type":"image\/jpeg"}],"author":"Webdo","twitter_card":"summary_large_image","twitter_creator":"@webdo_tn","twitter_site":"@webdo_tn","twitter_misc":{"\u00c9crit par":"Webdo","Dur\u00e9e de lecture estim\u00e9e":"1 minute"},"schema":{"@context":"https:\/\/schema.org","@graph":[{"@type":"NewsArticle","@id":"https:\/\/www.webdo.tn\/fr\/actualite\/national\/energie-renouvelables-la-tunisie-accelere-la-cadence\/203605\/#article","isPartOf":{"@id":"https:\/\/www.webdo.tn\/fr\/actualite\/national\/energie-renouvelables-la-tunisie-accelere-la-cadence\/203605\/"},"author":{"name":"Webdo","@id":"https:\/\/www.webdo.tn\/fr\/#\/schema\/person\/1f4e491e0907b413d61089e8eb573acc"},"headline":"Energie renouvelables : La Tunisie acc\u00e9l\u00e8re la cadence","datePublished":"2023-03-05T15:00:00+00:00","dateModified":"2025-05-17T21:04:38+00:00","mainEntityOfPage":{"@id":"https:\/\/www.webdo.tn\/fr\/actualite\/national\/energie-renouvelables-la-tunisie-accelere-la-cadence\/203605\/"},"wordCount":149,"commentCount":0,"publisher":{"@id":"https:\/\/www.webdo.tn\/fr\/#organization"},"image":{"@id":"https:\/\/www.webdo.tn\/fr\/actualite\/national\/energie-renouvelables-la-tunisie-accelere-la-cadence\/203605\/#primaryimage"},"thumbnailUrl":"https:\/\/www.webdo.tn\/fr\/wp-content\/uploads\/2023\/03\/d1ea4b4d218c199c2d540f20bb8ca30e.jpg","keywords":["\u00e9nergie","photovolta\u00efque","renouovelable","Tunisie"],"articleSection":["National"],"inLanguage":"fr-FR"},{"@type":"WebPage","@id":"https:\/\/www.webdo.tn\/fr\/actualite\/national\/energie-renouvelables-la-tunisie-accelere-la-cadence\/203605\/","url":"https:\/\/www.webdo.tn\/fr\/actualite\/national\/energie-renouvelables-la-tunisie-accelere-la-cadence\/203605\/","name":"Energie renouvelables : La Tunisie acc\u00e9l\u00e8re la cadence","isPartOf":{"@id":"https:\/\/www.webdo.tn\/fr\/#website"},"primaryImageOfPage":{"@id":"https:\/\/www.webdo.tn\/fr\/actualite\/national\/energie-renouvelables-la-tunisie-accelere-la-cadence\/203605\/#primaryimage"},"image":{"@id":"https:\/\/www.webdo.tn\/fr\/actualite\/national\/energie-renouvelables-la-tunisie-accelere-la-cadence\/203605\/#primaryimage"},"thumbnailUrl":"https:\/\/www.webdo.tn\/fr\/wp-content\/uploads\/2023\/03\/d1ea4b4d218c199c2d540f20bb8ca30e.jpg","datePublished":"2023-03-05T15:00:00+00:00","dateModified":"2025-05-17T21:04:38+00:00","description":"Une ligne \u00e9lectrique a\u00e9rienne de haute tension de 225 Kilovolt verra le jour prochainement, selon un arr\u00eat\u00e9 \u00e9mis par le minist\u00e8re de l\u2019Industrie, des Mines et d...","breadcrumb":{"@id":"https:\/\/www.webdo.tn\/fr\/actualite\/national\/energie-renouvelables-la-tunisie-accelere-la-cadence\/203605\/#breadcrumb"},"inLanguage":"fr-FR","potentialAction":[{"@type":"ReadAction","target":["https:\/\/www.webdo.tn\/fr\/actualite\/national\/energie-renouvelables-la-tunisie-accelere-la-cadence\/203605\/"]}]},{"@type":"ImageObject","inLanguage":"fr-FR","@id":"https:\/\/www.webdo.tn\/fr\/actualite\/national\/energie-renouvelables-la-tunisie-accelere-la-cadence\/203605\/#primaryimage","url":"https:\/\/www.webdo.tn\/fr\/wp-content\/uploads\/2023\/03\/d1ea4b4d218c199c2d540f20bb8ca30e.jpg","contentUrl":"https:\/\/www.webdo.tn\/fr\/wp-content\/uploads\/2023\/03\/d1ea4b4d218c199c2d540f20bb8ca30e.jpg","width":638,"height":340,"caption":"Energie renouvelables : La Tunisie acc\u00e9l\u00e8re la cadence"},{"@type":"BreadcrumbList","@id":"https:\/\/www.webdo.tn\/fr\/actualite\/national\/energie-renouvelables-la-tunisie-accelere-la-cadence\/203605\/#breadcrumb","itemListElement":[{"@type":"ListItem","position":1,"name":"Accueil","item":"https:\/\/www.webdo.tn\/fr\/"},{"@type":"ListItem","position":2,"name":"Energie renouvelables : La Tunisie acc\u00e9l\u00e8re la cadence"}]},{"@type":"WebSite","@id":"https:\/\/www.webdo.tn\/fr\/#website","url":"https:\/\/www.webdo.tn\/fr\/","name":"webdo","description":"Tunisie - News en Tunisie et \u00e0 l&#039;international sur Webdo.tn","publisher":{"@id":"https:\/\/www.webdo.tn\/fr\/#organization"},"potentialAction":[{"@type":"SearchAction","target":{"@type":"EntryPoint","urlTemplate":"https:\/\/www.webdo.tn\/fr\/?s={search_term_string}"},"query-input":{"@type":"PropertyValueSpecification","valueRequired":true,"valueName":"search_term_string"}}],"inLanguage":"fr-FR"},{"@type":"Organization","@id":"https:\/\/www.webdo.tn\/fr\/#organization","name":"Webdo","alternateName":"Webdo.tn","url":"https:\/\/www.webdo.tn\/fr\/","logo":{"@type":"ImageObject","inLanguage":"fr-FR","@id":"https:\/\/www.webdo.tn\/fr\/#\/schema\/logo\/image\/","url":"https:\/\/www.webdo.tn\/fr\/wp-content\/uploads\/2025\/06\/Webdo-Tunisie_168377.jpg","contentUrl":"https:\/\/www.webdo.tn\/fr\/wp-content\/uploads\/2025\/06\/Webdo-Tunisie_168377.jpg","width":301,"height":301,"caption":"Webdo"},"image":{"@id":"https:\/\/www.webdo.tn\/fr\/#\/schema\/logo\/image\/"},"sameAs":["https:\/\/www.facebook.com\/webdotn","https:\/\/x.com\/webdo_tn"],"description":"Webdo est un m\u00e9dia num\u00e9rique tunisien fond\u00e9 en 2010, sp\u00e9cialis\u00e9 dans l\u2019actualit\u00e9 nationale et internationale, l\u2019\u00e9conomie, la soci\u00e9t\u00e9 et les analyses politiques. Le site s\u2019adresse \u00e0 un large public francophone et couvre l\u2019information tunisienne en temps r\u00e9el.","email":"redac@webdo.tn","legalName":"YNJ SARL","foundingDate":"2010-09-06","numberOfEmployees":{"@type":"QuantitativeValue","minValue":"11","maxValue":"50"}},{"@type":"Person","@id":"https:\/\/www.webdo.tn\/fr\/#\/schema\/person\/1f4e491e0907b413d61089e8eb573acc","name":"Webdo","image":{"@type":"ImageObject","inLanguage":"fr-FR","@id":"https:\/\/secure.gravatar.com\/avatar\/de97aeec1bb80978a9dbb127e47dfc88aaacb2f3c29aac907d8d3222e3495d49?s=96&d=mm&r=g","url":"https:\/\/secure.gravatar.com\/avatar\/de97aeec1bb80978a9dbb127e47dfc88aaacb2f3c29aac907d8d3222e3495d49?s=96&d=mm&r=g","contentUrl":"https:\/\/secure.gravatar.com\/avatar\/de97aeec1bb80978a9dbb127e47dfc88aaacb2f3c29aac907d8d3222e3495d49?s=96&d=mm&r=g","caption":"Webdo"},"url":"https:\/\/www.webdo.tn\/fr\/actualite\/author\/webdo\/"}]}},"_links":{"self":[{"href":"https:\/\/www.webdo.tn\/fr\/wp-json\/wp\/v2\/posts\/203605","targetHints":{"allow":["GET"]}}],"collection":[{"href":"https:\/\/www.webdo.tn\/fr\/wp-json\/wp\/v2\/posts"}],"about":[{"href":"https:\/\/www.webdo.tn\/fr\/wp-json\/wp\/v2\/types\/post"}],"author":[{"embeddable":true,"href":"https:\/\/www.webdo.tn\/fr\/wp-json\/wp\/v2\/users\/3169"}],"replies":[{"embeddable":true,"href":"https:\/\/www.webdo.tn\/fr\/wp-json\/wp\/v2\/comments?post=203605"}],"version-history":[{"count":0,"href":"https:\/\/www.webdo.tn\/fr\/wp-json\/wp\/v2\/posts\/203605\/revisions"}],"wp:featuredmedia":[{"embeddable":true,"href":"https:\/\/www.webdo.tn\/fr\/wp-json\/wp\/v2\/media\/277836"}],"wp:attachment":[{"href":"https:\/\/www.webdo.tn\/fr\/wp-json\/wp\/v2\/media?parent=203605"}],"wp:term":[{"taxonomy":"category","embeddable":true,"href":"https:\/\/www.webdo.tn\/fr\/wp-json\/wp\/v2\/categories?post=203605"},{"taxonomy":"post_tag","embeddable":true,"href":"https:\/\/www.webdo.tn\/fr\/wp-json\/wp\/v2\/tags?post=203605"}],"curies":[{"name":"wp","href":"https:\/\/api.w.org\/{rel}","templated":true}]}}