{"id":203600,"date":"2023-03-05T13:09:00","date_gmt":"2023-03-05T13:09:00","guid":{"rendered":"https:\/\/www.webdo.tn\/fr\/blog\/manifestation-du-front-du-salut-en-depit-de-l-interdiction-des-autorites\/203600\/"},"modified":"2023-03-05T13:09:00","modified_gmt":"2023-03-05T13:09:00","slug":"manifestation-du-front-du-salut-en-depit-de-l-interdiction-des-autorites","status":"publish","type":"post","link":"https:\/\/www.webdo.tn\/fr\/actualite\/national\/manifestation-du-front-du-salut-en-depit-de-l-interdiction-des-autorites\/203600\/","title":{"rendered":"Manifestation du Front du salut en d\u00e9pit de l&rsquo;interdiction des autorit\u00e9s"},"content":{"rendered":"<p>En d\u00e9pit du refus d&rsquo;octroi d&rsquo;autorisation par le gouverneur de Tunis, le Front de salut a tenu \u00e0 organiser sa manifestation, ce dimanche 5 mars 2023, pour protester contre les arrestations, ces derni\u00e8res semaines, de ses leaders.\u00a0<\/p>\n<p>\t\t\t\t\t\t\t\t\tAinsi, des membres du Front de salut se sont rassembl\u00e9s, en compagnie d&rsquo;un nombre important de leurs partisans, \u00e0 la place de la R\u00e9publique. Ils\u00a0se sont dirig\u00e9s, par la suite vers le th\u00e9\u00e2tre municipal \u00e0 l\u2019avenue Habib Bourguiba.\u00a0<\/p>\n<p>D\u2019importants renforts de police ont \u00e9t\u00e9 d\u00e9ploy\u00e9s ce matin au centre ville de Tunis, en particulier sur les diff\u00e9rentes art\u00e8res menant \u00e0 l\u2019Avenue Habib Bourguiba \u00e0 Tunis.<\/p>\n<p>Les manifestants\u00a0r\u00e9clament la remise en libert\u00e9 de tous les gard\u00e9s en vue dans l\u2019affaire dite du complot contre la s\u00e9curit\u00e9 int\u00e9rieure et ext\u00e9rieure de l\u2019Etat.<\/p>\n","protected":false},"excerpt":{"rendered":"<p>En d\u00e9pit du refus d&rsquo;octroi d&rsquo;autorisation par le gouverneur de Tunis, le Front de salut a tenu \u00e0 organiser sa manifestation, ce dimanche 5 mars 2023, pour prote&#8230;<\/p>\n","protected":false},"author":3169,"featured_media":251827,"comment_status":"open","ping_status":"closed","sticky":false,"template":"","format":"standard","meta":{"footnotes":""},"categories":[44],"tags":[6519,2817,4029,2796,2608],"class_list":["post-203600","post","type-post","status-publish","format-standard","has-post-thumbnail","hentry","category-national","tag-front-du-salut","tag-manifestation","tag-politique","tag-protestation","tag-tunisie"],"yoast_head":"<!-- This site is optimized with the Yoast SEO Premium plugin v27.5 (Yoast SEO v27.5) - https:\/\/yoast.com\/product\/yoast-seo-premium-wordpress\/ -->\n<title>Manifestation du Front du salut en d\u00e9pit de l&#039;interdiction des autorit\u00e9s<\/title>\n<meta name=\"description\" content=\"En d\u00e9pit du refus d&#039;octroi d&#039;autorisation par le gouverneur de Tunis, le Front de salut a tenu \u00e0 organiser sa manifestation, ce dimanche 5 mars 2023, pour prote...\" \/>\n<link rel=\"canonical\" href=\"https:\/\/www.webdo.tn\/fr\/actualite\/national\/manifestation-du-front-du-salut-en-depit-de-l-interdiction-des-autorites\/203600\/\" \/>\n<meta property=\"og:locale\" content=\"fr_FR\" \/>\n<meta property=\"og:type\" content=\"article\" \/>\n<meta property=\"og:title\" content=\"Manifestation du Front du salut en d\u00e9pit de l&#039;interdiction des autorit\u00e9s\" \/>\n<meta property=\"og:description\" content=\"En d\u00e9pit du refus d&#039;octroi d&#039;autorisation par le gouverneur de Tunis, le Front de salut a tenu \u00e0 organiser sa manifestation, ce dimanche 5 mars 2023, pour prote...\" \/>\n<meta property=\"og:url\" content=\"https:\/\/www.webdo.tn\/fr\/actualite\/national\/manifestation-du-front-du-salut-en-depit-de-l-interdiction-des-autorites\/203600\/\" \/>\n<meta property=\"og:site_name\" content=\"webdo\" \/>\n<meta property=\"article:publisher\" content=\"https:\/\/www.facebook.com\/webdotn\" \/>\n<meta property=\"article:published_time\" content=\"2023-03-05T13:09:00+00:00\" \/>\n<meta property=\"og:image\" content=\"https:\/\/www.webdo.tn\/fr\/wp-content\/uploads\/2023\/03\/1b43b3fbeca8b7e71982d1ac5e8f3f91.jpeg\" \/>\n\t<meta property=\"og:image:width\" content=\"750\" \/>\n\t<meta property=\"og:image:height\" content=\"400\" \/>\n\t<meta property=\"og:image:type\" content=\"image\/jpeg\" \/>\n<meta name=\"author\" content=\"Webdo\" \/>\n<meta name=\"twitter:card\" content=\"summary_large_image\" \/>\n<meta name=\"twitter:creator\" content=\"@webdo_tn\" \/>\n<meta name=\"twitter:site\" content=\"@webdo_tn\" \/>\n<meta name=\"twitter:label1\" content=\"\u00c9crit par\" \/>\n\t<meta name=\"twitter:data1\" content=\"Webdo\" \/>\n\t<meta name=\"twitter:label2\" content=\"Dur\u00e9e de lecture estim\u00e9e\" \/>\n\t<meta name=\"twitter:data2\" content=\"1 minute\" \/>\n<script type=\"application\/ld+json\" class=\"yoast-schema-graph\">{\"@context\":\"https:\\\/\\\/schema.org\",\"@graph\":[{\"@type\":\"NewsArticle\",\"@id\":\"https:\\\/\\\/www.webdo.tn\\\/fr\\\/actualite\\\/national\\\/manifestation-du-front-du-salut-en-depit-de-l-interdiction-des-autorites\\\/203600\\\/#article\",\"isPartOf\":{\"@id\":\"https:\\\/\\\/www.webdo.tn\\\/fr\\\/actualite\\\/national\\\/manifestation-du-front-du-salut-en-depit-de-l-interdiction-des-autorites\\\/203600\\\/\"},\"author\":{\"name\":\"Webdo\",\"@id\":\"https:\\\/\\\/www.webdo.tn\\\/fr\\\/#\\\/schema\\\/person\\\/1f4e491e0907b413d61089e8eb573acc\"},\"headline\":\"Manifestation du Front du salut en d\u00e9pit de l&rsquo;interdiction des autorit\u00e9s\",\"datePublished\":\"2023-03-05T13:09:00+00:00\",\"mainEntityOfPage\":{\"@id\":\"https:\\\/\\\/www.webdo.tn\\\/fr\\\/actualite\\\/national\\\/manifestation-du-front-du-salut-en-depit-de-l-interdiction-des-autorites\\\/203600\\\/\"},\"wordCount\":159,\"commentCount\":0,\"publisher\":{\"@id\":\"https:\\\/\\\/www.webdo.tn\\\/fr\\\/#organization\"},\"image\":{\"@id\":\"https:\\\/\\\/www.webdo.tn\\\/fr\\\/actualite\\\/national\\\/manifestation-du-front-du-salut-en-depit-de-l-interdiction-des-autorites\\\/203600\\\/#primaryimage\"},\"thumbnailUrl\":\"https:\\\/\\\/www.webdo.tn\\\/fr\\\/wp-content\\\/uploads\\\/2023\\\/03\\\/1b43b3fbeca8b7e71982d1ac5e8f3f91.jpeg\",\"keywords\":[\"front du salut\",\"Manifestation\",\"Politique\",\"protestation\",\"Tunisie\"],\"articleSection\":[\"National\"],\"inLanguage\":\"fr-FR\"},{\"@type\":\"WebPage\",\"@id\":\"https:\\\/\\\/www.webdo.tn\\\/fr\\\/actualite\\\/national\\\/manifestation-du-front-du-salut-en-depit-de-l-interdiction-des-autorites\\\/203600\\\/\",\"url\":\"https:\\\/\\\/www.webdo.tn\\\/fr\\\/actualite\\\/national\\\/manifestation-du-front-du-salut-en-depit-de-l-interdiction-des-autorites\\\/203600\\\/\",\"name\":\"Manifestation du Front du salut en d\u00e9pit de l'interdiction des autorit\u00e9s\",\"isPartOf\":{\"@id\":\"https:\\\/\\\/www.webdo.tn\\\/fr\\\/#website\"},\"primaryImageOfPage\":{\"@id\":\"https:\\\/\\\/www.webdo.tn\\\/fr\\\/actualite\\\/national\\\/manifestation-du-front-du-salut-en-depit-de-l-interdiction-des-autorites\\\/203600\\\/#primaryimage\"},\"image\":{\"@id\":\"https:\\\/\\\/www.webdo.tn\\\/fr\\\/actualite\\\/national\\\/manifestation-du-front-du-salut-en-depit-de-l-interdiction-des-autorites\\\/203600\\\/#primaryimage\"},\"thumbnailUrl\":\"https:\\\/\\\/www.webdo.tn\\\/fr\\\/wp-content\\\/uploads\\\/2023\\\/03\\\/1b43b3fbeca8b7e71982d1ac5e8f3f91.jpeg\",\"datePublished\":\"2023-03-05T13:09:00+00:00\",\"description\":\"En d\u00e9pit du refus d'octroi d'autorisation par le gouverneur de Tunis, le Front de salut a tenu \u00e0 organiser sa manifestation, ce dimanche 5 mars 2023, pour prote...\",\"breadcrumb\":{\"@id\":\"https:\\\/\\\/www.webdo.tn\\\/fr\\\/actualite\\\/national\\\/manifestation-du-front-du-salut-en-depit-de-l-interdiction-des-autorites\\\/203600\\\/#breadcrumb\"},\"inLanguage\":\"fr-FR\",\"potentialAction\":[{\"@type\":\"ReadAction\",\"target\":[\"https:\\\/\\\/www.webdo.tn\\\/fr\\\/actualite\\\/national\\\/manifestation-du-front-du-salut-en-depit-de-l-interdiction-des-autorites\\\/203600\\\/\"]}]},{\"@type\":\"ImageObject\",\"inLanguage\":\"fr-FR\",\"@id\":\"https:\\\/\\\/www.webdo.tn\\\/fr\\\/actualite\\\/national\\\/manifestation-du-front-du-salut-en-depit-de-l-interdiction-des-autorites\\\/203600\\\/#primaryimage\",\"url\":\"https:\\\/\\\/www.webdo.tn\\\/fr\\\/wp-content\\\/uploads\\\/2023\\\/03\\\/1b43b3fbeca8b7e71982d1ac5e8f3f91.jpeg\",\"contentUrl\":\"https:\\\/\\\/www.webdo.tn\\\/fr\\\/wp-content\\\/uploads\\\/2023\\\/03\\\/1b43b3fbeca8b7e71982d1ac5e8f3f91.jpeg\",\"width\":750,\"height\":400,\"caption\":\"Manifestation du Front du salut en d\u00e9pit de l'interdiction des autorit\u00e9s\"},{\"@type\":\"BreadcrumbList\",\"@id\":\"https:\\\/\\\/www.webdo.tn\\\/fr\\\/actualite\\\/national\\\/manifestation-du-front-du-salut-en-depit-de-l-interdiction-des-autorites\\\/203600\\\/#breadcrumb\",\"itemListElement\":[{\"@type\":\"ListItem\",\"position\":1,\"name\":\"Accueil\",\"item\":\"https:\\\/\\\/www.webdo.tn\\\/fr\\\/\"},{\"@type\":\"ListItem\",\"position\":2,\"name\":\"Manifestation du Front du salut en d\u00e9pit de l&#8217;interdiction des autorit\u00e9s\"}]},{\"@type\":\"WebSite\",\"@id\":\"https:\\\/\\\/www.webdo.tn\\\/fr\\\/#website\",\"url\":\"https:\\\/\\\/www.webdo.tn\\\/fr\\\/\",\"name\":\"webdo\",\"description\":\"Tunisie - News en Tunisie et \u00e0 l&#039;international sur Webdo.tn\",\"publisher\":{\"@id\":\"https:\\\/\\\/www.webdo.tn\\\/fr\\\/#organization\"},\"potentialAction\":[{\"@type\":\"SearchAction\",\"target\":{\"@type\":\"EntryPoint\",\"urlTemplate\":\"https:\\\/\\\/www.webdo.tn\\\/fr\\\/?s={search_term_string}\"},\"query-input\":{\"@type\":\"PropertyValueSpecification\",\"valueRequired\":true,\"valueName\":\"search_term_string\"}}],\"inLanguage\":\"fr-FR\"},{\"@type\":\"Organization\",\"@id\":\"https:\\\/\\\/www.webdo.tn\\\/fr\\\/#organization\",\"name\":\"Webdo\",\"alternateName\":\"Webdo.tn\",\"url\":\"https:\\\/\\\/www.webdo.tn\\\/fr\\\/\",\"logo\":{\"@type\":\"ImageObject\",\"inLanguage\":\"fr-FR\",\"@id\":\"https:\\\/\\\/www.webdo.tn\\\/fr\\\/#\\\/schema\\\/logo\\\/image\\\/\",\"url\":\"https:\\\/\\\/www.webdo.tn\\\/fr\\\/wp-content\\\/uploads\\\/2025\\\/06\\\/Webdo-Tunisie_168377.jpg\",\"contentUrl\":\"https:\\\/\\\/www.webdo.tn\\\/fr\\\/wp-content\\\/uploads\\\/2025\\\/06\\\/Webdo-Tunisie_168377.jpg\",\"width\":301,\"height\":301,\"caption\":\"Webdo\"},\"image\":{\"@id\":\"https:\\\/\\\/www.webdo.tn\\\/fr\\\/#\\\/schema\\\/logo\\\/image\\\/\"},\"sameAs\":[\"https:\\\/\\\/www.facebook.com\\\/webdotn\",\"https:\\\/\\\/x.com\\\/webdo_tn\"],\"description\":\"Webdo est un m\u00e9dia num\u00e9rique tunisien fond\u00e9 en 2010, sp\u00e9cialis\u00e9 dans l\u2019actualit\u00e9 nationale et internationale, l\u2019\u00e9conomie, la soci\u00e9t\u00e9 et les analyses politiques. Le site s\u2019adresse \u00e0 un large public francophone et couvre l\u2019information tunisienne en temps r\u00e9el.\",\"email\":\"redac@webdo.tn\",\"legalName\":\"YNJ SARL\",\"foundingDate\":\"2010-09-06\",\"numberOfEmployees\":{\"@type\":\"QuantitativeValue\",\"minValue\":\"11\",\"maxValue\":\"50\"}},{\"@type\":\"Person\",\"@id\":\"https:\\\/\\\/www.webdo.tn\\\/fr\\\/#\\\/schema\\\/person\\\/1f4e491e0907b413d61089e8eb573acc\",\"name\":\"Webdo\",\"image\":{\"@type\":\"ImageObject\",\"inLanguage\":\"fr-FR\",\"@id\":\"https:\\\/\\\/secure.gravatar.com\\\/avatar\\\/de97aeec1bb80978a9dbb127e47dfc88aaacb2f3c29aac907d8d3222e3495d49?s=96&d=mm&r=g\",\"url\":\"https:\\\/\\\/secure.gravatar.com\\\/avatar\\\/de97aeec1bb80978a9dbb127e47dfc88aaacb2f3c29aac907d8d3222e3495d49?s=96&d=mm&r=g\",\"contentUrl\":\"https:\\\/\\\/secure.gravatar.com\\\/avatar\\\/de97aeec1bb80978a9dbb127e47dfc88aaacb2f3c29aac907d8d3222e3495d49?s=96&d=mm&r=g\",\"caption\":\"Webdo\"},\"url\":\"https:\\\/\\\/www.webdo.tn\\\/fr\\\/actualite\\\/author\\\/webdo\\\/\"}]}<\/script>\n<!-- \/ Yoast SEO Premium plugin. -->","yoast_head_json":{"title":"Manifestation du Front du salut en d\u00e9pit de l'interdiction des autorit\u00e9s","description":"En d\u00e9pit du refus d'octroi d'autorisation par le gouverneur de Tunis, le Front de salut a tenu \u00e0 organiser sa manifestation, ce dimanche 5 mars 2023, pour prote...","canonical":"https:\/\/www.webdo.tn\/fr\/actualite\/national\/manifestation-du-front-du-salut-en-depit-de-l-interdiction-des-autorites\/203600\/","og_locale":"fr_FR","og_type":"article","og_title":"Manifestation du Front du salut en d\u00e9pit de l'interdiction des autorit\u00e9s","og_description":"En d\u00e9pit du refus d'octroi d'autorisation par le gouverneur de Tunis, le Front de salut a tenu \u00e0 organiser sa manifestation, ce dimanche 5 mars 2023, pour prote...","og_url":"https:\/\/www.webdo.tn\/fr\/actualite\/national\/manifestation-du-front-du-salut-en-depit-de-l-interdiction-des-autorites\/203600\/","og_site_name":"webdo","article_publisher":"https:\/\/www.facebook.com\/webdotn","article_published_time":"2023-03-05T13:09:00+00:00","og_image":[{"width":750,"height":400,"url":"https:\/\/www.webdo.tn\/fr\/wp-content\/uploads\/2023\/03\/1b43b3fbeca8b7e71982d1ac5e8f3f91.jpeg","type":"image\/jpeg"}],"author":"Webdo","twitter_card":"summary_large_image","twitter_creator":"@webdo_tn","twitter_site":"@webdo_tn","twitter_misc":{"\u00c9crit par":"Webdo","Dur\u00e9e de lecture estim\u00e9e":"1 minute"},"schema":{"@context":"https:\/\/schema.org","@graph":[{"@type":"NewsArticle","@id":"https:\/\/www.webdo.tn\/fr\/actualite\/national\/manifestation-du-front-du-salut-en-depit-de-l-interdiction-des-autorites\/203600\/#article","isPartOf":{"@id":"https:\/\/www.webdo.tn\/fr\/actualite\/national\/manifestation-du-front-du-salut-en-depit-de-l-interdiction-des-autorites\/203600\/"},"author":{"name":"Webdo","@id":"https:\/\/www.webdo.tn\/fr\/#\/schema\/person\/1f4e491e0907b413d61089e8eb573acc"},"headline":"Manifestation du Front du salut en d\u00e9pit de l&rsquo;interdiction des autorit\u00e9s","datePublished":"2023-03-05T13:09:00+00:00","mainEntityOfPage":{"@id":"https:\/\/www.webdo.tn\/fr\/actualite\/national\/manifestation-du-front-du-salut-en-depit-de-l-interdiction-des-autorites\/203600\/"},"wordCount":159,"commentCount":0,"publisher":{"@id":"https:\/\/www.webdo.tn\/fr\/#organization"},"image":{"@id":"https:\/\/www.webdo.tn\/fr\/actualite\/national\/manifestation-du-front-du-salut-en-depit-de-l-interdiction-des-autorites\/203600\/#primaryimage"},"thumbnailUrl":"https:\/\/www.webdo.tn\/fr\/wp-content\/uploads\/2023\/03\/1b43b3fbeca8b7e71982d1ac5e8f3f91.jpeg","keywords":["front du salut","Manifestation","Politique","protestation","Tunisie"],"articleSection":["National"],"inLanguage":"fr-FR"},{"@type":"WebPage","@id":"https:\/\/www.webdo.tn\/fr\/actualite\/national\/manifestation-du-front-du-salut-en-depit-de-l-interdiction-des-autorites\/203600\/","url":"https:\/\/www.webdo.tn\/fr\/actualite\/national\/manifestation-du-front-du-salut-en-depit-de-l-interdiction-des-autorites\/203600\/","name":"Manifestation du Front du salut en d\u00e9pit de l'interdiction des autorit\u00e9s","isPartOf":{"@id":"https:\/\/www.webdo.tn\/fr\/#website"},"primaryImageOfPage":{"@id":"https:\/\/www.webdo.tn\/fr\/actualite\/national\/manifestation-du-front-du-salut-en-depit-de-l-interdiction-des-autorites\/203600\/#primaryimage"},"image":{"@id":"https:\/\/www.webdo.tn\/fr\/actualite\/national\/manifestation-du-front-du-salut-en-depit-de-l-interdiction-des-autorites\/203600\/#primaryimage"},"thumbnailUrl":"https:\/\/www.webdo.tn\/fr\/wp-content\/uploads\/2023\/03\/1b43b3fbeca8b7e71982d1ac5e8f3f91.jpeg","datePublished":"2023-03-05T13:09:00+00:00","description":"En d\u00e9pit du refus d'octroi d'autorisation par le gouverneur de Tunis, le Front de salut a tenu \u00e0 organiser sa manifestation, ce dimanche 5 mars 2023, pour prote...","breadcrumb":{"@id":"https:\/\/www.webdo.tn\/fr\/actualite\/national\/manifestation-du-front-du-salut-en-depit-de-l-interdiction-des-autorites\/203600\/#breadcrumb"},"inLanguage":"fr-FR","potentialAction":[{"@type":"ReadAction","target":["https:\/\/www.webdo.tn\/fr\/actualite\/national\/manifestation-du-front-du-salut-en-depit-de-l-interdiction-des-autorites\/203600\/"]}]},{"@type":"ImageObject","inLanguage":"fr-FR","@id":"https:\/\/www.webdo.tn\/fr\/actualite\/national\/manifestation-du-front-du-salut-en-depit-de-l-interdiction-des-autorites\/203600\/#primaryimage","url":"https:\/\/www.webdo.tn\/fr\/wp-content\/uploads\/2023\/03\/1b43b3fbeca8b7e71982d1ac5e8f3f91.jpeg","contentUrl":"https:\/\/www.webdo.tn\/fr\/wp-content\/uploads\/2023\/03\/1b43b3fbeca8b7e71982d1ac5e8f3f91.jpeg","width":750,"height":400,"caption":"Manifestation du Front du salut en d\u00e9pit de l'interdiction des autorit\u00e9s"},{"@type":"BreadcrumbList","@id":"https:\/\/www.webdo.tn\/fr\/actualite\/national\/manifestation-du-front-du-salut-en-depit-de-l-interdiction-des-autorites\/203600\/#breadcrumb","itemListElement":[{"@type":"ListItem","position":1,"name":"Accueil","item":"https:\/\/www.webdo.tn\/fr\/"},{"@type":"ListItem","position":2,"name":"Manifestation du Front du salut en d\u00e9pit de l&#8217;interdiction des autorit\u00e9s"}]},{"@type":"WebSite","@id":"https:\/\/www.webdo.tn\/fr\/#website","url":"https:\/\/www.webdo.tn\/fr\/","name":"webdo","description":"Tunisie - News en Tunisie et \u00e0 l&#039;international sur Webdo.tn","publisher":{"@id":"https:\/\/www.webdo.tn\/fr\/#organization"},"potentialAction":[{"@type":"SearchAction","target":{"@type":"EntryPoint","urlTemplate":"https:\/\/www.webdo.tn\/fr\/?s={search_term_string}"},"query-input":{"@type":"PropertyValueSpecification","valueRequired":true,"valueName":"search_term_string"}}],"inLanguage":"fr-FR"},{"@type":"Organization","@id":"https:\/\/www.webdo.tn\/fr\/#organization","name":"Webdo","alternateName":"Webdo.tn","url":"https:\/\/www.webdo.tn\/fr\/","logo":{"@type":"ImageObject","inLanguage":"fr-FR","@id":"https:\/\/www.webdo.tn\/fr\/#\/schema\/logo\/image\/","url":"https:\/\/www.webdo.tn\/fr\/wp-content\/uploads\/2025\/06\/Webdo-Tunisie_168377.jpg","contentUrl":"https:\/\/www.webdo.tn\/fr\/wp-content\/uploads\/2025\/06\/Webdo-Tunisie_168377.jpg","width":301,"height":301,"caption":"Webdo"},"image":{"@id":"https:\/\/www.webdo.tn\/fr\/#\/schema\/logo\/image\/"},"sameAs":["https:\/\/www.facebook.com\/webdotn","https:\/\/x.com\/webdo_tn"],"description":"Webdo est un m\u00e9dia num\u00e9rique tunisien fond\u00e9 en 2010, sp\u00e9cialis\u00e9 dans l\u2019actualit\u00e9 nationale et internationale, l\u2019\u00e9conomie, la soci\u00e9t\u00e9 et les analyses politiques. Le site s\u2019adresse \u00e0 un large public francophone et couvre l\u2019information tunisienne en temps r\u00e9el.","email":"redac@webdo.tn","legalName":"YNJ SARL","foundingDate":"2010-09-06","numberOfEmployees":{"@type":"QuantitativeValue","minValue":"11","maxValue":"50"}},{"@type":"Person","@id":"https:\/\/www.webdo.tn\/fr\/#\/schema\/person\/1f4e491e0907b413d61089e8eb573acc","name":"Webdo","image":{"@type":"ImageObject","inLanguage":"fr-FR","@id":"https:\/\/secure.gravatar.com\/avatar\/de97aeec1bb80978a9dbb127e47dfc88aaacb2f3c29aac907d8d3222e3495d49?s=96&d=mm&r=g","url":"https:\/\/secure.gravatar.com\/avatar\/de97aeec1bb80978a9dbb127e47dfc88aaacb2f3c29aac907d8d3222e3495d49?s=96&d=mm&r=g","contentUrl":"https:\/\/secure.gravatar.com\/avatar\/de97aeec1bb80978a9dbb127e47dfc88aaacb2f3c29aac907d8d3222e3495d49?s=96&d=mm&r=g","caption":"Webdo"},"url":"https:\/\/www.webdo.tn\/fr\/actualite\/author\/webdo\/"}]}},"_links":{"self":[{"href":"https:\/\/www.webdo.tn\/fr\/wp-json\/wp\/v2\/posts\/203600","targetHints":{"allow":["GET"]}}],"collection":[{"href":"https:\/\/www.webdo.tn\/fr\/wp-json\/wp\/v2\/posts"}],"about":[{"href":"https:\/\/www.webdo.tn\/fr\/wp-json\/wp\/v2\/types\/post"}],"author":[{"embeddable":true,"href":"https:\/\/www.webdo.tn\/fr\/wp-json\/wp\/v2\/users\/3169"}],"replies":[{"embeddable":true,"href":"https:\/\/www.webdo.tn\/fr\/wp-json\/wp\/v2\/comments?post=203600"}],"version-history":[{"count":0,"href":"https:\/\/www.webdo.tn\/fr\/wp-json\/wp\/v2\/posts\/203600\/revisions"}],"wp:featuredmedia":[{"embeddable":true,"href":"https:\/\/www.webdo.tn\/fr\/wp-json\/wp\/v2\/media\/251827"}],"wp:attachment":[{"href":"https:\/\/www.webdo.tn\/fr\/wp-json\/wp\/v2\/media?parent=203600"}],"wp:term":[{"taxonomy":"category","embeddable":true,"href":"https:\/\/www.webdo.tn\/fr\/wp-json\/wp\/v2\/categories?post=203600"},{"taxonomy":"post_tag","embeddable":true,"href":"https:\/\/www.webdo.tn\/fr\/wp-json\/wp\/v2\/tags?post=203600"}],"curies":[{"name":"wp","href":"https:\/\/api.w.org\/{rel}","templated":true}]}}