{"id":203592,"date":"2023-03-05T10:27:00","date_gmt":"2023-03-05T10:27:00","guid":{"rendered":"https:\/\/www.webdo.tn\/fr\/blog\/une-3eme-medaille-d-or-pour-ayoub-hafnaoui\/203592\/"},"modified":"2023-03-05T10:27:00","modified_gmt":"2023-03-05T10:27:00","slug":"une-3eme-medaille-d-or-pour-ayoub-hafnaoui","status":"publish","type":"post","link":"https:\/\/www.webdo.tn\/fr\/actualite\/sport\/une-3eme-medaille-d-or-pour-ayoub-hafnaoui\/203592\/","title":{"rendered":"Une 3\u00e8me m\u00e9daille d&rsquo;or pour Ayoub Hafnaoui"},"content":{"rendered":"<p>Le champion olympique Ayoub Hafnaoui a remport\u00e9 sa troisi\u00e8me m\u00e9daille d&rsquo;or lors du meeting ProTyr de Fort Lauderdale, aux Etats-Unis en remportant le 800 m\u00e8tre NL.<\/p>\n<p>\t\t\t\t\t\t\t\t\tAinsi, apr\u00e8s le 400 m\u00e8tre NL et le 1500 m\u00e8tre NL, Ayouf Hafnaoui a domin\u00e9 le 800 m\u00e8tre en r\u00e9alisant un chrono\u00a07\u201948\u203350, juste devant l&rsquo;Egyptien Marouane El Kamash et le Britannique Daniel Jervis.<\/p>\n<p>Notre champion olympique r\u00e9alise donc la m\u00eame performance\u00a0que lors du Meeting Pro Tyr de Knoxville aux Etats-Unis, en janvier dernier, avec trois m\u00e9dailles. Si cette fois, les trois sont d&rsquo;or, Ayouf Hafnaoui avait\u00a0d\u00e9croch\u00e9, \u00e0\u00a0Knoxville,\u00a0deux m\u00e9dailles d\u2019or dans les cat\u00e9gories 400 m\u00e8tres et 800 m\u00e8tres nage libre et une m\u00e9daille d\u2019argent au 1500 m\u00e8tres nage libre<\/p>\n","protected":false},"excerpt":{"rendered":"<p>Le champion olympique Ayoub Hafnaoui a remport\u00e9 sa troisi\u00e8me m\u00e9daille d&rsquo;or lors du meeting ProTyr de Fort Lauderdale, aux Etats-Unis en remportant le 800 m\u00e8tre&#8230;<\/p>\n","protected":false},"author":3169,"featured_media":251825,"comment_status":"open","ping_status":"closed","sticky":false,"template":"","format":"standard","meta":{"footnotes":""},"categories":[2593],"tags":[8731,3252,4416,2608],"class_list":["post-203592","post","type-post","status-publish","format-standard","has-post-thumbnail","hentry","category-sport","tag-ayouf-hafanoui","tag-natation","tag-sport","tag-tunisie"],"yoast_head":"<!-- This site is optimized with the Yoast SEO Premium plugin v27.5 (Yoast SEO v27.5) - https:\/\/yoast.com\/product\/yoast-seo-premium-wordpress\/ -->\n<title>Une 3\u00e8me m\u00e9daille d&#039;or pour Ayoub Hafnaoui<\/title>\n<meta name=\"description\" content=\"Le champion olympique Ayoub Hafnaoui a remport\u00e9 sa troisi\u00e8me m\u00e9daille d&#039;or lors du meeting ProTyr de Fort Lauderdale, aux Etats-Unis en remportant le 800 m\u00e8tre...\" \/>\n<link rel=\"canonical\" href=\"https:\/\/www.webdo.tn\/fr\/actualite\/sport\/une-3eme-medaille-d-or-pour-ayoub-hafnaoui\/203592\/\" \/>\n<meta property=\"og:locale\" content=\"fr_FR\" \/>\n<meta property=\"og:type\" content=\"article\" \/>\n<meta property=\"og:title\" content=\"Une 3\u00e8me m\u00e9daille d&#039;or pour Ayoub Hafnaoui\" \/>\n<meta property=\"og:description\" content=\"Le champion olympique Ayoub Hafnaoui a remport\u00e9 sa troisi\u00e8me m\u00e9daille d&#039;or lors du meeting ProTyr de Fort Lauderdale, aux Etats-Unis en remportant le 800 m\u00e8tre...\" \/>\n<meta property=\"og:url\" content=\"https:\/\/www.webdo.tn\/fr\/actualite\/sport\/une-3eme-medaille-d-or-pour-ayoub-hafnaoui\/203592\/\" \/>\n<meta property=\"og:site_name\" content=\"webdo\" \/>\n<meta property=\"article:publisher\" content=\"https:\/\/www.facebook.com\/webdotn\" \/>\n<meta property=\"article:published_time\" content=\"2023-03-05T10:27:00+00:00\" \/>\n<meta property=\"og:image\" content=\"https:\/\/www.webdo.tn\/fr\/wp-content\/uploads\/2023\/03\/ca2e969239d703ed572d1fc89d1e4c55.jpeg\" \/>\n\t<meta property=\"og:image:width\" content=\"680\" \/>\n\t<meta property=\"og:image:height\" content=\"363\" \/>\n\t<meta property=\"og:image:type\" content=\"image\/jpeg\" \/>\n<meta name=\"author\" content=\"Webdo\" \/>\n<meta name=\"twitter:card\" content=\"summary_large_image\" \/>\n<meta name=\"twitter:creator\" content=\"@webdo_tn\" \/>\n<meta name=\"twitter:site\" content=\"@webdo_tn\" \/>\n<meta name=\"twitter:label1\" content=\"\u00c9crit par\" \/>\n\t<meta name=\"twitter:data1\" content=\"Webdo\" \/>\n\t<meta name=\"twitter:label2\" content=\"Dur\u00e9e de lecture estim\u00e9e\" \/>\n\t<meta name=\"twitter:data2\" content=\"1 minute\" \/>\n<script type=\"application\/ld+json\" class=\"yoast-schema-graph\">{\"@context\":\"https:\\\/\\\/schema.org\",\"@graph\":[{\"@type\":\"NewsArticle\",\"@id\":\"https:\\\/\\\/www.webdo.tn\\\/fr\\\/actualite\\\/sport\\\/une-3eme-medaille-d-or-pour-ayoub-hafnaoui\\\/203592\\\/#article\",\"isPartOf\":{\"@id\":\"https:\\\/\\\/www.webdo.tn\\\/fr\\\/actualite\\\/sport\\\/une-3eme-medaille-d-or-pour-ayoub-hafnaoui\\\/203592\\\/\"},\"author\":{\"name\":\"Webdo\",\"@id\":\"https:\\\/\\\/www.webdo.tn\\\/fr\\\/#\\\/schema\\\/person\\\/1f4e491e0907b413d61089e8eb573acc\"},\"headline\":\"Une 3\u00e8me m\u00e9daille d&rsquo;or pour Ayoub Hafnaoui\",\"datePublished\":\"2023-03-05T10:27:00+00:00\",\"mainEntityOfPage\":{\"@id\":\"https:\\\/\\\/www.webdo.tn\\\/fr\\\/actualite\\\/sport\\\/une-3eme-medaille-d-or-pour-ayoub-hafnaoui\\\/203592\\\/\"},\"wordCount\":142,\"commentCount\":0,\"publisher\":{\"@id\":\"https:\\\/\\\/www.webdo.tn\\\/fr\\\/#organization\"},\"image\":{\"@id\":\"https:\\\/\\\/www.webdo.tn\\\/fr\\\/actualite\\\/sport\\\/une-3eme-medaille-d-or-pour-ayoub-hafnaoui\\\/203592\\\/#primaryimage\"},\"thumbnailUrl\":\"https:\\\/\\\/www.webdo.tn\\\/fr\\\/wp-content\\\/uploads\\\/2023\\\/03\\\/ca2e969239d703ed572d1fc89d1e4c55.jpeg\",\"keywords\":[\"ayouf hafanoui\",\"natation\",\"Sport\",\"Tunisie\"],\"articleSection\":[\"Sport\"],\"inLanguage\":\"fr-FR\"},{\"@type\":\"WebPage\",\"@id\":\"https:\\\/\\\/www.webdo.tn\\\/fr\\\/actualite\\\/sport\\\/une-3eme-medaille-d-or-pour-ayoub-hafnaoui\\\/203592\\\/\",\"url\":\"https:\\\/\\\/www.webdo.tn\\\/fr\\\/actualite\\\/sport\\\/une-3eme-medaille-d-or-pour-ayoub-hafnaoui\\\/203592\\\/\",\"name\":\"Une 3\u00e8me m\u00e9daille d'or pour Ayoub Hafnaoui\",\"isPartOf\":{\"@id\":\"https:\\\/\\\/www.webdo.tn\\\/fr\\\/#website\"},\"primaryImageOfPage\":{\"@id\":\"https:\\\/\\\/www.webdo.tn\\\/fr\\\/actualite\\\/sport\\\/une-3eme-medaille-d-or-pour-ayoub-hafnaoui\\\/203592\\\/#primaryimage\"},\"image\":{\"@id\":\"https:\\\/\\\/www.webdo.tn\\\/fr\\\/actualite\\\/sport\\\/une-3eme-medaille-d-or-pour-ayoub-hafnaoui\\\/203592\\\/#primaryimage\"},\"thumbnailUrl\":\"https:\\\/\\\/www.webdo.tn\\\/fr\\\/wp-content\\\/uploads\\\/2023\\\/03\\\/ca2e969239d703ed572d1fc89d1e4c55.jpeg\",\"datePublished\":\"2023-03-05T10:27:00+00:00\",\"description\":\"Le champion olympique Ayoub Hafnaoui a remport\u00e9 sa troisi\u00e8me m\u00e9daille d'or lors du meeting ProTyr de Fort Lauderdale, aux Etats-Unis en remportant le 800 m\u00e8tre...\",\"breadcrumb\":{\"@id\":\"https:\\\/\\\/www.webdo.tn\\\/fr\\\/actualite\\\/sport\\\/une-3eme-medaille-d-or-pour-ayoub-hafnaoui\\\/203592\\\/#breadcrumb\"},\"inLanguage\":\"fr-FR\",\"potentialAction\":[{\"@type\":\"ReadAction\",\"target\":[\"https:\\\/\\\/www.webdo.tn\\\/fr\\\/actualite\\\/sport\\\/une-3eme-medaille-d-or-pour-ayoub-hafnaoui\\\/203592\\\/\"]}]},{\"@type\":\"ImageObject\",\"inLanguage\":\"fr-FR\",\"@id\":\"https:\\\/\\\/www.webdo.tn\\\/fr\\\/actualite\\\/sport\\\/une-3eme-medaille-d-or-pour-ayoub-hafnaoui\\\/203592\\\/#primaryimage\",\"url\":\"https:\\\/\\\/www.webdo.tn\\\/fr\\\/wp-content\\\/uploads\\\/2023\\\/03\\\/ca2e969239d703ed572d1fc89d1e4c55.jpeg\",\"contentUrl\":\"https:\\\/\\\/www.webdo.tn\\\/fr\\\/wp-content\\\/uploads\\\/2023\\\/03\\\/ca2e969239d703ed572d1fc89d1e4c55.jpeg\",\"width\":680,\"height\":363,\"caption\":\"Une 3\u00e8me m\u00e9daille d'or pour Ayoub Hafnaoui\"},{\"@type\":\"BreadcrumbList\",\"@id\":\"https:\\\/\\\/www.webdo.tn\\\/fr\\\/actualite\\\/sport\\\/une-3eme-medaille-d-or-pour-ayoub-hafnaoui\\\/203592\\\/#breadcrumb\",\"itemListElement\":[{\"@type\":\"ListItem\",\"position\":1,\"name\":\"Accueil\",\"item\":\"https:\\\/\\\/www.webdo.tn\\\/fr\\\/\"},{\"@type\":\"ListItem\",\"position\":2,\"name\":\"Une 3\u00e8me m\u00e9daille d&rsquo;or pour Ayoub Hafnaoui\"}]},{\"@type\":\"WebSite\",\"@id\":\"https:\\\/\\\/www.webdo.tn\\\/fr\\\/#website\",\"url\":\"https:\\\/\\\/www.webdo.tn\\\/fr\\\/\",\"name\":\"webdo\",\"description\":\"Tunisie - News en Tunisie et \u00e0 l&#039;international sur Webdo.tn\",\"publisher\":{\"@id\":\"https:\\\/\\\/www.webdo.tn\\\/fr\\\/#organization\"},\"potentialAction\":[{\"@type\":\"SearchAction\",\"target\":{\"@type\":\"EntryPoint\",\"urlTemplate\":\"https:\\\/\\\/www.webdo.tn\\\/fr\\\/?s={search_term_string}\"},\"query-input\":{\"@type\":\"PropertyValueSpecification\",\"valueRequired\":true,\"valueName\":\"search_term_string\"}}],\"inLanguage\":\"fr-FR\"},{\"@type\":\"Organization\",\"@id\":\"https:\\\/\\\/www.webdo.tn\\\/fr\\\/#organization\",\"name\":\"Webdo\",\"alternateName\":\"Webdo.tn\",\"url\":\"https:\\\/\\\/www.webdo.tn\\\/fr\\\/\",\"logo\":{\"@type\":\"ImageObject\",\"inLanguage\":\"fr-FR\",\"@id\":\"https:\\\/\\\/www.webdo.tn\\\/fr\\\/#\\\/schema\\\/logo\\\/image\\\/\",\"url\":\"https:\\\/\\\/www.webdo.tn\\\/fr\\\/wp-content\\\/uploads\\\/2025\\\/06\\\/Webdo-Tunisie_168377.jpg\",\"contentUrl\":\"https:\\\/\\\/www.webdo.tn\\\/fr\\\/wp-content\\\/uploads\\\/2025\\\/06\\\/Webdo-Tunisie_168377.jpg\",\"width\":301,\"height\":301,\"caption\":\"Webdo\"},\"image\":{\"@id\":\"https:\\\/\\\/www.webdo.tn\\\/fr\\\/#\\\/schema\\\/logo\\\/image\\\/\"},\"sameAs\":[\"https:\\\/\\\/www.facebook.com\\\/webdotn\",\"https:\\\/\\\/x.com\\\/webdo_tn\"],\"description\":\"Webdo est un m\u00e9dia num\u00e9rique tunisien fond\u00e9 en 2010, sp\u00e9cialis\u00e9 dans l\u2019actualit\u00e9 nationale et internationale, l\u2019\u00e9conomie, la soci\u00e9t\u00e9 et les analyses politiques. Le site s\u2019adresse \u00e0 un large public francophone et couvre l\u2019information tunisienne en temps r\u00e9el.\",\"email\":\"redac@webdo.tn\",\"legalName\":\"YNJ SARL\",\"foundingDate\":\"2010-09-06\",\"numberOfEmployees\":{\"@type\":\"QuantitativeValue\",\"minValue\":\"11\",\"maxValue\":\"50\"}},{\"@type\":\"Person\",\"@id\":\"https:\\\/\\\/www.webdo.tn\\\/fr\\\/#\\\/schema\\\/person\\\/1f4e491e0907b413d61089e8eb573acc\",\"name\":\"Webdo\",\"image\":{\"@type\":\"ImageObject\",\"inLanguage\":\"fr-FR\",\"@id\":\"https:\\\/\\\/secure.gravatar.com\\\/avatar\\\/de97aeec1bb80978a9dbb127e47dfc88aaacb2f3c29aac907d8d3222e3495d49?s=96&d=mm&r=g\",\"url\":\"https:\\\/\\\/secure.gravatar.com\\\/avatar\\\/de97aeec1bb80978a9dbb127e47dfc88aaacb2f3c29aac907d8d3222e3495d49?s=96&d=mm&r=g\",\"contentUrl\":\"https:\\\/\\\/secure.gravatar.com\\\/avatar\\\/de97aeec1bb80978a9dbb127e47dfc88aaacb2f3c29aac907d8d3222e3495d49?s=96&d=mm&r=g\",\"caption\":\"Webdo\"},\"url\":\"https:\\\/\\\/www.webdo.tn\\\/fr\\\/actualite\\\/author\\\/webdo\\\/\"}]}<\/script>\n<!-- \/ Yoast SEO Premium plugin. -->","yoast_head_json":{"title":"Une 3\u00e8me m\u00e9daille d'or pour Ayoub Hafnaoui","description":"Le champion olympique Ayoub Hafnaoui a remport\u00e9 sa troisi\u00e8me m\u00e9daille d'or lors du meeting ProTyr de Fort Lauderdale, aux Etats-Unis en remportant le 800 m\u00e8tre...","canonical":"https:\/\/www.webdo.tn\/fr\/actualite\/sport\/une-3eme-medaille-d-or-pour-ayoub-hafnaoui\/203592\/","og_locale":"fr_FR","og_type":"article","og_title":"Une 3\u00e8me m\u00e9daille d'or pour Ayoub Hafnaoui","og_description":"Le champion olympique Ayoub Hafnaoui a remport\u00e9 sa troisi\u00e8me m\u00e9daille d'or lors du meeting ProTyr de Fort Lauderdale, aux Etats-Unis en remportant le 800 m\u00e8tre...","og_url":"https:\/\/www.webdo.tn\/fr\/actualite\/sport\/une-3eme-medaille-d-or-pour-ayoub-hafnaoui\/203592\/","og_site_name":"webdo","article_publisher":"https:\/\/www.facebook.com\/webdotn","article_published_time":"2023-03-05T10:27:00+00:00","og_image":[{"width":680,"height":363,"url":"https:\/\/www.webdo.tn\/fr\/wp-content\/uploads\/2023\/03\/ca2e969239d703ed572d1fc89d1e4c55.jpeg","type":"image\/jpeg"}],"author":"Webdo","twitter_card":"summary_large_image","twitter_creator":"@webdo_tn","twitter_site":"@webdo_tn","twitter_misc":{"\u00c9crit par":"Webdo","Dur\u00e9e de lecture estim\u00e9e":"1 minute"},"schema":{"@context":"https:\/\/schema.org","@graph":[{"@type":"NewsArticle","@id":"https:\/\/www.webdo.tn\/fr\/actualite\/sport\/une-3eme-medaille-d-or-pour-ayoub-hafnaoui\/203592\/#article","isPartOf":{"@id":"https:\/\/www.webdo.tn\/fr\/actualite\/sport\/une-3eme-medaille-d-or-pour-ayoub-hafnaoui\/203592\/"},"author":{"name":"Webdo","@id":"https:\/\/www.webdo.tn\/fr\/#\/schema\/person\/1f4e491e0907b413d61089e8eb573acc"},"headline":"Une 3\u00e8me m\u00e9daille d&rsquo;or pour Ayoub Hafnaoui","datePublished":"2023-03-05T10:27:00+00:00","mainEntityOfPage":{"@id":"https:\/\/www.webdo.tn\/fr\/actualite\/sport\/une-3eme-medaille-d-or-pour-ayoub-hafnaoui\/203592\/"},"wordCount":142,"commentCount":0,"publisher":{"@id":"https:\/\/www.webdo.tn\/fr\/#organization"},"image":{"@id":"https:\/\/www.webdo.tn\/fr\/actualite\/sport\/une-3eme-medaille-d-or-pour-ayoub-hafnaoui\/203592\/#primaryimage"},"thumbnailUrl":"https:\/\/www.webdo.tn\/fr\/wp-content\/uploads\/2023\/03\/ca2e969239d703ed572d1fc89d1e4c55.jpeg","keywords":["ayouf hafanoui","natation","Sport","Tunisie"],"articleSection":["Sport"],"inLanguage":"fr-FR"},{"@type":"WebPage","@id":"https:\/\/www.webdo.tn\/fr\/actualite\/sport\/une-3eme-medaille-d-or-pour-ayoub-hafnaoui\/203592\/","url":"https:\/\/www.webdo.tn\/fr\/actualite\/sport\/une-3eme-medaille-d-or-pour-ayoub-hafnaoui\/203592\/","name":"Une 3\u00e8me m\u00e9daille d'or pour Ayoub Hafnaoui","isPartOf":{"@id":"https:\/\/www.webdo.tn\/fr\/#website"},"primaryImageOfPage":{"@id":"https:\/\/www.webdo.tn\/fr\/actualite\/sport\/une-3eme-medaille-d-or-pour-ayoub-hafnaoui\/203592\/#primaryimage"},"image":{"@id":"https:\/\/www.webdo.tn\/fr\/actualite\/sport\/une-3eme-medaille-d-or-pour-ayoub-hafnaoui\/203592\/#primaryimage"},"thumbnailUrl":"https:\/\/www.webdo.tn\/fr\/wp-content\/uploads\/2023\/03\/ca2e969239d703ed572d1fc89d1e4c55.jpeg","datePublished":"2023-03-05T10:27:00+00:00","description":"Le champion olympique Ayoub Hafnaoui a remport\u00e9 sa troisi\u00e8me m\u00e9daille d'or lors du meeting ProTyr de Fort Lauderdale, aux Etats-Unis en remportant le 800 m\u00e8tre...","breadcrumb":{"@id":"https:\/\/www.webdo.tn\/fr\/actualite\/sport\/une-3eme-medaille-d-or-pour-ayoub-hafnaoui\/203592\/#breadcrumb"},"inLanguage":"fr-FR","potentialAction":[{"@type":"ReadAction","target":["https:\/\/www.webdo.tn\/fr\/actualite\/sport\/une-3eme-medaille-d-or-pour-ayoub-hafnaoui\/203592\/"]}]},{"@type":"ImageObject","inLanguage":"fr-FR","@id":"https:\/\/www.webdo.tn\/fr\/actualite\/sport\/une-3eme-medaille-d-or-pour-ayoub-hafnaoui\/203592\/#primaryimage","url":"https:\/\/www.webdo.tn\/fr\/wp-content\/uploads\/2023\/03\/ca2e969239d703ed572d1fc89d1e4c55.jpeg","contentUrl":"https:\/\/www.webdo.tn\/fr\/wp-content\/uploads\/2023\/03\/ca2e969239d703ed572d1fc89d1e4c55.jpeg","width":680,"height":363,"caption":"Une 3\u00e8me m\u00e9daille d'or pour Ayoub Hafnaoui"},{"@type":"BreadcrumbList","@id":"https:\/\/www.webdo.tn\/fr\/actualite\/sport\/une-3eme-medaille-d-or-pour-ayoub-hafnaoui\/203592\/#breadcrumb","itemListElement":[{"@type":"ListItem","position":1,"name":"Accueil","item":"https:\/\/www.webdo.tn\/fr\/"},{"@type":"ListItem","position":2,"name":"Une 3\u00e8me m\u00e9daille d&rsquo;or pour Ayoub Hafnaoui"}]},{"@type":"WebSite","@id":"https:\/\/www.webdo.tn\/fr\/#website","url":"https:\/\/www.webdo.tn\/fr\/","name":"webdo","description":"Tunisie - News en Tunisie et \u00e0 l&#039;international sur Webdo.tn","publisher":{"@id":"https:\/\/www.webdo.tn\/fr\/#organization"},"potentialAction":[{"@type":"SearchAction","target":{"@type":"EntryPoint","urlTemplate":"https:\/\/www.webdo.tn\/fr\/?s={search_term_string}"},"query-input":{"@type":"PropertyValueSpecification","valueRequired":true,"valueName":"search_term_string"}}],"inLanguage":"fr-FR"},{"@type":"Organization","@id":"https:\/\/www.webdo.tn\/fr\/#organization","name":"Webdo","alternateName":"Webdo.tn","url":"https:\/\/www.webdo.tn\/fr\/","logo":{"@type":"ImageObject","inLanguage":"fr-FR","@id":"https:\/\/www.webdo.tn\/fr\/#\/schema\/logo\/image\/","url":"https:\/\/www.webdo.tn\/fr\/wp-content\/uploads\/2025\/06\/Webdo-Tunisie_168377.jpg","contentUrl":"https:\/\/www.webdo.tn\/fr\/wp-content\/uploads\/2025\/06\/Webdo-Tunisie_168377.jpg","width":301,"height":301,"caption":"Webdo"},"image":{"@id":"https:\/\/www.webdo.tn\/fr\/#\/schema\/logo\/image\/"},"sameAs":["https:\/\/www.facebook.com\/webdotn","https:\/\/x.com\/webdo_tn"],"description":"Webdo est un m\u00e9dia num\u00e9rique tunisien fond\u00e9 en 2010, sp\u00e9cialis\u00e9 dans l\u2019actualit\u00e9 nationale et internationale, l\u2019\u00e9conomie, la soci\u00e9t\u00e9 et les analyses politiques. Le site s\u2019adresse \u00e0 un large public francophone et couvre l\u2019information tunisienne en temps r\u00e9el.","email":"redac@webdo.tn","legalName":"YNJ SARL","foundingDate":"2010-09-06","numberOfEmployees":{"@type":"QuantitativeValue","minValue":"11","maxValue":"50"}},{"@type":"Person","@id":"https:\/\/www.webdo.tn\/fr\/#\/schema\/person\/1f4e491e0907b413d61089e8eb573acc","name":"Webdo","image":{"@type":"ImageObject","inLanguage":"fr-FR","@id":"https:\/\/secure.gravatar.com\/avatar\/de97aeec1bb80978a9dbb127e47dfc88aaacb2f3c29aac907d8d3222e3495d49?s=96&d=mm&r=g","url":"https:\/\/secure.gravatar.com\/avatar\/de97aeec1bb80978a9dbb127e47dfc88aaacb2f3c29aac907d8d3222e3495d49?s=96&d=mm&r=g","contentUrl":"https:\/\/secure.gravatar.com\/avatar\/de97aeec1bb80978a9dbb127e47dfc88aaacb2f3c29aac907d8d3222e3495d49?s=96&d=mm&r=g","caption":"Webdo"},"url":"https:\/\/www.webdo.tn\/fr\/actualite\/author\/webdo\/"}]}},"_links":{"self":[{"href":"https:\/\/www.webdo.tn\/fr\/wp-json\/wp\/v2\/posts\/203592","targetHints":{"allow":["GET"]}}],"collection":[{"href":"https:\/\/www.webdo.tn\/fr\/wp-json\/wp\/v2\/posts"}],"about":[{"href":"https:\/\/www.webdo.tn\/fr\/wp-json\/wp\/v2\/types\/post"}],"author":[{"embeddable":true,"href":"https:\/\/www.webdo.tn\/fr\/wp-json\/wp\/v2\/users\/3169"}],"replies":[{"embeddable":true,"href":"https:\/\/www.webdo.tn\/fr\/wp-json\/wp\/v2\/comments?post=203592"}],"version-history":[{"count":0,"href":"https:\/\/www.webdo.tn\/fr\/wp-json\/wp\/v2\/posts\/203592\/revisions"}],"wp:featuredmedia":[{"embeddable":true,"href":"https:\/\/www.webdo.tn\/fr\/wp-json\/wp\/v2\/media\/251825"}],"wp:attachment":[{"href":"https:\/\/www.webdo.tn\/fr\/wp-json\/wp\/v2\/media?parent=203592"}],"wp:term":[{"taxonomy":"category","embeddable":true,"href":"https:\/\/www.webdo.tn\/fr\/wp-json\/wp\/v2\/categories?post=203592"},{"taxonomy":"post_tag","embeddable":true,"href":"https:\/\/www.webdo.tn\/fr\/wp-json\/wp\/v2\/tags?post=203592"}],"curies":[{"name":"wp","href":"https:\/\/api.w.org\/{rel}","templated":true}]}}