{"id":203588,"date":"2023-03-04T12:47:00","date_gmt":"2023-03-04T12:47:00","guid":{"rendered":"https:\/\/www.webdo.tn\/fr\/blog\/sami-tahri-les-mouvements-de-protestation-vont-se-poursuivre\/203588\/"},"modified":"2025-05-20T22:01:56","modified_gmt":"2025-05-20T22:01:56","slug":"sami-tahri-les-mouvements-de-protestation-vont-se-poursuivre","status":"publish","type":"post","link":"https:\/\/www.webdo.tn\/fr\/actualite\/national\/sami-tahri-les-mouvements-de-protestation-vont-se-poursuivre\/203588\/","title":{"rendered":"Sami Tahri : \u00ab\u00a0Les mouvements de protestation vont se poursuivre\u00a0\u00bb"},"content":{"rendered":"<p>En marge de la marche de protestation organis\u00e9e ce samedi 4 mars par l&rsquo;Union g\u00e9n\u00e9rale tunisienne du travail (UGTT) \u00e0 Tunis, le secr\u00e9taire g\u00e9n\u00e9ral adjoint de la centrale syndicale, Sami Tahri a fait savoir que les mouvements de protestation allaient se poursuivre.<\/p>\n<p>\t\t\t\t\t\t\t\t\t\u00ab\u00a0Les mouvements de protestation observ\u00e9s \u00e0 travers le pays visent \u00e0 d\u00e9noncer la d\u00e9t\u00e9rioration de la situation sociale et \u00e0 condamner la campagne de d\u00e9nigrement qui cible l\u2019organisation syndicale en raison de son rejet des politiques du gouvernement qui n\u2019aboutiront qu\u2019\u00e0 l\u2019appauvrissement du peuple en l\u2019accablant par les imp\u00f4ts\u00a0\u00bb, a soulign\u00e9 Sami Tahri dans une d\u00e9claration aux m\u00e9dias en marge du rassemblement ouvrier.<\/p>\n<p>Il a soulign\u00e9 que \u00ab\u00a0les mouvements de protestation allaient se poursuivre et une commission administrative se tiendra d\u2019urgence suite \u00e0 l\u2019interdiction d\u2019entr\u00e9e en Tunisie \u00e0 des invit\u00e9s venus manifester leur soutien et leur solidarit\u00e9 avec l\u2019UGTT\u00a0\u00bb.<\/p>\n<p>A ce titre, l\u2019UGTT a d\u00e9cid\u00e9, de tenir une commission administrative en urgence \u00e0 Kerkennah, mais dont la date n&rsquo;a pas encore \u00e9t\u00e9 fix\u00e9e. Le bureau ex\u00e9cutif se r\u00e9unira auparavant mardi 7 mars 2023, pour examiner la situation g\u00e9n\u00e9rale du pays.<\/p>\n<p>La Commission administrative doit se r\u00e9unir suite \u00e0 l&rsquo;interdiction faite \u00e0 un responsable syndical espagnol d\u2019entrer en Tunisie.<\/p>\n<p>Le responsable de la coop\u00e9ration avec l&rsquo;Afrique et l&rsquo;Asie au sein de l&rsquo;Union g\u00e9n\u00e9rale des travailleurs d&rsquo;Espagne (CEC UGT Spain), Marco Perez Molena, a \u00e9t\u00e9 interdit d&rsquo;acc\u00e9der au territoire tunisien, d\u00e8s son arriv\u00e9e \u00e0 l&rsquo;a\u00e9roport Tunis-Carthage, jeudi. Il devait participer au rassemblement ouvrier d\u2019aujourd\u2019hui.<\/p>\n<p>Les autorit\u00e9s tunisiennes avaient \u00e9galement inform\u00e9 l&rsquo;UGTT qu&rsquo;il a \u00e9t\u00e9 d\u00e9cid\u00e9 d&rsquo;interdire l&rsquo;arriv\u00e9e d&rsquo;une d\u00e9l\u00e9gation de la conf\u00e9d\u00e9ration syndicale internationale. La Centrale syndicale avait d\u00e9nonc\u00e9 cette interdiction, estimant qu\u2019elle est injustifi\u00e9e et repr\u00e9sente une attaque visant l\u2019UGTT et l\u2019action syndicale.<\/p>\n<p>Sami Tahri a estim\u00e9 que \u00ab\u00a0ces d\u00e9cisions auront de graves r\u00e9percussions tout comme la position envers les Subsahariens qui a incit\u00e9 certaines parties \u00e0 boycotter la Tunisie\u00a0\u00bb, appelant le gouvernement \u00e0 revoir ses politiques.<\/p>\n","protected":false},"excerpt":{"rendered":"<p>Le secr\u00e9taire g\u00e9n\u00e9ral adjoint de l&rsquo;UGTT, Sami Tahri a fait savoir que les mouvements de protestation allaient se poursuivre.<\/p>\n","protected":false},"author":3162,"featured_media":251824,"comment_status":"open","ping_status":"closed","sticky":false,"template":"","format":"standard","meta":{"footnotes":""},"categories":[44],"tags":[3240,2649],"class_list":["post-203588","post","type-post","status-publish","format-standard","has-post-thumbnail","hentry","category-national","tag-protestations","tag-ugtt"],"yoast_head":"<!-- This site is optimized with the Yoast SEO Premium plugin v27.5 (Yoast SEO v27.5) - https:\/\/yoast.com\/product\/yoast-seo-premium-wordpress\/ -->\n<title>Sami Tahri : Les mouvements de protestation vont se poursuivre<\/title>\n<meta name=\"description\" content=\"Le secr\u00e9taire g\u00e9n\u00e9ral adjoint de l&#039;UGTT, Sami Tahri a fait savoir que les mouvements de protestation allaient se poursuivre.\" \/>\n<link rel=\"canonical\" href=\"https:\/\/www.webdo.tn\/fr\/actualite\/national\/sami-tahri-les-mouvements-de-protestation-vont-se-poursuivre\/203588\/\" \/>\n<meta property=\"og:locale\" content=\"fr_FR\" \/>\n<meta property=\"og:type\" content=\"article\" \/>\n<meta property=\"og:title\" content=\"Sami Tahri : &quot;Les mouvements de protestation vont se poursuivre&quot;\" \/>\n<meta property=\"og:description\" content=\"Le secr\u00e9taire g\u00e9n\u00e9ral adjoint de l&#039;UGTT, Sami Tahri a fait savoir que les mouvements de protestation allaient se poursuivre.\" \/>\n<meta property=\"og:url\" content=\"https:\/\/www.webdo.tn\/fr\/actualite\/national\/sami-tahri-les-mouvements-de-protestation-vont-se-poursuivre\/203588\/\" \/>\n<meta property=\"og:site_name\" content=\"webdo\" \/>\n<meta property=\"article:publisher\" content=\"https:\/\/www.facebook.com\/webdotn\" \/>\n<meta property=\"article:published_time\" content=\"2023-03-04T12:47:00+00:00\" \/>\n<meta property=\"article:modified_time\" content=\"2025-05-20T22:01:56+00:00\" \/>\n<meta property=\"og:image\" content=\"https:\/\/www.webdo.tn\/fr\/wp-content\/uploads\/2023\/03\/a2b072a1c44497e73146d88994e6199e.jpg\" \/>\n\t<meta property=\"og:image:width\" content=\"687\" \/>\n\t<meta property=\"og:image:height\" content=\"366\" \/>\n\t<meta property=\"og:image:type\" content=\"image\/jpeg\" \/>\n<meta name=\"author\" content=\"MC\" \/>\n<meta name=\"twitter:card\" content=\"summary_large_image\" \/>\n<meta name=\"twitter:creator\" content=\"@webdo_tn\" \/>\n<meta name=\"twitter:site\" content=\"@webdo_tn\" \/>\n<meta name=\"twitter:label1\" content=\"\u00c9crit par\" \/>\n\t<meta name=\"twitter:data1\" content=\"MC\" \/>\n\t<meta name=\"twitter:label2\" content=\"Dur\u00e9e de lecture estim\u00e9e\" \/>\n\t<meta name=\"twitter:data2\" content=\"2 minutes\" \/>\n<script type=\"application\/ld+json\" class=\"yoast-schema-graph\">{\"@context\":\"https:\\\/\\\/schema.org\",\"@graph\":[{\"@type\":\"NewsArticle\",\"@id\":\"https:\\\/\\\/www.webdo.tn\\\/fr\\\/actualite\\\/national\\\/sami-tahri-les-mouvements-de-protestation-vont-se-poursuivre\\\/203588\\\/#article\",\"isPartOf\":{\"@id\":\"https:\\\/\\\/www.webdo.tn\\\/fr\\\/actualite\\\/national\\\/sami-tahri-les-mouvements-de-protestation-vont-se-poursuivre\\\/203588\\\/\"},\"author\":{\"name\":\"MC\",\"@id\":\"https:\\\/\\\/www.webdo.tn\\\/fr\\\/#\\\/schema\\\/person\\\/2c4929cbf5a809e3bd38617c6ce150f6\"},\"headline\":\"Sami Tahri : \u00ab\u00a0Les mouvements de protestation vont se poursuivre\u00a0\u00bb\",\"datePublished\":\"2023-03-04T12:47:00+00:00\",\"dateModified\":\"2025-05-20T22:01:56+00:00\",\"mainEntityOfPage\":{\"@id\":\"https:\\\/\\\/www.webdo.tn\\\/fr\\\/actualite\\\/national\\\/sami-tahri-les-mouvements-de-protestation-vont-se-poursuivre\\\/203588\\\/\"},\"wordCount\":383,\"commentCount\":0,\"publisher\":{\"@id\":\"https:\\\/\\\/www.webdo.tn\\\/fr\\\/#organization\"},\"image\":{\"@id\":\"https:\\\/\\\/www.webdo.tn\\\/fr\\\/actualite\\\/national\\\/sami-tahri-les-mouvements-de-protestation-vont-se-poursuivre\\\/203588\\\/#primaryimage\"},\"thumbnailUrl\":\"https:\\\/\\\/www.webdo.tn\\\/fr\\\/wp-content\\\/uploads\\\/2023\\\/03\\\/a2b072a1c44497e73146d88994e6199e.jpg\",\"keywords\":[\"protestations\",\"UGTT\"],\"articleSection\":[\"National\"],\"inLanguage\":\"fr-FR\"},{\"@type\":\"WebPage\",\"@id\":\"https:\\\/\\\/www.webdo.tn\\\/fr\\\/actualite\\\/national\\\/sami-tahri-les-mouvements-de-protestation-vont-se-poursuivre\\\/203588\\\/\",\"url\":\"https:\\\/\\\/www.webdo.tn\\\/fr\\\/actualite\\\/national\\\/sami-tahri-les-mouvements-de-protestation-vont-se-poursuivre\\\/203588\\\/\",\"name\":\"Sami Tahri : Les mouvements de protestation vont se poursuivre\",\"isPartOf\":{\"@id\":\"https:\\\/\\\/www.webdo.tn\\\/fr\\\/#website\"},\"primaryImageOfPage\":{\"@id\":\"https:\\\/\\\/www.webdo.tn\\\/fr\\\/actualite\\\/national\\\/sami-tahri-les-mouvements-de-protestation-vont-se-poursuivre\\\/203588\\\/#primaryimage\"},\"image\":{\"@id\":\"https:\\\/\\\/www.webdo.tn\\\/fr\\\/actualite\\\/national\\\/sami-tahri-les-mouvements-de-protestation-vont-se-poursuivre\\\/203588\\\/#primaryimage\"},\"thumbnailUrl\":\"https:\\\/\\\/www.webdo.tn\\\/fr\\\/wp-content\\\/uploads\\\/2023\\\/03\\\/a2b072a1c44497e73146d88994e6199e.jpg\",\"datePublished\":\"2023-03-04T12:47:00+00:00\",\"dateModified\":\"2025-05-20T22:01:56+00:00\",\"description\":\"Le secr\u00e9taire g\u00e9n\u00e9ral adjoint de l'UGTT, Sami Tahri a fait savoir que les mouvements de protestation allaient se poursuivre.\",\"breadcrumb\":{\"@id\":\"https:\\\/\\\/www.webdo.tn\\\/fr\\\/actualite\\\/national\\\/sami-tahri-les-mouvements-de-protestation-vont-se-poursuivre\\\/203588\\\/#breadcrumb\"},\"inLanguage\":\"fr-FR\",\"potentialAction\":[{\"@type\":\"ReadAction\",\"target\":[\"https:\\\/\\\/www.webdo.tn\\\/fr\\\/actualite\\\/national\\\/sami-tahri-les-mouvements-de-protestation-vont-se-poursuivre\\\/203588\\\/\"]}]},{\"@type\":\"ImageObject\",\"inLanguage\":\"fr-FR\",\"@id\":\"https:\\\/\\\/www.webdo.tn\\\/fr\\\/actualite\\\/national\\\/sami-tahri-les-mouvements-de-protestation-vont-se-poursuivre\\\/203588\\\/#primaryimage\",\"url\":\"https:\\\/\\\/www.webdo.tn\\\/fr\\\/wp-content\\\/uploads\\\/2023\\\/03\\\/a2b072a1c44497e73146d88994e6199e.jpg\",\"contentUrl\":\"https:\\\/\\\/www.webdo.tn\\\/fr\\\/wp-content\\\/uploads\\\/2023\\\/03\\\/a2b072a1c44497e73146d88994e6199e.jpg\",\"width\":687,\"height\":366,\"caption\":\"Sami Tahri : \\\"Les mouvements de protestation vont se poursuivre\\\"\"},{\"@type\":\"BreadcrumbList\",\"@id\":\"https:\\\/\\\/www.webdo.tn\\\/fr\\\/actualite\\\/national\\\/sami-tahri-les-mouvements-de-protestation-vont-se-poursuivre\\\/203588\\\/#breadcrumb\",\"itemListElement\":[{\"@type\":\"ListItem\",\"position\":1,\"name\":\"Accueil\",\"item\":\"https:\\\/\\\/www.webdo.tn\\\/fr\\\/\"},{\"@type\":\"ListItem\",\"position\":2,\"name\":\"Sami Tahri : &#8220;Les mouvements de protestation vont se poursuivre&#8221;\"}]},{\"@type\":\"WebSite\",\"@id\":\"https:\\\/\\\/www.webdo.tn\\\/fr\\\/#website\",\"url\":\"https:\\\/\\\/www.webdo.tn\\\/fr\\\/\",\"name\":\"webdo\",\"description\":\"Tunisie - News en Tunisie et \u00e0 l&#039;international sur Webdo.tn\",\"publisher\":{\"@id\":\"https:\\\/\\\/www.webdo.tn\\\/fr\\\/#organization\"},\"potentialAction\":[{\"@type\":\"SearchAction\",\"target\":{\"@type\":\"EntryPoint\",\"urlTemplate\":\"https:\\\/\\\/www.webdo.tn\\\/fr\\\/?s={search_term_string}\"},\"query-input\":{\"@type\":\"PropertyValueSpecification\",\"valueRequired\":true,\"valueName\":\"search_term_string\"}}],\"inLanguage\":\"fr-FR\"},{\"@type\":\"Organization\",\"@id\":\"https:\\\/\\\/www.webdo.tn\\\/fr\\\/#organization\",\"name\":\"Webdo\",\"alternateName\":\"Webdo.tn\",\"url\":\"https:\\\/\\\/www.webdo.tn\\\/fr\\\/\",\"logo\":{\"@type\":\"ImageObject\",\"inLanguage\":\"fr-FR\",\"@id\":\"https:\\\/\\\/www.webdo.tn\\\/fr\\\/#\\\/schema\\\/logo\\\/image\\\/\",\"url\":\"https:\\\/\\\/www.webdo.tn\\\/fr\\\/wp-content\\\/uploads\\\/2025\\\/06\\\/Webdo-Tunisie_168377.jpg\",\"contentUrl\":\"https:\\\/\\\/www.webdo.tn\\\/fr\\\/wp-content\\\/uploads\\\/2025\\\/06\\\/Webdo-Tunisie_168377.jpg\",\"width\":301,\"height\":301,\"caption\":\"Webdo\"},\"image\":{\"@id\":\"https:\\\/\\\/www.webdo.tn\\\/fr\\\/#\\\/schema\\\/logo\\\/image\\\/\"},\"sameAs\":[\"https:\\\/\\\/www.facebook.com\\\/webdotn\",\"https:\\\/\\\/x.com\\\/webdo_tn\"],\"description\":\"Webdo est un m\u00e9dia num\u00e9rique tunisien fond\u00e9 en 2010, sp\u00e9cialis\u00e9 dans l\u2019actualit\u00e9 nationale et internationale, l\u2019\u00e9conomie, la soci\u00e9t\u00e9 et les analyses politiques. Le site s\u2019adresse \u00e0 un large public francophone et couvre l\u2019information tunisienne en temps r\u00e9el.\",\"email\":\"redac@webdo.tn\",\"legalName\":\"YNJ SARL\",\"foundingDate\":\"2010-09-06\",\"numberOfEmployees\":{\"@type\":\"QuantitativeValue\",\"minValue\":\"11\",\"maxValue\":\"50\"}},{\"@type\":\"Person\",\"@id\":\"https:\\\/\\\/www.webdo.tn\\\/fr\\\/#\\\/schema\\\/person\\\/2c4929cbf5a809e3bd38617c6ce150f6\",\"name\":\"MC\",\"image\":{\"@type\":\"ImageObject\",\"inLanguage\":\"fr-FR\",\"@id\":\"https:\\\/\\\/secure.gravatar.com\\\/avatar\\\/a545bbb6f84efdd5553dbbc2895e3ca8f1d12c5215e00a041c9670b54aa9b18a?s=96&d=mm&r=g\",\"url\":\"https:\\\/\\\/secure.gravatar.com\\\/avatar\\\/a545bbb6f84efdd5553dbbc2895e3ca8f1d12c5215e00a041c9670b54aa9b18a?s=96&d=mm&r=g\",\"contentUrl\":\"https:\\\/\\\/secure.gravatar.com\\\/avatar\\\/a545bbb6f84efdd5553dbbc2895e3ca8f1d12c5215e00a041c9670b54aa9b18a?s=96&d=mm&r=g\",\"caption\":\"MC\"},\"url\":\"https:\\\/\\\/www.webdo.tn\\\/fr\\\/actualite\\\/author\\\/mc\\\/\"}]}<\/script>\n<!-- \/ Yoast SEO Premium plugin. -->","yoast_head_json":{"title":"Sami Tahri : Les mouvements de protestation vont se poursuivre","description":"Le secr\u00e9taire g\u00e9n\u00e9ral adjoint de l'UGTT, Sami Tahri a fait savoir que les mouvements de protestation allaient se poursuivre.","canonical":"https:\/\/www.webdo.tn\/fr\/actualite\/national\/sami-tahri-les-mouvements-de-protestation-vont-se-poursuivre\/203588\/","og_locale":"fr_FR","og_type":"article","og_title":"Sami Tahri : \"Les mouvements de protestation vont se poursuivre\"","og_description":"Le secr\u00e9taire g\u00e9n\u00e9ral adjoint de l'UGTT, Sami Tahri a fait savoir que les mouvements de protestation allaient se poursuivre.","og_url":"https:\/\/www.webdo.tn\/fr\/actualite\/national\/sami-tahri-les-mouvements-de-protestation-vont-se-poursuivre\/203588\/","og_site_name":"webdo","article_publisher":"https:\/\/www.facebook.com\/webdotn","article_published_time":"2023-03-04T12:47:00+00:00","article_modified_time":"2025-05-20T22:01:56+00:00","og_image":[{"width":687,"height":366,"url":"https:\/\/www.webdo.tn\/fr\/wp-content\/uploads\/2023\/03\/a2b072a1c44497e73146d88994e6199e.jpg","type":"image\/jpeg"}],"author":"MC","twitter_card":"summary_large_image","twitter_creator":"@webdo_tn","twitter_site":"@webdo_tn","twitter_misc":{"\u00c9crit par":"MC","Dur\u00e9e de lecture estim\u00e9e":"2 minutes"},"schema":{"@context":"https:\/\/schema.org","@graph":[{"@type":"NewsArticle","@id":"https:\/\/www.webdo.tn\/fr\/actualite\/national\/sami-tahri-les-mouvements-de-protestation-vont-se-poursuivre\/203588\/#article","isPartOf":{"@id":"https:\/\/www.webdo.tn\/fr\/actualite\/national\/sami-tahri-les-mouvements-de-protestation-vont-se-poursuivre\/203588\/"},"author":{"name":"MC","@id":"https:\/\/www.webdo.tn\/fr\/#\/schema\/person\/2c4929cbf5a809e3bd38617c6ce150f6"},"headline":"Sami Tahri : \u00ab\u00a0Les mouvements de protestation vont se poursuivre\u00a0\u00bb","datePublished":"2023-03-04T12:47:00+00:00","dateModified":"2025-05-20T22:01:56+00:00","mainEntityOfPage":{"@id":"https:\/\/www.webdo.tn\/fr\/actualite\/national\/sami-tahri-les-mouvements-de-protestation-vont-se-poursuivre\/203588\/"},"wordCount":383,"commentCount":0,"publisher":{"@id":"https:\/\/www.webdo.tn\/fr\/#organization"},"image":{"@id":"https:\/\/www.webdo.tn\/fr\/actualite\/national\/sami-tahri-les-mouvements-de-protestation-vont-se-poursuivre\/203588\/#primaryimage"},"thumbnailUrl":"https:\/\/www.webdo.tn\/fr\/wp-content\/uploads\/2023\/03\/a2b072a1c44497e73146d88994e6199e.jpg","keywords":["protestations","UGTT"],"articleSection":["National"],"inLanguage":"fr-FR"},{"@type":"WebPage","@id":"https:\/\/www.webdo.tn\/fr\/actualite\/national\/sami-tahri-les-mouvements-de-protestation-vont-se-poursuivre\/203588\/","url":"https:\/\/www.webdo.tn\/fr\/actualite\/national\/sami-tahri-les-mouvements-de-protestation-vont-se-poursuivre\/203588\/","name":"Sami Tahri : Les mouvements de protestation vont se poursuivre","isPartOf":{"@id":"https:\/\/www.webdo.tn\/fr\/#website"},"primaryImageOfPage":{"@id":"https:\/\/www.webdo.tn\/fr\/actualite\/national\/sami-tahri-les-mouvements-de-protestation-vont-se-poursuivre\/203588\/#primaryimage"},"image":{"@id":"https:\/\/www.webdo.tn\/fr\/actualite\/national\/sami-tahri-les-mouvements-de-protestation-vont-se-poursuivre\/203588\/#primaryimage"},"thumbnailUrl":"https:\/\/www.webdo.tn\/fr\/wp-content\/uploads\/2023\/03\/a2b072a1c44497e73146d88994e6199e.jpg","datePublished":"2023-03-04T12:47:00+00:00","dateModified":"2025-05-20T22:01:56+00:00","description":"Le secr\u00e9taire g\u00e9n\u00e9ral adjoint de l'UGTT, Sami Tahri a fait savoir que les mouvements de protestation allaient se poursuivre.","breadcrumb":{"@id":"https:\/\/www.webdo.tn\/fr\/actualite\/national\/sami-tahri-les-mouvements-de-protestation-vont-se-poursuivre\/203588\/#breadcrumb"},"inLanguage":"fr-FR","potentialAction":[{"@type":"ReadAction","target":["https:\/\/www.webdo.tn\/fr\/actualite\/national\/sami-tahri-les-mouvements-de-protestation-vont-se-poursuivre\/203588\/"]}]},{"@type":"ImageObject","inLanguage":"fr-FR","@id":"https:\/\/www.webdo.tn\/fr\/actualite\/national\/sami-tahri-les-mouvements-de-protestation-vont-se-poursuivre\/203588\/#primaryimage","url":"https:\/\/www.webdo.tn\/fr\/wp-content\/uploads\/2023\/03\/a2b072a1c44497e73146d88994e6199e.jpg","contentUrl":"https:\/\/www.webdo.tn\/fr\/wp-content\/uploads\/2023\/03\/a2b072a1c44497e73146d88994e6199e.jpg","width":687,"height":366,"caption":"Sami Tahri : \"Les mouvements de protestation vont se poursuivre\""},{"@type":"BreadcrumbList","@id":"https:\/\/www.webdo.tn\/fr\/actualite\/national\/sami-tahri-les-mouvements-de-protestation-vont-se-poursuivre\/203588\/#breadcrumb","itemListElement":[{"@type":"ListItem","position":1,"name":"Accueil","item":"https:\/\/www.webdo.tn\/fr\/"},{"@type":"ListItem","position":2,"name":"Sami Tahri : &#8220;Les mouvements de protestation vont se poursuivre&#8221;"}]},{"@type":"WebSite","@id":"https:\/\/www.webdo.tn\/fr\/#website","url":"https:\/\/www.webdo.tn\/fr\/","name":"webdo","description":"Tunisie - News en Tunisie et \u00e0 l&#039;international sur Webdo.tn","publisher":{"@id":"https:\/\/www.webdo.tn\/fr\/#organization"},"potentialAction":[{"@type":"SearchAction","target":{"@type":"EntryPoint","urlTemplate":"https:\/\/www.webdo.tn\/fr\/?s={search_term_string}"},"query-input":{"@type":"PropertyValueSpecification","valueRequired":true,"valueName":"search_term_string"}}],"inLanguage":"fr-FR"},{"@type":"Organization","@id":"https:\/\/www.webdo.tn\/fr\/#organization","name":"Webdo","alternateName":"Webdo.tn","url":"https:\/\/www.webdo.tn\/fr\/","logo":{"@type":"ImageObject","inLanguage":"fr-FR","@id":"https:\/\/www.webdo.tn\/fr\/#\/schema\/logo\/image\/","url":"https:\/\/www.webdo.tn\/fr\/wp-content\/uploads\/2025\/06\/Webdo-Tunisie_168377.jpg","contentUrl":"https:\/\/www.webdo.tn\/fr\/wp-content\/uploads\/2025\/06\/Webdo-Tunisie_168377.jpg","width":301,"height":301,"caption":"Webdo"},"image":{"@id":"https:\/\/www.webdo.tn\/fr\/#\/schema\/logo\/image\/"},"sameAs":["https:\/\/www.facebook.com\/webdotn","https:\/\/x.com\/webdo_tn"],"description":"Webdo est un m\u00e9dia num\u00e9rique tunisien fond\u00e9 en 2010, sp\u00e9cialis\u00e9 dans l\u2019actualit\u00e9 nationale et internationale, l\u2019\u00e9conomie, la soci\u00e9t\u00e9 et les analyses politiques. Le site s\u2019adresse \u00e0 un large public francophone et couvre l\u2019information tunisienne en temps r\u00e9el.","email":"redac@webdo.tn","legalName":"YNJ SARL","foundingDate":"2010-09-06","numberOfEmployees":{"@type":"QuantitativeValue","minValue":"11","maxValue":"50"}},{"@type":"Person","@id":"https:\/\/www.webdo.tn\/fr\/#\/schema\/person\/2c4929cbf5a809e3bd38617c6ce150f6","name":"MC","image":{"@type":"ImageObject","inLanguage":"fr-FR","@id":"https:\/\/secure.gravatar.com\/avatar\/a545bbb6f84efdd5553dbbc2895e3ca8f1d12c5215e00a041c9670b54aa9b18a?s=96&d=mm&r=g","url":"https:\/\/secure.gravatar.com\/avatar\/a545bbb6f84efdd5553dbbc2895e3ca8f1d12c5215e00a041c9670b54aa9b18a?s=96&d=mm&r=g","contentUrl":"https:\/\/secure.gravatar.com\/avatar\/a545bbb6f84efdd5553dbbc2895e3ca8f1d12c5215e00a041c9670b54aa9b18a?s=96&d=mm&r=g","caption":"MC"},"url":"https:\/\/www.webdo.tn\/fr\/actualite\/author\/mc\/"}]}},"_links":{"self":[{"href":"https:\/\/www.webdo.tn\/fr\/wp-json\/wp\/v2\/posts\/203588","targetHints":{"allow":["GET"]}}],"collection":[{"href":"https:\/\/www.webdo.tn\/fr\/wp-json\/wp\/v2\/posts"}],"about":[{"href":"https:\/\/www.webdo.tn\/fr\/wp-json\/wp\/v2\/types\/post"}],"author":[{"embeddable":true,"href":"https:\/\/www.webdo.tn\/fr\/wp-json\/wp\/v2\/users\/3162"}],"replies":[{"embeddable":true,"href":"https:\/\/www.webdo.tn\/fr\/wp-json\/wp\/v2\/comments?post=203588"}],"version-history":[{"count":0,"href":"https:\/\/www.webdo.tn\/fr\/wp-json\/wp\/v2\/posts\/203588\/revisions"}],"wp:featuredmedia":[{"embeddable":true,"href":"https:\/\/www.webdo.tn\/fr\/wp-json\/wp\/v2\/media\/251824"}],"wp:attachment":[{"href":"https:\/\/www.webdo.tn\/fr\/wp-json\/wp\/v2\/media?parent=203588"}],"wp:term":[{"taxonomy":"category","embeddable":true,"href":"https:\/\/www.webdo.tn\/fr\/wp-json\/wp\/v2\/categories?post=203588"},{"taxonomy":"post_tag","embeddable":true,"href":"https:\/\/www.webdo.tn\/fr\/wp-json\/wp\/v2\/tags?post=203588"}],"curies":[{"name":"wp","href":"https:\/\/api.w.org\/{rel}","templated":true}]}}