{"id":203584,"date":"2023-03-04T11:40:00","date_gmt":"2023-03-04T11:40:00","guid":{"rendered":"https:\/\/www.webdo.tn\/fr\/blog\/tunisie-pres-de-300-migrants-subsahariens-rapatriees-aujourd-hui-vers-leur-pays\/203584\/"},"modified":"2025-05-20T22:01:55","modified_gmt":"2025-05-20T22:01:55","slug":"tunisie-pres-de-300-migrants-subsahariens-rapatriees-aujourd-hui-vers-leur-pays","status":"publish","type":"post","link":"https:\/\/www.webdo.tn\/fr\/actualite\/national\/tunisie-pres-de-300-migrants-subsahariens-rapatriees-aujourd-hui-vers-leur-pays\/203584\/","title":{"rendered":"Tunisie : Pr\u00e8s de 300 migrants subsahariens rapatri\u00e9es, aujourd\u2019hui vers leur pays"},"content":{"rendered":"<p>Les op\u00e9rations de rapatriement de migrants subsahariens ont d\u00e9marr\u00e9. Aujourd\u2019hui, 145 Ivoiriens et 150 Maliens vont \u00eatre rapatri\u00e9s vers leur pays depuis la Tunisie.<\/p>\n<p>\t\t\t\t\t\t\t\t\tEnviron 300 Ivoiriens et Maliens ont commenc\u00e9 \u00e0 \u00eatre rapatri\u00e9s ce samedi 4 mars depuis la Tunisie. Apr\u00e8s un premier vol ramenant au pays une cinquantaine de Guin\u00e9ens mercredi, la C\u00f4te d\u2019Ivoire et le Mali commencent \u00e0 \u00e9vacuer leurs ressortissants par avion aujourd\u2019hui.<\/p>\n<p>Les 145 Ivoiriens rapatri\u00e9s aujourd\u2019hui font partie des 1100 candidats au retour, un chiffre donn\u00e9 par l\u2019ambassadeur ivoirien \u00e0 Tunis, Ibrahim Sy Savan\u00e9. Il faut savoir que la communaut\u00e9 ivoirienne, la plus importante d\u2019Afrique subsaharienne en Tunisie, compte au moins 7000 personnes.<\/p>\n<p>Le Mali a \u00e9galement affr\u00e9t\u00e9 un avion pour rapatrier 150 personnes sur ordre du chef de la junte Assimi Goita.<\/p>\n<p>Ces op\u00e9rations de rapatriement ont \u00e9t\u00e9 d\u00e9cid\u00e9es en raison de la multiplication d\u2019agressions et de l\u2019hostilit\u00e9 dont sont victimes les Subsahariens apr\u00e8s le discours du pr\u00e9sident Kais Saied contre les migrants subsahariens en situation irr\u00e9guli\u00e8re.<\/p>\n<p>Le 21 f\u00e9vrier, Ka\u00efs Saied a affirm\u00e9 que la pr\u00e9sence en Tunisie d\u2019immigr\u00e9s clandestins provenant d\u2019Afrique subsaharienne \u00e9tait source de \u00ab violence et de crimes \u00bb et relevait d\u2019une \u00ab entreprise criminelle \u00bb visant \u00e0 \u00ab changer la composition d\u00e9mographique \u00bb du pays.<\/p>\n<p>La Tunisie compte officiellement 21.000 ressortissants d\u2019Afrique subsaharienne, la plupart en situation irr\u00e9guli\u00e8re.<\/p>\n","protected":false},"excerpt":{"rendered":"<p>Les op\u00e9rations de rapatriement de migrants subsahariens ont d\u00e9marr\u00e9. Aujourd\u2019hui, 300 Ivoiriens et Maliens vont \u00eatre rapatri\u00e9s vers leur pays depuis la Tunisie.<\/p>\n","protected":false},"author":3162,"featured_media":251823,"comment_status":"open","ping_status":"closed","sticky":false,"template":"","format":"standard","meta":{"footnotes":""},"categories":[44],"tags":[2894,5538,3377,2608],"class_list":["post-203584","post","type-post","status-publish","format-standard","has-post-thumbnail","hentry","category-national","tag-migrants","tag-rapatriement","tag-subsahariens","tag-tunisie"],"yoast_head":"<!-- This site is optimized with the Yoast SEO Premium plugin v27.4 (Yoast SEO v27.4) - https:\/\/yoast.com\/product\/yoast-seo-premium-wordpress\/ -->\n<title>Tunisie : Pr\u00e8s de 300 migrants subsahariens rapatri\u00e9es, aujourd\u2019hui vers leur pays<\/title>\n<meta name=\"description\" content=\"Les op\u00e9rations de rapatriement de migrants subsahariens ont d\u00e9marr\u00e9. Aujourd\u2019hui, 300 Ivoiriens et Maliens vont \u00eatre rapatri\u00e9s vers leur pays depuis la Tunisie.\" \/>\n<link rel=\"canonical\" href=\"https:\/\/www.webdo.tn\/fr\/actualite\/national\/tunisie-pres-de-300-migrants-subsahariens-rapatriees-aujourd-hui-vers-leur-pays\/203584\/\" \/>\n<meta property=\"og:locale\" content=\"fr_FR\" \/>\n<meta property=\"og:type\" content=\"article\" \/>\n<meta property=\"og:title\" content=\"Tunisie : Pr\u00e8s de 300 migrants subsahariens rapatri\u00e9es, aujourd\u2019hui vers leur pays\" \/>\n<meta property=\"og:description\" content=\"Les op\u00e9rations de rapatriement de migrants subsahariens ont d\u00e9marr\u00e9. Aujourd\u2019hui, 300 Ivoiriens et Maliens vont \u00eatre rapatri\u00e9s vers leur pays depuis la Tunisie.\" \/>\n<meta property=\"og:url\" content=\"https:\/\/www.webdo.tn\/fr\/actualite\/national\/tunisie-pres-de-300-migrants-subsahariens-rapatriees-aujourd-hui-vers-leur-pays\/203584\/\" \/>\n<meta property=\"og:site_name\" content=\"webdo\" \/>\n<meta property=\"article:publisher\" content=\"https:\/\/www.facebook.com\/webdotn\" \/>\n<meta property=\"article:published_time\" content=\"2023-03-04T11:40:00+00:00\" \/>\n<meta property=\"article:modified_time\" content=\"2025-05-20T22:01:55+00:00\" \/>\n<meta property=\"og:image\" content=\"https:\/\/www.webdo.tn\/fr\/wp-content\/uploads\/2023\/03\/8ce82c80d42f57b56a8c70302e9fe1d1.jpg\" \/>\n\t<meta property=\"og:image:width\" content=\"750\" \/>\n\t<meta property=\"og:image:height\" content=\"400\" \/>\n\t<meta property=\"og:image:type\" content=\"image\/jpeg\" \/>\n<meta name=\"author\" content=\"MC\" \/>\n<meta name=\"twitter:card\" content=\"summary_large_image\" \/>\n<meta name=\"twitter:creator\" content=\"@webdo_tn\" \/>\n<meta name=\"twitter:site\" content=\"@webdo_tn\" \/>\n<meta name=\"twitter:label1\" content=\"\u00c9crit par\" \/>\n\t<meta name=\"twitter:data1\" content=\"MC\" \/>\n\t<meta name=\"twitter:label2\" content=\"Dur\u00e9e de lecture estim\u00e9e\" \/>\n\t<meta name=\"twitter:data2\" content=\"1 minute\" \/>\n<script type=\"application\/ld+json\" class=\"yoast-schema-graph\">{\"@context\":\"https:\\\/\\\/schema.org\",\"@graph\":[{\"@type\":\"NewsArticle\",\"@id\":\"https:\\\/\\\/www.webdo.tn\\\/fr\\\/actualite\\\/national\\\/tunisie-pres-de-300-migrants-subsahariens-rapatriees-aujourd-hui-vers-leur-pays\\\/203584\\\/#article\",\"isPartOf\":{\"@id\":\"https:\\\/\\\/www.webdo.tn\\\/fr\\\/actualite\\\/national\\\/tunisie-pres-de-300-migrants-subsahariens-rapatriees-aujourd-hui-vers-leur-pays\\\/203584\\\/\"},\"author\":{\"name\":\"MC\",\"@id\":\"https:\\\/\\\/www.webdo.tn\\\/fr\\\/#\\\/schema\\\/person\\\/2c4929cbf5a809e3bd38617c6ce150f6\"},\"headline\":\"Tunisie : Pr\u00e8s de 300 migrants subsahariens rapatri\u00e9es, aujourd\u2019hui vers leur pays\",\"datePublished\":\"2023-03-04T11:40:00+00:00\",\"dateModified\":\"2025-05-20T22:01:55+00:00\",\"mainEntityOfPage\":{\"@id\":\"https:\\\/\\\/www.webdo.tn\\\/fr\\\/actualite\\\/national\\\/tunisie-pres-de-300-migrants-subsahariens-rapatriees-aujourd-hui-vers-leur-pays\\\/203584\\\/\"},\"wordCount\":248,\"commentCount\":0,\"publisher\":{\"@id\":\"https:\\\/\\\/www.webdo.tn\\\/fr\\\/#organization\"},\"image\":{\"@id\":\"https:\\\/\\\/www.webdo.tn\\\/fr\\\/actualite\\\/national\\\/tunisie-pres-de-300-migrants-subsahariens-rapatriees-aujourd-hui-vers-leur-pays\\\/203584\\\/#primaryimage\"},\"thumbnailUrl\":\"https:\\\/\\\/www.webdo.tn\\\/fr\\\/wp-content\\\/uploads\\\/2023\\\/03\\\/8ce82c80d42f57b56a8c70302e9fe1d1.jpg\",\"keywords\":[\"migrants\",\"rapatriement\",\"Subsahariens\",\"Tunisie\"],\"articleSection\":[\"National\"],\"inLanguage\":\"fr-FR\"},{\"@type\":\"WebPage\",\"@id\":\"https:\\\/\\\/www.webdo.tn\\\/fr\\\/actualite\\\/national\\\/tunisie-pres-de-300-migrants-subsahariens-rapatriees-aujourd-hui-vers-leur-pays\\\/203584\\\/\",\"url\":\"https:\\\/\\\/www.webdo.tn\\\/fr\\\/actualite\\\/national\\\/tunisie-pres-de-300-migrants-subsahariens-rapatriees-aujourd-hui-vers-leur-pays\\\/203584\\\/\",\"name\":\"Tunisie : Pr\u00e8s de 300 migrants subsahariens rapatri\u00e9es, aujourd\u2019hui vers leur pays\",\"isPartOf\":{\"@id\":\"https:\\\/\\\/www.webdo.tn\\\/fr\\\/#website\"},\"primaryImageOfPage\":{\"@id\":\"https:\\\/\\\/www.webdo.tn\\\/fr\\\/actualite\\\/national\\\/tunisie-pres-de-300-migrants-subsahariens-rapatriees-aujourd-hui-vers-leur-pays\\\/203584\\\/#primaryimage\"},\"image\":{\"@id\":\"https:\\\/\\\/www.webdo.tn\\\/fr\\\/actualite\\\/national\\\/tunisie-pres-de-300-migrants-subsahariens-rapatriees-aujourd-hui-vers-leur-pays\\\/203584\\\/#primaryimage\"},\"thumbnailUrl\":\"https:\\\/\\\/www.webdo.tn\\\/fr\\\/wp-content\\\/uploads\\\/2023\\\/03\\\/8ce82c80d42f57b56a8c70302e9fe1d1.jpg\",\"datePublished\":\"2023-03-04T11:40:00+00:00\",\"dateModified\":\"2025-05-20T22:01:55+00:00\",\"description\":\"Les op\u00e9rations de rapatriement de migrants subsahariens ont d\u00e9marr\u00e9. Aujourd\u2019hui, 300 Ivoiriens et Maliens vont \u00eatre rapatri\u00e9s vers leur pays depuis la Tunisie.\",\"breadcrumb\":{\"@id\":\"https:\\\/\\\/www.webdo.tn\\\/fr\\\/actualite\\\/national\\\/tunisie-pres-de-300-migrants-subsahariens-rapatriees-aujourd-hui-vers-leur-pays\\\/203584\\\/#breadcrumb\"},\"inLanguage\":\"fr-FR\",\"potentialAction\":[{\"@type\":\"ReadAction\",\"target\":[\"https:\\\/\\\/www.webdo.tn\\\/fr\\\/actualite\\\/national\\\/tunisie-pres-de-300-migrants-subsahariens-rapatriees-aujourd-hui-vers-leur-pays\\\/203584\\\/\"]}]},{\"@type\":\"ImageObject\",\"inLanguage\":\"fr-FR\",\"@id\":\"https:\\\/\\\/www.webdo.tn\\\/fr\\\/actualite\\\/national\\\/tunisie-pres-de-300-migrants-subsahariens-rapatriees-aujourd-hui-vers-leur-pays\\\/203584\\\/#primaryimage\",\"url\":\"https:\\\/\\\/www.webdo.tn\\\/fr\\\/wp-content\\\/uploads\\\/2023\\\/03\\\/8ce82c80d42f57b56a8c70302e9fe1d1.jpg\",\"contentUrl\":\"https:\\\/\\\/www.webdo.tn\\\/fr\\\/wp-content\\\/uploads\\\/2023\\\/03\\\/8ce82c80d42f57b56a8c70302e9fe1d1.jpg\",\"width\":750,\"height\":400,\"caption\":\"Tunisie : Pr\u00e8s de 300 migrants subsahariens rapatri\u00e9es, aujourd\u2019hui vers leur pays\"},{\"@type\":\"BreadcrumbList\",\"@id\":\"https:\\\/\\\/www.webdo.tn\\\/fr\\\/actualite\\\/national\\\/tunisie-pres-de-300-migrants-subsahariens-rapatriees-aujourd-hui-vers-leur-pays\\\/203584\\\/#breadcrumb\",\"itemListElement\":[{\"@type\":\"ListItem\",\"position\":1,\"name\":\"Accueil\",\"item\":\"https:\\\/\\\/www.webdo.tn\\\/fr\\\/\"},{\"@type\":\"ListItem\",\"position\":2,\"name\":\"Tunisie : Pr\u00e8s de 300 migrants subsahariens rapatri\u00e9es, aujourd\u2019hui vers leur pays\"}]},{\"@type\":\"WebSite\",\"@id\":\"https:\\\/\\\/www.webdo.tn\\\/fr\\\/#website\",\"url\":\"https:\\\/\\\/www.webdo.tn\\\/fr\\\/\",\"name\":\"webdo\",\"description\":\"Tunisie - News en Tunisie et \u00e0 l&#039;international sur Webdo.tn\",\"publisher\":{\"@id\":\"https:\\\/\\\/www.webdo.tn\\\/fr\\\/#organization\"},\"potentialAction\":[{\"@type\":\"SearchAction\",\"target\":{\"@type\":\"EntryPoint\",\"urlTemplate\":\"https:\\\/\\\/www.webdo.tn\\\/fr\\\/?s={search_term_string}\"},\"query-input\":{\"@type\":\"PropertyValueSpecification\",\"valueRequired\":true,\"valueName\":\"search_term_string\"}}],\"inLanguage\":\"fr-FR\"},{\"@type\":\"Organization\",\"@id\":\"https:\\\/\\\/www.webdo.tn\\\/fr\\\/#organization\",\"name\":\"Webdo\",\"alternateName\":\"Webdo.tn\",\"url\":\"https:\\\/\\\/www.webdo.tn\\\/fr\\\/\",\"logo\":{\"@type\":\"ImageObject\",\"inLanguage\":\"fr-FR\",\"@id\":\"https:\\\/\\\/www.webdo.tn\\\/fr\\\/#\\\/schema\\\/logo\\\/image\\\/\",\"url\":\"https:\\\/\\\/www.webdo.tn\\\/fr\\\/wp-content\\\/uploads\\\/2025\\\/06\\\/Webdo-Tunisie_168377.jpg\",\"contentUrl\":\"https:\\\/\\\/www.webdo.tn\\\/fr\\\/wp-content\\\/uploads\\\/2025\\\/06\\\/Webdo-Tunisie_168377.jpg\",\"width\":301,\"height\":301,\"caption\":\"Webdo\"},\"image\":{\"@id\":\"https:\\\/\\\/www.webdo.tn\\\/fr\\\/#\\\/schema\\\/logo\\\/image\\\/\"},\"sameAs\":[\"https:\\\/\\\/www.facebook.com\\\/webdotn\",\"https:\\\/\\\/x.com\\\/webdo_tn\"],\"description\":\"Webdo est un m\u00e9dia num\u00e9rique tunisien fond\u00e9 en 2010, sp\u00e9cialis\u00e9 dans l\u2019actualit\u00e9 nationale et internationale, l\u2019\u00e9conomie, la soci\u00e9t\u00e9 et les analyses politiques. Le site s\u2019adresse \u00e0 un large public francophone et couvre l\u2019information tunisienne en temps r\u00e9el.\",\"email\":\"redac@webdo.tn\",\"legalName\":\"YNJ SARL\",\"foundingDate\":\"2010-09-06\",\"numberOfEmployees\":{\"@type\":\"QuantitativeValue\",\"minValue\":\"11\",\"maxValue\":\"50\"}},{\"@type\":\"Person\",\"@id\":\"https:\\\/\\\/www.webdo.tn\\\/fr\\\/#\\\/schema\\\/person\\\/2c4929cbf5a809e3bd38617c6ce150f6\",\"name\":\"MC\",\"image\":{\"@type\":\"ImageObject\",\"inLanguage\":\"fr-FR\",\"@id\":\"https:\\\/\\\/secure.gravatar.com\\\/avatar\\\/a545bbb6f84efdd5553dbbc2895e3ca8f1d12c5215e00a041c9670b54aa9b18a?s=96&d=mm&r=g\",\"url\":\"https:\\\/\\\/secure.gravatar.com\\\/avatar\\\/a545bbb6f84efdd5553dbbc2895e3ca8f1d12c5215e00a041c9670b54aa9b18a?s=96&d=mm&r=g\",\"contentUrl\":\"https:\\\/\\\/secure.gravatar.com\\\/avatar\\\/a545bbb6f84efdd5553dbbc2895e3ca8f1d12c5215e00a041c9670b54aa9b18a?s=96&d=mm&r=g\",\"caption\":\"MC\"},\"url\":\"https:\\\/\\\/www.webdo.tn\\\/fr\\\/actualite\\\/author\\\/mc\\\/\"}]}<\/script>\n<!-- \/ Yoast SEO Premium plugin. -->","yoast_head_json":{"title":"Tunisie : Pr\u00e8s de 300 migrants subsahariens rapatri\u00e9es, aujourd\u2019hui vers leur pays","description":"Les op\u00e9rations de rapatriement de migrants subsahariens ont d\u00e9marr\u00e9. Aujourd\u2019hui, 300 Ivoiriens et Maliens vont \u00eatre rapatri\u00e9s vers leur pays depuis la Tunisie.","canonical":"https:\/\/www.webdo.tn\/fr\/actualite\/national\/tunisie-pres-de-300-migrants-subsahariens-rapatriees-aujourd-hui-vers-leur-pays\/203584\/","og_locale":"fr_FR","og_type":"article","og_title":"Tunisie : Pr\u00e8s de 300 migrants subsahariens rapatri\u00e9es, aujourd\u2019hui vers leur pays","og_description":"Les op\u00e9rations de rapatriement de migrants subsahariens ont d\u00e9marr\u00e9. Aujourd\u2019hui, 300 Ivoiriens et Maliens vont \u00eatre rapatri\u00e9s vers leur pays depuis la Tunisie.","og_url":"https:\/\/www.webdo.tn\/fr\/actualite\/national\/tunisie-pres-de-300-migrants-subsahariens-rapatriees-aujourd-hui-vers-leur-pays\/203584\/","og_site_name":"webdo","article_publisher":"https:\/\/www.facebook.com\/webdotn","article_published_time":"2023-03-04T11:40:00+00:00","article_modified_time":"2025-05-20T22:01:55+00:00","og_image":[{"width":750,"height":400,"url":"https:\/\/www.webdo.tn\/fr\/wp-content\/uploads\/2023\/03\/8ce82c80d42f57b56a8c70302e9fe1d1.jpg","type":"image\/jpeg"}],"author":"MC","twitter_card":"summary_large_image","twitter_creator":"@webdo_tn","twitter_site":"@webdo_tn","twitter_misc":{"\u00c9crit par":"MC","Dur\u00e9e de lecture estim\u00e9e":"1 minute"},"schema":{"@context":"https:\/\/schema.org","@graph":[{"@type":"NewsArticle","@id":"https:\/\/www.webdo.tn\/fr\/actualite\/national\/tunisie-pres-de-300-migrants-subsahariens-rapatriees-aujourd-hui-vers-leur-pays\/203584\/#article","isPartOf":{"@id":"https:\/\/www.webdo.tn\/fr\/actualite\/national\/tunisie-pres-de-300-migrants-subsahariens-rapatriees-aujourd-hui-vers-leur-pays\/203584\/"},"author":{"name":"MC","@id":"https:\/\/www.webdo.tn\/fr\/#\/schema\/person\/2c4929cbf5a809e3bd38617c6ce150f6"},"headline":"Tunisie : Pr\u00e8s de 300 migrants subsahariens rapatri\u00e9es, aujourd\u2019hui vers leur pays","datePublished":"2023-03-04T11:40:00+00:00","dateModified":"2025-05-20T22:01:55+00:00","mainEntityOfPage":{"@id":"https:\/\/www.webdo.tn\/fr\/actualite\/national\/tunisie-pres-de-300-migrants-subsahariens-rapatriees-aujourd-hui-vers-leur-pays\/203584\/"},"wordCount":248,"commentCount":0,"publisher":{"@id":"https:\/\/www.webdo.tn\/fr\/#organization"},"image":{"@id":"https:\/\/www.webdo.tn\/fr\/actualite\/national\/tunisie-pres-de-300-migrants-subsahariens-rapatriees-aujourd-hui-vers-leur-pays\/203584\/#primaryimage"},"thumbnailUrl":"https:\/\/www.webdo.tn\/fr\/wp-content\/uploads\/2023\/03\/8ce82c80d42f57b56a8c70302e9fe1d1.jpg","keywords":["migrants","rapatriement","Subsahariens","Tunisie"],"articleSection":["National"],"inLanguage":"fr-FR"},{"@type":"WebPage","@id":"https:\/\/www.webdo.tn\/fr\/actualite\/national\/tunisie-pres-de-300-migrants-subsahariens-rapatriees-aujourd-hui-vers-leur-pays\/203584\/","url":"https:\/\/www.webdo.tn\/fr\/actualite\/national\/tunisie-pres-de-300-migrants-subsahariens-rapatriees-aujourd-hui-vers-leur-pays\/203584\/","name":"Tunisie : Pr\u00e8s de 300 migrants subsahariens rapatri\u00e9es, aujourd\u2019hui vers leur pays","isPartOf":{"@id":"https:\/\/www.webdo.tn\/fr\/#website"},"primaryImageOfPage":{"@id":"https:\/\/www.webdo.tn\/fr\/actualite\/national\/tunisie-pres-de-300-migrants-subsahariens-rapatriees-aujourd-hui-vers-leur-pays\/203584\/#primaryimage"},"image":{"@id":"https:\/\/www.webdo.tn\/fr\/actualite\/national\/tunisie-pres-de-300-migrants-subsahariens-rapatriees-aujourd-hui-vers-leur-pays\/203584\/#primaryimage"},"thumbnailUrl":"https:\/\/www.webdo.tn\/fr\/wp-content\/uploads\/2023\/03\/8ce82c80d42f57b56a8c70302e9fe1d1.jpg","datePublished":"2023-03-04T11:40:00+00:00","dateModified":"2025-05-20T22:01:55+00:00","description":"Les op\u00e9rations de rapatriement de migrants subsahariens ont d\u00e9marr\u00e9. Aujourd\u2019hui, 300 Ivoiriens et Maliens vont \u00eatre rapatri\u00e9s vers leur pays depuis la Tunisie.","breadcrumb":{"@id":"https:\/\/www.webdo.tn\/fr\/actualite\/national\/tunisie-pres-de-300-migrants-subsahariens-rapatriees-aujourd-hui-vers-leur-pays\/203584\/#breadcrumb"},"inLanguage":"fr-FR","potentialAction":[{"@type":"ReadAction","target":["https:\/\/www.webdo.tn\/fr\/actualite\/national\/tunisie-pres-de-300-migrants-subsahariens-rapatriees-aujourd-hui-vers-leur-pays\/203584\/"]}]},{"@type":"ImageObject","inLanguage":"fr-FR","@id":"https:\/\/www.webdo.tn\/fr\/actualite\/national\/tunisie-pres-de-300-migrants-subsahariens-rapatriees-aujourd-hui-vers-leur-pays\/203584\/#primaryimage","url":"https:\/\/www.webdo.tn\/fr\/wp-content\/uploads\/2023\/03\/8ce82c80d42f57b56a8c70302e9fe1d1.jpg","contentUrl":"https:\/\/www.webdo.tn\/fr\/wp-content\/uploads\/2023\/03\/8ce82c80d42f57b56a8c70302e9fe1d1.jpg","width":750,"height":400,"caption":"Tunisie : Pr\u00e8s de 300 migrants subsahariens rapatri\u00e9es, aujourd\u2019hui vers leur pays"},{"@type":"BreadcrumbList","@id":"https:\/\/www.webdo.tn\/fr\/actualite\/national\/tunisie-pres-de-300-migrants-subsahariens-rapatriees-aujourd-hui-vers-leur-pays\/203584\/#breadcrumb","itemListElement":[{"@type":"ListItem","position":1,"name":"Accueil","item":"https:\/\/www.webdo.tn\/fr\/"},{"@type":"ListItem","position":2,"name":"Tunisie : Pr\u00e8s de 300 migrants subsahariens rapatri\u00e9es, aujourd\u2019hui vers leur pays"}]},{"@type":"WebSite","@id":"https:\/\/www.webdo.tn\/fr\/#website","url":"https:\/\/www.webdo.tn\/fr\/","name":"webdo","description":"Tunisie - News en Tunisie et \u00e0 l&#039;international sur Webdo.tn","publisher":{"@id":"https:\/\/www.webdo.tn\/fr\/#organization"},"potentialAction":[{"@type":"SearchAction","target":{"@type":"EntryPoint","urlTemplate":"https:\/\/www.webdo.tn\/fr\/?s={search_term_string}"},"query-input":{"@type":"PropertyValueSpecification","valueRequired":true,"valueName":"search_term_string"}}],"inLanguage":"fr-FR"},{"@type":"Organization","@id":"https:\/\/www.webdo.tn\/fr\/#organization","name":"Webdo","alternateName":"Webdo.tn","url":"https:\/\/www.webdo.tn\/fr\/","logo":{"@type":"ImageObject","inLanguage":"fr-FR","@id":"https:\/\/www.webdo.tn\/fr\/#\/schema\/logo\/image\/","url":"https:\/\/www.webdo.tn\/fr\/wp-content\/uploads\/2025\/06\/Webdo-Tunisie_168377.jpg","contentUrl":"https:\/\/www.webdo.tn\/fr\/wp-content\/uploads\/2025\/06\/Webdo-Tunisie_168377.jpg","width":301,"height":301,"caption":"Webdo"},"image":{"@id":"https:\/\/www.webdo.tn\/fr\/#\/schema\/logo\/image\/"},"sameAs":["https:\/\/www.facebook.com\/webdotn","https:\/\/x.com\/webdo_tn"],"description":"Webdo est un m\u00e9dia num\u00e9rique tunisien fond\u00e9 en 2010, sp\u00e9cialis\u00e9 dans l\u2019actualit\u00e9 nationale et internationale, l\u2019\u00e9conomie, la soci\u00e9t\u00e9 et les analyses politiques. Le site s\u2019adresse \u00e0 un large public francophone et couvre l\u2019information tunisienne en temps r\u00e9el.","email":"redac@webdo.tn","legalName":"YNJ SARL","foundingDate":"2010-09-06","numberOfEmployees":{"@type":"QuantitativeValue","minValue":"11","maxValue":"50"}},{"@type":"Person","@id":"https:\/\/www.webdo.tn\/fr\/#\/schema\/person\/2c4929cbf5a809e3bd38617c6ce150f6","name":"MC","image":{"@type":"ImageObject","inLanguage":"fr-FR","@id":"https:\/\/secure.gravatar.com\/avatar\/a545bbb6f84efdd5553dbbc2895e3ca8f1d12c5215e00a041c9670b54aa9b18a?s=96&d=mm&r=g","url":"https:\/\/secure.gravatar.com\/avatar\/a545bbb6f84efdd5553dbbc2895e3ca8f1d12c5215e00a041c9670b54aa9b18a?s=96&d=mm&r=g","contentUrl":"https:\/\/secure.gravatar.com\/avatar\/a545bbb6f84efdd5553dbbc2895e3ca8f1d12c5215e00a041c9670b54aa9b18a?s=96&d=mm&r=g","caption":"MC"},"url":"https:\/\/www.webdo.tn\/fr\/actualite\/author\/mc\/"}]}},"_links":{"self":[{"href":"https:\/\/www.webdo.tn\/fr\/wp-json\/wp\/v2\/posts\/203584","targetHints":{"allow":["GET"]}}],"collection":[{"href":"https:\/\/www.webdo.tn\/fr\/wp-json\/wp\/v2\/posts"}],"about":[{"href":"https:\/\/www.webdo.tn\/fr\/wp-json\/wp\/v2\/types\/post"}],"author":[{"embeddable":true,"href":"https:\/\/www.webdo.tn\/fr\/wp-json\/wp\/v2\/users\/3162"}],"replies":[{"embeddable":true,"href":"https:\/\/www.webdo.tn\/fr\/wp-json\/wp\/v2\/comments?post=203584"}],"version-history":[{"count":0,"href":"https:\/\/www.webdo.tn\/fr\/wp-json\/wp\/v2\/posts\/203584\/revisions"}],"wp:featuredmedia":[{"embeddable":true,"href":"https:\/\/www.webdo.tn\/fr\/wp-json\/wp\/v2\/media\/251823"}],"wp:attachment":[{"href":"https:\/\/www.webdo.tn\/fr\/wp-json\/wp\/v2\/media?parent=203584"}],"wp:term":[{"taxonomy":"category","embeddable":true,"href":"https:\/\/www.webdo.tn\/fr\/wp-json\/wp\/v2\/categories?post=203584"},{"taxonomy":"post_tag","embeddable":true,"href":"https:\/\/www.webdo.tn\/fr\/wp-json\/wp\/v2\/tags?post=203584"}],"curies":[{"name":"wp","href":"https:\/\/api.w.org\/{rel}","templated":true}]}}