{"id":203577,"date":"2023-03-04T08:54:00","date_gmt":"2023-03-04T08:54:00","guid":{"rendered":"https:\/\/www.webdo.tn\/fr\/blog\/coupures-d-electricite-demain-dans-certaines-delegations-de-sousse-monastir-et-sidi-bouzid\/203577\/"},"modified":"2025-05-20T22:01:54","modified_gmt":"2025-05-20T22:01:54","slug":"coupures-d-electricite-demain-dans-certaines-delegations-de-sousse-monastir-et-sidi-bouzid","status":"publish","type":"post","link":"https:\/\/www.webdo.tn\/fr\/actualite\/regions\/coupures-d-electricite-demain-dans-certaines-delegations-de-sousse-monastir-et-sidi-bouzid\/203577\/","title":{"rendered":"Coupures d\u2019\u00e9lectricit\u00e9, demain, dans certaines d\u00e9l\u00e9gations de Sousse, Monastir et Sidi Bouzid"},"content":{"rendered":"<p>Des coupures d\u2019\u00e9lectricit\u00e9 seront enregistr\u00e9es, demain, dimanche 5 mars 2023, dans certaines d\u00e9l\u00e9gations de Sousse, Monastir et Sidi Bouzid, et ce, en raison de travaux de maintenance qui seront men\u00e9s par la Soci\u00e9t\u00e9 Tunisienne d\u2019Electricit\u00e9 et de Gaz (STEG).<\/p>\n<p>\t\t\t\t\t\t\t\t\tLa STEG pr\u00e9cise, dans un communiqu\u00e9, que les coupures d\u2019\u00e9lectricit\u00e9 \u00e0 Sousse seront enregistr\u00e9es de 8h00 du matin \u00e0 13h00, et ce dans les quartiers de Khezama-Est, la zone touristique de l&rsquo;h\u00f4tel Jinane \u00e0 l&rsquo;h\u00f4tel Marhaba, le Corniche, la route de Tunis, l\u2019avenue Mohamed Karaoui, les immeubles El Hebes, Oued Kharroub et les immeubles du nord.<\/p>\n<p>A Monastir, les coupures seront enregistr\u00e9es de 8h00 du matin jusqu\u2019au 14h00, au niveau de la zone industrielle, de la Route Sousse-Sahline, de Sahline- Route Sousse, de la ville de Motamar et du nouveau quartier de Motamar .<\/p>\n<p>A Sidi Bouzid, les coupures (de 7h00 du matin jusqu\u2019au 14h00), concerneront les zones d\u2019El Henia de la d\u00e9l\u00e9gation de Sidi Bouzid Est, de l\u2019ensemble des d\u00e9l\u00e9gations de Ouled Haffouz et Saida, ainsi que les zones de Zalaymia, Selta, Zaghmar et Meghila de la d\u00e9l\u00e9gation de Jelma.<\/p>\n","protected":false},"excerpt":{"rendered":"<p>Des coupures d\u2019\u00e9lectricit\u00e9 seront enregistr\u00e9es, demain, dimanche 5 mars 2023, dans certaines d\u00e9l\u00e9gations de Sousse, Monastir et Sidi Bouzid<\/p>\n","protected":false},"author":3162,"featured_media":251821,"comment_status":"open","ping_status":"closed","sticky":false,"template":"","format":"standard","meta":{"footnotes":""},"categories":[2595],"tags":[4243,3765,2692,2955,2699,2742],"class_list":["post-203577","post","type-post","status-publish","format-standard","has-post-thumbnail","hentry","category-regions","tag-coupure","tag-electricite","tag-monastir","tag-sidi-bouzid","tag-sousse","tag-steg"],"yoast_head":"<!-- This site is optimized with the Yoast SEO Premium plugin v27.4 (Yoast SEO v27.5) - https:\/\/yoast.com\/product\/yoast-seo-premium-wordpress\/ -->\n<title>Coupures d\u2019\u00e9lectricit\u00e9, demain, dans certaines d\u00e9l\u00e9gations de Sousse, Monastir et Sidi Bouzid<\/title>\n<meta name=\"description\" content=\"Des coupures d\u2019\u00e9lectricit\u00e9 seront enregistr\u00e9es, demain, dimanche 5 mars 2023, dans certaines d\u00e9l\u00e9gations de Sousse, Monastir et Sidi Bouzid\" \/>\n<link rel=\"canonical\" href=\"https:\/\/www.webdo.tn\/fr\/actualite\/regions\/coupures-d-electricite-demain-dans-certaines-delegations-de-sousse-monastir-et-sidi-bouzid\/203577\/\" \/>\n<meta property=\"og:locale\" content=\"fr_FR\" \/>\n<meta property=\"og:type\" content=\"article\" \/>\n<meta property=\"og:title\" content=\"Coupures d\u2019\u00e9lectricit\u00e9, demain, dans certaines d\u00e9l\u00e9gations de Sousse, Monastir et Sidi Bouzid\" \/>\n<meta property=\"og:description\" content=\"Des coupures d\u2019\u00e9lectricit\u00e9 seront enregistr\u00e9es, demain, dimanche 5 mars 2023, dans certaines d\u00e9l\u00e9gations de Sousse, Monastir et Sidi Bouzid\" \/>\n<meta property=\"og:url\" content=\"https:\/\/www.webdo.tn\/fr\/actualite\/regions\/coupures-d-electricite-demain-dans-certaines-delegations-de-sousse-monastir-et-sidi-bouzid\/203577\/\" \/>\n<meta property=\"og:site_name\" content=\"webdo\" \/>\n<meta property=\"article:publisher\" content=\"https:\/\/www.facebook.com\/webdotn\" \/>\n<meta property=\"article:published_time\" content=\"2023-03-04T08:54:00+00:00\" \/>\n<meta property=\"article:modified_time\" content=\"2025-05-20T22:01:54+00:00\" \/>\n<meta property=\"og:image\" content=\"https:\/\/www.webdo.tn\/fr\/wp-content\/uploads\/2023\/03\/101fac13cb72d284dfff6e175f33c999.jpg\" \/>\n\t<meta property=\"og:image:width\" content=\"600\" \/>\n\t<meta property=\"og:image:height\" content=\"320\" \/>\n\t<meta property=\"og:image:type\" content=\"image\/jpeg\" \/>\n<meta name=\"author\" content=\"MC\" \/>\n<meta name=\"twitter:card\" content=\"summary_large_image\" \/>\n<meta name=\"twitter:creator\" content=\"@webdo_tn\" \/>\n<meta name=\"twitter:site\" content=\"@webdo_tn\" \/>\n<meta name=\"twitter:label1\" content=\"\u00c9crit par\" \/>\n\t<meta name=\"twitter:data1\" content=\"MC\" \/>\n\t<meta name=\"twitter:label2\" content=\"Dur\u00e9e de lecture estim\u00e9e\" \/>\n\t<meta name=\"twitter:data2\" content=\"1 minute\" \/>\n<script type=\"application\/ld+json\" class=\"yoast-schema-graph\">{\"@context\":\"https:\\\/\\\/schema.org\",\"@graph\":[{\"@type\":\"NewsArticle\",\"@id\":\"https:\\\/\\\/www.webdo.tn\\\/fr\\\/actualite\\\/regions\\\/coupures-d-electricite-demain-dans-certaines-delegations-de-sousse-monastir-et-sidi-bouzid\\\/203577\\\/#article\",\"isPartOf\":{\"@id\":\"https:\\\/\\\/www.webdo.tn\\\/fr\\\/actualite\\\/regions\\\/coupures-d-electricite-demain-dans-certaines-delegations-de-sousse-monastir-et-sidi-bouzid\\\/203577\\\/\"},\"author\":{\"name\":\"MC\",\"@id\":\"https:\\\/\\\/www.webdo.tn\\\/fr\\\/#\\\/schema\\\/person\\\/2c4929cbf5a809e3bd38617c6ce150f6\"},\"headline\":\"Coupures d\u2019\u00e9lectricit\u00e9, demain, dans certaines d\u00e9l\u00e9gations de Sousse, Monastir et Sidi Bouzid\",\"datePublished\":\"2023-03-04T08:54:00+00:00\",\"dateModified\":\"2025-05-20T22:01:54+00:00\",\"mainEntityOfPage\":{\"@id\":\"https:\\\/\\\/www.webdo.tn\\\/fr\\\/actualite\\\/regions\\\/coupures-d-electricite-demain-dans-certaines-delegations-de-sousse-monastir-et-sidi-bouzid\\\/203577\\\/\"},\"wordCount\":215,\"commentCount\":0,\"publisher\":{\"@id\":\"https:\\\/\\\/www.webdo.tn\\\/fr\\\/#organization\"},\"image\":{\"@id\":\"https:\\\/\\\/www.webdo.tn\\\/fr\\\/actualite\\\/regions\\\/coupures-d-electricite-demain-dans-certaines-delegations-de-sousse-monastir-et-sidi-bouzid\\\/203577\\\/#primaryimage\"},\"thumbnailUrl\":\"https:\\\/\\\/www.webdo.tn\\\/fr\\\/wp-content\\\/uploads\\\/2023\\\/03\\\/101fac13cb72d284dfff6e175f33c999.jpg\",\"keywords\":[\"coupure\",\"\u00e9lectricit\u00e9\",\"Monastir\",\"Sidi Bouzid\",\"Sousse\",\"steg\"],\"articleSection\":[\"regions\"],\"inLanguage\":\"fr-FR\"},{\"@type\":\"WebPage\",\"@id\":\"https:\\\/\\\/www.webdo.tn\\\/fr\\\/actualite\\\/regions\\\/coupures-d-electricite-demain-dans-certaines-delegations-de-sousse-monastir-et-sidi-bouzid\\\/203577\\\/\",\"url\":\"https:\\\/\\\/www.webdo.tn\\\/fr\\\/actualite\\\/regions\\\/coupures-d-electricite-demain-dans-certaines-delegations-de-sousse-monastir-et-sidi-bouzid\\\/203577\\\/\",\"name\":\"Coupures d\u2019\u00e9lectricit\u00e9, demain, dans certaines d\u00e9l\u00e9gations de Sousse, Monastir et Sidi Bouzid\",\"isPartOf\":{\"@id\":\"https:\\\/\\\/www.webdo.tn\\\/fr\\\/#website\"},\"primaryImageOfPage\":{\"@id\":\"https:\\\/\\\/www.webdo.tn\\\/fr\\\/actualite\\\/regions\\\/coupures-d-electricite-demain-dans-certaines-delegations-de-sousse-monastir-et-sidi-bouzid\\\/203577\\\/#primaryimage\"},\"image\":{\"@id\":\"https:\\\/\\\/www.webdo.tn\\\/fr\\\/actualite\\\/regions\\\/coupures-d-electricite-demain-dans-certaines-delegations-de-sousse-monastir-et-sidi-bouzid\\\/203577\\\/#primaryimage\"},\"thumbnailUrl\":\"https:\\\/\\\/www.webdo.tn\\\/fr\\\/wp-content\\\/uploads\\\/2023\\\/03\\\/101fac13cb72d284dfff6e175f33c999.jpg\",\"datePublished\":\"2023-03-04T08:54:00+00:00\",\"dateModified\":\"2025-05-20T22:01:54+00:00\",\"description\":\"Des coupures d\u2019\u00e9lectricit\u00e9 seront enregistr\u00e9es, demain, dimanche 5 mars 2023, dans certaines d\u00e9l\u00e9gations de Sousse, Monastir et Sidi Bouzid\",\"breadcrumb\":{\"@id\":\"https:\\\/\\\/www.webdo.tn\\\/fr\\\/actualite\\\/regions\\\/coupures-d-electricite-demain-dans-certaines-delegations-de-sousse-monastir-et-sidi-bouzid\\\/203577\\\/#breadcrumb\"},\"inLanguage\":\"fr-FR\",\"potentialAction\":[{\"@type\":\"ReadAction\",\"target\":[\"https:\\\/\\\/www.webdo.tn\\\/fr\\\/actualite\\\/regions\\\/coupures-d-electricite-demain-dans-certaines-delegations-de-sousse-monastir-et-sidi-bouzid\\\/203577\\\/\"]}]},{\"@type\":\"ImageObject\",\"inLanguage\":\"fr-FR\",\"@id\":\"https:\\\/\\\/www.webdo.tn\\\/fr\\\/actualite\\\/regions\\\/coupures-d-electricite-demain-dans-certaines-delegations-de-sousse-monastir-et-sidi-bouzid\\\/203577\\\/#primaryimage\",\"url\":\"https:\\\/\\\/www.webdo.tn\\\/fr\\\/wp-content\\\/uploads\\\/2023\\\/03\\\/101fac13cb72d284dfff6e175f33c999.jpg\",\"contentUrl\":\"https:\\\/\\\/www.webdo.tn\\\/fr\\\/wp-content\\\/uploads\\\/2023\\\/03\\\/101fac13cb72d284dfff6e175f33c999.jpg\",\"width\":600,\"height\":320,\"caption\":\"Coupures d\u2019\u00e9lectricit\u00e9, demain, dans certaines d\u00e9l\u00e9gations de Sousse, Monastir et Sidi Bouzid\"},{\"@type\":\"BreadcrumbList\",\"@id\":\"https:\\\/\\\/www.webdo.tn\\\/fr\\\/actualite\\\/regions\\\/coupures-d-electricite-demain-dans-certaines-delegations-de-sousse-monastir-et-sidi-bouzid\\\/203577\\\/#breadcrumb\",\"itemListElement\":[{\"@type\":\"ListItem\",\"position\":1,\"name\":\"Accueil\",\"item\":\"https:\\\/\\\/www.webdo.tn\\\/fr\\\/\"},{\"@type\":\"ListItem\",\"position\":2,\"name\":\"Coupures d\u2019\u00e9lectricit\u00e9, demain, dans certaines d\u00e9l\u00e9gations de Sousse, Monastir et Sidi Bouzid\"}]},{\"@type\":\"WebSite\",\"@id\":\"https:\\\/\\\/www.webdo.tn\\\/fr\\\/#website\",\"url\":\"https:\\\/\\\/www.webdo.tn\\\/fr\\\/\",\"name\":\"webdo\",\"description\":\"Tunisie - News en Tunisie et \u00e0 l&#039;international sur Webdo.tn\",\"publisher\":{\"@id\":\"https:\\\/\\\/www.webdo.tn\\\/fr\\\/#organization\"},\"potentialAction\":[{\"@type\":\"SearchAction\",\"target\":{\"@type\":\"EntryPoint\",\"urlTemplate\":\"https:\\\/\\\/www.webdo.tn\\\/fr\\\/?s={search_term_string}\"},\"query-input\":{\"@type\":\"PropertyValueSpecification\",\"valueRequired\":true,\"valueName\":\"search_term_string\"}}],\"inLanguage\":\"fr-FR\"},{\"@type\":\"Organization\",\"@id\":\"https:\\\/\\\/www.webdo.tn\\\/fr\\\/#organization\",\"name\":\"Webdo\",\"alternateName\":\"Webdo.tn\",\"url\":\"https:\\\/\\\/www.webdo.tn\\\/fr\\\/\",\"logo\":{\"@type\":\"ImageObject\",\"inLanguage\":\"fr-FR\",\"@id\":\"https:\\\/\\\/www.webdo.tn\\\/fr\\\/#\\\/schema\\\/logo\\\/image\\\/\",\"url\":\"https:\\\/\\\/www.webdo.tn\\\/fr\\\/wp-content\\\/uploads\\\/2025\\\/06\\\/Webdo-Tunisie_168377.jpg\",\"contentUrl\":\"https:\\\/\\\/www.webdo.tn\\\/fr\\\/wp-content\\\/uploads\\\/2025\\\/06\\\/Webdo-Tunisie_168377.jpg\",\"width\":301,\"height\":301,\"caption\":\"Webdo\"},\"image\":{\"@id\":\"https:\\\/\\\/www.webdo.tn\\\/fr\\\/#\\\/schema\\\/logo\\\/image\\\/\"},\"sameAs\":[\"https:\\\/\\\/www.facebook.com\\\/webdotn\",\"https:\\\/\\\/x.com\\\/webdo_tn\"],\"description\":\"Webdo est un m\u00e9dia num\u00e9rique tunisien fond\u00e9 en 2010, sp\u00e9cialis\u00e9 dans l\u2019actualit\u00e9 nationale et internationale, l\u2019\u00e9conomie, la soci\u00e9t\u00e9 et les analyses politiques. Le site s\u2019adresse \u00e0 un large public francophone et couvre l\u2019information tunisienne en temps r\u00e9el.\",\"email\":\"redac@webdo.tn\",\"legalName\":\"YNJ SARL\",\"foundingDate\":\"2010-09-06\",\"numberOfEmployees\":{\"@type\":\"QuantitativeValue\",\"minValue\":\"11\",\"maxValue\":\"50\"}},{\"@type\":\"Person\",\"@id\":\"https:\\\/\\\/www.webdo.tn\\\/fr\\\/#\\\/schema\\\/person\\\/2c4929cbf5a809e3bd38617c6ce150f6\",\"name\":\"MC\",\"image\":{\"@type\":\"ImageObject\",\"inLanguage\":\"fr-FR\",\"@id\":\"https:\\\/\\\/secure.gravatar.com\\\/avatar\\\/a545bbb6f84efdd5553dbbc2895e3ca8f1d12c5215e00a041c9670b54aa9b18a?s=96&d=mm&r=g\",\"url\":\"https:\\\/\\\/secure.gravatar.com\\\/avatar\\\/a545bbb6f84efdd5553dbbc2895e3ca8f1d12c5215e00a041c9670b54aa9b18a?s=96&d=mm&r=g\",\"contentUrl\":\"https:\\\/\\\/secure.gravatar.com\\\/avatar\\\/a545bbb6f84efdd5553dbbc2895e3ca8f1d12c5215e00a041c9670b54aa9b18a?s=96&d=mm&r=g\",\"caption\":\"MC\"},\"url\":\"https:\\\/\\\/www.webdo.tn\\\/fr\\\/actualite\\\/author\\\/mc\\\/\"}]}<\/script>\n<!-- \/ Yoast SEO Premium plugin. -->","yoast_head_json":{"title":"Coupures d\u2019\u00e9lectricit\u00e9, demain, dans certaines d\u00e9l\u00e9gations de Sousse, Monastir et Sidi Bouzid","description":"Des coupures d\u2019\u00e9lectricit\u00e9 seront enregistr\u00e9es, demain, dimanche 5 mars 2023, dans certaines d\u00e9l\u00e9gations de Sousse, Monastir et Sidi Bouzid","canonical":"https:\/\/www.webdo.tn\/fr\/actualite\/regions\/coupures-d-electricite-demain-dans-certaines-delegations-de-sousse-monastir-et-sidi-bouzid\/203577\/","og_locale":"fr_FR","og_type":"article","og_title":"Coupures d\u2019\u00e9lectricit\u00e9, demain, dans certaines d\u00e9l\u00e9gations de Sousse, Monastir et Sidi Bouzid","og_description":"Des coupures d\u2019\u00e9lectricit\u00e9 seront enregistr\u00e9es, demain, dimanche 5 mars 2023, dans certaines d\u00e9l\u00e9gations de Sousse, Monastir et Sidi Bouzid","og_url":"https:\/\/www.webdo.tn\/fr\/actualite\/regions\/coupures-d-electricite-demain-dans-certaines-delegations-de-sousse-monastir-et-sidi-bouzid\/203577\/","og_site_name":"webdo","article_publisher":"https:\/\/www.facebook.com\/webdotn","article_published_time":"2023-03-04T08:54:00+00:00","article_modified_time":"2025-05-20T22:01:54+00:00","og_image":[{"width":600,"height":320,"url":"https:\/\/www.webdo.tn\/fr\/wp-content\/uploads\/2023\/03\/101fac13cb72d284dfff6e175f33c999.jpg","type":"image\/jpeg"}],"author":"MC","twitter_card":"summary_large_image","twitter_creator":"@webdo_tn","twitter_site":"@webdo_tn","twitter_misc":{"\u00c9crit par":"MC","Dur\u00e9e de lecture estim\u00e9e":"1 minute"},"schema":{"@context":"https:\/\/schema.org","@graph":[{"@type":"NewsArticle","@id":"https:\/\/www.webdo.tn\/fr\/actualite\/regions\/coupures-d-electricite-demain-dans-certaines-delegations-de-sousse-monastir-et-sidi-bouzid\/203577\/#article","isPartOf":{"@id":"https:\/\/www.webdo.tn\/fr\/actualite\/regions\/coupures-d-electricite-demain-dans-certaines-delegations-de-sousse-monastir-et-sidi-bouzid\/203577\/"},"author":{"name":"MC","@id":"https:\/\/www.webdo.tn\/fr\/#\/schema\/person\/2c4929cbf5a809e3bd38617c6ce150f6"},"headline":"Coupures d\u2019\u00e9lectricit\u00e9, demain, dans certaines d\u00e9l\u00e9gations de Sousse, Monastir et Sidi Bouzid","datePublished":"2023-03-04T08:54:00+00:00","dateModified":"2025-05-20T22:01:54+00:00","mainEntityOfPage":{"@id":"https:\/\/www.webdo.tn\/fr\/actualite\/regions\/coupures-d-electricite-demain-dans-certaines-delegations-de-sousse-monastir-et-sidi-bouzid\/203577\/"},"wordCount":215,"commentCount":0,"publisher":{"@id":"https:\/\/www.webdo.tn\/fr\/#organization"},"image":{"@id":"https:\/\/www.webdo.tn\/fr\/actualite\/regions\/coupures-d-electricite-demain-dans-certaines-delegations-de-sousse-monastir-et-sidi-bouzid\/203577\/#primaryimage"},"thumbnailUrl":"https:\/\/www.webdo.tn\/fr\/wp-content\/uploads\/2023\/03\/101fac13cb72d284dfff6e175f33c999.jpg","keywords":["coupure","\u00e9lectricit\u00e9","Monastir","Sidi Bouzid","Sousse","steg"],"articleSection":["regions"],"inLanguage":"fr-FR"},{"@type":"WebPage","@id":"https:\/\/www.webdo.tn\/fr\/actualite\/regions\/coupures-d-electricite-demain-dans-certaines-delegations-de-sousse-monastir-et-sidi-bouzid\/203577\/","url":"https:\/\/www.webdo.tn\/fr\/actualite\/regions\/coupures-d-electricite-demain-dans-certaines-delegations-de-sousse-monastir-et-sidi-bouzid\/203577\/","name":"Coupures d\u2019\u00e9lectricit\u00e9, demain, dans certaines d\u00e9l\u00e9gations de Sousse, Monastir et Sidi Bouzid","isPartOf":{"@id":"https:\/\/www.webdo.tn\/fr\/#website"},"primaryImageOfPage":{"@id":"https:\/\/www.webdo.tn\/fr\/actualite\/regions\/coupures-d-electricite-demain-dans-certaines-delegations-de-sousse-monastir-et-sidi-bouzid\/203577\/#primaryimage"},"image":{"@id":"https:\/\/www.webdo.tn\/fr\/actualite\/regions\/coupures-d-electricite-demain-dans-certaines-delegations-de-sousse-monastir-et-sidi-bouzid\/203577\/#primaryimage"},"thumbnailUrl":"https:\/\/www.webdo.tn\/fr\/wp-content\/uploads\/2023\/03\/101fac13cb72d284dfff6e175f33c999.jpg","datePublished":"2023-03-04T08:54:00+00:00","dateModified":"2025-05-20T22:01:54+00:00","description":"Des coupures d\u2019\u00e9lectricit\u00e9 seront enregistr\u00e9es, demain, dimanche 5 mars 2023, dans certaines d\u00e9l\u00e9gations de Sousse, Monastir et Sidi Bouzid","breadcrumb":{"@id":"https:\/\/www.webdo.tn\/fr\/actualite\/regions\/coupures-d-electricite-demain-dans-certaines-delegations-de-sousse-monastir-et-sidi-bouzid\/203577\/#breadcrumb"},"inLanguage":"fr-FR","potentialAction":[{"@type":"ReadAction","target":["https:\/\/www.webdo.tn\/fr\/actualite\/regions\/coupures-d-electricite-demain-dans-certaines-delegations-de-sousse-monastir-et-sidi-bouzid\/203577\/"]}]},{"@type":"ImageObject","inLanguage":"fr-FR","@id":"https:\/\/www.webdo.tn\/fr\/actualite\/regions\/coupures-d-electricite-demain-dans-certaines-delegations-de-sousse-monastir-et-sidi-bouzid\/203577\/#primaryimage","url":"https:\/\/www.webdo.tn\/fr\/wp-content\/uploads\/2023\/03\/101fac13cb72d284dfff6e175f33c999.jpg","contentUrl":"https:\/\/www.webdo.tn\/fr\/wp-content\/uploads\/2023\/03\/101fac13cb72d284dfff6e175f33c999.jpg","width":600,"height":320,"caption":"Coupures d\u2019\u00e9lectricit\u00e9, demain, dans certaines d\u00e9l\u00e9gations de Sousse, Monastir et Sidi Bouzid"},{"@type":"BreadcrumbList","@id":"https:\/\/www.webdo.tn\/fr\/actualite\/regions\/coupures-d-electricite-demain-dans-certaines-delegations-de-sousse-monastir-et-sidi-bouzid\/203577\/#breadcrumb","itemListElement":[{"@type":"ListItem","position":1,"name":"Accueil","item":"https:\/\/www.webdo.tn\/fr\/"},{"@type":"ListItem","position":2,"name":"Coupures d\u2019\u00e9lectricit\u00e9, demain, dans certaines d\u00e9l\u00e9gations de Sousse, Monastir et Sidi Bouzid"}]},{"@type":"WebSite","@id":"https:\/\/www.webdo.tn\/fr\/#website","url":"https:\/\/www.webdo.tn\/fr\/","name":"webdo","description":"Tunisie - News en Tunisie et \u00e0 l&#039;international sur Webdo.tn","publisher":{"@id":"https:\/\/www.webdo.tn\/fr\/#organization"},"potentialAction":[{"@type":"SearchAction","target":{"@type":"EntryPoint","urlTemplate":"https:\/\/www.webdo.tn\/fr\/?s={search_term_string}"},"query-input":{"@type":"PropertyValueSpecification","valueRequired":true,"valueName":"search_term_string"}}],"inLanguage":"fr-FR"},{"@type":"Organization","@id":"https:\/\/www.webdo.tn\/fr\/#organization","name":"Webdo","alternateName":"Webdo.tn","url":"https:\/\/www.webdo.tn\/fr\/","logo":{"@type":"ImageObject","inLanguage":"fr-FR","@id":"https:\/\/www.webdo.tn\/fr\/#\/schema\/logo\/image\/","url":"https:\/\/www.webdo.tn\/fr\/wp-content\/uploads\/2025\/06\/Webdo-Tunisie_168377.jpg","contentUrl":"https:\/\/www.webdo.tn\/fr\/wp-content\/uploads\/2025\/06\/Webdo-Tunisie_168377.jpg","width":301,"height":301,"caption":"Webdo"},"image":{"@id":"https:\/\/www.webdo.tn\/fr\/#\/schema\/logo\/image\/"},"sameAs":["https:\/\/www.facebook.com\/webdotn","https:\/\/x.com\/webdo_tn"],"description":"Webdo est un m\u00e9dia num\u00e9rique tunisien fond\u00e9 en 2010, sp\u00e9cialis\u00e9 dans l\u2019actualit\u00e9 nationale et internationale, l\u2019\u00e9conomie, la soci\u00e9t\u00e9 et les analyses politiques. Le site s\u2019adresse \u00e0 un large public francophone et couvre l\u2019information tunisienne en temps r\u00e9el.","email":"redac@webdo.tn","legalName":"YNJ SARL","foundingDate":"2010-09-06","numberOfEmployees":{"@type":"QuantitativeValue","minValue":"11","maxValue":"50"}},{"@type":"Person","@id":"https:\/\/www.webdo.tn\/fr\/#\/schema\/person\/2c4929cbf5a809e3bd38617c6ce150f6","name":"MC","image":{"@type":"ImageObject","inLanguage":"fr-FR","@id":"https:\/\/secure.gravatar.com\/avatar\/a545bbb6f84efdd5553dbbc2895e3ca8f1d12c5215e00a041c9670b54aa9b18a?s=96&d=mm&r=g","url":"https:\/\/secure.gravatar.com\/avatar\/a545bbb6f84efdd5553dbbc2895e3ca8f1d12c5215e00a041c9670b54aa9b18a?s=96&d=mm&r=g","contentUrl":"https:\/\/secure.gravatar.com\/avatar\/a545bbb6f84efdd5553dbbc2895e3ca8f1d12c5215e00a041c9670b54aa9b18a?s=96&d=mm&r=g","caption":"MC"},"url":"https:\/\/www.webdo.tn\/fr\/actualite\/author\/mc\/"}]}},"_links":{"self":[{"href":"https:\/\/www.webdo.tn\/fr\/wp-json\/wp\/v2\/posts\/203577","targetHints":{"allow":["GET"]}}],"collection":[{"href":"https:\/\/www.webdo.tn\/fr\/wp-json\/wp\/v2\/posts"}],"about":[{"href":"https:\/\/www.webdo.tn\/fr\/wp-json\/wp\/v2\/types\/post"}],"author":[{"embeddable":true,"href":"https:\/\/www.webdo.tn\/fr\/wp-json\/wp\/v2\/users\/3162"}],"replies":[{"embeddable":true,"href":"https:\/\/www.webdo.tn\/fr\/wp-json\/wp\/v2\/comments?post=203577"}],"version-history":[{"count":0,"href":"https:\/\/www.webdo.tn\/fr\/wp-json\/wp\/v2\/posts\/203577\/revisions"}],"wp:featuredmedia":[{"embeddable":true,"href":"https:\/\/www.webdo.tn\/fr\/wp-json\/wp\/v2\/media\/251821"}],"wp:attachment":[{"href":"https:\/\/www.webdo.tn\/fr\/wp-json\/wp\/v2\/media?parent=203577"}],"wp:term":[{"taxonomy":"category","embeddable":true,"href":"https:\/\/www.webdo.tn\/fr\/wp-json\/wp\/v2\/categories?post=203577"},{"taxonomy":"post_tag","embeddable":true,"href":"https:\/\/www.webdo.tn\/fr\/wp-json\/wp\/v2\/tags?post=203577"}],"curies":[{"name":"wp","href":"https:\/\/api.w.org\/{rel}","templated":true}]}}