{"id":203574,"date":"2023-03-03T21:58:00","date_gmt":"2023-03-03T21:58:00","guid":{"rendered":"https:\/\/www.webdo.tn\/fr\/blog\/kais-saied-il-est-temps-qu-ils-rendent-des-comptes\/203574\/"},"modified":"2025-05-20T22:01:54","modified_gmt":"2025-05-20T22:01:54","slug":"kais-saied-il-est-temps-qu-ils-rendent-des-comptes","status":"publish","type":"post","link":"https:\/\/www.webdo.tn\/fr\/actualite\/national\/kais-saied-il-est-temps-qu-ils-rendent-des-comptes\/203574\/","title":{"rendered":"Kais Saied : \u00ab\u00a0Il est temps qu\u2019ils rendent des comptes !\u00a0\u00bb"},"content":{"rendered":"<p>Le pr\u00e9sident de la R\u00e9publique, Kais Saied, s\u2019est entretenu, ce vendredi 3 mars 2023, au Palais de Carthage, avec le pr\u00e9sident du Conseil sup\u00e9rieur provisoire de la magistrature, Moncef Kchaou.<\/p>\n<p>\t\t\t\t\t\t\t\t\tSelon un communiqu\u00e9 de la pr\u00e9sidence de la R\u00e9publique, l\u2019entretien a \u00e9t\u00e9 consacr\u00e9 au r\u00f4le des magistrats dans l\u2019application de la loi \u00e0 tous, sur un m\u00eame pied d\u2019\u00e9galit\u00e9, assurant que \u00ab\u00a0le peuple a le droit de r\u00e9clamer des poursuites et que les magistrats dont la majorit\u00e9 sont int\u00e8gres, doivent appliquer la loi, sans h\u00e9sitation\u00a0\u00bb.<\/p>\n<p>Et d\u2019ajouter que \u00ab\u00a0certains se font passer pour des malades mentaux, apr\u00e8s avoir camoufl\u00e9, pendant des ann\u00e9es, des crimes et d\u00e9truit des preuves, et ensuite ils se pr\u00e9sentent en victimes\u2026\u00a0\u00bb<\/p>\n<p>\u00ab\u00a0Il est temps qu\u2019ils rendent des comptes, avec ceux qui ont planifi\u00e9 un complot contre la s\u00fbret\u00e9 int\u00e9rieure et ext\u00e9rieure de l&rsquo;Etat\u00a0\u00bb, a dit le Chef de l\u2019Etat.<\/p>\n","protected":false},"excerpt":{"rendered":"<p>Le pr\u00e9sident de la R\u00e9publique, Kais Saied, s\u2019est entretenu, ce vendredi 3 mars 2023, au Palais de Carthage, avec le pr\u00e9sident du Conseil sup\u00e9rieur provisoire de&#8230;<\/p>\n","protected":false},"author":3162,"featured_media":251819,"comment_status":"open","ping_status":"closed","sticky":false,"template":"","format":"standard","meta":{"footnotes":""},"categories":[44],"tags":[8210,2614,7916],"class_list":["post-203574","post","type-post","status-publish","format-standard","has-post-thumbnail","hentry","category-national","tag-csm","tag-kais-saied","tag-magistrats"],"yoast_head":"<!-- This site is optimized with the Yoast SEO Premium plugin v27.5 (Yoast SEO v27.5) - https:\/\/yoast.com\/product\/yoast-seo-premium-wordpress\/ -->\n<title>Kais Saied : Il est temps qu\u2019ils rendent des comptes !<\/title>\n<meta name=\"description\" content=\"Le pr\u00e9sident de la R\u00e9publique, Kais Saied, s\u2019est entretenu, ce vendredi 3 mars 2023, au Palais de Carthage, avec le pr\u00e9sident du Conseil sup\u00e9rieur provisoire de...\" \/>\n<link rel=\"canonical\" href=\"https:\/\/www.webdo.tn\/fr\/actualite\/national\/kais-saied-il-est-temps-qu-ils-rendent-des-comptes\/203574\/\" \/>\n<meta property=\"og:locale\" content=\"fr_FR\" \/>\n<meta property=\"og:type\" content=\"article\" \/>\n<meta property=\"og:title\" content=\"Kais Saied : &quot;Il est temps qu\u2019ils rendent des comptes !&quot;\" \/>\n<meta property=\"og:description\" content=\"Le pr\u00e9sident de la R\u00e9publique, Kais Saied, s\u2019est entretenu, ce vendredi 3 mars 2023, au Palais de Carthage, avec le pr\u00e9sident du Conseil sup\u00e9rieur provisoire de...\" \/>\n<meta property=\"og:url\" content=\"https:\/\/www.webdo.tn\/fr\/actualite\/national\/kais-saied-il-est-temps-qu-ils-rendent-des-comptes\/203574\/\" \/>\n<meta property=\"og:site_name\" content=\"webdo\" \/>\n<meta property=\"article:publisher\" content=\"https:\/\/www.facebook.com\/webdotn\" \/>\n<meta property=\"article:published_time\" content=\"2023-03-03T21:58:00+00:00\" \/>\n<meta property=\"article:modified_time\" content=\"2025-05-20T22:01:54+00:00\" \/>\n<meta property=\"og:image\" content=\"https:\/\/www.webdo.tn\/fr\/wp-content\/uploads\/2023\/03\/368f7676ff77e86e704ae1b2a83c6a2e.jpg\" \/>\n\t<meta property=\"og:image:width\" content=\"750\" \/>\n\t<meta property=\"og:image:height\" content=\"400\" \/>\n\t<meta property=\"og:image:type\" content=\"image\/jpeg\" \/>\n<meta name=\"author\" content=\"MC\" \/>\n<meta name=\"twitter:card\" content=\"summary_large_image\" \/>\n<meta name=\"twitter:creator\" content=\"@webdo_tn\" \/>\n<meta name=\"twitter:site\" content=\"@webdo_tn\" \/>\n<meta name=\"twitter:label1\" content=\"\u00c9crit par\" \/>\n\t<meta name=\"twitter:data1\" content=\"MC\" \/>\n\t<meta name=\"twitter:label2\" content=\"Dur\u00e9e de lecture estim\u00e9e\" \/>\n\t<meta name=\"twitter:data2\" content=\"1 minute\" \/>\n<script type=\"application\/ld+json\" class=\"yoast-schema-graph\">{\"@context\":\"https:\\\/\\\/schema.org\",\"@graph\":[{\"@type\":\"NewsArticle\",\"@id\":\"https:\\\/\\\/www.webdo.tn\\\/fr\\\/actualite\\\/national\\\/kais-saied-il-est-temps-qu-ils-rendent-des-comptes\\\/203574\\\/#article\",\"isPartOf\":{\"@id\":\"https:\\\/\\\/www.webdo.tn\\\/fr\\\/actualite\\\/national\\\/kais-saied-il-est-temps-qu-ils-rendent-des-comptes\\\/203574\\\/\"},\"author\":{\"name\":\"MC\",\"@id\":\"https:\\\/\\\/www.webdo.tn\\\/fr\\\/#\\\/schema\\\/person\\\/2c4929cbf5a809e3bd38617c6ce150f6\"},\"headline\":\"Kais Saied : \u00ab\u00a0Il est temps qu\u2019ils rendent des comptes !\u00a0\u00bb\",\"datePublished\":\"2023-03-03T21:58:00+00:00\",\"dateModified\":\"2025-05-20T22:01:54+00:00\",\"mainEntityOfPage\":{\"@id\":\"https:\\\/\\\/www.webdo.tn\\\/fr\\\/actualite\\\/national\\\/kais-saied-il-est-temps-qu-ils-rendent-des-comptes\\\/203574\\\/\"},\"wordCount\":176,\"commentCount\":0,\"publisher\":{\"@id\":\"https:\\\/\\\/www.webdo.tn\\\/fr\\\/#organization\"},\"image\":{\"@id\":\"https:\\\/\\\/www.webdo.tn\\\/fr\\\/actualite\\\/national\\\/kais-saied-il-est-temps-qu-ils-rendent-des-comptes\\\/203574\\\/#primaryimage\"},\"thumbnailUrl\":\"https:\\\/\\\/www.webdo.tn\\\/fr\\\/wp-content\\\/uploads\\\/2023\\\/03\\\/368f7676ff77e86e704ae1b2a83c6a2e.jpg\",\"keywords\":[\"CSM\",\"Kais Saied\",\"magistrats\"],\"articleSection\":[\"National\"],\"inLanguage\":\"fr-FR\"},{\"@type\":\"WebPage\",\"@id\":\"https:\\\/\\\/www.webdo.tn\\\/fr\\\/actualite\\\/national\\\/kais-saied-il-est-temps-qu-ils-rendent-des-comptes\\\/203574\\\/\",\"url\":\"https:\\\/\\\/www.webdo.tn\\\/fr\\\/actualite\\\/national\\\/kais-saied-il-est-temps-qu-ils-rendent-des-comptes\\\/203574\\\/\",\"name\":\"Kais Saied : Il est temps qu\u2019ils rendent des comptes !\",\"isPartOf\":{\"@id\":\"https:\\\/\\\/www.webdo.tn\\\/fr\\\/#website\"},\"primaryImageOfPage\":{\"@id\":\"https:\\\/\\\/www.webdo.tn\\\/fr\\\/actualite\\\/national\\\/kais-saied-il-est-temps-qu-ils-rendent-des-comptes\\\/203574\\\/#primaryimage\"},\"image\":{\"@id\":\"https:\\\/\\\/www.webdo.tn\\\/fr\\\/actualite\\\/national\\\/kais-saied-il-est-temps-qu-ils-rendent-des-comptes\\\/203574\\\/#primaryimage\"},\"thumbnailUrl\":\"https:\\\/\\\/www.webdo.tn\\\/fr\\\/wp-content\\\/uploads\\\/2023\\\/03\\\/368f7676ff77e86e704ae1b2a83c6a2e.jpg\",\"datePublished\":\"2023-03-03T21:58:00+00:00\",\"dateModified\":\"2025-05-20T22:01:54+00:00\",\"description\":\"Le pr\u00e9sident de la R\u00e9publique, Kais Saied, s\u2019est entretenu, ce vendredi 3 mars 2023, au Palais de Carthage, avec le pr\u00e9sident du Conseil sup\u00e9rieur provisoire de...\",\"breadcrumb\":{\"@id\":\"https:\\\/\\\/www.webdo.tn\\\/fr\\\/actualite\\\/national\\\/kais-saied-il-est-temps-qu-ils-rendent-des-comptes\\\/203574\\\/#breadcrumb\"},\"inLanguage\":\"fr-FR\",\"potentialAction\":[{\"@type\":\"ReadAction\",\"target\":[\"https:\\\/\\\/www.webdo.tn\\\/fr\\\/actualite\\\/national\\\/kais-saied-il-est-temps-qu-ils-rendent-des-comptes\\\/203574\\\/\"]}]},{\"@type\":\"ImageObject\",\"inLanguage\":\"fr-FR\",\"@id\":\"https:\\\/\\\/www.webdo.tn\\\/fr\\\/actualite\\\/national\\\/kais-saied-il-est-temps-qu-ils-rendent-des-comptes\\\/203574\\\/#primaryimage\",\"url\":\"https:\\\/\\\/www.webdo.tn\\\/fr\\\/wp-content\\\/uploads\\\/2023\\\/03\\\/368f7676ff77e86e704ae1b2a83c6a2e.jpg\",\"contentUrl\":\"https:\\\/\\\/www.webdo.tn\\\/fr\\\/wp-content\\\/uploads\\\/2023\\\/03\\\/368f7676ff77e86e704ae1b2a83c6a2e.jpg\",\"width\":750,\"height\":400,\"caption\":\"Kais Saied : \\\"Il est temps qu\u2019ils rendent des comptes !\\\"\"},{\"@type\":\"BreadcrumbList\",\"@id\":\"https:\\\/\\\/www.webdo.tn\\\/fr\\\/actualite\\\/national\\\/kais-saied-il-est-temps-qu-ils-rendent-des-comptes\\\/203574\\\/#breadcrumb\",\"itemListElement\":[{\"@type\":\"ListItem\",\"position\":1,\"name\":\"Accueil\",\"item\":\"https:\\\/\\\/www.webdo.tn\\\/fr\\\/\"},{\"@type\":\"ListItem\",\"position\":2,\"name\":\"Kais Saied : &#8220;Il est temps qu\u2019ils rendent des comptes !&#8221;\"}]},{\"@type\":\"WebSite\",\"@id\":\"https:\\\/\\\/www.webdo.tn\\\/fr\\\/#website\",\"url\":\"https:\\\/\\\/www.webdo.tn\\\/fr\\\/\",\"name\":\"webdo\",\"description\":\"Tunisie - News en Tunisie et \u00e0 l&#039;international sur Webdo.tn\",\"publisher\":{\"@id\":\"https:\\\/\\\/www.webdo.tn\\\/fr\\\/#organization\"},\"potentialAction\":[{\"@type\":\"SearchAction\",\"target\":{\"@type\":\"EntryPoint\",\"urlTemplate\":\"https:\\\/\\\/www.webdo.tn\\\/fr\\\/?s={search_term_string}\"},\"query-input\":{\"@type\":\"PropertyValueSpecification\",\"valueRequired\":true,\"valueName\":\"search_term_string\"}}],\"inLanguage\":\"fr-FR\"},{\"@type\":\"Organization\",\"@id\":\"https:\\\/\\\/www.webdo.tn\\\/fr\\\/#organization\",\"name\":\"Webdo\",\"alternateName\":\"Webdo.tn\",\"url\":\"https:\\\/\\\/www.webdo.tn\\\/fr\\\/\",\"logo\":{\"@type\":\"ImageObject\",\"inLanguage\":\"fr-FR\",\"@id\":\"https:\\\/\\\/www.webdo.tn\\\/fr\\\/#\\\/schema\\\/logo\\\/image\\\/\",\"url\":\"https:\\\/\\\/www.webdo.tn\\\/fr\\\/wp-content\\\/uploads\\\/2025\\\/06\\\/Webdo-Tunisie_168377.jpg\",\"contentUrl\":\"https:\\\/\\\/www.webdo.tn\\\/fr\\\/wp-content\\\/uploads\\\/2025\\\/06\\\/Webdo-Tunisie_168377.jpg\",\"width\":301,\"height\":301,\"caption\":\"Webdo\"},\"image\":{\"@id\":\"https:\\\/\\\/www.webdo.tn\\\/fr\\\/#\\\/schema\\\/logo\\\/image\\\/\"},\"sameAs\":[\"https:\\\/\\\/www.facebook.com\\\/webdotn\",\"https:\\\/\\\/x.com\\\/webdo_tn\"],\"description\":\"Webdo est un m\u00e9dia num\u00e9rique tunisien fond\u00e9 en 2010, sp\u00e9cialis\u00e9 dans l\u2019actualit\u00e9 nationale et internationale, l\u2019\u00e9conomie, la soci\u00e9t\u00e9 et les analyses politiques. Le site s\u2019adresse \u00e0 un large public francophone et couvre l\u2019information tunisienne en temps r\u00e9el.\",\"email\":\"redac@webdo.tn\",\"legalName\":\"YNJ SARL\",\"foundingDate\":\"2010-09-06\",\"numberOfEmployees\":{\"@type\":\"QuantitativeValue\",\"minValue\":\"11\",\"maxValue\":\"50\"}},{\"@type\":\"Person\",\"@id\":\"https:\\\/\\\/www.webdo.tn\\\/fr\\\/#\\\/schema\\\/person\\\/2c4929cbf5a809e3bd38617c6ce150f6\",\"name\":\"MC\",\"image\":{\"@type\":\"ImageObject\",\"inLanguage\":\"fr-FR\",\"@id\":\"https:\\\/\\\/secure.gravatar.com\\\/avatar\\\/a545bbb6f84efdd5553dbbc2895e3ca8f1d12c5215e00a041c9670b54aa9b18a?s=96&d=mm&r=g\",\"url\":\"https:\\\/\\\/secure.gravatar.com\\\/avatar\\\/a545bbb6f84efdd5553dbbc2895e3ca8f1d12c5215e00a041c9670b54aa9b18a?s=96&d=mm&r=g\",\"contentUrl\":\"https:\\\/\\\/secure.gravatar.com\\\/avatar\\\/a545bbb6f84efdd5553dbbc2895e3ca8f1d12c5215e00a041c9670b54aa9b18a?s=96&d=mm&r=g\",\"caption\":\"MC\"},\"url\":\"https:\\\/\\\/www.webdo.tn\\\/fr\\\/actualite\\\/author\\\/mc\\\/\"}]}<\/script>\n<!-- \/ Yoast SEO Premium plugin. -->","yoast_head_json":{"title":"Kais Saied : Il est temps qu\u2019ils rendent des comptes !","description":"Le pr\u00e9sident de la R\u00e9publique, Kais Saied, s\u2019est entretenu, ce vendredi 3 mars 2023, au Palais de Carthage, avec le pr\u00e9sident du Conseil sup\u00e9rieur provisoire de...","canonical":"https:\/\/www.webdo.tn\/fr\/actualite\/national\/kais-saied-il-est-temps-qu-ils-rendent-des-comptes\/203574\/","og_locale":"fr_FR","og_type":"article","og_title":"Kais Saied : \"Il est temps qu\u2019ils rendent des comptes !\"","og_description":"Le pr\u00e9sident de la R\u00e9publique, Kais Saied, s\u2019est entretenu, ce vendredi 3 mars 2023, au Palais de Carthage, avec le pr\u00e9sident du Conseil sup\u00e9rieur provisoire de...","og_url":"https:\/\/www.webdo.tn\/fr\/actualite\/national\/kais-saied-il-est-temps-qu-ils-rendent-des-comptes\/203574\/","og_site_name":"webdo","article_publisher":"https:\/\/www.facebook.com\/webdotn","article_published_time":"2023-03-03T21:58:00+00:00","article_modified_time":"2025-05-20T22:01:54+00:00","og_image":[{"width":750,"height":400,"url":"https:\/\/www.webdo.tn\/fr\/wp-content\/uploads\/2023\/03\/368f7676ff77e86e704ae1b2a83c6a2e.jpg","type":"image\/jpeg"}],"author":"MC","twitter_card":"summary_large_image","twitter_creator":"@webdo_tn","twitter_site":"@webdo_tn","twitter_misc":{"\u00c9crit par":"MC","Dur\u00e9e de lecture estim\u00e9e":"1 minute"},"schema":{"@context":"https:\/\/schema.org","@graph":[{"@type":"NewsArticle","@id":"https:\/\/www.webdo.tn\/fr\/actualite\/national\/kais-saied-il-est-temps-qu-ils-rendent-des-comptes\/203574\/#article","isPartOf":{"@id":"https:\/\/www.webdo.tn\/fr\/actualite\/national\/kais-saied-il-est-temps-qu-ils-rendent-des-comptes\/203574\/"},"author":{"name":"MC","@id":"https:\/\/www.webdo.tn\/fr\/#\/schema\/person\/2c4929cbf5a809e3bd38617c6ce150f6"},"headline":"Kais Saied : \u00ab\u00a0Il est temps qu\u2019ils rendent des comptes !\u00a0\u00bb","datePublished":"2023-03-03T21:58:00+00:00","dateModified":"2025-05-20T22:01:54+00:00","mainEntityOfPage":{"@id":"https:\/\/www.webdo.tn\/fr\/actualite\/national\/kais-saied-il-est-temps-qu-ils-rendent-des-comptes\/203574\/"},"wordCount":176,"commentCount":0,"publisher":{"@id":"https:\/\/www.webdo.tn\/fr\/#organization"},"image":{"@id":"https:\/\/www.webdo.tn\/fr\/actualite\/national\/kais-saied-il-est-temps-qu-ils-rendent-des-comptes\/203574\/#primaryimage"},"thumbnailUrl":"https:\/\/www.webdo.tn\/fr\/wp-content\/uploads\/2023\/03\/368f7676ff77e86e704ae1b2a83c6a2e.jpg","keywords":["CSM","Kais Saied","magistrats"],"articleSection":["National"],"inLanguage":"fr-FR"},{"@type":"WebPage","@id":"https:\/\/www.webdo.tn\/fr\/actualite\/national\/kais-saied-il-est-temps-qu-ils-rendent-des-comptes\/203574\/","url":"https:\/\/www.webdo.tn\/fr\/actualite\/national\/kais-saied-il-est-temps-qu-ils-rendent-des-comptes\/203574\/","name":"Kais Saied : Il est temps qu\u2019ils rendent des comptes !","isPartOf":{"@id":"https:\/\/www.webdo.tn\/fr\/#website"},"primaryImageOfPage":{"@id":"https:\/\/www.webdo.tn\/fr\/actualite\/national\/kais-saied-il-est-temps-qu-ils-rendent-des-comptes\/203574\/#primaryimage"},"image":{"@id":"https:\/\/www.webdo.tn\/fr\/actualite\/national\/kais-saied-il-est-temps-qu-ils-rendent-des-comptes\/203574\/#primaryimage"},"thumbnailUrl":"https:\/\/www.webdo.tn\/fr\/wp-content\/uploads\/2023\/03\/368f7676ff77e86e704ae1b2a83c6a2e.jpg","datePublished":"2023-03-03T21:58:00+00:00","dateModified":"2025-05-20T22:01:54+00:00","description":"Le pr\u00e9sident de la R\u00e9publique, Kais Saied, s\u2019est entretenu, ce vendredi 3 mars 2023, au Palais de Carthage, avec le pr\u00e9sident du Conseil sup\u00e9rieur provisoire de...","breadcrumb":{"@id":"https:\/\/www.webdo.tn\/fr\/actualite\/national\/kais-saied-il-est-temps-qu-ils-rendent-des-comptes\/203574\/#breadcrumb"},"inLanguage":"fr-FR","potentialAction":[{"@type":"ReadAction","target":["https:\/\/www.webdo.tn\/fr\/actualite\/national\/kais-saied-il-est-temps-qu-ils-rendent-des-comptes\/203574\/"]}]},{"@type":"ImageObject","inLanguage":"fr-FR","@id":"https:\/\/www.webdo.tn\/fr\/actualite\/national\/kais-saied-il-est-temps-qu-ils-rendent-des-comptes\/203574\/#primaryimage","url":"https:\/\/www.webdo.tn\/fr\/wp-content\/uploads\/2023\/03\/368f7676ff77e86e704ae1b2a83c6a2e.jpg","contentUrl":"https:\/\/www.webdo.tn\/fr\/wp-content\/uploads\/2023\/03\/368f7676ff77e86e704ae1b2a83c6a2e.jpg","width":750,"height":400,"caption":"Kais Saied : \"Il est temps qu\u2019ils rendent des comptes !\""},{"@type":"BreadcrumbList","@id":"https:\/\/www.webdo.tn\/fr\/actualite\/national\/kais-saied-il-est-temps-qu-ils-rendent-des-comptes\/203574\/#breadcrumb","itemListElement":[{"@type":"ListItem","position":1,"name":"Accueil","item":"https:\/\/www.webdo.tn\/fr\/"},{"@type":"ListItem","position":2,"name":"Kais Saied : &#8220;Il est temps qu\u2019ils rendent des comptes !&#8221;"}]},{"@type":"WebSite","@id":"https:\/\/www.webdo.tn\/fr\/#website","url":"https:\/\/www.webdo.tn\/fr\/","name":"webdo","description":"Tunisie - News en Tunisie et \u00e0 l&#039;international sur Webdo.tn","publisher":{"@id":"https:\/\/www.webdo.tn\/fr\/#organization"},"potentialAction":[{"@type":"SearchAction","target":{"@type":"EntryPoint","urlTemplate":"https:\/\/www.webdo.tn\/fr\/?s={search_term_string}"},"query-input":{"@type":"PropertyValueSpecification","valueRequired":true,"valueName":"search_term_string"}}],"inLanguage":"fr-FR"},{"@type":"Organization","@id":"https:\/\/www.webdo.tn\/fr\/#organization","name":"Webdo","alternateName":"Webdo.tn","url":"https:\/\/www.webdo.tn\/fr\/","logo":{"@type":"ImageObject","inLanguage":"fr-FR","@id":"https:\/\/www.webdo.tn\/fr\/#\/schema\/logo\/image\/","url":"https:\/\/www.webdo.tn\/fr\/wp-content\/uploads\/2025\/06\/Webdo-Tunisie_168377.jpg","contentUrl":"https:\/\/www.webdo.tn\/fr\/wp-content\/uploads\/2025\/06\/Webdo-Tunisie_168377.jpg","width":301,"height":301,"caption":"Webdo"},"image":{"@id":"https:\/\/www.webdo.tn\/fr\/#\/schema\/logo\/image\/"},"sameAs":["https:\/\/www.facebook.com\/webdotn","https:\/\/x.com\/webdo_tn"],"description":"Webdo est un m\u00e9dia num\u00e9rique tunisien fond\u00e9 en 2010, sp\u00e9cialis\u00e9 dans l\u2019actualit\u00e9 nationale et internationale, l\u2019\u00e9conomie, la soci\u00e9t\u00e9 et les analyses politiques. Le site s\u2019adresse \u00e0 un large public francophone et couvre l\u2019information tunisienne en temps r\u00e9el.","email":"redac@webdo.tn","legalName":"YNJ SARL","foundingDate":"2010-09-06","numberOfEmployees":{"@type":"QuantitativeValue","minValue":"11","maxValue":"50"}},{"@type":"Person","@id":"https:\/\/www.webdo.tn\/fr\/#\/schema\/person\/2c4929cbf5a809e3bd38617c6ce150f6","name":"MC","image":{"@type":"ImageObject","inLanguage":"fr-FR","@id":"https:\/\/secure.gravatar.com\/avatar\/a545bbb6f84efdd5553dbbc2895e3ca8f1d12c5215e00a041c9670b54aa9b18a?s=96&d=mm&r=g","url":"https:\/\/secure.gravatar.com\/avatar\/a545bbb6f84efdd5553dbbc2895e3ca8f1d12c5215e00a041c9670b54aa9b18a?s=96&d=mm&r=g","contentUrl":"https:\/\/secure.gravatar.com\/avatar\/a545bbb6f84efdd5553dbbc2895e3ca8f1d12c5215e00a041c9670b54aa9b18a?s=96&d=mm&r=g","caption":"MC"},"url":"https:\/\/www.webdo.tn\/fr\/actualite\/author\/mc\/"}]}},"_links":{"self":[{"href":"https:\/\/www.webdo.tn\/fr\/wp-json\/wp\/v2\/posts\/203574","targetHints":{"allow":["GET"]}}],"collection":[{"href":"https:\/\/www.webdo.tn\/fr\/wp-json\/wp\/v2\/posts"}],"about":[{"href":"https:\/\/www.webdo.tn\/fr\/wp-json\/wp\/v2\/types\/post"}],"author":[{"embeddable":true,"href":"https:\/\/www.webdo.tn\/fr\/wp-json\/wp\/v2\/users\/3162"}],"replies":[{"embeddable":true,"href":"https:\/\/www.webdo.tn\/fr\/wp-json\/wp\/v2\/comments?post=203574"}],"version-history":[{"count":0,"href":"https:\/\/www.webdo.tn\/fr\/wp-json\/wp\/v2\/posts\/203574\/revisions"}],"wp:featuredmedia":[{"embeddable":true,"href":"https:\/\/www.webdo.tn\/fr\/wp-json\/wp\/v2\/media\/251819"}],"wp:attachment":[{"href":"https:\/\/www.webdo.tn\/fr\/wp-json\/wp\/v2\/media?parent=203574"}],"wp:term":[{"taxonomy":"category","embeddable":true,"href":"https:\/\/www.webdo.tn\/fr\/wp-json\/wp\/v2\/categories?post=203574"},{"taxonomy":"post_tag","embeddable":true,"href":"https:\/\/www.webdo.tn\/fr\/wp-json\/wp\/v2\/tags?post=203574"}],"curies":[{"name":"wp","href":"https:\/\/api.w.org\/{rel}","templated":true}]}}