{"id":203573,"date":"2023-03-03T21:32:00","date_gmt":"2023-03-03T21:32:00","guid":{"rendered":"https:\/\/www.webdo.tn\/fr\/blog\/can-u20-la-tunisie-se-qualifie-en-demi-finale-et-au-mondial\/203573\/"},"modified":"2025-05-20T22:01:53","modified_gmt":"2025-05-20T22:01:53","slug":"can-u20-la-tunisie-se-qualifie-en-demi-finale-et-au-mondial","status":"publish","type":"post","link":"https:\/\/www.webdo.tn\/fr\/actualite\/sport\/can-u20-la-tunisie-se-qualifie-en-demi-finale-et-au-mondial\/203573\/","title":{"rendered":"CAN U20 : La Tunisie se qualifie en demi-finale\u2026 et au Mondial"},"content":{"rendered":"<p>La s\u00e9lection tunisienne de football des moins de 20 ans s\u2019est qualifi\u00e9e, ce soir au Caire aux demi-finales de la Coupe d&rsquo;Afrique des Nations (CANU20), validant au passage sa participation au prochain Mondial, apr\u00e8s \u00eatre parvenue \u00e0 \u00e9liminer le Congo 3-3 puis 5-4 aux tirs au but.<\/p>\n<p>\t\t\t\t\t\t\t\t\tCe sont les Congolais qui ont ouvert le score \u00e0 la 25\u2019 (Deo Bassinga) avant que Jibril Othman n\u2019\u00e9galise pour les Tunisiens \u00e0 la 38\u2019. Samy Chouchane a doubl\u00e9 le score en faveur des Aigles de Carthage \u00e0 la 76\u2019, mais les Congolais ont \u00e9galis\u00e9 quatre minutes plus tard (Deo Bassinga 80\u2019).<\/p>\n<p>Les Congolais ont tripl\u00e9 la marque \u00e0 la 102\u2019 sur penalty (Deo Bassinga), mais Ali Saoudi a remis son \u00e9quipe en selle dans les derni\u00e8res secondes (120\u2019).<\/p>\n<p>Les joueurs d&rsquo;Adel Sellimi se qualifient aux tirs aux buts (5-4) au cours desquels Raed Gazzah a \u00e9t\u00e9 le h\u00e9ros gr\u00e2ce \u00e0 ses parades et affronteront le S\u00e9n\u00e9gal en demi-finales de la CANU20. Ils valident \u00e9galement leur billet pour la Coupe du monde des moins de 20 ans.<\/p>\n","protected":false},"excerpt":{"rendered":"<p>La s\u00e9lection tunisienne de football des moins de 20 ans s\u2019est qualifi\u00e9e, ce soir aux demi-finales de la CAN et au prochain Mondial.<\/p>\n","protected":false},"author":3162,"featured_media":251818,"comment_status":"open","ping_status":"closed","sticky":false,"template":"","format":"standard","meta":{"footnotes":""},"categories":[2593],"tags":[4928,4277,2608,8367],"class_list":["post-203573","post","type-post","status-publish","format-standard","has-post-thumbnail","hentry","category-sport","tag-can","tag-mondial","tag-tunisie","tag-u20"],"yoast_head":"<!-- This site is optimized with the Yoast SEO Premium plugin v27.4 (Yoast SEO v27.5) - https:\/\/yoast.com\/product\/yoast-seo-premium-wordpress\/ -->\n<title>CAN U20 : La Tunisie se qualifie en demi-finale\u2026 et au Mondial<\/title>\n<meta name=\"description\" content=\"La s\u00e9lection tunisienne de football des moins de 20 ans s\u2019est qualifi\u00e9e, ce soir aux demi-finales de la CAN et au prochain Mondial.\" \/>\n<link rel=\"canonical\" href=\"https:\/\/www.webdo.tn\/fr\/actualite\/sport\/can-u20-la-tunisie-se-qualifie-en-demi-finale-et-au-mondial\/203573\/\" \/>\n<meta property=\"og:locale\" content=\"fr_FR\" \/>\n<meta property=\"og:type\" content=\"article\" \/>\n<meta property=\"og:title\" content=\"CAN U20 : La Tunisie se qualifie en demi-finale\u2026 et au Mondial\" \/>\n<meta property=\"og:description\" content=\"La s\u00e9lection tunisienne de football des moins de 20 ans s\u2019est qualifi\u00e9e, ce soir aux demi-finales de la CAN et au prochain Mondial.\" \/>\n<meta property=\"og:url\" content=\"https:\/\/www.webdo.tn\/fr\/actualite\/sport\/can-u20-la-tunisie-se-qualifie-en-demi-finale-et-au-mondial\/203573\/\" \/>\n<meta property=\"og:site_name\" content=\"webdo\" \/>\n<meta property=\"article:publisher\" content=\"https:\/\/www.facebook.com\/webdotn\" \/>\n<meta property=\"article:published_time\" content=\"2023-03-03T21:32:00+00:00\" \/>\n<meta property=\"article:modified_time\" content=\"2025-05-20T22:01:53+00:00\" \/>\n<meta property=\"og:image\" content=\"https:\/\/www.webdo.tn\/fr\/wp-content\/uploads\/2023\/03\/894cce41799a9ceab27a9cee145c1572.jpg\" \/>\n\t<meta property=\"og:image:width\" content=\"750\" \/>\n\t<meta property=\"og:image:height\" content=\"400\" \/>\n\t<meta property=\"og:image:type\" content=\"image\/jpeg\" \/>\n<meta name=\"author\" content=\"MC\" \/>\n<meta name=\"twitter:card\" content=\"summary_large_image\" \/>\n<meta name=\"twitter:creator\" content=\"@webdo_tn\" \/>\n<meta name=\"twitter:site\" content=\"@webdo_tn\" \/>\n<meta name=\"twitter:label1\" content=\"\u00c9crit par\" \/>\n\t<meta name=\"twitter:data1\" content=\"MC\" \/>\n\t<meta name=\"twitter:label2\" content=\"Dur\u00e9e de lecture estim\u00e9e\" \/>\n\t<meta name=\"twitter:data2\" content=\"1 minute\" \/>\n<script type=\"application\/ld+json\" class=\"yoast-schema-graph\">{\"@context\":\"https:\\\/\\\/schema.org\",\"@graph\":[{\"@type\":\"NewsArticle\",\"@id\":\"https:\\\/\\\/www.webdo.tn\\\/fr\\\/actualite\\\/sport\\\/can-u20-la-tunisie-se-qualifie-en-demi-finale-et-au-mondial\\\/203573\\\/#article\",\"isPartOf\":{\"@id\":\"https:\\\/\\\/www.webdo.tn\\\/fr\\\/actualite\\\/sport\\\/can-u20-la-tunisie-se-qualifie-en-demi-finale-et-au-mondial\\\/203573\\\/\"},\"author\":{\"name\":\"MC\",\"@id\":\"https:\\\/\\\/www.webdo.tn\\\/fr\\\/#\\\/schema\\\/person\\\/2c4929cbf5a809e3bd38617c6ce150f6\"},\"headline\":\"CAN U20 : La Tunisie se qualifie en demi-finale\u2026 et au Mondial\",\"datePublished\":\"2023-03-03T21:32:00+00:00\",\"dateModified\":\"2025-05-20T22:01:53+00:00\",\"mainEntityOfPage\":{\"@id\":\"https:\\\/\\\/www.webdo.tn\\\/fr\\\/actualite\\\/sport\\\/can-u20-la-tunisie-se-qualifie-en-demi-finale-et-au-mondial\\\/203573\\\/\"},\"wordCount\":183,\"commentCount\":0,\"publisher\":{\"@id\":\"https:\\\/\\\/www.webdo.tn\\\/fr\\\/#organization\"},\"image\":{\"@id\":\"https:\\\/\\\/www.webdo.tn\\\/fr\\\/actualite\\\/sport\\\/can-u20-la-tunisie-se-qualifie-en-demi-finale-et-au-mondial\\\/203573\\\/#primaryimage\"},\"thumbnailUrl\":\"https:\\\/\\\/www.webdo.tn\\\/fr\\\/wp-content\\\/uploads\\\/2023\\\/03\\\/894cce41799a9ceab27a9cee145c1572.jpg\",\"keywords\":[\"CAN\",\"mondial\",\"Tunisie\",\"U20\"],\"articleSection\":[\"Sport\"],\"inLanguage\":\"fr-FR\"},{\"@type\":\"WebPage\",\"@id\":\"https:\\\/\\\/www.webdo.tn\\\/fr\\\/actualite\\\/sport\\\/can-u20-la-tunisie-se-qualifie-en-demi-finale-et-au-mondial\\\/203573\\\/\",\"url\":\"https:\\\/\\\/www.webdo.tn\\\/fr\\\/actualite\\\/sport\\\/can-u20-la-tunisie-se-qualifie-en-demi-finale-et-au-mondial\\\/203573\\\/\",\"name\":\"CAN U20 : La Tunisie se qualifie en demi-finale\u2026 et au Mondial\",\"isPartOf\":{\"@id\":\"https:\\\/\\\/www.webdo.tn\\\/fr\\\/#website\"},\"primaryImageOfPage\":{\"@id\":\"https:\\\/\\\/www.webdo.tn\\\/fr\\\/actualite\\\/sport\\\/can-u20-la-tunisie-se-qualifie-en-demi-finale-et-au-mondial\\\/203573\\\/#primaryimage\"},\"image\":{\"@id\":\"https:\\\/\\\/www.webdo.tn\\\/fr\\\/actualite\\\/sport\\\/can-u20-la-tunisie-se-qualifie-en-demi-finale-et-au-mondial\\\/203573\\\/#primaryimage\"},\"thumbnailUrl\":\"https:\\\/\\\/www.webdo.tn\\\/fr\\\/wp-content\\\/uploads\\\/2023\\\/03\\\/894cce41799a9ceab27a9cee145c1572.jpg\",\"datePublished\":\"2023-03-03T21:32:00+00:00\",\"dateModified\":\"2025-05-20T22:01:53+00:00\",\"description\":\"La s\u00e9lection tunisienne de football des moins de 20 ans s\u2019est qualifi\u00e9e, ce soir aux demi-finales de la CAN et au prochain Mondial.\",\"breadcrumb\":{\"@id\":\"https:\\\/\\\/www.webdo.tn\\\/fr\\\/actualite\\\/sport\\\/can-u20-la-tunisie-se-qualifie-en-demi-finale-et-au-mondial\\\/203573\\\/#breadcrumb\"},\"inLanguage\":\"fr-FR\",\"potentialAction\":[{\"@type\":\"ReadAction\",\"target\":[\"https:\\\/\\\/www.webdo.tn\\\/fr\\\/actualite\\\/sport\\\/can-u20-la-tunisie-se-qualifie-en-demi-finale-et-au-mondial\\\/203573\\\/\"]}]},{\"@type\":\"ImageObject\",\"inLanguage\":\"fr-FR\",\"@id\":\"https:\\\/\\\/www.webdo.tn\\\/fr\\\/actualite\\\/sport\\\/can-u20-la-tunisie-se-qualifie-en-demi-finale-et-au-mondial\\\/203573\\\/#primaryimage\",\"url\":\"https:\\\/\\\/www.webdo.tn\\\/fr\\\/wp-content\\\/uploads\\\/2023\\\/03\\\/894cce41799a9ceab27a9cee145c1572.jpg\",\"contentUrl\":\"https:\\\/\\\/www.webdo.tn\\\/fr\\\/wp-content\\\/uploads\\\/2023\\\/03\\\/894cce41799a9ceab27a9cee145c1572.jpg\",\"width\":750,\"height\":400,\"caption\":\"CAN U20 : La Tunisie se qualifie en demi-finale\u2026 et au Mondial\"},{\"@type\":\"BreadcrumbList\",\"@id\":\"https:\\\/\\\/www.webdo.tn\\\/fr\\\/actualite\\\/sport\\\/can-u20-la-tunisie-se-qualifie-en-demi-finale-et-au-mondial\\\/203573\\\/#breadcrumb\",\"itemListElement\":[{\"@type\":\"ListItem\",\"position\":1,\"name\":\"Accueil\",\"item\":\"https:\\\/\\\/www.webdo.tn\\\/fr\\\/\"},{\"@type\":\"ListItem\",\"position\":2,\"name\":\"CAN U20 : La Tunisie se qualifie en demi-finale\u2026 et au Mondial\"}]},{\"@type\":\"WebSite\",\"@id\":\"https:\\\/\\\/www.webdo.tn\\\/fr\\\/#website\",\"url\":\"https:\\\/\\\/www.webdo.tn\\\/fr\\\/\",\"name\":\"webdo\",\"description\":\"Tunisie - News en Tunisie et \u00e0 l&#039;international sur Webdo.tn\",\"publisher\":{\"@id\":\"https:\\\/\\\/www.webdo.tn\\\/fr\\\/#organization\"},\"potentialAction\":[{\"@type\":\"SearchAction\",\"target\":{\"@type\":\"EntryPoint\",\"urlTemplate\":\"https:\\\/\\\/www.webdo.tn\\\/fr\\\/?s={search_term_string}\"},\"query-input\":{\"@type\":\"PropertyValueSpecification\",\"valueRequired\":true,\"valueName\":\"search_term_string\"}}],\"inLanguage\":\"fr-FR\"},{\"@type\":\"Organization\",\"@id\":\"https:\\\/\\\/www.webdo.tn\\\/fr\\\/#organization\",\"name\":\"Webdo\",\"alternateName\":\"Webdo.tn\",\"url\":\"https:\\\/\\\/www.webdo.tn\\\/fr\\\/\",\"logo\":{\"@type\":\"ImageObject\",\"inLanguage\":\"fr-FR\",\"@id\":\"https:\\\/\\\/www.webdo.tn\\\/fr\\\/#\\\/schema\\\/logo\\\/image\\\/\",\"url\":\"https:\\\/\\\/www.webdo.tn\\\/fr\\\/wp-content\\\/uploads\\\/2025\\\/06\\\/Webdo-Tunisie_168377.jpg\",\"contentUrl\":\"https:\\\/\\\/www.webdo.tn\\\/fr\\\/wp-content\\\/uploads\\\/2025\\\/06\\\/Webdo-Tunisie_168377.jpg\",\"width\":301,\"height\":301,\"caption\":\"Webdo\"},\"image\":{\"@id\":\"https:\\\/\\\/www.webdo.tn\\\/fr\\\/#\\\/schema\\\/logo\\\/image\\\/\"},\"sameAs\":[\"https:\\\/\\\/www.facebook.com\\\/webdotn\",\"https:\\\/\\\/x.com\\\/webdo_tn\"],\"description\":\"Webdo est un m\u00e9dia num\u00e9rique tunisien fond\u00e9 en 2010, sp\u00e9cialis\u00e9 dans l\u2019actualit\u00e9 nationale et internationale, l\u2019\u00e9conomie, la soci\u00e9t\u00e9 et les analyses politiques. Le site s\u2019adresse \u00e0 un large public francophone et couvre l\u2019information tunisienne en temps r\u00e9el.\",\"email\":\"redac@webdo.tn\",\"legalName\":\"YNJ SARL\",\"foundingDate\":\"2010-09-06\",\"numberOfEmployees\":{\"@type\":\"QuantitativeValue\",\"minValue\":\"11\",\"maxValue\":\"50\"}},{\"@type\":\"Person\",\"@id\":\"https:\\\/\\\/www.webdo.tn\\\/fr\\\/#\\\/schema\\\/person\\\/2c4929cbf5a809e3bd38617c6ce150f6\",\"name\":\"MC\",\"image\":{\"@type\":\"ImageObject\",\"inLanguage\":\"fr-FR\",\"@id\":\"https:\\\/\\\/secure.gravatar.com\\\/avatar\\\/a545bbb6f84efdd5553dbbc2895e3ca8f1d12c5215e00a041c9670b54aa9b18a?s=96&d=mm&r=g\",\"url\":\"https:\\\/\\\/secure.gravatar.com\\\/avatar\\\/a545bbb6f84efdd5553dbbc2895e3ca8f1d12c5215e00a041c9670b54aa9b18a?s=96&d=mm&r=g\",\"contentUrl\":\"https:\\\/\\\/secure.gravatar.com\\\/avatar\\\/a545bbb6f84efdd5553dbbc2895e3ca8f1d12c5215e00a041c9670b54aa9b18a?s=96&d=mm&r=g\",\"caption\":\"MC\"},\"url\":\"https:\\\/\\\/www.webdo.tn\\\/fr\\\/actualite\\\/author\\\/mc\\\/\"}]}<\/script>\n<!-- \/ Yoast SEO Premium plugin. -->","yoast_head_json":{"title":"CAN U20 : La Tunisie se qualifie en demi-finale\u2026 et au Mondial","description":"La s\u00e9lection tunisienne de football des moins de 20 ans s\u2019est qualifi\u00e9e, ce soir aux demi-finales de la CAN et au prochain Mondial.","canonical":"https:\/\/www.webdo.tn\/fr\/actualite\/sport\/can-u20-la-tunisie-se-qualifie-en-demi-finale-et-au-mondial\/203573\/","og_locale":"fr_FR","og_type":"article","og_title":"CAN U20 : La Tunisie se qualifie en demi-finale\u2026 et au Mondial","og_description":"La s\u00e9lection tunisienne de football des moins de 20 ans s\u2019est qualifi\u00e9e, ce soir aux demi-finales de la CAN et au prochain Mondial.","og_url":"https:\/\/www.webdo.tn\/fr\/actualite\/sport\/can-u20-la-tunisie-se-qualifie-en-demi-finale-et-au-mondial\/203573\/","og_site_name":"webdo","article_publisher":"https:\/\/www.facebook.com\/webdotn","article_published_time":"2023-03-03T21:32:00+00:00","article_modified_time":"2025-05-20T22:01:53+00:00","og_image":[{"width":750,"height":400,"url":"https:\/\/www.webdo.tn\/fr\/wp-content\/uploads\/2023\/03\/894cce41799a9ceab27a9cee145c1572.jpg","type":"image\/jpeg"}],"author":"MC","twitter_card":"summary_large_image","twitter_creator":"@webdo_tn","twitter_site":"@webdo_tn","twitter_misc":{"\u00c9crit par":"MC","Dur\u00e9e de lecture estim\u00e9e":"1 minute"},"schema":{"@context":"https:\/\/schema.org","@graph":[{"@type":"NewsArticle","@id":"https:\/\/www.webdo.tn\/fr\/actualite\/sport\/can-u20-la-tunisie-se-qualifie-en-demi-finale-et-au-mondial\/203573\/#article","isPartOf":{"@id":"https:\/\/www.webdo.tn\/fr\/actualite\/sport\/can-u20-la-tunisie-se-qualifie-en-demi-finale-et-au-mondial\/203573\/"},"author":{"name":"MC","@id":"https:\/\/www.webdo.tn\/fr\/#\/schema\/person\/2c4929cbf5a809e3bd38617c6ce150f6"},"headline":"CAN U20 : La Tunisie se qualifie en demi-finale\u2026 et au Mondial","datePublished":"2023-03-03T21:32:00+00:00","dateModified":"2025-05-20T22:01:53+00:00","mainEntityOfPage":{"@id":"https:\/\/www.webdo.tn\/fr\/actualite\/sport\/can-u20-la-tunisie-se-qualifie-en-demi-finale-et-au-mondial\/203573\/"},"wordCount":183,"commentCount":0,"publisher":{"@id":"https:\/\/www.webdo.tn\/fr\/#organization"},"image":{"@id":"https:\/\/www.webdo.tn\/fr\/actualite\/sport\/can-u20-la-tunisie-se-qualifie-en-demi-finale-et-au-mondial\/203573\/#primaryimage"},"thumbnailUrl":"https:\/\/www.webdo.tn\/fr\/wp-content\/uploads\/2023\/03\/894cce41799a9ceab27a9cee145c1572.jpg","keywords":["CAN","mondial","Tunisie","U20"],"articleSection":["Sport"],"inLanguage":"fr-FR"},{"@type":"WebPage","@id":"https:\/\/www.webdo.tn\/fr\/actualite\/sport\/can-u20-la-tunisie-se-qualifie-en-demi-finale-et-au-mondial\/203573\/","url":"https:\/\/www.webdo.tn\/fr\/actualite\/sport\/can-u20-la-tunisie-se-qualifie-en-demi-finale-et-au-mondial\/203573\/","name":"CAN U20 : La Tunisie se qualifie en demi-finale\u2026 et au Mondial","isPartOf":{"@id":"https:\/\/www.webdo.tn\/fr\/#website"},"primaryImageOfPage":{"@id":"https:\/\/www.webdo.tn\/fr\/actualite\/sport\/can-u20-la-tunisie-se-qualifie-en-demi-finale-et-au-mondial\/203573\/#primaryimage"},"image":{"@id":"https:\/\/www.webdo.tn\/fr\/actualite\/sport\/can-u20-la-tunisie-se-qualifie-en-demi-finale-et-au-mondial\/203573\/#primaryimage"},"thumbnailUrl":"https:\/\/www.webdo.tn\/fr\/wp-content\/uploads\/2023\/03\/894cce41799a9ceab27a9cee145c1572.jpg","datePublished":"2023-03-03T21:32:00+00:00","dateModified":"2025-05-20T22:01:53+00:00","description":"La s\u00e9lection tunisienne de football des moins de 20 ans s\u2019est qualifi\u00e9e, ce soir aux demi-finales de la CAN et au prochain Mondial.","breadcrumb":{"@id":"https:\/\/www.webdo.tn\/fr\/actualite\/sport\/can-u20-la-tunisie-se-qualifie-en-demi-finale-et-au-mondial\/203573\/#breadcrumb"},"inLanguage":"fr-FR","potentialAction":[{"@type":"ReadAction","target":["https:\/\/www.webdo.tn\/fr\/actualite\/sport\/can-u20-la-tunisie-se-qualifie-en-demi-finale-et-au-mondial\/203573\/"]}]},{"@type":"ImageObject","inLanguage":"fr-FR","@id":"https:\/\/www.webdo.tn\/fr\/actualite\/sport\/can-u20-la-tunisie-se-qualifie-en-demi-finale-et-au-mondial\/203573\/#primaryimage","url":"https:\/\/www.webdo.tn\/fr\/wp-content\/uploads\/2023\/03\/894cce41799a9ceab27a9cee145c1572.jpg","contentUrl":"https:\/\/www.webdo.tn\/fr\/wp-content\/uploads\/2023\/03\/894cce41799a9ceab27a9cee145c1572.jpg","width":750,"height":400,"caption":"CAN U20 : La Tunisie se qualifie en demi-finale\u2026 et au Mondial"},{"@type":"BreadcrumbList","@id":"https:\/\/www.webdo.tn\/fr\/actualite\/sport\/can-u20-la-tunisie-se-qualifie-en-demi-finale-et-au-mondial\/203573\/#breadcrumb","itemListElement":[{"@type":"ListItem","position":1,"name":"Accueil","item":"https:\/\/www.webdo.tn\/fr\/"},{"@type":"ListItem","position":2,"name":"CAN U20 : La Tunisie se qualifie en demi-finale\u2026 et au Mondial"}]},{"@type":"WebSite","@id":"https:\/\/www.webdo.tn\/fr\/#website","url":"https:\/\/www.webdo.tn\/fr\/","name":"webdo","description":"Tunisie - News en Tunisie et \u00e0 l&#039;international sur Webdo.tn","publisher":{"@id":"https:\/\/www.webdo.tn\/fr\/#organization"},"potentialAction":[{"@type":"SearchAction","target":{"@type":"EntryPoint","urlTemplate":"https:\/\/www.webdo.tn\/fr\/?s={search_term_string}"},"query-input":{"@type":"PropertyValueSpecification","valueRequired":true,"valueName":"search_term_string"}}],"inLanguage":"fr-FR"},{"@type":"Organization","@id":"https:\/\/www.webdo.tn\/fr\/#organization","name":"Webdo","alternateName":"Webdo.tn","url":"https:\/\/www.webdo.tn\/fr\/","logo":{"@type":"ImageObject","inLanguage":"fr-FR","@id":"https:\/\/www.webdo.tn\/fr\/#\/schema\/logo\/image\/","url":"https:\/\/www.webdo.tn\/fr\/wp-content\/uploads\/2025\/06\/Webdo-Tunisie_168377.jpg","contentUrl":"https:\/\/www.webdo.tn\/fr\/wp-content\/uploads\/2025\/06\/Webdo-Tunisie_168377.jpg","width":301,"height":301,"caption":"Webdo"},"image":{"@id":"https:\/\/www.webdo.tn\/fr\/#\/schema\/logo\/image\/"},"sameAs":["https:\/\/www.facebook.com\/webdotn","https:\/\/x.com\/webdo_tn"],"description":"Webdo est un m\u00e9dia num\u00e9rique tunisien fond\u00e9 en 2010, sp\u00e9cialis\u00e9 dans l\u2019actualit\u00e9 nationale et internationale, l\u2019\u00e9conomie, la soci\u00e9t\u00e9 et les analyses politiques. Le site s\u2019adresse \u00e0 un large public francophone et couvre l\u2019information tunisienne en temps r\u00e9el.","email":"redac@webdo.tn","legalName":"YNJ SARL","foundingDate":"2010-09-06","numberOfEmployees":{"@type":"QuantitativeValue","minValue":"11","maxValue":"50"}},{"@type":"Person","@id":"https:\/\/www.webdo.tn\/fr\/#\/schema\/person\/2c4929cbf5a809e3bd38617c6ce150f6","name":"MC","image":{"@type":"ImageObject","inLanguage":"fr-FR","@id":"https:\/\/secure.gravatar.com\/avatar\/a545bbb6f84efdd5553dbbc2895e3ca8f1d12c5215e00a041c9670b54aa9b18a?s=96&d=mm&r=g","url":"https:\/\/secure.gravatar.com\/avatar\/a545bbb6f84efdd5553dbbc2895e3ca8f1d12c5215e00a041c9670b54aa9b18a?s=96&d=mm&r=g","contentUrl":"https:\/\/secure.gravatar.com\/avatar\/a545bbb6f84efdd5553dbbc2895e3ca8f1d12c5215e00a041c9670b54aa9b18a?s=96&d=mm&r=g","caption":"MC"},"url":"https:\/\/www.webdo.tn\/fr\/actualite\/author\/mc\/"}]}},"_links":{"self":[{"href":"https:\/\/www.webdo.tn\/fr\/wp-json\/wp\/v2\/posts\/203573","targetHints":{"allow":["GET"]}}],"collection":[{"href":"https:\/\/www.webdo.tn\/fr\/wp-json\/wp\/v2\/posts"}],"about":[{"href":"https:\/\/www.webdo.tn\/fr\/wp-json\/wp\/v2\/types\/post"}],"author":[{"embeddable":true,"href":"https:\/\/www.webdo.tn\/fr\/wp-json\/wp\/v2\/users\/3162"}],"replies":[{"embeddable":true,"href":"https:\/\/www.webdo.tn\/fr\/wp-json\/wp\/v2\/comments?post=203573"}],"version-history":[{"count":0,"href":"https:\/\/www.webdo.tn\/fr\/wp-json\/wp\/v2\/posts\/203573\/revisions"}],"wp:featuredmedia":[{"embeddable":true,"href":"https:\/\/www.webdo.tn\/fr\/wp-json\/wp\/v2\/media\/251818"}],"wp:attachment":[{"href":"https:\/\/www.webdo.tn\/fr\/wp-json\/wp\/v2\/media?parent=203573"}],"wp:term":[{"taxonomy":"category","embeddable":true,"href":"https:\/\/www.webdo.tn\/fr\/wp-json\/wp\/v2\/categories?post=203573"},{"taxonomy":"post_tag","embeddable":true,"href":"https:\/\/www.webdo.tn\/fr\/wp-json\/wp\/v2\/tags?post=203573"}],"curies":[{"name":"wp","href":"https:\/\/api.w.org\/{rel}","templated":true}]}}