{"id":203563,"date":"2023-03-03T19:21:00","date_gmt":"2023-03-03T19:21:00","guid":{"rendered":"https:\/\/www.webdo.tn\/fr\/blog\/fmi-tunisie-la-premiere-tranche-du-pret-devrait-etre-debloquee-avant-la-fin-juin\/203563\/"},"modified":"2025-05-20T22:07:49","modified_gmt":"2025-05-20T22:07:49","slug":"fmi-tunisie-la-premiere-tranche-du-pret-devrait-etre-debloquee-avant-la-fin-juin","status":"publish","type":"post","link":"https:\/\/www.webdo.tn\/fr\/actualite\/national\/fmi-tunisie-la-premiere-tranche-du-pret-devrait-etre-debloquee-avant-la-fin-juin\/203563\/","title":{"rendered":"FMI &#8211; Tunisie : La premi\u00e8re tranche du pr\u00eat devrait \u00eatre d\u00e9bloqu\u00e9e avant la fin juin"},"content":{"rendered":"<p>Les progr\u00e8s accomplis par la Tunisie en mati\u00e8re de r\u00e9formes qui s&rsquo;inscrivent dans le cadre de l&rsquo;accord avec le FMI au titre du m\u00e9canisme \u00e9largi de cr\u00e9dit (MEDC), d&rsquo;un montant d\u2019environ 1,9 milliard de dollars devraient lui permettre d\u2019encaisser la premi\u00e8re tranche du pr\u00eat avant la fin du deuxi\u00e8me trimestre 2023, estime l&rsquo;agence de notation financi\u00e8re internationale, Fitch Ratings.<\/p>\n<p>\t\t\t\t\t\t\t\t\tDans une note publi\u00e9e sur son site, Fitch Ratings a relev\u00e9 les progr\u00e8s accomplis par la Tunisie et estime que le Fonds Mon\u00e9taire International (FMI) devrait d\u00e9bloquer la premi\u00e8re tranche du pr\u00eat avant la fin du deuxi\u00e8me trimestre 2023.<\/p>\n<p>Selon Fitch Ratings, ces progr\u00e8s se traduisent essentiellement, par l&rsquo;approbation, le 9 f\u00e9vrier 2023, par la pr\u00e9sidence du gouvernement, du d\u00e9cret portant amendement de la loi du 1er f\u00e9vrier 1989, relative aux participations, entreprises et \u00e9tablissements publics.<\/p>\n<p>L&rsquo;agence a \u00e9galement, fait \u00e9tat d&rsquo;une avanc\u00e9e dans la finalisation et l&rsquo;actualisation du plan de financement pr\u00e9sent\u00e9 par les autorit\u00e9s. L&rsquo;ensemble de ces progr\u00e8s ont permis d&rsquo;accro\u00eetre la probabilit\u00e9 de d\u00e9caissement du pr\u00eat du FMI, rapporte l\u2019agence TAP.<\/p>\n<p>Fitch Ratings pr\u00e9vient toutefois que le risque concernant le financement ext\u00e9rieur du pays reste \u00ab\u00a0\u00e9lev\u00e9\u00a0\u00bb, et que le retard pris dans l&rsquo;approbation par le conseil d&rsquo;administration du FMI aurait \u00e9galement un impact sur la mise en \u0153uvre du programme de r\u00e9formes.<\/p>\n<p>D&rsquo;apr\u00e8s la m\u00eame source, le programme de financement actualis\u00e9 devrait permettre \u00e0 la Tunisie de recevoir plus de 5 milliards de financements ext\u00e9rieurs provenant essentiellement, de l&rsquo;Europe et des pays du golfe. Cette enveloppe constitue environ 65% des besoins de financement du gouvernement en 2023, soit environ 16,9% du PIB.<\/p>\n<p>Les estimations de Fitch, en termes de besoins de financement, supposent que le d\u00e9ficit budg\u00e9taire soit ramen\u00e9 \u00e0 5,7% du PIB en 2023, contre 7,3% en 2022, gr\u00e2ce \u00e0 des mesures telles que la ma\u00eetrise de la masse salariale et la r\u00e9forme des subventions.<\/p>\n<p>Fitch avertit \u00e9galement que m\u00eame en cas d&rsquo;un accord avec le FMI, les pressions sur les financements ext\u00e9rieurs pourraient r\u00e9appara\u00eetre si les autorit\u00e9s s&rsquo;\u00e9cartaient des objectifs du programme de financement, et cela pourrait entra\u00eener la suspension du d\u00e9caissement des tranches restantes du pr\u00eat et entraverait probablement les d\u00e9caissements de financements bilat\u00e9raux.<\/p>\n<p>Et d&rsquo;ajouter que la capacit\u00e9 du gouvernement \u00e0 mettre en \u0153uvre les r\u00e9formes, dans le cadre de l&rsquo;accord de financement, pourrait \u00eatre remise en question si l&rsquo;instabilit\u00e9 sociale augmente, surtout que l&rsquo;Union g\u00e9n\u00e9rale tunisienne du travail (UGTT) est fortement oppos\u00e9e \u00e0 certaines r\u00e9formes concernant notamment les entreprises publiques.<\/p>\n","protected":false},"excerpt":{"rendered":"<p>Les progr\u00e8s accomplis par la Tunisie en mati\u00e8re de r\u00e9formes  devraient lui permettre d\u2019encaisser la premi\u00e8re tranche du pr\u00eat du FMI, estime l&rsquo;agence de notation&#8230;<\/p>\n","protected":false},"author":3162,"featured_media":277829,"comment_status":"open","ping_status":"closed","sticky":false,"template":"","format":"standard","meta":{"footnotes":""},"categories":[44],"tags":[5702,4233,2685,2608],"class_list":["post-203563","post","type-post","status-publish","format-standard","has-post-thumbnail","hentry","category-national","tag-fitch-ratings","tag-fmi","tag-pret","tag-tunisie"],"yoast_head":"<!-- This site is optimized with the Yoast SEO Premium plugin v27.5 (Yoast SEO v27.5) - https:\/\/yoast.com\/product\/yoast-seo-premium-wordpress\/ -->\n<title>FMI - Tunisie : La premi\u00e8re tranche du pr\u00eat devrait \u00eatre d\u00e9bloqu\u00e9e avant la fin juin<\/title>\n<meta name=\"description\" content=\"Les progr\u00e8s accomplis par la Tunisie en mati\u00e8re de r\u00e9formes devraient lui permettre d\u2019encaisser la premi\u00e8re tranche du pr\u00eat du FMI, estime l&#039;agence de notation...\" \/>\n<link rel=\"canonical\" href=\"https:\/\/www.webdo.tn\/fr\/actualite\/national\/fmi-tunisie-la-premiere-tranche-du-pret-devrait-etre-debloquee-avant-la-fin-juin\/203563\/\" \/>\n<meta property=\"og:locale\" content=\"fr_FR\" \/>\n<meta property=\"og:type\" content=\"article\" \/>\n<meta property=\"og:title\" content=\"FMI - Tunisie : La premi\u00e8re tranche du pr\u00eat devrait \u00eatre d\u00e9bloqu\u00e9e avant la fin juin\" \/>\n<meta property=\"og:description\" content=\"Les progr\u00e8s accomplis par la Tunisie en mati\u00e8re de r\u00e9formes devraient lui permettre d\u2019encaisser la premi\u00e8re tranche du pr\u00eat du FMI, estime l&#039;agence de notation...\" \/>\n<meta property=\"og:url\" content=\"https:\/\/www.webdo.tn\/fr\/actualite\/national\/fmi-tunisie-la-premiere-tranche-du-pret-devrait-etre-debloquee-avant-la-fin-juin\/203563\/\" \/>\n<meta property=\"og:site_name\" content=\"webdo\" \/>\n<meta property=\"article:publisher\" content=\"https:\/\/www.facebook.com\/webdotn\" \/>\n<meta property=\"article:published_time\" content=\"2023-03-03T19:21:00+00:00\" \/>\n<meta property=\"article:modified_time\" content=\"2025-05-20T22:07:49+00:00\" \/>\n<meta property=\"og:image\" content=\"https:\/\/www.webdo.tn\/fr\/wp-content\/uploads\/2023\/03\/8490d5fad91065a32dd4ac711582b5b5.jpg\" \/>\n\t<meta property=\"og:image:width\" content=\"750\" \/>\n\t<meta property=\"og:image:height\" content=\"400\" \/>\n\t<meta property=\"og:image:type\" content=\"image\/jpeg\" \/>\n<meta name=\"author\" content=\"MC\" \/>\n<meta name=\"twitter:card\" content=\"summary_large_image\" \/>\n<meta name=\"twitter:creator\" content=\"@webdo_tn\" \/>\n<meta name=\"twitter:site\" content=\"@webdo_tn\" \/>\n<meta name=\"twitter:label1\" content=\"\u00c9crit par\" \/>\n\t<meta name=\"twitter:data1\" content=\"MC\" \/>\n\t<meta name=\"twitter:label2\" content=\"Dur\u00e9e de lecture estim\u00e9e\" \/>\n\t<meta name=\"twitter:data2\" content=\"2 minutes\" \/>\n<script type=\"application\/ld+json\" class=\"yoast-schema-graph\">{\"@context\":\"https:\\\/\\\/schema.org\",\"@graph\":[{\"@type\":\"NewsArticle\",\"@id\":\"https:\\\/\\\/www.webdo.tn\\\/fr\\\/actualite\\\/national\\\/fmi-tunisie-la-premiere-tranche-du-pret-devrait-etre-debloquee-avant-la-fin-juin\\\/203563\\\/#article\",\"isPartOf\":{\"@id\":\"https:\\\/\\\/www.webdo.tn\\\/fr\\\/actualite\\\/national\\\/fmi-tunisie-la-premiere-tranche-du-pret-devrait-etre-debloquee-avant-la-fin-juin\\\/203563\\\/\"},\"author\":{\"name\":\"MC\",\"@id\":\"https:\\\/\\\/www.webdo.tn\\\/fr\\\/#\\\/schema\\\/person\\\/2c4929cbf5a809e3bd38617c6ce150f6\"},\"headline\":\"FMI &#8211; Tunisie : La premi\u00e8re tranche du pr\u00eat devrait \u00eatre d\u00e9bloqu\u00e9e avant la fin juin\",\"datePublished\":\"2023-03-03T19:21:00+00:00\",\"dateModified\":\"2025-05-20T22:07:49+00:00\",\"mainEntityOfPage\":{\"@id\":\"https:\\\/\\\/www.webdo.tn\\\/fr\\\/actualite\\\/national\\\/fmi-tunisie-la-premiere-tranche-du-pret-devrait-etre-debloquee-avant-la-fin-juin\\\/203563\\\/\"},\"wordCount\":484,\"commentCount\":0,\"publisher\":{\"@id\":\"https:\\\/\\\/www.webdo.tn\\\/fr\\\/#organization\"},\"image\":{\"@id\":\"https:\\\/\\\/www.webdo.tn\\\/fr\\\/actualite\\\/national\\\/fmi-tunisie-la-premiere-tranche-du-pret-devrait-etre-debloquee-avant-la-fin-juin\\\/203563\\\/#primaryimage\"},\"thumbnailUrl\":\"https:\\\/\\\/www.webdo.tn\\\/fr\\\/wp-content\\\/uploads\\\/2023\\\/03\\\/8490d5fad91065a32dd4ac711582b5b5.jpg\",\"keywords\":[\"fitch ratings\",\"FMI\",\"pr\u00eat\",\"Tunisie\"],\"articleSection\":[\"National\"],\"inLanguage\":\"fr-FR\"},{\"@type\":\"WebPage\",\"@id\":\"https:\\\/\\\/www.webdo.tn\\\/fr\\\/actualite\\\/national\\\/fmi-tunisie-la-premiere-tranche-du-pret-devrait-etre-debloquee-avant-la-fin-juin\\\/203563\\\/\",\"url\":\"https:\\\/\\\/www.webdo.tn\\\/fr\\\/actualite\\\/national\\\/fmi-tunisie-la-premiere-tranche-du-pret-devrait-etre-debloquee-avant-la-fin-juin\\\/203563\\\/\",\"name\":\"FMI - Tunisie : La premi\u00e8re tranche du pr\u00eat devrait \u00eatre d\u00e9bloqu\u00e9e avant la fin juin\",\"isPartOf\":{\"@id\":\"https:\\\/\\\/www.webdo.tn\\\/fr\\\/#website\"},\"primaryImageOfPage\":{\"@id\":\"https:\\\/\\\/www.webdo.tn\\\/fr\\\/actualite\\\/national\\\/fmi-tunisie-la-premiere-tranche-du-pret-devrait-etre-debloquee-avant-la-fin-juin\\\/203563\\\/#primaryimage\"},\"image\":{\"@id\":\"https:\\\/\\\/www.webdo.tn\\\/fr\\\/actualite\\\/national\\\/fmi-tunisie-la-premiere-tranche-du-pret-devrait-etre-debloquee-avant-la-fin-juin\\\/203563\\\/#primaryimage\"},\"thumbnailUrl\":\"https:\\\/\\\/www.webdo.tn\\\/fr\\\/wp-content\\\/uploads\\\/2023\\\/03\\\/8490d5fad91065a32dd4ac711582b5b5.jpg\",\"datePublished\":\"2023-03-03T19:21:00+00:00\",\"dateModified\":\"2025-05-20T22:07:49+00:00\",\"description\":\"Les progr\u00e8s accomplis par la Tunisie en mati\u00e8re de r\u00e9formes devraient lui permettre d\u2019encaisser la premi\u00e8re tranche du pr\u00eat du FMI, estime l'agence de notation...\",\"breadcrumb\":{\"@id\":\"https:\\\/\\\/www.webdo.tn\\\/fr\\\/actualite\\\/national\\\/fmi-tunisie-la-premiere-tranche-du-pret-devrait-etre-debloquee-avant-la-fin-juin\\\/203563\\\/#breadcrumb\"},\"inLanguage\":\"fr-FR\",\"potentialAction\":[{\"@type\":\"ReadAction\",\"target\":[\"https:\\\/\\\/www.webdo.tn\\\/fr\\\/actualite\\\/national\\\/fmi-tunisie-la-premiere-tranche-du-pret-devrait-etre-debloquee-avant-la-fin-juin\\\/203563\\\/\"]}]},{\"@type\":\"ImageObject\",\"inLanguage\":\"fr-FR\",\"@id\":\"https:\\\/\\\/www.webdo.tn\\\/fr\\\/actualite\\\/national\\\/fmi-tunisie-la-premiere-tranche-du-pret-devrait-etre-debloquee-avant-la-fin-juin\\\/203563\\\/#primaryimage\",\"url\":\"https:\\\/\\\/www.webdo.tn\\\/fr\\\/wp-content\\\/uploads\\\/2023\\\/03\\\/8490d5fad91065a32dd4ac711582b5b5.jpg\",\"contentUrl\":\"https:\\\/\\\/www.webdo.tn\\\/fr\\\/wp-content\\\/uploads\\\/2023\\\/03\\\/8490d5fad91065a32dd4ac711582b5b5.jpg\",\"width\":750,\"height\":400,\"caption\":\"FMI - Tunisie : La premi\u00e8re tranche du pr\u00eat devrait \u00eatre d\u00e9bloqu\u00e9e avant la fin juin\"},{\"@type\":\"BreadcrumbList\",\"@id\":\"https:\\\/\\\/www.webdo.tn\\\/fr\\\/actualite\\\/national\\\/fmi-tunisie-la-premiere-tranche-du-pret-devrait-etre-debloquee-avant-la-fin-juin\\\/203563\\\/#breadcrumb\",\"itemListElement\":[{\"@type\":\"ListItem\",\"position\":1,\"name\":\"Accueil\",\"item\":\"https:\\\/\\\/www.webdo.tn\\\/fr\\\/\"},{\"@type\":\"ListItem\",\"position\":2,\"name\":\"FMI &#8211; Tunisie : La premi\u00e8re tranche du pr\u00eat devrait \u00eatre d\u00e9bloqu\u00e9e avant la fin juin\"}]},{\"@type\":\"WebSite\",\"@id\":\"https:\\\/\\\/www.webdo.tn\\\/fr\\\/#website\",\"url\":\"https:\\\/\\\/www.webdo.tn\\\/fr\\\/\",\"name\":\"webdo\",\"description\":\"Tunisie - News en Tunisie et \u00e0 l&#039;international sur Webdo.tn\",\"publisher\":{\"@id\":\"https:\\\/\\\/www.webdo.tn\\\/fr\\\/#organization\"},\"potentialAction\":[{\"@type\":\"SearchAction\",\"target\":{\"@type\":\"EntryPoint\",\"urlTemplate\":\"https:\\\/\\\/www.webdo.tn\\\/fr\\\/?s={search_term_string}\"},\"query-input\":{\"@type\":\"PropertyValueSpecification\",\"valueRequired\":true,\"valueName\":\"search_term_string\"}}],\"inLanguage\":\"fr-FR\"},{\"@type\":\"Organization\",\"@id\":\"https:\\\/\\\/www.webdo.tn\\\/fr\\\/#organization\",\"name\":\"Webdo\",\"alternateName\":\"Webdo.tn\",\"url\":\"https:\\\/\\\/www.webdo.tn\\\/fr\\\/\",\"logo\":{\"@type\":\"ImageObject\",\"inLanguage\":\"fr-FR\",\"@id\":\"https:\\\/\\\/www.webdo.tn\\\/fr\\\/#\\\/schema\\\/logo\\\/image\\\/\",\"url\":\"https:\\\/\\\/www.webdo.tn\\\/fr\\\/wp-content\\\/uploads\\\/2025\\\/06\\\/Webdo-Tunisie_168377.jpg\",\"contentUrl\":\"https:\\\/\\\/www.webdo.tn\\\/fr\\\/wp-content\\\/uploads\\\/2025\\\/06\\\/Webdo-Tunisie_168377.jpg\",\"width\":301,\"height\":301,\"caption\":\"Webdo\"},\"image\":{\"@id\":\"https:\\\/\\\/www.webdo.tn\\\/fr\\\/#\\\/schema\\\/logo\\\/image\\\/\"},\"sameAs\":[\"https:\\\/\\\/www.facebook.com\\\/webdotn\",\"https:\\\/\\\/x.com\\\/webdo_tn\"],\"description\":\"Webdo est un m\u00e9dia num\u00e9rique tunisien fond\u00e9 en 2010, sp\u00e9cialis\u00e9 dans l\u2019actualit\u00e9 nationale et internationale, l\u2019\u00e9conomie, la soci\u00e9t\u00e9 et les analyses politiques. Le site s\u2019adresse \u00e0 un large public francophone et couvre l\u2019information tunisienne en temps r\u00e9el.\",\"email\":\"redac@webdo.tn\",\"legalName\":\"YNJ SARL\",\"foundingDate\":\"2010-09-06\",\"numberOfEmployees\":{\"@type\":\"QuantitativeValue\",\"minValue\":\"11\",\"maxValue\":\"50\"}},{\"@type\":\"Person\",\"@id\":\"https:\\\/\\\/www.webdo.tn\\\/fr\\\/#\\\/schema\\\/person\\\/2c4929cbf5a809e3bd38617c6ce150f6\",\"name\":\"MC\",\"image\":{\"@type\":\"ImageObject\",\"inLanguage\":\"fr-FR\",\"@id\":\"https:\\\/\\\/secure.gravatar.com\\\/avatar\\\/a545bbb6f84efdd5553dbbc2895e3ca8f1d12c5215e00a041c9670b54aa9b18a?s=96&d=mm&r=g\",\"url\":\"https:\\\/\\\/secure.gravatar.com\\\/avatar\\\/a545bbb6f84efdd5553dbbc2895e3ca8f1d12c5215e00a041c9670b54aa9b18a?s=96&d=mm&r=g\",\"contentUrl\":\"https:\\\/\\\/secure.gravatar.com\\\/avatar\\\/a545bbb6f84efdd5553dbbc2895e3ca8f1d12c5215e00a041c9670b54aa9b18a?s=96&d=mm&r=g\",\"caption\":\"MC\"},\"url\":\"https:\\\/\\\/www.webdo.tn\\\/fr\\\/actualite\\\/author\\\/mc\\\/\"}]}<\/script>\n<!-- \/ Yoast SEO Premium plugin. -->","yoast_head_json":{"title":"FMI - Tunisie : La premi\u00e8re tranche du pr\u00eat devrait \u00eatre d\u00e9bloqu\u00e9e avant la fin juin","description":"Les progr\u00e8s accomplis par la Tunisie en mati\u00e8re de r\u00e9formes devraient lui permettre d\u2019encaisser la premi\u00e8re tranche du pr\u00eat du FMI, estime l'agence de notation...","canonical":"https:\/\/www.webdo.tn\/fr\/actualite\/national\/fmi-tunisie-la-premiere-tranche-du-pret-devrait-etre-debloquee-avant-la-fin-juin\/203563\/","og_locale":"fr_FR","og_type":"article","og_title":"FMI - Tunisie : La premi\u00e8re tranche du pr\u00eat devrait \u00eatre d\u00e9bloqu\u00e9e avant la fin juin","og_description":"Les progr\u00e8s accomplis par la Tunisie en mati\u00e8re de r\u00e9formes devraient lui permettre d\u2019encaisser la premi\u00e8re tranche du pr\u00eat du FMI, estime l'agence de notation...","og_url":"https:\/\/www.webdo.tn\/fr\/actualite\/national\/fmi-tunisie-la-premiere-tranche-du-pret-devrait-etre-debloquee-avant-la-fin-juin\/203563\/","og_site_name":"webdo","article_publisher":"https:\/\/www.facebook.com\/webdotn","article_published_time":"2023-03-03T19:21:00+00:00","article_modified_time":"2025-05-20T22:07:49+00:00","og_image":[{"width":750,"height":400,"url":"https:\/\/www.webdo.tn\/fr\/wp-content\/uploads\/2023\/03\/8490d5fad91065a32dd4ac711582b5b5.jpg","type":"image\/jpeg"}],"author":"MC","twitter_card":"summary_large_image","twitter_creator":"@webdo_tn","twitter_site":"@webdo_tn","twitter_misc":{"\u00c9crit par":"MC","Dur\u00e9e de lecture estim\u00e9e":"2 minutes"},"schema":{"@context":"https:\/\/schema.org","@graph":[{"@type":"NewsArticle","@id":"https:\/\/www.webdo.tn\/fr\/actualite\/national\/fmi-tunisie-la-premiere-tranche-du-pret-devrait-etre-debloquee-avant-la-fin-juin\/203563\/#article","isPartOf":{"@id":"https:\/\/www.webdo.tn\/fr\/actualite\/national\/fmi-tunisie-la-premiere-tranche-du-pret-devrait-etre-debloquee-avant-la-fin-juin\/203563\/"},"author":{"name":"MC","@id":"https:\/\/www.webdo.tn\/fr\/#\/schema\/person\/2c4929cbf5a809e3bd38617c6ce150f6"},"headline":"FMI &#8211; Tunisie : La premi\u00e8re tranche du pr\u00eat devrait \u00eatre d\u00e9bloqu\u00e9e avant la fin juin","datePublished":"2023-03-03T19:21:00+00:00","dateModified":"2025-05-20T22:07:49+00:00","mainEntityOfPage":{"@id":"https:\/\/www.webdo.tn\/fr\/actualite\/national\/fmi-tunisie-la-premiere-tranche-du-pret-devrait-etre-debloquee-avant-la-fin-juin\/203563\/"},"wordCount":484,"commentCount":0,"publisher":{"@id":"https:\/\/www.webdo.tn\/fr\/#organization"},"image":{"@id":"https:\/\/www.webdo.tn\/fr\/actualite\/national\/fmi-tunisie-la-premiere-tranche-du-pret-devrait-etre-debloquee-avant-la-fin-juin\/203563\/#primaryimage"},"thumbnailUrl":"https:\/\/www.webdo.tn\/fr\/wp-content\/uploads\/2023\/03\/8490d5fad91065a32dd4ac711582b5b5.jpg","keywords":["fitch ratings","FMI","pr\u00eat","Tunisie"],"articleSection":["National"],"inLanguage":"fr-FR"},{"@type":"WebPage","@id":"https:\/\/www.webdo.tn\/fr\/actualite\/national\/fmi-tunisie-la-premiere-tranche-du-pret-devrait-etre-debloquee-avant-la-fin-juin\/203563\/","url":"https:\/\/www.webdo.tn\/fr\/actualite\/national\/fmi-tunisie-la-premiere-tranche-du-pret-devrait-etre-debloquee-avant-la-fin-juin\/203563\/","name":"FMI - Tunisie : La premi\u00e8re tranche du pr\u00eat devrait \u00eatre d\u00e9bloqu\u00e9e avant la fin juin","isPartOf":{"@id":"https:\/\/www.webdo.tn\/fr\/#website"},"primaryImageOfPage":{"@id":"https:\/\/www.webdo.tn\/fr\/actualite\/national\/fmi-tunisie-la-premiere-tranche-du-pret-devrait-etre-debloquee-avant-la-fin-juin\/203563\/#primaryimage"},"image":{"@id":"https:\/\/www.webdo.tn\/fr\/actualite\/national\/fmi-tunisie-la-premiere-tranche-du-pret-devrait-etre-debloquee-avant-la-fin-juin\/203563\/#primaryimage"},"thumbnailUrl":"https:\/\/www.webdo.tn\/fr\/wp-content\/uploads\/2023\/03\/8490d5fad91065a32dd4ac711582b5b5.jpg","datePublished":"2023-03-03T19:21:00+00:00","dateModified":"2025-05-20T22:07:49+00:00","description":"Les progr\u00e8s accomplis par la Tunisie en mati\u00e8re de r\u00e9formes devraient lui permettre d\u2019encaisser la premi\u00e8re tranche du pr\u00eat du FMI, estime l'agence de notation...","breadcrumb":{"@id":"https:\/\/www.webdo.tn\/fr\/actualite\/national\/fmi-tunisie-la-premiere-tranche-du-pret-devrait-etre-debloquee-avant-la-fin-juin\/203563\/#breadcrumb"},"inLanguage":"fr-FR","potentialAction":[{"@type":"ReadAction","target":["https:\/\/www.webdo.tn\/fr\/actualite\/national\/fmi-tunisie-la-premiere-tranche-du-pret-devrait-etre-debloquee-avant-la-fin-juin\/203563\/"]}]},{"@type":"ImageObject","inLanguage":"fr-FR","@id":"https:\/\/www.webdo.tn\/fr\/actualite\/national\/fmi-tunisie-la-premiere-tranche-du-pret-devrait-etre-debloquee-avant-la-fin-juin\/203563\/#primaryimage","url":"https:\/\/www.webdo.tn\/fr\/wp-content\/uploads\/2023\/03\/8490d5fad91065a32dd4ac711582b5b5.jpg","contentUrl":"https:\/\/www.webdo.tn\/fr\/wp-content\/uploads\/2023\/03\/8490d5fad91065a32dd4ac711582b5b5.jpg","width":750,"height":400,"caption":"FMI - Tunisie : La premi\u00e8re tranche du pr\u00eat devrait \u00eatre d\u00e9bloqu\u00e9e avant la fin juin"},{"@type":"BreadcrumbList","@id":"https:\/\/www.webdo.tn\/fr\/actualite\/national\/fmi-tunisie-la-premiere-tranche-du-pret-devrait-etre-debloquee-avant-la-fin-juin\/203563\/#breadcrumb","itemListElement":[{"@type":"ListItem","position":1,"name":"Accueil","item":"https:\/\/www.webdo.tn\/fr\/"},{"@type":"ListItem","position":2,"name":"FMI &#8211; Tunisie : La premi\u00e8re tranche du pr\u00eat devrait \u00eatre d\u00e9bloqu\u00e9e avant la fin juin"}]},{"@type":"WebSite","@id":"https:\/\/www.webdo.tn\/fr\/#website","url":"https:\/\/www.webdo.tn\/fr\/","name":"webdo","description":"Tunisie - News en Tunisie et \u00e0 l&#039;international sur Webdo.tn","publisher":{"@id":"https:\/\/www.webdo.tn\/fr\/#organization"},"potentialAction":[{"@type":"SearchAction","target":{"@type":"EntryPoint","urlTemplate":"https:\/\/www.webdo.tn\/fr\/?s={search_term_string}"},"query-input":{"@type":"PropertyValueSpecification","valueRequired":true,"valueName":"search_term_string"}}],"inLanguage":"fr-FR"},{"@type":"Organization","@id":"https:\/\/www.webdo.tn\/fr\/#organization","name":"Webdo","alternateName":"Webdo.tn","url":"https:\/\/www.webdo.tn\/fr\/","logo":{"@type":"ImageObject","inLanguage":"fr-FR","@id":"https:\/\/www.webdo.tn\/fr\/#\/schema\/logo\/image\/","url":"https:\/\/www.webdo.tn\/fr\/wp-content\/uploads\/2025\/06\/Webdo-Tunisie_168377.jpg","contentUrl":"https:\/\/www.webdo.tn\/fr\/wp-content\/uploads\/2025\/06\/Webdo-Tunisie_168377.jpg","width":301,"height":301,"caption":"Webdo"},"image":{"@id":"https:\/\/www.webdo.tn\/fr\/#\/schema\/logo\/image\/"},"sameAs":["https:\/\/www.facebook.com\/webdotn","https:\/\/x.com\/webdo_tn"],"description":"Webdo est un m\u00e9dia num\u00e9rique tunisien fond\u00e9 en 2010, sp\u00e9cialis\u00e9 dans l\u2019actualit\u00e9 nationale et internationale, l\u2019\u00e9conomie, la soci\u00e9t\u00e9 et les analyses politiques. Le site s\u2019adresse \u00e0 un large public francophone et couvre l\u2019information tunisienne en temps r\u00e9el.","email":"redac@webdo.tn","legalName":"YNJ SARL","foundingDate":"2010-09-06","numberOfEmployees":{"@type":"QuantitativeValue","minValue":"11","maxValue":"50"}},{"@type":"Person","@id":"https:\/\/www.webdo.tn\/fr\/#\/schema\/person\/2c4929cbf5a809e3bd38617c6ce150f6","name":"MC","image":{"@type":"ImageObject","inLanguage":"fr-FR","@id":"https:\/\/secure.gravatar.com\/avatar\/a545bbb6f84efdd5553dbbc2895e3ca8f1d12c5215e00a041c9670b54aa9b18a?s=96&d=mm&r=g","url":"https:\/\/secure.gravatar.com\/avatar\/a545bbb6f84efdd5553dbbc2895e3ca8f1d12c5215e00a041c9670b54aa9b18a?s=96&d=mm&r=g","contentUrl":"https:\/\/secure.gravatar.com\/avatar\/a545bbb6f84efdd5553dbbc2895e3ca8f1d12c5215e00a041c9670b54aa9b18a?s=96&d=mm&r=g","caption":"MC"},"url":"https:\/\/www.webdo.tn\/fr\/actualite\/author\/mc\/"}]}},"_links":{"self":[{"href":"https:\/\/www.webdo.tn\/fr\/wp-json\/wp\/v2\/posts\/203563","targetHints":{"allow":["GET"]}}],"collection":[{"href":"https:\/\/www.webdo.tn\/fr\/wp-json\/wp\/v2\/posts"}],"about":[{"href":"https:\/\/www.webdo.tn\/fr\/wp-json\/wp\/v2\/types\/post"}],"author":[{"embeddable":true,"href":"https:\/\/www.webdo.tn\/fr\/wp-json\/wp\/v2\/users\/3162"}],"replies":[{"embeddable":true,"href":"https:\/\/www.webdo.tn\/fr\/wp-json\/wp\/v2\/comments?post=203563"}],"version-history":[{"count":0,"href":"https:\/\/www.webdo.tn\/fr\/wp-json\/wp\/v2\/posts\/203563\/revisions"}],"wp:featuredmedia":[{"embeddable":true,"href":"https:\/\/www.webdo.tn\/fr\/wp-json\/wp\/v2\/media\/277829"}],"wp:attachment":[{"href":"https:\/\/www.webdo.tn\/fr\/wp-json\/wp\/v2\/media?parent=203563"}],"wp:term":[{"taxonomy":"category","embeddable":true,"href":"https:\/\/www.webdo.tn\/fr\/wp-json\/wp\/v2\/categories?post=203563"},{"taxonomy":"post_tag","embeddable":true,"href":"https:\/\/www.webdo.tn\/fr\/wp-json\/wp\/v2\/tags?post=203563"}],"curies":[{"name":"wp","href":"https:\/\/api.w.org\/{rel}","templated":true}]}}